{"id":3183,"date":"2022-05-13T07:00:00","date_gmt":"2022-05-13T06:00:00","guid":{"rendered":"https:\/\/maismagazine.pt\/?p=3183"},"modified":"2022-05-05T15:06:48","modified_gmt":"2022-05-05T14:06:48","slug":"esap-educacao-cultura-e-arte","status":"publish","type":"post","link":"http:\/\/maismagazine.pt\/index.php\/2022\/05\/13\/esap-educacao-cultura-e-arte\/","title":{"rendered":"ESAP &#8211; Educa\u00e7\u00e3o, Cultura e Arte"},"content":{"rendered":"\n<p><\/p>\n\n\n\n<p><strong>Com mais 40 anos de exist\u00eancia, a Escola Superior Art\u00edstica do Porto (<a href=\"http:\/\/www.esap.pt\">ESAP<\/a>) tem como entidade instituidora a Cooperativa de Ensino Superior Art\u00edstico do Porto (CESAP). Localizada no centro do Porto &#8211; patrim\u00f3nio da humanidade \u2013 a ESAP \u00e9 hoje um espa\u00e7o de incentivo \u00e0 investiga\u00e7\u00e3o e de encontro entre artistas, te\u00f3ricos, investigadores, curadores ou outros profissionais, nacionais e internacionais. Ocupa hoje, no territ\u00f3rio das artes e arquitetura, um crescente reconhecimento dos seus pares.<\/strong><\/p>\n\n\n\n<p><\/p>\n\n\n\n<p>Nestas quatro d\u00e9cadas de atividade, a ESAP tem vindo a marcar a sua presen\u00e7a no panorama cultural e educativo de modo abrangente e variado,<br>organizando confer\u00eancias e semin\u00e1rios nacionais e internacionais, exposi\u00e7\u00f5es, mostras de filmes, encontros e outras atividades abertas a toda a comunidade local e nacional. O m\u00e9rito e prest\u00edgio desta institui\u00e7\u00e3o \u00e9 atualmente reconhecido pelos seus pares, das artes e da arquitetura, n\u00e3o s\u00f3 a n\u00edvel nacional, como tamb\u00e9m internacional.<\/p>\n\n\n\n<p><\/p>\n\n\n\n<p>Atualmente, a ESAP compreende na sua oferta formativa cinco Licenciaturas, tr\u00eas Mestrados, incluindo um Mestrado Integrado em Arquitetura, e v\u00e1rios cursos de P\u00f3s-gradua\u00e7\u00e3o, articulando m\u00faltiplas \u00e1reas do ensino das artes que geralmente funcionam de maneira aut\u00f3noma, tanto do<br>ponto de vista institucional, como do ponto de vista dos espa\u00e7os f\u00edsicos da aprendizagem. Gra\u00e7as a este car\u00e1cter interdisciplinar, que permite aos alunos a exposi\u00e7\u00e3o a diversas \u00e1reas da pr\u00e1tica art\u00edstica, a ESAP disponibiliza uma oferta formativa e experi\u00eancia de ensino \u00fanica a n\u00edvel nacional.<\/p>\n\n\n\n\n\n<p><\/p>\n\n\n\n<p><strong>Investiga\u00e7\u00e3o<\/strong><\/p>\n\n\n\n<p><\/p>\n\n\n\n<p>A ESAP \u00e9 um espa\u00e7o de incentivo \u00e0 investiga\u00e7\u00e3o e de encontro entre artistas, te\u00f3ricos, investigadores, curadores ou outros profissionais, nacionais e internacionais, tanto internos, como externos \u00e0 institui\u00e7\u00e3o. A Investiga\u00e7\u00e3o na ESAP \u00e9 realizada atrav\u00e9s dos seus departamentos<br>e unidades de Investiga\u00e7\u00e3o. O Centro de Estudos Arnaldo Ara\u00fajo (CEAA), unidade reconhecida e financiada pela Funda\u00e7\u00e3o para a Ci\u00eancia e Tecnologia, organiza-se em quatro grupos de investiga\u00e7\u00e3o: Estudos de Arquitetura, Estudos de Cinema e Arte e Estudos Cr\u00edticos e o rec\u00e9m formado, Estudos de Artes Performativas. Neste contexto importa tamb\u00e9m referir o Laborat\u00f3rio de Investiga\u00e7\u00e3o em Arquitetura e Design<br>(LIAD), que enquadra e desenvolve atividades art\u00edsticas, cient\u00edficas e de desenvolvimento tecnol\u00f3gico nas \u00e1reas disciplinares da Arquitetura, Constru\u00e7\u00e3o e Urbanismo. A Investiga\u00e7\u00e3o na ESAP decorre ainda no \u00e2mbito dos departamentos de Arquitetura, Artes Visuais, Teatro e Cinema e Teoria e Hist\u00f3ria que financiam anualmente projetos explorat\u00f3rios de curta dura\u00e7\u00e3o que envolvem alunos, docentes e investigadores.<\/p>\n\n\n\n<p><\/p>\n\n\n\n<p>Neste \u00e2mbito, a integra\u00e7\u00e3o dos alunos nas equipas dos grupos e projetos de investiga\u00e7\u00e3o passa pela atribui\u00e7\u00e3o de bolsas de Inicia\u00e7\u00e3o \u00e0 Investiga\u00e7\u00e3o (alunos de 1\u00ba Ciclo) e de Investiga\u00e7\u00e3o (alunos de 2\u00ba Ciclo), bem como atrav\u00e9s de Est\u00e1gios Creditados de Investiga\u00e7\u00e3o (ECI). Para<br>al\u00e9m disso, o CEAA acolhe tamb\u00e9m bolseiros de doutoramento, p\u00f3s-doutoramento e investigadores e estudantes de doutoramento internacionais para estadias de investiga\u00e7\u00e3o.<\/p>\n\n\n\n<p><\/p>\n\n\n\n<p><strong>Parcerias e Protocolos<br><\/strong><\/p>\n\n\n\n<p>A ESAP \u00e9 uma escola associada da UNESCO e tem vindo a estabelecer diversos protocolos nacionais e internacionais com universidades e outras institui\u00e7\u00f5es de car\u00e1cter art\u00edstico e cultural. Importa destacar a estreita liga\u00e7\u00e3o que a institui\u00e7\u00e3o mant\u00e9m com a vida cultural e art\u00edstica da cidade do Porto. Para al\u00e9m de organizar atividades regulares abertas a toda a comunidade, como as j\u00e1 referidas, organiza tamb\u00e9m a Mostra Internacional de Filmes Escolares de Cinema, e participa em v\u00e1rios eventos integrantes da vida cultural do Porto, como por exemplo o Festival Internacional de Teatro de Express\u00e3o Ib\u00e9rica (FITEI). A internacionaliza\u00e7\u00e3o da escola articula-se atrav\u00e9s de uma rede de parcerias com institui\u00e7\u00f5es internacionais de ensino e de investiga\u00e7\u00e3o, sediadas na Europa e Am\u00e9rica do Sul. \u00c9 a consolida\u00e7\u00e3o dessa rede que permite \u00e0 ESAP disponibilizar ao mercado duas p\u00f3s-gradua\u00e7\u00f5es em regime misto (blended learning) em parceria com a Critical Concrete e o New Center of Research &amp; Practice.<\/p>\n\n\n\n\n\n<p><\/p>\n\n\n\n<p><strong>Novas instala\u00e7\u00f5es j\u00e1 em 2022<\/strong><\/p>\n\n\n\n<p><\/p>\n\n\n\n<p>A qualidade do seu corpo docente e do ensino ministrado, o acompanhamento personalizado do processo de forma\u00e7\u00e3o\/ informa\u00e7\u00e3o, a liga\u00e7\u00e3o escola\/meio, em permanente expans\u00e3o, fazem da ESAP uma institui\u00e7\u00e3o de prest\u00edgio, onde faz sentido estudar, preparando cada aluno para as exig\u00eancias de hoje e de amanh\u00e3.<br><\/p>\n\n\n\n<p>Atenta \u00e0s necessidades da sua comunidade educativa, a ESAP encontra-se atualmente em processo de mudan\u00e7a para as novas instala\u00e7\u00f5es, criadas de raiz, para potenciar o ensino das artes. Um marco importante, n\u00e3o s\u00f3 para a vida da institui\u00e7\u00e3o, mas tamb\u00e9m para o ensino das artes em Portugal. Com esta mudan\u00e7a para um espa\u00e7o com, praticamente, o dobro da \u00e1rea total at\u00e9 hoje existente, os alunos v\u00e3o beneficiar de um maior espa\u00e7o e poder usufruir de novos equipamentos e \u00e1reas de estudo e investiga\u00e7\u00e3o, atrav\u00e9s de um espa\u00e7o mais acess\u00edvel e integrado. Na sua estrat\u00e9gia para o futuro a ESAP contempla, n\u00e3o s\u00f3 o alargamento da sua oferta formativa, bem como a consolida\u00e7\u00e3o da rede de parcerias estabelecidas, de modo a melhor responder aos desafios que a atualidade vai impondo no ensino das artes.<\/p>\n","protected":false},"excerpt":{"rendered":"<p>Com mais 40 anos de exist\u00eancia, a Escola Superior Art\u00edstica do Porto (ESAP) tem como entidade instituidora a Cooperativa de Ensino Superior Art\u00edstico do Porto (CESAP). Localizada no centro do Porto &#8211; patrim\u00f3nio da humanidade \u2013 a ESAP \u00e9 hoje um espa\u00e7o de incentivo \u00e0 investiga\u00e7\u00e3o e de encontro entre&hellip;<\/p>\n","protected":false},"author":7,"featured_media":3201,"comment_status":"open","ping_status":"open","sticky":false,"template":"","format":"standard","meta":{"advgb_blocks_editor_width":"","advgb_blocks_columns_visual_guide":"","_monsterinsights_skip_tracking":false,"_monsterinsights_sitenote_active":false,"_monsterinsights_sitenote_note":"","_monsterinsights_sitenote_category":0,"footnotes":""},"categories":[149],"tags":[525,631,102],"class_list":["post-3183","post","type-post","status-publish","format-standard","has-post-thumbnail","hentry","category-educacao","tag-educacao","tag-esap","tag-inovacao"],"yoast_head":"<!-- This site is optimized with the Yoast SEO plugin v24.4 - https:\/\/yoast.com\/wordpress\/plugins\/seo\/ -->\n<title>ESAP - Educa\u00e7\u00e3o, Cultura e Arte - Mais Magazine<\/title>\n<meta name=\"description\" content=\"ESAP - Educa\u00e7\u00e3o, Cultura e Arte\" \/>\n<meta name=\"robots\" content=\"index, follow, max-snippet:-1, max-image-preview:large, max-video-preview:-1\" \/>\n<link rel=\"canonical\" href=\"http:\/\/maismagazine.pt\/index.php\/2022\/05\/13\/esap-educacao-cultura-e-arte\/\" \/>\n<meta property=\"og:locale\" content=\"pt_PT\" \/>\n<meta property=\"og:type\" content=\"article\" \/>\n<meta property=\"og:title\" content=\"ESAP - Educa\u00e7\u00e3o, Cultura e Arte - Mais Magazine\" \/>\n<meta property=\"og:description\" content=\"ESAP - Educa\u00e7\u00e3o, Cultura e Arte\" \/>\n<meta property=\"og:url\" content=\"http:\/\/maismagazine.pt\/index.php\/2022\/05\/13\/esap-educacao-cultura-e-arte\/\" \/>\n<meta property=\"og:site_name\" content=\"Mais Magazine\" \/>\n<meta property=\"article:published_time\" content=\"2022-05-13T06:00:00+00:00\" \/>\n<meta property=\"og:image\" content=\"http:\/\/maismagazine.pt\/wp-content\/uploads\/2022\/05\/nova-ESAP-1.jpg\" \/>\n\t<meta property=\"og:image:width\" content=\"1568\" \/>\n\t<meta property=\"og:image:height\" content=\"1274\" \/>\n\t<meta property=\"og:image:type\" content=\"image\/jpeg\" \/>\n<meta name=\"author\" content=\"Jo\u00e3o Malainho\" \/>\n<meta name=\"twitter:card\" content=\"summary_large_image\" \/>\n<meta name=\"twitter:label1\" content=\"Escrito por\" \/>\n\t<meta name=\"twitter:data1\" content=\"\" \/>\n\t<meta name=\"twitter:label2\" content=\"Tempo estimado de leitura\" \/>\n\t<meta name=\"twitter:data2\" content=\"4 minutos\" \/>\n<script type=\"application\/ld+json\" class=\"yoast-schema-graph\">{\"@context\":\"https:\/\/schema.org\",\"@graph\":[{\"@type\":\"Article\",\"@id\":\"http:\/\/maismagazine.pt\/index.php\/2022\/05\/13\/esap-educacao-cultura-e-arte\/#article\",\"isPartOf\":{\"@id\":\"http:\/\/maismagazine.pt\/index.php\/2022\/05\/13\/esap-educacao-cultura-e-arte\/\"},\"author\":{\"name\":\"Jo\u00e3o Malainho\",\"@id\":\"http:\/\/maismagazine.pt\/#\/schema\/person\/999bd426f894ff56d397ec12ebd21ebb\"},\"headline\":\"ESAP &#8211; Educa\u00e7\u00e3o, Cultura e Arte\",\"datePublished\":\"2022-05-13T06:00:00+00:00\",\"mainEntityOfPage\":{\"@id\":\"http:\/\/maismagazine.pt\/index.php\/2022\/05\/13\/esap-educacao-cultura-e-arte\/\"},\"wordCount\":895,\"commentCount\":0,\"publisher\":{\"@id\":\"http:\/\/maismagazine.pt\/#organization\"},\"image\":{\"@id\":\"http:\/\/maismagazine.pt\/index.php\/2022\/05\/13\/esap-educacao-cultura-e-arte\/#primaryimage\"},\"thumbnailUrl\":\"http:\/\/maismagazine.pt\/wp-content\/uploads\/2022\/05\/nova-ESAP-1.jpg\",\"keywords\":[\"Educa\u00e7\u00e3o\",\"ESAP\",\"inova\u00e7\u00e3o\"],\"articleSection\":[\"Educa\u00e7\u00e3o\"],\"inLanguage\":\"pt-PT\",\"potentialAction\":[{\"@type\":\"CommentAction\",\"name\":\"Comment\",\"target\":[\"http:\/\/maismagazine.pt\/index.php\/2022\/05\/13\/esap-educacao-cultura-e-arte\/#respond\"]}]},{\"@type\":\"WebPage\",\"@id\":\"http:\/\/maismagazine.pt\/index.php\/2022\/05\/13\/esap-educacao-cultura-e-arte\/\",\"url\":\"http:\/\/maismagazine.pt\/index.php\/2022\/05\/13\/esap-educacao-cultura-e-arte\/\",\"name\":\"ESAP - Educa\u00e7\u00e3o, Cultura e Arte - Mais Magazine\",\"isPartOf\":{\"@id\":\"http:\/\/maismagazine.pt\/#website\"},\"primaryImageOfPage\":{\"@id\":\"http:\/\/maismagazine.pt\/index.php\/2022\/05\/13\/esap-educacao-cultura-e-arte\/#primaryimage\"},\"image\":{\"@id\":\"http:\/\/maismagazine.pt\/index.php\/2022\/05\/13\/esap-educacao-cultura-e-arte\/#primaryimage\"},\"thumbnailUrl\":\"http:\/\/maismagazine.pt\/wp-content\/uploads\/2022\/05\/nova-ESAP-1.jpg\",\"datePublished\":\"2022-05-13T06:00:00+00:00\",\"description\":\"ESAP - Educa\u00e7\u00e3o, Cultura e Arte\",\"breadcrumb\":{\"@id\":\"http:\/\/maismagazine.pt\/index.php\/2022\/05\/13\/esap-educacao-cultura-e-arte\/#breadcrumb\"},\"inLanguage\":\"pt-PT\",\"potentialAction\":[{\"@type\":\"ReadAction\",\"target\":[\"http:\/\/maismagazine.pt\/index.php\/2022\/05\/13\/esap-educacao-cultura-e-arte\/\"]}]},{\"@type\":\"ImageObject\",\"inLanguage\":\"pt-PT\",\"@id\":\"http:\/\/maismagazine.pt\/index.php\/2022\/05\/13\/esap-educacao-cultura-e-arte\/#primaryimage\",\"url\":\"http:\/\/maismagazine.pt\/wp-content\/uploads\/2022\/05\/nova-ESAP-1.jpg\",\"contentUrl\":\"http:\/\/maismagazine.pt\/wp-content\/uploads\/2022\/05\/nova-ESAP-1.jpg\",\"width\":1568,\"height\":1274},{\"@type\":\"BreadcrumbList\",\"@id\":\"http:\/\/maismagazine.pt\/index.php\/2022\/05\/13\/esap-educacao-cultura-e-arte\/#breadcrumb\",\"itemListElement\":[{\"@type\":\"ListItem\",\"position\":1,\"name\":\"Home\",\"item\":\"http:\/\/maismagazine.pt\/\"},{\"@type\":\"ListItem\",\"position\":2,\"name\":\"ESAP &#8211; Educa\u00e7\u00e3o, Cultura e Arte\"}]},{\"@type\":\"WebSite\",\"@id\":\"http:\/\/maismagazine.pt\/#website\",\"url\":\"http:\/\/maismagazine.pt\/\",\"name\":\"Mais Magazine\",\"description\":\"\",\"publisher\":{\"@id\":\"http:\/\/maismagazine.pt\/#organization\"},\"potentialAction\":[{\"@type\":\"SearchAction\",\"target\":{\"@type\":\"EntryPoint\",\"urlTemplate\":\"http:\/\/maismagazine.pt\/?s={search_term_string}\"},\"query-input\":{\"@type\":\"PropertyValueSpecification\",\"valueRequired\":true,\"valueName\":\"search_term_string\"}}],\"inLanguage\":\"pt-PT\"},{\"@type\":\"Organization\",\"@id\":\"http:\/\/maismagazine.pt\/#organization\",\"name\":\"Mais Magazine\",\"url\":\"http:\/\/maismagazine.pt\/\",\"logo\":{\"@type\":\"ImageObject\",\"inLanguage\":\"pt-PT\",\"@id\":\"http:\/\/maismagazine.pt\/#\/schema\/logo\/image\/\",\"url\":\"http:\/\/maismagazine.pt\/wp-content\/uploads\/2020\/04\/cropped-cropped-mais-magazine-site-logo-2.png\",\"contentUrl\":\"http:\/\/maismagazine.pt\/wp-content\/uploads\/2020\/04\/cropped-cropped-mais-magazine-site-logo-2.png\",\"width\":581,\"height\":90,\"caption\":\"Mais Magazine\"},\"image\":{\"@id\":\"http:\/\/maismagazine.pt\/#\/schema\/logo\/image\/\"}},{\"@type\":\"Person\",\"@id\":\"http:\/\/maismagazine.pt\/#\/schema\/person\/999bd426f894ff56d397ec12ebd21ebb\",\"name\":\"Jo\u00e3o Malainho\",\"image\":{\"@type\":\"ImageObject\",\"inLanguage\":\"pt-PT\",\"@id\":\"http:\/\/maismagazine.pt\/#\/schema\/person\/image\/\",\"url\":\"https:\/\/secure.gravatar.com\/avatar\/ff03c2f38edf60b2a827aa4f74878491?s=96&d=mm&r=g\",\"contentUrl\":\"https:\/\/secure.gravatar.com\/avatar\/ff03c2f38edf60b2a827aa4f74878491?s=96&d=mm&r=g\",\"caption\":\"Jo\u00e3o Malainho\"},\"url\":\"http:\/\/maismagazine.pt\/index.php\/author\/maismagazine\/\"}]}<\/script>\n<!-- \/ Yoast SEO plugin. -->","yoast_head_json":{"title":"ESAP - Educa\u00e7\u00e3o, Cultura e Arte - Mais Magazine","description":"ESAP - Educa\u00e7\u00e3o, Cultura e Arte","robots":{"index":"index","follow":"follow","max-snippet":"max-snippet:-1","max-image-preview":"max-image-preview:large","max-video-preview":"max-video-preview:-1"},"canonical":"http:\/\/maismagazine.pt\/index.php\/2022\/05\/13\/esap-educacao-cultura-e-arte\/","og_locale":"pt_PT","og_type":"article","og_title":"ESAP - Educa\u00e7\u00e3o, Cultura e Arte - Mais Magazine","og_description":"ESAP - Educa\u00e7\u00e3o, Cultura e Arte","og_url":"http:\/\/maismagazine.pt\/index.php\/2022\/05\/13\/esap-educacao-cultura-e-arte\/","og_site_name":"Mais Magazine","article_published_time":"2022-05-13T06:00:00+00:00","og_image":[{"width":1568,"height":1274,"url":"http:\/\/maismagazine.pt\/wp-content\/uploads\/2022\/05\/nova-ESAP-1.jpg","type":"image\/jpeg"}],"author":"Jo\u00e3o Malainho","twitter_card":"summary_large_image","twitter_misc":{"Escrito por":false,"Tempo estimado de leitura":"4 minutos"},"schema":{"@context":"https:\/\/schema.org","@graph":[{"@type":"Article","@id":"http:\/\/maismagazine.pt\/index.php\/2022\/05\/13\/esap-educacao-cultura-e-arte\/#article","isPartOf":{"@id":"http:\/\/maismagazine.pt\/index.php\/2022\/05\/13\/esap-educacao-cultura-e-arte\/"},"author":{"name":"Jo\u00e3o Malainho","@id":"http:\/\/maismagazine.pt\/#\/schema\/person\/999bd426f894ff56d397ec12ebd21ebb"},"headline":"ESAP &#8211; Educa\u00e7\u00e3o, Cultura e Arte","datePublished":"2022-05-13T06:00:00+00:00","mainEntityOfPage":{"@id":"http:\/\/maismagazine.pt\/index.php\/2022\/05\/13\/esap-educacao-cultura-e-arte\/"},"wordCount":895,"commentCount":0,"publisher":{"@id":"http:\/\/maismagazine.pt\/#organization"},"image":{"@id":"http:\/\/maismagazine.pt\/index.php\/2022\/05\/13\/esap-educacao-cultura-e-arte\/#primaryimage"},"thumbnailUrl":"http:\/\/maismagazine.pt\/wp-content\/uploads\/2022\/05\/nova-ESAP-1.jpg","keywords":["Educa\u00e7\u00e3o","ESAP","inova\u00e7\u00e3o"],"articleSection":["Educa\u00e7\u00e3o"],"inLanguage":"pt-PT","potentialAction":[{"@type":"CommentAction","name":"Comment","target":["http:\/\/maismagazine.pt\/index.php\/2022\/05\/13\/esap-educacao-cultura-e-arte\/#respond"]}]},{"@type":"WebPage","@id":"http:\/\/maismagazine.pt\/index.php\/2022\/05\/13\/esap-educacao-cultura-e-arte\/","url":"http:\/\/maismagazine.pt\/index.php\/2022\/05\/13\/esap-educacao-cultura-e-arte\/","name":"ESAP - Educa\u00e7\u00e3o, Cultura e Arte - Mais Magazine","isPartOf":{"@id":"http:\/\/maismagazine.pt\/#website"},"primaryImageOfPage":{"@id":"http:\/\/maismagazine.pt\/index.php\/2022\/05\/13\/esap-educacao-cultura-e-arte\/#primaryimage"},"image":{"@id":"http:\/\/maismagazine.pt\/index.php\/2022\/05\/13\/esap-educacao-cultura-e-arte\/#primaryimage"},"thumbnailUrl":"http:\/\/maismagazine.pt\/wp-content\/uploads\/2022\/05\/nova-ESAP-1.jpg","datePublished":"2022-05-13T06:00:00+00:00","description":"ESAP - Educa\u00e7\u00e3o, Cultura e Arte","breadcrumb":{"@id":"http:\/\/maismagazine.pt\/index.php\/2022\/05\/13\/esap-educacao-cultura-e-arte\/#breadcrumb"},"inLanguage":"pt-PT","potentialAction":[{"@type":"ReadAction","target":["http:\/\/maismagazine.pt\/index.php\/2022\/05\/13\/esap-educacao-cultura-e-arte\/"]}]},{"@type":"ImageObject","inLanguage":"pt-PT","@id":"http:\/\/maismagazine.pt\/index.php\/2022\/05\/13\/esap-educacao-cultura-e-arte\/#primaryimage","url":"http:\/\/maismagazine.pt\/wp-content\/uploads\/2022\/05\/nova-ESAP-1.jpg","contentUrl":"http:\/\/maismagazine.pt\/wp-content\/uploads\/2022\/05\/nova-ESAP-1.jpg","width":1568,"height":1274},{"@type":"BreadcrumbList","@id":"http:\/\/maismagazine.pt\/index.php\/2022\/05\/13\/esap-educacao-cultura-e-arte\/#breadcrumb","itemListElement":[{"@type":"ListItem","position":1,"name":"Home","item":"http:\/\/maismagazine.pt\/"},{"@type":"ListItem","position":2,"name":"ESAP &#8211; Educa\u00e7\u00e3o, Cultura e Arte"}]},{"@type":"WebSite","@id":"http:\/\/maismagazine.pt\/#website","url":"http:\/\/maismagazine.pt\/","name":"Mais Magazine","description":"","publisher":{"@id":"http:\/\/maismagazine.pt\/#organization"},"potentialAction":[{"@type":"SearchAction","target":{"@type":"EntryPoint","urlTemplate":"http:\/\/maismagazine.pt\/?s={search_term_string}"},"query-input":{"@type":"PropertyValueSpecification","valueRequired":true,"valueName":"search_term_string"}}],"inLanguage":"pt-PT"},{"@type":"Organization","@id":"http:\/\/maismagazine.pt\/#organization","name":"Mais Magazine","url":"http:\/\/maismagazine.pt\/","logo":{"@type":"ImageObject","inLanguage":"pt-PT","@id":"http:\/\/maismagazine.pt\/#\/schema\/logo\/image\/","url":"http:\/\/maismagazine.pt\/wp-content\/uploads\/2020\/04\/cropped-cropped-mais-magazine-site-logo-2.png","contentUrl":"http:\/\/maismagazine.pt\/wp-content\/uploads\/2020\/04\/cropped-cropped-mais-magazine-site-logo-2.png","width":581,"height":90,"caption":"Mais Magazine"},"image":{"@id":"http:\/\/maismagazine.pt\/#\/schema\/logo\/image\/"}},{"@type":"Person","@id":"http:\/\/maismagazine.pt\/#\/schema\/person\/999bd426f894ff56d397ec12ebd21ebb","name":"Jo\u00e3o Malainho","image":{"@type":"ImageObject","inLanguage":"pt-PT","@id":"http:\/\/maismagazine.pt\/#\/schema\/person\/image\/","url":"https:\/\/secure.gravatar.com\/avatar\/ff03c2f38edf60b2a827aa4f74878491?s=96&d=mm&r=g","contentUrl":"https:\/\/secure.gravatar.com\/avatar\/ff03c2f38edf60b2a827aa4f74878491?s=96&d=mm&r=g","caption":"Jo\u00e3o Malainho"},"url":"http:\/\/maismagazine.pt\/index.php\/author\/maismagazine\/"}]}},"author_meta":{"display_name":false,"author_link":"http:\/\/maismagazine.pt\/index.php\/author\/maismagazine\/"},"featured_img":"http:\/\/maismagazine.pt\/wp-content\/uploads\/2022\/05\/nova-ESAP-1-300x244.jpg","coauthors":[],"tax_additional":{"categories":{"linked":["<a href=\"http:\/\/maismagazine.pt\/index.php\/category\/educacao\/\" class=\"advgb-post-tax-term\">Educa\u00e7\u00e3o<\/a>"],"unlinked":["<span class=\"advgb-post-tax-term\">Educa\u00e7\u00e3o<\/span>"]},"tags":{"linked":["<a href=\"http:\/\/maismagazine.pt\/index.php\/category\/educacao\/\" class=\"advgb-post-tax-term\">Educa\u00e7\u00e3o<\/a>","<a href=\"http:\/\/maismagazine.pt\/index.php\/category\/educacao\/\" class=\"advgb-post-tax-term\">ESAP<\/a>","<a href=\"http:\/\/maismagazine.pt\/index.php\/category\/educacao\/\" class=\"advgb-post-tax-term\">inova\u00e7\u00e3o<\/a>"],"unlinked":["<span class=\"advgb-post-tax-term\">Educa\u00e7\u00e3o<\/span>","<span class=\"advgb-post-tax-term\">ESAP<\/span>","<span class=\"advgb-post-tax-term\">inova\u00e7\u00e3o<\/span>"]}},"comment_count":"0","relative_dates":{"created":"Posted 4 anos ago","modified":"Updated 4 anos ago"},"absolute_dates":{"created":"Posted on 13 de Maio, 2022","modified":"Updated on 5 de Maio, 2022"},"absolute_dates_time":{"created":"Posted on 13 de Maio, 2022 7:00","modified":"Updated on 5 de Maio, 2022 15:06"},"featured_img_caption":"","series_order":"","_links":{"self":[{"href":"http:\/\/maismagazine.pt\/index.php\/wp-json\/wp\/v2\/posts\/3183","targetHints":{"allow":["GET"]}}],"collection":[{"href":"http:\/\/maismagazine.pt\/index.php\/wp-json\/wp\/v2\/posts"}],"about":[{"href":"http:\/\/maismagazine.pt\/index.php\/wp-json\/wp\/v2\/types\/post"}],"author":[{"embeddable":true,"href":"http:\/\/maismagazine.pt\/index.php\/wp-json\/wp\/v2\/users\/7"}],"replies":[{"embeddable":true,"href":"http:\/\/maismagazine.pt\/index.php\/wp-json\/wp\/v2\/comments?post=3183"}],"version-history":[{"count":2,"href":"http:\/\/maismagazine.pt\/index.php\/wp-json\/wp\/v2\/posts\/3183\/revisions"}],"predecessor-version":[{"id":3205,"href":"http:\/\/maismagazine.pt\/index.php\/wp-json\/wp\/v2\/posts\/3183\/revisions\/3205"}],"wp:featuredmedia":[{"embeddable":true,"href":"http:\/\/maismagazine.pt\/index.php\/wp-json\/wp\/v2\/media\/3201"}],"wp:attachment":[{"href":"http:\/\/maismagazine.pt\/index.php\/wp-json\/wp\/v2\/media?parent=3183"}],"wp:term":[{"taxonomy":"category","embeddable":true,"href":"http:\/\/maismagazine.pt\/index.php\/wp-json\/wp\/v2\/categories?post=3183"},{"taxonomy":"post_tag","embeddable":true,"href":"http:\/\/maismagazine.pt\/index.php\/wp-json\/wp\/v2\/tags?post=3183"}],"curies":[{"name":"wp","href":"https:\/\/api.w.org\/{rel}","templated":true}]}}