{"id":3138,"date":"2022-05-13T07:00:00","date_gmt":"2022-05-13T07:00:00","guid":{"rendered":"http:\/\/maismagazine.pt\/?p=3138"},"modified":"2022-05-05T11:06:36","modified_gmt":"2022-05-05T11:06:36","slug":"para-a-ifm-a-industria-4-0-esta-na-nossa-genese-e-nao-e-uma-novidade-para-nos","status":"publish","type":"post","link":"http:\/\/maismagazine.pt\/index.php\/2022\/05\/13\/para-a-ifm-a-industria-4-0-esta-na-nossa-genese-e-nao-e-uma-novidade-para-nos\/","title":{"rendered":"Para a ifm a Ind\u00fastria 4.0 \u201cest\u00e1 na nossa g\u00e9nese e n\u00e3o \u00e9 uma novidade para n\u00f3s\u201d"},"content":{"rendered":"\n<p><strong>Foi no frio caracter\u00edstico da Alemanha, em 1969, que esta empresa nasceu para o setor industrial. A lideran\u00e7a n\u00e3o foi imposta, mas sim conquistada, at\u00e9 internacionalmente, com base em dois vetores essenciais: a \u201cproximidade da empresa com os seus clientes\u201d e a tecnologia utilizada, como nos conta Filipe Alves, diretor da ifm electronic.<\/strong><\/p>\n\n\n\n<p><\/p>\n\n\n\n<p><strong>Atualmente a ifm eletronic tem presen\u00e7a em v\u00e1rios pa\u00edses de todo o mundo e \u00e9 um grupo l\u00edder mundial no seu setor de atividade. De que forma foi conquistando uma posi\u00e7\u00e3o de lideran\u00e7a no panorama internacional?<\/strong><\/p>\n\n\n\n<p>A ifm \u00e9 um <a href=\"https:\/\/www.ifm.com\/pt\/pt?gclid=EAIaIQobChMInen30JvI9wIVC5BoCR2FrQc_EAAYASAAEgIx6fD_BwE\" target=\"_blank\" rel=\"noreferrer noopener\">grupo<\/a> internacional alem\u00e3o que baseia toda a sua atividade no lema ifm \u2013 close to you. De facto, a proximidade da empresa com os seus clientes \u00e9 o vetor essencial para propor as melhores solu\u00e7\u00f5es para os desafios do dia a dia, mas tamb\u00e9m em projetos de m\u00e9dio e longo prazo, apostando no desenvolvimento de solu\u00e7\u00f5es inovadoras, produtos de elevada qualidade, assim como um servi\u00e7o de excel\u00eancia para construir rela\u00e7\u00f5es duradouras e de parceria. O segundo vetor \u00e9 que a tecnologia s\u00f3 \u00e9 vi\u00e1vel se for acess\u00edvel em termos econ\u00f3micos, log\u00edsticos, simplicidade de aplica\u00e7\u00e3o e utiliza\u00e7\u00e3o. Somos reconhecidos no mercado por isso tudo, fazendo com que a ifm detenha mais de 1000 patentes tecnol\u00f3gicas ativas e esteja presente em mais de 180.000 clientes de diversos setores industriais em todo o mundo. Pela primeira vez, em 2019, o volume de neg\u00f3cios do grupo ultrapassou 1.000 milh\u00f5es de euros, tendo registado um crescimento de 25% em 2021.<\/p>\n\n\n\n<p><\/p>\n\n\n\n<p><strong>Desde sua funda\u00e7\u00e3o, a ifm desenvolve, produz e vende mundialmente sensores, controladores, softwares e sistemas para a automa\u00e7\u00e3o e digitaliza\u00e7\u00e3o industrial. Presentemente, quais as principais solu\u00e7\u00f5es desenvolvidas pela ifm para os diversos setores industriais?<\/strong><\/p>\n\n\n\n<p>A ifm aposta na diversidade da sua presen\u00e7a em todas as ind\u00fastrias de processamento como por exemplo nos setores alimentar e farmac\u00eautico, embalamento e log\u00edstica, at\u00e9 ao autom\u00f3vel, m\u00e1quina ferramenta e rob\u00f3tica, passando pela ind\u00fastria do a\u00e7o, a eletr\u00f3nica, mas tamb\u00e9m nos setores da \u00e1gua e as energias renov\u00e1veis. As solu\u00e7\u00f5es v\u00e3o desde a instrumenta\u00e7\u00e3o, dete\u00e7\u00e3o, vis\u00e3o 2D e 3D, identifica\u00e7\u00e3o industrial, seguran\u00e7a m\u00e1quina, monitoriza\u00e7\u00e3o e controlo de condi\u00e7\u00e3o, assim como a comunica\u00e7\u00e3o industrial.<\/p>\n\n\n\n<p><\/p>\n\n\n\n<p><strong>A Ind\u00fastria 4.0 trouxe consigo grandes oportunidades, mas tamb\u00e9m grandes desafios. Para competir com o mundo de amanh\u00e3 \u00e9 necess\u00e1rio que as empresas evoluam. De que forma a ifm tem procurado dar a devida resposta aos desafios impostos pela quarta revolu\u00e7\u00e3o industrial?<\/strong><\/p>\n\n\n\n<p>H\u00e1 10 anos que a ifm contribui para o desenvolvimento de sistemas de produ\u00e7\u00e3o inteligentes, tanto na moderniza\u00e7\u00e3o de processos como no controlo e no apoio \u00e0 decis\u00e3o, o que hoje chamamos Smart Factories, tendo casos de sucesso em grandes grupos internacionais. Por isso, a Ind\u00fastria 4.0 est\u00e1 na nossa g\u00e9nese e n\u00e3o \u00e9 uma novidade para n\u00f3s.<\/p>\n\n\n\n<p><\/p>\n\n\n\n<p><strong>Pronta para o futuro, a ifm tem j\u00e1 desenvolvidas solu\u00e7\u00f5es para a Ind\u00fastria 4.0. Fale-nos um pouco mais destas inova\u00e7\u00f5es?<\/strong><\/p>\n\n\n\n<p>A ifm est\u00e1 na raiz do desenvolvimento da tecnologia IO-Link que permite a digitaliza\u00e7\u00e3o dos dados de sensores e atuadores. O desafio era disponibilizar essa informa\u00e7\u00e3o do \u201cch\u00e3o de f\u00e1brica\u201d para sistemas de automa\u00e7\u00e3o e simultaneamente, de forma independente, para n\u00edveis de gest\u00e3o superior. Isso implica uma mudan\u00e7a de paradigma na pir\u00e2mide de automa\u00e7\u00e3o e desenvolvemos o Y-path baseado num IoT core que trabalha em paralelo aos fieldbus tradicionais, tudo integrado no mesmo m\u00f3dulo de campo. Complementamos a solu\u00e7\u00e3o com a plataforma moneo para registo e an\u00e1lise da informa\u00e7\u00e3o. Temos agora uma solu\u00e7\u00e3o completa e modular desde o sensor at\u00e9 a Cloud.<\/p>\n\n\n\n<p><\/p>\n\n\n\n<p><strong>A Exponor vai acolher nos dias 26 e 27 de maio a 360 Tech Industry &#8211; Feira Internacional da Ind\u00fastria 4.0, Rob\u00f3tica, Automa\u00e7\u00e3o e Comp\u00f3sitos. Quais as solu\u00e7\u00f5es e novidades que a ifm levar\u00e1 para o certame?<\/strong><\/p>\n\n\n\n<p>Demonstra\u00e7\u00f5es ao vivo do Y-Path, moneo, e um produto inovador: o IO&#8211;Key para \u201cPlug &amp; Play\u201d f\u00e1cil e simples do sensor at\u00e9 a Cloud.<\/p>\n","protected":false},"excerpt":{"rendered":"<p>Foi no frio caracter\u00edstico da Alemanha, em 1969, que esta empresa nasceu para o setor industrial. A lideran\u00e7a n\u00e3o foi imposta, mas sim conquistada, at\u00e9 internacionalmente, com base em dois vetores essenciais: a \u201cproximidade da empresa com os seus clientes\u201d e a tecnologia utilizada, como nos conta Filipe Alves, diretor&hellip;<\/p>\n","protected":false},"author":7,"featured_media":3143,"comment_status":"open","ping_status":"open","sticky":false,"template":"","format":"standard","meta":{"advgb_blocks_editor_width":"","advgb_blocks_columns_visual_guide":"","_monsterinsights_skip_tracking":false,"_monsterinsights_sitenote_active":false,"_monsterinsights_sitenote_note":"","_monsterinsights_sitenote_category":0,"footnotes":""},"categories":[161,79],"tags":[198,614,609],"class_list":["post-3138","post","type-post","status-publish","format-standard","has-post-thumbnail","hentry","category-mundo-empresarial","category-tecnologia-e-inovacao","tag-industria-4-0","tag-io-link","tag-tech-industry"],"yoast_head":"<!-- This site is optimized with the Yoast SEO plugin v24.4 - https:\/\/yoast.com\/wordpress\/plugins\/seo\/ -->\n<title>Para a ifm a Ind\u00fastria 4.0 \u201cest\u00e1 na nossa g\u00e9nese e n\u00e3o \u00e9 uma novidade para n\u00f3s\u201d - Mais Magazine<\/title>\n<meta name=\"description\" content=\"Foi no frio caracter\u00edstico da Alemanha, em 1969, que esta empresa nasceu para o setor industrial, trata-se da ifm.\" \/>\n<meta name=\"robots\" content=\"index, follow, max-snippet:-1, max-image-preview:large, max-video-preview:-1\" \/>\n<link rel=\"canonical\" href=\"http:\/\/maismagazine.pt\/index.php\/2022\/05\/13\/para-a-ifm-a-industria-4-0-esta-na-nossa-genese-e-nao-e-uma-novidade-para-nos\/\" \/>\n<meta property=\"og:locale\" content=\"pt_PT\" \/>\n<meta property=\"og:type\" content=\"article\" \/>\n<meta property=\"og:title\" content=\"Para a ifm a Ind\u00fastria 4.0 \u201cest\u00e1 na nossa g\u00e9nese e n\u00e3o \u00e9 uma novidade para n\u00f3s\u201d - Mais Magazine\" \/>\n<meta property=\"og:description\" content=\"Foi no frio caracter\u00edstico da Alemanha, em 1969, que esta empresa nasceu para o setor industrial, trata-se da ifm.\" \/>\n<meta property=\"og:url\" content=\"http:\/\/maismagazine.pt\/index.php\/2022\/05\/13\/para-a-ifm-a-industria-4-0-esta-na-nossa-genese-e-nao-e-uma-novidade-para-nos\/\" \/>\n<meta property=\"og:site_name\" content=\"Mais Magazine\" \/>\n<meta property=\"article:published_time\" content=\"2022-05-13T07:00:00+00:00\" \/>\n<meta property=\"og:image\" content=\"http:\/\/maismagazine.pt\/wp-content\/uploads\/2022\/05\/7N4A8099-Copy.png\" \/>\n\t<meta property=\"og:image:width\" content=\"1120\" \/>\n\t<meta property=\"og:image:height\" content=\"902\" \/>\n\t<meta property=\"og:image:type\" content=\"image\/png\" \/>\n<meta name=\"author\" content=\"Jo\u00e3o Malainho\" \/>\n<meta name=\"twitter:card\" content=\"summary_large_image\" \/>\n<meta name=\"twitter:label1\" content=\"Escrito por\" \/>\n\t<meta name=\"twitter:data1\" content=\"\" \/>\n\t<meta name=\"twitter:label2\" content=\"Tempo estimado de leitura\" \/>\n\t<meta name=\"twitter:data2\" content=\"3 minutos\" \/>\n<script type=\"application\/ld+json\" class=\"yoast-schema-graph\">{\"@context\":\"https:\/\/schema.org\",\"@graph\":[{\"@type\":\"Article\",\"@id\":\"http:\/\/maismagazine.pt\/index.php\/2022\/05\/13\/para-a-ifm-a-industria-4-0-esta-na-nossa-genese-e-nao-e-uma-novidade-para-nos\/#article\",\"isPartOf\":{\"@id\":\"http:\/\/maismagazine.pt\/index.php\/2022\/05\/13\/para-a-ifm-a-industria-4-0-esta-na-nossa-genese-e-nao-e-uma-novidade-para-nos\/\"},\"author\":{\"name\":\"Jo\u00e3o Malainho\",\"@id\":\"https:\/\/maismagazine.pt\/#\/schema\/person\/999bd426f894ff56d397ec12ebd21ebb\"},\"headline\":\"Para a ifm a Ind\u00fastria 4.0 \u201cest\u00e1 na nossa g\u00e9nese e n\u00e3o \u00e9 uma novidade para n\u00f3s\u201d\",\"datePublished\":\"2022-05-13T07:00:00+00:00\",\"mainEntityOfPage\":{\"@id\":\"http:\/\/maismagazine.pt\/index.php\/2022\/05\/13\/para-a-ifm-a-industria-4-0-esta-na-nossa-genese-e-nao-e-uma-novidade-para-nos\/\"},\"wordCount\":723,\"commentCount\":0,\"publisher\":{\"@id\":\"https:\/\/maismagazine.pt\/#organization\"},\"image\":{\"@id\":\"http:\/\/maismagazine.pt\/index.php\/2022\/05\/13\/para-a-ifm-a-industria-4-0-esta-na-nossa-genese-e-nao-e-uma-novidade-para-nos\/#primaryimage\"},\"thumbnailUrl\":\"http:\/\/maismagazine.pt\/wp-content\/uploads\/2022\/05\/7N4A8099-Copy.png\",\"keywords\":[\"Ind\u00fastria 4.0\",\"IO-Link\",\"tech industry\"],\"articleSection\":[\"Mundo Empresarial\",\"Tecnologia e Inova\u00e7\u00e3o\"],\"inLanguage\":\"pt-PT\",\"potentialAction\":[{\"@type\":\"CommentAction\",\"name\":\"Comment\",\"target\":[\"http:\/\/maismagazine.pt\/index.php\/2022\/05\/13\/para-a-ifm-a-industria-4-0-esta-na-nossa-genese-e-nao-e-uma-novidade-para-nos\/#respond\"]}]},{\"@type\":\"WebPage\",\"@id\":\"http:\/\/maismagazine.pt\/index.php\/2022\/05\/13\/para-a-ifm-a-industria-4-0-esta-na-nossa-genese-e-nao-e-uma-novidade-para-nos\/\",\"url\":\"http:\/\/maismagazine.pt\/index.php\/2022\/05\/13\/para-a-ifm-a-industria-4-0-esta-na-nossa-genese-e-nao-e-uma-novidade-para-nos\/\",\"name\":\"Para a ifm a Ind\u00fastria 4.0 \u201cest\u00e1 na nossa g\u00e9nese e n\u00e3o \u00e9 uma novidade para n\u00f3s\u201d - Mais Magazine\",\"isPartOf\":{\"@id\":\"https:\/\/maismagazine.pt\/#website\"},\"primaryImageOfPage\":{\"@id\":\"http:\/\/maismagazine.pt\/index.php\/2022\/05\/13\/para-a-ifm-a-industria-4-0-esta-na-nossa-genese-e-nao-e-uma-novidade-para-nos\/#primaryimage\"},\"image\":{\"@id\":\"http:\/\/maismagazine.pt\/index.php\/2022\/05\/13\/para-a-ifm-a-industria-4-0-esta-na-nossa-genese-e-nao-e-uma-novidade-para-nos\/#primaryimage\"},\"thumbnailUrl\":\"http:\/\/maismagazine.pt\/wp-content\/uploads\/2022\/05\/7N4A8099-Copy.png\",\"datePublished\":\"2022-05-13T07:00:00+00:00\",\"description\":\"Foi no frio caracter\u00edstico da Alemanha, em 1969, que esta empresa nasceu para o setor industrial, trata-se da ifm.\",\"breadcrumb\":{\"@id\":\"http:\/\/maismagazine.pt\/index.php\/2022\/05\/13\/para-a-ifm-a-industria-4-0-esta-na-nossa-genese-e-nao-e-uma-novidade-para-nos\/#breadcrumb\"},\"inLanguage\":\"pt-PT\",\"potentialAction\":[{\"@type\":\"ReadAction\",\"target\":[\"http:\/\/maismagazine.pt\/index.php\/2022\/05\/13\/para-a-ifm-a-industria-4-0-esta-na-nossa-genese-e-nao-e-uma-novidade-para-nos\/\"]}]},{\"@type\":\"ImageObject\",\"inLanguage\":\"pt-PT\",\"@id\":\"http:\/\/maismagazine.pt\/index.php\/2022\/05\/13\/para-a-ifm-a-industria-4-0-esta-na-nossa-genese-e-nao-e-uma-novidade-para-nos\/#primaryimage\",\"url\":\"http:\/\/maismagazine.pt\/wp-content\/uploads\/2022\/05\/7N4A8099-Copy.png\",\"contentUrl\":\"http:\/\/maismagazine.pt\/wp-content\/uploads\/2022\/05\/7N4A8099-Copy.png\",\"width\":1120,\"height\":902},{\"@type\":\"BreadcrumbList\",\"@id\":\"http:\/\/maismagazine.pt\/index.php\/2022\/05\/13\/para-a-ifm-a-industria-4-0-esta-na-nossa-genese-e-nao-e-uma-novidade-para-nos\/#breadcrumb\",\"itemListElement\":[{\"@type\":\"ListItem\",\"position\":1,\"name\":\"Home\",\"item\":\"https:\/\/maismagazine.pt\/\"},{\"@type\":\"ListItem\",\"position\":2,\"name\":\"Para a ifm a Ind\u00fastria 4.0 \u201cest\u00e1 na nossa g\u00e9nese e n\u00e3o \u00e9 uma novidade para n\u00f3s\u201d\"}]},{\"@type\":\"WebSite\",\"@id\":\"https:\/\/maismagazine.pt\/#website\",\"url\":\"https:\/\/maismagazine.pt\/\",\"name\":\"Mais Magazine\",\"description\":\"\",\"publisher\":{\"@id\":\"https:\/\/maismagazine.pt\/#organization\"},\"potentialAction\":[{\"@type\":\"SearchAction\",\"target\":{\"@type\":\"EntryPoint\",\"urlTemplate\":\"https:\/\/maismagazine.pt\/?s={search_term_string}\"},\"query-input\":{\"@type\":\"PropertyValueSpecification\",\"valueRequired\":true,\"valueName\":\"search_term_string\"}}],\"inLanguage\":\"pt-PT\"},{\"@type\":\"Organization\",\"@id\":\"https:\/\/maismagazine.pt\/#organization\",\"name\":\"Mais Magazine\",\"url\":\"https:\/\/maismagazine.pt\/\",\"logo\":{\"@type\":\"ImageObject\",\"inLanguage\":\"pt-PT\",\"@id\":\"https:\/\/maismagazine.pt\/#\/schema\/logo\/image\/\",\"url\":\"http:\/\/maismagazine.pt\/wp-content\/uploads\/2020\/04\/cropped-cropped-mais-magazine-site-logo-2.png\",\"contentUrl\":\"http:\/\/maismagazine.pt\/wp-content\/uploads\/2020\/04\/cropped-cropped-mais-magazine-site-logo-2.png\",\"width\":581,\"height\":90,\"caption\":\"Mais Magazine\"},\"image\":{\"@id\":\"https:\/\/maismagazine.pt\/#\/schema\/logo\/image\/\"}},{\"@type\":\"Person\",\"@id\":\"https:\/\/maismagazine.pt\/#\/schema\/person\/999bd426f894ff56d397ec12ebd21ebb\",\"name\":\"Jo\u00e3o Malainho\",\"image\":{\"@type\":\"ImageObject\",\"inLanguage\":\"pt-PT\",\"@id\":\"https:\/\/maismagazine.pt\/#\/schema\/person\/image\/\",\"url\":\"https:\/\/secure.gravatar.com\/avatar\/ff03c2f38edf60b2a827aa4f74878491?s=96&d=mm&r=g\",\"contentUrl\":\"https:\/\/secure.gravatar.com\/avatar\/ff03c2f38edf60b2a827aa4f74878491?s=96&d=mm&r=g\",\"caption\":\"Jo\u00e3o Malainho\"},\"url\":\"http:\/\/maismagazine.pt\/index.php\/author\/maismagazine\/\"}]}<\/script>\n<!-- \/ Yoast SEO plugin. -->","yoast_head_json":{"title":"Para a ifm a Ind\u00fastria 4.0 \u201cest\u00e1 na nossa g\u00e9nese e n\u00e3o \u00e9 uma novidade para n\u00f3s\u201d - Mais Magazine","description":"Foi no frio caracter\u00edstico da Alemanha, em 1969, que esta empresa nasceu para o setor industrial, trata-se da ifm.","robots":{"index":"index","follow":"follow","max-snippet":"max-snippet:-1","max-image-preview":"max-image-preview:large","max-video-preview":"max-video-preview:-1"},"canonical":"http:\/\/maismagazine.pt\/index.php\/2022\/05\/13\/para-a-ifm-a-industria-4-0-esta-na-nossa-genese-e-nao-e-uma-novidade-para-nos\/","og_locale":"pt_PT","og_type":"article","og_title":"Para a ifm a Ind\u00fastria 4.0 \u201cest\u00e1 na nossa g\u00e9nese e n\u00e3o \u00e9 uma novidade para n\u00f3s\u201d - Mais Magazine","og_description":"Foi no frio caracter\u00edstico da Alemanha, em 1969, que esta empresa nasceu para o setor industrial, trata-se da ifm.","og_url":"http:\/\/maismagazine.pt\/index.php\/2022\/05\/13\/para-a-ifm-a-industria-4-0-esta-na-nossa-genese-e-nao-e-uma-novidade-para-nos\/","og_site_name":"Mais Magazine","article_published_time":"2022-05-13T07:00:00+00:00","og_image":[{"width":1120,"height":902,"url":"http:\/\/maismagazine.pt\/wp-content\/uploads\/2022\/05\/7N4A8099-Copy.png","type":"image\/png"}],"author":"Jo\u00e3o Malainho","twitter_card":"summary_large_image","twitter_misc":{"Escrito por":false,"Tempo estimado de leitura":"3 minutos"},"schema":{"@context":"https:\/\/schema.org","@graph":[{"@type":"Article","@id":"http:\/\/maismagazine.pt\/index.php\/2022\/05\/13\/para-a-ifm-a-industria-4-0-esta-na-nossa-genese-e-nao-e-uma-novidade-para-nos\/#article","isPartOf":{"@id":"http:\/\/maismagazine.pt\/index.php\/2022\/05\/13\/para-a-ifm-a-industria-4-0-esta-na-nossa-genese-e-nao-e-uma-novidade-para-nos\/"},"author":{"name":"Jo\u00e3o Malainho","@id":"https:\/\/maismagazine.pt\/#\/schema\/person\/999bd426f894ff56d397ec12ebd21ebb"},"headline":"Para a ifm a Ind\u00fastria 4.0 \u201cest\u00e1 na nossa g\u00e9nese e n\u00e3o \u00e9 uma novidade para n\u00f3s\u201d","datePublished":"2022-05-13T07:00:00+00:00","mainEntityOfPage":{"@id":"http:\/\/maismagazine.pt\/index.php\/2022\/05\/13\/para-a-ifm-a-industria-4-0-esta-na-nossa-genese-e-nao-e-uma-novidade-para-nos\/"},"wordCount":723,"commentCount":0,"publisher":{"@id":"https:\/\/maismagazine.pt\/#organization"},"image":{"@id":"http:\/\/maismagazine.pt\/index.php\/2022\/05\/13\/para-a-ifm-a-industria-4-0-esta-na-nossa-genese-e-nao-e-uma-novidade-para-nos\/#primaryimage"},"thumbnailUrl":"http:\/\/maismagazine.pt\/wp-content\/uploads\/2022\/05\/7N4A8099-Copy.png","keywords":["Ind\u00fastria 4.0","IO-Link","tech industry"],"articleSection":["Mundo Empresarial","Tecnologia e Inova\u00e7\u00e3o"],"inLanguage":"pt-PT","potentialAction":[{"@type":"CommentAction","name":"Comment","target":["http:\/\/maismagazine.pt\/index.php\/2022\/05\/13\/para-a-ifm-a-industria-4-0-esta-na-nossa-genese-e-nao-e-uma-novidade-para-nos\/#respond"]}]},{"@type":"WebPage","@id":"http:\/\/maismagazine.pt\/index.php\/2022\/05\/13\/para-a-ifm-a-industria-4-0-esta-na-nossa-genese-e-nao-e-uma-novidade-para-nos\/","url":"http:\/\/maismagazine.pt\/index.php\/2022\/05\/13\/para-a-ifm-a-industria-4-0-esta-na-nossa-genese-e-nao-e-uma-novidade-para-nos\/","name":"Para a ifm a Ind\u00fastria 4.0 \u201cest\u00e1 na nossa g\u00e9nese e n\u00e3o \u00e9 uma novidade para n\u00f3s\u201d - Mais Magazine","isPartOf":{"@id":"https:\/\/maismagazine.pt\/#website"},"primaryImageOfPage":{"@id":"http:\/\/maismagazine.pt\/index.php\/2022\/05\/13\/para-a-ifm-a-industria-4-0-esta-na-nossa-genese-e-nao-e-uma-novidade-para-nos\/#primaryimage"},"image":{"@id":"http:\/\/maismagazine.pt\/index.php\/2022\/05\/13\/para-a-ifm-a-industria-4-0-esta-na-nossa-genese-e-nao-e-uma-novidade-para-nos\/#primaryimage"},"thumbnailUrl":"http:\/\/maismagazine.pt\/wp-content\/uploads\/2022\/05\/7N4A8099-Copy.png","datePublished":"2022-05-13T07:00:00+00:00","description":"Foi no frio caracter\u00edstico da Alemanha, em 1969, que esta empresa nasceu para o setor industrial, trata-se da ifm.","breadcrumb":{"@id":"http:\/\/maismagazine.pt\/index.php\/2022\/05\/13\/para-a-ifm-a-industria-4-0-esta-na-nossa-genese-e-nao-e-uma-novidade-para-nos\/#breadcrumb"},"inLanguage":"pt-PT","potentialAction":[{"@type":"ReadAction","target":["http:\/\/maismagazine.pt\/index.php\/2022\/05\/13\/para-a-ifm-a-industria-4-0-esta-na-nossa-genese-e-nao-e-uma-novidade-para-nos\/"]}]},{"@type":"ImageObject","inLanguage":"pt-PT","@id":"http:\/\/maismagazine.pt\/index.php\/2022\/05\/13\/para-a-ifm-a-industria-4-0-esta-na-nossa-genese-e-nao-e-uma-novidade-para-nos\/#primaryimage","url":"http:\/\/maismagazine.pt\/wp-content\/uploads\/2022\/05\/7N4A8099-Copy.png","contentUrl":"http:\/\/maismagazine.pt\/wp-content\/uploads\/2022\/05\/7N4A8099-Copy.png","width":1120,"height":902},{"@type":"BreadcrumbList","@id":"http:\/\/maismagazine.pt\/index.php\/2022\/05\/13\/para-a-ifm-a-industria-4-0-esta-na-nossa-genese-e-nao-e-uma-novidade-para-nos\/#breadcrumb","itemListElement":[{"@type":"ListItem","position":1,"name":"Home","item":"https:\/\/maismagazine.pt\/"},{"@type":"ListItem","position":2,"name":"Para a ifm a Ind\u00fastria 4.0 \u201cest\u00e1 na nossa g\u00e9nese e n\u00e3o \u00e9 uma novidade para n\u00f3s\u201d"}]},{"@type":"WebSite","@id":"https:\/\/maismagazine.pt\/#website","url":"https:\/\/maismagazine.pt\/","name":"Mais Magazine","description":"","publisher":{"@id":"https:\/\/maismagazine.pt\/#organization"},"potentialAction":[{"@type":"SearchAction","target":{"@type":"EntryPoint","urlTemplate":"https:\/\/maismagazine.pt\/?s={search_term_string}"},"query-input":{"@type":"PropertyValueSpecification","valueRequired":true,"valueName":"search_term_string"}}],"inLanguage":"pt-PT"},{"@type":"Organization","@id":"https:\/\/maismagazine.pt\/#organization","name":"Mais Magazine","url":"https:\/\/maismagazine.pt\/","logo":{"@type":"ImageObject","inLanguage":"pt-PT","@id":"https:\/\/maismagazine.pt\/#\/schema\/logo\/image\/","url":"http:\/\/maismagazine.pt\/wp-content\/uploads\/2020\/04\/cropped-cropped-mais-magazine-site-logo-2.png","contentUrl":"http:\/\/maismagazine.pt\/wp-content\/uploads\/2020\/04\/cropped-cropped-mais-magazine-site-logo-2.png","width":581,"height":90,"caption":"Mais Magazine"},"image":{"@id":"https:\/\/maismagazine.pt\/#\/schema\/logo\/image\/"}},{"@type":"Person","@id":"https:\/\/maismagazine.pt\/#\/schema\/person\/999bd426f894ff56d397ec12ebd21ebb","name":"Jo\u00e3o Malainho","image":{"@type":"ImageObject","inLanguage":"pt-PT","@id":"https:\/\/maismagazine.pt\/#\/schema\/person\/image\/","url":"https:\/\/secure.gravatar.com\/avatar\/ff03c2f38edf60b2a827aa4f74878491?s=96&d=mm&r=g","contentUrl":"https:\/\/secure.gravatar.com\/avatar\/ff03c2f38edf60b2a827aa4f74878491?s=96&d=mm&r=g","caption":"Jo\u00e3o Malainho"},"url":"http:\/\/maismagazine.pt\/index.php\/author\/maismagazine\/"}]}},"author_meta":{"display_name":false,"author_link":"http:\/\/maismagazine.pt\/index.php\/author\/maismagazine\/"},"featured_img":"http:\/\/maismagazine.pt\/wp-content\/uploads\/2022\/05\/7N4A8099-Copy-300x242.png","coauthors":[],"tax_additional":{"categories":{"linked":["<a href=\"http:\/\/maismagazine.pt\/index.php\/category\/mundo-empresarial\/\" class=\"advgb-post-tax-term\">Mundo Empresarial<\/a>","<a href=\"http:\/\/maismagazine.pt\/index.php\/category\/empreendedorismo\/tecnologia-e-inovacao\/\" class=\"advgb-post-tax-term\">Tecnologia e Inova\u00e7\u00e3o<\/a>"],"unlinked":["<span class=\"advgb-post-tax-term\">Mundo Empresarial<\/span>","<span class=\"advgb-post-tax-term\">Tecnologia e Inova\u00e7\u00e3o<\/span>"]},"tags":{"linked":["<a href=\"http:\/\/maismagazine.pt\/index.php\/category\/empreendedorismo\/tecnologia-e-inovacao\/\" class=\"advgb-post-tax-term\">Ind\u00fastria 4.0<\/a>","<a href=\"http:\/\/maismagazine.pt\/index.php\/category\/empreendedorismo\/tecnologia-e-inovacao\/\" class=\"advgb-post-tax-term\">IO-Link<\/a>","<a href=\"http:\/\/maismagazine.pt\/index.php\/category\/empreendedorismo\/tecnologia-e-inovacao\/\" class=\"advgb-post-tax-term\">tech industry<\/a>"],"unlinked":["<span class=\"advgb-post-tax-term\">Ind\u00fastria 4.0<\/span>","<span class=\"advgb-post-tax-term\">IO-Link<\/span>","<span class=\"advgb-post-tax-term\">tech industry<\/span>"]}},"comment_count":"0","relative_dates":{"created":"Posted 4 anos ago","modified":"Updated 4 anos ago"},"absolute_dates":{"created":"Posted on 13 de Maio, 2022","modified":"Updated on 5 de Maio, 2022"},"absolute_dates_time":{"created":"Posted on 13 de Maio, 2022 7:00","modified":"Updated on 5 de Maio, 2022 11:06"},"featured_img_caption":"","series_order":"","_links":{"self":[{"href":"http:\/\/maismagazine.pt\/index.php\/wp-json\/wp\/v2\/posts\/3138","targetHints":{"allow":["GET"]}}],"collection":[{"href":"http:\/\/maismagazine.pt\/index.php\/wp-json\/wp\/v2\/posts"}],"about":[{"href":"http:\/\/maismagazine.pt\/index.php\/wp-json\/wp\/v2\/types\/post"}],"author":[{"embeddable":true,"href":"http:\/\/maismagazine.pt\/index.php\/wp-json\/wp\/v2\/users\/7"}],"replies":[{"embeddable":true,"href":"http:\/\/maismagazine.pt\/index.php\/wp-json\/wp\/v2\/comments?post=3138"}],"version-history":[{"count":1,"href":"http:\/\/maismagazine.pt\/index.php\/wp-json\/wp\/v2\/posts\/3138\/revisions"}],"predecessor-version":[{"id":3144,"href":"http:\/\/maismagazine.pt\/index.php\/wp-json\/wp\/v2\/posts\/3138\/revisions\/3144"}],"wp:featuredmedia":[{"embeddable":true,"href":"http:\/\/maismagazine.pt\/index.php\/wp-json\/wp\/v2\/media\/3143"}],"wp:attachment":[{"href":"http:\/\/maismagazine.pt\/index.php\/wp-json\/wp\/v2\/media?parent=3138"}],"wp:term":[{"taxonomy":"category","embeddable":true,"href":"http:\/\/maismagazine.pt\/index.php\/wp-json\/wp\/v2\/categories?post=3138"},{"taxonomy":"post_tag","embeddable":true,"href":"http:\/\/maismagazine.pt\/index.php\/wp-json\/wp\/v2\/tags?post=3138"}],"curies":[{"name":"wp","href":"https:\/\/api.w.org\/{rel}","templated":true}]}}