{"id":3124,"date":"2022-05-13T07:00:00","date_gmt":"2022-05-13T07:00:00","guid":{"rendered":"https:\/\/maismagazine.pt\/?p=3124"},"modified":"2022-05-05T10:34:43","modified_gmt":"2022-05-05T10:34:43","slug":"formacao-humana-rigor-disciplina-qualidade-e-dever-fazem-parte-do-vocabulario-de-ensino-da-esesjcluny","status":"publish","type":"post","link":"http:\/\/maismagazine.pt\/index.php\/2022\/05\/13\/formacao-humana-rigor-disciplina-qualidade-e-dever-fazem-parte-do-vocabulario-de-ensino-da-esesjcluny\/","title":{"rendered":"Forma\u00e7\u00e3o humana, rigor, disciplina, qualidade e dever fazem parte do vocabul\u00e1rio de ensino da ESESJCluny"},"content":{"rendered":"\n<p><\/p>\n\n\n\n<p><strong>Abriu portas para a educa\u00e7\u00e3o em 1948 na regi\u00e3o aut\u00f3noma da Madeira. Hoje, oferece cursos de licenciatura, mestrado, p\u00f3s-gradua\u00e7\u00f5es e cursos t\u00e9cnico-profissionais, na \u00e1rea da sa\u00fade, essencialmente em Enfermagem. Esta institui\u00e7\u00e3o pauta-se por um rigoroso ensino da ci\u00eancia de enfermagem baseado no melhor conhecimento e na mais recente evid\u00eancia cient\u00edfica.<\/strong><\/p>\n\n\n\n<p><\/p>\n\n\n\n<p>Por fora, a <a href=\"http:\/\/www.esesjcluny.pt\">Escola Superior de Enfermagem S.Jos\u00e9 Cluny <\/a>est\u00e1 \u201cbanhada\u201d pelo oceano atl\u00e2ntico e apresenta sotaque madeirense. Por dentro \u201cprivilegia a forma\u00e7\u00e3o humana aliada ao rigoroso ensino da ci\u00eancia de enfermagem\u201d. \u201cValoriza a disciplina\u201d e assume \u201ca qualidade e excel\u00eancia do servi\u00e7o\u201d que presta como \u201cum dever e uma responsabilidade\u201d para com os estudantes e comunidade da regi\u00e3o, diz-nos a professora coordenadora da institui\u00e7\u00e3o, Mer\u00edcia Bettencourt.<\/p>\n\n\n\n<p><\/p>\n\n\n\n<p>Nos seus 74 anos de hist\u00f3ria sempre disponibilizaram servi\u00e7os que ajudam os alunos na sua forma\u00e7\u00e3o pr\u00e1tica. Um deles \u00e9 o laborat\u00f3rio avan\u00e7ado de enfermagem que tem \u201ccomo objetivo principal reproduzir ambientes de trabalho dos enfermeiros\u201d, ou seja transmitir a realidade da rotina di\u00e1ria de um profissional de sa\u00fade. Desse modo, os estudantes ganham mais confian\u00e7a e seguran\u00e7a \u201cna presta\u00e7\u00e3o de Cuidados de Enfermagem aos utentes, fam\u00edlias e grupos\u201d, o que no futuro se vai traduzir \u201cem cuidados de  qualidade\u201d. Para al\u00e9m deste, oferecem a Biblioteca Madalena Lacerda, \u201cum espa\u00e7o modernizado\u201d, que permite aos alunos \u201co acesso a plataformas de pesquisa e a um vasto esp\u00f3lio de documenta\u00e7\u00e3o\u201d, melhorando assim a prepara\u00e7\u00e3o para frequ\u00eancias e provas finais, mas tamb\u00e9m a fundamenta\u00e7\u00e3o te\u00f3rica dos trabalhos.<\/p>\n\n\n\n<div class=\"wp-block-image is-style-rounded\"><figure class=\"aligncenter size-large\"><img loading=\"lazy\" decoding=\"async\" width=\"1024\" height=\"683\" src=\"https:\/\/maismagazine.pt\/wp-content\/uploads\/2022\/05\/ESESJCluny2-1024x683.jpg\" alt=\"\" class=\"wp-image-3128\" srcset=\"http:\/\/maismagazine.pt\/wp-content\/uploads\/2022\/05\/ESESJCluny2-1024x683.jpg 1024w, http:\/\/maismagazine.pt\/wp-content\/uploads\/2022\/05\/ESESJCluny2-300x200.jpg 300w, http:\/\/maismagazine.pt\/wp-content\/uploads\/2022\/05\/ESESJCluny2-768x512.jpg 768w, http:\/\/maismagazine.pt\/wp-content\/uploads\/2022\/05\/ESESJCluny2-1536x1024.jpg 1536w, http:\/\/maismagazine.pt\/wp-content\/uploads\/2022\/05\/ESESJCluny2-150x100.jpg 150w, http:\/\/maismagazine.pt\/wp-content\/uploads\/2022\/05\/ESESJCluny2.jpg 1728w\" sizes=\"auto, (max-width: 1024px) 100vw, 1024px\" \/><\/figure><\/div>\n\n\n\n<p><\/p>\n\n\n\n<p>A professora tamb\u00e9m relata que a \u201cInvestiga\u00e7\u00e3o constitui um eixo estrat\u00e9gico para a Escola\u201d. Nesse sentido, a mesma \u201cliderou um projeto de investiga\u00e7\u00e3o internacional\u201d, apelidado \u201c@studentsONquarantine, que pretendeu avaliar o impacto da quarentena obrigat\u00f3ria, decorrente da Covid-19, e da mudan\u00e7a para o ensino \u00e0 dist\u00e2ncia, na sa\u00fade mental dos estudantes do Curso de Licenciatura Portugueses e Espanh\u00f3is\u201d. Com esse \u201cupgrade\u201d internacional a ESESJCluny publicou \u201cdiversos artigos em revistas cient\u00edficas nacionais e internacionais em parceria com outros investigadores de sete IES.\u201d<\/p>\n\n\n\n<p><\/p>\n\n\n\n<p>Ainda no campo internacional, Mer\u00edcia Bettencourt conta-nos que a Escola integra o programa Erasmus +. A mesma carateriza-o como \u201cuma excelente estrat\u00e9gia\u201d para promover o \u201cdesenvolvimento pessoal e profissional da comunidade acad\u00e9mica, refor\u00e7ando a identidade europeia,<br>o crescimento sustent\u00e1vel, a coes\u00e3o social e a empregabilidade.\u201d A pr\u00f3pria adianta tamb\u00e9m que este projeto d\u00e1 \u201cvisibilidade \u00e0 qualidade\u201d da forma\u00e7\u00e3o  da Madeira e de Portugal, contribuindo tamb\u00e9m \u201cpara a promo\u00e7\u00e3o da Regi\u00e3o na Europa\u201d.<\/p>\n\n\n\n<p><\/p>\n\n\n\n<p>Para continuar a ser uma \u201cIES de refer\u00eancia no espa\u00e7o regional, nacional e internacional\u201d, a coordenadora deste estabelecimento de ensino superior garante o cont\u00ednuo \u201ctrabalho de coopera\u00e7\u00e3o com Institui\u00e7\u00f5es parceiras regionais, nacionais e internacionais, al\u00e9m da \u201cparticipa\u00e7\u00e3o<br>em a\u00e7\u00f5es de voluntariado\u201d. Acrescenta ainda o \u201cinvestimento na forma\u00e7\u00e3o diferenciada dos seus recursos humanos\u201d, a \u201cmoderniza\u00e7\u00e3o das suas Instala\u00e7\u00f5es\u201d a \u201cpromo\u00e7\u00e3o da Investiga\u00e7\u00e3o e da Internacionaliza\u00e7\u00e3o e a Intera\u00e7\u00e3o com a sociedade e rela\u00e7\u00f5es com o exterior.\u201d<\/p>\n","protected":false},"excerpt":{"rendered":"<p>Abriu portas para a educa\u00e7\u00e3o em 1948 na regi\u00e3o aut\u00f3noma da Madeira. Hoje, oferece cursos de licenciatura, mestrado, p\u00f3s-gradua\u00e7\u00f5es e cursos t\u00e9cnico-profissionais, na \u00e1rea da sa\u00fade, essencialmente em Enfermagem. Esta institui\u00e7\u00e3o pauta-se por um rigoroso ensino da ci\u00eancia de enfermagem baseado no melhor conhecimento e na mais recente evid\u00eancia cient\u00edfica.&hellip;<\/p>\n","protected":false},"author":7,"featured_media":3127,"comment_status":"open","ping_status":"open","sticky":false,"template":"","format":"standard","meta":{"advgb_blocks_editor_width":"","advgb_blocks_columns_visual_guide":"","_monsterinsights_skip_tracking":false,"_monsterinsights_sitenote_active":false,"_monsterinsights_sitenote_note":"","_monsterinsights_sitenote_category":0,"footnotes":""},"categories":[149],"tags":[525,605,606,533],"class_list":["post-3124","post","type-post","status-publish","format-standard","has-post-thumbnail","hentry","category-educacao","tag-educacao","tag-escola-superior-de-enfermagem","tag-esesjcluny","tag-formacao-humana"],"yoast_head":"<!-- This site is optimized with the Yoast SEO plugin v24.4 - https:\/\/yoast.com\/wordpress\/plugins\/seo\/ -->\n<title>Forma\u00e7\u00e3o humana, rigor, disciplina, qualidade e dever fazem parte do vocabul\u00e1rio de ensino da ESESJCluny - Mais Magazine<\/title>\n<meta name=\"description\" content=\"ESESJCluny: forma\u00e7\u00e3o humana, rigor, disciplina, qualidade\" \/>\n<meta name=\"robots\" content=\"index, follow, max-snippet:-1, max-image-preview:large, max-video-preview:-1\" \/>\n<link rel=\"canonical\" href=\"http:\/\/maismagazine.pt\/index.php\/2022\/05\/13\/formacao-humana-rigor-disciplina-qualidade-e-dever-fazem-parte-do-vocabulario-de-ensino-da-esesjcluny\/\" \/>\n<meta property=\"og:locale\" content=\"pt_PT\" \/>\n<meta property=\"og:type\" content=\"article\" \/>\n<meta property=\"og:title\" content=\"Forma\u00e7\u00e3o humana, rigor, disciplina, qualidade e dever fazem parte do vocabul\u00e1rio de ensino da ESESJCluny - Mais Magazine\" \/>\n<meta property=\"og:description\" content=\"ESESJCluny: forma\u00e7\u00e3o humana, rigor, disciplina, qualidade\" \/>\n<meta property=\"og:url\" content=\"http:\/\/maismagazine.pt\/index.php\/2022\/05\/13\/formacao-humana-rigor-disciplina-qualidade-e-dever-fazem-parte-do-vocabulario-de-ensino-da-esesjcluny\/\" \/>\n<meta property=\"og:site_name\" content=\"Mais Magazine\" \/>\n<meta property=\"article:published_time\" content=\"2022-05-13T07:00:00+00:00\" \/>\n<meta property=\"og:image\" content=\"http:\/\/maismagazine.pt\/wp-content\/uploads\/2022\/05\/ESESJCluny-scaled.jpeg\" \/>\n\t<meta property=\"og:image:width\" content=\"2560\" \/>\n\t<meta property=\"og:image:height\" content=\"1706\" \/>\n\t<meta property=\"og:image:type\" content=\"image\/jpeg\" \/>\n<meta name=\"author\" content=\"Jo\u00e3o Malainho\" \/>\n<meta name=\"twitter:card\" content=\"summary_large_image\" \/>\n<meta name=\"twitter:label1\" content=\"Escrito por\" \/>\n\t<meta name=\"twitter:data1\" content=\"\" \/>\n\t<meta name=\"twitter:label2\" content=\"Tempo estimado de leitura\" \/>\n\t<meta name=\"twitter:data2\" content=\"3 minutos\" \/>\n<script type=\"application\/ld+json\" class=\"yoast-schema-graph\">{\"@context\":\"https:\/\/schema.org\",\"@graph\":[{\"@type\":\"Article\",\"@id\":\"http:\/\/maismagazine.pt\/index.php\/2022\/05\/13\/formacao-humana-rigor-disciplina-qualidade-e-dever-fazem-parte-do-vocabulario-de-ensino-da-esesjcluny\/#article\",\"isPartOf\":{\"@id\":\"http:\/\/maismagazine.pt\/index.php\/2022\/05\/13\/formacao-humana-rigor-disciplina-qualidade-e-dever-fazem-parte-do-vocabulario-de-ensino-da-esesjcluny\/\"},\"author\":{\"name\":\"Jo\u00e3o Malainho\",\"@id\":\"https:\/\/maismagazine.pt\/#\/schema\/person\/999bd426f894ff56d397ec12ebd21ebb\"},\"headline\":\"Forma\u00e7\u00e3o humana, rigor, disciplina, qualidade e dever fazem parte do vocabul\u00e1rio de ensino da ESESJCluny\",\"datePublished\":\"2022-05-13T07:00:00+00:00\",\"mainEntityOfPage\":{\"@id\":\"http:\/\/maismagazine.pt\/index.php\/2022\/05\/13\/formacao-humana-rigor-disciplina-qualidade-e-dever-fazem-parte-do-vocabulario-de-ensino-da-esesjcluny\/\"},\"wordCount\":557,\"commentCount\":0,\"publisher\":{\"@id\":\"https:\/\/maismagazine.pt\/#organization\"},\"image\":{\"@id\":\"http:\/\/maismagazine.pt\/index.php\/2022\/05\/13\/formacao-humana-rigor-disciplina-qualidade-e-dever-fazem-parte-do-vocabulario-de-ensino-da-esesjcluny\/#primaryimage\"},\"thumbnailUrl\":\"http:\/\/maismagazine.pt\/wp-content\/uploads\/2022\/05\/ESESJCluny-scaled.jpeg\",\"keywords\":[\"Educa\u00e7\u00e3o\",\"Escola Superior de Enfermagem\",\"ESESJCluny\",\"Forma\u00e7\u00e3o humana\"],\"articleSection\":[\"Educa\u00e7\u00e3o\"],\"inLanguage\":\"pt-PT\",\"potentialAction\":[{\"@type\":\"CommentAction\",\"name\":\"Comment\",\"target\":[\"http:\/\/maismagazine.pt\/index.php\/2022\/05\/13\/formacao-humana-rigor-disciplina-qualidade-e-dever-fazem-parte-do-vocabulario-de-ensino-da-esesjcluny\/#respond\"]}]},{\"@type\":\"WebPage\",\"@id\":\"http:\/\/maismagazine.pt\/index.php\/2022\/05\/13\/formacao-humana-rigor-disciplina-qualidade-e-dever-fazem-parte-do-vocabulario-de-ensino-da-esesjcluny\/\",\"url\":\"http:\/\/maismagazine.pt\/index.php\/2022\/05\/13\/formacao-humana-rigor-disciplina-qualidade-e-dever-fazem-parte-do-vocabulario-de-ensino-da-esesjcluny\/\",\"name\":\"Forma\u00e7\u00e3o humana, rigor, disciplina, qualidade e dever fazem parte do vocabul\u00e1rio de ensino da ESESJCluny - Mais Magazine\",\"isPartOf\":{\"@id\":\"https:\/\/maismagazine.pt\/#website\"},\"primaryImageOfPage\":{\"@id\":\"http:\/\/maismagazine.pt\/index.php\/2022\/05\/13\/formacao-humana-rigor-disciplina-qualidade-e-dever-fazem-parte-do-vocabulario-de-ensino-da-esesjcluny\/#primaryimage\"},\"image\":{\"@id\":\"http:\/\/maismagazine.pt\/index.php\/2022\/05\/13\/formacao-humana-rigor-disciplina-qualidade-e-dever-fazem-parte-do-vocabulario-de-ensino-da-esesjcluny\/#primaryimage\"},\"thumbnailUrl\":\"http:\/\/maismagazine.pt\/wp-content\/uploads\/2022\/05\/ESESJCluny-scaled.jpeg\",\"datePublished\":\"2022-05-13T07:00:00+00:00\",\"description\":\"ESESJCluny: forma\u00e7\u00e3o humana, rigor, disciplina, qualidade\",\"breadcrumb\":{\"@id\":\"http:\/\/maismagazine.pt\/index.php\/2022\/05\/13\/formacao-humana-rigor-disciplina-qualidade-e-dever-fazem-parte-do-vocabulario-de-ensino-da-esesjcluny\/#breadcrumb\"},\"inLanguage\":\"pt-PT\",\"potentialAction\":[{\"@type\":\"ReadAction\",\"target\":[\"http:\/\/maismagazine.pt\/index.php\/2022\/05\/13\/formacao-humana-rigor-disciplina-qualidade-e-dever-fazem-parte-do-vocabulario-de-ensino-da-esesjcluny\/\"]}]},{\"@type\":\"ImageObject\",\"inLanguage\":\"pt-PT\",\"@id\":\"http:\/\/maismagazine.pt\/index.php\/2022\/05\/13\/formacao-humana-rigor-disciplina-qualidade-e-dever-fazem-parte-do-vocabulario-de-ensino-da-esesjcluny\/#primaryimage\",\"url\":\"http:\/\/maismagazine.pt\/wp-content\/uploads\/2022\/05\/ESESJCluny-scaled.jpeg\",\"contentUrl\":\"http:\/\/maismagazine.pt\/wp-content\/uploads\/2022\/05\/ESESJCluny-scaled.jpeg\",\"width\":2560,\"height\":1706},{\"@type\":\"BreadcrumbList\",\"@id\":\"http:\/\/maismagazine.pt\/index.php\/2022\/05\/13\/formacao-humana-rigor-disciplina-qualidade-e-dever-fazem-parte-do-vocabulario-de-ensino-da-esesjcluny\/#breadcrumb\",\"itemListElement\":[{\"@type\":\"ListItem\",\"position\":1,\"name\":\"Home\",\"item\":\"https:\/\/maismagazine.pt\/\"},{\"@type\":\"ListItem\",\"position\":2,\"name\":\"Forma\u00e7\u00e3o humana, rigor, disciplina, qualidade e dever fazem parte do vocabul\u00e1rio de ensino da ESESJCluny\"}]},{\"@type\":\"WebSite\",\"@id\":\"https:\/\/maismagazine.pt\/#website\",\"url\":\"https:\/\/maismagazine.pt\/\",\"name\":\"Mais Magazine\",\"description\":\"\",\"publisher\":{\"@id\":\"https:\/\/maismagazine.pt\/#organization\"},\"potentialAction\":[{\"@type\":\"SearchAction\",\"target\":{\"@type\":\"EntryPoint\",\"urlTemplate\":\"https:\/\/maismagazine.pt\/?s={search_term_string}\"},\"query-input\":{\"@type\":\"PropertyValueSpecification\",\"valueRequired\":true,\"valueName\":\"search_term_string\"}}],\"inLanguage\":\"pt-PT\"},{\"@type\":\"Organization\",\"@id\":\"https:\/\/maismagazine.pt\/#organization\",\"name\":\"Mais Magazine\",\"url\":\"https:\/\/maismagazine.pt\/\",\"logo\":{\"@type\":\"ImageObject\",\"inLanguage\":\"pt-PT\",\"@id\":\"https:\/\/maismagazine.pt\/#\/schema\/logo\/image\/\",\"url\":\"http:\/\/maismagazine.pt\/wp-content\/uploads\/2020\/04\/cropped-cropped-mais-magazine-site-logo-2.png\",\"contentUrl\":\"http:\/\/maismagazine.pt\/wp-content\/uploads\/2020\/04\/cropped-cropped-mais-magazine-site-logo-2.png\",\"width\":581,\"height\":90,\"caption\":\"Mais Magazine\"},\"image\":{\"@id\":\"https:\/\/maismagazine.pt\/#\/schema\/logo\/image\/\"}},{\"@type\":\"Person\",\"@id\":\"https:\/\/maismagazine.pt\/#\/schema\/person\/999bd426f894ff56d397ec12ebd21ebb\",\"name\":\"Jo\u00e3o Malainho\",\"image\":{\"@type\":\"ImageObject\",\"inLanguage\":\"pt-PT\",\"@id\":\"https:\/\/maismagazine.pt\/#\/schema\/person\/image\/\",\"url\":\"https:\/\/secure.gravatar.com\/avatar\/ff03c2f38edf60b2a827aa4f74878491?s=96&d=mm&r=g\",\"contentUrl\":\"https:\/\/secure.gravatar.com\/avatar\/ff03c2f38edf60b2a827aa4f74878491?s=96&d=mm&r=g\",\"caption\":\"Jo\u00e3o Malainho\"},\"url\":\"http:\/\/maismagazine.pt\/index.php\/author\/maismagazine\/\"}]}<\/script>\n<!-- \/ Yoast SEO plugin. -->","yoast_head_json":{"title":"Forma\u00e7\u00e3o humana, rigor, disciplina, qualidade e dever fazem parte do vocabul\u00e1rio de ensino da ESESJCluny - Mais Magazine","description":"ESESJCluny: forma\u00e7\u00e3o humana, rigor, disciplina, qualidade","robots":{"index":"index","follow":"follow","max-snippet":"max-snippet:-1","max-image-preview":"max-image-preview:large","max-video-preview":"max-video-preview:-1"},"canonical":"http:\/\/maismagazine.pt\/index.php\/2022\/05\/13\/formacao-humana-rigor-disciplina-qualidade-e-dever-fazem-parte-do-vocabulario-de-ensino-da-esesjcluny\/","og_locale":"pt_PT","og_type":"article","og_title":"Forma\u00e7\u00e3o humana, rigor, disciplina, qualidade e dever fazem parte do vocabul\u00e1rio de ensino da ESESJCluny - Mais Magazine","og_description":"ESESJCluny: forma\u00e7\u00e3o humana, rigor, disciplina, qualidade","og_url":"http:\/\/maismagazine.pt\/index.php\/2022\/05\/13\/formacao-humana-rigor-disciplina-qualidade-e-dever-fazem-parte-do-vocabulario-de-ensino-da-esesjcluny\/","og_site_name":"Mais Magazine","article_published_time":"2022-05-13T07:00:00+00:00","og_image":[{"width":2560,"height":1706,"url":"http:\/\/maismagazine.pt\/wp-content\/uploads\/2022\/05\/ESESJCluny-scaled.jpeg","type":"image\/jpeg"}],"author":"Jo\u00e3o Malainho","twitter_card":"summary_large_image","twitter_misc":{"Escrito por":false,"Tempo estimado de leitura":"3 minutos"},"schema":{"@context":"https:\/\/schema.org","@graph":[{"@type":"Article","@id":"http:\/\/maismagazine.pt\/index.php\/2022\/05\/13\/formacao-humana-rigor-disciplina-qualidade-e-dever-fazem-parte-do-vocabulario-de-ensino-da-esesjcluny\/#article","isPartOf":{"@id":"http:\/\/maismagazine.pt\/index.php\/2022\/05\/13\/formacao-humana-rigor-disciplina-qualidade-e-dever-fazem-parte-do-vocabulario-de-ensino-da-esesjcluny\/"},"author":{"name":"Jo\u00e3o Malainho","@id":"https:\/\/maismagazine.pt\/#\/schema\/person\/999bd426f894ff56d397ec12ebd21ebb"},"headline":"Forma\u00e7\u00e3o humana, rigor, disciplina, qualidade e dever fazem parte do vocabul\u00e1rio de ensino da ESESJCluny","datePublished":"2022-05-13T07:00:00+00:00","mainEntityOfPage":{"@id":"http:\/\/maismagazine.pt\/index.php\/2022\/05\/13\/formacao-humana-rigor-disciplina-qualidade-e-dever-fazem-parte-do-vocabulario-de-ensino-da-esesjcluny\/"},"wordCount":557,"commentCount":0,"publisher":{"@id":"https:\/\/maismagazine.pt\/#organization"},"image":{"@id":"http:\/\/maismagazine.pt\/index.php\/2022\/05\/13\/formacao-humana-rigor-disciplina-qualidade-e-dever-fazem-parte-do-vocabulario-de-ensino-da-esesjcluny\/#primaryimage"},"thumbnailUrl":"http:\/\/maismagazine.pt\/wp-content\/uploads\/2022\/05\/ESESJCluny-scaled.jpeg","keywords":["Educa\u00e7\u00e3o","Escola Superior de Enfermagem","ESESJCluny","Forma\u00e7\u00e3o humana"],"articleSection":["Educa\u00e7\u00e3o"],"inLanguage":"pt-PT","potentialAction":[{"@type":"CommentAction","name":"Comment","target":["http:\/\/maismagazine.pt\/index.php\/2022\/05\/13\/formacao-humana-rigor-disciplina-qualidade-e-dever-fazem-parte-do-vocabulario-de-ensino-da-esesjcluny\/#respond"]}]},{"@type":"WebPage","@id":"http:\/\/maismagazine.pt\/index.php\/2022\/05\/13\/formacao-humana-rigor-disciplina-qualidade-e-dever-fazem-parte-do-vocabulario-de-ensino-da-esesjcluny\/","url":"http:\/\/maismagazine.pt\/index.php\/2022\/05\/13\/formacao-humana-rigor-disciplina-qualidade-e-dever-fazem-parte-do-vocabulario-de-ensino-da-esesjcluny\/","name":"Forma\u00e7\u00e3o humana, rigor, disciplina, qualidade e dever fazem parte do vocabul\u00e1rio de ensino da ESESJCluny - Mais Magazine","isPartOf":{"@id":"https:\/\/maismagazine.pt\/#website"},"primaryImageOfPage":{"@id":"http:\/\/maismagazine.pt\/index.php\/2022\/05\/13\/formacao-humana-rigor-disciplina-qualidade-e-dever-fazem-parte-do-vocabulario-de-ensino-da-esesjcluny\/#primaryimage"},"image":{"@id":"http:\/\/maismagazine.pt\/index.php\/2022\/05\/13\/formacao-humana-rigor-disciplina-qualidade-e-dever-fazem-parte-do-vocabulario-de-ensino-da-esesjcluny\/#primaryimage"},"thumbnailUrl":"http:\/\/maismagazine.pt\/wp-content\/uploads\/2022\/05\/ESESJCluny-scaled.jpeg","datePublished":"2022-05-13T07:00:00+00:00","description":"ESESJCluny: forma\u00e7\u00e3o humana, rigor, disciplina, qualidade","breadcrumb":{"@id":"http:\/\/maismagazine.pt\/index.php\/2022\/05\/13\/formacao-humana-rigor-disciplina-qualidade-e-dever-fazem-parte-do-vocabulario-de-ensino-da-esesjcluny\/#breadcrumb"},"inLanguage":"pt-PT","potentialAction":[{"@type":"ReadAction","target":["http:\/\/maismagazine.pt\/index.php\/2022\/05\/13\/formacao-humana-rigor-disciplina-qualidade-e-dever-fazem-parte-do-vocabulario-de-ensino-da-esesjcluny\/"]}]},{"@type":"ImageObject","inLanguage":"pt-PT","@id":"http:\/\/maismagazine.pt\/index.php\/2022\/05\/13\/formacao-humana-rigor-disciplina-qualidade-e-dever-fazem-parte-do-vocabulario-de-ensino-da-esesjcluny\/#primaryimage","url":"http:\/\/maismagazine.pt\/wp-content\/uploads\/2022\/05\/ESESJCluny-scaled.jpeg","contentUrl":"http:\/\/maismagazine.pt\/wp-content\/uploads\/2022\/05\/ESESJCluny-scaled.jpeg","width":2560,"height":1706},{"@type":"BreadcrumbList","@id":"http:\/\/maismagazine.pt\/index.php\/2022\/05\/13\/formacao-humana-rigor-disciplina-qualidade-e-dever-fazem-parte-do-vocabulario-de-ensino-da-esesjcluny\/#breadcrumb","itemListElement":[{"@type":"ListItem","position":1,"name":"Home","item":"https:\/\/maismagazine.pt\/"},{"@type":"ListItem","position":2,"name":"Forma\u00e7\u00e3o humana, rigor, disciplina, qualidade e dever fazem parte do vocabul\u00e1rio de ensino da ESESJCluny"}]},{"@type":"WebSite","@id":"https:\/\/maismagazine.pt\/#website","url":"https:\/\/maismagazine.pt\/","name":"Mais Magazine","description":"","publisher":{"@id":"https:\/\/maismagazine.pt\/#organization"},"potentialAction":[{"@type":"SearchAction","target":{"@type":"EntryPoint","urlTemplate":"https:\/\/maismagazine.pt\/?s={search_term_string}"},"query-input":{"@type":"PropertyValueSpecification","valueRequired":true,"valueName":"search_term_string"}}],"inLanguage":"pt-PT"},{"@type":"Organization","@id":"https:\/\/maismagazine.pt\/#organization","name":"Mais Magazine","url":"https:\/\/maismagazine.pt\/","logo":{"@type":"ImageObject","inLanguage":"pt-PT","@id":"https:\/\/maismagazine.pt\/#\/schema\/logo\/image\/","url":"http:\/\/maismagazine.pt\/wp-content\/uploads\/2020\/04\/cropped-cropped-mais-magazine-site-logo-2.png","contentUrl":"http:\/\/maismagazine.pt\/wp-content\/uploads\/2020\/04\/cropped-cropped-mais-magazine-site-logo-2.png","width":581,"height":90,"caption":"Mais Magazine"},"image":{"@id":"https:\/\/maismagazine.pt\/#\/schema\/logo\/image\/"}},{"@type":"Person","@id":"https:\/\/maismagazine.pt\/#\/schema\/person\/999bd426f894ff56d397ec12ebd21ebb","name":"Jo\u00e3o Malainho","image":{"@type":"ImageObject","inLanguage":"pt-PT","@id":"https:\/\/maismagazine.pt\/#\/schema\/person\/image\/","url":"https:\/\/secure.gravatar.com\/avatar\/ff03c2f38edf60b2a827aa4f74878491?s=96&d=mm&r=g","contentUrl":"https:\/\/secure.gravatar.com\/avatar\/ff03c2f38edf60b2a827aa4f74878491?s=96&d=mm&r=g","caption":"Jo\u00e3o Malainho"},"url":"http:\/\/maismagazine.pt\/index.php\/author\/maismagazine\/"}]}},"author_meta":{"display_name":false,"author_link":"http:\/\/maismagazine.pt\/index.php\/author\/maismagazine\/"},"featured_img":"http:\/\/maismagazine.pt\/wp-content\/uploads\/2022\/05\/ESESJCluny-300x200.jpeg","coauthors":[],"tax_additional":{"categories":{"linked":["<a href=\"http:\/\/maismagazine.pt\/index.php\/category\/educacao\/\" class=\"advgb-post-tax-term\">Educa\u00e7\u00e3o<\/a>"],"unlinked":["<span class=\"advgb-post-tax-term\">Educa\u00e7\u00e3o<\/span>"]},"tags":{"linked":["<a href=\"http:\/\/maismagazine.pt\/index.php\/category\/educacao\/\" class=\"advgb-post-tax-term\">Educa\u00e7\u00e3o<\/a>","<a href=\"http:\/\/maismagazine.pt\/index.php\/category\/educacao\/\" class=\"advgb-post-tax-term\">Escola Superior de Enfermagem<\/a>","<a href=\"http:\/\/maismagazine.pt\/index.php\/category\/educacao\/\" class=\"advgb-post-tax-term\">ESESJCluny<\/a>","<a href=\"http:\/\/maismagazine.pt\/index.php\/category\/educacao\/\" class=\"advgb-post-tax-term\">Forma\u00e7\u00e3o humana<\/a>"],"unlinked":["<span class=\"advgb-post-tax-term\">Educa\u00e7\u00e3o<\/span>","<span class=\"advgb-post-tax-term\">Escola Superior de Enfermagem<\/span>","<span class=\"advgb-post-tax-term\">ESESJCluny<\/span>","<span class=\"advgb-post-tax-term\">Forma\u00e7\u00e3o humana<\/span>"]}},"comment_count":"0","relative_dates":{"created":"Posted 4 anos ago","modified":"Updated 4 anos ago"},"absolute_dates":{"created":"Posted on 13 de Maio, 2022","modified":"Updated on 5 de Maio, 2022"},"absolute_dates_time":{"created":"Posted on 13 de Maio, 2022 7:00","modified":"Updated on 5 de Maio, 2022 10:34"},"featured_img_caption":"","series_order":"","_links":{"self":[{"href":"http:\/\/maismagazine.pt\/index.php\/wp-json\/wp\/v2\/posts\/3124","targetHints":{"allow":["GET"]}}],"collection":[{"href":"http:\/\/maismagazine.pt\/index.php\/wp-json\/wp\/v2\/posts"}],"about":[{"href":"http:\/\/maismagazine.pt\/index.php\/wp-json\/wp\/v2\/types\/post"}],"author":[{"embeddable":true,"href":"http:\/\/maismagazine.pt\/index.php\/wp-json\/wp\/v2\/users\/7"}],"replies":[{"embeddable":true,"href":"http:\/\/maismagazine.pt\/index.php\/wp-json\/wp\/v2\/comments?post=3124"}],"version-history":[{"count":1,"href":"http:\/\/maismagazine.pt\/index.php\/wp-json\/wp\/v2\/posts\/3124\/revisions"}],"predecessor-version":[{"id":3129,"href":"http:\/\/maismagazine.pt\/index.php\/wp-json\/wp\/v2\/posts\/3124\/revisions\/3129"}],"wp:featuredmedia":[{"embeddable":true,"href":"http:\/\/maismagazine.pt\/index.php\/wp-json\/wp\/v2\/media\/3127"}],"wp:attachment":[{"href":"http:\/\/maismagazine.pt\/index.php\/wp-json\/wp\/v2\/media?parent=3124"}],"wp:term":[{"taxonomy":"category","embeddable":true,"href":"http:\/\/maismagazine.pt\/index.php\/wp-json\/wp\/v2\/categories?post=3124"},{"taxonomy":"post_tag","embeddable":true,"href":"http:\/\/maismagazine.pt\/index.php\/wp-json\/wp\/v2\/tags?post=3124"}],"curies":[{"name":"wp","href":"https:\/\/api.w.org\/{rel}","templated":true}]}}