{"id":3101,"date":"2022-05-02T15:03:56","date_gmt":"2022-05-02T15:03:56","guid":{"rendered":"http:\/\/maismagazine.pt\/?p=3101"},"modified":"2022-05-02T15:03:56","modified_gmt":"2022-05-02T15:03:56","slug":"colegio-de-sao-miguel-de-fatima-amizade-verdade-e-exigencia","status":"publish","type":"post","link":"http:\/\/maismagazine.pt\/index.php\/2022\/05\/02\/colegio-de-sao-miguel-de-fatima-amizade-verdade-e-exigencia\/","title":{"rendered":"Col\u00e9gio de S\u00e3o Miguel de F\u00e1tima\u201c Amizade, Verdade e Exig\u00eancia\u201d"},"content":{"rendered":"\n<p><strong>Col\u00e9gio de S\u00e3o Miguel de F\u00e1tima \u00e9 uma institui\u00e7\u00e3o com uma hist\u00f3ria de mais de cinco d\u00e9cadas de dedica\u00e7\u00e3o ao ensino. Fiel \u00e0 sua matriz crist\u00e3, pretende afirmar-se como uma escola inovadora, inclusiva e respeitadora da dignidade de cada um. Ao servi\u00e7o de toda a comunidade, este estabelecimento de ensino assegura a educa\u00e7\u00e3o de crian\u00e7as e jovens, alicer\u00e7ada num projeto educativo e formativo de qualidade, capaz de proporcionar uma forma\u00e7\u00e3o integral e um harmonioso desenvolvimento das suas capacidades.<\/strong><\/p>\n\n\n\n<p><\/p>\n\n\n\n<p>O Col\u00e9gio de S\u00e3o Miguel de F\u00e1tima \u00e9 uma <a href=\"https:\/\/www.csmiguel.pt\/web\/\" target=\"_blank\" rel=\"noreferrer noopener\">escola<\/a> cat\u00f3lica que nasceu em 1962 pelas m\u00e3os do p\u00e1roco de F\u00e1tima, Pe. Manuel Ant\u00f3nio Henrique. Com nobres valores tatuados na sua hist\u00f3ria desde a sua funda\u00e7\u00e3o, a din\u00e2mica desta institui\u00e7\u00e3o manifesta-se nas suas diversas dimens\u00f5es, seja nas rela\u00e7\u00f5es entre as pessoas, seja na organiza\u00e7\u00e3o escolar, seja na gest\u00e3o pedag\u00f3gica. Com uma identidade que radica numa vis\u00e3o do mundo assente nos valores cat\u00f3licos, o Col\u00e9gio de S\u00e3o Miguel de F\u00e1tima assegura aos seus alunos uma vis\u00e3o crist\u00e3 do mundo e do homem, da vida e do saber, ajudando-os a crescer a conhecer a realidade. \u201cA nossa matriz \u00e9 inclusiva, aberta a todos, considerando que todos os seres s\u00e3o iguais em humanidade\u201d, explica Manuel Louren\u00e7o, Diretor-Geral. Desta forma esta \u00e9 uma escola que n\u00e3o discrimina com base em qualquer caracter\u00edstica pessoal, antes pelo contr\u00e1rio, trabalha os valores do respeito, da aceita\u00e7\u00e3o, da toler\u00e2ncia, da inclus\u00e3o e da amizade.<\/p>\n\n\n\n<p><\/p>\n\n\n\n<p>Aqui cada aluno \u00e9 uma pessoa \u00fanica, especial, individual, poli\u00e9drica, com m\u00faltiplas dimens\u00f5es que regista a necessidade de forma\u00e7\u00e3o, tamb\u00e9m ela multifacetada. Assim, o Col\u00e9gio de S\u00e3o Miguel de F\u00e1tima aposta na forma\u00e7\u00e3o integral, assente numa vis\u00e3o humanista, que contribui para o desenvolvimento da personalidade \u00fanica de cada aluno, segundo um ideal de forma\u00e7\u00e3o integral e um harmonioso desenvolvimento f\u00edsico e intelectual, moral e espiritual, afetivo e criativo. Com uma oferta formativa que abrange os 2.\u00ba e 3.\u00ba ciclos do Ensino B\u00e1sico, com possibilidade de Ensino Especializado de M\u00fasica em regime articulado, e o Ensino Secund\u00e1rio, o Col\u00e9gio de S\u00e3o Miguel de F\u00e1tima tem ainda dispon\u00edveis na sua oferta formativa cinco cursos com Planos Pr\u00f3prios nas \u00e1reas de Design, Cer\u00e2mica e Escultura, Inform\u00e1tica, A\u00e7\u00e3o Social, Contabilidade e Gest\u00e3o, Atividade F\u00edsica e Desporto Adaptados. \u201cS\u00e3o cursos de dupla certifica\u00e7\u00e3o com um curr\u00edculo espec\u00edfico, desenhado por n\u00f3s e, al\u00e9m de permitirem aos alunos prosseguir estudos no ensino superior, est\u00e3o bem adaptados \u00e0s necessidades do mercado de trabalho local\u201d.<\/p>\n\n\n\n<p><\/p>\n\n\n\n<p>Para o Col\u00e9gio de S\u00e3o Miguel de F\u00e1tima os saberes escolares s\u00e3o muito importantes, mas s\u00e3o apenas parte da equa\u00e7\u00e3o. Neste princ\u00edpio, o Col\u00e9gio promove dezenas de atividades, organizadas em clubes ou dentro da org\u00e2nica pedag\u00f3gica. \u201cT\u00e3o importantes como o sucesso escolar \u00e9 a aquisi\u00e7\u00e3o e desenvolvimento de compet\u00eancias de comunica\u00e7\u00e3o, de relacionamento, de trabalho em equipa, de colabora\u00e7\u00e3o, de posicionamento organizacional, entre outras. A forma\u00e7\u00e3o para uma cidadania ativa assente na justi\u00e7a \u00e9 a meta \u00faltima\u201d, explica o Diretor. Assim, o Col\u00e9gio de S\u00e3o Miguel de F\u00e1tima assume-se uma escola que prepara os alunos para o futuro, atrav\u00e9s de uma variedade de experi\u00eancias mas tamb\u00e9m, e sobretudo, pela constante inova\u00e7\u00e3o pedag\u00f3gica que imprime no <a href=\"https:\/\/maismagazine.pt\/index.php\/category\/educacao\/\" target=\"_blank\" rel=\"noreferrer noopener\">ensino<\/a> ministrado. \u201cA inova\u00e7\u00e3o pedag\u00f3gica, a procura de novas metodologias, s\u00e3o essenciais e pr\u00e1tica constante. Por exemplo, o Col\u00e9gio de S\u00e3o Miguel estabeleceu uma parceria com a Academica International Studies que permitir\u00e1 aos nossos alunos, a partir do ano letivo 2022\/2023, obterem o American High School no Col\u00e9gio de S\u00e3o Miguel, que corresponde ao Ensino Secund\u00e1rio Americano\u201d.<\/p>\n\n\n\n<p><\/p>\n\n\n\n<p>Este \u00e9 apenas um dos muitos exemplos da constante aposta na inova\u00e7\u00e3o que o Col\u00e9gio tem procurado imprimir no seu dia-a-dia, e que continuar\u00e1 a fazer parte do seu futuro. \u201cO futuro \u00e9 manter a linha que nos trouxe at\u00e9 aqui. Manter a nossa identidade e miss\u00e3o de escola adaptando as din\u00e2micas \u00e0s novas gera\u00e7\u00f5es e aos novos recursos que a evolu\u00e7\u00e3o do mundo nos oferece. Em Educa\u00e7\u00e3o nunca tudo est\u00e1 feito\u201d, conclui. www.csmiguel.ptO Col\u00e9gio de S\u00e3o Miguel de F\u00e1tima \u00e9 uma institui\u00e7\u00e3o com uma hist\u00f3ria de mais de cinco d\u00e9cadas de dedica\u00e7\u00e3o ao ensino. Fiel \u00e0 sua matriz crist\u00e3, pretende afirmar-se como uma escola inovadora, inclusiva e respeitadora da dignidade de cada um. Ao servi\u00e7o de toda a comunidade, este estabelecimento de ensino assegura a educa\u00e7\u00e3o de crian\u00e7as e jovens, alicer\u00e7ada num projeto educativo e formativo de qualidade, capaz de proporcionar uma forma\u00e7\u00e3o integral e um harmonioso desenvolvimento das suas capacidades.<\/p>\n","protected":false},"excerpt":{"rendered":"<p>Col\u00e9gio de S\u00e3o Miguel de F\u00e1tima \u00e9 uma institui\u00e7\u00e3o com uma hist\u00f3ria de mais de cinco d\u00e9cadas de dedica\u00e7\u00e3o ao ensino. Fiel \u00e0 sua matriz crist\u00e3, pretende afirmar-se como uma escola inovadora, inclusiva e respeitadora da dignidade de cada um. Ao servi\u00e7o de toda a comunidade, este estabelecimento de ensino&hellip;<\/p>\n","protected":false},"author":7,"featured_media":3102,"comment_status":"open","ping_status":"open","sticky":false,"template":"","format":"standard","meta":{"advgb_blocks_editor_width":"","advgb_blocks_columns_visual_guide":"","_monsterinsights_skip_tracking":false,"_monsterinsights_sitenote_active":false,"_monsterinsights_sitenote_note":"","_monsterinsights_sitenote_category":0,"footnotes":""},"categories":[149],"tags":[532,73,599],"class_list":["post-3101","post","type-post","status-publish","format-standard","has-post-thumbnail","hentry","category-educacao","tag-colegio","tag-fatima","tag-religiao"],"yoast_head":"<!-- This site is optimized with the Yoast SEO plugin v24.4 - https:\/\/yoast.com\/wordpress\/plugins\/seo\/ -->\n<title>Col\u00e9gio de S\u00e3o Miguel de F\u00e1tima\u201c Amizade, Verdade e Exig\u00eancia\u201d - Mais Magazine<\/title>\n<meta name=\"description\" content=\"Col\u00e9gio de S\u00e3o Miguel de F\u00e1tima \u00e9 uma institui\u00e7\u00e3o com uma hist\u00f3ria de mais de cinco d\u00e9cadas de dedica\u00e7\u00e3o ao ensino.\" \/>\n<meta name=\"robots\" content=\"index, follow, max-snippet:-1, max-image-preview:large, max-video-preview:-1\" \/>\n<link rel=\"canonical\" href=\"http:\/\/maismagazine.pt\/index.php\/2022\/05\/02\/colegio-de-sao-miguel-de-fatima-amizade-verdade-e-exigencia\/\" \/>\n<meta property=\"og:locale\" content=\"pt_PT\" \/>\n<meta property=\"og:type\" content=\"article\" \/>\n<meta property=\"og:title\" content=\"Col\u00e9gio de S\u00e3o Miguel de F\u00e1tima\u201c Amizade, Verdade e Exig\u00eancia\u201d - Mais Magazine\" \/>\n<meta property=\"og:description\" content=\"Col\u00e9gio de S\u00e3o Miguel de F\u00e1tima \u00e9 uma institui\u00e7\u00e3o com uma hist\u00f3ria de mais de cinco d\u00e9cadas de dedica\u00e7\u00e3o ao ensino.\" \/>\n<meta property=\"og:url\" content=\"http:\/\/maismagazine.pt\/index.php\/2022\/05\/02\/colegio-de-sao-miguel-de-fatima-amizade-verdade-e-exigencia\/\" \/>\n<meta property=\"og:site_name\" content=\"Mais Magazine\" \/>\n<meta property=\"article:published_time\" content=\"2022-05-02T15:03:56+00:00\" \/>\n<meta property=\"og:image\" content=\"http:\/\/maismagazine.pt\/wp-content\/uploads\/2022\/05\/Colegio-Sao-Miguel.jpg\" \/>\n\t<meta property=\"og:image:width\" content=\"1600\" \/>\n\t<meta property=\"og:image:height\" content=\"800\" \/>\n\t<meta property=\"og:image:type\" content=\"image\/jpeg\" \/>\n<meta name=\"author\" content=\"Jo\u00e3o Malainho\" \/>\n<meta name=\"twitter:card\" content=\"summary_large_image\" \/>\n<meta name=\"twitter:label1\" content=\"Escrito por\" \/>\n\t<meta name=\"twitter:data1\" content=\"\" \/>\n\t<meta name=\"twitter:label2\" content=\"Tempo estimado de leitura\" \/>\n\t<meta name=\"twitter:data2\" content=\"4 minutos\" \/>\n<script type=\"application\/ld+json\" class=\"yoast-schema-graph\">{\"@context\":\"https:\/\/schema.org\",\"@graph\":[{\"@type\":\"Article\",\"@id\":\"http:\/\/maismagazine.pt\/index.php\/2022\/05\/02\/colegio-de-sao-miguel-de-fatima-amizade-verdade-e-exigencia\/#article\",\"isPartOf\":{\"@id\":\"http:\/\/maismagazine.pt\/index.php\/2022\/05\/02\/colegio-de-sao-miguel-de-fatima-amizade-verdade-e-exigencia\/\"},\"author\":{\"name\":\"Jo\u00e3o Malainho\",\"@id\":\"https:\/\/maismagazine.pt\/#\/schema\/person\/999bd426f894ff56d397ec12ebd21ebb\"},\"headline\":\"Col\u00e9gio de S\u00e3o Miguel de F\u00e1tima\u201c Amizade, Verdade e Exig\u00eancia\u201d\",\"datePublished\":\"2022-05-02T15:03:56+00:00\",\"mainEntityOfPage\":{\"@id\":\"http:\/\/maismagazine.pt\/index.php\/2022\/05\/02\/colegio-de-sao-miguel-de-fatima-amizade-verdade-e-exigencia\/\"},\"wordCount\":852,\"commentCount\":0,\"publisher\":{\"@id\":\"https:\/\/maismagazine.pt\/#organization\"},\"image\":{\"@id\":\"http:\/\/maismagazine.pt\/index.php\/2022\/05\/02\/colegio-de-sao-miguel-de-fatima-amizade-verdade-e-exigencia\/#primaryimage\"},\"thumbnailUrl\":\"http:\/\/maismagazine.pt\/wp-content\/uploads\/2022\/05\/Colegio-Sao-Miguel.jpg\",\"keywords\":[\"Col\u00e9gio\",\"F\u00e1tima\",\"religi\u00e3o\"],\"articleSection\":[\"Educa\u00e7\u00e3o\"],\"inLanguage\":\"pt-PT\",\"potentialAction\":[{\"@type\":\"CommentAction\",\"name\":\"Comment\",\"target\":[\"http:\/\/maismagazine.pt\/index.php\/2022\/05\/02\/colegio-de-sao-miguel-de-fatima-amizade-verdade-e-exigencia\/#respond\"]}]},{\"@type\":\"WebPage\",\"@id\":\"http:\/\/maismagazine.pt\/index.php\/2022\/05\/02\/colegio-de-sao-miguel-de-fatima-amizade-verdade-e-exigencia\/\",\"url\":\"http:\/\/maismagazine.pt\/index.php\/2022\/05\/02\/colegio-de-sao-miguel-de-fatima-amizade-verdade-e-exigencia\/\",\"name\":\"Col\u00e9gio de S\u00e3o Miguel de F\u00e1tima\u201c Amizade, Verdade e Exig\u00eancia\u201d - Mais Magazine\",\"isPartOf\":{\"@id\":\"https:\/\/maismagazine.pt\/#website\"},\"primaryImageOfPage\":{\"@id\":\"http:\/\/maismagazine.pt\/index.php\/2022\/05\/02\/colegio-de-sao-miguel-de-fatima-amizade-verdade-e-exigencia\/#primaryimage\"},\"image\":{\"@id\":\"http:\/\/maismagazine.pt\/index.php\/2022\/05\/02\/colegio-de-sao-miguel-de-fatima-amizade-verdade-e-exigencia\/#primaryimage\"},\"thumbnailUrl\":\"http:\/\/maismagazine.pt\/wp-content\/uploads\/2022\/05\/Colegio-Sao-Miguel.jpg\",\"datePublished\":\"2022-05-02T15:03:56+00:00\",\"description\":\"Col\u00e9gio de S\u00e3o Miguel de F\u00e1tima \u00e9 uma institui\u00e7\u00e3o com uma hist\u00f3ria de mais de cinco d\u00e9cadas de dedica\u00e7\u00e3o ao ensino.\",\"breadcrumb\":{\"@id\":\"http:\/\/maismagazine.pt\/index.php\/2022\/05\/02\/colegio-de-sao-miguel-de-fatima-amizade-verdade-e-exigencia\/#breadcrumb\"},\"inLanguage\":\"pt-PT\",\"potentialAction\":[{\"@type\":\"ReadAction\",\"target\":[\"http:\/\/maismagazine.pt\/index.php\/2022\/05\/02\/colegio-de-sao-miguel-de-fatima-amizade-verdade-e-exigencia\/\"]}]},{\"@type\":\"ImageObject\",\"inLanguage\":\"pt-PT\",\"@id\":\"http:\/\/maismagazine.pt\/index.php\/2022\/05\/02\/colegio-de-sao-miguel-de-fatima-amizade-verdade-e-exigencia\/#primaryimage\",\"url\":\"http:\/\/maismagazine.pt\/wp-content\/uploads\/2022\/05\/Colegio-Sao-Miguel.jpg\",\"contentUrl\":\"http:\/\/maismagazine.pt\/wp-content\/uploads\/2022\/05\/Colegio-Sao-Miguel.jpg\",\"width\":1600,\"height\":800},{\"@type\":\"BreadcrumbList\",\"@id\":\"http:\/\/maismagazine.pt\/index.php\/2022\/05\/02\/colegio-de-sao-miguel-de-fatima-amizade-verdade-e-exigencia\/#breadcrumb\",\"itemListElement\":[{\"@type\":\"ListItem\",\"position\":1,\"name\":\"Home\",\"item\":\"https:\/\/maismagazine.pt\/\"},{\"@type\":\"ListItem\",\"position\":2,\"name\":\"Col\u00e9gio de S\u00e3o Miguel de F\u00e1tima\u201c Amizade, Verdade e Exig\u00eancia\u201d\"}]},{\"@type\":\"WebSite\",\"@id\":\"https:\/\/maismagazine.pt\/#website\",\"url\":\"https:\/\/maismagazine.pt\/\",\"name\":\"Mais Magazine\",\"description\":\"\",\"publisher\":{\"@id\":\"https:\/\/maismagazine.pt\/#organization\"},\"potentialAction\":[{\"@type\":\"SearchAction\",\"target\":{\"@type\":\"EntryPoint\",\"urlTemplate\":\"https:\/\/maismagazine.pt\/?s={search_term_string}\"},\"query-input\":{\"@type\":\"PropertyValueSpecification\",\"valueRequired\":true,\"valueName\":\"search_term_string\"}}],\"inLanguage\":\"pt-PT\"},{\"@type\":\"Organization\",\"@id\":\"https:\/\/maismagazine.pt\/#organization\",\"name\":\"Mais Magazine\",\"url\":\"https:\/\/maismagazine.pt\/\",\"logo\":{\"@type\":\"ImageObject\",\"inLanguage\":\"pt-PT\",\"@id\":\"https:\/\/maismagazine.pt\/#\/schema\/logo\/image\/\",\"url\":\"http:\/\/maismagazine.pt\/wp-content\/uploads\/2020\/04\/cropped-cropped-mais-magazine-site-logo-2.png\",\"contentUrl\":\"http:\/\/maismagazine.pt\/wp-content\/uploads\/2020\/04\/cropped-cropped-mais-magazine-site-logo-2.png\",\"width\":581,\"height\":90,\"caption\":\"Mais Magazine\"},\"image\":{\"@id\":\"https:\/\/maismagazine.pt\/#\/schema\/logo\/image\/\"}},{\"@type\":\"Person\",\"@id\":\"https:\/\/maismagazine.pt\/#\/schema\/person\/999bd426f894ff56d397ec12ebd21ebb\",\"name\":\"Jo\u00e3o Malainho\",\"image\":{\"@type\":\"ImageObject\",\"inLanguage\":\"pt-PT\",\"@id\":\"https:\/\/maismagazine.pt\/#\/schema\/person\/image\/\",\"url\":\"https:\/\/secure.gravatar.com\/avatar\/ff03c2f38edf60b2a827aa4f74878491?s=96&d=mm&r=g\",\"contentUrl\":\"https:\/\/secure.gravatar.com\/avatar\/ff03c2f38edf60b2a827aa4f74878491?s=96&d=mm&r=g\",\"caption\":\"Jo\u00e3o Malainho\"},\"url\":\"http:\/\/maismagazine.pt\/index.php\/author\/maismagazine\/\"}]}<\/script>\n<!-- \/ Yoast SEO plugin. -->","yoast_head_json":{"title":"Col\u00e9gio de S\u00e3o Miguel de F\u00e1tima\u201c Amizade, Verdade e Exig\u00eancia\u201d - Mais Magazine","description":"Col\u00e9gio de S\u00e3o Miguel de F\u00e1tima \u00e9 uma institui\u00e7\u00e3o com uma hist\u00f3ria de mais de cinco d\u00e9cadas de dedica\u00e7\u00e3o ao ensino.","robots":{"index":"index","follow":"follow","max-snippet":"max-snippet:-1","max-image-preview":"max-image-preview:large","max-video-preview":"max-video-preview:-1"},"canonical":"http:\/\/maismagazine.pt\/index.php\/2022\/05\/02\/colegio-de-sao-miguel-de-fatima-amizade-verdade-e-exigencia\/","og_locale":"pt_PT","og_type":"article","og_title":"Col\u00e9gio de S\u00e3o Miguel de F\u00e1tima\u201c Amizade, Verdade e Exig\u00eancia\u201d - Mais Magazine","og_description":"Col\u00e9gio de S\u00e3o Miguel de F\u00e1tima \u00e9 uma institui\u00e7\u00e3o com uma hist\u00f3ria de mais de cinco d\u00e9cadas de dedica\u00e7\u00e3o ao ensino.","og_url":"http:\/\/maismagazine.pt\/index.php\/2022\/05\/02\/colegio-de-sao-miguel-de-fatima-amizade-verdade-e-exigencia\/","og_site_name":"Mais Magazine","article_published_time":"2022-05-02T15:03:56+00:00","og_image":[{"width":1600,"height":800,"url":"http:\/\/maismagazine.pt\/wp-content\/uploads\/2022\/05\/Colegio-Sao-Miguel.jpg","type":"image\/jpeg"}],"author":"Jo\u00e3o Malainho","twitter_card":"summary_large_image","twitter_misc":{"Escrito por":false,"Tempo estimado de leitura":"4 minutos"},"schema":{"@context":"https:\/\/schema.org","@graph":[{"@type":"Article","@id":"http:\/\/maismagazine.pt\/index.php\/2022\/05\/02\/colegio-de-sao-miguel-de-fatima-amizade-verdade-e-exigencia\/#article","isPartOf":{"@id":"http:\/\/maismagazine.pt\/index.php\/2022\/05\/02\/colegio-de-sao-miguel-de-fatima-amizade-verdade-e-exigencia\/"},"author":{"name":"Jo\u00e3o Malainho","@id":"https:\/\/maismagazine.pt\/#\/schema\/person\/999bd426f894ff56d397ec12ebd21ebb"},"headline":"Col\u00e9gio de S\u00e3o Miguel de F\u00e1tima\u201c Amizade, Verdade e Exig\u00eancia\u201d","datePublished":"2022-05-02T15:03:56+00:00","mainEntityOfPage":{"@id":"http:\/\/maismagazine.pt\/index.php\/2022\/05\/02\/colegio-de-sao-miguel-de-fatima-amizade-verdade-e-exigencia\/"},"wordCount":852,"commentCount":0,"publisher":{"@id":"https:\/\/maismagazine.pt\/#organization"},"image":{"@id":"http:\/\/maismagazine.pt\/index.php\/2022\/05\/02\/colegio-de-sao-miguel-de-fatima-amizade-verdade-e-exigencia\/#primaryimage"},"thumbnailUrl":"http:\/\/maismagazine.pt\/wp-content\/uploads\/2022\/05\/Colegio-Sao-Miguel.jpg","keywords":["Col\u00e9gio","F\u00e1tima","religi\u00e3o"],"articleSection":["Educa\u00e7\u00e3o"],"inLanguage":"pt-PT","potentialAction":[{"@type":"CommentAction","name":"Comment","target":["http:\/\/maismagazine.pt\/index.php\/2022\/05\/02\/colegio-de-sao-miguel-de-fatima-amizade-verdade-e-exigencia\/#respond"]}]},{"@type":"WebPage","@id":"http:\/\/maismagazine.pt\/index.php\/2022\/05\/02\/colegio-de-sao-miguel-de-fatima-amizade-verdade-e-exigencia\/","url":"http:\/\/maismagazine.pt\/index.php\/2022\/05\/02\/colegio-de-sao-miguel-de-fatima-amizade-verdade-e-exigencia\/","name":"Col\u00e9gio de S\u00e3o Miguel de F\u00e1tima\u201c Amizade, Verdade e Exig\u00eancia\u201d - Mais Magazine","isPartOf":{"@id":"https:\/\/maismagazine.pt\/#website"},"primaryImageOfPage":{"@id":"http:\/\/maismagazine.pt\/index.php\/2022\/05\/02\/colegio-de-sao-miguel-de-fatima-amizade-verdade-e-exigencia\/#primaryimage"},"image":{"@id":"http:\/\/maismagazine.pt\/index.php\/2022\/05\/02\/colegio-de-sao-miguel-de-fatima-amizade-verdade-e-exigencia\/#primaryimage"},"thumbnailUrl":"http:\/\/maismagazine.pt\/wp-content\/uploads\/2022\/05\/Colegio-Sao-Miguel.jpg","datePublished":"2022-05-02T15:03:56+00:00","description":"Col\u00e9gio de S\u00e3o Miguel de F\u00e1tima \u00e9 uma institui\u00e7\u00e3o com uma hist\u00f3ria de mais de cinco d\u00e9cadas de dedica\u00e7\u00e3o ao ensino.","breadcrumb":{"@id":"http:\/\/maismagazine.pt\/index.php\/2022\/05\/02\/colegio-de-sao-miguel-de-fatima-amizade-verdade-e-exigencia\/#breadcrumb"},"inLanguage":"pt-PT","potentialAction":[{"@type":"ReadAction","target":["http:\/\/maismagazine.pt\/index.php\/2022\/05\/02\/colegio-de-sao-miguel-de-fatima-amizade-verdade-e-exigencia\/"]}]},{"@type":"ImageObject","inLanguage":"pt-PT","@id":"http:\/\/maismagazine.pt\/index.php\/2022\/05\/02\/colegio-de-sao-miguel-de-fatima-amizade-verdade-e-exigencia\/#primaryimage","url":"http:\/\/maismagazine.pt\/wp-content\/uploads\/2022\/05\/Colegio-Sao-Miguel.jpg","contentUrl":"http:\/\/maismagazine.pt\/wp-content\/uploads\/2022\/05\/Colegio-Sao-Miguel.jpg","width":1600,"height":800},{"@type":"BreadcrumbList","@id":"http:\/\/maismagazine.pt\/index.php\/2022\/05\/02\/colegio-de-sao-miguel-de-fatima-amizade-verdade-e-exigencia\/#breadcrumb","itemListElement":[{"@type":"ListItem","position":1,"name":"Home","item":"https:\/\/maismagazine.pt\/"},{"@type":"ListItem","position":2,"name":"Col\u00e9gio de S\u00e3o Miguel de F\u00e1tima\u201c Amizade, Verdade e Exig\u00eancia\u201d"}]},{"@type":"WebSite","@id":"https:\/\/maismagazine.pt\/#website","url":"https:\/\/maismagazine.pt\/","name":"Mais Magazine","description":"","publisher":{"@id":"https:\/\/maismagazine.pt\/#organization"},"potentialAction":[{"@type":"SearchAction","target":{"@type":"EntryPoint","urlTemplate":"https:\/\/maismagazine.pt\/?s={search_term_string}"},"query-input":{"@type":"PropertyValueSpecification","valueRequired":true,"valueName":"search_term_string"}}],"inLanguage":"pt-PT"},{"@type":"Organization","@id":"https:\/\/maismagazine.pt\/#organization","name":"Mais Magazine","url":"https:\/\/maismagazine.pt\/","logo":{"@type":"ImageObject","inLanguage":"pt-PT","@id":"https:\/\/maismagazine.pt\/#\/schema\/logo\/image\/","url":"http:\/\/maismagazine.pt\/wp-content\/uploads\/2020\/04\/cropped-cropped-mais-magazine-site-logo-2.png","contentUrl":"http:\/\/maismagazine.pt\/wp-content\/uploads\/2020\/04\/cropped-cropped-mais-magazine-site-logo-2.png","width":581,"height":90,"caption":"Mais Magazine"},"image":{"@id":"https:\/\/maismagazine.pt\/#\/schema\/logo\/image\/"}},{"@type":"Person","@id":"https:\/\/maismagazine.pt\/#\/schema\/person\/999bd426f894ff56d397ec12ebd21ebb","name":"Jo\u00e3o Malainho","image":{"@type":"ImageObject","inLanguage":"pt-PT","@id":"https:\/\/maismagazine.pt\/#\/schema\/person\/image\/","url":"https:\/\/secure.gravatar.com\/avatar\/ff03c2f38edf60b2a827aa4f74878491?s=96&d=mm&r=g","contentUrl":"https:\/\/secure.gravatar.com\/avatar\/ff03c2f38edf60b2a827aa4f74878491?s=96&d=mm&r=g","caption":"Jo\u00e3o Malainho"},"url":"http:\/\/maismagazine.pt\/index.php\/author\/maismagazine\/"}]}},"author_meta":{"display_name":false,"author_link":"http:\/\/maismagazine.pt\/index.php\/author\/maismagazine\/"},"featured_img":"http:\/\/maismagazine.pt\/wp-content\/uploads\/2022\/05\/Colegio-Sao-Miguel-300x150.jpg","coauthors":[],"tax_additional":{"categories":{"linked":["<a href=\"http:\/\/maismagazine.pt\/index.php\/category\/educacao\/\" class=\"advgb-post-tax-term\">Educa\u00e7\u00e3o<\/a>"],"unlinked":["<span class=\"advgb-post-tax-term\">Educa\u00e7\u00e3o<\/span>"]},"tags":{"linked":["<a href=\"http:\/\/maismagazine.pt\/index.php\/category\/educacao\/\" class=\"advgb-post-tax-term\">Col\u00e9gio<\/a>","<a href=\"http:\/\/maismagazine.pt\/index.php\/category\/educacao\/\" class=\"advgb-post-tax-term\">F\u00e1tima<\/a>","<a href=\"http:\/\/maismagazine.pt\/index.php\/category\/educacao\/\" class=\"advgb-post-tax-term\">religi\u00e3o<\/a>"],"unlinked":["<span class=\"advgb-post-tax-term\">Col\u00e9gio<\/span>","<span class=\"advgb-post-tax-term\">F\u00e1tima<\/span>","<span class=\"advgb-post-tax-term\">religi\u00e3o<\/span>"]}},"comment_count":"0","relative_dates":{"created":"Posted 4 anos ago","modified":"Updated 4 anos ago"},"absolute_dates":{"created":"Posted on 2 de Maio, 2022","modified":"Updated on 2 de Maio, 2022"},"absolute_dates_time":{"created":"Posted on 2 de Maio, 2022 15:03","modified":"Updated on 2 de Maio, 2022 15:03"},"featured_img_caption":"","series_order":"","_links":{"self":[{"href":"http:\/\/maismagazine.pt\/index.php\/wp-json\/wp\/v2\/posts\/3101","targetHints":{"allow":["GET"]}}],"collection":[{"href":"http:\/\/maismagazine.pt\/index.php\/wp-json\/wp\/v2\/posts"}],"about":[{"href":"http:\/\/maismagazine.pt\/index.php\/wp-json\/wp\/v2\/types\/post"}],"author":[{"embeddable":true,"href":"http:\/\/maismagazine.pt\/index.php\/wp-json\/wp\/v2\/users\/7"}],"replies":[{"embeddable":true,"href":"http:\/\/maismagazine.pt\/index.php\/wp-json\/wp\/v2\/comments?post=3101"}],"version-history":[{"count":1,"href":"http:\/\/maismagazine.pt\/index.php\/wp-json\/wp\/v2\/posts\/3101\/revisions"}],"predecessor-version":[{"id":3103,"href":"http:\/\/maismagazine.pt\/index.php\/wp-json\/wp\/v2\/posts\/3101\/revisions\/3103"}],"wp:featuredmedia":[{"embeddable":true,"href":"http:\/\/maismagazine.pt\/index.php\/wp-json\/wp\/v2\/media\/3102"}],"wp:attachment":[{"href":"http:\/\/maismagazine.pt\/index.php\/wp-json\/wp\/v2\/media?parent=3101"}],"wp:term":[{"taxonomy":"category","embeddable":true,"href":"http:\/\/maismagazine.pt\/index.php\/wp-json\/wp\/v2\/categories?post=3101"},{"taxonomy":"post_tag","embeddable":true,"href":"http:\/\/maismagazine.pt\/index.php\/wp-json\/wp\/v2\/tags?post=3101"}],"curies":[{"name":"wp","href":"https:\/\/api.w.org\/{rel}","templated":true}]}}