{"id":2999,"date":"2022-04-14T07:34:05","date_gmt":"2022-04-14T07:34:05","guid":{"rendered":"https:\/\/maismagazine.pt\/?p=2999"},"modified":"2022-04-14T07:34:06","modified_gmt":"2022-04-14T07:34:06","slug":"somos-uma-escola-para-a-vida","status":"publish","type":"post","link":"http:\/\/maismagazine.pt\/index.php\/2022\/04\/14\/somos-uma-escola-para-a-vida\/","title":{"rendered":"\u201cSomos uma escola para a vida\u201d"},"content":{"rendered":"\n<p><strong>O Centro Educa\u00e7\u00e3o Integral (CEI) \u00e9 um estabelecimento de ensino particular que faz parte da hist\u00f3ria do ensino sanjoanense h\u00e1 30 anos. Uma institui\u00e7\u00e3o de refer\u00eancia nacional, alicer\u00e7ada na qualidade das pr\u00e1ticas educativas, que assume a nobre miss\u00e3o de formar integralmente os seus alunos, preparando-os para um futuro onde se possam afirmar agentes ativos e participativos na sociedade, como nos explica o Diretor, Joaquim Valente.<\/strong><\/p>\n\n\n\n<p><\/p>\n\n\n\n<p>\u201cO nosso col\u00e9gio \u00e9 um projeto familiar, fundado pela nossa fam\u00edlia &#8211; eu, a minha esposa e os nossos quatro filhos, e tamb\u00e9m pelas fam\u00edlias dos docentes, funcion\u00e1rios e alunos que sempre contribu\u00edram para o seu crescimento e sustentabilidade\u201d, come\u00e7a por explicar Joaquim Valente sobre a g\u00e9nese do projeto. Come\u00e7ou apenas com algumas salas de pr\u00e9-escolar num edif\u00edcio residencial, mas rapidamente a credibilidade do projeto deu garantias para avan\u00e7ar para infraestruturas pr\u00f3prias, capazes de sustentar o projeto que sempre lhe esteve subjacente: <a href=\"http:\/\/www.centro-edu-integral.pt\/\" target=\"_blank\" rel=\"noreferrer noopener\">O Centro de Educa\u00e7\u00e3o Integral<\/a>. Com novas infraestruturas, necess\u00e1rias para alcan\u00e7ar a t\u00e3o desejada educa\u00e7\u00e3o personalizada e integral, o CEI abriu portas em setembro de 1992. Hoje, disponibiliza \u00e0s fam\u00edlias uma oferta educativa desde a creche (atrav\u00e9s da parceria com a IPSS \u2013 Associa\u00e7\u00e3o de Apoio \u00e0 Educa\u00e7\u00e3o) at\u00e9 ao final do ensino secund\u00e1rio, com cursos cient\u00edfico-human\u00edsticos e cursos profissionais.<\/p>\n\n\n\n<p><strong>Oferta educativa centrada no aluno<\/strong><\/p>\n\n\n\n<p>O CEI aposta em pr\u00e1ticas educativas centradas nos alunos e que atendem aos interesses, necessidades e ritmos individuais de aprendizagem de cada um. \u201cTemos uma grande responsabilidade n\u00e3o s\u00f3 em transmitir conhecimento, mas acima de tudo em formar pessoas que sejam ativas numa sociedade aberta e democr\u00e1tica. Consideramos que tal s\u00f3 \u00e9 poss\u00edvel, colocando o aluno no centro da sua aprendizagem\u201d, afirma Joaquim Valente que n\u00e3o esquece ainda de mencionar a forte aposta do col\u00e9gio na promo\u00e7\u00e3o da valoriza\u00e7\u00e3o pessoal e cidad\u00e3 da comunidade escolar: \u201cprocuramos desenvolver uma escola de valores e ambiente familiar, sustentada numa equipa pedag\u00f3gica est\u00e1vel. Autonomia, resili\u00eancia, sentido cr\u00edtico e toler\u00e2ncia s\u00e3o alguns dos valores que promovemos diariamente\u201d. <\/p>\n\n\n\n<p>O fomento da rela\u00e7\u00e3o da fam\u00edlia com a escola e a organiza\u00e7\u00e3o de encontros e debates sobre problemas inerentes \u00e0 educa\u00e7\u00e3o, t\u00eam sido algumas das facetas mais marcantes do col\u00e9gio, que aposta numa rela\u00e7\u00e3o de proximidade com os encarregados de educa\u00e7\u00e3o. \u201cSomos um col\u00e9gio aberto em que as fam\u00edlias s\u00e3o convidadas a entrar nos nossos espa\u00e7os e a acompanharem as atividades dos seus filhos sempre que quiserem. Consideramos essencial que as fam\u00edlias sejam parceiras do col\u00e9gio e estejam informadas da evolu\u00e7\u00e3o dos seus filhos\u201d, esclarece.<\/p>\n\n\n\n<figure class=\"wp-block-gallery columns-1 is-cropped wp-block-gallery-1\"><ul class=\"blocks-gallery-grid\"><li class=\"blocks-gallery-item\"><figure><img loading=\"lazy\" decoding=\"async\" width=\"1024\" height=\"683\" src=\"https:\/\/maismagazine.pt\/wp-content\/uploads\/2022\/04\/CEI2.jpg\" alt=\"\" data-id=\"3015\" data-full-url=\"https:\/\/maismagazine.pt\/wp-content\/uploads\/2022\/04\/CEI2.jpg\" data-link=\"https:\/\/maismagazine.pt\/?attachment_id=3015\" class=\"wp-image-3015 is-layout-flex wp-block-gallery-is-layout-flex\" srcset=\"http:\/\/maismagazine.pt\/wp-content\/uploads\/2022\/04\/CEI2.jpg 1024w, http:\/\/maismagazine.pt\/wp-content\/uploads\/2022\/04\/CEI2-300x200.jpg 300w, http:\/\/maismagazine.pt\/wp-content\/uploads\/2022\/04\/CEI2-768x512.jpg 768w, http:\/\/maismagazine.pt\/wp-content\/uploads\/2022\/04\/CEI2-150x100.jpg 150w\" sizes=\"auto, (max-width: 1024px) 100vw, 1024px\" \/><\/figure><\/li><\/ul><\/figure>\n\n\n\n<p><\/p>\n\n\n\n<p><strong>Metodologias inovadoras<\/strong><\/p>\n\n\n\n<p>Tendo como miss\u00e3o o desenvolvimento integral de cada um dos seus alunos, o CEI vem apostando em metodologias que lhe permitem melhorar a implementa\u00e7\u00e3o desta miss\u00e3o. \u201cConsideramos que a maior inova\u00e7\u00e3o est\u00e1 em colocar o aluno no centro da sua aprendizagem e v\u00ea-lo como um membro ativo do processo.<\/p>\n\n\n\n<p>Procuramos que os nossos alunos aprendam a aprender, desenvolvam novas capacidades e tenham gosto em perceber o que se passa \u00e0 sua volta, n\u00e3o s\u00f3 agora, mas que o fa\u00e7am durante toda a sua vida, pois s\u00f3 assim estar\u00e3o preparados para um futuro que \u00e9 ainda desconhecido\u201d. Uma inova\u00e7\u00e3o que se estende ao ambicioso Plano de Atividades do col\u00e9gio que contempla projetos pedag\u00f3gicos inovadores, como nos explica o diretor: \u201cOs projetos mais inovadores surgem quando nos envolvemos na comunidade e no que se passa \u00e0 nossa volta\u201d. <\/p>\n\n\n\n<p>\u00c9 esta vis\u00e3o inovadora que permite aos alunos a oportunidade de contactar diretamente com o mercado de trabalho durante a GAP WEEK, participar em Projetos Erasmus, em competi\u00e7\u00f5es, momentos de reflex\u00e3o, debates e at\u00e9 em dias dedicados ao desporto e \u00e0 sa\u00fade. \u201cSomos uma escola para a vida. O nosso maior objetivo \u00e9 contribuir para a forma\u00e7\u00e3o de pessoas felizes e fazemos isso com uma equipa pedag\u00f3gica que alia a experi\u00eancia \u00e0 vontade de inovar para melhor responder aos desafios atuais e futuros\u201d.<\/p>\n\n\n\n<figure class=\"wp-block-gallery columns-2 is-cropped wp-block-gallery-2\"><ul class=\"blocks-gallery-grid\"><li class=\"blocks-gallery-item\"><figure><img loading=\"lazy\" decoding=\"async\" width=\"1024\" height=\"683\" src=\"https:\/\/maismagazine.pt\/wp-content\/uploads\/2022\/04\/CEI4.jpg\" alt=\"\" data-id=\"3016\" data-link=\"https:\/\/maismagazine.pt\/?attachment_id=3016\" class=\"wp-image-3016\" srcset=\"http:\/\/maismagazine.pt\/wp-content\/uploads\/2022\/04\/CEI4.jpg 1024w, http:\/\/maismagazine.pt\/wp-content\/uploads\/2022\/04\/CEI4-300x200.jpg 300w, http:\/\/maismagazine.pt\/wp-content\/uploads\/2022\/04\/CEI4-768x512.jpg 768w, http:\/\/maismagazine.pt\/wp-content\/uploads\/2022\/04\/CEI4-150x100.jpg 150w\" sizes=\"auto, (max-width: 1024px) 100vw, 1024px\" \/><\/figure><\/li><li class=\"blocks-gallery-item\"><figure><img loading=\"lazy\" decoding=\"async\" width=\"1024\" height=\"680\" src=\"https:\/\/maismagazine.pt\/wp-content\/uploads\/2022\/04\/CEI7-1024x680.jpg\" alt=\"\" data-id=\"3017\" data-full-url=\"https:\/\/maismagazine.pt\/wp-content\/uploads\/2022\/04\/CEI7.jpg\" data-link=\"https:\/\/maismagazine.pt\/?attachment_id=3017\" class=\"wp-image-3017 is-layout-flex wp-block-gallery-is-layout-flex\" srcset=\"http:\/\/maismagazine.pt\/wp-content\/uploads\/2022\/04\/CEI7-1024x680.jpg 1024w, http:\/\/maismagazine.pt\/wp-content\/uploads\/2022\/04\/CEI7-300x199.jpg 300w, http:\/\/maismagazine.pt\/wp-content\/uploads\/2022\/04\/CEI7-768x510.jpg 768w, http:\/\/maismagazine.pt\/wp-content\/uploads\/2022\/04\/CEI7-1536x1020.jpg 1536w, http:\/\/maismagazine.pt\/wp-content\/uploads\/2022\/04\/CEI7-2048x1360.jpg 2048w, http:\/\/maismagazine.pt\/wp-content\/uploads\/2022\/04\/CEI7-150x100.jpg 150w\" sizes=\"auto, (max-width: 1024px) 100vw, 1024px\" \/><\/figure><\/li><\/ul><\/figure>\n","protected":false},"excerpt":{"rendered":"<p>O Centro Educa\u00e7\u00e3o Integral (CEI) \u00e9 um estabelecimento de ensino particular que faz parte da hist\u00f3ria do ensino sanjoanense h\u00e1 30 anos. Uma institui\u00e7\u00e3o de refer\u00eancia nacional, alicer\u00e7ada na qualidade das pr\u00e1ticas educativas, que assume a nobre miss\u00e3o de formar integralmente os seus alunos, preparando-os para um futuro onde se&hellip;<\/p>\n","protected":false},"author":7,"featured_media":3013,"comment_status":"open","ping_status":"open","sticky":false,"template":"","format":"standard","meta":{"advgb_blocks_editor_width":"","advgb_blocks_columns_visual_guide":"","_monsterinsights_skip_tracking":false,"_monsterinsights_sitenote_active":false,"_monsterinsights_sitenote_note":"","_monsterinsights_sitenote_category":0,"footnotes":""},"categories":[149],"tags":[595,525,521,590,596,584],"class_list":["post-2999","post","type-post","status-publish","format-standard","has-post-thumbnail","hentry","category-educacao","tag-criancas","tag-educacao","tag-ensino","tag-estudantes","tag-familiar","tag-formacao"],"yoast_head":"<!-- This site is optimized with the Yoast SEO plugin v24.4 - https:\/\/yoast.com\/wordpress\/plugins\/seo\/ -->\n<title>\u201cSomos uma escola para a vida\u201d - Mais Magazine<\/title>\n<meta name=\"description\" content=\"O Centro Educa\u00e7\u00e3o Integral (CEI) \u00e9 um estabelecimento de ensino particular que faz parte da hist\u00f3ria do ensino sanjoanense h\u00e1 30 anos.\" \/>\n<meta name=\"robots\" content=\"index, follow, max-snippet:-1, max-image-preview:large, max-video-preview:-1\" \/>\n<link rel=\"canonical\" href=\"https:\/\/maismagazine.pt\/index.php\/2022\/04\/14\/somos-uma-escola-para-a-vida\/\" \/>\n<meta property=\"og:locale\" content=\"pt_PT\" \/>\n<meta property=\"og:type\" content=\"article\" \/>\n<meta property=\"og:title\" content=\"\u201cSomos uma escola para a vida\u201d - Mais Magazine\" \/>\n<meta property=\"og:description\" content=\"O Centro Educa\u00e7\u00e3o Integral (CEI) \u00e9 um estabelecimento de ensino particular que faz parte da hist\u00f3ria do ensino sanjoanense h\u00e1 30 anos.\" \/>\n<meta property=\"og:url\" content=\"https:\/\/maismagazine.pt\/index.php\/2022\/04\/14\/somos-uma-escola-para-a-vida\/\" \/>\n<meta property=\"og:site_name\" content=\"Mais Magazine\" \/>\n<meta property=\"article:published_time\" content=\"2022-04-14T07:34:05+00:00\" \/>\n<meta property=\"article:modified_time\" content=\"2022-04-14T07:34:06+00:00\" \/>\n<meta property=\"og:image\" content=\"https:\/\/maismagazine.pt\/wp-content\/uploads\/2022\/04\/CEI1.jpg\" \/>\n\t<meta property=\"og:image:width\" content=\"1024\" \/>\n\t<meta property=\"og:image:height\" content=\"683\" \/>\n\t<meta property=\"og:image:type\" content=\"image\/jpeg\" \/>\n<meta name=\"author\" content=\"Jo\u00e3o Malainho\" \/>\n<meta name=\"twitter:card\" content=\"summary_large_image\" \/>\n<meta name=\"twitter:label1\" content=\"Escrito por\" \/>\n\t<meta name=\"twitter:data1\" content=\"\" \/>\n\t<meta name=\"twitter:label2\" content=\"Tempo estimado de leitura\" \/>\n\t<meta name=\"twitter:data2\" content=\"4 minutos\" \/>\n<script type=\"application\/ld+json\" class=\"yoast-schema-graph\">{\"@context\":\"https:\/\/schema.org\",\"@graph\":[{\"@type\":\"Article\",\"@id\":\"https:\/\/maismagazine.pt\/index.php\/2022\/04\/14\/somos-uma-escola-para-a-vida\/#article\",\"isPartOf\":{\"@id\":\"https:\/\/maismagazine.pt\/index.php\/2022\/04\/14\/somos-uma-escola-para-a-vida\/\"},\"author\":{\"name\":\"Jo\u00e3o Malainho\",\"@id\":\"https:\/\/maismagazine.pt\/#\/schema\/person\/999bd426f894ff56d397ec12ebd21ebb\"},\"headline\":\"\u201cSomos uma escola para a vida\u201d\",\"datePublished\":\"2022-04-14T07:34:05+00:00\",\"dateModified\":\"2022-04-14T07:34:06+00:00\",\"mainEntityOfPage\":{\"@id\":\"https:\/\/maismagazine.pt\/index.php\/2022\/04\/14\/somos-uma-escola-para-a-vida\/\"},\"wordCount\":700,\"commentCount\":0,\"publisher\":{\"@id\":\"https:\/\/maismagazine.pt\/#organization\"},\"image\":{\"@id\":\"https:\/\/maismagazine.pt\/index.php\/2022\/04\/14\/somos-uma-escola-para-a-vida\/#primaryimage\"},\"thumbnailUrl\":\"http:\/\/maismagazine.pt\/wp-content\/uploads\/2022\/04\/CEI1.jpg\",\"keywords\":[\"crian\u00e7as\",\"Educa\u00e7\u00e3o\",\"Ensino\",\"estudantes\",\"familiar\",\"Forma\u00e7\u00e3o\"],\"articleSection\":[\"Educa\u00e7\u00e3o\"],\"inLanguage\":\"pt-PT\",\"potentialAction\":[{\"@type\":\"CommentAction\",\"name\":\"Comment\",\"target\":[\"https:\/\/maismagazine.pt\/index.php\/2022\/04\/14\/somos-uma-escola-para-a-vida\/#respond\"]}]},{\"@type\":\"WebPage\",\"@id\":\"https:\/\/maismagazine.pt\/index.php\/2022\/04\/14\/somos-uma-escola-para-a-vida\/\",\"url\":\"https:\/\/maismagazine.pt\/index.php\/2022\/04\/14\/somos-uma-escola-para-a-vida\/\",\"name\":\"\u201cSomos uma escola para a vida\u201d - Mais Magazine\",\"isPartOf\":{\"@id\":\"https:\/\/maismagazine.pt\/#website\"},\"primaryImageOfPage\":{\"@id\":\"https:\/\/maismagazine.pt\/index.php\/2022\/04\/14\/somos-uma-escola-para-a-vida\/#primaryimage\"},\"image\":{\"@id\":\"https:\/\/maismagazine.pt\/index.php\/2022\/04\/14\/somos-uma-escola-para-a-vida\/#primaryimage\"},\"thumbnailUrl\":\"http:\/\/maismagazine.pt\/wp-content\/uploads\/2022\/04\/CEI1.jpg\",\"datePublished\":\"2022-04-14T07:34:05+00:00\",\"dateModified\":\"2022-04-14T07:34:06+00:00\",\"description\":\"O Centro Educa\u00e7\u00e3o Integral (CEI) \u00e9 um estabelecimento de ensino particular que faz parte da hist\u00f3ria do ensino sanjoanense h\u00e1 30 anos.\",\"breadcrumb\":{\"@id\":\"https:\/\/maismagazine.pt\/index.php\/2022\/04\/14\/somos-uma-escola-para-a-vida\/#breadcrumb\"},\"inLanguage\":\"pt-PT\",\"potentialAction\":[{\"@type\":\"ReadAction\",\"target\":[\"https:\/\/maismagazine.pt\/index.php\/2022\/04\/14\/somos-uma-escola-para-a-vida\/\"]}]},{\"@type\":\"ImageObject\",\"inLanguage\":\"pt-PT\",\"@id\":\"https:\/\/maismagazine.pt\/index.php\/2022\/04\/14\/somos-uma-escola-para-a-vida\/#primaryimage\",\"url\":\"http:\/\/maismagazine.pt\/wp-content\/uploads\/2022\/04\/CEI1.jpg\",\"contentUrl\":\"http:\/\/maismagazine.pt\/wp-content\/uploads\/2022\/04\/CEI1.jpg\",\"width\":1024,\"height\":683},{\"@type\":\"BreadcrumbList\",\"@id\":\"https:\/\/maismagazine.pt\/index.php\/2022\/04\/14\/somos-uma-escola-para-a-vida\/#breadcrumb\",\"itemListElement\":[{\"@type\":\"ListItem\",\"position\":1,\"name\":\"Home\",\"item\":\"https:\/\/maismagazine.pt\/\"},{\"@type\":\"ListItem\",\"position\":2,\"name\":\"\u201cSomos uma escola para a vida\u201d\"}]},{\"@type\":\"WebSite\",\"@id\":\"https:\/\/maismagazine.pt\/#website\",\"url\":\"https:\/\/maismagazine.pt\/\",\"name\":\"Mais Magazine\",\"description\":\"\",\"publisher\":{\"@id\":\"https:\/\/maismagazine.pt\/#organization\"},\"potentialAction\":[{\"@type\":\"SearchAction\",\"target\":{\"@type\":\"EntryPoint\",\"urlTemplate\":\"https:\/\/maismagazine.pt\/?s={search_term_string}\"},\"query-input\":{\"@type\":\"PropertyValueSpecification\",\"valueRequired\":true,\"valueName\":\"search_term_string\"}}],\"inLanguage\":\"pt-PT\"},{\"@type\":\"Organization\",\"@id\":\"https:\/\/maismagazine.pt\/#organization\",\"name\":\"Mais Magazine\",\"url\":\"https:\/\/maismagazine.pt\/\",\"logo\":{\"@type\":\"ImageObject\",\"inLanguage\":\"pt-PT\",\"@id\":\"https:\/\/maismagazine.pt\/#\/schema\/logo\/image\/\",\"url\":\"http:\/\/maismagazine.pt\/wp-content\/uploads\/2020\/04\/cropped-cropped-mais-magazine-site-logo-2.png\",\"contentUrl\":\"http:\/\/maismagazine.pt\/wp-content\/uploads\/2020\/04\/cropped-cropped-mais-magazine-site-logo-2.png\",\"width\":581,\"height\":90,\"caption\":\"Mais Magazine\"},\"image\":{\"@id\":\"https:\/\/maismagazine.pt\/#\/schema\/logo\/image\/\"}},{\"@type\":\"Person\",\"@id\":\"https:\/\/maismagazine.pt\/#\/schema\/person\/999bd426f894ff56d397ec12ebd21ebb\",\"name\":\"Jo\u00e3o Malainho\",\"image\":{\"@type\":\"ImageObject\",\"inLanguage\":\"pt-PT\",\"@id\":\"https:\/\/maismagazine.pt\/#\/schema\/person\/image\/\",\"url\":\"https:\/\/secure.gravatar.com\/avatar\/ff03c2f38edf60b2a827aa4f74878491?s=96&d=mm&r=g\",\"contentUrl\":\"https:\/\/secure.gravatar.com\/avatar\/ff03c2f38edf60b2a827aa4f74878491?s=96&d=mm&r=g\",\"caption\":\"Jo\u00e3o Malainho\"},\"url\":\"http:\/\/maismagazine.pt\/index.php\/author\/maismagazine\/\"}]}<\/script>\n<!-- \/ Yoast SEO plugin. -->","yoast_head_json":{"title":"\u201cSomos uma escola para a vida\u201d - Mais Magazine","description":"O Centro Educa\u00e7\u00e3o Integral (CEI) \u00e9 um estabelecimento de ensino particular que faz parte da hist\u00f3ria do ensino sanjoanense h\u00e1 30 anos.","robots":{"index":"index","follow":"follow","max-snippet":"max-snippet:-1","max-image-preview":"max-image-preview:large","max-video-preview":"max-video-preview:-1"},"canonical":"https:\/\/maismagazine.pt\/index.php\/2022\/04\/14\/somos-uma-escola-para-a-vida\/","og_locale":"pt_PT","og_type":"article","og_title":"\u201cSomos uma escola para a vida\u201d - Mais Magazine","og_description":"O Centro Educa\u00e7\u00e3o Integral (CEI) \u00e9 um estabelecimento de ensino particular que faz parte da hist\u00f3ria do ensino sanjoanense h\u00e1 30 anos.","og_url":"https:\/\/maismagazine.pt\/index.php\/2022\/04\/14\/somos-uma-escola-para-a-vida\/","og_site_name":"Mais Magazine","article_published_time":"2022-04-14T07:34:05+00:00","article_modified_time":"2022-04-14T07:34:06+00:00","og_image":[{"width":1024,"height":683,"url":"https:\/\/maismagazine.pt\/wp-content\/uploads\/2022\/04\/CEI1.jpg","type":"image\/jpeg"}],"author":"Jo\u00e3o Malainho","twitter_card":"summary_large_image","twitter_misc":{"Escrito por":false,"Tempo estimado de leitura":"4 minutos"},"schema":{"@context":"https:\/\/schema.org","@graph":[{"@type":"Article","@id":"https:\/\/maismagazine.pt\/index.php\/2022\/04\/14\/somos-uma-escola-para-a-vida\/#article","isPartOf":{"@id":"https:\/\/maismagazine.pt\/index.php\/2022\/04\/14\/somos-uma-escola-para-a-vida\/"},"author":{"name":"Jo\u00e3o Malainho","@id":"https:\/\/maismagazine.pt\/#\/schema\/person\/999bd426f894ff56d397ec12ebd21ebb"},"headline":"\u201cSomos uma escola para a vida\u201d","datePublished":"2022-04-14T07:34:05+00:00","dateModified":"2022-04-14T07:34:06+00:00","mainEntityOfPage":{"@id":"https:\/\/maismagazine.pt\/index.php\/2022\/04\/14\/somos-uma-escola-para-a-vida\/"},"wordCount":700,"commentCount":0,"publisher":{"@id":"https:\/\/maismagazine.pt\/#organization"},"image":{"@id":"https:\/\/maismagazine.pt\/index.php\/2022\/04\/14\/somos-uma-escola-para-a-vida\/#primaryimage"},"thumbnailUrl":"http:\/\/maismagazine.pt\/wp-content\/uploads\/2022\/04\/CEI1.jpg","keywords":["crian\u00e7as","Educa\u00e7\u00e3o","Ensino","estudantes","familiar","Forma\u00e7\u00e3o"],"articleSection":["Educa\u00e7\u00e3o"],"inLanguage":"pt-PT","potentialAction":[{"@type":"CommentAction","name":"Comment","target":["https:\/\/maismagazine.pt\/index.php\/2022\/04\/14\/somos-uma-escola-para-a-vida\/#respond"]}]},{"@type":"WebPage","@id":"https:\/\/maismagazine.pt\/index.php\/2022\/04\/14\/somos-uma-escola-para-a-vida\/","url":"https:\/\/maismagazine.pt\/index.php\/2022\/04\/14\/somos-uma-escola-para-a-vida\/","name":"\u201cSomos uma escola para a vida\u201d - Mais Magazine","isPartOf":{"@id":"https:\/\/maismagazine.pt\/#website"},"primaryImageOfPage":{"@id":"https:\/\/maismagazine.pt\/index.php\/2022\/04\/14\/somos-uma-escola-para-a-vida\/#primaryimage"},"image":{"@id":"https:\/\/maismagazine.pt\/index.php\/2022\/04\/14\/somos-uma-escola-para-a-vida\/#primaryimage"},"thumbnailUrl":"http:\/\/maismagazine.pt\/wp-content\/uploads\/2022\/04\/CEI1.jpg","datePublished":"2022-04-14T07:34:05+00:00","dateModified":"2022-04-14T07:34:06+00:00","description":"O Centro Educa\u00e7\u00e3o Integral (CEI) \u00e9 um estabelecimento de ensino particular que faz parte da hist\u00f3ria do ensino sanjoanense h\u00e1 30 anos.","breadcrumb":{"@id":"https:\/\/maismagazine.pt\/index.php\/2022\/04\/14\/somos-uma-escola-para-a-vida\/#breadcrumb"},"inLanguage":"pt-PT","potentialAction":[{"@type":"ReadAction","target":["https:\/\/maismagazine.pt\/index.php\/2022\/04\/14\/somos-uma-escola-para-a-vida\/"]}]},{"@type":"ImageObject","inLanguage":"pt-PT","@id":"https:\/\/maismagazine.pt\/index.php\/2022\/04\/14\/somos-uma-escola-para-a-vida\/#primaryimage","url":"http:\/\/maismagazine.pt\/wp-content\/uploads\/2022\/04\/CEI1.jpg","contentUrl":"http:\/\/maismagazine.pt\/wp-content\/uploads\/2022\/04\/CEI1.jpg","width":1024,"height":683},{"@type":"BreadcrumbList","@id":"https:\/\/maismagazine.pt\/index.php\/2022\/04\/14\/somos-uma-escola-para-a-vida\/#breadcrumb","itemListElement":[{"@type":"ListItem","position":1,"name":"Home","item":"https:\/\/maismagazine.pt\/"},{"@type":"ListItem","position":2,"name":"\u201cSomos uma escola para a vida\u201d"}]},{"@type":"WebSite","@id":"https:\/\/maismagazine.pt\/#website","url":"https:\/\/maismagazine.pt\/","name":"Mais Magazine","description":"","publisher":{"@id":"https:\/\/maismagazine.pt\/#organization"},"potentialAction":[{"@type":"SearchAction","target":{"@type":"EntryPoint","urlTemplate":"https:\/\/maismagazine.pt\/?s={search_term_string}"},"query-input":{"@type":"PropertyValueSpecification","valueRequired":true,"valueName":"search_term_string"}}],"inLanguage":"pt-PT"},{"@type":"Organization","@id":"https:\/\/maismagazine.pt\/#organization","name":"Mais Magazine","url":"https:\/\/maismagazine.pt\/","logo":{"@type":"ImageObject","inLanguage":"pt-PT","@id":"https:\/\/maismagazine.pt\/#\/schema\/logo\/image\/","url":"http:\/\/maismagazine.pt\/wp-content\/uploads\/2020\/04\/cropped-cropped-mais-magazine-site-logo-2.png","contentUrl":"http:\/\/maismagazine.pt\/wp-content\/uploads\/2020\/04\/cropped-cropped-mais-magazine-site-logo-2.png","width":581,"height":90,"caption":"Mais Magazine"},"image":{"@id":"https:\/\/maismagazine.pt\/#\/schema\/logo\/image\/"}},{"@type":"Person","@id":"https:\/\/maismagazine.pt\/#\/schema\/person\/999bd426f894ff56d397ec12ebd21ebb","name":"Jo\u00e3o Malainho","image":{"@type":"ImageObject","inLanguage":"pt-PT","@id":"https:\/\/maismagazine.pt\/#\/schema\/person\/image\/","url":"https:\/\/secure.gravatar.com\/avatar\/ff03c2f38edf60b2a827aa4f74878491?s=96&d=mm&r=g","contentUrl":"https:\/\/secure.gravatar.com\/avatar\/ff03c2f38edf60b2a827aa4f74878491?s=96&d=mm&r=g","caption":"Jo\u00e3o Malainho"},"url":"http:\/\/maismagazine.pt\/index.php\/author\/maismagazine\/"}]}},"author_meta":{"display_name":false,"author_link":"http:\/\/maismagazine.pt\/index.php\/author\/maismagazine\/"},"featured_img":"http:\/\/maismagazine.pt\/wp-content\/uploads\/2022\/04\/CEI1-300x200.jpg","coauthors":[],"tax_additional":{"categories":{"linked":["<a href=\"http:\/\/maismagazine.pt\/index.php\/category\/educacao\/\" class=\"advgb-post-tax-term\">Educa\u00e7\u00e3o<\/a>"],"unlinked":["<span class=\"advgb-post-tax-term\">Educa\u00e7\u00e3o<\/span>"]},"tags":{"linked":["<a href=\"http:\/\/maismagazine.pt\/index.php\/category\/educacao\/\" class=\"advgb-post-tax-term\">crian\u00e7as<\/a>","<a href=\"http:\/\/maismagazine.pt\/index.php\/category\/educacao\/\" class=\"advgb-post-tax-term\">Educa\u00e7\u00e3o<\/a>","<a href=\"http:\/\/maismagazine.pt\/index.php\/category\/educacao\/\" class=\"advgb-post-tax-term\">Ensino<\/a>","<a href=\"http:\/\/maismagazine.pt\/index.php\/category\/educacao\/\" class=\"advgb-post-tax-term\">estudantes<\/a>","<a href=\"http:\/\/maismagazine.pt\/index.php\/category\/educacao\/\" class=\"advgb-post-tax-term\">familiar<\/a>","<a href=\"http:\/\/maismagazine.pt\/index.php\/category\/educacao\/\" class=\"advgb-post-tax-term\">Forma\u00e7\u00e3o<\/a>"],"unlinked":["<span class=\"advgb-post-tax-term\">crian\u00e7as<\/span>","<span class=\"advgb-post-tax-term\">Educa\u00e7\u00e3o<\/span>","<span class=\"advgb-post-tax-term\">Ensino<\/span>","<span class=\"advgb-post-tax-term\">estudantes<\/span>","<span class=\"advgb-post-tax-term\">familiar<\/span>","<span class=\"advgb-post-tax-term\">Forma\u00e7\u00e3o<\/span>"]}},"comment_count":"0","relative_dates":{"created":"Posted 4 anos ago","modified":"Updated 4 anos ago"},"absolute_dates":{"created":"Posted on 14 de Abril, 2022","modified":"Updated on 14 de Abril, 2022"},"absolute_dates_time":{"created":"Posted on 14 de Abril, 2022 7:34","modified":"Updated on 14 de Abril, 2022 7:34"},"featured_img_caption":"","series_order":"","_links":{"self":[{"href":"http:\/\/maismagazine.pt\/index.php\/wp-json\/wp\/v2\/posts\/2999","targetHints":{"allow":["GET"]}}],"collection":[{"href":"http:\/\/maismagazine.pt\/index.php\/wp-json\/wp\/v2\/posts"}],"about":[{"href":"http:\/\/maismagazine.pt\/index.php\/wp-json\/wp\/v2\/types\/post"}],"author":[{"embeddable":true,"href":"http:\/\/maismagazine.pt\/index.php\/wp-json\/wp\/v2\/users\/7"}],"replies":[{"embeddable":true,"href":"http:\/\/maismagazine.pt\/index.php\/wp-json\/wp\/v2\/comments?post=2999"}],"version-history":[{"count":3,"href":"http:\/\/maismagazine.pt\/index.php\/wp-json\/wp\/v2\/posts\/2999\/revisions"}],"predecessor-version":[{"id":3074,"href":"http:\/\/maismagazine.pt\/index.php\/wp-json\/wp\/v2\/posts\/2999\/revisions\/3074"}],"wp:featuredmedia":[{"embeddable":true,"href":"http:\/\/maismagazine.pt\/index.php\/wp-json\/wp\/v2\/media\/3013"}],"wp:attachment":[{"href":"http:\/\/maismagazine.pt\/index.php\/wp-json\/wp\/v2\/media?parent=2999"}],"wp:term":[{"taxonomy":"category","embeddable":true,"href":"http:\/\/maismagazine.pt\/index.php\/wp-json\/wp\/v2\/categories?post=2999"},{"taxonomy":"post_tag","embeddable":true,"href":"http:\/\/maismagazine.pt\/index.php\/wp-json\/wp\/v2\/tags?post=2999"}],"curies":[{"name":"wp","href":"https:\/\/api.w.org\/{rel}","templated":true}]}}