{"id":2991,"date":"2022-04-14T07:34:16","date_gmt":"2022-04-14T07:34:16","guid":{"rendered":"https:\/\/maismagazine.pt\/?p=2991"},"modified":"2022-05-05T12:29:15","modified_gmt":"2022-05-05T11:29:15","slug":"colegio-paulo-vi-aprendendo-no-passado-e-fazendo-no-presente-se-constroi-o-futuro","status":"publish","type":"post","link":"http:\/\/maismagazine.pt\/index.php\/2022\/04\/14\/colegio-paulo-vi-aprendendo-no-passado-e-fazendo-no-presente-se-constroi-o-futuro\/","title":{"rendered":"Col\u00e9gio Paulo VI &#8211; \u201cAprendendo no passado e fazendo no presente se constr\u00f3i o futuro\u201d"},"content":{"rendered":"\n<p><strong>O Col\u00e9gio Paulo VI faz parte da hist\u00f3ria da educa\u00e7\u00e3o nacional h\u00e1 mais de 50 anos. Pelas suas salas de aula j\u00e1 passaram milhares de alunos e centenas de professores. Este \u00e9 um espa\u00e7o que acolhe, como \u201ccasa\u201d, ensina e prepara para o futuro atrav\u00e9s de um ensino de qualidade, alicer\u00e7ado na excel\u00eancia, compet\u00eancia e rigor, como nos explicam em entrevista os seus Diretores, Dulce Machado e Rui Castro.<\/strong><\/p>\n\n\n\n<p><\/p>\n\n\n\n<p>O <a href=\"https:\/\/www.colegiopaulovi.com\/\" target=\"_blank\" rel=\"noreferrer noopener\">Col\u00e9gio Paulo VI<\/a> foi fundado no ano de 1964 pela ordem dos Frades Menores Capuchinhos, assumindo, em 1994, o estatuto de estabelecimento de ensino privado pela atual Dire\u00e7\u00e3o. A partir de 1995 passou a cooperar com a rede p\u00fablica de educa\u00e7\u00e3o, ao n\u00edvel do ensino secund\u00e1rio, no \u00e2mbito dos contratos de associa\u00e7\u00e3o. Posteriormente, em 2016, com a cess\u00e3o dos contratos de associa\u00e7\u00e3o, assumiu-se como entidade privada totalmente aut\u00f3noma e independente, posicionando-se como um col\u00e9gio de refer\u00eancia e de excel\u00eancia na oferta educativa do distrito do Porto.<\/p>\n\n\n\n<p>Com uma oferta educativa excecional, o Col\u00e9gio Paulo VI distingue-se por um ensino de qualidade e pelo uso de metodologias potenciadoras do sucesso pessoal e acad\u00e9mico dos alunos. \u201cO Col\u00e9gio Paulo VI obedece ao curr\u00edculo nacional, fazendo apostas diversificadas nos v\u00e1rios n\u00edveis de ensino, desde a Creche, Pr\u00e9-Escolar, Ensino B\u00e1sico e Secund\u00e1rio, sendo de destacar uma forte valoriza\u00e7\u00e3o da l\u00edngua inglesa, que se inicia no pr\u00e9-escolar, assim como uma sele\u00e7\u00e3o de atividades de complemento do curr\u00edculo e extracurriculares suscet\u00edveis de promover o desenvolvimento pessoal\u201d, explicam. <\/p>\n\n\n\n<p>A voca\u00e7\u00e3o ecl\u00e9tica deste estabelecimento de ensino particular, sempre atento a todos e a cada um dos alunos, a par do rigor, dedica\u00e7\u00e3o, exig\u00eancia e humanidade de todos aqueles que nele trabalham foram e continuam a ser as facetas mais marcantes deste col\u00e9gio. \u201cO respeito pela singularidade de cada aluno, as suas metas, sonhos, desejos e valores s\u00e3o fundamentais no dia-a-dia da nossa institui\u00e7\u00e3o\u201d.<\/p>\n\n\n\n<div class=\"wp-block-image\"><figure class=\"aligncenter size-large is-resized\"><img loading=\"lazy\" decoding=\"async\" src=\"https:\/\/maismagazine.pt\/wp-content\/uploads\/2022\/04\/campo-1024x426.png\" alt=\"\" class=\"wp-image-2997\" width=\"853\" height=\"355\" srcset=\"http:\/\/maismagazine.pt\/wp-content\/uploads\/2022\/04\/campo-1024x426.png 1024w, http:\/\/maismagazine.pt\/wp-content\/uploads\/2022\/04\/campo-300x125.png 300w, http:\/\/maismagazine.pt\/wp-content\/uploads\/2022\/04\/campo-768x320.png 768w, http:\/\/maismagazine.pt\/wp-content\/uploads\/2022\/04\/campo.png 1364w\" sizes=\"auto, (max-width: 853px) 100vw, 853px\" \/><\/figure><\/div>\n\n\n\n<p><\/p>\n\n\n\n<p><strong>Projetos pedag\u00f3gicos inovadores<\/strong><\/p>\n\n\n\n<p>O Plano Anual de Atividades do Col\u00e9gio Paulo VI contempla projetos pedag\u00f3gicos inovadores, quer a n\u00edvel nacional quer internacional, numa din\u00e2mica que constantemente se desafia a si pr\u00f3pria e que permite aos seus alunos ampliar o conceito de cidadania e articular os conte\u00fados com aprendizagens reais e intencionais. Exemplo disso s\u00e3o o Projeto de Voluntariado, destinado a alunos do ensino secund\u00e1rio, o Grupo de Performance Criativa, o Clube do Ambiente, Eco-Escolas, a Associa\u00e7\u00e3o de Estudantes que, em conjunto com a Dire\u00e7\u00e3o do Col\u00e9gio, tem promovido algumas a\u00e7\u00f5es de \u00edndole solid\u00e1ria, Filosofia para Crian\u00e7as, o programa internacional Erasmus+, Speaking and Listening, Rob\u00f3tica, Parlamento dos Jovens e Torneio de Ret\u00f3rica, entre muitas outras atividades no \u00e2mbito do perfil art\u00edstico da M\u00fasica e da Dan\u00e7a, assim como diversas atividades desportivas e clubes federados. \u201cA import\u00e2ncia dos m\u00e9todos de aprendizagem inovadores prende-se com a otimiza\u00e7\u00e3o dos resultados dos alunos, assim como com o facto de os alunos terem ao seu dispor um leque de ferramentas de autorregula\u00e7\u00e3o da aprendizagem, que lhes permitem ajustar os seus m\u00e9todos e processos de aprendizagem, assim como o seu equil\u00edbrio cognitivo, emocional e social\u201d.<\/p>\n\n\n\n<p>Falar do Col\u00e9gio Paulo VI \u00e9 falar de hist\u00f3ria, prest\u00edgio e dedica\u00e7\u00e3o. A grande meta para o futuro \u00e9 continuar na vanguarda em termos pedag\u00f3gicos, levando ainda mais longe a sua ambi\u00e7\u00e3o, em termos da personaliza\u00e7\u00e3o do ensino, de transi\u00e7\u00e3o para a sociedade digital e da constru\u00e7\u00e3o de uma escola que seja um espa\u00e7o de cidadania e de forma\u00e7\u00e3o cultural. Para al\u00e9m disso, \u201ca aposta cont\u00ednua da dire\u00e7\u00e3o na remodela\u00e7\u00e3o e cria\u00e7\u00e3o de novos espa\u00e7os, levou a que este ano fosse implementado um novo campo polidesportivo e de padel, circuito de manuten\u00e7\u00e3o, zona pedonal e zona de recreio e lazer, para que os alunos possam usufruir de diversas atividades num espa\u00e7o ao ar livre\u201d.<\/p>\n","protected":false},"excerpt":{"rendered":"<p>O Col\u00e9gio Paulo VI faz parte da hist\u00f3ria da educa\u00e7\u00e3o nacional h\u00e1 mais de 50 anos. Pelas suas salas de aula j\u00e1 passaram milhares de alunos e centenas de professores. Este \u00e9 um espa\u00e7o que acolhe, como \u201ccasa\u201d, ensina e prepara para o futuro atrav\u00e9s de um ensino de qualidade,&hellip;<\/p>\n","protected":false},"author":7,"featured_media":2996,"comment_status":"open","ping_status":"open","sticky":false,"template":"","format":"standard","meta":{"advgb_blocks_editor_width":"","advgb_blocks_columns_visual_guide":"","_monsterinsights_skip_tracking":false,"_monsterinsights_sitenote_active":false,"_monsterinsights_sitenote_note":"","_monsterinsights_sitenote_category":0,"footnotes":""},"categories":[52,149],"tags":[525,521,358,540],"class_list":["post-2991","post","type-post","status-publish","format-standard","has-post-thumbnail","hentry","category-destaque","category-educacao","tag-educacao","tag-ensino","tag-formacao-profissional","tag-futuro"],"yoast_head":"<!-- This site is optimized with the Yoast SEO plugin v24.4 - https:\/\/yoast.com\/wordpress\/plugins\/seo\/ -->\n<title>Col\u00e9gio Paulo VI - \u201cAprendendo no passado e fazendo no presente se constr\u00f3i o futuro\u201d - Mais Magazine<\/title>\n<meta name=\"description\" content=\"O Col\u00e9gio Paulo VI faz parte da hist\u00f3ria da educa\u00e7\u00e3o nacional h\u00e1 mais de 50 anos. Pelas suas salas de aula j\u00e1 passaram milhares de alunos...\" \/>\n<meta name=\"robots\" content=\"index, follow, max-snippet:-1, max-image-preview:large, max-video-preview:-1\" \/>\n<link rel=\"canonical\" href=\"http:\/\/maismagazine.pt\/index.php\/2022\/04\/14\/colegio-paulo-vi-aprendendo-no-passado-e-fazendo-no-presente-se-constroi-o-futuro\/\" \/>\n<meta property=\"og:locale\" content=\"pt_PT\" \/>\n<meta property=\"og:type\" content=\"article\" \/>\n<meta property=\"og:title\" content=\"Col\u00e9gio Paulo VI - \u201cAprendendo no passado e fazendo no presente se constr\u00f3i o futuro\u201d - Mais Magazine\" \/>\n<meta property=\"og:description\" content=\"O Col\u00e9gio Paulo VI faz parte da hist\u00f3ria da educa\u00e7\u00e3o nacional h\u00e1 mais de 50 anos. Pelas suas salas de aula j\u00e1 passaram milhares de alunos...\" \/>\n<meta property=\"og:url\" content=\"http:\/\/maismagazine.pt\/index.php\/2022\/04\/14\/colegio-paulo-vi-aprendendo-no-passado-e-fazendo-no-presente-se-constroi-o-futuro\/\" \/>\n<meta property=\"og:site_name\" content=\"Mais Magazine\" \/>\n<meta property=\"article:published_time\" content=\"2022-04-14T07:34:16+00:00\" \/>\n<meta property=\"article:modified_time\" content=\"2022-05-05T11:29:15+00:00\" \/>\n<meta property=\"og:image\" content=\"http:\/\/maismagazine.pt\/wp-content\/uploads\/2022\/04\/edificio_colegio.jpg\" \/>\n\t<meta property=\"og:image:width\" content=\"1920\" \/>\n\t<meta property=\"og:image:height\" content=\"731\" \/>\n\t<meta property=\"og:image:type\" content=\"image\/jpeg\" \/>\n<meta name=\"author\" content=\"Jo\u00e3o Malainho\" \/>\n<meta name=\"twitter:card\" content=\"summary_large_image\" \/>\n<meta name=\"twitter:label1\" content=\"Escrito por\" \/>\n\t<meta name=\"twitter:data1\" content=\"\" \/>\n\t<meta name=\"twitter:label2\" content=\"Tempo estimado de leitura\" \/>\n\t<meta name=\"twitter:data2\" content=\"3 minutos\" \/>\n<script type=\"application\/ld+json\" class=\"yoast-schema-graph\">{\"@context\":\"https:\/\/schema.org\",\"@graph\":[{\"@type\":\"Article\",\"@id\":\"http:\/\/maismagazine.pt\/index.php\/2022\/04\/14\/colegio-paulo-vi-aprendendo-no-passado-e-fazendo-no-presente-se-constroi-o-futuro\/#article\",\"isPartOf\":{\"@id\":\"http:\/\/maismagazine.pt\/index.php\/2022\/04\/14\/colegio-paulo-vi-aprendendo-no-passado-e-fazendo-no-presente-se-constroi-o-futuro\/\"},\"author\":{\"name\":\"Jo\u00e3o Malainho\",\"@id\":\"http:\/\/maismagazine.pt\/#\/schema\/person\/999bd426f894ff56d397ec12ebd21ebb\"},\"headline\":\"Col\u00e9gio Paulo VI &#8211; \u201cAprendendo no passado e fazendo no presente se constr\u00f3i o futuro\u201d\",\"datePublished\":\"2022-04-14T07:34:16+00:00\",\"dateModified\":\"2022-05-05T11:29:15+00:00\",\"mainEntityOfPage\":{\"@id\":\"http:\/\/maismagazine.pt\/index.php\/2022\/04\/14\/colegio-paulo-vi-aprendendo-no-passado-e-fazendo-no-presente-se-constroi-o-futuro\/\"},\"wordCount\":704,\"commentCount\":0,\"publisher\":{\"@id\":\"http:\/\/maismagazine.pt\/#organization\"},\"image\":{\"@id\":\"http:\/\/maismagazine.pt\/index.php\/2022\/04\/14\/colegio-paulo-vi-aprendendo-no-passado-e-fazendo-no-presente-se-constroi-o-futuro\/#primaryimage\"},\"thumbnailUrl\":\"http:\/\/maismagazine.pt\/wp-content\/uploads\/2022\/04\/edificio_colegio.jpg\",\"keywords\":[\"Educa\u00e7\u00e3o\",\"Ensino\",\"forma\u00e7\u00e3o profissional\",\"futuro\"],\"articleSection\":[\"Destaque lateral\",\"Educa\u00e7\u00e3o\"],\"inLanguage\":\"pt-PT\",\"potentialAction\":[{\"@type\":\"CommentAction\",\"name\":\"Comment\",\"target\":[\"http:\/\/maismagazine.pt\/index.php\/2022\/04\/14\/colegio-paulo-vi-aprendendo-no-passado-e-fazendo-no-presente-se-constroi-o-futuro\/#respond\"]}]},{\"@type\":\"WebPage\",\"@id\":\"http:\/\/maismagazine.pt\/index.php\/2022\/04\/14\/colegio-paulo-vi-aprendendo-no-passado-e-fazendo-no-presente-se-constroi-o-futuro\/\",\"url\":\"http:\/\/maismagazine.pt\/index.php\/2022\/04\/14\/colegio-paulo-vi-aprendendo-no-passado-e-fazendo-no-presente-se-constroi-o-futuro\/\",\"name\":\"Col\u00e9gio Paulo VI - \u201cAprendendo no passado e fazendo no presente se constr\u00f3i o futuro\u201d - Mais Magazine\",\"isPartOf\":{\"@id\":\"http:\/\/maismagazine.pt\/#website\"},\"primaryImageOfPage\":{\"@id\":\"http:\/\/maismagazine.pt\/index.php\/2022\/04\/14\/colegio-paulo-vi-aprendendo-no-passado-e-fazendo-no-presente-se-constroi-o-futuro\/#primaryimage\"},\"image\":{\"@id\":\"http:\/\/maismagazine.pt\/index.php\/2022\/04\/14\/colegio-paulo-vi-aprendendo-no-passado-e-fazendo-no-presente-se-constroi-o-futuro\/#primaryimage\"},\"thumbnailUrl\":\"http:\/\/maismagazine.pt\/wp-content\/uploads\/2022\/04\/edificio_colegio.jpg\",\"datePublished\":\"2022-04-14T07:34:16+00:00\",\"dateModified\":\"2022-05-05T11:29:15+00:00\",\"description\":\"O Col\u00e9gio Paulo VI faz parte da hist\u00f3ria da educa\u00e7\u00e3o nacional h\u00e1 mais de 50 anos. Pelas suas salas de aula j\u00e1 passaram milhares de alunos...\",\"breadcrumb\":{\"@id\":\"http:\/\/maismagazine.pt\/index.php\/2022\/04\/14\/colegio-paulo-vi-aprendendo-no-passado-e-fazendo-no-presente-se-constroi-o-futuro\/#breadcrumb\"},\"inLanguage\":\"pt-PT\",\"potentialAction\":[{\"@type\":\"ReadAction\",\"target\":[\"http:\/\/maismagazine.pt\/index.php\/2022\/04\/14\/colegio-paulo-vi-aprendendo-no-passado-e-fazendo-no-presente-se-constroi-o-futuro\/\"]}]},{\"@type\":\"ImageObject\",\"inLanguage\":\"pt-PT\",\"@id\":\"http:\/\/maismagazine.pt\/index.php\/2022\/04\/14\/colegio-paulo-vi-aprendendo-no-passado-e-fazendo-no-presente-se-constroi-o-futuro\/#primaryimage\",\"url\":\"http:\/\/maismagazine.pt\/wp-content\/uploads\/2022\/04\/edificio_colegio.jpg\",\"contentUrl\":\"http:\/\/maismagazine.pt\/wp-content\/uploads\/2022\/04\/edificio_colegio.jpg\",\"width\":1920,\"height\":731},{\"@type\":\"BreadcrumbList\",\"@id\":\"http:\/\/maismagazine.pt\/index.php\/2022\/04\/14\/colegio-paulo-vi-aprendendo-no-passado-e-fazendo-no-presente-se-constroi-o-futuro\/#breadcrumb\",\"itemListElement\":[{\"@type\":\"ListItem\",\"position\":1,\"name\":\"Home\",\"item\":\"http:\/\/maismagazine.pt\/\"},{\"@type\":\"ListItem\",\"position\":2,\"name\":\"Col\u00e9gio Paulo VI &#8211; \u201cAprendendo no passado e fazendo no presente se constr\u00f3i o futuro\u201d\"}]},{\"@type\":\"WebSite\",\"@id\":\"http:\/\/maismagazine.pt\/#website\",\"url\":\"http:\/\/maismagazine.pt\/\",\"name\":\"Mais Magazine\",\"description\":\"\",\"publisher\":{\"@id\":\"http:\/\/maismagazine.pt\/#organization\"},\"potentialAction\":[{\"@type\":\"SearchAction\",\"target\":{\"@type\":\"EntryPoint\",\"urlTemplate\":\"http:\/\/maismagazine.pt\/?s={search_term_string}\"},\"query-input\":{\"@type\":\"PropertyValueSpecification\",\"valueRequired\":true,\"valueName\":\"search_term_string\"}}],\"inLanguage\":\"pt-PT\"},{\"@type\":\"Organization\",\"@id\":\"http:\/\/maismagazine.pt\/#organization\",\"name\":\"Mais Magazine\",\"url\":\"http:\/\/maismagazine.pt\/\",\"logo\":{\"@type\":\"ImageObject\",\"inLanguage\":\"pt-PT\",\"@id\":\"http:\/\/maismagazine.pt\/#\/schema\/logo\/image\/\",\"url\":\"http:\/\/maismagazine.pt\/wp-content\/uploads\/2020\/04\/cropped-cropped-mais-magazine-site-logo-2.png\",\"contentUrl\":\"http:\/\/maismagazine.pt\/wp-content\/uploads\/2020\/04\/cropped-cropped-mais-magazine-site-logo-2.png\",\"width\":581,\"height\":90,\"caption\":\"Mais Magazine\"},\"image\":{\"@id\":\"http:\/\/maismagazine.pt\/#\/schema\/logo\/image\/\"}},{\"@type\":\"Person\",\"@id\":\"http:\/\/maismagazine.pt\/#\/schema\/person\/999bd426f894ff56d397ec12ebd21ebb\",\"name\":\"Jo\u00e3o Malainho\",\"image\":{\"@type\":\"ImageObject\",\"inLanguage\":\"pt-PT\",\"@id\":\"http:\/\/maismagazine.pt\/#\/schema\/person\/image\/\",\"url\":\"https:\/\/secure.gravatar.com\/avatar\/ff03c2f38edf60b2a827aa4f74878491?s=96&d=mm&r=g\",\"contentUrl\":\"https:\/\/secure.gravatar.com\/avatar\/ff03c2f38edf60b2a827aa4f74878491?s=96&d=mm&r=g\",\"caption\":\"Jo\u00e3o Malainho\"},\"url\":\"http:\/\/maismagazine.pt\/index.php\/author\/maismagazine\/\"}]}<\/script>\n<!-- \/ Yoast SEO plugin. -->","yoast_head_json":{"title":"Col\u00e9gio Paulo VI - \u201cAprendendo no passado e fazendo no presente se constr\u00f3i o futuro\u201d - Mais Magazine","description":"O Col\u00e9gio Paulo VI faz parte da hist\u00f3ria da educa\u00e7\u00e3o nacional h\u00e1 mais de 50 anos. Pelas suas salas de aula j\u00e1 passaram milhares de alunos...","robots":{"index":"index","follow":"follow","max-snippet":"max-snippet:-1","max-image-preview":"max-image-preview:large","max-video-preview":"max-video-preview:-1"},"canonical":"http:\/\/maismagazine.pt\/index.php\/2022\/04\/14\/colegio-paulo-vi-aprendendo-no-passado-e-fazendo-no-presente-se-constroi-o-futuro\/","og_locale":"pt_PT","og_type":"article","og_title":"Col\u00e9gio Paulo VI - \u201cAprendendo no passado e fazendo no presente se constr\u00f3i o futuro\u201d - Mais Magazine","og_description":"O Col\u00e9gio Paulo VI faz parte da hist\u00f3ria da educa\u00e7\u00e3o nacional h\u00e1 mais de 50 anos. Pelas suas salas de aula j\u00e1 passaram milhares de alunos...","og_url":"http:\/\/maismagazine.pt\/index.php\/2022\/04\/14\/colegio-paulo-vi-aprendendo-no-passado-e-fazendo-no-presente-se-constroi-o-futuro\/","og_site_name":"Mais Magazine","article_published_time":"2022-04-14T07:34:16+00:00","article_modified_time":"2022-05-05T11:29:15+00:00","og_image":[{"width":1920,"height":731,"url":"http:\/\/maismagazine.pt\/wp-content\/uploads\/2022\/04\/edificio_colegio.jpg","type":"image\/jpeg"}],"author":"Jo\u00e3o Malainho","twitter_card":"summary_large_image","twitter_misc":{"Escrito por":false,"Tempo estimado de leitura":"3 minutos"},"schema":{"@context":"https:\/\/schema.org","@graph":[{"@type":"Article","@id":"http:\/\/maismagazine.pt\/index.php\/2022\/04\/14\/colegio-paulo-vi-aprendendo-no-passado-e-fazendo-no-presente-se-constroi-o-futuro\/#article","isPartOf":{"@id":"http:\/\/maismagazine.pt\/index.php\/2022\/04\/14\/colegio-paulo-vi-aprendendo-no-passado-e-fazendo-no-presente-se-constroi-o-futuro\/"},"author":{"name":"Jo\u00e3o Malainho","@id":"http:\/\/maismagazine.pt\/#\/schema\/person\/999bd426f894ff56d397ec12ebd21ebb"},"headline":"Col\u00e9gio Paulo VI &#8211; \u201cAprendendo no passado e fazendo no presente se constr\u00f3i o futuro\u201d","datePublished":"2022-04-14T07:34:16+00:00","dateModified":"2022-05-05T11:29:15+00:00","mainEntityOfPage":{"@id":"http:\/\/maismagazine.pt\/index.php\/2022\/04\/14\/colegio-paulo-vi-aprendendo-no-passado-e-fazendo-no-presente-se-constroi-o-futuro\/"},"wordCount":704,"commentCount":0,"publisher":{"@id":"http:\/\/maismagazine.pt\/#organization"},"image":{"@id":"http:\/\/maismagazine.pt\/index.php\/2022\/04\/14\/colegio-paulo-vi-aprendendo-no-passado-e-fazendo-no-presente-se-constroi-o-futuro\/#primaryimage"},"thumbnailUrl":"http:\/\/maismagazine.pt\/wp-content\/uploads\/2022\/04\/edificio_colegio.jpg","keywords":["Educa\u00e7\u00e3o","Ensino","forma\u00e7\u00e3o profissional","futuro"],"articleSection":["Destaque lateral","Educa\u00e7\u00e3o"],"inLanguage":"pt-PT","potentialAction":[{"@type":"CommentAction","name":"Comment","target":["http:\/\/maismagazine.pt\/index.php\/2022\/04\/14\/colegio-paulo-vi-aprendendo-no-passado-e-fazendo-no-presente-se-constroi-o-futuro\/#respond"]}]},{"@type":"WebPage","@id":"http:\/\/maismagazine.pt\/index.php\/2022\/04\/14\/colegio-paulo-vi-aprendendo-no-passado-e-fazendo-no-presente-se-constroi-o-futuro\/","url":"http:\/\/maismagazine.pt\/index.php\/2022\/04\/14\/colegio-paulo-vi-aprendendo-no-passado-e-fazendo-no-presente-se-constroi-o-futuro\/","name":"Col\u00e9gio Paulo VI - \u201cAprendendo no passado e fazendo no presente se constr\u00f3i o futuro\u201d - Mais Magazine","isPartOf":{"@id":"http:\/\/maismagazine.pt\/#website"},"primaryImageOfPage":{"@id":"http:\/\/maismagazine.pt\/index.php\/2022\/04\/14\/colegio-paulo-vi-aprendendo-no-passado-e-fazendo-no-presente-se-constroi-o-futuro\/#primaryimage"},"image":{"@id":"http:\/\/maismagazine.pt\/index.php\/2022\/04\/14\/colegio-paulo-vi-aprendendo-no-passado-e-fazendo-no-presente-se-constroi-o-futuro\/#primaryimage"},"thumbnailUrl":"http:\/\/maismagazine.pt\/wp-content\/uploads\/2022\/04\/edificio_colegio.jpg","datePublished":"2022-04-14T07:34:16+00:00","dateModified":"2022-05-05T11:29:15+00:00","description":"O Col\u00e9gio Paulo VI faz parte da hist\u00f3ria da educa\u00e7\u00e3o nacional h\u00e1 mais de 50 anos. Pelas suas salas de aula j\u00e1 passaram milhares de alunos...","breadcrumb":{"@id":"http:\/\/maismagazine.pt\/index.php\/2022\/04\/14\/colegio-paulo-vi-aprendendo-no-passado-e-fazendo-no-presente-se-constroi-o-futuro\/#breadcrumb"},"inLanguage":"pt-PT","potentialAction":[{"@type":"ReadAction","target":["http:\/\/maismagazine.pt\/index.php\/2022\/04\/14\/colegio-paulo-vi-aprendendo-no-passado-e-fazendo-no-presente-se-constroi-o-futuro\/"]}]},{"@type":"ImageObject","inLanguage":"pt-PT","@id":"http:\/\/maismagazine.pt\/index.php\/2022\/04\/14\/colegio-paulo-vi-aprendendo-no-passado-e-fazendo-no-presente-se-constroi-o-futuro\/#primaryimage","url":"http:\/\/maismagazine.pt\/wp-content\/uploads\/2022\/04\/edificio_colegio.jpg","contentUrl":"http:\/\/maismagazine.pt\/wp-content\/uploads\/2022\/04\/edificio_colegio.jpg","width":1920,"height":731},{"@type":"BreadcrumbList","@id":"http:\/\/maismagazine.pt\/index.php\/2022\/04\/14\/colegio-paulo-vi-aprendendo-no-passado-e-fazendo-no-presente-se-constroi-o-futuro\/#breadcrumb","itemListElement":[{"@type":"ListItem","position":1,"name":"Home","item":"http:\/\/maismagazine.pt\/"},{"@type":"ListItem","position":2,"name":"Col\u00e9gio Paulo VI &#8211; \u201cAprendendo no passado e fazendo no presente se constr\u00f3i o futuro\u201d"}]},{"@type":"WebSite","@id":"http:\/\/maismagazine.pt\/#website","url":"http:\/\/maismagazine.pt\/","name":"Mais Magazine","description":"","publisher":{"@id":"http:\/\/maismagazine.pt\/#organization"},"potentialAction":[{"@type":"SearchAction","target":{"@type":"EntryPoint","urlTemplate":"http:\/\/maismagazine.pt\/?s={search_term_string}"},"query-input":{"@type":"PropertyValueSpecification","valueRequired":true,"valueName":"search_term_string"}}],"inLanguage":"pt-PT"},{"@type":"Organization","@id":"http:\/\/maismagazine.pt\/#organization","name":"Mais Magazine","url":"http:\/\/maismagazine.pt\/","logo":{"@type":"ImageObject","inLanguage":"pt-PT","@id":"http:\/\/maismagazine.pt\/#\/schema\/logo\/image\/","url":"http:\/\/maismagazine.pt\/wp-content\/uploads\/2020\/04\/cropped-cropped-mais-magazine-site-logo-2.png","contentUrl":"http:\/\/maismagazine.pt\/wp-content\/uploads\/2020\/04\/cropped-cropped-mais-magazine-site-logo-2.png","width":581,"height":90,"caption":"Mais Magazine"},"image":{"@id":"http:\/\/maismagazine.pt\/#\/schema\/logo\/image\/"}},{"@type":"Person","@id":"http:\/\/maismagazine.pt\/#\/schema\/person\/999bd426f894ff56d397ec12ebd21ebb","name":"Jo\u00e3o Malainho","image":{"@type":"ImageObject","inLanguage":"pt-PT","@id":"http:\/\/maismagazine.pt\/#\/schema\/person\/image\/","url":"https:\/\/secure.gravatar.com\/avatar\/ff03c2f38edf60b2a827aa4f74878491?s=96&d=mm&r=g","contentUrl":"https:\/\/secure.gravatar.com\/avatar\/ff03c2f38edf60b2a827aa4f74878491?s=96&d=mm&r=g","caption":"Jo\u00e3o Malainho"},"url":"http:\/\/maismagazine.pt\/index.php\/author\/maismagazine\/"}]}},"author_meta":{"display_name":false,"author_link":"http:\/\/maismagazine.pt\/index.php\/author\/maismagazine\/"},"featured_img":"http:\/\/maismagazine.pt\/wp-content\/uploads\/2022\/04\/edificio_colegio-300x114.jpg","coauthors":[],"tax_additional":{"categories":{"linked":["<a href=\"http:\/\/maismagazine.pt\/index.php\/category\/destaque\/\" class=\"advgb-post-tax-term\">Destaque lateral<\/a>","<a href=\"http:\/\/maismagazine.pt\/index.php\/category\/educacao\/\" class=\"advgb-post-tax-term\">Educa\u00e7\u00e3o<\/a>"],"unlinked":["<span class=\"advgb-post-tax-term\">Destaque lateral<\/span>","<span class=\"advgb-post-tax-term\">Educa\u00e7\u00e3o<\/span>"]},"tags":{"linked":["<a href=\"http:\/\/maismagazine.pt\/index.php\/category\/educacao\/\" class=\"advgb-post-tax-term\">Educa\u00e7\u00e3o<\/a>","<a href=\"http:\/\/maismagazine.pt\/index.php\/category\/educacao\/\" class=\"advgb-post-tax-term\">Ensino<\/a>","<a href=\"http:\/\/maismagazine.pt\/index.php\/category\/educacao\/\" class=\"advgb-post-tax-term\">forma\u00e7\u00e3o profissional<\/a>","<a href=\"http:\/\/maismagazine.pt\/index.php\/category\/educacao\/\" class=\"advgb-post-tax-term\">futuro<\/a>"],"unlinked":["<span class=\"advgb-post-tax-term\">Educa\u00e7\u00e3o<\/span>","<span class=\"advgb-post-tax-term\">Ensino<\/span>","<span class=\"advgb-post-tax-term\">forma\u00e7\u00e3o profissional<\/span>","<span class=\"advgb-post-tax-term\">futuro<\/span>"]}},"comment_count":"0","relative_dates":{"created":"Posted 4 anos ago","modified":"Updated 4 anos ago"},"absolute_dates":{"created":"Posted on 14 de Abril, 2022","modified":"Updated on 5 de Maio, 2022"},"absolute_dates_time":{"created":"Posted on 14 de Abril, 2022 7:34","modified":"Updated on 5 de Maio, 2022 12:29"},"featured_img_caption":"","series_order":"","_links":{"self":[{"href":"http:\/\/maismagazine.pt\/index.php\/wp-json\/wp\/v2\/posts\/2991","targetHints":{"allow":["GET"]}}],"collection":[{"href":"http:\/\/maismagazine.pt\/index.php\/wp-json\/wp\/v2\/posts"}],"about":[{"href":"http:\/\/maismagazine.pt\/index.php\/wp-json\/wp\/v2\/types\/post"}],"author":[{"embeddable":true,"href":"http:\/\/maismagazine.pt\/index.php\/wp-json\/wp\/v2\/users\/7"}],"replies":[{"embeddable":true,"href":"http:\/\/maismagazine.pt\/index.php\/wp-json\/wp\/v2\/comments?post=2991"}],"version-history":[{"count":2,"href":"http:\/\/maismagazine.pt\/index.php\/wp-json\/wp\/v2\/posts\/2991\/revisions"}],"predecessor-version":[{"id":3075,"href":"http:\/\/maismagazine.pt\/index.php\/wp-json\/wp\/v2\/posts\/2991\/revisions\/3075"}],"wp:featuredmedia":[{"embeddable":true,"href":"http:\/\/maismagazine.pt\/index.php\/wp-json\/wp\/v2\/media\/2996"}],"wp:attachment":[{"href":"http:\/\/maismagazine.pt\/index.php\/wp-json\/wp\/v2\/media?parent=2991"}],"wp:term":[{"taxonomy":"category","embeddable":true,"href":"http:\/\/maismagazine.pt\/index.php\/wp-json\/wp\/v2\/categories?post=2991"},{"taxonomy":"post_tag","embeddable":true,"href":"http:\/\/maismagazine.pt\/index.php\/wp-json\/wp\/v2\/tags?post=2991"}],"curies":[{"name":"wp","href":"https:\/\/api.w.org\/{rel}","templated":true}]}}