{"id":2964,"date":"2022-04-14T07:34:42","date_gmt":"2022-04-14T07:34:42","guid":{"rendered":"https:\/\/maismagazine.pt\/?p=2964"},"modified":"2022-04-14T07:34:43","modified_gmt":"2022-04-14T07:34:43","slug":"colegio-cbe-desde-1893-a-servir-educando","status":"publish","type":"post","link":"http:\/\/maismagazine.pt\/index.php\/2022\/04\/14\/colegio-cbe-desde-1893-a-servir-educando\/","title":{"rendered":"Col\u00e9gio CBE  &#8211; Desde 1893 a servir, educando"},"content":{"rendered":"\n<p><\/p>\n\n\n\n<p><strong>Promover a forma\u00e7\u00e3o e o desenvolvimento integral da crian\u00e7a, tendo em vista o seu futuro envolvimento na sociedade como ser aut\u00f3nomo livre e solid\u00e1rio, \u00e9 a principal miss\u00e3o do <a href=\"https:\/\/www.cbeporto.pt\/\">Col\u00e9gio Centro de Bem-Estar (CBE) <\/a>que promove h\u00e1 mais de 125 anos um ensino de excel\u00eancia, alicer\u00e7ado nos valores morais, c\u00edvicos e humanos da f\u00e9 em Cristo.<\/strong><\/p>\n\n\n\n<p><\/p>\n\n\n\n<p>O Col\u00e9gio CBE, como \u00e9 carinhosamente conhecido na comunidade escolar, foi fundado em 1893, pelas Franciscanas Mission\u00e1rias de Nossa Senhora, sendo atualmente um dos quatro col\u00e9gios propriedade da Congrega\u00e7\u00e3o. Atualmente, o CBE disp\u00f5e de uma Casa de Acolhimento para 35 meninas e de um externato misto com dois n\u00edveis de ensino: educa\u00e7\u00e3o pr\u00e9-escolar e 1.\u00ba Ciclo do Ensino B\u00e1sico, frequentado por cerca de 300 crian\u00e7as.<\/p>\n\n\n\n<p><\/p>\n\n\n\n<p><strong>Um projeto din\u00e2mico e inovador<\/strong><\/p>\n\n\n\n<p><\/p>\n\n\n\n<p>Com uma oferta educativa de excel\u00eancia, o Col\u00e9gio CBE cumpre o curr\u00edculo definido pelo Minist\u00e9rio da Educa\u00e7\u00e3o, mas \u00e9 tamb\u00e9m orientado pelas particularidades decorrentes do ide\u00e1rio das Franciscanas Mission\u00e1rias de Nossa Senhora, assumindo assim uma miss\u00e3o educativa a partir de valores morais, c\u00edvicos e humanos, inerentes a um projeto de vida inspirado na f\u00e9 em Cristo. Com um compromisso educativo que assenta no<br>acolhimento, no esp\u00edrito de fam\u00edlia, no di\u00e1logo, na simplicidade, na alegria e no desenvolvimento integral de cada educando, o CBE procura estabelecer um equil\u00edbrio entre este conjunto de atitudes e valores, e o desenvolvimento de compet\u00eancias nos diferentes dom\u00ednios de aprendizagem.<\/p>\n\n\n\n<p><\/p>\n\n\n\n<p>Atento \u00e0 evolu\u00e7\u00e3o e crescimento dos seus alunos, o CBE procura concretizar um projeto pedag\u00f3gico global que assegura uma transi\u00e7\u00e3o harmoniosa entre os dois n\u00edveis de ensino, pr\u00e9-escolar e 1\u00ba Ciclo do Ensino B\u00e1sico.<\/p>\n\n\n\n<p><\/p>\n\n\n\n<p>Sendo uma institui\u00e7\u00e3o de ensino cat\u00f3lica, o Col\u00e9gio CBE proporciona aos seus alunos um percurso de aprendizagem  enriquecedor, atrav\u00e9s de projetos e iniciativas pedagogicamente inovadoras. Neste contexto, importa referir iniciativas como o Projeto de Solidariedade \u201cEspalha Sorrisos\u201d, que envolve toda a comunidade escolar, o Projeto \u201cPais, m\u00fasica e movimento\u201d, que promove a participa\u00e7\u00e3o dos pais numa atividade din\u00e2mica e criativa com os seus filhos, o Projeto \u201cMelhor rimar, para melhor aprender!\u201d, criado com vista a desenvolver compet\u00eancias da consci\u00eancia fonol\u00f3gica, o Projeto CBEmo\u00e7\u00f5es que visa o desenvolvimento emocional das crian\u00e7as, o Projeto So\u00danico que trabalha as diferen\u00e7as e a inclus\u00e3o em contexto educativo.<\/p>\n\n\n\n<p><\/p>\n\n\n\n<p><\/p>\n\n\n\n<p>Esta e\u0301 assim uma institui\u00e7\u00e3o que prepara os alunos para o futuro, atrav\u00e9s de um ensino inovador e diferenciado, proporcionando-lhes uma grande variedade de experi\u00eancias tamb\u00e9m no \u00e2mbito das atividades de enriquecimento curricular que inclui: Ballet, Nata\u00e7\u00e3o, Teatro, Piano, Karat\u00e9, Xadrez, Futebol, Dan\u00e7a, Basquetebol, Violino, Guitarra, Coro. A qualidade das suas instala\u00e7\u00f5es (gin\u00e1sio, piscina, campo de jogos) e os<br>amplos espa\u00e7os exteriores possibilitam a sua frequ\u00eancia no col\u00e9gio.<\/p>\n\n\n\n<p><\/p>\n\n\n\n<p>Um dinamismo que o CBE quer ver refor\u00e7ado e melhorado em cada ano letivo, contando para isso com o empenho e profissionalismo de todos os seus colaboradores na cont\u00ednua promo\u00e7\u00e3o da qualidade educativa do col\u00e9gio. Para o futuro fica ainda o maior projeto de todos, a concretiza\u00e7\u00e3o de um sonho antigo: aumentar a oferta educativa, passando tamb\u00e9m a disponibilizar a oferta de creche e 2.\u00ba Ciclo do Ensino B\u00e1sico. Com uma equipa trabalhadora e empenhada, falta agora dar o pr\u00f3ximo passo: crescer, em val\u00eancias e em n\u00famero de alunos.<\/p>\n","protected":false},"excerpt":{"rendered":"<p>Promover a forma\u00e7\u00e3o e o desenvolvimento integral da crian\u00e7a, tendo em vista o seu futuro envolvimento na sociedade como ser aut\u00f3nomo livre e solid\u00e1rio, \u00e9 a principal miss\u00e3o do Col\u00e9gio Centro de Bem-Estar (CBE) que promove h\u00e1 mais de 125 anos um ensino de excel\u00eancia, alicer\u00e7ado nos valores morais, c\u00edvicos&hellip;<\/p>\n","protected":false},"author":7,"featured_media":2976,"comment_status":"open","ping_status":"open","sticky":false,"template":"","format":"standard","meta":{"advgb_blocks_editor_width":"","advgb_blocks_columns_visual_guide":"","_monsterinsights_skip_tracking":false,"_monsterinsights_sitenote_active":false,"_monsterinsights_sitenote_note":"","_monsterinsights_sitenote_category":0,"footnotes":""},"categories":[149],"tags":[532,525,589,530,588],"class_list":["post-2964","post","type-post","status-publish","format-standard","has-post-thumbnail","hentry","category-educacao","tag-colegio","tag-educacao","tag-excelencia","tag-fe","tag-missao"],"yoast_head":"<!-- This site is optimized with the Yoast SEO plugin v24.4 - https:\/\/yoast.com\/wordpress\/plugins\/seo\/ -->\n<title>Col\u00e9gio CBE - Desde 1893 a servir, educando - Mais Magazine<\/title>\n<meta name=\"description\" content=\"Col\u00e9gio CBE - Desde 1893 a servir, educando\" \/>\n<meta name=\"robots\" content=\"index, follow, max-snippet:-1, max-image-preview:large, max-video-preview:-1\" \/>\n<link rel=\"canonical\" href=\"https:\/\/maismagazine.pt\/index.php\/2022\/04\/14\/colegio-cbe-desde-1893-a-servir-educando\/\" \/>\n<meta property=\"og:locale\" content=\"pt_PT\" \/>\n<meta property=\"og:type\" content=\"article\" \/>\n<meta property=\"og:title\" content=\"Col\u00e9gio CBE - Desde 1893 a servir, educando - Mais Magazine\" \/>\n<meta property=\"og:description\" content=\"Col\u00e9gio CBE - Desde 1893 a servir, educando\" \/>\n<meta property=\"og:url\" content=\"https:\/\/maismagazine.pt\/index.php\/2022\/04\/14\/colegio-cbe-desde-1893-a-servir-educando\/\" \/>\n<meta property=\"og:site_name\" content=\"Mais Magazine\" \/>\n<meta property=\"article:published_time\" content=\"2022-04-14T07:34:42+00:00\" \/>\n<meta property=\"article:modified_time\" content=\"2022-04-14T07:34:43+00:00\" \/>\n<meta property=\"og:image\" content=\"https:\/\/maismagazine.pt\/wp-content\/uploads\/2022\/04\/IMG_7571.jpg\" \/>\n\t<meta property=\"og:image:width\" content=\"900\" \/>\n\t<meta property=\"og:image:height\" content=\"600\" \/>\n\t<meta property=\"og:image:type\" content=\"image\/jpeg\" \/>\n<meta name=\"author\" content=\"Jo\u00e3o Malainho\" \/>\n<meta name=\"twitter:card\" content=\"summary_large_image\" \/>\n<meta name=\"twitter:label1\" content=\"Escrito por\" \/>\n\t<meta name=\"twitter:data1\" content=\"\" \/>\n\t<meta name=\"twitter:label2\" content=\"Tempo estimado de leitura\" \/>\n\t<meta name=\"twitter:data2\" content=\"3 minutos\" \/>\n<script type=\"application\/ld+json\" class=\"yoast-schema-graph\">{\"@context\":\"https:\/\/schema.org\",\"@graph\":[{\"@type\":\"Article\",\"@id\":\"https:\/\/maismagazine.pt\/index.php\/2022\/04\/14\/colegio-cbe-desde-1893-a-servir-educando\/#article\",\"isPartOf\":{\"@id\":\"https:\/\/maismagazine.pt\/index.php\/2022\/04\/14\/colegio-cbe-desde-1893-a-servir-educando\/\"},\"author\":{\"name\":\"Jo\u00e3o Malainho\",\"@id\":\"https:\/\/maismagazine.pt\/#\/schema\/person\/999bd426f894ff56d397ec12ebd21ebb\"},\"headline\":\"Col\u00e9gio CBE &#8211; Desde 1893 a servir, educando\",\"datePublished\":\"2022-04-14T07:34:42+00:00\",\"dateModified\":\"2022-04-14T07:34:43+00:00\",\"mainEntityOfPage\":{\"@id\":\"https:\/\/maismagazine.pt\/index.php\/2022\/04\/14\/colegio-cbe-desde-1893-a-servir-educando\/\"},\"wordCount\":597,\"commentCount\":0,\"publisher\":{\"@id\":\"https:\/\/maismagazine.pt\/#organization\"},\"image\":{\"@id\":\"https:\/\/maismagazine.pt\/index.php\/2022\/04\/14\/colegio-cbe-desde-1893-a-servir-educando\/#primaryimage\"},\"thumbnailUrl\":\"http:\/\/maismagazine.pt\/wp-content\/uploads\/2022\/04\/IMG_7571.jpg\",\"keywords\":[\"Col\u00e9gio\",\"Educa\u00e7\u00e3o\",\"excel\u00eancia\",\"f\u00e9\",\"miss\u00e3o\"],\"articleSection\":[\"Educa\u00e7\u00e3o\"],\"inLanguage\":\"pt-PT\",\"potentialAction\":[{\"@type\":\"CommentAction\",\"name\":\"Comment\",\"target\":[\"https:\/\/maismagazine.pt\/index.php\/2022\/04\/14\/colegio-cbe-desde-1893-a-servir-educando\/#respond\"]}]},{\"@type\":\"WebPage\",\"@id\":\"https:\/\/maismagazine.pt\/index.php\/2022\/04\/14\/colegio-cbe-desde-1893-a-servir-educando\/\",\"url\":\"https:\/\/maismagazine.pt\/index.php\/2022\/04\/14\/colegio-cbe-desde-1893-a-servir-educando\/\",\"name\":\"Col\u00e9gio CBE - Desde 1893 a servir, educando - Mais Magazine\",\"isPartOf\":{\"@id\":\"https:\/\/maismagazine.pt\/#website\"},\"primaryImageOfPage\":{\"@id\":\"https:\/\/maismagazine.pt\/index.php\/2022\/04\/14\/colegio-cbe-desde-1893-a-servir-educando\/#primaryimage\"},\"image\":{\"@id\":\"https:\/\/maismagazine.pt\/index.php\/2022\/04\/14\/colegio-cbe-desde-1893-a-servir-educando\/#primaryimage\"},\"thumbnailUrl\":\"http:\/\/maismagazine.pt\/wp-content\/uploads\/2022\/04\/IMG_7571.jpg\",\"datePublished\":\"2022-04-14T07:34:42+00:00\",\"dateModified\":\"2022-04-14T07:34:43+00:00\",\"description\":\"Col\u00e9gio CBE - Desde 1893 a servir, educando\",\"breadcrumb\":{\"@id\":\"https:\/\/maismagazine.pt\/index.php\/2022\/04\/14\/colegio-cbe-desde-1893-a-servir-educando\/#breadcrumb\"},\"inLanguage\":\"pt-PT\",\"potentialAction\":[{\"@type\":\"ReadAction\",\"target\":[\"https:\/\/maismagazine.pt\/index.php\/2022\/04\/14\/colegio-cbe-desde-1893-a-servir-educando\/\"]}]},{\"@type\":\"ImageObject\",\"inLanguage\":\"pt-PT\",\"@id\":\"https:\/\/maismagazine.pt\/index.php\/2022\/04\/14\/colegio-cbe-desde-1893-a-servir-educando\/#primaryimage\",\"url\":\"http:\/\/maismagazine.pt\/wp-content\/uploads\/2022\/04\/IMG_7571.jpg\",\"contentUrl\":\"http:\/\/maismagazine.pt\/wp-content\/uploads\/2022\/04\/IMG_7571.jpg\",\"width\":900,\"height\":600},{\"@type\":\"BreadcrumbList\",\"@id\":\"https:\/\/maismagazine.pt\/index.php\/2022\/04\/14\/colegio-cbe-desde-1893-a-servir-educando\/#breadcrumb\",\"itemListElement\":[{\"@type\":\"ListItem\",\"position\":1,\"name\":\"Home\",\"item\":\"https:\/\/maismagazine.pt\/\"},{\"@type\":\"ListItem\",\"position\":2,\"name\":\"Col\u00e9gio CBE &#8211; Desde 1893 a servir, educando\"}]},{\"@type\":\"WebSite\",\"@id\":\"https:\/\/maismagazine.pt\/#website\",\"url\":\"https:\/\/maismagazine.pt\/\",\"name\":\"Mais Magazine\",\"description\":\"\",\"publisher\":{\"@id\":\"https:\/\/maismagazine.pt\/#organization\"},\"potentialAction\":[{\"@type\":\"SearchAction\",\"target\":{\"@type\":\"EntryPoint\",\"urlTemplate\":\"https:\/\/maismagazine.pt\/?s={search_term_string}\"},\"query-input\":{\"@type\":\"PropertyValueSpecification\",\"valueRequired\":true,\"valueName\":\"search_term_string\"}}],\"inLanguage\":\"pt-PT\"},{\"@type\":\"Organization\",\"@id\":\"https:\/\/maismagazine.pt\/#organization\",\"name\":\"Mais Magazine\",\"url\":\"https:\/\/maismagazine.pt\/\",\"logo\":{\"@type\":\"ImageObject\",\"inLanguage\":\"pt-PT\",\"@id\":\"https:\/\/maismagazine.pt\/#\/schema\/logo\/image\/\",\"url\":\"http:\/\/maismagazine.pt\/wp-content\/uploads\/2020\/04\/cropped-cropped-mais-magazine-site-logo-2.png\",\"contentUrl\":\"http:\/\/maismagazine.pt\/wp-content\/uploads\/2020\/04\/cropped-cropped-mais-magazine-site-logo-2.png\",\"width\":581,\"height\":90,\"caption\":\"Mais Magazine\"},\"image\":{\"@id\":\"https:\/\/maismagazine.pt\/#\/schema\/logo\/image\/\"}},{\"@type\":\"Person\",\"@id\":\"https:\/\/maismagazine.pt\/#\/schema\/person\/999bd426f894ff56d397ec12ebd21ebb\",\"name\":\"Jo\u00e3o Malainho\",\"image\":{\"@type\":\"ImageObject\",\"inLanguage\":\"pt-PT\",\"@id\":\"https:\/\/maismagazine.pt\/#\/schema\/person\/image\/\",\"url\":\"https:\/\/secure.gravatar.com\/avatar\/ff03c2f38edf60b2a827aa4f74878491?s=96&d=mm&r=g\",\"contentUrl\":\"https:\/\/secure.gravatar.com\/avatar\/ff03c2f38edf60b2a827aa4f74878491?s=96&d=mm&r=g\",\"caption\":\"Jo\u00e3o Malainho\"},\"url\":\"http:\/\/maismagazine.pt\/index.php\/author\/maismagazine\/\"}]}<\/script>\n<!-- \/ Yoast SEO plugin. -->","yoast_head_json":{"title":"Col\u00e9gio CBE - Desde 1893 a servir, educando - Mais Magazine","description":"Col\u00e9gio CBE - Desde 1893 a servir, educando","robots":{"index":"index","follow":"follow","max-snippet":"max-snippet:-1","max-image-preview":"max-image-preview:large","max-video-preview":"max-video-preview:-1"},"canonical":"https:\/\/maismagazine.pt\/index.php\/2022\/04\/14\/colegio-cbe-desde-1893-a-servir-educando\/","og_locale":"pt_PT","og_type":"article","og_title":"Col\u00e9gio CBE - Desde 1893 a servir, educando - Mais Magazine","og_description":"Col\u00e9gio CBE - Desde 1893 a servir, educando","og_url":"https:\/\/maismagazine.pt\/index.php\/2022\/04\/14\/colegio-cbe-desde-1893-a-servir-educando\/","og_site_name":"Mais Magazine","article_published_time":"2022-04-14T07:34:42+00:00","article_modified_time":"2022-04-14T07:34:43+00:00","og_image":[{"width":900,"height":600,"url":"https:\/\/maismagazine.pt\/wp-content\/uploads\/2022\/04\/IMG_7571.jpg","type":"image\/jpeg"}],"author":"Jo\u00e3o Malainho","twitter_card":"summary_large_image","twitter_misc":{"Escrito por":false,"Tempo estimado de leitura":"3 minutos"},"schema":{"@context":"https:\/\/schema.org","@graph":[{"@type":"Article","@id":"https:\/\/maismagazine.pt\/index.php\/2022\/04\/14\/colegio-cbe-desde-1893-a-servir-educando\/#article","isPartOf":{"@id":"https:\/\/maismagazine.pt\/index.php\/2022\/04\/14\/colegio-cbe-desde-1893-a-servir-educando\/"},"author":{"name":"Jo\u00e3o Malainho","@id":"https:\/\/maismagazine.pt\/#\/schema\/person\/999bd426f894ff56d397ec12ebd21ebb"},"headline":"Col\u00e9gio CBE &#8211; Desde 1893 a servir, educando","datePublished":"2022-04-14T07:34:42+00:00","dateModified":"2022-04-14T07:34:43+00:00","mainEntityOfPage":{"@id":"https:\/\/maismagazine.pt\/index.php\/2022\/04\/14\/colegio-cbe-desde-1893-a-servir-educando\/"},"wordCount":597,"commentCount":0,"publisher":{"@id":"https:\/\/maismagazine.pt\/#organization"},"image":{"@id":"https:\/\/maismagazine.pt\/index.php\/2022\/04\/14\/colegio-cbe-desde-1893-a-servir-educando\/#primaryimage"},"thumbnailUrl":"http:\/\/maismagazine.pt\/wp-content\/uploads\/2022\/04\/IMG_7571.jpg","keywords":["Col\u00e9gio","Educa\u00e7\u00e3o","excel\u00eancia","f\u00e9","miss\u00e3o"],"articleSection":["Educa\u00e7\u00e3o"],"inLanguage":"pt-PT","potentialAction":[{"@type":"CommentAction","name":"Comment","target":["https:\/\/maismagazine.pt\/index.php\/2022\/04\/14\/colegio-cbe-desde-1893-a-servir-educando\/#respond"]}]},{"@type":"WebPage","@id":"https:\/\/maismagazine.pt\/index.php\/2022\/04\/14\/colegio-cbe-desde-1893-a-servir-educando\/","url":"https:\/\/maismagazine.pt\/index.php\/2022\/04\/14\/colegio-cbe-desde-1893-a-servir-educando\/","name":"Col\u00e9gio CBE - Desde 1893 a servir, educando - Mais Magazine","isPartOf":{"@id":"https:\/\/maismagazine.pt\/#website"},"primaryImageOfPage":{"@id":"https:\/\/maismagazine.pt\/index.php\/2022\/04\/14\/colegio-cbe-desde-1893-a-servir-educando\/#primaryimage"},"image":{"@id":"https:\/\/maismagazine.pt\/index.php\/2022\/04\/14\/colegio-cbe-desde-1893-a-servir-educando\/#primaryimage"},"thumbnailUrl":"http:\/\/maismagazine.pt\/wp-content\/uploads\/2022\/04\/IMG_7571.jpg","datePublished":"2022-04-14T07:34:42+00:00","dateModified":"2022-04-14T07:34:43+00:00","description":"Col\u00e9gio CBE - Desde 1893 a servir, educando","breadcrumb":{"@id":"https:\/\/maismagazine.pt\/index.php\/2022\/04\/14\/colegio-cbe-desde-1893-a-servir-educando\/#breadcrumb"},"inLanguage":"pt-PT","potentialAction":[{"@type":"ReadAction","target":["https:\/\/maismagazine.pt\/index.php\/2022\/04\/14\/colegio-cbe-desde-1893-a-servir-educando\/"]}]},{"@type":"ImageObject","inLanguage":"pt-PT","@id":"https:\/\/maismagazine.pt\/index.php\/2022\/04\/14\/colegio-cbe-desde-1893-a-servir-educando\/#primaryimage","url":"http:\/\/maismagazine.pt\/wp-content\/uploads\/2022\/04\/IMG_7571.jpg","contentUrl":"http:\/\/maismagazine.pt\/wp-content\/uploads\/2022\/04\/IMG_7571.jpg","width":900,"height":600},{"@type":"BreadcrumbList","@id":"https:\/\/maismagazine.pt\/index.php\/2022\/04\/14\/colegio-cbe-desde-1893-a-servir-educando\/#breadcrumb","itemListElement":[{"@type":"ListItem","position":1,"name":"Home","item":"https:\/\/maismagazine.pt\/"},{"@type":"ListItem","position":2,"name":"Col\u00e9gio CBE &#8211; Desde 1893 a servir, educando"}]},{"@type":"WebSite","@id":"https:\/\/maismagazine.pt\/#website","url":"https:\/\/maismagazine.pt\/","name":"Mais Magazine","description":"","publisher":{"@id":"https:\/\/maismagazine.pt\/#organization"},"potentialAction":[{"@type":"SearchAction","target":{"@type":"EntryPoint","urlTemplate":"https:\/\/maismagazine.pt\/?s={search_term_string}"},"query-input":{"@type":"PropertyValueSpecification","valueRequired":true,"valueName":"search_term_string"}}],"inLanguage":"pt-PT"},{"@type":"Organization","@id":"https:\/\/maismagazine.pt\/#organization","name":"Mais Magazine","url":"https:\/\/maismagazine.pt\/","logo":{"@type":"ImageObject","inLanguage":"pt-PT","@id":"https:\/\/maismagazine.pt\/#\/schema\/logo\/image\/","url":"http:\/\/maismagazine.pt\/wp-content\/uploads\/2020\/04\/cropped-cropped-mais-magazine-site-logo-2.png","contentUrl":"http:\/\/maismagazine.pt\/wp-content\/uploads\/2020\/04\/cropped-cropped-mais-magazine-site-logo-2.png","width":581,"height":90,"caption":"Mais Magazine"},"image":{"@id":"https:\/\/maismagazine.pt\/#\/schema\/logo\/image\/"}},{"@type":"Person","@id":"https:\/\/maismagazine.pt\/#\/schema\/person\/999bd426f894ff56d397ec12ebd21ebb","name":"Jo\u00e3o Malainho","image":{"@type":"ImageObject","inLanguage":"pt-PT","@id":"https:\/\/maismagazine.pt\/#\/schema\/person\/image\/","url":"https:\/\/secure.gravatar.com\/avatar\/ff03c2f38edf60b2a827aa4f74878491?s=96&d=mm&r=g","contentUrl":"https:\/\/secure.gravatar.com\/avatar\/ff03c2f38edf60b2a827aa4f74878491?s=96&d=mm&r=g","caption":"Jo\u00e3o Malainho"},"url":"http:\/\/maismagazine.pt\/index.php\/author\/maismagazine\/"}]}},"author_meta":{"display_name":false,"author_link":"http:\/\/maismagazine.pt\/index.php\/author\/maismagazine\/"},"featured_img":"http:\/\/maismagazine.pt\/wp-content\/uploads\/2022\/04\/IMG_7571-300x200.jpg","coauthors":[],"tax_additional":{"categories":{"linked":["<a href=\"http:\/\/maismagazine.pt\/index.php\/category\/educacao\/\" class=\"advgb-post-tax-term\">Educa\u00e7\u00e3o<\/a>"],"unlinked":["<span class=\"advgb-post-tax-term\">Educa\u00e7\u00e3o<\/span>"]},"tags":{"linked":["<a href=\"http:\/\/maismagazine.pt\/index.php\/category\/educacao\/\" class=\"advgb-post-tax-term\">Col\u00e9gio<\/a>","<a href=\"http:\/\/maismagazine.pt\/index.php\/category\/educacao\/\" class=\"advgb-post-tax-term\">Educa\u00e7\u00e3o<\/a>","<a href=\"http:\/\/maismagazine.pt\/index.php\/category\/educacao\/\" class=\"advgb-post-tax-term\">excel\u00eancia<\/a>","<a href=\"http:\/\/maismagazine.pt\/index.php\/category\/educacao\/\" class=\"advgb-post-tax-term\">f\u00e9<\/a>","<a href=\"http:\/\/maismagazine.pt\/index.php\/category\/educacao\/\" class=\"advgb-post-tax-term\">miss\u00e3o<\/a>"],"unlinked":["<span class=\"advgb-post-tax-term\">Col\u00e9gio<\/span>","<span class=\"advgb-post-tax-term\">Educa\u00e7\u00e3o<\/span>","<span class=\"advgb-post-tax-term\">excel\u00eancia<\/span>","<span class=\"advgb-post-tax-term\">f\u00e9<\/span>","<span class=\"advgb-post-tax-term\">miss\u00e3o<\/span>"]}},"comment_count":"0","relative_dates":{"created":"Posted 4 anos ago","modified":"Updated 4 anos ago"},"absolute_dates":{"created":"Posted on 14 de Abril, 2022","modified":"Updated on 14 de Abril, 2022"},"absolute_dates_time":{"created":"Posted on 14 de Abril, 2022 7:34","modified":"Updated on 14 de Abril, 2022 7:34"},"featured_img_caption":"","series_order":"","_links":{"self":[{"href":"http:\/\/maismagazine.pt\/index.php\/wp-json\/wp\/v2\/posts\/2964","targetHints":{"allow":["GET"]}}],"collection":[{"href":"http:\/\/maismagazine.pt\/index.php\/wp-json\/wp\/v2\/posts"}],"about":[{"href":"http:\/\/maismagazine.pt\/index.php\/wp-json\/wp\/v2\/types\/post"}],"author":[{"embeddable":true,"href":"http:\/\/maismagazine.pt\/index.php\/wp-json\/wp\/v2\/users\/7"}],"replies":[{"embeddable":true,"href":"http:\/\/maismagazine.pt\/index.php\/wp-json\/wp\/v2\/comments?post=2964"}],"version-history":[{"count":1,"href":"http:\/\/maismagazine.pt\/index.php\/wp-json\/wp\/v2\/posts\/2964\/revisions"}],"predecessor-version":[{"id":2977,"href":"http:\/\/maismagazine.pt\/index.php\/wp-json\/wp\/v2\/posts\/2964\/revisions\/2977"}],"wp:featuredmedia":[{"embeddable":true,"href":"http:\/\/maismagazine.pt\/index.php\/wp-json\/wp\/v2\/media\/2976"}],"wp:attachment":[{"href":"http:\/\/maismagazine.pt\/index.php\/wp-json\/wp\/v2\/media?parent=2964"}],"wp:term":[{"taxonomy":"category","embeddable":true,"href":"http:\/\/maismagazine.pt\/index.php\/wp-json\/wp\/v2\/categories?post=2964"},{"taxonomy":"post_tag","embeddable":true,"href":"http:\/\/maismagazine.pt\/index.php\/wp-json\/wp\/v2\/tags?post=2964"}],"curies":[{"name":"wp","href":"https:\/\/api.w.org\/{rel}","templated":true}]}}