{"id":2894,"date":"2022-04-14T07:35:37","date_gmt":"2022-04-14T07:35:37","guid":{"rendered":"https:\/\/maismagazine.pt\/?p=2894"},"modified":"2022-05-05T12:27:54","modified_gmt":"2022-05-05T11:27:54","slug":"ha-mais-de-150-anos-a-levar-a-todo-o-pais-a-presenca-de-deus","status":"publish","type":"post","link":"http:\/\/maismagazine.pt\/index.php\/2022\/04\/14\/ha-mais-de-150-anos-a-levar-a-todo-o-pais-a-presenca-de-deus\/","title":{"rendered":"H\u00e1 mais de 150 anos a levar a todo o pa\u00eds a presen\u00e7a de Deus"},"content":{"rendered":"\n<p><\/p>\n\n\n\n<p><strong>A <a href=\"https:\/\/www.franciscanas.pt\/\">Congrega\u00e7\u00e3o das Franciscanas Mission\u00e1rias de Nossa Senhora<\/a> foi fundada em 1852. Como uma \u00e1rvore frondosa, foi estendendo os seus ramos desde Fran\u00e7a, onde teve a sua origem, estando hoje presente em quatro continentes e 17 pa\u00edses. Com mais de 100 fraternidades e cerca de 700 Irm\u00e3s, a Congrega\u00e7\u00e3o leva hoje a sua miss\u00e3o e valores por todo o mundo, como nos conta em entrevista a Irm\u00e3 Ludovina Ferraz, Superiora Provincial.<\/strong><\/p>\n\n\n\n<p><\/p>\n\n\n\n<p>A Congrega\u00e7\u00e3o das Franciscanas Mission\u00e1rias de Nossa Senhora nasceu em Calais, norte de Fran\u00e7a, da reuni\u00e3o de sete comunidades franciscanas dessa Diocese que, ap\u00f3s a Revolu\u00e7\u00e3o Francesa, se encontravam decadentes. O desejo de viver o esp\u00edrito franciscano fortaleceu cada Irm\u00e3 a aderir \u00e0 jun\u00e7\u00e3o das suas comunidades e ao nascimento de uma nova Congrega\u00e7\u00e3o. Em 1854 foi nomeada Superiora Geral a Irm\u00e3 Louise Mabille que, pela sua forma de ser e de estar, motivou cada Irm\u00e3 e ajudou a solidificar o esp\u00edrito de fam\u00edlia assente no respeito, confian\u00e7a, humildade e obedi\u00eancia, expresso numa caridade excecional e fraterna de discreta aten\u00e7\u00e3o aos outros, que leva as religiosas a aceitar, por amor a Deus e \u00e0 Congrega\u00e7\u00e3o a que pertencem, as alegrias e as prova\u00e7\u00f5es inerentes a toda a vida em comunidade e a viver humildemente com devo\u00e7\u00e3o, sil\u00eancio, contempla\u00e7\u00e3o e ora\u00e7\u00e3o a sua consagra\u00e7\u00e3o religiosa. A alegria e o dinamismo sempre caraterizou as Franciscanas Mission\u00e1rias de Nossa Senhora, assim como o esp\u00edrito da miss\u00e3o, adaptando-o \u00e0s condi\u00e7\u00f5es de cada tempo, a fim de que o an\u00fancio do Evangelho seja cada vez mais eficaz junto dos povos e culturas. Com mais de 150 anos de presen\u00e7a efetiva e cont\u00ednua em Portugal, as Franciscanas Mission\u00e1rias de Nossa Senhora vivem a sua miss\u00e3o levando, de norte a sul do pa\u00eds, ajuda aos que mais necessitam.<\/p>\n\n\n\n<p><\/p>\n\n\n\n<figure class=\"wp-block-image size-large\"><img loading=\"lazy\" decoding=\"async\" width=\"1024\" height=\"678\" src=\"https:\/\/maismagazine.pt\/wp-content\/uploads\/2022\/04\/foto-externato-1-1024x678.jpg\" alt=\"\" class=\"wp-image-2906\" srcset=\"http:\/\/maismagazine.pt\/wp-content\/uploads\/2022\/04\/foto-externato-1-1024x678.jpg 1024w, http:\/\/maismagazine.pt\/wp-content\/uploads\/2022\/04\/foto-externato-1-300x199.jpg 300w, http:\/\/maismagazine.pt\/wp-content\/uploads\/2022\/04\/foto-externato-1-768x508.jpg 768w, http:\/\/maismagazine.pt\/wp-content\/uploads\/2022\/04\/foto-externato-1-1536x1017.jpg 1536w, http:\/\/maismagazine.pt\/wp-content\/uploads\/2022\/04\/foto-externato-1-2048x1356.jpg 2048w, http:\/\/maismagazine.pt\/wp-content\/uploads\/2022\/04\/foto-externato-1-150x100.jpg 150w\" sizes=\"auto, (max-width: 1024px) 100vw, 1024px\" \/><\/figure>\n\n\n\n<p><\/p>\n\n\n\n<p>A educa\u00e7\u00e3o \u00e9 uma das dimens\u00f5es da Congrega\u00e7\u00e3o das Franciscanas Mission\u00e1rias de Nossa Senhora, a qual contempla uma rede nacional de estabelecimentos de ensino, que se afirma a cada dia como um dos principais motores de promo\u00e7\u00e3o e difus\u00e3o do seu Ide\u00e1rio. \u201cA educa\u00e7\u00e3o acompanha a nossa Congrega\u00e7\u00e3o desde o seu in\u00edcio. Em Portugal a sua primeira comunidade, em \u00cdlhavo, dedicava-se a educar meninas, particularmente, filhas dos pescadores\u201d, explica a Irm\u00e3 Ludovina Ferraz. Esta a\u00e7\u00e3o educativa vem sendo atualmente exercida no Col\u00e9gio Luso-Franc\u00eas, Col\u00e9gio de Lourdes, Centro de Bem Estar Infantil e Juvenil do Sagrado Cora\u00e7\u00e3o de Jesus e Externato de Santa Margarida e na Escola Superior de Sa\u00fade de Santa Maria. \u201cTemos consci\u00eancia de que a educa\u00e7\u00e3o, para al\u00e9m de proporcionar a aquisi\u00e7\u00e3o do conhecimento deve ser<br>integral, abrangendo toda a dimens\u00e3o da pessoa humana. A educa\u00e7\u00e3o tem como miss\u00e3o essencial despertar pessoas capazes de viver e de se comprometer como pessoas\u201d. Assim, a par de uma exigente prepara\u00e7\u00e3o acad\u00e9mica, a Congrega\u00e7\u00e3o pretende, acima de tudo, formar pessoas. \u201cEssa aprendizagem, mais do que nas aulas, aprende-se no ambiente de respeito e amizade que cada aluno h\u00e1 de encontrar nos nossos estabelecimentos de ensino\u201d.<\/p>\n\n\n\n<p><\/p>\n\n\n\n<p>Ao longo da sua hist\u00f3ria no mundo e em Portugal, as Franciscanas Mission\u00e1rias de Nossa Senhora t\u00eam estado atentas \u00e0s necessidades de todos. No futuro, continuar\u00e3o a sua miss\u00e3o, vivendo a m\u00edstica do servi\u00e7o, com um profundo esp\u00edrito franciscano, que \u201cnos identifica como irm\u00e3os de uma mesma fam\u00edlia, no sentido de perten\u00e7a, em compromisso de (com) unidade, consciente do seu passado, empenhada no seu presente e focada no seu futuro. Pois, como disse a Irm\u00e3 Louise Mabille: \u2018N\u00e3o basta ter come\u00e7ado \u00e9 preciso continuar\u2019\u201d.<\/p>\n\n\n\n<p><\/p>\n","protected":false},"excerpt":{"rendered":"<p>A Congrega\u00e7\u00e3o das Franciscanas Mission\u00e1rias de Nossa Senhora foi fundada em 1852. Como uma \u00e1rvore frondosa, foi estendendo os seus ramos desde Fran\u00e7a, onde teve a sua origem, estando hoje presente em quatro continentes e 17 pa\u00edses. Com mais de 100 fraternidades e cerca de 700 Irm\u00e3s, a Congrega\u00e7\u00e3o leva&hellip;<\/p>\n","protected":false},"author":7,"featured_media":2903,"comment_status":"open","ping_status":"open","sticky":false,"template":"","format":"standard","meta":{"advgb_blocks_editor_width":"","advgb_blocks_columns_visual_guide":"","_monsterinsights_skip_tracking":false,"_monsterinsights_sitenote_active":false,"_monsterinsights_sitenote_note":"","_monsterinsights_sitenote_category":0,"footnotes":""},"categories":[52,149],"tags":[566,570,568,525,569,567],"class_list":["post-2894","post","type-post","status-publish","format-standard","has-post-thumbnail","hentry","category-destaque","category-educacao","tag-congregacao","tag-deus","tag-devocao","tag-educacao","tag-familia","tag-franciscano"],"yoast_head":"<!-- This site is optimized with the Yoast SEO plugin v24.4 - https:\/\/yoast.com\/wordpress\/plugins\/seo\/ -->\n<title>H\u00e1 mais de 150 anos a levar a todo o pa\u00eds a presen\u00e7a de Deus - Mais Magazine<\/title>\n<meta name=\"description\" content=\"H\u00e1 mais de 150 anos a levar a todo o pa\u00eds a presen\u00e7a de Deus\" \/>\n<meta name=\"robots\" content=\"index, follow, max-snippet:-1, max-image-preview:large, max-video-preview:-1\" \/>\n<link rel=\"canonical\" href=\"https:\/\/maismagazine.pt\/index.php\/2022\/04\/14\/ha-mais-de-150-anos-a-levar-a-todo-o-pais-a-presenca-de-deus\/\" \/>\n<meta property=\"og:locale\" content=\"pt_PT\" \/>\n<meta property=\"og:type\" content=\"article\" \/>\n<meta property=\"og:title\" content=\"H\u00e1 mais de 150 anos a levar a todo o pa\u00eds a presen\u00e7a de Deus - Mais Magazine\" \/>\n<meta property=\"og:description\" content=\"H\u00e1 mais de 150 anos a levar a todo o pa\u00eds a presen\u00e7a de Deus\" \/>\n<meta property=\"og:url\" content=\"https:\/\/maismagazine.pt\/index.php\/2022\/04\/14\/ha-mais-de-150-anos-a-levar-a-todo-o-pais-a-presenca-de-deus\/\" \/>\n<meta property=\"og:site_name\" content=\"Mais Magazine\" \/>\n<meta property=\"article:published_time\" content=\"2022-04-14T07:35:37+00:00\" \/>\n<meta property=\"article:modified_time\" content=\"2022-05-05T11:27:54+00:00\" \/>\n<meta property=\"og:image\" content=\"https:\/\/maismagazine.pt\/wp-content\/uploads\/2022\/04\/medalha.jpg\" \/>\n\t<meta property=\"og:image:width\" content=\"201\" \/>\n\t<meta property=\"og:image:height\" content=\"232\" \/>\n\t<meta property=\"og:image:type\" content=\"image\/jpeg\" \/>\n<meta name=\"author\" content=\"Jo\u00e3o Malainho\" \/>\n<meta name=\"twitter:card\" content=\"summary_large_image\" \/>\n<meta name=\"twitter:label1\" content=\"Escrito por\" \/>\n\t<meta name=\"twitter:data1\" content=\"\" \/>\n\t<meta name=\"twitter:label2\" content=\"Tempo estimado de leitura\" \/>\n\t<meta name=\"twitter:data2\" content=\"3 minutos\" \/>\n<script type=\"application\/ld+json\" class=\"yoast-schema-graph\">{\"@context\":\"https:\/\/schema.org\",\"@graph\":[{\"@type\":\"Article\",\"@id\":\"https:\/\/maismagazine.pt\/index.php\/2022\/04\/14\/ha-mais-de-150-anos-a-levar-a-todo-o-pais-a-presenca-de-deus\/#article\",\"isPartOf\":{\"@id\":\"https:\/\/maismagazine.pt\/index.php\/2022\/04\/14\/ha-mais-de-150-anos-a-levar-a-todo-o-pais-a-presenca-de-deus\/\"},\"author\":{\"name\":\"Jo\u00e3o Malainho\",\"@id\":\"https:\/\/maismagazine.pt\/#\/schema\/person\/999bd426f894ff56d397ec12ebd21ebb\"},\"headline\":\"H\u00e1 mais de 150 anos a levar a todo o pa\u00eds a presen\u00e7a de Deus\",\"datePublished\":\"2022-04-14T07:35:37+00:00\",\"dateModified\":\"2022-05-05T11:27:54+00:00\",\"mainEntityOfPage\":{\"@id\":\"https:\/\/maismagazine.pt\/index.php\/2022\/04\/14\/ha-mais-de-150-anos-a-levar-a-todo-o-pais-a-presenca-de-deus\/\"},\"wordCount\":652,\"commentCount\":0,\"publisher\":{\"@id\":\"https:\/\/maismagazine.pt\/#organization\"},\"image\":{\"@id\":\"https:\/\/maismagazine.pt\/index.php\/2022\/04\/14\/ha-mais-de-150-anos-a-levar-a-todo-o-pais-a-presenca-de-deus\/#primaryimage\"},\"thumbnailUrl\":\"http:\/\/maismagazine.pt\/wp-content\/uploads\/2022\/04\/medalha.jpg\",\"keywords\":[\"Congrega\u00e7\u00e3o\",\"Deus\",\"devo\u00e7\u00e3o\",\"Educa\u00e7\u00e3o\",\"fam\u00edlia\",\"franciscano\"],\"articleSection\":[\"Destaque lateral\",\"Educa\u00e7\u00e3o\"],\"inLanguage\":\"pt-PT\",\"potentialAction\":[{\"@type\":\"CommentAction\",\"name\":\"Comment\",\"target\":[\"https:\/\/maismagazine.pt\/index.php\/2022\/04\/14\/ha-mais-de-150-anos-a-levar-a-todo-o-pais-a-presenca-de-deus\/#respond\"]}]},{\"@type\":\"WebPage\",\"@id\":\"https:\/\/maismagazine.pt\/index.php\/2022\/04\/14\/ha-mais-de-150-anos-a-levar-a-todo-o-pais-a-presenca-de-deus\/\",\"url\":\"https:\/\/maismagazine.pt\/index.php\/2022\/04\/14\/ha-mais-de-150-anos-a-levar-a-todo-o-pais-a-presenca-de-deus\/\",\"name\":\"H\u00e1 mais de 150 anos a levar a todo o pa\u00eds a presen\u00e7a de Deus - Mais Magazine\",\"isPartOf\":{\"@id\":\"https:\/\/maismagazine.pt\/#website\"},\"primaryImageOfPage\":{\"@id\":\"https:\/\/maismagazine.pt\/index.php\/2022\/04\/14\/ha-mais-de-150-anos-a-levar-a-todo-o-pais-a-presenca-de-deus\/#primaryimage\"},\"image\":{\"@id\":\"https:\/\/maismagazine.pt\/index.php\/2022\/04\/14\/ha-mais-de-150-anos-a-levar-a-todo-o-pais-a-presenca-de-deus\/#primaryimage\"},\"thumbnailUrl\":\"http:\/\/maismagazine.pt\/wp-content\/uploads\/2022\/04\/medalha.jpg\",\"datePublished\":\"2022-04-14T07:35:37+00:00\",\"dateModified\":\"2022-05-05T11:27:54+00:00\",\"description\":\"H\u00e1 mais de 150 anos a levar a todo o pa\u00eds a presen\u00e7a de Deus\",\"breadcrumb\":{\"@id\":\"https:\/\/maismagazine.pt\/index.php\/2022\/04\/14\/ha-mais-de-150-anos-a-levar-a-todo-o-pais-a-presenca-de-deus\/#breadcrumb\"},\"inLanguage\":\"pt-PT\",\"potentialAction\":[{\"@type\":\"ReadAction\",\"target\":[\"https:\/\/maismagazine.pt\/index.php\/2022\/04\/14\/ha-mais-de-150-anos-a-levar-a-todo-o-pais-a-presenca-de-deus\/\"]}]},{\"@type\":\"ImageObject\",\"inLanguage\":\"pt-PT\",\"@id\":\"https:\/\/maismagazine.pt\/index.php\/2022\/04\/14\/ha-mais-de-150-anos-a-levar-a-todo-o-pais-a-presenca-de-deus\/#primaryimage\",\"url\":\"http:\/\/maismagazine.pt\/wp-content\/uploads\/2022\/04\/medalha.jpg\",\"contentUrl\":\"http:\/\/maismagazine.pt\/wp-content\/uploads\/2022\/04\/medalha.jpg\",\"width\":201,\"height\":232},{\"@type\":\"BreadcrumbList\",\"@id\":\"https:\/\/maismagazine.pt\/index.php\/2022\/04\/14\/ha-mais-de-150-anos-a-levar-a-todo-o-pais-a-presenca-de-deus\/#breadcrumb\",\"itemListElement\":[{\"@type\":\"ListItem\",\"position\":1,\"name\":\"Home\",\"item\":\"https:\/\/maismagazine.pt\/\"},{\"@type\":\"ListItem\",\"position\":2,\"name\":\"H\u00e1 mais de 150 anos a levar a todo o pa\u00eds a presen\u00e7a de Deus\"}]},{\"@type\":\"WebSite\",\"@id\":\"https:\/\/maismagazine.pt\/#website\",\"url\":\"https:\/\/maismagazine.pt\/\",\"name\":\"Mais Magazine\",\"description\":\"\",\"publisher\":{\"@id\":\"https:\/\/maismagazine.pt\/#organization\"},\"potentialAction\":[{\"@type\":\"SearchAction\",\"target\":{\"@type\":\"EntryPoint\",\"urlTemplate\":\"https:\/\/maismagazine.pt\/?s={search_term_string}\"},\"query-input\":{\"@type\":\"PropertyValueSpecification\",\"valueRequired\":true,\"valueName\":\"search_term_string\"}}],\"inLanguage\":\"pt-PT\"},{\"@type\":\"Organization\",\"@id\":\"https:\/\/maismagazine.pt\/#organization\",\"name\":\"Mais Magazine\",\"url\":\"https:\/\/maismagazine.pt\/\",\"logo\":{\"@type\":\"ImageObject\",\"inLanguage\":\"pt-PT\",\"@id\":\"https:\/\/maismagazine.pt\/#\/schema\/logo\/image\/\",\"url\":\"http:\/\/maismagazine.pt\/wp-content\/uploads\/2020\/04\/cropped-cropped-mais-magazine-site-logo-2.png\",\"contentUrl\":\"http:\/\/maismagazine.pt\/wp-content\/uploads\/2020\/04\/cropped-cropped-mais-magazine-site-logo-2.png\",\"width\":581,\"height\":90,\"caption\":\"Mais Magazine\"},\"image\":{\"@id\":\"https:\/\/maismagazine.pt\/#\/schema\/logo\/image\/\"}},{\"@type\":\"Person\",\"@id\":\"https:\/\/maismagazine.pt\/#\/schema\/person\/999bd426f894ff56d397ec12ebd21ebb\",\"name\":\"Jo\u00e3o Malainho\",\"image\":{\"@type\":\"ImageObject\",\"inLanguage\":\"pt-PT\",\"@id\":\"https:\/\/maismagazine.pt\/#\/schema\/person\/image\/\",\"url\":\"https:\/\/secure.gravatar.com\/avatar\/ff03c2f38edf60b2a827aa4f74878491?s=96&d=mm&r=g\",\"contentUrl\":\"https:\/\/secure.gravatar.com\/avatar\/ff03c2f38edf60b2a827aa4f74878491?s=96&d=mm&r=g\",\"caption\":\"Jo\u00e3o Malainho\"},\"url\":\"http:\/\/maismagazine.pt\/index.php\/author\/maismagazine\/\"}]}<\/script>\n<!-- \/ Yoast SEO plugin. -->","yoast_head_json":{"title":"H\u00e1 mais de 150 anos a levar a todo o pa\u00eds a presen\u00e7a de Deus - Mais Magazine","description":"H\u00e1 mais de 150 anos a levar a todo o pa\u00eds a presen\u00e7a de Deus","robots":{"index":"index","follow":"follow","max-snippet":"max-snippet:-1","max-image-preview":"max-image-preview:large","max-video-preview":"max-video-preview:-1"},"canonical":"https:\/\/maismagazine.pt\/index.php\/2022\/04\/14\/ha-mais-de-150-anos-a-levar-a-todo-o-pais-a-presenca-de-deus\/","og_locale":"pt_PT","og_type":"article","og_title":"H\u00e1 mais de 150 anos a levar a todo o pa\u00eds a presen\u00e7a de Deus - Mais Magazine","og_description":"H\u00e1 mais de 150 anos a levar a todo o pa\u00eds a presen\u00e7a de Deus","og_url":"https:\/\/maismagazine.pt\/index.php\/2022\/04\/14\/ha-mais-de-150-anos-a-levar-a-todo-o-pais-a-presenca-de-deus\/","og_site_name":"Mais Magazine","article_published_time":"2022-04-14T07:35:37+00:00","article_modified_time":"2022-05-05T11:27:54+00:00","og_image":[{"width":201,"height":232,"url":"https:\/\/maismagazine.pt\/wp-content\/uploads\/2022\/04\/medalha.jpg","type":"image\/jpeg"}],"author":"Jo\u00e3o Malainho","twitter_card":"summary_large_image","twitter_misc":{"Escrito por":false,"Tempo estimado de leitura":"3 minutos"},"schema":{"@context":"https:\/\/schema.org","@graph":[{"@type":"Article","@id":"https:\/\/maismagazine.pt\/index.php\/2022\/04\/14\/ha-mais-de-150-anos-a-levar-a-todo-o-pais-a-presenca-de-deus\/#article","isPartOf":{"@id":"https:\/\/maismagazine.pt\/index.php\/2022\/04\/14\/ha-mais-de-150-anos-a-levar-a-todo-o-pais-a-presenca-de-deus\/"},"author":{"name":"Jo\u00e3o Malainho","@id":"https:\/\/maismagazine.pt\/#\/schema\/person\/999bd426f894ff56d397ec12ebd21ebb"},"headline":"H\u00e1 mais de 150 anos a levar a todo o pa\u00eds a presen\u00e7a de Deus","datePublished":"2022-04-14T07:35:37+00:00","dateModified":"2022-05-05T11:27:54+00:00","mainEntityOfPage":{"@id":"https:\/\/maismagazine.pt\/index.php\/2022\/04\/14\/ha-mais-de-150-anos-a-levar-a-todo-o-pais-a-presenca-de-deus\/"},"wordCount":652,"commentCount":0,"publisher":{"@id":"https:\/\/maismagazine.pt\/#organization"},"image":{"@id":"https:\/\/maismagazine.pt\/index.php\/2022\/04\/14\/ha-mais-de-150-anos-a-levar-a-todo-o-pais-a-presenca-de-deus\/#primaryimage"},"thumbnailUrl":"http:\/\/maismagazine.pt\/wp-content\/uploads\/2022\/04\/medalha.jpg","keywords":["Congrega\u00e7\u00e3o","Deus","devo\u00e7\u00e3o","Educa\u00e7\u00e3o","fam\u00edlia","franciscano"],"articleSection":["Destaque lateral","Educa\u00e7\u00e3o"],"inLanguage":"pt-PT","potentialAction":[{"@type":"CommentAction","name":"Comment","target":["https:\/\/maismagazine.pt\/index.php\/2022\/04\/14\/ha-mais-de-150-anos-a-levar-a-todo-o-pais-a-presenca-de-deus\/#respond"]}]},{"@type":"WebPage","@id":"https:\/\/maismagazine.pt\/index.php\/2022\/04\/14\/ha-mais-de-150-anos-a-levar-a-todo-o-pais-a-presenca-de-deus\/","url":"https:\/\/maismagazine.pt\/index.php\/2022\/04\/14\/ha-mais-de-150-anos-a-levar-a-todo-o-pais-a-presenca-de-deus\/","name":"H\u00e1 mais de 150 anos a levar a todo o pa\u00eds a presen\u00e7a de Deus - Mais Magazine","isPartOf":{"@id":"https:\/\/maismagazine.pt\/#website"},"primaryImageOfPage":{"@id":"https:\/\/maismagazine.pt\/index.php\/2022\/04\/14\/ha-mais-de-150-anos-a-levar-a-todo-o-pais-a-presenca-de-deus\/#primaryimage"},"image":{"@id":"https:\/\/maismagazine.pt\/index.php\/2022\/04\/14\/ha-mais-de-150-anos-a-levar-a-todo-o-pais-a-presenca-de-deus\/#primaryimage"},"thumbnailUrl":"http:\/\/maismagazine.pt\/wp-content\/uploads\/2022\/04\/medalha.jpg","datePublished":"2022-04-14T07:35:37+00:00","dateModified":"2022-05-05T11:27:54+00:00","description":"H\u00e1 mais de 150 anos a levar a todo o pa\u00eds a presen\u00e7a de Deus","breadcrumb":{"@id":"https:\/\/maismagazine.pt\/index.php\/2022\/04\/14\/ha-mais-de-150-anos-a-levar-a-todo-o-pais-a-presenca-de-deus\/#breadcrumb"},"inLanguage":"pt-PT","potentialAction":[{"@type":"ReadAction","target":["https:\/\/maismagazine.pt\/index.php\/2022\/04\/14\/ha-mais-de-150-anos-a-levar-a-todo-o-pais-a-presenca-de-deus\/"]}]},{"@type":"ImageObject","inLanguage":"pt-PT","@id":"https:\/\/maismagazine.pt\/index.php\/2022\/04\/14\/ha-mais-de-150-anos-a-levar-a-todo-o-pais-a-presenca-de-deus\/#primaryimage","url":"http:\/\/maismagazine.pt\/wp-content\/uploads\/2022\/04\/medalha.jpg","contentUrl":"http:\/\/maismagazine.pt\/wp-content\/uploads\/2022\/04\/medalha.jpg","width":201,"height":232},{"@type":"BreadcrumbList","@id":"https:\/\/maismagazine.pt\/index.php\/2022\/04\/14\/ha-mais-de-150-anos-a-levar-a-todo-o-pais-a-presenca-de-deus\/#breadcrumb","itemListElement":[{"@type":"ListItem","position":1,"name":"Home","item":"https:\/\/maismagazine.pt\/"},{"@type":"ListItem","position":2,"name":"H\u00e1 mais de 150 anos a levar a todo o pa\u00eds a presen\u00e7a de Deus"}]},{"@type":"WebSite","@id":"https:\/\/maismagazine.pt\/#website","url":"https:\/\/maismagazine.pt\/","name":"Mais Magazine","description":"","publisher":{"@id":"https:\/\/maismagazine.pt\/#organization"},"potentialAction":[{"@type":"SearchAction","target":{"@type":"EntryPoint","urlTemplate":"https:\/\/maismagazine.pt\/?s={search_term_string}"},"query-input":{"@type":"PropertyValueSpecification","valueRequired":true,"valueName":"search_term_string"}}],"inLanguage":"pt-PT"},{"@type":"Organization","@id":"https:\/\/maismagazine.pt\/#organization","name":"Mais Magazine","url":"https:\/\/maismagazine.pt\/","logo":{"@type":"ImageObject","inLanguage":"pt-PT","@id":"https:\/\/maismagazine.pt\/#\/schema\/logo\/image\/","url":"http:\/\/maismagazine.pt\/wp-content\/uploads\/2020\/04\/cropped-cropped-mais-magazine-site-logo-2.png","contentUrl":"http:\/\/maismagazine.pt\/wp-content\/uploads\/2020\/04\/cropped-cropped-mais-magazine-site-logo-2.png","width":581,"height":90,"caption":"Mais Magazine"},"image":{"@id":"https:\/\/maismagazine.pt\/#\/schema\/logo\/image\/"}},{"@type":"Person","@id":"https:\/\/maismagazine.pt\/#\/schema\/person\/999bd426f894ff56d397ec12ebd21ebb","name":"Jo\u00e3o Malainho","image":{"@type":"ImageObject","inLanguage":"pt-PT","@id":"https:\/\/maismagazine.pt\/#\/schema\/person\/image\/","url":"https:\/\/secure.gravatar.com\/avatar\/ff03c2f38edf60b2a827aa4f74878491?s=96&d=mm&r=g","contentUrl":"https:\/\/secure.gravatar.com\/avatar\/ff03c2f38edf60b2a827aa4f74878491?s=96&d=mm&r=g","caption":"Jo\u00e3o Malainho"},"url":"http:\/\/maismagazine.pt\/index.php\/author\/maismagazine\/"}]}},"author_meta":{"display_name":false,"author_link":"http:\/\/maismagazine.pt\/index.php\/author\/maismagazine\/"},"featured_img":"http:\/\/maismagazine.pt\/wp-content\/uploads\/2022\/04\/medalha.jpg","coauthors":[],"tax_additional":{"categories":{"linked":["<a href=\"http:\/\/maismagazine.pt\/index.php\/category\/destaque\/\" class=\"advgb-post-tax-term\">Destaque lateral<\/a>","<a href=\"http:\/\/maismagazine.pt\/index.php\/category\/educacao\/\" class=\"advgb-post-tax-term\">Educa\u00e7\u00e3o<\/a>"],"unlinked":["<span class=\"advgb-post-tax-term\">Destaque lateral<\/span>","<span class=\"advgb-post-tax-term\">Educa\u00e7\u00e3o<\/span>"]},"tags":{"linked":["<a href=\"http:\/\/maismagazine.pt\/index.php\/category\/educacao\/\" class=\"advgb-post-tax-term\">Congrega\u00e7\u00e3o<\/a>","<a href=\"http:\/\/maismagazine.pt\/index.php\/category\/educacao\/\" class=\"advgb-post-tax-term\">Deus<\/a>","<a href=\"http:\/\/maismagazine.pt\/index.php\/category\/educacao\/\" class=\"advgb-post-tax-term\">devo\u00e7\u00e3o<\/a>","<a href=\"http:\/\/maismagazine.pt\/index.php\/category\/educacao\/\" class=\"advgb-post-tax-term\">Educa\u00e7\u00e3o<\/a>","<a href=\"http:\/\/maismagazine.pt\/index.php\/category\/educacao\/\" class=\"advgb-post-tax-term\">fam\u00edlia<\/a>","<a href=\"http:\/\/maismagazine.pt\/index.php\/category\/educacao\/\" class=\"advgb-post-tax-term\">franciscano<\/a>"],"unlinked":["<span class=\"advgb-post-tax-term\">Congrega\u00e7\u00e3o<\/span>","<span class=\"advgb-post-tax-term\">Deus<\/span>","<span class=\"advgb-post-tax-term\">devo\u00e7\u00e3o<\/span>","<span class=\"advgb-post-tax-term\">Educa\u00e7\u00e3o<\/span>","<span class=\"advgb-post-tax-term\">fam\u00edlia<\/span>","<span class=\"advgb-post-tax-term\">franciscano<\/span>"]}},"comment_count":"0","relative_dates":{"created":"Posted 4 anos ago","modified":"Updated 4 anos ago"},"absolute_dates":{"created":"Posted on 14 de Abril, 2022","modified":"Updated on 5 de Maio, 2022"},"absolute_dates_time":{"created":"Posted on 14 de Abril, 2022 7:35","modified":"Updated on 5 de Maio, 2022 12:27"},"featured_img_caption":"","series_order":"","_links":{"self":[{"href":"http:\/\/maismagazine.pt\/index.php\/wp-json\/wp\/v2\/posts\/2894","targetHints":{"allow":["GET"]}}],"collection":[{"href":"http:\/\/maismagazine.pt\/index.php\/wp-json\/wp\/v2\/posts"}],"about":[{"href":"http:\/\/maismagazine.pt\/index.php\/wp-json\/wp\/v2\/types\/post"}],"author":[{"embeddable":true,"href":"http:\/\/maismagazine.pt\/index.php\/wp-json\/wp\/v2\/users\/7"}],"replies":[{"embeddable":true,"href":"http:\/\/maismagazine.pt\/index.php\/wp-json\/wp\/v2\/comments?post=2894"}],"version-history":[{"count":1,"href":"http:\/\/maismagazine.pt\/index.php\/wp-json\/wp\/v2\/posts\/2894\/revisions"}],"predecessor-version":[{"id":2909,"href":"http:\/\/maismagazine.pt\/index.php\/wp-json\/wp\/v2\/posts\/2894\/revisions\/2909"}],"wp:featuredmedia":[{"embeddable":true,"href":"http:\/\/maismagazine.pt\/index.php\/wp-json\/wp\/v2\/media\/2903"}],"wp:attachment":[{"href":"http:\/\/maismagazine.pt\/index.php\/wp-json\/wp\/v2\/media?parent=2894"}],"wp:term":[{"taxonomy":"category","embeddable":true,"href":"http:\/\/maismagazine.pt\/index.php\/wp-json\/wp\/v2\/categories?post=2894"},{"taxonomy":"post_tag","embeddable":true,"href":"http:\/\/maismagazine.pt\/index.php\/wp-json\/wp\/v2\/tags?post=2894"}],"curies":[{"name":"wp","href":"https:\/\/api.w.org\/{rel}","templated":true}]}}