{"id":2891,"date":"2022-04-14T07:28:14","date_gmt":"2022-04-14T07:28:14","guid":{"rendered":"https:\/\/maismagazine.pt\/?p=2891"},"modified":"2022-04-14T07:28:14","modified_gmt":"2022-04-14T07:28:14","slug":"a-nossa-prioridade-sao-as-pessoas","status":"publish","type":"post","link":"http:\/\/maismagazine.pt\/index.php\/2022\/04\/14\/a-nossa-prioridade-sao-as-pessoas\/","title":{"rendered":"\u201cA nossa prioridade s\u00e3o as pessoas\u201d"},"content":{"rendered":"\n<p><\/p>\n\n\n\n<p><strong>Lu\u00edsa Caldeira, uma das fundadoras e atual CFO do <a href=\"http:\/\/www.las.pt\/\" target=\"_blank\" rel=\"noreferrer noopener\">LAS Group<\/a>, em entrevista \u00e0 Mais Magazine, garante que a estrat\u00e9gia de crescimento do grupo passa, e \u201csempre passou\u201d, pela satisfa\u00e7\u00e3o dos clientes em primeiro lugar. <\/strong><\/p>\n\n\n\n<p><\/p>\n\n\n\n<p>Tendo sido a primeira empresa do LAS Group, a LAS Maintenance foi criada a 30 de maio de 1995, por dois ex-colaboradores da extinta AIR Columbus, com o objetivo de responder \u00e0s necessidades crescentes dos operadores a\u00e9reos e \u00e0s lacunas do mercado portugu\u00eas no que concerne \u00e0 manuten\u00e7\u00e3o em linha de aeronaves.<\/p>\n\n\n\n<p>Atualmente, o LAS Group conta com cerca de 160 colaboradores na pen\u00ednsula ib\u00e9rica, distribu\u00eddos pelas quatro empresas do grupo: a LAS Maintenance, empresa de manuten\u00e7\u00e3o em linha de aeronaves no mercado nacional; a LAS Training, inicialmente ligada \u00e0 forma\u00e7\u00e3o de t\u00e9cnicos de manuten\u00e7\u00e3o deste sector mas que tem vindo a diversificar a sua oferta educativa noutros mercados; a SLOT, na vertente de Recrutamento e Consultoria, e a HLA, a empresa cong\u00e9nere de manuten\u00e7\u00e3o em linha de aeronaves em Espanha, detida 60% pelo LAS Group.<\/p>\n\n\n\n<p>Segundo Lu\u00edsa Caldeira, \u201co setor da avia\u00e7\u00e3o \u00e9 um mundo que est\u00e1 em constante mudan\u00e7a e que nos obriga a ter uma estrat\u00e9gia de adapta\u00e7\u00e3o e prepara\u00e7\u00e3o constante\u201d. Depois de uma crise financeira em 2011, de uma pandemia que atinge o mundo desde mar\u00e7o de 2020 e da mais recente guerra que atormenta a Europa, a CFO do LAS Group afirma que a estrat\u00e9gia do grupo \u201cpassa por termos um crescimento s\u00f3lido&nbsp;e uma adapta\u00e7\u00e3o frequente das nossas solu\u00e7\u00f5es&nbsp;\u00e0s necessidades dos mercados onde estamos inseridos\u201d.<\/p>\n\n\n\n<p>A pandemia levantou uma s\u00e9rie de quest\u00f5es e modelos de trabalho emergentes. Para Lu\u00edsa Caldeira, \u201ca intera\u00e7\u00e3o entre as pessoas e as empresas \u00e9 cada vez mais importante, n\u00e3o s\u00f3 enquanto clientes de uma marca, mas como colaboradores da mesma: as taxas de rotatividade e de demiss\u00f5es aumentaram bastante em todos os sectores, sendo necess\u00e1rio criar uma cultura e sentimento de perten\u00e7a nas empresas, n\u00e3o s\u00f3 com programas de acolhimento espec\u00edficos, forma\u00e7\u00f5es direcionadas para as reais necessidades dos colaboradores como processos de avalia\u00e7\u00e3o de colaboradores justos\u201d. &nbsp;\u00c9 a\u00ed que a SLOT entra como empresa-chave ao prestar servi\u00e7os de consultoria \u00e0s empresas portuguesas e propondo poss\u00edveis forma\u00e7\u00f5es em parceria com a LAS Training.<\/p>\n\n\n\n<p>Para o futuro, o LAS Group tem como macroprojecto o <em>rebranding<\/em> das marcas do grupo. \u201cVemos cada vez mais concorrentes nossos com uma imagem forte e com uma presen\u00e7a ass\u00eddua em feiras, eventos, redes sociais e parcerias, muito derivada da necessidade de ser vis\u00edvel num mercado p\u00f3s-pand\u00e9mico, onde o digital \u00e9 a porta de entrada, enquanto a imagem e comunica\u00e7\u00e3o do nosso grupo, que at\u00e9 \u00e1 data tem sido muito de refer\u00eancia entre clientes, n\u00e3o tem refletido a qualidade do nosso servi\u00e7o e dos nossos profissionais. \u00c9 por isso o nosso objetivo o <em>rebranding<\/em> da nossa marca, refletindo o nosso posicionamento e sinergias do grupo\u201d. Para al\u00e9m disso, o LAS Group ambiciona ainda ver a presen\u00e7a ib\u00e9rica da empresa cada vez mais refor\u00e7ada, destacando-se no mercado com \u201cuma forma de trabalhar independente e moderna\u201d.&nbsp;<\/p>\n\n\n\n<p><\/p>\n\n\n\n<figure class=\"wp-block-gallery aligncenter columns-3 is-cropped wp-block-gallery-1\"><ul class=\"blocks-gallery-grid\"><li class=\"blocks-gallery-item\"><figure><img loading=\"lazy\" decoding=\"async\" width=\"768\" height=\"1024\" src=\"http:\/\/maismagazine.pt\/wp-content\/uploads\/2022\/04\/WhatsApp-Image-2020-10-04-at-23.07.40.jpeg\" alt=\"\" data-id=\"2898\" data-full-url=\"http:\/\/maismagazine.pt\/wp-content\/uploads\/2022\/04\/WhatsApp-Image-2020-10-04-at-23.07.40.jpeg\" data-link=\"https:\/\/maismagazine.pt\/?attachment_id=2898\" class=\"wp-image-2898\" srcset=\"http:\/\/maismagazine.pt\/wp-content\/uploads\/2022\/04\/WhatsApp-Image-2020-10-04-at-23.07.40.jpeg 768w, http:\/\/maismagazine.pt\/wp-content\/uploads\/2022\/04\/WhatsApp-Image-2020-10-04-at-23.07.40-225x300.jpeg 225w\" sizes=\"auto, (max-width: 768px) 100vw, 768px\" \/><\/figure><\/li><li class=\"blocks-gallery-item\"><figure><img loading=\"lazy\" decoding=\"async\" width=\"979\" height=\"1024\" src=\"http:\/\/maismagazine.pt\/wp-content\/uploads\/2022\/04\/FB-979x1024.jpg\" alt=\"\" data-id=\"2899\" data-full-url=\"http:\/\/maismagazine.pt\/wp-content\/uploads\/2022\/04\/FB.jpg\" data-link=\"https:\/\/maismagazine.pt\/?attachment_id=2899\" class=\"wp-image-2899\" srcset=\"http:\/\/maismagazine.pt\/wp-content\/uploads\/2022\/04\/FB-979x1024.jpg 979w, http:\/\/maismagazine.pt\/wp-content\/uploads\/2022\/04\/FB-287x300.jpg 287w, http:\/\/maismagazine.pt\/wp-content\/uploads\/2022\/04\/FB-768x803.jpg 768w, http:\/\/maismagazine.pt\/wp-content\/uploads\/2022\/04\/FB-1469x1536.jpg 1469w, http:\/\/maismagazine.pt\/wp-content\/uploads\/2022\/04\/FB-1959x2048.jpg 1959w\" sizes=\"auto, (max-width: 979px) 100vw, 979px\" \/><\/figure><\/li><li class=\"blocks-gallery-item\"><figure><img loading=\"lazy\" decoding=\"async\" width=\"1024\" height=\"768\" src=\"http:\/\/maismagazine.pt\/wp-content\/uploads\/2022\/04\/DSC00056-1024x768.jpg\" alt=\"\" data-id=\"2897\" data-full-url=\"http:\/\/maismagazine.pt\/wp-content\/uploads\/2022\/04\/DSC00056-scaled.jpg\" data-link=\"https:\/\/maismagazine.pt\/?attachment_id=2897\" class=\"wp-image-2897 is-layout-flex wp-block-gallery-is-layout-flex\" srcset=\"http:\/\/maismagazine.pt\/wp-content\/uploads\/2022\/04\/DSC00056-1024x768.jpg 1024w, http:\/\/maismagazine.pt\/wp-content\/uploads\/2022\/04\/DSC00056-300x225.jpg 300w, http:\/\/maismagazine.pt\/wp-content\/uploads\/2022\/04\/DSC00056-768x576.jpg 768w, http:\/\/maismagazine.pt\/wp-content\/uploads\/2022\/04\/DSC00056-1536x1152.jpg 1536w, http:\/\/maismagazine.pt\/wp-content\/uploads\/2022\/04\/DSC00056-2048x1536.jpg 2048w\" sizes=\"auto, (max-width: 1024px) 100vw, 1024px\" \/><\/figure><\/li><\/ul><\/figure>\n","protected":false},"excerpt":{"rendered":"<p>Lu\u00edsa Caldeira, uma das fundadoras e atual CFO do LAS Group, em entrevista \u00e0 Mais Magazine, garante que a estrat\u00e9gia de crescimento do grupo passa, e \u201csempre passou\u201d, pela satisfa\u00e7\u00e3o dos clientes em primeiro lugar. Tendo sido a primeira empresa do LAS Group, a LAS Maintenance foi criada a 30&hellip;<\/p>\n","protected":false},"author":7,"featured_media":2900,"comment_status":"open","ping_status":"open","sticky":false,"template":"","format":"standard","meta":{"advgb_blocks_editor_width":"","advgb_blocks_columns_visual_guide":"","_monsterinsights_skip_tracking":false,"_monsterinsights_sitenote_active":false,"_monsterinsights_sitenote_note":"","_monsterinsights_sitenote_category":0,"footnotes":""},"categories":[77,1,161,79],"tags":[565,564],"class_list":["post-2891","post","type-post","status-publish","format-standard","has-post-thumbnail","hentry","category-arquitetura-e-construcao","category-atualidade","category-mundo-empresarial","category-tecnologia-e-inovacao","tag-aeronaves","tag-manutencao"],"yoast_head":"<!-- This site is optimized with the Yoast SEO plugin v24.4 - https:\/\/yoast.com\/wordpress\/plugins\/seo\/ -->\n<title>\u201cA nossa prioridade s\u00e3o as pessoas\u201d - Mais Magazine<\/title>\n<meta name=\"description\" content=\"Lu\u00edsa Caldeira, uma das fundadoras e atual CFO do LAS Group, em entrevista \u00e0 Mais Magazine, garante que a estrat\u00e9gia de crescimento passa...\" \/>\n<meta name=\"robots\" content=\"index, follow, max-snippet:-1, max-image-preview:large, max-video-preview:-1\" \/>\n<link rel=\"canonical\" href=\"http:\/\/maismagazine.pt\/index.php\/2022\/04\/14\/a-nossa-prioridade-sao-as-pessoas\/\" \/>\n<meta property=\"og:locale\" content=\"pt_PT\" \/>\n<meta property=\"og:type\" content=\"article\" \/>\n<meta property=\"og:title\" content=\"\u201cA nossa prioridade s\u00e3o as pessoas\u201d - Mais Magazine\" \/>\n<meta property=\"og:description\" content=\"Lu\u00edsa Caldeira, uma das fundadoras e atual CFO do LAS Group, em entrevista \u00e0 Mais Magazine, garante que a estrat\u00e9gia de crescimento passa...\" \/>\n<meta property=\"og:url\" content=\"http:\/\/maismagazine.pt\/index.php\/2022\/04\/14\/a-nossa-prioridade-sao-as-pessoas\/\" \/>\n<meta property=\"og:site_name\" content=\"Mais Magazine\" \/>\n<meta property=\"article:published_time\" content=\"2022-04-14T07:28:14+00:00\" \/>\n<meta property=\"og:image\" content=\"http:\/\/maismagazine.pt\/wp-content\/uploads\/2022\/04\/WhatsApp-Image-2020-10-28-at-13.49.14.jpeg\" \/>\n\t<meta property=\"og:image:width\" content=\"1920\" \/>\n\t<meta property=\"og:image:height\" content=\"1440\" \/>\n\t<meta property=\"og:image:type\" content=\"image\/jpeg\" \/>\n<meta name=\"author\" content=\"Jo\u00e3o Malainho\" \/>\n<meta name=\"twitter:card\" content=\"summary_large_image\" \/>\n<meta name=\"twitter:label1\" content=\"Escrito por\" \/>\n\t<meta name=\"twitter:data1\" content=\"\" \/>\n\t<meta name=\"twitter:label2\" content=\"Tempo estimado de leitura\" \/>\n\t<meta name=\"twitter:data2\" content=\"3 minutos\" \/>\n<script type=\"application\/ld+json\" class=\"yoast-schema-graph\">{\"@context\":\"https:\/\/schema.org\",\"@graph\":[{\"@type\":\"Article\",\"@id\":\"http:\/\/maismagazine.pt\/index.php\/2022\/04\/14\/a-nossa-prioridade-sao-as-pessoas\/#article\",\"isPartOf\":{\"@id\":\"http:\/\/maismagazine.pt\/index.php\/2022\/04\/14\/a-nossa-prioridade-sao-as-pessoas\/\"},\"author\":{\"name\":\"Jo\u00e3o Malainho\",\"@id\":\"https:\/\/maismagazine.pt\/#\/schema\/person\/999bd426f894ff56d397ec12ebd21ebb\"},\"headline\":\"\u201cA nossa prioridade s\u00e3o as pessoas\u201d\",\"datePublished\":\"2022-04-14T07:28:14+00:00\",\"mainEntityOfPage\":{\"@id\":\"http:\/\/maismagazine.pt\/index.php\/2022\/04\/14\/a-nossa-prioridade-sao-as-pessoas\/\"},\"wordCount\":553,\"commentCount\":0,\"publisher\":{\"@id\":\"https:\/\/maismagazine.pt\/#organization\"},\"image\":{\"@id\":\"http:\/\/maismagazine.pt\/index.php\/2022\/04\/14\/a-nossa-prioridade-sao-as-pessoas\/#primaryimage\"},\"thumbnailUrl\":\"http:\/\/maismagazine.pt\/wp-content\/uploads\/2022\/04\/WhatsApp-Image-2020-10-28-at-13.49.14.jpeg\",\"keywords\":[\"aeronaves\",\"manuten\u00e7\u00e3o\"],\"articleSection\":[\"Arquitetura e Constru\u00e7\u00e3o\",\"Atualidade\",\"Mundo Empresarial\",\"Tecnologia e Inova\u00e7\u00e3o\"],\"inLanguage\":\"pt-PT\",\"potentialAction\":[{\"@type\":\"CommentAction\",\"name\":\"Comment\",\"target\":[\"http:\/\/maismagazine.pt\/index.php\/2022\/04\/14\/a-nossa-prioridade-sao-as-pessoas\/#respond\"]}]},{\"@type\":\"WebPage\",\"@id\":\"http:\/\/maismagazine.pt\/index.php\/2022\/04\/14\/a-nossa-prioridade-sao-as-pessoas\/\",\"url\":\"http:\/\/maismagazine.pt\/index.php\/2022\/04\/14\/a-nossa-prioridade-sao-as-pessoas\/\",\"name\":\"\u201cA nossa prioridade s\u00e3o as pessoas\u201d - Mais Magazine\",\"isPartOf\":{\"@id\":\"https:\/\/maismagazine.pt\/#website\"},\"primaryImageOfPage\":{\"@id\":\"http:\/\/maismagazine.pt\/index.php\/2022\/04\/14\/a-nossa-prioridade-sao-as-pessoas\/#primaryimage\"},\"image\":{\"@id\":\"http:\/\/maismagazine.pt\/index.php\/2022\/04\/14\/a-nossa-prioridade-sao-as-pessoas\/#primaryimage\"},\"thumbnailUrl\":\"http:\/\/maismagazine.pt\/wp-content\/uploads\/2022\/04\/WhatsApp-Image-2020-10-28-at-13.49.14.jpeg\",\"datePublished\":\"2022-04-14T07:28:14+00:00\",\"description\":\"Lu\u00edsa Caldeira, uma das fundadoras e atual CFO do LAS Group, em entrevista \u00e0 Mais Magazine, garante que a estrat\u00e9gia de crescimento passa...\",\"breadcrumb\":{\"@id\":\"http:\/\/maismagazine.pt\/index.php\/2022\/04\/14\/a-nossa-prioridade-sao-as-pessoas\/#breadcrumb\"},\"inLanguage\":\"pt-PT\",\"potentialAction\":[{\"@type\":\"ReadAction\",\"target\":[\"http:\/\/maismagazine.pt\/index.php\/2022\/04\/14\/a-nossa-prioridade-sao-as-pessoas\/\"]}]},{\"@type\":\"ImageObject\",\"inLanguage\":\"pt-PT\",\"@id\":\"http:\/\/maismagazine.pt\/index.php\/2022\/04\/14\/a-nossa-prioridade-sao-as-pessoas\/#primaryimage\",\"url\":\"http:\/\/maismagazine.pt\/wp-content\/uploads\/2022\/04\/WhatsApp-Image-2020-10-28-at-13.49.14.jpeg\",\"contentUrl\":\"http:\/\/maismagazine.pt\/wp-content\/uploads\/2022\/04\/WhatsApp-Image-2020-10-28-at-13.49.14.jpeg\",\"width\":1920,\"height\":1440},{\"@type\":\"BreadcrumbList\",\"@id\":\"http:\/\/maismagazine.pt\/index.php\/2022\/04\/14\/a-nossa-prioridade-sao-as-pessoas\/#breadcrumb\",\"itemListElement\":[{\"@type\":\"ListItem\",\"position\":1,\"name\":\"Home\",\"item\":\"https:\/\/maismagazine.pt\/\"},{\"@type\":\"ListItem\",\"position\":2,\"name\":\"\u201cA nossa prioridade s\u00e3o as pessoas\u201d\"}]},{\"@type\":\"WebSite\",\"@id\":\"https:\/\/maismagazine.pt\/#website\",\"url\":\"https:\/\/maismagazine.pt\/\",\"name\":\"Mais Magazine\",\"description\":\"\",\"publisher\":{\"@id\":\"https:\/\/maismagazine.pt\/#organization\"},\"potentialAction\":[{\"@type\":\"SearchAction\",\"target\":{\"@type\":\"EntryPoint\",\"urlTemplate\":\"https:\/\/maismagazine.pt\/?s={search_term_string}\"},\"query-input\":{\"@type\":\"PropertyValueSpecification\",\"valueRequired\":true,\"valueName\":\"search_term_string\"}}],\"inLanguage\":\"pt-PT\"},{\"@type\":\"Organization\",\"@id\":\"https:\/\/maismagazine.pt\/#organization\",\"name\":\"Mais Magazine\",\"url\":\"https:\/\/maismagazine.pt\/\",\"logo\":{\"@type\":\"ImageObject\",\"inLanguage\":\"pt-PT\",\"@id\":\"https:\/\/maismagazine.pt\/#\/schema\/logo\/image\/\",\"url\":\"http:\/\/maismagazine.pt\/wp-content\/uploads\/2020\/04\/cropped-cropped-mais-magazine-site-logo-2.png\",\"contentUrl\":\"http:\/\/maismagazine.pt\/wp-content\/uploads\/2020\/04\/cropped-cropped-mais-magazine-site-logo-2.png\",\"width\":581,\"height\":90,\"caption\":\"Mais Magazine\"},\"image\":{\"@id\":\"https:\/\/maismagazine.pt\/#\/schema\/logo\/image\/\"}},{\"@type\":\"Person\",\"@id\":\"https:\/\/maismagazine.pt\/#\/schema\/person\/999bd426f894ff56d397ec12ebd21ebb\",\"name\":\"Jo\u00e3o Malainho\",\"image\":{\"@type\":\"ImageObject\",\"inLanguage\":\"pt-PT\",\"@id\":\"https:\/\/maismagazine.pt\/#\/schema\/person\/image\/\",\"url\":\"https:\/\/secure.gravatar.com\/avatar\/ff03c2f38edf60b2a827aa4f74878491?s=96&d=mm&r=g\",\"contentUrl\":\"https:\/\/secure.gravatar.com\/avatar\/ff03c2f38edf60b2a827aa4f74878491?s=96&d=mm&r=g\",\"caption\":\"Jo\u00e3o Malainho\"},\"url\":\"http:\/\/maismagazine.pt\/index.php\/author\/maismagazine\/\"}]}<\/script>\n<!-- \/ Yoast SEO plugin. -->","yoast_head_json":{"title":"\u201cA nossa prioridade s\u00e3o as pessoas\u201d - Mais Magazine","description":"Lu\u00edsa Caldeira, uma das fundadoras e atual CFO do LAS Group, em entrevista \u00e0 Mais Magazine, garante que a estrat\u00e9gia de crescimento passa...","robots":{"index":"index","follow":"follow","max-snippet":"max-snippet:-1","max-image-preview":"max-image-preview:large","max-video-preview":"max-video-preview:-1"},"canonical":"http:\/\/maismagazine.pt\/index.php\/2022\/04\/14\/a-nossa-prioridade-sao-as-pessoas\/","og_locale":"pt_PT","og_type":"article","og_title":"\u201cA nossa prioridade s\u00e3o as pessoas\u201d - Mais Magazine","og_description":"Lu\u00edsa Caldeira, uma das fundadoras e atual CFO do LAS Group, em entrevista \u00e0 Mais Magazine, garante que a estrat\u00e9gia de crescimento passa...","og_url":"http:\/\/maismagazine.pt\/index.php\/2022\/04\/14\/a-nossa-prioridade-sao-as-pessoas\/","og_site_name":"Mais Magazine","article_published_time":"2022-04-14T07:28:14+00:00","og_image":[{"width":1920,"height":1440,"url":"http:\/\/maismagazine.pt\/wp-content\/uploads\/2022\/04\/WhatsApp-Image-2020-10-28-at-13.49.14.jpeg","type":"image\/jpeg"}],"author":"Jo\u00e3o Malainho","twitter_card":"summary_large_image","twitter_misc":{"Escrito por":false,"Tempo estimado de leitura":"3 minutos"},"schema":{"@context":"https:\/\/schema.org","@graph":[{"@type":"Article","@id":"http:\/\/maismagazine.pt\/index.php\/2022\/04\/14\/a-nossa-prioridade-sao-as-pessoas\/#article","isPartOf":{"@id":"http:\/\/maismagazine.pt\/index.php\/2022\/04\/14\/a-nossa-prioridade-sao-as-pessoas\/"},"author":{"name":"Jo\u00e3o Malainho","@id":"https:\/\/maismagazine.pt\/#\/schema\/person\/999bd426f894ff56d397ec12ebd21ebb"},"headline":"\u201cA nossa prioridade s\u00e3o as pessoas\u201d","datePublished":"2022-04-14T07:28:14+00:00","mainEntityOfPage":{"@id":"http:\/\/maismagazine.pt\/index.php\/2022\/04\/14\/a-nossa-prioridade-sao-as-pessoas\/"},"wordCount":553,"commentCount":0,"publisher":{"@id":"https:\/\/maismagazine.pt\/#organization"},"image":{"@id":"http:\/\/maismagazine.pt\/index.php\/2022\/04\/14\/a-nossa-prioridade-sao-as-pessoas\/#primaryimage"},"thumbnailUrl":"http:\/\/maismagazine.pt\/wp-content\/uploads\/2022\/04\/WhatsApp-Image-2020-10-28-at-13.49.14.jpeg","keywords":["aeronaves","manuten\u00e7\u00e3o"],"articleSection":["Arquitetura e Constru\u00e7\u00e3o","Atualidade","Mundo Empresarial","Tecnologia e Inova\u00e7\u00e3o"],"inLanguage":"pt-PT","potentialAction":[{"@type":"CommentAction","name":"Comment","target":["http:\/\/maismagazine.pt\/index.php\/2022\/04\/14\/a-nossa-prioridade-sao-as-pessoas\/#respond"]}]},{"@type":"WebPage","@id":"http:\/\/maismagazine.pt\/index.php\/2022\/04\/14\/a-nossa-prioridade-sao-as-pessoas\/","url":"http:\/\/maismagazine.pt\/index.php\/2022\/04\/14\/a-nossa-prioridade-sao-as-pessoas\/","name":"\u201cA nossa prioridade s\u00e3o as pessoas\u201d - Mais Magazine","isPartOf":{"@id":"https:\/\/maismagazine.pt\/#website"},"primaryImageOfPage":{"@id":"http:\/\/maismagazine.pt\/index.php\/2022\/04\/14\/a-nossa-prioridade-sao-as-pessoas\/#primaryimage"},"image":{"@id":"http:\/\/maismagazine.pt\/index.php\/2022\/04\/14\/a-nossa-prioridade-sao-as-pessoas\/#primaryimage"},"thumbnailUrl":"http:\/\/maismagazine.pt\/wp-content\/uploads\/2022\/04\/WhatsApp-Image-2020-10-28-at-13.49.14.jpeg","datePublished":"2022-04-14T07:28:14+00:00","description":"Lu\u00edsa Caldeira, uma das fundadoras e atual CFO do LAS Group, em entrevista \u00e0 Mais Magazine, garante que a estrat\u00e9gia de crescimento passa...","breadcrumb":{"@id":"http:\/\/maismagazine.pt\/index.php\/2022\/04\/14\/a-nossa-prioridade-sao-as-pessoas\/#breadcrumb"},"inLanguage":"pt-PT","potentialAction":[{"@type":"ReadAction","target":["http:\/\/maismagazine.pt\/index.php\/2022\/04\/14\/a-nossa-prioridade-sao-as-pessoas\/"]}]},{"@type":"ImageObject","inLanguage":"pt-PT","@id":"http:\/\/maismagazine.pt\/index.php\/2022\/04\/14\/a-nossa-prioridade-sao-as-pessoas\/#primaryimage","url":"http:\/\/maismagazine.pt\/wp-content\/uploads\/2022\/04\/WhatsApp-Image-2020-10-28-at-13.49.14.jpeg","contentUrl":"http:\/\/maismagazine.pt\/wp-content\/uploads\/2022\/04\/WhatsApp-Image-2020-10-28-at-13.49.14.jpeg","width":1920,"height":1440},{"@type":"BreadcrumbList","@id":"http:\/\/maismagazine.pt\/index.php\/2022\/04\/14\/a-nossa-prioridade-sao-as-pessoas\/#breadcrumb","itemListElement":[{"@type":"ListItem","position":1,"name":"Home","item":"https:\/\/maismagazine.pt\/"},{"@type":"ListItem","position":2,"name":"\u201cA nossa prioridade s\u00e3o as pessoas\u201d"}]},{"@type":"WebSite","@id":"https:\/\/maismagazine.pt\/#website","url":"https:\/\/maismagazine.pt\/","name":"Mais Magazine","description":"","publisher":{"@id":"https:\/\/maismagazine.pt\/#organization"},"potentialAction":[{"@type":"SearchAction","target":{"@type":"EntryPoint","urlTemplate":"https:\/\/maismagazine.pt\/?s={search_term_string}"},"query-input":{"@type":"PropertyValueSpecification","valueRequired":true,"valueName":"search_term_string"}}],"inLanguage":"pt-PT"},{"@type":"Organization","@id":"https:\/\/maismagazine.pt\/#organization","name":"Mais Magazine","url":"https:\/\/maismagazine.pt\/","logo":{"@type":"ImageObject","inLanguage":"pt-PT","@id":"https:\/\/maismagazine.pt\/#\/schema\/logo\/image\/","url":"http:\/\/maismagazine.pt\/wp-content\/uploads\/2020\/04\/cropped-cropped-mais-magazine-site-logo-2.png","contentUrl":"http:\/\/maismagazine.pt\/wp-content\/uploads\/2020\/04\/cropped-cropped-mais-magazine-site-logo-2.png","width":581,"height":90,"caption":"Mais Magazine"},"image":{"@id":"https:\/\/maismagazine.pt\/#\/schema\/logo\/image\/"}},{"@type":"Person","@id":"https:\/\/maismagazine.pt\/#\/schema\/person\/999bd426f894ff56d397ec12ebd21ebb","name":"Jo\u00e3o Malainho","image":{"@type":"ImageObject","inLanguage":"pt-PT","@id":"https:\/\/maismagazine.pt\/#\/schema\/person\/image\/","url":"https:\/\/secure.gravatar.com\/avatar\/ff03c2f38edf60b2a827aa4f74878491?s=96&d=mm&r=g","contentUrl":"https:\/\/secure.gravatar.com\/avatar\/ff03c2f38edf60b2a827aa4f74878491?s=96&d=mm&r=g","caption":"Jo\u00e3o Malainho"},"url":"http:\/\/maismagazine.pt\/index.php\/author\/maismagazine\/"}]}},"author_meta":{"display_name":false,"author_link":"http:\/\/maismagazine.pt\/index.php\/author\/maismagazine\/"},"featured_img":"http:\/\/maismagazine.pt\/wp-content\/uploads\/2022\/04\/WhatsApp-Image-2020-10-28-at-13.49.14-300x225.jpeg","coauthors":[],"tax_additional":{"categories":{"linked":["<a href=\"http:\/\/maismagazine.pt\/index.php\/category\/empreendedorismo\/arquitetura-e-construcao\/\" class=\"advgb-post-tax-term\">Arquitetura e Constru\u00e7\u00e3o<\/a>","<a href=\"http:\/\/maismagazine.pt\/index.php\/category\/atualidade\/\" class=\"advgb-post-tax-term\">Atualidade<\/a>","<a href=\"http:\/\/maismagazine.pt\/index.php\/category\/mundo-empresarial\/\" class=\"advgb-post-tax-term\">Mundo Empresarial<\/a>","<a href=\"http:\/\/maismagazine.pt\/index.php\/category\/empreendedorismo\/tecnologia-e-inovacao\/\" class=\"advgb-post-tax-term\">Tecnologia e Inova\u00e7\u00e3o<\/a>"],"unlinked":["<span class=\"advgb-post-tax-term\">Arquitetura e Constru\u00e7\u00e3o<\/span>","<span class=\"advgb-post-tax-term\">Atualidade<\/span>","<span class=\"advgb-post-tax-term\">Mundo Empresarial<\/span>","<span class=\"advgb-post-tax-term\">Tecnologia e Inova\u00e7\u00e3o<\/span>"]},"tags":{"linked":["<a href=\"http:\/\/maismagazine.pt\/index.php\/category\/empreendedorismo\/tecnologia-e-inovacao\/\" class=\"advgb-post-tax-term\">aeronaves<\/a>","<a href=\"http:\/\/maismagazine.pt\/index.php\/category\/empreendedorismo\/tecnologia-e-inovacao\/\" class=\"advgb-post-tax-term\">manuten\u00e7\u00e3o<\/a>"],"unlinked":["<span class=\"advgb-post-tax-term\">aeronaves<\/span>","<span class=\"advgb-post-tax-term\">manuten\u00e7\u00e3o<\/span>"]}},"comment_count":"0","relative_dates":{"created":"Posted 4 anos ago","modified":"Updated 4 anos ago"},"absolute_dates":{"created":"Posted on 14 de Abril, 2022","modified":"Updated on 14 de Abril, 2022"},"absolute_dates_time":{"created":"Posted on 14 de Abril, 2022 7:28","modified":"Updated on 14 de Abril, 2022 7:28"},"featured_img_caption":"","series_order":"","_links":{"self":[{"href":"http:\/\/maismagazine.pt\/index.php\/wp-json\/wp\/v2\/posts\/2891","targetHints":{"allow":["GET"]}}],"collection":[{"href":"http:\/\/maismagazine.pt\/index.php\/wp-json\/wp\/v2\/posts"}],"about":[{"href":"http:\/\/maismagazine.pt\/index.php\/wp-json\/wp\/v2\/types\/post"}],"author":[{"embeddable":true,"href":"http:\/\/maismagazine.pt\/index.php\/wp-json\/wp\/v2\/users\/7"}],"replies":[{"embeddable":true,"href":"http:\/\/maismagazine.pt\/index.php\/wp-json\/wp\/v2\/comments?post=2891"}],"version-history":[{"count":6,"href":"http:\/\/maismagazine.pt\/index.php\/wp-json\/wp\/v2\/posts\/2891\/revisions"}],"predecessor-version":[{"id":3061,"href":"http:\/\/maismagazine.pt\/index.php\/wp-json\/wp\/v2\/posts\/2891\/revisions\/3061"}],"wp:featuredmedia":[{"embeddable":true,"href":"http:\/\/maismagazine.pt\/index.php\/wp-json\/wp\/v2\/media\/2900"}],"wp:attachment":[{"href":"http:\/\/maismagazine.pt\/index.php\/wp-json\/wp\/v2\/media?parent=2891"}],"wp:term":[{"taxonomy":"category","embeddable":true,"href":"http:\/\/maismagazine.pt\/index.php\/wp-json\/wp\/v2\/categories?post=2891"},{"taxonomy":"post_tag","embeddable":true,"href":"http:\/\/maismagazine.pt\/index.php\/wp-json\/wp\/v2\/tags?post=2891"}],"curies":[{"name":"wp","href":"https:\/\/api.w.org\/{rel}","templated":true}]}}