{"id":2790,"date":"2022-04-14T07:33:18","date_gmt":"2022-04-14T07:33:18","guid":{"rendered":"https:\/\/maismagazine.pt\/?p=2790"},"modified":"2022-04-14T07:33:18","modified_gmt":"2022-04-14T07:33:18","slug":"educar-integralmente-a-bem-do-futuro","status":"publish","type":"post","link":"http:\/\/maismagazine.pt\/index.php\/2022\/04\/14\/educar-integralmente-a-bem-do-futuro\/","title":{"rendered":"Educar integralmente a bem do futuro"},"content":{"rendered":"\n<p><\/p>\n\n\n\n<p><strong>A <a href=\"http:\/\/maismagazine.pt\/\">Mais Magazine<\/a> esteve \u00e0 conversa com Serafim Assun\u00e7\u00e3o e Costa, Diretor Pedag\u00f3gico do<a href=\"https:\/\/cscm-fatima.pt\/\"> Col\u00e9gio do Sagrado Cora\u00e7\u00e3o de Maria \u2013 F\u00e1tima<\/a>, que conta com 70 anos de hist\u00f3ria, sempre ao servi\u00e7o da comunidade local, com uma educa\u00e7\u00e3o que prima pela qualidade, rigor, humanismo e inclus\u00e3o.<\/strong><\/p>\n\n\n\n<p><\/p>\n\n\n\n<p>Ao longo destas sete d\u00e9cadas, o col\u00e9gio tem procurado ser resposta para as diferentes necessidades educativas de F\u00e1tima. Na d\u00e9cada de 70, tamb\u00e9m ministrou cursos noturnos, &#8220;contribuindo fortemente para a dinamiza\u00e7\u00e3o do tecido comercial e empresarial de F\u00e1tima\u201d, come\u00e7a por nos contar. Mais tarde o ensino passou a ser financiado pelo Minist\u00e9rio da Educa\u00e7\u00e3o e, atualmente, integra a rede p\u00fablica do 2.\u00ba e 3.\u00ba ciclos do ensino b\u00e1sico.<\/p>\n\n\n\n<p><\/p>\n\n\n\n<p><\/p>\n\n\n\n<p>O Col\u00e9gio, \u201ca par do desenvolvimento das compet\u00eancias cient\u00edficas e t\u00e9cnicas, procura desenvolver o esp\u00edrito de iniciativa, de organiza\u00e7\u00e3o, de autonomia, de responsabilidade. Educamos para a promo\u00e7\u00e3o de uma cultura de Justi\u00e7a e Paz, de respeito pela diferen\u00e7a, de respeito pelo meio ambiente, promovendo o desenvolvimento integral e harmonioso dos nossos alunos\u201d, adianta Serafim Assun\u00e7\u00e3o e Costa.<\/p>\n\n\n\n<p><\/p>\n\n\n\n<p>O trabalho que o Col\u00e9gio desenvolve tem vindo a ser reconhecido com v\u00e1rias distin\u00e7\u00f5es: Galard\u00e3o Bandeira Verde Eco-Escola; Selo Escola Amiga da Crian\u00e7a; Selo Escola Saud\u00e1vel, da Dire\u00e7\u00e3o-Geral da Educa\u00e7\u00e3o; Selo Escola Solid\u00e1ria; Selo Escola Saudavelmente, da Ordem dos Psic\u00f3logos Portugueses; Escola com din\u00e2mica intercultural, do Munic\u00edpio de Our\u00e9m; diversas conquistas no Campeonato Distrital do Desporto Escolar, em Voleibol Feminino Iniciados. No Col\u00e9gio todos os alunos e alunas s\u00e3o acolhidos mantendo vivos os valores humanos e crist\u00e3os. Como referiu o diretor \u00e0 Mais Magazine, \u201csomos resposta para muitas crian\u00e7as institucionalizadas de quatro Institui\u00e7\u00f5es locais. Implementamos respostas pedag\u00f3gicas para cada uma, como ser \u00fanico que \u00e9, potenciando o que de melhor h\u00e1 em si, ajudando-a a construir projetos de vida saud\u00e1veis e felizes\u201d.<\/p>\n\n\n\n<p><\/p>\n\n\n\n<p>O Projeto Educativo do Cora\u00e7\u00e3o de Maria assenta no Ide\u00e1rio dos Col\u00e9gios do IRSCM e no Perfil dos Alunos. Valoriza transversalmente as metodologias ativas com recurso a materiais pedag\u00f3gicos diversificados, que permitem aos alunos envolver-se em processos investigativos, reflexivos e colaborativos e, deste modo, no seu no processo de ensino e de aprendizagem, como agentes na constru\u00e7\u00e3o do seu conhecimento. A t\u00edtulo de exemplo, refere-se o Projeto \u201c+Sucesso\u201d, que envolve alunos e encarregados de educa\u00e7\u00e3o na defini\u00e7\u00e3o de objetivos a curto e m\u00e9dio prazo, promovendo o sucesso escolar e o Programa de Mentoria \u201cSer+\u201d, que potencia o relacionamento interpessoal e a coopera\u00e7\u00e3o entre alunos. Para al\u00e9m das disciplinas do curr\u00edculo, dinamizam-se projetos inovadores com um car\u00e1ter pr\u00e1tico e multidisciplinar, que envolvem os alunos em experi\u00eancias e trabalhos de equipa: Projeto Educa\u00e7\u00e3o para a Justi\u00e7a, em que cada turma se associa a uma institui\u00e7\u00e3o de solidariedade social local com a qual desenvolve atividades; a Promo\u00e7\u00e3o e Educa\u00e7\u00e3o para a Sa\u00fade, com o Projeto Tu Alinhas???; o Projeto Monitores, em que os alunos mais velhos apadrinham os mais novos no seu processo de integra\u00e7\u00e3o; o SagradoMUN que envolve os alunos do 9.\u00ba ano numa simula\u00e7\u00e3o das Na\u00e7\u00f5es Unidas; e o Programa Eco-Escolas. Em termos de atividades de enriquecimento curricular, todos os alunos podem escolher livre e gratuitamente clubes de Ci\u00eancias, Teatro, Europa, Jogos Matem\u00e1ticos, Programa\u00e7\u00e3o e Rob\u00f3tica, M\u00fasica, Solidariedade, Voleibol (Desporto Escolar). A par destas atividades, os alunos podem frequentar salas de estudo, biblioteca e apoios pedag\u00f3gicos<\/p>\n\n\n\n<p><\/p>\n\n\n\n<p><\/p>\n\n\n\n<p>O Col\u00e9gio est\u00e1 fortemente empenhado em \u201cajudar cada crian\u00e7a e jovem a desenvolver-se integralmente, contribuindo para o seu crescimento em saberes e valores que lhes possibilitam a constru\u00e7\u00e3o de projetos de vida assentes nos valores humanos e \u00e9ticos, fomentando a consci\u00eancia de que s\u00e3o cidad\u00e3os do mundo, no qual devem ser agentes de transforma\u00e7\u00e3o\u201d. F\u00e1-lo atrav\u00e9s de \u201cum estilo relacional de encontro e colabora\u00e7\u00e3o entre todos os membros da comunidade escolar, promovendo rela\u00e7\u00f5es de confian\u00e7a geradoras de mais vida e de ambientes verdadeiramente felizes, de aprendizagem e de crescimento em todas as dimens\u00f5es da pessoa humana\u201d<\/p>\n","protected":false},"excerpt":{"rendered":"<p>A Mais Magazine esteve \u00e0 conversa com Serafim Assun\u00e7\u00e3o e Costa, Diretor Pedag\u00f3gico do Col\u00e9gio do Sagrado Cora\u00e7\u00e3o de Maria \u2013 F\u00e1tima, que conta com 70 anos de hist\u00f3ria, sempre ao servi\u00e7o da comunidade local, com uma educa\u00e7\u00e3o que prima pela qualidade, rigor, humanismo e inclus\u00e3o. Ao longo destas sete&hellip;<\/p>\n","protected":false},"author":7,"featured_media":2799,"comment_status":"open","ping_status":"open","sticky":false,"template":"","format":"standard","meta":{"advgb_blocks_editor_width":"","advgb_blocks_columns_visual_guide":"","_monsterinsights_skip_tracking":false,"_monsterinsights_sitenote_active":false,"_monsterinsights_sitenote_note":"","_monsterinsights_sitenote_category":0,"footnotes":""},"categories":[149],"tags":[539,540,542,543,280,541],"class_list":["post-2790","post","type-post","status-publish","format-standard","has-post-thumbnail","hentry","category-educacao","tag-educar","tag-futuro","tag-humanismo","tag-inclusao","tag-qualidade","tag-rigor"],"yoast_head":"<!-- This site is optimized with the Yoast SEO plugin v24.4 - https:\/\/yoast.com\/wordpress\/plugins\/seo\/ -->\n<title>Educar integralmente a bem do futuro - Mais Magazine<\/title>\n<meta name=\"description\" content=\"Col\u00e9gio do Sagrado Cora\u00e7\u00e3o de Maria - Educar integralmente a bem do futuro\" \/>\n<meta name=\"robots\" content=\"index, follow, max-snippet:-1, max-image-preview:large, max-video-preview:-1\" \/>\n<link rel=\"canonical\" href=\"http:\/\/maismagazine.pt\/index.php\/2022\/04\/14\/educar-integralmente-a-bem-do-futuro\/\" \/>\n<meta property=\"og:locale\" content=\"pt_PT\" \/>\n<meta property=\"og:type\" content=\"article\" \/>\n<meta property=\"og:title\" content=\"Educar integralmente a bem do futuro - Mais Magazine\" \/>\n<meta property=\"og:description\" content=\"Col\u00e9gio do Sagrado Cora\u00e7\u00e3o de Maria - Educar integralmente a bem do futuro\" \/>\n<meta property=\"og:url\" content=\"http:\/\/maismagazine.pt\/index.php\/2022\/04\/14\/educar-integralmente-a-bem-do-futuro\/\" \/>\n<meta property=\"og:site_name\" content=\"Mais Magazine\" \/>\n<meta property=\"article:published_time\" content=\"2022-04-14T07:33:18+00:00\" \/>\n<meta property=\"og:image\" content=\"http:\/\/maismagazine.pt\/wp-content\/uploads\/2022\/04\/CSCM_Fatima.jpg\" \/>\n\t<meta property=\"og:image:width\" content=\"1920\" \/>\n\t<meta property=\"og:image:height\" content=\"1493\" \/>\n\t<meta property=\"og:image:type\" content=\"image\/jpeg\" \/>\n<meta name=\"author\" content=\"Jo\u00e3o Malainho\" \/>\n<meta name=\"twitter:card\" content=\"summary_large_image\" \/>\n<meta name=\"twitter:label1\" content=\"Escrito por\" \/>\n\t<meta name=\"twitter:data1\" content=\"\" \/>\n\t<meta name=\"twitter:label2\" content=\"Tempo estimado de leitura\" \/>\n\t<meta name=\"twitter:data2\" content=\"3 minutos\" \/>\n<script type=\"application\/ld+json\" class=\"yoast-schema-graph\">{\"@context\":\"https:\/\/schema.org\",\"@graph\":[{\"@type\":\"Article\",\"@id\":\"http:\/\/maismagazine.pt\/index.php\/2022\/04\/14\/educar-integralmente-a-bem-do-futuro\/#article\",\"isPartOf\":{\"@id\":\"http:\/\/maismagazine.pt\/index.php\/2022\/04\/14\/educar-integralmente-a-bem-do-futuro\/\"},\"author\":{\"name\":\"Jo\u00e3o Malainho\",\"@id\":\"http:\/\/maismagazine.pt\/#\/schema\/person\/999bd426f894ff56d397ec12ebd21ebb\"},\"headline\":\"Educar integralmente a bem do futuro\",\"datePublished\":\"2022-04-14T07:33:18+00:00\",\"mainEntityOfPage\":{\"@id\":\"http:\/\/maismagazine.pt\/index.php\/2022\/04\/14\/educar-integralmente-a-bem-do-futuro\/\"},\"wordCount\":725,\"commentCount\":0,\"publisher\":{\"@id\":\"http:\/\/maismagazine.pt\/#organization\"},\"image\":{\"@id\":\"http:\/\/maismagazine.pt\/index.php\/2022\/04\/14\/educar-integralmente-a-bem-do-futuro\/#primaryimage\"},\"thumbnailUrl\":\"http:\/\/maismagazine.pt\/wp-content\/uploads\/2022\/04\/CSCM_Fatima.jpg\",\"keywords\":[\"Educar\",\"futuro\",\"humanismo\",\"inclus\u00e3o\",\"Qualidade\",\"rigor\"],\"articleSection\":[\"Educa\u00e7\u00e3o\"],\"inLanguage\":\"pt-PT\",\"potentialAction\":[{\"@type\":\"CommentAction\",\"name\":\"Comment\",\"target\":[\"http:\/\/maismagazine.pt\/index.php\/2022\/04\/14\/educar-integralmente-a-bem-do-futuro\/#respond\"]}]},{\"@type\":\"WebPage\",\"@id\":\"http:\/\/maismagazine.pt\/index.php\/2022\/04\/14\/educar-integralmente-a-bem-do-futuro\/\",\"url\":\"http:\/\/maismagazine.pt\/index.php\/2022\/04\/14\/educar-integralmente-a-bem-do-futuro\/\",\"name\":\"Educar integralmente a bem do futuro - Mais Magazine\",\"isPartOf\":{\"@id\":\"http:\/\/maismagazine.pt\/#website\"},\"primaryImageOfPage\":{\"@id\":\"http:\/\/maismagazine.pt\/index.php\/2022\/04\/14\/educar-integralmente-a-bem-do-futuro\/#primaryimage\"},\"image\":{\"@id\":\"http:\/\/maismagazine.pt\/index.php\/2022\/04\/14\/educar-integralmente-a-bem-do-futuro\/#primaryimage\"},\"thumbnailUrl\":\"http:\/\/maismagazine.pt\/wp-content\/uploads\/2022\/04\/CSCM_Fatima.jpg\",\"datePublished\":\"2022-04-14T07:33:18+00:00\",\"description\":\"Col\u00e9gio do Sagrado Cora\u00e7\u00e3o de Maria - Educar integralmente a bem do futuro\",\"breadcrumb\":{\"@id\":\"http:\/\/maismagazine.pt\/index.php\/2022\/04\/14\/educar-integralmente-a-bem-do-futuro\/#breadcrumb\"},\"inLanguage\":\"pt-PT\",\"potentialAction\":[{\"@type\":\"ReadAction\",\"target\":[\"http:\/\/maismagazine.pt\/index.php\/2022\/04\/14\/educar-integralmente-a-bem-do-futuro\/\"]}]},{\"@type\":\"ImageObject\",\"inLanguage\":\"pt-PT\",\"@id\":\"http:\/\/maismagazine.pt\/index.php\/2022\/04\/14\/educar-integralmente-a-bem-do-futuro\/#primaryimage\",\"url\":\"http:\/\/maismagazine.pt\/wp-content\/uploads\/2022\/04\/CSCM_Fatima.jpg\",\"contentUrl\":\"http:\/\/maismagazine.pt\/wp-content\/uploads\/2022\/04\/CSCM_Fatima.jpg\",\"width\":1920,\"height\":1493},{\"@type\":\"BreadcrumbList\",\"@id\":\"http:\/\/maismagazine.pt\/index.php\/2022\/04\/14\/educar-integralmente-a-bem-do-futuro\/#breadcrumb\",\"itemListElement\":[{\"@type\":\"ListItem\",\"position\":1,\"name\":\"Home\",\"item\":\"http:\/\/maismagazine.pt\/\"},{\"@type\":\"ListItem\",\"position\":2,\"name\":\"Educar integralmente a bem do futuro\"}]},{\"@type\":\"WebSite\",\"@id\":\"http:\/\/maismagazine.pt\/#website\",\"url\":\"http:\/\/maismagazine.pt\/\",\"name\":\"Mais Magazine\",\"description\":\"\",\"publisher\":{\"@id\":\"http:\/\/maismagazine.pt\/#organization\"},\"potentialAction\":[{\"@type\":\"SearchAction\",\"target\":{\"@type\":\"EntryPoint\",\"urlTemplate\":\"http:\/\/maismagazine.pt\/?s={search_term_string}\"},\"query-input\":{\"@type\":\"PropertyValueSpecification\",\"valueRequired\":true,\"valueName\":\"search_term_string\"}}],\"inLanguage\":\"pt-PT\"},{\"@type\":\"Organization\",\"@id\":\"http:\/\/maismagazine.pt\/#organization\",\"name\":\"Mais Magazine\",\"url\":\"http:\/\/maismagazine.pt\/\",\"logo\":{\"@type\":\"ImageObject\",\"inLanguage\":\"pt-PT\",\"@id\":\"http:\/\/maismagazine.pt\/#\/schema\/logo\/image\/\",\"url\":\"http:\/\/maismagazine.pt\/wp-content\/uploads\/2020\/04\/cropped-cropped-mais-magazine-site-logo-2.png\",\"contentUrl\":\"http:\/\/maismagazine.pt\/wp-content\/uploads\/2020\/04\/cropped-cropped-mais-magazine-site-logo-2.png\",\"width\":581,\"height\":90,\"caption\":\"Mais Magazine\"},\"image\":{\"@id\":\"http:\/\/maismagazine.pt\/#\/schema\/logo\/image\/\"}},{\"@type\":\"Person\",\"@id\":\"http:\/\/maismagazine.pt\/#\/schema\/person\/999bd426f894ff56d397ec12ebd21ebb\",\"name\":\"Jo\u00e3o Malainho\",\"image\":{\"@type\":\"ImageObject\",\"inLanguage\":\"pt-PT\",\"@id\":\"http:\/\/maismagazine.pt\/#\/schema\/person\/image\/\",\"url\":\"https:\/\/secure.gravatar.com\/avatar\/ff03c2f38edf60b2a827aa4f74878491?s=96&d=mm&r=g\",\"contentUrl\":\"https:\/\/secure.gravatar.com\/avatar\/ff03c2f38edf60b2a827aa4f74878491?s=96&d=mm&r=g\",\"caption\":\"Jo\u00e3o Malainho\"},\"url\":\"http:\/\/maismagazine.pt\/index.php\/author\/maismagazine\/\"}]}<\/script>\n<!-- \/ Yoast SEO plugin. -->","yoast_head_json":{"title":"Educar integralmente a bem do futuro - Mais Magazine","description":"Col\u00e9gio do Sagrado Cora\u00e7\u00e3o de Maria - Educar integralmente a bem do futuro","robots":{"index":"index","follow":"follow","max-snippet":"max-snippet:-1","max-image-preview":"max-image-preview:large","max-video-preview":"max-video-preview:-1"},"canonical":"http:\/\/maismagazine.pt\/index.php\/2022\/04\/14\/educar-integralmente-a-bem-do-futuro\/","og_locale":"pt_PT","og_type":"article","og_title":"Educar integralmente a bem do futuro - Mais Magazine","og_description":"Col\u00e9gio do Sagrado Cora\u00e7\u00e3o de Maria - Educar integralmente a bem do futuro","og_url":"http:\/\/maismagazine.pt\/index.php\/2022\/04\/14\/educar-integralmente-a-bem-do-futuro\/","og_site_name":"Mais Magazine","article_published_time":"2022-04-14T07:33:18+00:00","og_image":[{"width":1920,"height":1493,"url":"http:\/\/maismagazine.pt\/wp-content\/uploads\/2022\/04\/CSCM_Fatima.jpg","type":"image\/jpeg"}],"author":"Jo\u00e3o Malainho","twitter_card":"summary_large_image","twitter_misc":{"Escrito por":false,"Tempo estimado de leitura":"3 minutos"},"schema":{"@context":"https:\/\/schema.org","@graph":[{"@type":"Article","@id":"http:\/\/maismagazine.pt\/index.php\/2022\/04\/14\/educar-integralmente-a-bem-do-futuro\/#article","isPartOf":{"@id":"http:\/\/maismagazine.pt\/index.php\/2022\/04\/14\/educar-integralmente-a-bem-do-futuro\/"},"author":{"name":"Jo\u00e3o Malainho","@id":"http:\/\/maismagazine.pt\/#\/schema\/person\/999bd426f894ff56d397ec12ebd21ebb"},"headline":"Educar integralmente a bem do futuro","datePublished":"2022-04-14T07:33:18+00:00","mainEntityOfPage":{"@id":"http:\/\/maismagazine.pt\/index.php\/2022\/04\/14\/educar-integralmente-a-bem-do-futuro\/"},"wordCount":725,"commentCount":0,"publisher":{"@id":"http:\/\/maismagazine.pt\/#organization"},"image":{"@id":"http:\/\/maismagazine.pt\/index.php\/2022\/04\/14\/educar-integralmente-a-bem-do-futuro\/#primaryimage"},"thumbnailUrl":"http:\/\/maismagazine.pt\/wp-content\/uploads\/2022\/04\/CSCM_Fatima.jpg","keywords":["Educar","futuro","humanismo","inclus\u00e3o","Qualidade","rigor"],"articleSection":["Educa\u00e7\u00e3o"],"inLanguage":"pt-PT","potentialAction":[{"@type":"CommentAction","name":"Comment","target":["http:\/\/maismagazine.pt\/index.php\/2022\/04\/14\/educar-integralmente-a-bem-do-futuro\/#respond"]}]},{"@type":"WebPage","@id":"http:\/\/maismagazine.pt\/index.php\/2022\/04\/14\/educar-integralmente-a-bem-do-futuro\/","url":"http:\/\/maismagazine.pt\/index.php\/2022\/04\/14\/educar-integralmente-a-bem-do-futuro\/","name":"Educar integralmente a bem do futuro - Mais Magazine","isPartOf":{"@id":"http:\/\/maismagazine.pt\/#website"},"primaryImageOfPage":{"@id":"http:\/\/maismagazine.pt\/index.php\/2022\/04\/14\/educar-integralmente-a-bem-do-futuro\/#primaryimage"},"image":{"@id":"http:\/\/maismagazine.pt\/index.php\/2022\/04\/14\/educar-integralmente-a-bem-do-futuro\/#primaryimage"},"thumbnailUrl":"http:\/\/maismagazine.pt\/wp-content\/uploads\/2022\/04\/CSCM_Fatima.jpg","datePublished":"2022-04-14T07:33:18+00:00","description":"Col\u00e9gio do Sagrado Cora\u00e7\u00e3o de Maria - Educar integralmente a bem do futuro","breadcrumb":{"@id":"http:\/\/maismagazine.pt\/index.php\/2022\/04\/14\/educar-integralmente-a-bem-do-futuro\/#breadcrumb"},"inLanguage":"pt-PT","potentialAction":[{"@type":"ReadAction","target":["http:\/\/maismagazine.pt\/index.php\/2022\/04\/14\/educar-integralmente-a-bem-do-futuro\/"]}]},{"@type":"ImageObject","inLanguage":"pt-PT","@id":"http:\/\/maismagazine.pt\/index.php\/2022\/04\/14\/educar-integralmente-a-bem-do-futuro\/#primaryimage","url":"http:\/\/maismagazine.pt\/wp-content\/uploads\/2022\/04\/CSCM_Fatima.jpg","contentUrl":"http:\/\/maismagazine.pt\/wp-content\/uploads\/2022\/04\/CSCM_Fatima.jpg","width":1920,"height":1493},{"@type":"BreadcrumbList","@id":"http:\/\/maismagazine.pt\/index.php\/2022\/04\/14\/educar-integralmente-a-bem-do-futuro\/#breadcrumb","itemListElement":[{"@type":"ListItem","position":1,"name":"Home","item":"http:\/\/maismagazine.pt\/"},{"@type":"ListItem","position":2,"name":"Educar integralmente a bem do futuro"}]},{"@type":"WebSite","@id":"http:\/\/maismagazine.pt\/#website","url":"http:\/\/maismagazine.pt\/","name":"Mais Magazine","description":"","publisher":{"@id":"http:\/\/maismagazine.pt\/#organization"},"potentialAction":[{"@type":"SearchAction","target":{"@type":"EntryPoint","urlTemplate":"http:\/\/maismagazine.pt\/?s={search_term_string}"},"query-input":{"@type":"PropertyValueSpecification","valueRequired":true,"valueName":"search_term_string"}}],"inLanguage":"pt-PT"},{"@type":"Organization","@id":"http:\/\/maismagazine.pt\/#organization","name":"Mais Magazine","url":"http:\/\/maismagazine.pt\/","logo":{"@type":"ImageObject","inLanguage":"pt-PT","@id":"http:\/\/maismagazine.pt\/#\/schema\/logo\/image\/","url":"http:\/\/maismagazine.pt\/wp-content\/uploads\/2020\/04\/cropped-cropped-mais-magazine-site-logo-2.png","contentUrl":"http:\/\/maismagazine.pt\/wp-content\/uploads\/2020\/04\/cropped-cropped-mais-magazine-site-logo-2.png","width":581,"height":90,"caption":"Mais Magazine"},"image":{"@id":"http:\/\/maismagazine.pt\/#\/schema\/logo\/image\/"}},{"@type":"Person","@id":"http:\/\/maismagazine.pt\/#\/schema\/person\/999bd426f894ff56d397ec12ebd21ebb","name":"Jo\u00e3o Malainho","image":{"@type":"ImageObject","inLanguage":"pt-PT","@id":"http:\/\/maismagazine.pt\/#\/schema\/person\/image\/","url":"https:\/\/secure.gravatar.com\/avatar\/ff03c2f38edf60b2a827aa4f74878491?s=96&d=mm&r=g","contentUrl":"https:\/\/secure.gravatar.com\/avatar\/ff03c2f38edf60b2a827aa4f74878491?s=96&d=mm&r=g","caption":"Jo\u00e3o Malainho"},"url":"http:\/\/maismagazine.pt\/index.php\/author\/maismagazine\/"}]}},"author_meta":{"display_name":false,"author_link":"http:\/\/maismagazine.pt\/index.php\/author\/maismagazine\/"},"featured_img":"http:\/\/maismagazine.pt\/wp-content\/uploads\/2022\/04\/CSCM_Fatima-300x233.jpg","coauthors":[],"tax_additional":{"categories":{"linked":["<a href=\"http:\/\/maismagazine.pt\/index.php\/category\/educacao\/\" class=\"advgb-post-tax-term\">Educa\u00e7\u00e3o<\/a>"],"unlinked":["<span class=\"advgb-post-tax-term\">Educa\u00e7\u00e3o<\/span>"]},"tags":{"linked":["<a href=\"http:\/\/maismagazine.pt\/index.php\/category\/educacao\/\" class=\"advgb-post-tax-term\">Educar<\/a>","<a href=\"http:\/\/maismagazine.pt\/index.php\/category\/educacao\/\" class=\"advgb-post-tax-term\">futuro<\/a>","<a href=\"http:\/\/maismagazine.pt\/index.php\/category\/educacao\/\" class=\"advgb-post-tax-term\">humanismo<\/a>","<a href=\"http:\/\/maismagazine.pt\/index.php\/category\/educacao\/\" class=\"advgb-post-tax-term\">inclus\u00e3o<\/a>","<a href=\"http:\/\/maismagazine.pt\/index.php\/category\/educacao\/\" class=\"advgb-post-tax-term\">Qualidade<\/a>","<a href=\"http:\/\/maismagazine.pt\/index.php\/category\/educacao\/\" class=\"advgb-post-tax-term\">rigor<\/a>"],"unlinked":["<span class=\"advgb-post-tax-term\">Educar<\/span>","<span class=\"advgb-post-tax-term\">futuro<\/span>","<span class=\"advgb-post-tax-term\">humanismo<\/span>","<span class=\"advgb-post-tax-term\">inclus\u00e3o<\/span>","<span class=\"advgb-post-tax-term\">Qualidade<\/span>","<span class=\"advgb-post-tax-term\">rigor<\/span>"]}},"comment_count":"0","relative_dates":{"created":"Posted 4 anos ago","modified":"Updated 4 anos ago"},"absolute_dates":{"created":"Posted on 14 de Abril, 2022","modified":"Updated on 14 de Abril, 2022"},"absolute_dates_time":{"created":"Posted on 14 de Abril, 2022 7:33","modified":"Updated on 14 de Abril, 2022 7:33"},"featured_img_caption":"","series_order":"","_links":{"self":[{"href":"http:\/\/maismagazine.pt\/index.php\/wp-json\/wp\/v2\/posts\/2790","targetHints":{"allow":["GET"]}}],"collection":[{"href":"http:\/\/maismagazine.pt\/index.php\/wp-json\/wp\/v2\/posts"}],"about":[{"href":"http:\/\/maismagazine.pt\/index.php\/wp-json\/wp\/v2\/types\/post"}],"author":[{"embeddable":true,"href":"http:\/\/maismagazine.pt\/index.php\/wp-json\/wp\/v2\/users\/7"}],"replies":[{"embeddable":true,"href":"http:\/\/maismagazine.pt\/index.php\/wp-json\/wp\/v2\/comments?post=2790"}],"version-history":[{"count":1,"href":"http:\/\/maismagazine.pt\/index.php\/wp-json\/wp\/v2\/posts\/2790\/revisions"}],"predecessor-version":[{"id":2802,"href":"http:\/\/maismagazine.pt\/index.php\/wp-json\/wp\/v2\/posts\/2790\/revisions\/2802"}],"wp:featuredmedia":[{"embeddable":true,"href":"http:\/\/maismagazine.pt\/index.php\/wp-json\/wp\/v2\/media\/2799"}],"wp:attachment":[{"href":"http:\/\/maismagazine.pt\/index.php\/wp-json\/wp\/v2\/media?parent=2790"}],"wp:term":[{"taxonomy":"category","embeddable":true,"href":"http:\/\/maismagazine.pt\/index.php\/wp-json\/wp\/v2\/categories?post=2790"},{"taxonomy":"post_tag","embeddable":true,"href":"http:\/\/maismagazine.pt\/index.php\/wp-json\/wp\/v2\/tags?post=2790"}],"curies":[{"name":"wp","href":"https:\/\/api.w.org\/{rel}","templated":true}]}}