{"id":2735,"date":"2022-04-14T07:30:22","date_gmt":"2022-04-14T07:30:22","guid":{"rendered":"https:\/\/maismagazine.pt\/?p=2735"},"modified":"2022-04-14T07:30:23","modified_gmt":"2022-04-14T07:30:23","slug":"na-vanguarda-da-promocao-e-cooperacao-industrial-e-tecnologica","status":"publish","type":"post","link":"http:\/\/maismagazine.pt\/index.php\/2022\/04\/14\/na-vanguarda-da-promocao-e-cooperacao-industrial-e-tecnologica\/","title":{"rendered":"Na vanguarda da promo\u00e7\u00e3o e coopera\u00e7\u00e3o industrial e tecnol\u00f3gica"},"content":{"rendered":"\n<p><strong>Foi criado em 2016 e conta j\u00e1 com mais de 100 entidades estabelecidas em Portugal. Reconhecido oficialmente pelo Governo portugu\u00eas enquanto \u201cCluster de Competitividade Emergente\u201d, a <a href=\"https:\/\/www.aedportugal.pt\/\" target=\"_blank\" rel=\"noreferrer noopener\">AED Cluster Portugal<\/a> (AEDCP) \u00e9 hoje um ponto de entrada no pa\u00eds e elemento dinamizador para todos os atores nacionais e internacionais nas ind\u00fastrias de aeron\u00e1utica, espa\u00e7o e defesa. Fique a conhecer esta organiza\u00e7\u00e3o e o trabalho que desenvolve, pela voz do seu Presidente, Jos\u00e9 Neves.<\/strong><\/p>\n\n\n\n<p><\/p>\n\n\n\n<p><\/p>\n\n\n\n<p><strong>Poder\u00edamos come\u00e7ar a nossa conversa por conhecer um pouco melhor a AEDCP e o trabalho que desenvolve em prol dos setores da aeron\u00e1utica, espa\u00e7o e defesa?<\/strong><\/p>\n\n\n\n<p><\/p>\n\n\n\n<p>A nossa miss\u00e3o \u00e9, acima de tudo, acelerar as estrat\u00e9gias de crescimento dos nossos associados, potenciando valor. A nossa utilidade, o tipo e o n\u00edvel de envolvimento com eles, ser\u00e1 sempre substancialmente diferente, dependendo do seu perfil. O \u00fanico ponto em comum \u00e9 que, o que quer que fa\u00e7amos, teremos que o fazer em conjunto, desenvolvendo redes dentro do ecossistema e construindo sinergias. Isso s\u00f3 pode ser trabalhado em cima de valores de transpar\u00eancia, proximidade e foco nas reais necessidades dos associados.<\/p>\n\n\n\n<p><\/p>\n\n\n\n<p><\/p>\n\n\n\n<p><strong>Os setores da aeron\u00e1utica, do espa\u00e7o e da defesa s\u00e3o hoje fundamentais para a economia portuguesa. De que forma a AEDCP tem procurado tornar as empresas destes setores mais competitivas?<\/strong><\/p>\n\n\n\n<p><\/p>\n\n\n\n<p>Com um ecossistema vasto e diversificado, a AED tem m\u00faltiplas iniciativas a decorrer, que se integram nos quatro blocos de constru\u00e7\u00e3o do nosso mapa estrat\u00e9gico: Financiamento e Regulamenta\u00e7\u00e3o; Pessoas e Compet\u00eancias; Inova\u00e7\u00e3o e Valor Acrescentado; Mercados e Oportunidades. Do leque de atividades em curso podemos destacar os AED Days, o evento anual do Cluster que segue para a sua 9\u00aa edi\u00e7\u00e3o j\u00e1 nos dias<br>24 a 27 de maio. \u00c9 um momento incontorn\u00e1vel para todas as empresas nacionais que se tem vindo a provar essencial n\u00e3o s\u00f3 para transfer\u00eancia de conhecimento entre empresas e \u00e1reas, mas tamb\u00e9m para encontrar<br>oportunidades de parcerias e de neg\u00f3cio entre as v\u00e1rias entidades participantes.<\/p>\n\n\n\n<p><\/p>\n\n\n\n<p><\/p>\n\n\n\n<p><strong>Numa altura em que a invas\u00e3o da Ucr\u00e2nia \u00e0 R\u00fassia obrigou os pa\u00edses e as organiza\u00e7\u00f5es internacionais a olhar para as suas defesas e a reformular estrat\u00e9gias e prioridades de investimentos, refor\u00e7a-se a pertin\u00eancia do debate em torno do posicionamento de Portugal no setor da defesa. Presentemente, qual a posi\u00e7\u00e3o de Portugal neste setor?<\/strong><\/p>\n\n\n\n<p><\/p>\n\n\n\n<p>Ter uma ind\u00fastria de defesa forte e sustent\u00e1vel \u00e9 a base para uma Europa tecnologicamente independente e resiliente. Esses foram os objetivos lan\u00e7ados pela UE e pela NATO, ainda antes da invas\u00e3o russa<br>e que, agora, s\u00e3o ainda mais prementes. O Fundo Europeu de Defesa, que entrou em funcionamento em 2021, mas que tem por base a A\u00e7\u00e3o Preparat\u00f3ria sobre Investiga\u00e7\u00e3o de Defesa (PADR) lan\u00e7ada em 2017,<br>\u00e9 o mecanismo mais importante para a prossecu\u00e7\u00e3o destes objetivos, visando promover uma coopera\u00e7\u00e3o mais ampla na \u00e1rea da defesa, entre os v\u00e1rios pa\u00edses da Uni\u00e3o Europeia. Em Portugal temos j\u00e1 um conjunto muito diversificado de propostas de valor acrescentado em produtos e servi\u00e7os no setor da defesa; um dos nossos grandes objetivos \u00e9, cada vez mais, trabalhar em conjunto com as For\u00e7as Armadas Portuguesas para o desenvolvimento de novas compet\u00eancias e produtos inovadores, que promovam a integra\u00e7\u00e3o nacional nas grandes cadeias de fornecimento internacionais.<\/p>\n\n\n\n<p><\/p>\n\n\n\n<p><\/p>\n\n\n\n<p><strong>A reten\u00e7\u00e3o e a atra\u00e7\u00e3o de talento, assim como a forma\u00e7\u00e3o e treino dos recursos humanos, s\u00e3o um desafio deste ecossistema. De que forma a AEDCP tem procurado reverter esta situa\u00e7\u00e3o?<\/strong><\/p>\n\n\n\n<p><\/p>\n\n\n\n<p>Sem d\u00favida, este \u00e9 dos maiores desafios do momento para n\u00f3s. Juntamente com os nossos associados, temos estado ativamente a trabalhar para fazer face a esta problem\u00e1tica, quer seja com a cria\u00e7\u00e3o de um f\u00f3rum \u00fanico nacional dedicado \u00e0s oportunidades de emprego\/est\u00e1gio e de forma\u00e7\u00e3o nos setores da AED, os \u201cAED CAREERS\u201d, ou com colabora\u00e7\u00f5es com a ANQEP e o IEFP ou o CENFIM na cria\u00e7\u00e3o de forma\u00e7\u00f5es adaptadas \u00e0s necessidades reais da industria, ou mesmo com o lan\u00e7amento do Projeto Mar &amp; Ar, em parceria com o Cluster F\u00f3rum Oceano, que pretende aumentar a aten\u00e7\u00e3o e conhecimento dos setores aeroespacial e da economia azul pelas escolas do pa\u00eds. Assinalamos ainda o protocolo assinado pela AED, o Cons\u00f3rcio das Escolas de Engenharia, a idD Portugal Defence e a OGMA, para o lan\u00e7amento da Academia Aeron\u00e1utica de Portugal, um projeto que visa refor\u00e7ar conhecimentos e compet\u00eancias t\u00e9cnico-cient\u00edficas dos profissionais dos setores aeron\u00e1utico e da defesa em Portugal.<\/p>\n\n\n\n<p><\/p>\n\n\n\n<p><\/p>\n\n\n\n<p><strong>Quais as perspetivas para o futuro?<\/strong><\/p>\n\n\n\n<p><\/p>\n\n\n\n<p>Tivemos um crescimento na ordem de 40% nos \u00faltimos tr\u00eas anos e pass\u00e1mos recentemente o marco emblem\u00e1tico dos 100 associados, o que nos trouxe uma grande satisfa\u00e7\u00e3o. Significa uma valida\u00e7\u00e3o por parte do ecossistema do papel de relevo do Cluster AED na tentativa clara de se abordar cada vez mais os desafios e as oportunidades conjuntamente, criando sinergias que possam beneficiar as estrat\u00e9gias de crescimento de todos os membros. Felizmente, este \u00e9 um ciclo virtuoso, pois esta maior representatividade dentro do ecossistema nacional facilita estimular o trabalho em rede, o que consolida as nossas propostas de valor e, por consequ\u00eancia, atrai mais associados. Adicionalmente tomando em conta a import\u00e2ncia econ\u00f3mica e estrat\u00e9gica crescente dos tr\u00eas setores ao n\u00edvel internacional e nacional, a perspetiva \u00e9 de continua\u00e7\u00e3o de franco crescimento, vincando, cada vez mais, a relev\u00e2ncia de Portugal neste ecossistema.<\/p>\n\n\n\n<p><\/p>\n\n\n\n<p><\/p>\n\n\n\n<div class=\"wp-block-image\"><figure class=\"aligncenter size-large is-resized\"><img loading=\"lazy\" decoding=\"async\" src=\"https:\/\/maismagazine.pt\/wp-content\/uploads\/2022\/04\/AED-CLUSTER-PORTUGAL_Oficial-1024x501.png\" alt=\"\" class=\"wp-image-2757\" width=\"349\" height=\"171\" srcset=\"http:\/\/maismagazine.pt\/wp-content\/uploads\/2022\/04\/AED-CLUSTER-PORTUGAL_Oficial-1024x501.png 1024w, http:\/\/maismagazine.pt\/wp-content\/uploads\/2022\/04\/AED-CLUSTER-PORTUGAL_Oficial-300x147.png 300w, http:\/\/maismagazine.pt\/wp-content\/uploads\/2022\/04\/AED-CLUSTER-PORTUGAL_Oficial-768x376.png 768w, http:\/\/maismagazine.pt\/wp-content\/uploads\/2022\/04\/AED-CLUSTER-PORTUGAL_Oficial-1536x752.png 1536w, http:\/\/maismagazine.pt\/wp-content\/uploads\/2022\/04\/AED-CLUSTER-PORTUGAL_Oficial.png 1897w\" sizes=\"auto, (max-width: 349px) 100vw, 349px\" \/><\/figure><\/div>\n","protected":false},"excerpt":{"rendered":"<p>Foi criado em 2016 e conta j\u00e1 com mais de 100 entidades estabelecidas em Portugal. Reconhecido oficialmente pelo Governo portugu\u00eas enquanto \u201cCluster de Competitividade Emergente\u201d, a AED Cluster Portugal (AEDCP) \u00e9 hoje um ponto de entrada no pa\u00eds e elemento dinamizador para todos os atores nacionais e internacionais nas ind\u00fastrias&hellip;<\/p>\n","protected":false},"author":7,"featured_media":2755,"comment_status":"open","ping_status":"open","sticky":false,"template":"","format":"standard","meta":{"advgb_blocks_editor_width":"","advgb_blocks_columns_visual_guide":"","_monsterinsights_skip_tracking":false,"_monsterinsights_sitenote_active":false,"_monsterinsights_sitenote_note":"","_monsterinsights_sitenote_category":0,"footnotes":""},"categories":[1,161,79],"tags":[535,102,214,113],"class_list":["post-2735","post","type-post","status-publish","format-standard","has-post-thumbnail","hentry","category-atualidade","category-mundo-empresarial","category-tecnologia-e-inovacao","tag-aeronautica-2","tag-inovacao","tag-setor-industrial","tag-tecnologia"],"yoast_head":"<!-- This site is optimized with the Yoast SEO plugin v24.4 - https:\/\/yoast.com\/wordpress\/plugins\/seo\/ -->\n<title>Na vanguarda da promo\u00e7\u00e3o e coopera\u00e7\u00e3o industrial e tecnol\u00f3gica - Mais Magazine<\/title>\n<meta name=\"description\" content=\"Foi criado em 2016 e conta j\u00e1 com mais de 100 entidades estabelecidas em Portugal. Reconhecido oficialmente pelo Governo portugu\u00eas enquanto...\" \/>\n<meta name=\"robots\" content=\"index, follow, max-snippet:-1, max-image-preview:large, max-video-preview:-1\" \/>\n<link rel=\"canonical\" href=\"http:\/\/maismagazine.pt\/index.php\/2022\/04\/14\/na-vanguarda-da-promocao-e-cooperacao-industrial-e-tecnologica\/\" \/>\n<meta property=\"og:locale\" content=\"pt_PT\" \/>\n<meta property=\"og:type\" content=\"article\" \/>\n<meta property=\"og:title\" content=\"Na vanguarda da promo\u00e7\u00e3o e coopera\u00e7\u00e3o industrial e tecnol\u00f3gica - Mais Magazine\" \/>\n<meta property=\"og:description\" content=\"Foi criado em 2016 e conta j\u00e1 com mais de 100 entidades estabelecidas em Portugal. Reconhecido oficialmente pelo Governo portugu\u00eas enquanto...\" \/>\n<meta property=\"og:url\" content=\"http:\/\/maismagazine.pt\/index.php\/2022\/04\/14\/na-vanguarda-da-promocao-e-cooperacao-industrial-e-tecnologica\/\" \/>\n<meta property=\"og:site_name\" content=\"Mais Magazine\" \/>\n<meta property=\"article:published_time\" content=\"2022-04-14T07:30:22+00:00\" \/>\n<meta property=\"article:modified_time\" content=\"2022-04-14T07:30:23+00:00\" \/>\n<meta property=\"og:image\" content=\"http:\/\/maismagazine.pt\/wp-content\/uploads\/2022\/04\/JN-AED.jpg\" \/>\n\t<meta property=\"og:image:width\" content=\"1186\" \/>\n\t<meta property=\"og:image:height\" content=\"889\" \/>\n\t<meta property=\"og:image:type\" content=\"image\/jpeg\" \/>\n<meta name=\"author\" content=\"Jo\u00e3o Malainho\" \/>\n<meta name=\"twitter:card\" content=\"summary_large_image\" \/>\n<meta name=\"twitter:label1\" content=\"Escrito por\" \/>\n\t<meta name=\"twitter:data1\" content=\"\" \/>\n\t<meta name=\"twitter:label2\" content=\"Tempo estimado de leitura\" \/>\n\t<meta name=\"twitter:data2\" content=\"4 minutos\" \/>\n<script type=\"application\/ld+json\" class=\"yoast-schema-graph\">{\"@context\":\"https:\/\/schema.org\",\"@graph\":[{\"@type\":\"Article\",\"@id\":\"http:\/\/maismagazine.pt\/index.php\/2022\/04\/14\/na-vanguarda-da-promocao-e-cooperacao-industrial-e-tecnologica\/#article\",\"isPartOf\":{\"@id\":\"http:\/\/maismagazine.pt\/index.php\/2022\/04\/14\/na-vanguarda-da-promocao-e-cooperacao-industrial-e-tecnologica\/\"},\"author\":{\"name\":\"Jo\u00e3o Malainho\",\"@id\":\"https:\/\/maismagazine.pt\/#\/schema\/person\/999bd426f894ff56d397ec12ebd21ebb\"},\"headline\":\"Na vanguarda da promo\u00e7\u00e3o e coopera\u00e7\u00e3o industrial e tecnol\u00f3gica\",\"datePublished\":\"2022-04-14T07:30:22+00:00\",\"dateModified\":\"2022-04-14T07:30:23+00:00\",\"mainEntityOfPage\":{\"@id\":\"http:\/\/maismagazine.pt\/index.php\/2022\/04\/14\/na-vanguarda-da-promocao-e-cooperacao-industrial-e-tecnologica\/\"},\"wordCount\":948,\"commentCount\":0,\"publisher\":{\"@id\":\"https:\/\/maismagazine.pt\/#organization\"},\"image\":{\"@id\":\"http:\/\/maismagazine.pt\/index.php\/2022\/04\/14\/na-vanguarda-da-promocao-e-cooperacao-industrial-e-tecnologica\/#primaryimage\"},\"thumbnailUrl\":\"http:\/\/maismagazine.pt\/wp-content\/uploads\/2022\/04\/JN-AED.jpg\",\"keywords\":[\"aeron\u00e1utica\",\"inova\u00e7\u00e3o\",\"Setor Industrial\",\"tecnologia\"],\"articleSection\":[\"Atualidade\",\"Mundo Empresarial\",\"Tecnologia e Inova\u00e7\u00e3o\"],\"inLanguage\":\"pt-PT\",\"potentialAction\":[{\"@type\":\"CommentAction\",\"name\":\"Comment\",\"target\":[\"http:\/\/maismagazine.pt\/index.php\/2022\/04\/14\/na-vanguarda-da-promocao-e-cooperacao-industrial-e-tecnologica\/#respond\"]}]},{\"@type\":\"WebPage\",\"@id\":\"http:\/\/maismagazine.pt\/index.php\/2022\/04\/14\/na-vanguarda-da-promocao-e-cooperacao-industrial-e-tecnologica\/\",\"url\":\"http:\/\/maismagazine.pt\/index.php\/2022\/04\/14\/na-vanguarda-da-promocao-e-cooperacao-industrial-e-tecnologica\/\",\"name\":\"Na vanguarda da promo\u00e7\u00e3o e coopera\u00e7\u00e3o industrial e tecnol\u00f3gica - Mais Magazine\",\"isPartOf\":{\"@id\":\"https:\/\/maismagazine.pt\/#website\"},\"primaryImageOfPage\":{\"@id\":\"http:\/\/maismagazine.pt\/index.php\/2022\/04\/14\/na-vanguarda-da-promocao-e-cooperacao-industrial-e-tecnologica\/#primaryimage\"},\"image\":{\"@id\":\"http:\/\/maismagazine.pt\/index.php\/2022\/04\/14\/na-vanguarda-da-promocao-e-cooperacao-industrial-e-tecnologica\/#primaryimage\"},\"thumbnailUrl\":\"http:\/\/maismagazine.pt\/wp-content\/uploads\/2022\/04\/JN-AED.jpg\",\"datePublished\":\"2022-04-14T07:30:22+00:00\",\"dateModified\":\"2022-04-14T07:30:23+00:00\",\"description\":\"Foi criado em 2016 e conta j\u00e1 com mais de 100 entidades estabelecidas em Portugal. Reconhecido oficialmente pelo Governo portugu\u00eas enquanto...\",\"breadcrumb\":{\"@id\":\"http:\/\/maismagazine.pt\/index.php\/2022\/04\/14\/na-vanguarda-da-promocao-e-cooperacao-industrial-e-tecnologica\/#breadcrumb\"},\"inLanguage\":\"pt-PT\",\"potentialAction\":[{\"@type\":\"ReadAction\",\"target\":[\"http:\/\/maismagazine.pt\/index.php\/2022\/04\/14\/na-vanguarda-da-promocao-e-cooperacao-industrial-e-tecnologica\/\"]}]},{\"@type\":\"ImageObject\",\"inLanguage\":\"pt-PT\",\"@id\":\"http:\/\/maismagazine.pt\/index.php\/2022\/04\/14\/na-vanguarda-da-promocao-e-cooperacao-industrial-e-tecnologica\/#primaryimage\",\"url\":\"http:\/\/maismagazine.pt\/wp-content\/uploads\/2022\/04\/JN-AED.jpg\",\"contentUrl\":\"http:\/\/maismagazine.pt\/wp-content\/uploads\/2022\/04\/JN-AED.jpg\",\"width\":1186,\"height\":889},{\"@type\":\"BreadcrumbList\",\"@id\":\"http:\/\/maismagazine.pt\/index.php\/2022\/04\/14\/na-vanguarda-da-promocao-e-cooperacao-industrial-e-tecnologica\/#breadcrumb\",\"itemListElement\":[{\"@type\":\"ListItem\",\"position\":1,\"name\":\"Home\",\"item\":\"https:\/\/maismagazine.pt\/\"},{\"@type\":\"ListItem\",\"position\":2,\"name\":\"Na vanguarda da promo\u00e7\u00e3o e coopera\u00e7\u00e3o industrial e tecnol\u00f3gica\"}]},{\"@type\":\"WebSite\",\"@id\":\"https:\/\/maismagazine.pt\/#website\",\"url\":\"https:\/\/maismagazine.pt\/\",\"name\":\"Mais Magazine\",\"description\":\"\",\"publisher\":{\"@id\":\"https:\/\/maismagazine.pt\/#organization\"},\"potentialAction\":[{\"@type\":\"SearchAction\",\"target\":{\"@type\":\"EntryPoint\",\"urlTemplate\":\"https:\/\/maismagazine.pt\/?s={search_term_string}\"},\"query-input\":{\"@type\":\"PropertyValueSpecification\",\"valueRequired\":true,\"valueName\":\"search_term_string\"}}],\"inLanguage\":\"pt-PT\"},{\"@type\":\"Organization\",\"@id\":\"https:\/\/maismagazine.pt\/#organization\",\"name\":\"Mais Magazine\",\"url\":\"https:\/\/maismagazine.pt\/\",\"logo\":{\"@type\":\"ImageObject\",\"inLanguage\":\"pt-PT\",\"@id\":\"https:\/\/maismagazine.pt\/#\/schema\/logo\/image\/\",\"url\":\"http:\/\/maismagazine.pt\/wp-content\/uploads\/2020\/04\/cropped-cropped-mais-magazine-site-logo-2.png\",\"contentUrl\":\"http:\/\/maismagazine.pt\/wp-content\/uploads\/2020\/04\/cropped-cropped-mais-magazine-site-logo-2.png\",\"width\":581,\"height\":90,\"caption\":\"Mais Magazine\"},\"image\":{\"@id\":\"https:\/\/maismagazine.pt\/#\/schema\/logo\/image\/\"}},{\"@type\":\"Person\",\"@id\":\"https:\/\/maismagazine.pt\/#\/schema\/person\/999bd426f894ff56d397ec12ebd21ebb\",\"name\":\"Jo\u00e3o Malainho\",\"image\":{\"@type\":\"ImageObject\",\"inLanguage\":\"pt-PT\",\"@id\":\"https:\/\/maismagazine.pt\/#\/schema\/person\/image\/\",\"url\":\"https:\/\/secure.gravatar.com\/avatar\/ff03c2f38edf60b2a827aa4f74878491?s=96&d=mm&r=g\",\"contentUrl\":\"https:\/\/secure.gravatar.com\/avatar\/ff03c2f38edf60b2a827aa4f74878491?s=96&d=mm&r=g\",\"caption\":\"Jo\u00e3o Malainho\"},\"url\":\"http:\/\/maismagazine.pt\/index.php\/author\/maismagazine\/\"}]}<\/script>\n<!-- \/ Yoast SEO plugin. -->","yoast_head_json":{"title":"Na vanguarda da promo\u00e7\u00e3o e coopera\u00e7\u00e3o industrial e tecnol\u00f3gica - Mais Magazine","description":"Foi criado em 2016 e conta j\u00e1 com mais de 100 entidades estabelecidas em Portugal. Reconhecido oficialmente pelo Governo portugu\u00eas enquanto...","robots":{"index":"index","follow":"follow","max-snippet":"max-snippet:-1","max-image-preview":"max-image-preview:large","max-video-preview":"max-video-preview:-1"},"canonical":"http:\/\/maismagazine.pt\/index.php\/2022\/04\/14\/na-vanguarda-da-promocao-e-cooperacao-industrial-e-tecnologica\/","og_locale":"pt_PT","og_type":"article","og_title":"Na vanguarda da promo\u00e7\u00e3o e coopera\u00e7\u00e3o industrial e tecnol\u00f3gica - Mais Magazine","og_description":"Foi criado em 2016 e conta j\u00e1 com mais de 100 entidades estabelecidas em Portugal. Reconhecido oficialmente pelo Governo portugu\u00eas enquanto...","og_url":"http:\/\/maismagazine.pt\/index.php\/2022\/04\/14\/na-vanguarda-da-promocao-e-cooperacao-industrial-e-tecnologica\/","og_site_name":"Mais Magazine","article_published_time":"2022-04-14T07:30:22+00:00","article_modified_time":"2022-04-14T07:30:23+00:00","og_image":[{"width":1186,"height":889,"url":"http:\/\/maismagazine.pt\/wp-content\/uploads\/2022\/04\/JN-AED.jpg","type":"image\/jpeg"}],"author":"Jo\u00e3o Malainho","twitter_card":"summary_large_image","twitter_misc":{"Escrito por":false,"Tempo estimado de leitura":"4 minutos"},"schema":{"@context":"https:\/\/schema.org","@graph":[{"@type":"Article","@id":"http:\/\/maismagazine.pt\/index.php\/2022\/04\/14\/na-vanguarda-da-promocao-e-cooperacao-industrial-e-tecnologica\/#article","isPartOf":{"@id":"http:\/\/maismagazine.pt\/index.php\/2022\/04\/14\/na-vanguarda-da-promocao-e-cooperacao-industrial-e-tecnologica\/"},"author":{"name":"Jo\u00e3o Malainho","@id":"https:\/\/maismagazine.pt\/#\/schema\/person\/999bd426f894ff56d397ec12ebd21ebb"},"headline":"Na vanguarda da promo\u00e7\u00e3o e coopera\u00e7\u00e3o industrial e tecnol\u00f3gica","datePublished":"2022-04-14T07:30:22+00:00","dateModified":"2022-04-14T07:30:23+00:00","mainEntityOfPage":{"@id":"http:\/\/maismagazine.pt\/index.php\/2022\/04\/14\/na-vanguarda-da-promocao-e-cooperacao-industrial-e-tecnologica\/"},"wordCount":948,"commentCount":0,"publisher":{"@id":"https:\/\/maismagazine.pt\/#organization"},"image":{"@id":"http:\/\/maismagazine.pt\/index.php\/2022\/04\/14\/na-vanguarda-da-promocao-e-cooperacao-industrial-e-tecnologica\/#primaryimage"},"thumbnailUrl":"http:\/\/maismagazine.pt\/wp-content\/uploads\/2022\/04\/JN-AED.jpg","keywords":["aeron\u00e1utica","inova\u00e7\u00e3o","Setor Industrial","tecnologia"],"articleSection":["Atualidade","Mundo Empresarial","Tecnologia e Inova\u00e7\u00e3o"],"inLanguage":"pt-PT","potentialAction":[{"@type":"CommentAction","name":"Comment","target":["http:\/\/maismagazine.pt\/index.php\/2022\/04\/14\/na-vanguarda-da-promocao-e-cooperacao-industrial-e-tecnologica\/#respond"]}]},{"@type":"WebPage","@id":"http:\/\/maismagazine.pt\/index.php\/2022\/04\/14\/na-vanguarda-da-promocao-e-cooperacao-industrial-e-tecnologica\/","url":"http:\/\/maismagazine.pt\/index.php\/2022\/04\/14\/na-vanguarda-da-promocao-e-cooperacao-industrial-e-tecnologica\/","name":"Na vanguarda da promo\u00e7\u00e3o e coopera\u00e7\u00e3o industrial e tecnol\u00f3gica - Mais Magazine","isPartOf":{"@id":"https:\/\/maismagazine.pt\/#website"},"primaryImageOfPage":{"@id":"http:\/\/maismagazine.pt\/index.php\/2022\/04\/14\/na-vanguarda-da-promocao-e-cooperacao-industrial-e-tecnologica\/#primaryimage"},"image":{"@id":"http:\/\/maismagazine.pt\/index.php\/2022\/04\/14\/na-vanguarda-da-promocao-e-cooperacao-industrial-e-tecnologica\/#primaryimage"},"thumbnailUrl":"http:\/\/maismagazine.pt\/wp-content\/uploads\/2022\/04\/JN-AED.jpg","datePublished":"2022-04-14T07:30:22+00:00","dateModified":"2022-04-14T07:30:23+00:00","description":"Foi criado em 2016 e conta j\u00e1 com mais de 100 entidades estabelecidas em Portugal. Reconhecido oficialmente pelo Governo portugu\u00eas enquanto...","breadcrumb":{"@id":"http:\/\/maismagazine.pt\/index.php\/2022\/04\/14\/na-vanguarda-da-promocao-e-cooperacao-industrial-e-tecnologica\/#breadcrumb"},"inLanguage":"pt-PT","potentialAction":[{"@type":"ReadAction","target":["http:\/\/maismagazine.pt\/index.php\/2022\/04\/14\/na-vanguarda-da-promocao-e-cooperacao-industrial-e-tecnologica\/"]}]},{"@type":"ImageObject","inLanguage":"pt-PT","@id":"http:\/\/maismagazine.pt\/index.php\/2022\/04\/14\/na-vanguarda-da-promocao-e-cooperacao-industrial-e-tecnologica\/#primaryimage","url":"http:\/\/maismagazine.pt\/wp-content\/uploads\/2022\/04\/JN-AED.jpg","contentUrl":"http:\/\/maismagazine.pt\/wp-content\/uploads\/2022\/04\/JN-AED.jpg","width":1186,"height":889},{"@type":"BreadcrumbList","@id":"http:\/\/maismagazine.pt\/index.php\/2022\/04\/14\/na-vanguarda-da-promocao-e-cooperacao-industrial-e-tecnologica\/#breadcrumb","itemListElement":[{"@type":"ListItem","position":1,"name":"Home","item":"https:\/\/maismagazine.pt\/"},{"@type":"ListItem","position":2,"name":"Na vanguarda da promo\u00e7\u00e3o e coopera\u00e7\u00e3o industrial e tecnol\u00f3gica"}]},{"@type":"WebSite","@id":"https:\/\/maismagazine.pt\/#website","url":"https:\/\/maismagazine.pt\/","name":"Mais Magazine","description":"","publisher":{"@id":"https:\/\/maismagazine.pt\/#organization"},"potentialAction":[{"@type":"SearchAction","target":{"@type":"EntryPoint","urlTemplate":"https:\/\/maismagazine.pt\/?s={search_term_string}"},"query-input":{"@type":"PropertyValueSpecification","valueRequired":true,"valueName":"search_term_string"}}],"inLanguage":"pt-PT"},{"@type":"Organization","@id":"https:\/\/maismagazine.pt\/#organization","name":"Mais Magazine","url":"https:\/\/maismagazine.pt\/","logo":{"@type":"ImageObject","inLanguage":"pt-PT","@id":"https:\/\/maismagazine.pt\/#\/schema\/logo\/image\/","url":"http:\/\/maismagazine.pt\/wp-content\/uploads\/2020\/04\/cropped-cropped-mais-magazine-site-logo-2.png","contentUrl":"http:\/\/maismagazine.pt\/wp-content\/uploads\/2020\/04\/cropped-cropped-mais-magazine-site-logo-2.png","width":581,"height":90,"caption":"Mais Magazine"},"image":{"@id":"https:\/\/maismagazine.pt\/#\/schema\/logo\/image\/"}},{"@type":"Person","@id":"https:\/\/maismagazine.pt\/#\/schema\/person\/999bd426f894ff56d397ec12ebd21ebb","name":"Jo\u00e3o Malainho","image":{"@type":"ImageObject","inLanguage":"pt-PT","@id":"https:\/\/maismagazine.pt\/#\/schema\/person\/image\/","url":"https:\/\/secure.gravatar.com\/avatar\/ff03c2f38edf60b2a827aa4f74878491?s=96&d=mm&r=g","contentUrl":"https:\/\/secure.gravatar.com\/avatar\/ff03c2f38edf60b2a827aa4f74878491?s=96&d=mm&r=g","caption":"Jo\u00e3o Malainho"},"url":"http:\/\/maismagazine.pt\/index.php\/author\/maismagazine\/"}]}},"author_meta":{"display_name":false,"author_link":"http:\/\/maismagazine.pt\/index.php\/author\/maismagazine\/"},"featured_img":"http:\/\/maismagazine.pt\/wp-content\/uploads\/2022\/04\/JN-AED-300x225.jpg","coauthors":[],"tax_additional":{"categories":{"linked":["<a href=\"http:\/\/maismagazine.pt\/index.php\/category\/atualidade\/\" class=\"advgb-post-tax-term\">Atualidade<\/a>","<a href=\"http:\/\/maismagazine.pt\/index.php\/category\/mundo-empresarial\/\" class=\"advgb-post-tax-term\">Mundo Empresarial<\/a>","<a href=\"http:\/\/maismagazine.pt\/index.php\/category\/empreendedorismo\/tecnologia-e-inovacao\/\" class=\"advgb-post-tax-term\">Tecnologia e Inova\u00e7\u00e3o<\/a>"],"unlinked":["<span class=\"advgb-post-tax-term\">Atualidade<\/span>","<span class=\"advgb-post-tax-term\">Mundo Empresarial<\/span>","<span class=\"advgb-post-tax-term\">Tecnologia e Inova\u00e7\u00e3o<\/span>"]},"tags":{"linked":["<a href=\"http:\/\/maismagazine.pt\/index.php\/category\/empreendedorismo\/tecnologia-e-inovacao\/\" class=\"advgb-post-tax-term\">aeron\u00e1utica<\/a>","<a href=\"http:\/\/maismagazine.pt\/index.php\/category\/empreendedorismo\/tecnologia-e-inovacao\/\" class=\"advgb-post-tax-term\">inova\u00e7\u00e3o<\/a>","<a href=\"http:\/\/maismagazine.pt\/index.php\/category\/empreendedorismo\/tecnologia-e-inovacao\/\" class=\"advgb-post-tax-term\">Setor Industrial<\/a>","<a href=\"http:\/\/maismagazine.pt\/index.php\/category\/empreendedorismo\/tecnologia-e-inovacao\/\" class=\"advgb-post-tax-term\">tecnologia<\/a>"],"unlinked":["<span class=\"advgb-post-tax-term\">aeron\u00e1utica<\/span>","<span class=\"advgb-post-tax-term\">inova\u00e7\u00e3o<\/span>","<span class=\"advgb-post-tax-term\">Setor Industrial<\/span>","<span class=\"advgb-post-tax-term\">tecnologia<\/span>"]}},"comment_count":"0","relative_dates":{"created":"Posted 4 anos ago","modified":"Updated 4 anos ago"},"absolute_dates":{"created":"Posted on 14 de Abril, 2022","modified":"Updated on 14 de Abril, 2022"},"absolute_dates_time":{"created":"Posted on 14 de Abril, 2022 7:30","modified":"Updated on 14 de Abril, 2022 7:30"},"featured_img_caption":"","series_order":"","_links":{"self":[{"href":"http:\/\/maismagazine.pt\/index.php\/wp-json\/wp\/v2\/posts\/2735","targetHints":{"allow":["GET"]}}],"collection":[{"href":"http:\/\/maismagazine.pt\/index.php\/wp-json\/wp\/v2\/posts"}],"about":[{"href":"http:\/\/maismagazine.pt\/index.php\/wp-json\/wp\/v2\/types\/post"}],"author":[{"embeddable":true,"href":"http:\/\/maismagazine.pt\/index.php\/wp-json\/wp\/v2\/users\/7"}],"replies":[{"embeddable":true,"href":"http:\/\/maismagazine.pt\/index.php\/wp-json\/wp\/v2\/comments?post=2735"}],"version-history":[{"count":7,"href":"http:\/\/maismagazine.pt\/index.php\/wp-json\/wp\/v2\/posts\/2735\/revisions"}],"predecessor-version":[{"id":3068,"href":"http:\/\/maismagazine.pt\/index.php\/wp-json\/wp\/v2\/posts\/2735\/revisions\/3068"}],"wp:featuredmedia":[{"embeddable":true,"href":"http:\/\/maismagazine.pt\/index.php\/wp-json\/wp\/v2\/media\/2755"}],"wp:attachment":[{"href":"http:\/\/maismagazine.pt\/index.php\/wp-json\/wp\/v2\/media?parent=2735"}],"wp:term":[{"taxonomy":"category","embeddable":true,"href":"http:\/\/maismagazine.pt\/index.php\/wp-json\/wp\/v2\/categories?post=2735"},{"taxonomy":"post_tag","embeddable":true,"href":"http:\/\/maismagazine.pt\/index.php\/wp-json\/wp\/v2\/tags?post=2735"}],"curies":[{"name":"wp","href":"https:\/\/api.w.org\/{rel}","templated":true}]}}