{"id":2670,"date":"2022-03-18T09:59:52","date_gmt":"2022-03-18T09:59:52","guid":{"rendered":"http:\/\/maismagazine.pt\/?p=2670"},"modified":"2022-03-18T09:59:52","modified_gmt":"2022-03-18T09:59:52","slug":"assim-e-o-alentejo-que-espera-por-si","status":"publish","type":"post","link":"http:\/\/maismagazine.pt\/index.php\/2022\/03\/18\/assim-e-o-alentejo-que-espera-por-si\/","title":{"rendered":"Assim \u00e9 o Alentejo, que espera por si"},"content":{"rendered":"\n<p><em>O Alentejo tem uma identidade muito pr\u00f3pria, facilmente reconhecida pelos espa\u00e7os abertos, com paisagens a perder de vista. Pela sua costa, pelo maior lago artificial da Europa, pelo casario branco, pela gastronomia rica em sabores e tradi\u00e7\u00f5es e pela diversidade da oferta de enoturismo.<\/em><\/p>\n\n\n\n<p><\/p>\n\n\n\n<p>Nesta <a href=\"https:\/\/www.visitalentejo.pt\/pt\/\" target=\"_blank\" rel=\"noreferrer noopener\">regi\u00e3o<\/a> h\u00e1 uma autenticidade, perpetuada pelas pessoas, que se tem traduzido na inscri\u00e7\u00e3o de v\u00e1rios bens como Patrim\u00f3nio Cultural e Imaterial nas listas da UNES-CO. Em linha com este reconhecimento \u00e0 escala global, importa referir que a lista de Patrim\u00f3nio Mundial da UNESCO integra o Centro Hist\u00f3rico de \u00c9vora e a Cidade-Quartel Fronteiri\u00e7a de Elvas e suas Fortifica\u00e7\u00f5es.<\/p>\n\n\n\n<p>A presen\u00e7a de um vasto conjunto de castelos, fortalezas e outros tipos de fortifica\u00e7\u00f5es, que se revestem de grande import\u00e2ncia hist\u00f3rica e que podem ser usufru\u00eddos de forma livre ou com o acompanhamento de guias int\u00e9rpretes, s\u00e3o testemunho de um passado rico, de lutas e conquistas neste territ\u00f3rio. <\/p>\n\n\n\n<p>Para os amantes de turismo ativo, o patrim\u00f3nio militar pode ser descoberto em bicicleta, no contexto de um percurso pedestre e de natureza, ou at\u00e9 num passeio de bal\u00e3o de ar quente. \u00c0 noite \u00e9 poss\u00edvel enriquecer uma experi\u00eancia de turismo militar, combinando-a com a observa\u00e7\u00e3o das estrelas, pois a primeira Starlight Tourism Destination do mundo fica no Alentejo, no Alqueva, e conta j\u00e1 com dois observat\u00f3rios.<\/p>\n\n\n\n<p>Para os que gostam de saber mais sobre a nossa heran\u00e7a hist\u00f3rica e cultural, o Alentejo oferece v\u00e1rias <a href=\"https:\/\/maismagazine.pt\/index.php\/category\/turismo-restaurantes\/\" target=\"_blank\" rel=\"noreferrer noopener\">rotas<\/a> culturais, estruturadas em programas de tr\u00eas e de sete dias, das quais destacamos a Rota de Fortes e Fortifica\u00e7\u00f5es, que se subdivide em quatro tem\u00e1ticas: Castelos e Fortes; Caminhos da Conquista; Conquista dos Castelos e Fortifica\u00e7\u00f5es Medievais.<\/p>\n\n\n\n<p>Deixamos o convite para que venha conhecer a arquitetura militar do Alentejo, \u00e0 qual est\u00e3o associadas lendas, narrativas e figuras que se destacam na hist\u00f3ria dos povos da Pen\u00ednsula Ib\u00e9rica, da Europa e das culturas ligadas \u00e0s margens do Mediterr\u00e2neo.<\/p>\n","protected":false},"excerpt":{"rendered":"<p>O Alentejo tem uma identidade muito pr\u00f3pria, facilmente reconhecida pelos espa\u00e7os abertos, com paisagens a perder de vista. Pela sua costa, pelo maior lago artificial da Europa, pelo casario branco, pela gastronomia rica em sabores e tradi\u00e7\u00f5es e pela diversidade da oferta de enoturismo. Nesta regi\u00e3o h\u00e1 uma autenticidade, perpetuada&hellip;<\/p>\n","protected":false},"author":7,"featured_media":2671,"comment_status":"open","ping_status":"open","sticky":false,"template":"","format":"standard","meta":{"advgb_blocks_editor_width":"","advgb_blocks_columns_visual_guide":"","_monsterinsights_skip_tracking":false,"_monsterinsights_sitenote_active":false,"_monsterinsights_sitenote_note":"","_monsterinsights_sitenote_category":0,"footnotes":""},"categories":[53],"tags":[508,264,519],"class_list":["post-2670","post","type-post","status-publish","format-standard","has-post-thumbnail","hentry","category-turismo-restaurantes","tag-cultura","tag-enoturismo","tag-paisagem"],"yoast_head":"<!-- This site is optimized with the Yoast SEO plugin v24.4 - https:\/\/yoast.com\/wordpress\/plugins\/seo\/ -->\n<title>Assim \u00e9 o Alentejo, que espera por si - Mais Magazine<\/title>\n<meta name=\"description\" content=\"O Alentejo tem uma identidade muito pr\u00f3pria, facilmente reconhecida pelos espa\u00e7os abertos, com paisagens a perder de vista.\" \/>\n<meta name=\"robots\" content=\"index, follow, max-snippet:-1, max-image-preview:large, max-video-preview:-1\" \/>\n<link rel=\"canonical\" href=\"http:\/\/maismagazine.pt\/index.php\/2022\/03\/18\/assim-e-o-alentejo-que-espera-por-si\/\" \/>\n<meta property=\"og:locale\" content=\"pt_PT\" \/>\n<meta property=\"og:type\" content=\"article\" \/>\n<meta property=\"og:title\" content=\"Assim \u00e9 o Alentejo, que espera por si - Mais Magazine\" \/>\n<meta property=\"og:description\" content=\"O Alentejo tem uma identidade muito pr\u00f3pria, facilmente reconhecida pelos espa\u00e7os abertos, com paisagens a perder de vista.\" \/>\n<meta property=\"og:url\" content=\"http:\/\/maismagazine.pt\/index.php\/2022\/03\/18\/assim-e-o-alentejo-que-espera-por-si\/\" \/>\n<meta property=\"og:site_name\" content=\"Mais Magazine\" \/>\n<meta property=\"article:published_time\" content=\"2022-03-18T09:59:52+00:00\" \/>\n<meta property=\"og:image\" content=\"http:\/\/maismagazine.pt\/wp-content\/uploads\/2022\/03\/IMG_3470-Pano_IE_OP2-scaled.jpg\" \/>\n\t<meta property=\"og:image:width\" content=\"2560\" \/>\n\t<meta property=\"og:image:height\" content=\"1235\" \/>\n\t<meta property=\"og:image:type\" content=\"image\/jpeg\" \/>\n<meta name=\"author\" content=\"Jo\u00e3o Malainho\" \/>\n<meta name=\"twitter:card\" content=\"summary_large_image\" \/>\n<meta name=\"twitter:label1\" content=\"Escrito por\" \/>\n\t<meta name=\"twitter:data1\" content=\"\" \/>\n\t<meta name=\"twitter:label2\" content=\"Tempo estimado de leitura\" \/>\n\t<meta name=\"twitter:data2\" content=\"2 minutos\" \/>\n<script type=\"application\/ld+json\" class=\"yoast-schema-graph\">{\"@context\":\"https:\/\/schema.org\",\"@graph\":[{\"@type\":\"Article\",\"@id\":\"http:\/\/maismagazine.pt\/index.php\/2022\/03\/18\/assim-e-o-alentejo-que-espera-por-si\/#article\",\"isPartOf\":{\"@id\":\"http:\/\/maismagazine.pt\/index.php\/2022\/03\/18\/assim-e-o-alentejo-que-espera-por-si\/\"},\"author\":{\"name\":\"Jo\u00e3o Malainho\",\"@id\":\"http:\/\/maismagazine.pt\/#\/schema\/person\/999bd426f894ff56d397ec12ebd21ebb\"},\"headline\":\"Assim \u00e9 o Alentejo, que espera por si\",\"datePublished\":\"2022-03-18T09:59:52+00:00\",\"mainEntityOfPage\":{\"@id\":\"http:\/\/maismagazine.pt\/index.php\/2022\/03\/18\/assim-e-o-alentejo-que-espera-por-si\/\"},\"wordCount\":354,\"commentCount\":0,\"publisher\":{\"@id\":\"http:\/\/maismagazine.pt\/#organization\"},\"image\":{\"@id\":\"http:\/\/maismagazine.pt\/index.php\/2022\/03\/18\/assim-e-o-alentejo-que-espera-por-si\/#primaryimage\"},\"thumbnailUrl\":\"http:\/\/maismagazine.pt\/wp-content\/uploads\/2022\/03\/IMG_3470-Pano_IE_OP2-scaled.jpg\",\"keywords\":[\"cultura\",\"enoturismo\",\"paisagem\"],\"articleSection\":[\"Turismo | Vinhos | Gastronomia\"],\"inLanguage\":\"pt-PT\",\"potentialAction\":[{\"@type\":\"CommentAction\",\"name\":\"Comment\",\"target\":[\"http:\/\/maismagazine.pt\/index.php\/2022\/03\/18\/assim-e-o-alentejo-que-espera-por-si\/#respond\"]}]},{\"@type\":\"WebPage\",\"@id\":\"http:\/\/maismagazine.pt\/index.php\/2022\/03\/18\/assim-e-o-alentejo-que-espera-por-si\/\",\"url\":\"http:\/\/maismagazine.pt\/index.php\/2022\/03\/18\/assim-e-o-alentejo-que-espera-por-si\/\",\"name\":\"Assim \u00e9 o Alentejo, que espera por si - Mais Magazine\",\"isPartOf\":{\"@id\":\"http:\/\/maismagazine.pt\/#website\"},\"primaryImageOfPage\":{\"@id\":\"http:\/\/maismagazine.pt\/index.php\/2022\/03\/18\/assim-e-o-alentejo-que-espera-por-si\/#primaryimage\"},\"image\":{\"@id\":\"http:\/\/maismagazine.pt\/index.php\/2022\/03\/18\/assim-e-o-alentejo-que-espera-por-si\/#primaryimage\"},\"thumbnailUrl\":\"http:\/\/maismagazine.pt\/wp-content\/uploads\/2022\/03\/IMG_3470-Pano_IE_OP2-scaled.jpg\",\"datePublished\":\"2022-03-18T09:59:52+00:00\",\"description\":\"O Alentejo tem uma identidade muito pr\u00f3pria, facilmente reconhecida pelos espa\u00e7os abertos, com paisagens a perder de vista.\",\"breadcrumb\":{\"@id\":\"http:\/\/maismagazine.pt\/index.php\/2022\/03\/18\/assim-e-o-alentejo-que-espera-por-si\/#breadcrumb\"},\"inLanguage\":\"pt-PT\",\"potentialAction\":[{\"@type\":\"ReadAction\",\"target\":[\"http:\/\/maismagazine.pt\/index.php\/2022\/03\/18\/assim-e-o-alentejo-que-espera-por-si\/\"]}]},{\"@type\":\"ImageObject\",\"inLanguage\":\"pt-PT\",\"@id\":\"http:\/\/maismagazine.pt\/index.php\/2022\/03\/18\/assim-e-o-alentejo-que-espera-por-si\/#primaryimage\",\"url\":\"http:\/\/maismagazine.pt\/wp-content\/uploads\/2022\/03\/IMG_3470-Pano_IE_OP2-scaled.jpg\",\"contentUrl\":\"http:\/\/maismagazine.pt\/wp-content\/uploads\/2022\/03\/IMG_3470-Pano_IE_OP2-scaled.jpg\",\"width\":2560,\"height\":1235},{\"@type\":\"BreadcrumbList\",\"@id\":\"http:\/\/maismagazine.pt\/index.php\/2022\/03\/18\/assim-e-o-alentejo-que-espera-por-si\/#breadcrumb\",\"itemListElement\":[{\"@type\":\"ListItem\",\"position\":1,\"name\":\"Home\",\"item\":\"http:\/\/maismagazine.pt\/\"},{\"@type\":\"ListItem\",\"position\":2,\"name\":\"Assim \u00e9 o Alentejo, que espera por si\"}]},{\"@type\":\"WebSite\",\"@id\":\"http:\/\/maismagazine.pt\/#website\",\"url\":\"http:\/\/maismagazine.pt\/\",\"name\":\"Mais Magazine\",\"description\":\"\",\"publisher\":{\"@id\":\"http:\/\/maismagazine.pt\/#organization\"},\"potentialAction\":[{\"@type\":\"SearchAction\",\"target\":{\"@type\":\"EntryPoint\",\"urlTemplate\":\"http:\/\/maismagazine.pt\/?s={search_term_string}\"},\"query-input\":{\"@type\":\"PropertyValueSpecification\",\"valueRequired\":true,\"valueName\":\"search_term_string\"}}],\"inLanguage\":\"pt-PT\"},{\"@type\":\"Organization\",\"@id\":\"http:\/\/maismagazine.pt\/#organization\",\"name\":\"Mais Magazine\",\"url\":\"http:\/\/maismagazine.pt\/\",\"logo\":{\"@type\":\"ImageObject\",\"inLanguage\":\"pt-PT\",\"@id\":\"http:\/\/maismagazine.pt\/#\/schema\/logo\/image\/\",\"url\":\"http:\/\/maismagazine.pt\/wp-content\/uploads\/2020\/04\/cropped-cropped-mais-magazine-site-logo-2.png\",\"contentUrl\":\"http:\/\/maismagazine.pt\/wp-content\/uploads\/2020\/04\/cropped-cropped-mais-magazine-site-logo-2.png\",\"width\":581,\"height\":90,\"caption\":\"Mais Magazine\"},\"image\":{\"@id\":\"http:\/\/maismagazine.pt\/#\/schema\/logo\/image\/\"}},{\"@type\":\"Person\",\"@id\":\"http:\/\/maismagazine.pt\/#\/schema\/person\/999bd426f894ff56d397ec12ebd21ebb\",\"name\":\"Jo\u00e3o Malainho\",\"image\":{\"@type\":\"ImageObject\",\"inLanguage\":\"pt-PT\",\"@id\":\"http:\/\/maismagazine.pt\/#\/schema\/person\/image\/\",\"url\":\"https:\/\/secure.gravatar.com\/avatar\/ff03c2f38edf60b2a827aa4f74878491?s=96&d=mm&r=g\",\"contentUrl\":\"https:\/\/secure.gravatar.com\/avatar\/ff03c2f38edf60b2a827aa4f74878491?s=96&d=mm&r=g\",\"caption\":\"Jo\u00e3o Malainho\"},\"url\":\"http:\/\/maismagazine.pt\/index.php\/author\/maismagazine\/\"}]}<\/script>\n<!-- \/ Yoast SEO plugin. -->","yoast_head_json":{"title":"Assim \u00e9 o Alentejo, que espera por si - Mais Magazine","description":"O Alentejo tem uma identidade muito pr\u00f3pria, facilmente reconhecida pelos espa\u00e7os abertos, com paisagens a perder de vista.","robots":{"index":"index","follow":"follow","max-snippet":"max-snippet:-1","max-image-preview":"max-image-preview:large","max-video-preview":"max-video-preview:-1"},"canonical":"http:\/\/maismagazine.pt\/index.php\/2022\/03\/18\/assim-e-o-alentejo-que-espera-por-si\/","og_locale":"pt_PT","og_type":"article","og_title":"Assim \u00e9 o Alentejo, que espera por si - Mais Magazine","og_description":"O Alentejo tem uma identidade muito pr\u00f3pria, facilmente reconhecida pelos espa\u00e7os abertos, com paisagens a perder de vista.","og_url":"http:\/\/maismagazine.pt\/index.php\/2022\/03\/18\/assim-e-o-alentejo-que-espera-por-si\/","og_site_name":"Mais Magazine","article_published_time":"2022-03-18T09:59:52+00:00","og_image":[{"width":2560,"height":1235,"url":"http:\/\/maismagazine.pt\/wp-content\/uploads\/2022\/03\/IMG_3470-Pano_IE_OP2-scaled.jpg","type":"image\/jpeg"}],"author":"Jo\u00e3o Malainho","twitter_card":"summary_large_image","twitter_misc":{"Escrito por":false,"Tempo estimado de leitura":"2 minutos"},"schema":{"@context":"https:\/\/schema.org","@graph":[{"@type":"Article","@id":"http:\/\/maismagazine.pt\/index.php\/2022\/03\/18\/assim-e-o-alentejo-que-espera-por-si\/#article","isPartOf":{"@id":"http:\/\/maismagazine.pt\/index.php\/2022\/03\/18\/assim-e-o-alentejo-que-espera-por-si\/"},"author":{"name":"Jo\u00e3o Malainho","@id":"http:\/\/maismagazine.pt\/#\/schema\/person\/999bd426f894ff56d397ec12ebd21ebb"},"headline":"Assim \u00e9 o Alentejo, que espera por si","datePublished":"2022-03-18T09:59:52+00:00","mainEntityOfPage":{"@id":"http:\/\/maismagazine.pt\/index.php\/2022\/03\/18\/assim-e-o-alentejo-que-espera-por-si\/"},"wordCount":354,"commentCount":0,"publisher":{"@id":"http:\/\/maismagazine.pt\/#organization"},"image":{"@id":"http:\/\/maismagazine.pt\/index.php\/2022\/03\/18\/assim-e-o-alentejo-que-espera-por-si\/#primaryimage"},"thumbnailUrl":"http:\/\/maismagazine.pt\/wp-content\/uploads\/2022\/03\/IMG_3470-Pano_IE_OP2-scaled.jpg","keywords":["cultura","enoturismo","paisagem"],"articleSection":["Turismo | Vinhos | Gastronomia"],"inLanguage":"pt-PT","potentialAction":[{"@type":"CommentAction","name":"Comment","target":["http:\/\/maismagazine.pt\/index.php\/2022\/03\/18\/assim-e-o-alentejo-que-espera-por-si\/#respond"]}]},{"@type":"WebPage","@id":"http:\/\/maismagazine.pt\/index.php\/2022\/03\/18\/assim-e-o-alentejo-que-espera-por-si\/","url":"http:\/\/maismagazine.pt\/index.php\/2022\/03\/18\/assim-e-o-alentejo-que-espera-por-si\/","name":"Assim \u00e9 o Alentejo, que espera por si - Mais Magazine","isPartOf":{"@id":"http:\/\/maismagazine.pt\/#website"},"primaryImageOfPage":{"@id":"http:\/\/maismagazine.pt\/index.php\/2022\/03\/18\/assim-e-o-alentejo-que-espera-por-si\/#primaryimage"},"image":{"@id":"http:\/\/maismagazine.pt\/index.php\/2022\/03\/18\/assim-e-o-alentejo-que-espera-por-si\/#primaryimage"},"thumbnailUrl":"http:\/\/maismagazine.pt\/wp-content\/uploads\/2022\/03\/IMG_3470-Pano_IE_OP2-scaled.jpg","datePublished":"2022-03-18T09:59:52+00:00","description":"O Alentejo tem uma identidade muito pr\u00f3pria, facilmente reconhecida pelos espa\u00e7os abertos, com paisagens a perder de vista.","breadcrumb":{"@id":"http:\/\/maismagazine.pt\/index.php\/2022\/03\/18\/assim-e-o-alentejo-que-espera-por-si\/#breadcrumb"},"inLanguage":"pt-PT","potentialAction":[{"@type":"ReadAction","target":["http:\/\/maismagazine.pt\/index.php\/2022\/03\/18\/assim-e-o-alentejo-que-espera-por-si\/"]}]},{"@type":"ImageObject","inLanguage":"pt-PT","@id":"http:\/\/maismagazine.pt\/index.php\/2022\/03\/18\/assim-e-o-alentejo-que-espera-por-si\/#primaryimage","url":"http:\/\/maismagazine.pt\/wp-content\/uploads\/2022\/03\/IMG_3470-Pano_IE_OP2-scaled.jpg","contentUrl":"http:\/\/maismagazine.pt\/wp-content\/uploads\/2022\/03\/IMG_3470-Pano_IE_OP2-scaled.jpg","width":2560,"height":1235},{"@type":"BreadcrumbList","@id":"http:\/\/maismagazine.pt\/index.php\/2022\/03\/18\/assim-e-o-alentejo-que-espera-por-si\/#breadcrumb","itemListElement":[{"@type":"ListItem","position":1,"name":"Home","item":"http:\/\/maismagazine.pt\/"},{"@type":"ListItem","position":2,"name":"Assim \u00e9 o Alentejo, que espera por si"}]},{"@type":"WebSite","@id":"http:\/\/maismagazine.pt\/#website","url":"http:\/\/maismagazine.pt\/","name":"Mais Magazine","description":"","publisher":{"@id":"http:\/\/maismagazine.pt\/#organization"},"potentialAction":[{"@type":"SearchAction","target":{"@type":"EntryPoint","urlTemplate":"http:\/\/maismagazine.pt\/?s={search_term_string}"},"query-input":{"@type":"PropertyValueSpecification","valueRequired":true,"valueName":"search_term_string"}}],"inLanguage":"pt-PT"},{"@type":"Organization","@id":"http:\/\/maismagazine.pt\/#organization","name":"Mais Magazine","url":"http:\/\/maismagazine.pt\/","logo":{"@type":"ImageObject","inLanguage":"pt-PT","@id":"http:\/\/maismagazine.pt\/#\/schema\/logo\/image\/","url":"http:\/\/maismagazine.pt\/wp-content\/uploads\/2020\/04\/cropped-cropped-mais-magazine-site-logo-2.png","contentUrl":"http:\/\/maismagazine.pt\/wp-content\/uploads\/2020\/04\/cropped-cropped-mais-magazine-site-logo-2.png","width":581,"height":90,"caption":"Mais Magazine"},"image":{"@id":"http:\/\/maismagazine.pt\/#\/schema\/logo\/image\/"}},{"@type":"Person","@id":"http:\/\/maismagazine.pt\/#\/schema\/person\/999bd426f894ff56d397ec12ebd21ebb","name":"Jo\u00e3o Malainho","image":{"@type":"ImageObject","inLanguage":"pt-PT","@id":"http:\/\/maismagazine.pt\/#\/schema\/person\/image\/","url":"https:\/\/secure.gravatar.com\/avatar\/ff03c2f38edf60b2a827aa4f74878491?s=96&d=mm&r=g","contentUrl":"https:\/\/secure.gravatar.com\/avatar\/ff03c2f38edf60b2a827aa4f74878491?s=96&d=mm&r=g","caption":"Jo\u00e3o Malainho"},"url":"http:\/\/maismagazine.pt\/index.php\/author\/maismagazine\/"}]}},"author_meta":{"display_name":false,"author_link":"http:\/\/maismagazine.pt\/index.php\/author\/maismagazine\/"},"featured_img":"http:\/\/maismagazine.pt\/wp-content\/uploads\/2022\/03\/IMG_3470-Pano_IE_OP2-300x145.jpg","coauthors":[],"tax_additional":{"categories":{"linked":["<a href=\"http:\/\/maismagazine.pt\/index.php\/category\/turismo-restaurantes\/\" class=\"advgb-post-tax-term\">Turismo | Vinhos | Gastronomia<\/a>"],"unlinked":["<span class=\"advgb-post-tax-term\">Turismo | Vinhos | Gastronomia<\/span>"]},"tags":{"linked":["<a href=\"http:\/\/maismagazine.pt\/index.php\/category\/turismo-restaurantes\/\" class=\"advgb-post-tax-term\">cultura<\/a>","<a href=\"http:\/\/maismagazine.pt\/index.php\/category\/turismo-restaurantes\/\" class=\"advgb-post-tax-term\">enoturismo<\/a>","<a href=\"http:\/\/maismagazine.pt\/index.php\/category\/turismo-restaurantes\/\" class=\"advgb-post-tax-term\">paisagem<\/a>"],"unlinked":["<span class=\"advgb-post-tax-term\">cultura<\/span>","<span class=\"advgb-post-tax-term\">enoturismo<\/span>","<span class=\"advgb-post-tax-term\">paisagem<\/span>"]}},"comment_count":"0","relative_dates":{"created":"Posted 4 anos ago","modified":"Updated 4 anos ago"},"absolute_dates":{"created":"Posted on 18 de Mar\u00e7o, 2022","modified":"Updated on 18 de Mar\u00e7o, 2022"},"absolute_dates_time":{"created":"Posted on 18 de Mar\u00e7o, 2022 9:59","modified":"Updated on 18 de Mar\u00e7o, 2022 9:59"},"featured_img_caption":"","series_order":"","_links":{"self":[{"href":"http:\/\/maismagazine.pt\/index.php\/wp-json\/wp\/v2\/posts\/2670","targetHints":{"allow":["GET"]}}],"collection":[{"href":"http:\/\/maismagazine.pt\/index.php\/wp-json\/wp\/v2\/posts"}],"about":[{"href":"http:\/\/maismagazine.pt\/index.php\/wp-json\/wp\/v2\/types\/post"}],"author":[{"embeddable":true,"href":"http:\/\/maismagazine.pt\/index.php\/wp-json\/wp\/v2\/users\/7"}],"replies":[{"embeddable":true,"href":"http:\/\/maismagazine.pt\/index.php\/wp-json\/wp\/v2\/comments?post=2670"}],"version-history":[{"count":1,"href":"http:\/\/maismagazine.pt\/index.php\/wp-json\/wp\/v2\/posts\/2670\/revisions"}],"predecessor-version":[{"id":2672,"href":"http:\/\/maismagazine.pt\/index.php\/wp-json\/wp\/v2\/posts\/2670\/revisions\/2672"}],"wp:featuredmedia":[{"embeddable":true,"href":"http:\/\/maismagazine.pt\/index.php\/wp-json\/wp\/v2\/media\/2671"}],"wp:attachment":[{"href":"http:\/\/maismagazine.pt\/index.php\/wp-json\/wp\/v2\/media?parent=2670"}],"wp:term":[{"taxonomy":"category","embeddable":true,"href":"http:\/\/maismagazine.pt\/index.php\/wp-json\/wp\/v2\/categories?post=2670"},{"taxonomy":"post_tag","embeddable":true,"href":"http:\/\/maismagazine.pt\/index.php\/wp-json\/wp\/v2\/tags?post=2670"}],"curies":[{"name":"wp","href":"https:\/\/api.w.org\/{rel}","templated":true}]}}