{"id":2566,"date":"2022-03-18T09:59:39","date_gmt":"2022-03-18T09:59:39","guid":{"rendered":"http:\/\/maismagazine.pt\/?p=2566"},"modified":"2022-03-18T09:59:40","modified_gmt":"2022-03-18T09:59:40","slug":"termas-da-ferraria-um-paraiso-de-aguas-quentes-na-ilha-de-sao-miguel","status":"publish","type":"post","link":"http:\/\/maismagazine.pt\/index.php\/2022\/03\/18\/termas-da-ferraria-um-paraiso-de-aguas-quentes-na-ilha-de-sao-miguel\/","title":{"rendered":"Termas da Ferraria: um para\u00edso de \u00e1guas quentes na ilha de S\u00e3o Miguel"},"content":{"rendered":"\n<p><em>As Termas da Ferraria datam de meados do s\u00e9culo XX, mas as qualidades da sua \u00e1gua j\u00e1 eram referidas quatro s\u00e9culos antes por Gaspar Frutuoso na obra \u201cSaudades da Terra\u201d. O calor das rochas aliado \u00e0 \u00e1gua do mar, tornam este local um verdadeiro SPA Termal, com finalidades terap\u00eauticas que possibilitam vivenciar experi\u00eancias \u00fanicas.<\/em><\/p>\n\n\n\n<p><\/p>\n\n\n\n<p>Junto ao mar, no extremo sudoeste da ilha de S\u00e3o Miguel, nos A\u00e7ores, situa-se o lugar da Ferraria. Integrado no Monumento Natural Regional do Pico das Camarinhas e Ponta da Ferraria, esta zona de prote\u00e7\u00e3o da natureza \u00e9 composta por diversas estruturas de origem vulc\u00e2nica de grande valor paisag\u00edstico e cient\u00edfico. Mas para al\u00e9m da sua beleza e interesse cient\u00edfico, o lugar da Ferraria tem outra grande riqueza: as suas duas nascentes de \u00e1guas <a href=\"https:\/\/www.facebook.com\/termasferraria\/\" target=\"_blank\" rel=\"noreferrer noopener\">termais<\/a> de origem vulc\u00e2nica que aquecem as piscinas naturais da Ferraria e abastecem o seu complexo Termal. As qualidades terap\u00eauticas das \u00e1guas termais da Ferraria levaram a que esta se tornasse um local quase de culto. <\/p>\n\n\n\n<p>Com uma localiza\u00e7\u00e3o \u00fanica, integradas no Monumento Natural Regional do Pico das Camarinhas e Ponta da Ferraria, as Termas da Ferraria proporcionam ao visitante banhos em mar aberto, numa fus\u00e3o de \u00e1gua salgada com \u00e1gua termal. O exotismo das Termas da Ferraria vem de empregarem \u00e1guas de nascentes vulc\u00e2nicas que correm no subsolo (furos de 20 metros) a uma temperatura de 62\u00ba C. S\u00e3o necessariamente arrefecidas na mistura com \u00e1guas extra\u00eddas do mar que andam na casa dos 20\u00ba C. Este prod\u00edgio \u00e9 mais um derivado da hist\u00f3ria de acidentes vulc\u00e2nicos que esculpiram a paisagem a\u00e7oriana. Julga-se que a erup\u00e7\u00e3o que originou a Ferraria e fez crescer o cont\u00edguo Pico das Camarinhas &#8211; que antes ca\u00eda abruptamente sobre o mar &#8211; ocorreu por volta de 1140, ou seja, ainda antes de a ilha ser colonizada.<\/p>\n\n\n\n<p>Atualmente a atividade das Termas da Ferraria desenvolve&#8211;se em torno dos servi\u00e7os de termalismo, bem-estar, fisioterapia e est\u00e9tica. Consideradas um caso \u00fanico no mundo, as \u00e1guas da Ferraria, al\u00e9m de curarem problemas de reumatismo e nevrites, s\u00e3o tamb\u00e9m usadas para tratar de doen\u00e7as de outros foros, como \u00e9 o caso da psor\u00edase. <\/p>\n\n\n\n<p>Mas a sua oferta \u00e9 ainda mais alargada, estendendo-se a servi\u00e7os como a organiza\u00e7\u00e3o de programas de team building e os mais diversificados tipos de reuni\u00f5es e conv\u00edvios empresariais e particulares, com atividades indoor e outdoor.<\/p>\n\n\n\n<p>Se procura uma experi\u00eancia mais relaxante, as Termas da Ferraria devem ser a sua escolha. Um cen\u00e1rio de fic\u00e7\u00e3o cientifica que fica ainda mais incr\u00edvel ao fim do dia, quando o Sol se p\u00f5e mesmo \u00e0 sua frente.<\/p>\n","protected":false},"excerpt":{"rendered":"<p>As Termas da Ferraria datam de meados do s\u00e9culo XX, mas as qualidades da sua \u00e1gua j\u00e1 eram referidas quatro s\u00e9culos antes por Gaspar Frutuoso na obra \u201cSaudades da Terra\u201d. O calor das rochas aliado \u00e0 \u00e1gua do mar, tornam este local um verdadeiro SPA Termal, com finalidades terap\u00eauticas que&hellip;<\/p>\n","protected":false},"author":7,"featured_media":2567,"comment_status":"open","ping_status":"open","sticky":false,"template":"","format":"standard","meta":{"advgb_blocks_editor_width":"","advgb_blocks_columns_visual_guide":"","_monsterinsights_skip_tracking":false,"_monsterinsights_sitenote_active":false,"_monsterinsights_sitenote_note":"","_monsterinsights_sitenote_category":0,"footnotes":""},"categories":[54,313,53],"tags":[281,479,480],"class_list":["post-2566","post","type-post","status-publish","format-standard","has-post-thumbnail","hentry","category-lifestyle","category-saude","category-turismo-restaurantes","tag-acores","tag-aguas","tag-terapeutica"],"yoast_head":"<!-- This site is optimized with the Yoast SEO plugin v24.4 - https:\/\/yoast.com\/wordpress\/plugins\/seo\/ -->\n<title>Termas da Ferraria: um para\u00edso de \u00e1guas quentes na ilha de S\u00e3o Miguel - Mais Magazine<\/title>\n<meta name=\"description\" content=\"As Termas da Ferraria datam de meados do s\u00e9culo XX, mas as qualidades da sua \u00e1gua j\u00e1 eram referidas quatro s\u00e9culos antes por Gaspar Frutuoso.\" \/>\n<meta name=\"robots\" content=\"index, follow, max-snippet:-1, max-image-preview:large, max-video-preview:-1\" \/>\n<link rel=\"canonical\" href=\"https:\/\/maismagazine.pt\/index.php\/2022\/03\/18\/termas-da-ferraria-um-paraiso-de-aguas-quentes-na-ilha-de-sao-miguel\/\" \/>\n<meta property=\"og:locale\" content=\"pt_PT\" \/>\n<meta property=\"og:type\" content=\"article\" \/>\n<meta property=\"og:title\" content=\"Termas da Ferraria: um para\u00edso de \u00e1guas quentes na ilha de S\u00e3o Miguel - Mais Magazine\" \/>\n<meta property=\"og:description\" content=\"As Termas da Ferraria datam de meados do s\u00e9culo XX, mas as qualidades da sua \u00e1gua j\u00e1 eram referidas quatro s\u00e9culos antes por Gaspar Frutuoso.\" \/>\n<meta property=\"og:url\" content=\"https:\/\/maismagazine.pt\/index.php\/2022\/03\/18\/termas-da-ferraria-um-paraiso-de-aguas-quentes-na-ilha-de-sao-miguel\/\" \/>\n<meta property=\"og:site_name\" content=\"Mais Magazine\" \/>\n<meta property=\"article:published_time\" content=\"2022-03-18T09:59:39+00:00\" \/>\n<meta property=\"article:modified_time\" content=\"2022-03-18T09:59:40+00:00\" \/>\n<meta property=\"og:image\" content=\"https:\/\/maismagazine.pt\/wp-content\/uploads\/2022\/03\/Sem-titulo.jpg\" \/>\n\t<meta property=\"og:image:width\" content=\"1190\" \/>\n\t<meta property=\"og:image:height\" content=\"514\" \/>\n\t<meta property=\"og:image:type\" content=\"image\/jpeg\" \/>\n<meta name=\"author\" content=\"Jo\u00e3o Malainho\" \/>\n<meta name=\"twitter:card\" content=\"summary_large_image\" \/>\n<meta name=\"twitter:label1\" content=\"Escrito por\" \/>\n\t<meta name=\"twitter:data1\" content=\"\" \/>\n\t<meta name=\"twitter:label2\" content=\"Tempo estimado de leitura\" \/>\n\t<meta name=\"twitter:data2\" content=\"2 minutos\" \/>\n<script type=\"application\/ld+json\" class=\"yoast-schema-graph\">{\"@context\":\"https:\/\/schema.org\",\"@graph\":[{\"@type\":\"Article\",\"@id\":\"https:\/\/maismagazine.pt\/index.php\/2022\/03\/18\/termas-da-ferraria-um-paraiso-de-aguas-quentes-na-ilha-de-sao-miguel\/#article\",\"isPartOf\":{\"@id\":\"https:\/\/maismagazine.pt\/index.php\/2022\/03\/18\/termas-da-ferraria-um-paraiso-de-aguas-quentes-na-ilha-de-sao-miguel\/\"},\"author\":{\"name\":\"Jo\u00e3o Malainho\",\"@id\":\"https:\/\/maismagazine.pt\/#\/schema\/person\/999bd426f894ff56d397ec12ebd21ebb\"},\"headline\":\"Termas da Ferraria: um para\u00edso de \u00e1guas quentes na ilha de S\u00e3o Miguel\",\"datePublished\":\"2022-03-18T09:59:39+00:00\",\"dateModified\":\"2022-03-18T09:59:40+00:00\",\"mainEntityOfPage\":{\"@id\":\"https:\/\/maismagazine.pt\/index.php\/2022\/03\/18\/termas-da-ferraria-um-paraiso-de-aguas-quentes-na-ilha-de-sao-miguel\/\"},\"wordCount\":472,\"commentCount\":0,\"publisher\":{\"@id\":\"https:\/\/maismagazine.pt\/#organization\"},\"image\":{\"@id\":\"https:\/\/maismagazine.pt\/index.php\/2022\/03\/18\/termas-da-ferraria-um-paraiso-de-aguas-quentes-na-ilha-de-sao-miguel\/#primaryimage\"},\"thumbnailUrl\":\"http:\/\/maismagazine.pt\/wp-content\/uploads\/2022\/03\/Sem-titulo.jpg\",\"keywords\":[\"a\u00e7ores\",\"\u00c1guas\",\"Terap\u00eautica\"],\"articleSection\":[\"LifeStyle\",\"Sa\u00fade\",\"Turismo | Vinhos | Gastronomia\"],\"inLanguage\":\"pt-PT\",\"potentialAction\":[{\"@type\":\"CommentAction\",\"name\":\"Comment\",\"target\":[\"https:\/\/maismagazine.pt\/index.php\/2022\/03\/18\/termas-da-ferraria-um-paraiso-de-aguas-quentes-na-ilha-de-sao-miguel\/#respond\"]}]},{\"@type\":\"WebPage\",\"@id\":\"https:\/\/maismagazine.pt\/index.php\/2022\/03\/18\/termas-da-ferraria-um-paraiso-de-aguas-quentes-na-ilha-de-sao-miguel\/\",\"url\":\"https:\/\/maismagazine.pt\/index.php\/2022\/03\/18\/termas-da-ferraria-um-paraiso-de-aguas-quentes-na-ilha-de-sao-miguel\/\",\"name\":\"Termas da Ferraria: um para\u00edso de \u00e1guas quentes na ilha de S\u00e3o Miguel - Mais Magazine\",\"isPartOf\":{\"@id\":\"https:\/\/maismagazine.pt\/#website\"},\"primaryImageOfPage\":{\"@id\":\"https:\/\/maismagazine.pt\/index.php\/2022\/03\/18\/termas-da-ferraria-um-paraiso-de-aguas-quentes-na-ilha-de-sao-miguel\/#primaryimage\"},\"image\":{\"@id\":\"https:\/\/maismagazine.pt\/index.php\/2022\/03\/18\/termas-da-ferraria-um-paraiso-de-aguas-quentes-na-ilha-de-sao-miguel\/#primaryimage\"},\"thumbnailUrl\":\"http:\/\/maismagazine.pt\/wp-content\/uploads\/2022\/03\/Sem-titulo.jpg\",\"datePublished\":\"2022-03-18T09:59:39+00:00\",\"dateModified\":\"2022-03-18T09:59:40+00:00\",\"description\":\"As Termas da Ferraria datam de meados do s\u00e9culo XX, mas as qualidades da sua \u00e1gua j\u00e1 eram referidas quatro s\u00e9culos antes por Gaspar Frutuoso.\",\"breadcrumb\":{\"@id\":\"https:\/\/maismagazine.pt\/index.php\/2022\/03\/18\/termas-da-ferraria-um-paraiso-de-aguas-quentes-na-ilha-de-sao-miguel\/#breadcrumb\"},\"inLanguage\":\"pt-PT\",\"potentialAction\":[{\"@type\":\"ReadAction\",\"target\":[\"https:\/\/maismagazine.pt\/index.php\/2022\/03\/18\/termas-da-ferraria-um-paraiso-de-aguas-quentes-na-ilha-de-sao-miguel\/\"]}]},{\"@type\":\"ImageObject\",\"inLanguage\":\"pt-PT\",\"@id\":\"https:\/\/maismagazine.pt\/index.php\/2022\/03\/18\/termas-da-ferraria-um-paraiso-de-aguas-quentes-na-ilha-de-sao-miguel\/#primaryimage\",\"url\":\"http:\/\/maismagazine.pt\/wp-content\/uploads\/2022\/03\/Sem-titulo.jpg\",\"contentUrl\":\"http:\/\/maismagazine.pt\/wp-content\/uploads\/2022\/03\/Sem-titulo.jpg\",\"width\":1190,\"height\":514},{\"@type\":\"BreadcrumbList\",\"@id\":\"https:\/\/maismagazine.pt\/index.php\/2022\/03\/18\/termas-da-ferraria-um-paraiso-de-aguas-quentes-na-ilha-de-sao-miguel\/#breadcrumb\",\"itemListElement\":[{\"@type\":\"ListItem\",\"position\":1,\"name\":\"Home\",\"item\":\"https:\/\/maismagazine.pt\/\"},{\"@type\":\"ListItem\",\"position\":2,\"name\":\"Termas da Ferraria: um para\u00edso de \u00e1guas quentes na ilha de S\u00e3o Miguel\"}]},{\"@type\":\"WebSite\",\"@id\":\"https:\/\/maismagazine.pt\/#website\",\"url\":\"https:\/\/maismagazine.pt\/\",\"name\":\"Mais Magazine\",\"description\":\"\",\"publisher\":{\"@id\":\"https:\/\/maismagazine.pt\/#organization\"},\"potentialAction\":[{\"@type\":\"SearchAction\",\"target\":{\"@type\":\"EntryPoint\",\"urlTemplate\":\"https:\/\/maismagazine.pt\/?s={search_term_string}\"},\"query-input\":{\"@type\":\"PropertyValueSpecification\",\"valueRequired\":true,\"valueName\":\"search_term_string\"}}],\"inLanguage\":\"pt-PT\"},{\"@type\":\"Organization\",\"@id\":\"https:\/\/maismagazine.pt\/#organization\",\"name\":\"Mais Magazine\",\"url\":\"https:\/\/maismagazine.pt\/\",\"logo\":{\"@type\":\"ImageObject\",\"inLanguage\":\"pt-PT\",\"@id\":\"https:\/\/maismagazine.pt\/#\/schema\/logo\/image\/\",\"url\":\"http:\/\/maismagazine.pt\/wp-content\/uploads\/2020\/04\/cropped-cropped-mais-magazine-site-logo-2.png\",\"contentUrl\":\"http:\/\/maismagazine.pt\/wp-content\/uploads\/2020\/04\/cropped-cropped-mais-magazine-site-logo-2.png\",\"width\":581,\"height\":90,\"caption\":\"Mais Magazine\"},\"image\":{\"@id\":\"https:\/\/maismagazine.pt\/#\/schema\/logo\/image\/\"}},{\"@type\":\"Person\",\"@id\":\"https:\/\/maismagazine.pt\/#\/schema\/person\/999bd426f894ff56d397ec12ebd21ebb\",\"name\":\"Jo\u00e3o Malainho\",\"image\":{\"@type\":\"ImageObject\",\"inLanguage\":\"pt-PT\",\"@id\":\"https:\/\/maismagazine.pt\/#\/schema\/person\/image\/\",\"url\":\"https:\/\/secure.gravatar.com\/avatar\/ff03c2f38edf60b2a827aa4f74878491?s=96&d=mm&r=g\",\"contentUrl\":\"https:\/\/secure.gravatar.com\/avatar\/ff03c2f38edf60b2a827aa4f74878491?s=96&d=mm&r=g\",\"caption\":\"Jo\u00e3o Malainho\"},\"url\":\"http:\/\/maismagazine.pt\/index.php\/author\/maismagazine\/\"}]}<\/script>\n<!-- \/ Yoast SEO plugin. -->","yoast_head_json":{"title":"Termas da Ferraria: um para\u00edso de \u00e1guas quentes na ilha de S\u00e3o Miguel - Mais Magazine","description":"As Termas da Ferraria datam de meados do s\u00e9culo XX, mas as qualidades da sua \u00e1gua j\u00e1 eram referidas quatro s\u00e9culos antes por Gaspar Frutuoso.","robots":{"index":"index","follow":"follow","max-snippet":"max-snippet:-1","max-image-preview":"max-image-preview:large","max-video-preview":"max-video-preview:-1"},"canonical":"https:\/\/maismagazine.pt\/index.php\/2022\/03\/18\/termas-da-ferraria-um-paraiso-de-aguas-quentes-na-ilha-de-sao-miguel\/","og_locale":"pt_PT","og_type":"article","og_title":"Termas da Ferraria: um para\u00edso de \u00e1guas quentes na ilha de S\u00e3o Miguel - Mais Magazine","og_description":"As Termas da Ferraria datam de meados do s\u00e9culo XX, mas as qualidades da sua \u00e1gua j\u00e1 eram referidas quatro s\u00e9culos antes por Gaspar Frutuoso.","og_url":"https:\/\/maismagazine.pt\/index.php\/2022\/03\/18\/termas-da-ferraria-um-paraiso-de-aguas-quentes-na-ilha-de-sao-miguel\/","og_site_name":"Mais Magazine","article_published_time":"2022-03-18T09:59:39+00:00","article_modified_time":"2022-03-18T09:59:40+00:00","og_image":[{"width":1190,"height":514,"url":"https:\/\/maismagazine.pt\/wp-content\/uploads\/2022\/03\/Sem-titulo.jpg","type":"image\/jpeg"}],"author":"Jo\u00e3o Malainho","twitter_card":"summary_large_image","twitter_misc":{"Escrito por":false,"Tempo estimado de leitura":"2 minutos"},"schema":{"@context":"https:\/\/schema.org","@graph":[{"@type":"Article","@id":"https:\/\/maismagazine.pt\/index.php\/2022\/03\/18\/termas-da-ferraria-um-paraiso-de-aguas-quentes-na-ilha-de-sao-miguel\/#article","isPartOf":{"@id":"https:\/\/maismagazine.pt\/index.php\/2022\/03\/18\/termas-da-ferraria-um-paraiso-de-aguas-quentes-na-ilha-de-sao-miguel\/"},"author":{"name":"Jo\u00e3o Malainho","@id":"https:\/\/maismagazine.pt\/#\/schema\/person\/999bd426f894ff56d397ec12ebd21ebb"},"headline":"Termas da Ferraria: um para\u00edso de \u00e1guas quentes na ilha de S\u00e3o Miguel","datePublished":"2022-03-18T09:59:39+00:00","dateModified":"2022-03-18T09:59:40+00:00","mainEntityOfPage":{"@id":"https:\/\/maismagazine.pt\/index.php\/2022\/03\/18\/termas-da-ferraria-um-paraiso-de-aguas-quentes-na-ilha-de-sao-miguel\/"},"wordCount":472,"commentCount":0,"publisher":{"@id":"https:\/\/maismagazine.pt\/#organization"},"image":{"@id":"https:\/\/maismagazine.pt\/index.php\/2022\/03\/18\/termas-da-ferraria-um-paraiso-de-aguas-quentes-na-ilha-de-sao-miguel\/#primaryimage"},"thumbnailUrl":"http:\/\/maismagazine.pt\/wp-content\/uploads\/2022\/03\/Sem-titulo.jpg","keywords":["a\u00e7ores","\u00c1guas","Terap\u00eautica"],"articleSection":["LifeStyle","Sa\u00fade","Turismo | Vinhos | Gastronomia"],"inLanguage":"pt-PT","potentialAction":[{"@type":"CommentAction","name":"Comment","target":["https:\/\/maismagazine.pt\/index.php\/2022\/03\/18\/termas-da-ferraria-um-paraiso-de-aguas-quentes-na-ilha-de-sao-miguel\/#respond"]}]},{"@type":"WebPage","@id":"https:\/\/maismagazine.pt\/index.php\/2022\/03\/18\/termas-da-ferraria-um-paraiso-de-aguas-quentes-na-ilha-de-sao-miguel\/","url":"https:\/\/maismagazine.pt\/index.php\/2022\/03\/18\/termas-da-ferraria-um-paraiso-de-aguas-quentes-na-ilha-de-sao-miguel\/","name":"Termas da Ferraria: um para\u00edso de \u00e1guas quentes na ilha de S\u00e3o Miguel - Mais Magazine","isPartOf":{"@id":"https:\/\/maismagazine.pt\/#website"},"primaryImageOfPage":{"@id":"https:\/\/maismagazine.pt\/index.php\/2022\/03\/18\/termas-da-ferraria-um-paraiso-de-aguas-quentes-na-ilha-de-sao-miguel\/#primaryimage"},"image":{"@id":"https:\/\/maismagazine.pt\/index.php\/2022\/03\/18\/termas-da-ferraria-um-paraiso-de-aguas-quentes-na-ilha-de-sao-miguel\/#primaryimage"},"thumbnailUrl":"http:\/\/maismagazine.pt\/wp-content\/uploads\/2022\/03\/Sem-titulo.jpg","datePublished":"2022-03-18T09:59:39+00:00","dateModified":"2022-03-18T09:59:40+00:00","description":"As Termas da Ferraria datam de meados do s\u00e9culo XX, mas as qualidades da sua \u00e1gua j\u00e1 eram referidas quatro s\u00e9culos antes por Gaspar Frutuoso.","breadcrumb":{"@id":"https:\/\/maismagazine.pt\/index.php\/2022\/03\/18\/termas-da-ferraria-um-paraiso-de-aguas-quentes-na-ilha-de-sao-miguel\/#breadcrumb"},"inLanguage":"pt-PT","potentialAction":[{"@type":"ReadAction","target":["https:\/\/maismagazine.pt\/index.php\/2022\/03\/18\/termas-da-ferraria-um-paraiso-de-aguas-quentes-na-ilha-de-sao-miguel\/"]}]},{"@type":"ImageObject","inLanguage":"pt-PT","@id":"https:\/\/maismagazine.pt\/index.php\/2022\/03\/18\/termas-da-ferraria-um-paraiso-de-aguas-quentes-na-ilha-de-sao-miguel\/#primaryimage","url":"http:\/\/maismagazine.pt\/wp-content\/uploads\/2022\/03\/Sem-titulo.jpg","contentUrl":"http:\/\/maismagazine.pt\/wp-content\/uploads\/2022\/03\/Sem-titulo.jpg","width":1190,"height":514},{"@type":"BreadcrumbList","@id":"https:\/\/maismagazine.pt\/index.php\/2022\/03\/18\/termas-da-ferraria-um-paraiso-de-aguas-quentes-na-ilha-de-sao-miguel\/#breadcrumb","itemListElement":[{"@type":"ListItem","position":1,"name":"Home","item":"https:\/\/maismagazine.pt\/"},{"@type":"ListItem","position":2,"name":"Termas da Ferraria: um para\u00edso de \u00e1guas quentes na ilha de S\u00e3o Miguel"}]},{"@type":"WebSite","@id":"https:\/\/maismagazine.pt\/#website","url":"https:\/\/maismagazine.pt\/","name":"Mais Magazine","description":"","publisher":{"@id":"https:\/\/maismagazine.pt\/#organization"},"potentialAction":[{"@type":"SearchAction","target":{"@type":"EntryPoint","urlTemplate":"https:\/\/maismagazine.pt\/?s={search_term_string}"},"query-input":{"@type":"PropertyValueSpecification","valueRequired":true,"valueName":"search_term_string"}}],"inLanguage":"pt-PT"},{"@type":"Organization","@id":"https:\/\/maismagazine.pt\/#organization","name":"Mais Magazine","url":"https:\/\/maismagazine.pt\/","logo":{"@type":"ImageObject","inLanguage":"pt-PT","@id":"https:\/\/maismagazine.pt\/#\/schema\/logo\/image\/","url":"http:\/\/maismagazine.pt\/wp-content\/uploads\/2020\/04\/cropped-cropped-mais-magazine-site-logo-2.png","contentUrl":"http:\/\/maismagazine.pt\/wp-content\/uploads\/2020\/04\/cropped-cropped-mais-magazine-site-logo-2.png","width":581,"height":90,"caption":"Mais Magazine"},"image":{"@id":"https:\/\/maismagazine.pt\/#\/schema\/logo\/image\/"}},{"@type":"Person","@id":"https:\/\/maismagazine.pt\/#\/schema\/person\/999bd426f894ff56d397ec12ebd21ebb","name":"Jo\u00e3o Malainho","image":{"@type":"ImageObject","inLanguage":"pt-PT","@id":"https:\/\/maismagazine.pt\/#\/schema\/person\/image\/","url":"https:\/\/secure.gravatar.com\/avatar\/ff03c2f38edf60b2a827aa4f74878491?s=96&d=mm&r=g","contentUrl":"https:\/\/secure.gravatar.com\/avatar\/ff03c2f38edf60b2a827aa4f74878491?s=96&d=mm&r=g","caption":"Jo\u00e3o Malainho"},"url":"http:\/\/maismagazine.pt\/index.php\/author\/maismagazine\/"}]}},"author_meta":{"display_name":false,"author_link":"http:\/\/maismagazine.pt\/index.php\/author\/maismagazine\/"},"featured_img":"http:\/\/maismagazine.pt\/wp-content\/uploads\/2022\/03\/Sem-titulo-300x130.jpg","coauthors":[],"tax_additional":{"categories":{"linked":["<a href=\"http:\/\/maismagazine.pt\/index.php\/category\/lifestyle\/\" class=\"advgb-post-tax-term\">LifeStyle<\/a>","<a href=\"http:\/\/maismagazine.pt\/index.php\/category\/mundo-empresarial\/saude\/\" class=\"advgb-post-tax-term\">Sa\u00fade<\/a>","<a href=\"http:\/\/maismagazine.pt\/index.php\/category\/turismo-restaurantes\/\" class=\"advgb-post-tax-term\">Turismo | Vinhos | Gastronomia<\/a>"],"unlinked":["<span class=\"advgb-post-tax-term\">LifeStyle<\/span>","<span class=\"advgb-post-tax-term\">Sa\u00fade<\/span>","<span class=\"advgb-post-tax-term\">Turismo | Vinhos | Gastronomia<\/span>"]},"tags":{"linked":["<a href=\"http:\/\/maismagazine.pt\/index.php\/category\/turismo-restaurantes\/\" class=\"advgb-post-tax-term\">a\u00e7ores<\/a>","<a href=\"http:\/\/maismagazine.pt\/index.php\/category\/turismo-restaurantes\/\" class=\"advgb-post-tax-term\">\u00c1guas<\/a>","<a href=\"http:\/\/maismagazine.pt\/index.php\/category\/turismo-restaurantes\/\" class=\"advgb-post-tax-term\">Terap\u00eautica<\/a>"],"unlinked":["<span class=\"advgb-post-tax-term\">a\u00e7ores<\/span>","<span class=\"advgb-post-tax-term\">\u00c1guas<\/span>","<span class=\"advgb-post-tax-term\">Terap\u00eautica<\/span>"]}},"comment_count":"0","relative_dates":{"created":"Posted 4 anos ago","modified":"Updated 4 anos ago"},"absolute_dates":{"created":"Posted on 18 de Mar\u00e7o, 2022","modified":"Updated on 18 de Mar\u00e7o, 2022"},"absolute_dates_time":{"created":"Posted on 18 de Mar\u00e7o, 2022 9:59","modified":"Updated on 18 de Mar\u00e7o, 2022 9:59"},"featured_img_caption":"","series_order":"","_links":{"self":[{"href":"http:\/\/maismagazine.pt\/index.php\/wp-json\/wp\/v2\/posts\/2566","targetHints":{"allow":["GET"]}}],"collection":[{"href":"http:\/\/maismagazine.pt\/index.php\/wp-json\/wp\/v2\/posts"}],"about":[{"href":"http:\/\/maismagazine.pt\/index.php\/wp-json\/wp\/v2\/types\/post"}],"author":[{"embeddable":true,"href":"http:\/\/maismagazine.pt\/index.php\/wp-json\/wp\/v2\/users\/7"}],"replies":[{"embeddable":true,"href":"http:\/\/maismagazine.pt\/index.php\/wp-json\/wp\/v2\/comments?post=2566"}],"version-history":[{"count":1,"href":"http:\/\/maismagazine.pt\/index.php\/wp-json\/wp\/v2\/posts\/2566\/revisions"}],"predecessor-version":[{"id":2568,"href":"http:\/\/maismagazine.pt\/index.php\/wp-json\/wp\/v2\/posts\/2566\/revisions\/2568"}],"wp:featuredmedia":[{"embeddable":true,"href":"http:\/\/maismagazine.pt\/index.php\/wp-json\/wp\/v2\/media\/2567"}],"wp:attachment":[{"href":"http:\/\/maismagazine.pt\/index.php\/wp-json\/wp\/v2\/media?parent=2566"}],"wp:term":[{"taxonomy":"category","embeddable":true,"href":"http:\/\/maismagazine.pt\/index.php\/wp-json\/wp\/v2\/categories?post=2566"},{"taxonomy":"post_tag","embeddable":true,"href":"http:\/\/maismagazine.pt\/index.php\/wp-json\/wp\/v2\/tags?post=2566"}],"curies":[{"name":"wp","href":"https:\/\/api.w.org\/{rel}","templated":true}]}}