{"id":2553,"date":"2022-03-18T09:52:08","date_gmt":"2022-03-18T09:52:08","guid":{"rendered":"https:\/\/maismagazine.pt\/?p=2553"},"modified":"2022-03-18T09:52:08","modified_gmt":"2022-03-18T09:52:08","slug":"a-beleza-da-montanha-de-maos-dadas-com-a-saude-e-bem-estar","status":"publish","type":"post","link":"http:\/\/maismagazine.pt\/index.php\/2022\/03\/18\/a-beleza-da-montanha-de-maos-dadas-com-a-saude-e-bem-estar\/","title":{"rendered":"\u201cA beleza da montanha de m\u00e3os dadas com a Sa\u00fade e Bem-Estar\u201d"},"content":{"rendered":"\n<p><\/p>\n\n\n\n<p><strong>\u00c9 no meio das bacias hidrogr\u00e1ficas do Vouga e do Paiva que nasce um dos maiores tesouros de Castro Daire, as <a href=\"http:\/\/termasdocarvalhal.com\/\">Termas do Carvalhal<\/a>. Gra\u00e7as \u00e0s caracter\u00edsticas \u00fanicas das suas \u00e1guas fracamente mineralizadas, as Termas do Carvalhal disponibilizam in\u00fameros tratamentos e programas na \u00e1rea da sa\u00fade e bem-estar. O local ideal para quem pretende usufruir de momentos de pura descontra\u00e7\u00e3o, num ambiente de simbiose perfeita entre a natureza e homem.<\/strong><\/p>\n\n\n\n<p><\/p>\n\n\n\n<p>As \u00e1guas medicinais das Termas do Carvalhal s\u00e3o reconhecidas e usadas h\u00e1 j\u00e1 v\u00e1rios s\u00e9culos. S\u00e3o captadas a 600 metros de profundidade e emergem \u00e0 superf\u00edcie a uma temperatura natural de 62\u00ba graus cent\u00edgrados. Sulf\u00farea, bicarbonatada, s\u00f3dica e fluoretada, com um Ph de 9.3, esta \u00e1gua termal pertence a um grupo designado por \u00e1guas sulf\u00fareas, sendo o enxofre o elemento respons\u00e1vel pelo seu cheiro caracter\u00edstico. Vocacionadas para tratamentos de doen\u00e7as reumatol\u00f3gicas e m\u00fasculo-esquel\u00e9ticas, das vias respirat\u00f3rias, da pele e do aparelho digestivo, as \u00e1guas termais do Carvalhal s\u00e3o procuradas anualmente por centenas de aquistas que aqui v\u00eam tirar proveito das suas reconhecidas propriedades terap\u00eauticas. \u201c\u00c9 gra\u00e7as a estas caracter\u00edsticas f\u00edsico-qu\u00edmicas que as Termas do Carvalhal t\u00eam conseguido, ao longo dos \u00faltimos anos, inovar e diversificar a sua oferta termal, potenciando ao m\u00e1ximo as  suas indica\u00e7\u00f5es terap\u00eauticas, seja no tratamento de uma patologia espec\u00edfica, seja no sentido de desfrutar de pequenos momentos de bem-estar\u201d, explica Pedro Pontes, Vereador da C\u00e2mara Municipal de Castro Daire.<\/p>\n\n\n\n<figure class=\"wp-block-image size-large is-resized\"><img loading=\"lazy\" decoding=\"async\" src=\"https:\/\/maismagazine.pt\/wp-content\/uploads\/2022\/03\/Massagem-Local-1024x683.jpg\" alt=\"\" class=\"wp-image-2555\" width=\"380\" height=\"253\" srcset=\"http:\/\/maismagazine.pt\/wp-content\/uploads\/2022\/03\/Massagem-Local-1024x683.jpg 1024w, http:\/\/maismagazine.pt\/wp-content\/uploads\/2022\/03\/Massagem-Local-300x200.jpg 300w, http:\/\/maismagazine.pt\/wp-content\/uploads\/2022\/03\/Massagem-Local-768x512.jpg 768w, http:\/\/maismagazine.pt\/wp-content\/uploads\/2022\/03\/Massagem-Local-1536x1024.jpg 1536w, http:\/\/maismagazine.pt\/wp-content\/uploads\/2022\/03\/Massagem-Local-2048x1365.jpg 2048w, http:\/\/maismagazine.pt\/wp-content\/uploads\/2022\/03\/Massagem-Local-150x100.jpg 150w\" sizes=\"auto, (max-width: 380px) 100vw, 380px\" \/><\/figure>\n\n\n\n<p><br>Dotadas de um moderno balne\u00e1rio, as Termas do Carvalhal disponibilizam uma oferta estruturada. Os momentos de relaxamento da agita\u00e7\u00e3o di\u00e1ria, longe dos grandes centros urbanos e perto das paisagens buc\u00f3licas e encantadas da regi\u00e3o, s\u00e3o tamb\u00e9m uma realidade nas Termas do Carvalhal, que proporcionam atrav\u00e9s dos seus programas de bem-estar e aromaterapia meios para combater o stress do quotidiano. \u201cDisponibilizamos diversos tipos de  massagens terap\u00eauticas e de relaxamento, como duche Vichy, massagem de aromaterapia, massagem com pedras quentes, drenagens linf\u00e1ticas, hidromassagem, vapores, ou at\u00e9 eletroterapia\u201d, enumera. Gra\u00e7as a um corpo t\u00e9cnico altamente competente e qualificado, as Termas do Carvalhal possibilitam um atendimento personalizado e \u00e0 medida das necessidades de cada cliente. Uma val\u00eancia que adquire especial import\u00e2ncia numa altura em que as termas t\u00eam registado maior procura, fruto dos in\u00fameros benef\u00edcios que aportam na recupera\u00e7\u00e3o das sequelas dos doentes recuperados da Covid-19. \u201cAs termas s\u00e3o um excelente aliado para estes doentes, pois as \u00e1guas termais t\u00eam uma elevada capacidade anti-inflamat\u00f3ria e regeneradora que, atrav\u00e9s de um conjunto de tratamentos termais, com supervis\u00e3o cl\u00ednica, v\u00e3o ajudar muitos deste doentes a recuperar das mazelas que a Covid-19 deixou\u201d, esclarece.<br>As Termas do Carvalhal s\u00e3o um ref\u00fagio de sa\u00fade e bem-estar, envolvido por um territ\u00f3rio m\u00e1gico. Visitar as Termas do Carvalhal n\u00e3o \u00e9 apenas desfrutar de uma experi\u00eancia termal \u00edmpar. \u00c9 tamb\u00e9m mais uma oportunidade para conhecer Castro Daire e o que de melhor tem para oferecer.<\/p>\n\n\n\n<p><\/p>\n\n\n","protected":false},"excerpt":{"rendered":"<p>\u00c9 no meio das bacias hidrogr\u00e1ficas do Vouga e do Paiva que nasce um dos maiores tesouros de Castro Daire, as Termas do Carvalhal. Gra\u00e7as \u00e0s caracter\u00edsticas \u00fanicas das suas \u00e1guas fracamente mineralizadas, as Termas do Carvalhal disponibilizam in\u00fameros tratamentos e programas na \u00e1rea da sa\u00fade e bem-estar. O local&hellip;<\/p>\n","protected":false},"author":7,"featured_media":2554,"comment_status":"open","ping_status":"open","sticky":false,"template":"","format":"standard","meta":{"advgb_blocks_editor_width":"","advgb_blocks_columns_visual_guide":"","_monsterinsights_skip_tracking":false,"_monsterinsights_sitenote_active":false,"_monsterinsights_sitenote_note":"","_monsterinsights_sitenote_category":0,"footnotes":""},"categories":[1,161,313],"tags":[473,474,457,475],"class_list":["post-2553","post","type-post","status-publish","format-standard","has-post-thumbnail","hentry","category-atualidade","category-mundo-empresarial","category-saude","tag-aguas-medicinais-2","tag-bem-estar-2","tag-saude","tag-termas-do-carvalhal"],"yoast_head":"<!-- This site is optimized with the Yoast SEO plugin v24.4 - https:\/\/yoast.com\/wordpress\/plugins\/seo\/ -->\n<title>\u201cA beleza da montanha de m\u00e3os dadas com a Sa\u00fade e Bem-Estar\u201d - Mais Magazine<\/title>\n<meta name=\"description\" content=\"Termas do Carvalhal\" \/>\n<meta name=\"robots\" content=\"index, follow, max-snippet:-1, max-image-preview:large, max-video-preview:-1\" \/>\n<link rel=\"canonical\" href=\"http:\/\/maismagazine.pt\/index.php\/2022\/03\/18\/a-beleza-da-montanha-de-maos-dadas-com-a-saude-e-bem-estar\/\" \/>\n<meta property=\"og:locale\" content=\"pt_PT\" \/>\n<meta property=\"og:type\" content=\"article\" \/>\n<meta property=\"og:title\" content=\"\u201cA beleza da montanha de m\u00e3os dadas com a Sa\u00fade e Bem-Estar\u201d - Mais Magazine\" \/>\n<meta property=\"og:description\" content=\"Termas do Carvalhal\" \/>\n<meta property=\"og:url\" content=\"http:\/\/maismagazine.pt\/index.php\/2022\/03\/18\/a-beleza-da-montanha-de-maos-dadas-com-a-saude-e-bem-estar\/\" \/>\n<meta property=\"og:site_name\" content=\"Mais Magazine\" \/>\n<meta property=\"article:published_time\" content=\"2022-03-18T09:52:08+00:00\" \/>\n<meta property=\"og:image\" content=\"http:\/\/maismagazine.pt\/wp-content\/uploads\/2022\/03\/IMG_0008-scaled.jpg\" \/>\n\t<meta property=\"og:image:width\" content=\"2560\" \/>\n\t<meta property=\"og:image:height\" content=\"1707\" \/>\n\t<meta property=\"og:image:type\" content=\"image\/jpeg\" \/>\n<meta name=\"author\" content=\"Jo\u00e3o Malainho\" \/>\n<meta name=\"twitter:card\" content=\"summary_large_image\" \/>\n<meta name=\"twitter:label1\" content=\"Escrito por\" \/>\n\t<meta name=\"twitter:data1\" content=\"\" \/>\n\t<meta name=\"twitter:label2\" content=\"Tempo estimado de leitura\" \/>\n\t<meta name=\"twitter:data2\" content=\"3 minutos\" \/>\n<script type=\"application\/ld+json\" class=\"yoast-schema-graph\">{\"@context\":\"https:\/\/schema.org\",\"@graph\":[{\"@type\":\"Article\",\"@id\":\"http:\/\/maismagazine.pt\/index.php\/2022\/03\/18\/a-beleza-da-montanha-de-maos-dadas-com-a-saude-e-bem-estar\/#article\",\"isPartOf\":{\"@id\":\"http:\/\/maismagazine.pt\/index.php\/2022\/03\/18\/a-beleza-da-montanha-de-maos-dadas-com-a-saude-e-bem-estar\/\"},\"author\":{\"name\":\"Jo\u00e3o Malainho\",\"@id\":\"https:\/\/maismagazine.pt\/#\/schema\/person\/999bd426f894ff56d397ec12ebd21ebb\"},\"headline\":\"\u201cA beleza da montanha de m\u00e3os dadas com a Sa\u00fade e Bem-Estar\u201d\",\"datePublished\":\"2022-03-18T09:52:08+00:00\",\"mainEntityOfPage\":{\"@id\":\"http:\/\/maismagazine.pt\/index.php\/2022\/03\/18\/a-beleza-da-montanha-de-maos-dadas-com-a-saude-e-bem-estar\/\"},\"wordCount\":540,\"commentCount\":0,\"publisher\":{\"@id\":\"https:\/\/maismagazine.pt\/#organization\"},\"image\":{\"@id\":\"http:\/\/maismagazine.pt\/index.php\/2022\/03\/18\/a-beleza-da-montanha-de-maos-dadas-com-a-saude-e-bem-estar\/#primaryimage\"},\"thumbnailUrl\":\"http:\/\/maismagazine.pt\/wp-content\/uploads\/2022\/03\/IMG_0008-scaled.jpg\",\"keywords\":[\"aguas medicinais\",\"bem -estar\",\"sa\u00fade\",\"Termas do Carvalhal\"],\"articleSection\":[\"Atualidade\",\"Mundo Empresarial\",\"Sa\u00fade\"],\"inLanguage\":\"pt-PT\",\"potentialAction\":[{\"@type\":\"CommentAction\",\"name\":\"Comment\",\"target\":[\"http:\/\/maismagazine.pt\/index.php\/2022\/03\/18\/a-beleza-da-montanha-de-maos-dadas-com-a-saude-e-bem-estar\/#respond\"]}]},{\"@type\":\"WebPage\",\"@id\":\"http:\/\/maismagazine.pt\/index.php\/2022\/03\/18\/a-beleza-da-montanha-de-maos-dadas-com-a-saude-e-bem-estar\/\",\"url\":\"http:\/\/maismagazine.pt\/index.php\/2022\/03\/18\/a-beleza-da-montanha-de-maos-dadas-com-a-saude-e-bem-estar\/\",\"name\":\"\u201cA beleza da montanha de m\u00e3os dadas com a Sa\u00fade e Bem-Estar\u201d - Mais Magazine\",\"isPartOf\":{\"@id\":\"https:\/\/maismagazine.pt\/#website\"},\"primaryImageOfPage\":{\"@id\":\"http:\/\/maismagazine.pt\/index.php\/2022\/03\/18\/a-beleza-da-montanha-de-maos-dadas-com-a-saude-e-bem-estar\/#primaryimage\"},\"image\":{\"@id\":\"http:\/\/maismagazine.pt\/index.php\/2022\/03\/18\/a-beleza-da-montanha-de-maos-dadas-com-a-saude-e-bem-estar\/#primaryimage\"},\"thumbnailUrl\":\"http:\/\/maismagazine.pt\/wp-content\/uploads\/2022\/03\/IMG_0008-scaled.jpg\",\"datePublished\":\"2022-03-18T09:52:08+00:00\",\"description\":\"Termas do Carvalhal\",\"breadcrumb\":{\"@id\":\"http:\/\/maismagazine.pt\/index.php\/2022\/03\/18\/a-beleza-da-montanha-de-maos-dadas-com-a-saude-e-bem-estar\/#breadcrumb\"},\"inLanguage\":\"pt-PT\",\"potentialAction\":[{\"@type\":\"ReadAction\",\"target\":[\"http:\/\/maismagazine.pt\/index.php\/2022\/03\/18\/a-beleza-da-montanha-de-maos-dadas-com-a-saude-e-bem-estar\/\"]}]},{\"@type\":\"ImageObject\",\"inLanguage\":\"pt-PT\",\"@id\":\"http:\/\/maismagazine.pt\/index.php\/2022\/03\/18\/a-beleza-da-montanha-de-maos-dadas-com-a-saude-e-bem-estar\/#primaryimage\",\"url\":\"http:\/\/maismagazine.pt\/wp-content\/uploads\/2022\/03\/IMG_0008-scaled.jpg\",\"contentUrl\":\"http:\/\/maismagazine.pt\/wp-content\/uploads\/2022\/03\/IMG_0008-scaled.jpg\",\"width\":2560,\"height\":1707},{\"@type\":\"BreadcrumbList\",\"@id\":\"http:\/\/maismagazine.pt\/index.php\/2022\/03\/18\/a-beleza-da-montanha-de-maos-dadas-com-a-saude-e-bem-estar\/#breadcrumb\",\"itemListElement\":[{\"@type\":\"ListItem\",\"position\":1,\"name\":\"Home\",\"item\":\"https:\/\/maismagazine.pt\/\"},{\"@type\":\"ListItem\",\"position\":2,\"name\":\"\u201cA beleza da montanha de m\u00e3os dadas com a Sa\u00fade e Bem-Estar\u201d\"}]},{\"@type\":\"WebSite\",\"@id\":\"https:\/\/maismagazine.pt\/#website\",\"url\":\"https:\/\/maismagazine.pt\/\",\"name\":\"Mais Magazine\",\"description\":\"\",\"publisher\":{\"@id\":\"https:\/\/maismagazine.pt\/#organization\"},\"potentialAction\":[{\"@type\":\"SearchAction\",\"target\":{\"@type\":\"EntryPoint\",\"urlTemplate\":\"https:\/\/maismagazine.pt\/?s={search_term_string}\"},\"query-input\":{\"@type\":\"PropertyValueSpecification\",\"valueRequired\":true,\"valueName\":\"search_term_string\"}}],\"inLanguage\":\"pt-PT\"},{\"@type\":\"Organization\",\"@id\":\"https:\/\/maismagazine.pt\/#organization\",\"name\":\"Mais Magazine\",\"url\":\"https:\/\/maismagazine.pt\/\",\"logo\":{\"@type\":\"ImageObject\",\"inLanguage\":\"pt-PT\",\"@id\":\"https:\/\/maismagazine.pt\/#\/schema\/logo\/image\/\",\"url\":\"http:\/\/maismagazine.pt\/wp-content\/uploads\/2020\/04\/cropped-cropped-mais-magazine-site-logo-2.png\",\"contentUrl\":\"http:\/\/maismagazine.pt\/wp-content\/uploads\/2020\/04\/cropped-cropped-mais-magazine-site-logo-2.png\",\"width\":581,\"height\":90,\"caption\":\"Mais Magazine\"},\"image\":{\"@id\":\"https:\/\/maismagazine.pt\/#\/schema\/logo\/image\/\"}},{\"@type\":\"Person\",\"@id\":\"https:\/\/maismagazine.pt\/#\/schema\/person\/999bd426f894ff56d397ec12ebd21ebb\",\"name\":\"Jo\u00e3o Malainho\",\"image\":{\"@type\":\"ImageObject\",\"inLanguage\":\"pt-PT\",\"@id\":\"https:\/\/maismagazine.pt\/#\/schema\/person\/image\/\",\"url\":\"https:\/\/secure.gravatar.com\/avatar\/ff03c2f38edf60b2a827aa4f74878491?s=96&d=mm&r=g\",\"contentUrl\":\"https:\/\/secure.gravatar.com\/avatar\/ff03c2f38edf60b2a827aa4f74878491?s=96&d=mm&r=g\",\"caption\":\"Jo\u00e3o Malainho\"},\"url\":\"http:\/\/maismagazine.pt\/index.php\/author\/maismagazine\/\"}]}<\/script>\n<!-- \/ Yoast SEO plugin. -->","yoast_head_json":{"title":"\u201cA beleza da montanha de m\u00e3os dadas com a Sa\u00fade e Bem-Estar\u201d - Mais Magazine","description":"Termas do Carvalhal","robots":{"index":"index","follow":"follow","max-snippet":"max-snippet:-1","max-image-preview":"max-image-preview:large","max-video-preview":"max-video-preview:-1"},"canonical":"http:\/\/maismagazine.pt\/index.php\/2022\/03\/18\/a-beleza-da-montanha-de-maos-dadas-com-a-saude-e-bem-estar\/","og_locale":"pt_PT","og_type":"article","og_title":"\u201cA beleza da montanha de m\u00e3os dadas com a Sa\u00fade e Bem-Estar\u201d - Mais Magazine","og_description":"Termas do Carvalhal","og_url":"http:\/\/maismagazine.pt\/index.php\/2022\/03\/18\/a-beleza-da-montanha-de-maos-dadas-com-a-saude-e-bem-estar\/","og_site_name":"Mais Magazine","article_published_time":"2022-03-18T09:52:08+00:00","og_image":[{"width":2560,"height":1707,"url":"http:\/\/maismagazine.pt\/wp-content\/uploads\/2022\/03\/IMG_0008-scaled.jpg","type":"image\/jpeg"}],"author":"Jo\u00e3o Malainho","twitter_card":"summary_large_image","twitter_misc":{"Escrito por":false,"Tempo estimado de leitura":"3 minutos"},"schema":{"@context":"https:\/\/schema.org","@graph":[{"@type":"Article","@id":"http:\/\/maismagazine.pt\/index.php\/2022\/03\/18\/a-beleza-da-montanha-de-maos-dadas-com-a-saude-e-bem-estar\/#article","isPartOf":{"@id":"http:\/\/maismagazine.pt\/index.php\/2022\/03\/18\/a-beleza-da-montanha-de-maos-dadas-com-a-saude-e-bem-estar\/"},"author":{"name":"Jo\u00e3o Malainho","@id":"https:\/\/maismagazine.pt\/#\/schema\/person\/999bd426f894ff56d397ec12ebd21ebb"},"headline":"\u201cA beleza da montanha de m\u00e3os dadas com a Sa\u00fade e Bem-Estar\u201d","datePublished":"2022-03-18T09:52:08+00:00","mainEntityOfPage":{"@id":"http:\/\/maismagazine.pt\/index.php\/2022\/03\/18\/a-beleza-da-montanha-de-maos-dadas-com-a-saude-e-bem-estar\/"},"wordCount":540,"commentCount":0,"publisher":{"@id":"https:\/\/maismagazine.pt\/#organization"},"image":{"@id":"http:\/\/maismagazine.pt\/index.php\/2022\/03\/18\/a-beleza-da-montanha-de-maos-dadas-com-a-saude-e-bem-estar\/#primaryimage"},"thumbnailUrl":"http:\/\/maismagazine.pt\/wp-content\/uploads\/2022\/03\/IMG_0008-scaled.jpg","keywords":["aguas medicinais","bem -estar","sa\u00fade","Termas do Carvalhal"],"articleSection":["Atualidade","Mundo Empresarial","Sa\u00fade"],"inLanguage":"pt-PT","potentialAction":[{"@type":"CommentAction","name":"Comment","target":["http:\/\/maismagazine.pt\/index.php\/2022\/03\/18\/a-beleza-da-montanha-de-maos-dadas-com-a-saude-e-bem-estar\/#respond"]}]},{"@type":"WebPage","@id":"http:\/\/maismagazine.pt\/index.php\/2022\/03\/18\/a-beleza-da-montanha-de-maos-dadas-com-a-saude-e-bem-estar\/","url":"http:\/\/maismagazine.pt\/index.php\/2022\/03\/18\/a-beleza-da-montanha-de-maos-dadas-com-a-saude-e-bem-estar\/","name":"\u201cA beleza da montanha de m\u00e3os dadas com a Sa\u00fade e Bem-Estar\u201d - Mais Magazine","isPartOf":{"@id":"https:\/\/maismagazine.pt\/#website"},"primaryImageOfPage":{"@id":"http:\/\/maismagazine.pt\/index.php\/2022\/03\/18\/a-beleza-da-montanha-de-maos-dadas-com-a-saude-e-bem-estar\/#primaryimage"},"image":{"@id":"http:\/\/maismagazine.pt\/index.php\/2022\/03\/18\/a-beleza-da-montanha-de-maos-dadas-com-a-saude-e-bem-estar\/#primaryimage"},"thumbnailUrl":"http:\/\/maismagazine.pt\/wp-content\/uploads\/2022\/03\/IMG_0008-scaled.jpg","datePublished":"2022-03-18T09:52:08+00:00","description":"Termas do Carvalhal","breadcrumb":{"@id":"http:\/\/maismagazine.pt\/index.php\/2022\/03\/18\/a-beleza-da-montanha-de-maos-dadas-com-a-saude-e-bem-estar\/#breadcrumb"},"inLanguage":"pt-PT","potentialAction":[{"@type":"ReadAction","target":["http:\/\/maismagazine.pt\/index.php\/2022\/03\/18\/a-beleza-da-montanha-de-maos-dadas-com-a-saude-e-bem-estar\/"]}]},{"@type":"ImageObject","inLanguage":"pt-PT","@id":"http:\/\/maismagazine.pt\/index.php\/2022\/03\/18\/a-beleza-da-montanha-de-maos-dadas-com-a-saude-e-bem-estar\/#primaryimage","url":"http:\/\/maismagazine.pt\/wp-content\/uploads\/2022\/03\/IMG_0008-scaled.jpg","contentUrl":"http:\/\/maismagazine.pt\/wp-content\/uploads\/2022\/03\/IMG_0008-scaled.jpg","width":2560,"height":1707},{"@type":"BreadcrumbList","@id":"http:\/\/maismagazine.pt\/index.php\/2022\/03\/18\/a-beleza-da-montanha-de-maos-dadas-com-a-saude-e-bem-estar\/#breadcrumb","itemListElement":[{"@type":"ListItem","position":1,"name":"Home","item":"https:\/\/maismagazine.pt\/"},{"@type":"ListItem","position":2,"name":"\u201cA beleza da montanha de m\u00e3os dadas com a Sa\u00fade e Bem-Estar\u201d"}]},{"@type":"WebSite","@id":"https:\/\/maismagazine.pt\/#website","url":"https:\/\/maismagazine.pt\/","name":"Mais Magazine","description":"","publisher":{"@id":"https:\/\/maismagazine.pt\/#organization"},"potentialAction":[{"@type":"SearchAction","target":{"@type":"EntryPoint","urlTemplate":"https:\/\/maismagazine.pt\/?s={search_term_string}"},"query-input":{"@type":"PropertyValueSpecification","valueRequired":true,"valueName":"search_term_string"}}],"inLanguage":"pt-PT"},{"@type":"Organization","@id":"https:\/\/maismagazine.pt\/#organization","name":"Mais Magazine","url":"https:\/\/maismagazine.pt\/","logo":{"@type":"ImageObject","inLanguage":"pt-PT","@id":"https:\/\/maismagazine.pt\/#\/schema\/logo\/image\/","url":"http:\/\/maismagazine.pt\/wp-content\/uploads\/2020\/04\/cropped-cropped-mais-magazine-site-logo-2.png","contentUrl":"http:\/\/maismagazine.pt\/wp-content\/uploads\/2020\/04\/cropped-cropped-mais-magazine-site-logo-2.png","width":581,"height":90,"caption":"Mais Magazine"},"image":{"@id":"https:\/\/maismagazine.pt\/#\/schema\/logo\/image\/"}},{"@type":"Person","@id":"https:\/\/maismagazine.pt\/#\/schema\/person\/999bd426f894ff56d397ec12ebd21ebb","name":"Jo\u00e3o Malainho","image":{"@type":"ImageObject","inLanguage":"pt-PT","@id":"https:\/\/maismagazine.pt\/#\/schema\/person\/image\/","url":"https:\/\/secure.gravatar.com\/avatar\/ff03c2f38edf60b2a827aa4f74878491?s=96&d=mm&r=g","contentUrl":"https:\/\/secure.gravatar.com\/avatar\/ff03c2f38edf60b2a827aa4f74878491?s=96&d=mm&r=g","caption":"Jo\u00e3o Malainho"},"url":"http:\/\/maismagazine.pt\/index.php\/author\/maismagazine\/"}]}},"author_meta":{"display_name":false,"author_link":"http:\/\/maismagazine.pt\/index.php\/author\/maismagazine\/"},"featured_img":"http:\/\/maismagazine.pt\/wp-content\/uploads\/2022\/03\/IMG_0008-300x200.jpg","coauthors":[],"tax_additional":{"categories":{"linked":["<a href=\"http:\/\/maismagazine.pt\/index.php\/category\/atualidade\/\" class=\"advgb-post-tax-term\">Atualidade<\/a>","<a href=\"http:\/\/maismagazine.pt\/index.php\/category\/mundo-empresarial\/\" class=\"advgb-post-tax-term\">Mundo Empresarial<\/a>","<a href=\"http:\/\/maismagazine.pt\/index.php\/category\/mundo-empresarial\/saude\/\" class=\"advgb-post-tax-term\">Sa\u00fade<\/a>"],"unlinked":["<span class=\"advgb-post-tax-term\">Atualidade<\/span>","<span class=\"advgb-post-tax-term\">Mundo Empresarial<\/span>","<span class=\"advgb-post-tax-term\">Sa\u00fade<\/span>"]},"tags":{"linked":["<a href=\"http:\/\/maismagazine.pt\/index.php\/category\/mundo-empresarial\/saude\/\" class=\"advgb-post-tax-term\">aguas medicinais<\/a>","<a href=\"http:\/\/maismagazine.pt\/index.php\/category\/mundo-empresarial\/saude\/\" class=\"advgb-post-tax-term\">bem -estar<\/a>","<a href=\"http:\/\/maismagazine.pt\/index.php\/category\/mundo-empresarial\/saude\/\" class=\"advgb-post-tax-term\">sa\u00fade<\/a>","<a href=\"http:\/\/maismagazine.pt\/index.php\/category\/mundo-empresarial\/saude\/\" class=\"advgb-post-tax-term\">Termas do Carvalhal<\/a>"],"unlinked":["<span class=\"advgb-post-tax-term\">aguas medicinais<\/span>","<span class=\"advgb-post-tax-term\">bem -estar<\/span>","<span class=\"advgb-post-tax-term\">sa\u00fade<\/span>","<span class=\"advgb-post-tax-term\">Termas do Carvalhal<\/span>"]}},"comment_count":"0","relative_dates":{"created":"Posted 4 anos ago","modified":"Updated 4 anos ago"},"absolute_dates":{"created":"Posted on 18 de Mar\u00e7o, 2022","modified":"Updated on 18 de Mar\u00e7o, 2022"},"absolute_dates_time":{"created":"Posted on 18 de Mar\u00e7o, 2022 9:52","modified":"Updated on 18 de Mar\u00e7o, 2022 9:52"},"featured_img_caption":"","series_order":"","_links":{"self":[{"href":"http:\/\/maismagazine.pt\/index.php\/wp-json\/wp\/v2\/posts\/2553","targetHints":{"allow":["GET"]}}],"collection":[{"href":"http:\/\/maismagazine.pt\/index.php\/wp-json\/wp\/v2\/posts"}],"about":[{"href":"http:\/\/maismagazine.pt\/index.php\/wp-json\/wp\/v2\/types\/post"}],"author":[{"embeddable":true,"href":"http:\/\/maismagazine.pt\/index.php\/wp-json\/wp\/v2\/users\/7"}],"replies":[{"embeddable":true,"href":"http:\/\/maismagazine.pt\/index.php\/wp-json\/wp\/v2\/comments?post=2553"}],"version-history":[{"count":1,"href":"http:\/\/maismagazine.pt\/index.php\/wp-json\/wp\/v2\/posts\/2553\/revisions"}],"predecessor-version":[{"id":2556,"href":"http:\/\/maismagazine.pt\/index.php\/wp-json\/wp\/v2\/posts\/2553\/revisions\/2556"}],"wp:featuredmedia":[{"embeddable":true,"href":"http:\/\/maismagazine.pt\/index.php\/wp-json\/wp\/v2\/media\/2554"}],"wp:attachment":[{"href":"http:\/\/maismagazine.pt\/index.php\/wp-json\/wp\/v2\/media?parent=2553"}],"wp:term":[{"taxonomy":"category","embeddable":true,"href":"http:\/\/maismagazine.pt\/index.php\/wp-json\/wp\/v2\/categories?post=2553"},{"taxonomy":"post_tag","embeddable":true,"href":"http:\/\/maismagazine.pt\/index.php\/wp-json\/wp\/v2\/tags?post=2553"}],"curies":[{"name":"wp","href":"https:\/\/api.w.org\/{rel}","templated":true}]}}