{"id":2526,"date":"2022-03-18T07:00:00","date_gmt":"2022-03-18T07:00:00","guid":{"rendered":"https:\/\/maismagazine.pt\/?p=2526"},"modified":"2022-03-18T09:57:06","modified_gmt":"2022-03-18T09:57:06","slug":"relaxe-na-natureza-com-as-termas-de-manteigas","status":"publish","type":"post","link":"http:\/\/maismagazine.pt\/index.php\/2022\/03\/18\/relaxe-na-natureza-com-as-termas-de-manteigas\/","title":{"rendered":"Relaxe na Natureza com as Termas de Manteigas"},"content":{"rendered":"\n<p><\/p>\n\n\n\n<p><strong>\u00c9 necess\u00e1rio recuar alguns s\u00e9culos no tempo para encontrar a primeira refer\u00eancia, de que se tem conhecimento, \u00e0s <a href=\"https:\/\/termascentro.pt\/pt\/termas\/distrito-da-guarda\/termas-de-manteigas\">Termas de Manteigas<\/a>. Em 1726 Francisco Henriques faz a primeira alus\u00e3o a estas \u00e1guas sulf\u00fareas com \u201cvirtude para curar achaques cut\u00e2neos e para queixas espuriais de nervos e juntas\u201d. Hoje, quase tr\u00eas s\u00e9culos depois, a \u00e1gua mineral das Termas de Manteigas continua a ser utilizada por milhares de aquistas para curar doen\u00e7as respirat\u00f3rias, m\u00fasculo-esquel\u00e9ticas e reum\u00e1ticas.<\/strong><\/p>\n\n\n\n<p><\/p>\n\n\n\n<p>Reconhecido como o \u201cCora\u00e7\u00e3o da Serra da Estrela\u201d, o concelho de Manteigas \u00e9 um tesouro beir\u00e3o por descobrir. Aqui, perdem-se de vista paisagens deslumbrantes recortadas pelas montanhas, ora pintadas de verde, ora pintadas de um branco sublime, nos meses de inverno, ora em tons de dourado, na esta\u00e7\u00e3o do outono. N\u00e3o admira que este seja um local apraz\u00edvel para visitar, em momentos de lazer. Por\u00e9m, a regi\u00e3o \u00e9 tamb\u00e9m, cada vez mais, um destino de excel\u00eancia para relaxar e cuidar da sua sa\u00fade, gra\u00e7as \u00e0s \u00e1guas sulfurosas que brotam de tr\u00eas nascentes distintas no concelho. Inseridas na denominada \u201cRegi\u00e3o Hidrotermal de Montanha\u201d, as \u00e1guas minerais das Termas de Manteigas s\u00e3o captadas a uma profundidade de 100 metros, o que lhes garante a sua pureza bacteriol\u00f3gica e estabilidade f\u00edsico-qu\u00edmica.<br>A est\u00e2ncia termal localizada na regi\u00e3o, permite que milhares de aquistas possam usufruir dos in\u00fameros benef\u00edcios medicinais destas \u00e1guas indicadas para o tratamento de v\u00e1rias  doen\u00e7as e patologias do aparelho respirat\u00f3rio, reum\u00e1ticas e m\u00fasculo-esquel\u00e9ticas. Com um moderno e funcional balne\u00e1rio termal, as Termas de Manteigas encontram-se sofisticadamente equipadas com as mais recentes tecnologias que lhe permitem conjugar o termalismo terap\u00eautico com servi\u00e7os de bem-estar termal. Hoje, quem visite este espa\u00e7o poder\u00e1 efetuar tratamentos termais por quest\u00f5es de sa\u00fade ou de preven\u00e7\u00e3o, mediante acompanhamento m\u00e9dico especializado, e usufruir de programas de bem-estar, devidamente preparados para proporcionar momentos de relaxamento aliados \u00e0s qualidades \u00edmpares desta \u00e1gua termal. Equipado com piscina de hidromassagem, duche vichy, duche escoc\u00eas e hidromassagem computorizada, este complexo termal tem exatamente o que precisa para revigorar corpo e mente. <\/p>\n\n\n\n<p>E porque n\u00e3o h\u00e1 nada melhor que aliar a sa\u00fade ao descanso, a est\u00e2ncia termal conta ainda com uma unidade hoteleira devidamente equipada e pronta a receber todos os seus visitantes. J\u00e1 agora, aproveite a estadia para conhecer um pouco melhor esta regi\u00e3o. Programas de natureza n\u00e3o ir\u00e3o faltar, ou n\u00e3o estiv\u00e9ssemos em pleno Parque Natural da Serra da Estrela. A saborosa gastronomia tamb\u00e9m \u00e9 garantida. N\u00e3o perca mais tempo. Visite o \u201cCora\u00e7\u00e3o da Serra da Estrela\u201d e deixe-se surpreender pela sua envolv\u00eancia. Prometemos que n\u00e3o se vai arrepender.<\/p>\n\n\n\n<p><\/p>\n","protected":false},"excerpt":{"rendered":"<p>\u00c9 necess\u00e1rio recuar alguns s\u00e9culos no tempo para encontrar a primeira refer\u00eancia, de que se tem conhecimento, \u00e0s Termas de Manteigas. Em 1726 Francisco Henriques faz a primeira alus\u00e3o a estas \u00e1guas sulf\u00fareas com \u201cvirtude para curar achaques cut\u00e2neos e para queixas espuriais de nervos e juntas\u201d. Hoje, quase tr\u00eas&hellip;<\/p>\n","protected":false},"author":7,"featured_media":2527,"comment_status":"open","ping_status":"open","sticky":false,"template":"","format":"standard","meta":{"advgb_blocks_editor_width":"","advgb_blocks_columns_visual_guide":"","_monsterinsights_skip_tracking":false,"_monsterinsights_sitenote_active":false,"_monsterinsights_sitenote_note":"","_monsterinsights_sitenote_category":0,"footnotes":""},"categories":[6,161,313],"tags":[397,467,305,453,468],"class_list":["post-2526","post","type-post","status-publish","format-standard","has-post-thumbnail","hentry","category-empreendedorismo","category-mundo-empresarial","category-saude","tag-descanso","tag-hotelaria","tag-natureza","tag-termas","tag-termas-de-manteigas"],"yoast_head":"<!-- This site is optimized with the Yoast SEO plugin v24.4 - https:\/\/yoast.com\/wordpress\/plugins\/seo\/ -->\n<title>Relaxe na Natureza com as Termas de Manteigas - Mais Magazine<\/title>\n<meta name=\"description\" content=\"Relaxe na Natureza com as Termas de Manteigas\" \/>\n<meta name=\"robots\" content=\"index, follow, max-snippet:-1, max-image-preview:large, max-video-preview:-1\" \/>\n<link rel=\"canonical\" href=\"http:\/\/maismagazine.pt\/index.php\/2022\/03\/18\/relaxe-na-natureza-com-as-termas-de-manteigas\/\" \/>\n<meta property=\"og:locale\" content=\"pt_PT\" \/>\n<meta property=\"og:type\" content=\"article\" \/>\n<meta property=\"og:title\" content=\"Relaxe na Natureza com as Termas de Manteigas - Mais Magazine\" \/>\n<meta property=\"og:description\" content=\"Relaxe na Natureza com as Termas de Manteigas\" \/>\n<meta property=\"og:url\" content=\"http:\/\/maismagazine.pt\/index.php\/2022\/03\/18\/relaxe-na-natureza-com-as-termas-de-manteigas\/\" \/>\n<meta property=\"og:site_name\" content=\"Mais Magazine\" \/>\n<meta property=\"article:published_time\" content=\"2022-03-18T07:00:00+00:00\" \/>\n<meta property=\"article:modified_time\" content=\"2022-03-18T09:57:06+00:00\" \/>\n<meta property=\"og:image\" content=\"http:\/\/maismagazine.pt\/wp-content\/uploads\/2022\/03\/tc-13-gallery10.jpg\" \/>\n\t<meta property=\"og:image:width\" content=\"476\" \/>\n\t<meta property=\"og:image:height\" content=\"317\" \/>\n\t<meta property=\"og:image:type\" content=\"image\/jpeg\" \/>\n<meta name=\"author\" content=\"Jo\u00e3o Malainho\" \/>\n<meta name=\"twitter:card\" content=\"summary_large_image\" \/>\n<meta name=\"twitter:label1\" content=\"Escrito por\" \/>\n\t<meta name=\"twitter:data1\" content=\"\" \/>\n\t<meta name=\"twitter:label2\" content=\"Tempo estimado de leitura\" \/>\n\t<meta name=\"twitter:data2\" content=\"2 minutos\" \/>\n<script type=\"application\/ld+json\" class=\"yoast-schema-graph\">{\"@context\":\"https:\/\/schema.org\",\"@graph\":[{\"@type\":\"Article\",\"@id\":\"http:\/\/maismagazine.pt\/index.php\/2022\/03\/18\/relaxe-na-natureza-com-as-termas-de-manteigas\/#article\",\"isPartOf\":{\"@id\":\"http:\/\/maismagazine.pt\/index.php\/2022\/03\/18\/relaxe-na-natureza-com-as-termas-de-manteigas\/\"},\"author\":{\"name\":\"Jo\u00e3o Malainho\",\"@id\":\"https:\/\/maismagazine.pt\/#\/schema\/person\/999bd426f894ff56d397ec12ebd21ebb\"},\"headline\":\"Relaxe na Natureza com as Termas de Manteigas\",\"datePublished\":\"2022-03-18T07:00:00+00:00\",\"dateModified\":\"2022-03-18T09:57:06+00:00\",\"mainEntityOfPage\":{\"@id\":\"http:\/\/maismagazine.pt\/index.php\/2022\/03\/18\/relaxe-na-natureza-com-as-termas-de-manteigas\/\"},\"wordCount\":485,\"commentCount\":0,\"publisher\":{\"@id\":\"https:\/\/maismagazine.pt\/#organization\"},\"image\":{\"@id\":\"http:\/\/maismagazine.pt\/index.php\/2022\/03\/18\/relaxe-na-natureza-com-as-termas-de-manteigas\/#primaryimage\"},\"thumbnailUrl\":\"http:\/\/maismagazine.pt\/wp-content\/uploads\/2022\/03\/tc-13-gallery10.jpg\",\"keywords\":[\"descanso\",\"hotelaria\",\"natureza\",\"Termas\",\"Termas de Manteigas\"],\"articleSection\":[\"Empreendedorismo\",\"Mundo Empresarial\",\"Sa\u00fade\"],\"inLanguage\":\"pt-PT\",\"potentialAction\":[{\"@type\":\"CommentAction\",\"name\":\"Comment\",\"target\":[\"http:\/\/maismagazine.pt\/index.php\/2022\/03\/18\/relaxe-na-natureza-com-as-termas-de-manteigas\/#respond\"]}]},{\"@type\":\"WebPage\",\"@id\":\"http:\/\/maismagazine.pt\/index.php\/2022\/03\/18\/relaxe-na-natureza-com-as-termas-de-manteigas\/\",\"url\":\"http:\/\/maismagazine.pt\/index.php\/2022\/03\/18\/relaxe-na-natureza-com-as-termas-de-manteigas\/\",\"name\":\"Relaxe na Natureza com as Termas de Manteigas - Mais Magazine\",\"isPartOf\":{\"@id\":\"https:\/\/maismagazine.pt\/#website\"},\"primaryImageOfPage\":{\"@id\":\"http:\/\/maismagazine.pt\/index.php\/2022\/03\/18\/relaxe-na-natureza-com-as-termas-de-manteigas\/#primaryimage\"},\"image\":{\"@id\":\"http:\/\/maismagazine.pt\/index.php\/2022\/03\/18\/relaxe-na-natureza-com-as-termas-de-manteigas\/#primaryimage\"},\"thumbnailUrl\":\"http:\/\/maismagazine.pt\/wp-content\/uploads\/2022\/03\/tc-13-gallery10.jpg\",\"datePublished\":\"2022-03-18T07:00:00+00:00\",\"dateModified\":\"2022-03-18T09:57:06+00:00\",\"description\":\"Relaxe na Natureza com as Termas de Manteigas\",\"breadcrumb\":{\"@id\":\"http:\/\/maismagazine.pt\/index.php\/2022\/03\/18\/relaxe-na-natureza-com-as-termas-de-manteigas\/#breadcrumb\"},\"inLanguage\":\"pt-PT\",\"potentialAction\":[{\"@type\":\"ReadAction\",\"target\":[\"http:\/\/maismagazine.pt\/index.php\/2022\/03\/18\/relaxe-na-natureza-com-as-termas-de-manteigas\/\"]}]},{\"@type\":\"ImageObject\",\"inLanguage\":\"pt-PT\",\"@id\":\"http:\/\/maismagazine.pt\/index.php\/2022\/03\/18\/relaxe-na-natureza-com-as-termas-de-manteigas\/#primaryimage\",\"url\":\"http:\/\/maismagazine.pt\/wp-content\/uploads\/2022\/03\/tc-13-gallery10.jpg\",\"contentUrl\":\"http:\/\/maismagazine.pt\/wp-content\/uploads\/2022\/03\/tc-13-gallery10.jpg\",\"width\":476,\"height\":317},{\"@type\":\"BreadcrumbList\",\"@id\":\"http:\/\/maismagazine.pt\/index.php\/2022\/03\/18\/relaxe-na-natureza-com-as-termas-de-manteigas\/#breadcrumb\",\"itemListElement\":[{\"@type\":\"ListItem\",\"position\":1,\"name\":\"Home\",\"item\":\"https:\/\/maismagazine.pt\/\"},{\"@type\":\"ListItem\",\"position\":2,\"name\":\"Relaxe na Natureza com as Termas de Manteigas\"}]},{\"@type\":\"WebSite\",\"@id\":\"https:\/\/maismagazine.pt\/#website\",\"url\":\"https:\/\/maismagazine.pt\/\",\"name\":\"Mais Magazine\",\"description\":\"\",\"publisher\":{\"@id\":\"https:\/\/maismagazine.pt\/#organization\"},\"potentialAction\":[{\"@type\":\"SearchAction\",\"target\":{\"@type\":\"EntryPoint\",\"urlTemplate\":\"https:\/\/maismagazine.pt\/?s={search_term_string}\"},\"query-input\":{\"@type\":\"PropertyValueSpecification\",\"valueRequired\":true,\"valueName\":\"search_term_string\"}}],\"inLanguage\":\"pt-PT\"},{\"@type\":\"Organization\",\"@id\":\"https:\/\/maismagazine.pt\/#organization\",\"name\":\"Mais Magazine\",\"url\":\"https:\/\/maismagazine.pt\/\",\"logo\":{\"@type\":\"ImageObject\",\"inLanguage\":\"pt-PT\",\"@id\":\"https:\/\/maismagazine.pt\/#\/schema\/logo\/image\/\",\"url\":\"http:\/\/maismagazine.pt\/wp-content\/uploads\/2020\/04\/cropped-cropped-mais-magazine-site-logo-2.png\",\"contentUrl\":\"http:\/\/maismagazine.pt\/wp-content\/uploads\/2020\/04\/cropped-cropped-mais-magazine-site-logo-2.png\",\"width\":581,\"height\":90,\"caption\":\"Mais Magazine\"},\"image\":{\"@id\":\"https:\/\/maismagazine.pt\/#\/schema\/logo\/image\/\"}},{\"@type\":\"Person\",\"@id\":\"https:\/\/maismagazine.pt\/#\/schema\/person\/999bd426f894ff56d397ec12ebd21ebb\",\"name\":\"Jo\u00e3o Malainho\",\"image\":{\"@type\":\"ImageObject\",\"inLanguage\":\"pt-PT\",\"@id\":\"https:\/\/maismagazine.pt\/#\/schema\/person\/image\/\",\"url\":\"https:\/\/secure.gravatar.com\/avatar\/ff03c2f38edf60b2a827aa4f74878491?s=96&d=mm&r=g\",\"contentUrl\":\"https:\/\/secure.gravatar.com\/avatar\/ff03c2f38edf60b2a827aa4f74878491?s=96&d=mm&r=g\",\"caption\":\"Jo\u00e3o Malainho\"},\"url\":\"http:\/\/maismagazine.pt\/index.php\/author\/maismagazine\/\"}]}<\/script>\n<!-- \/ Yoast SEO plugin. -->","yoast_head_json":{"title":"Relaxe na Natureza com as Termas de Manteigas - Mais Magazine","description":"Relaxe na Natureza com as Termas de Manteigas","robots":{"index":"index","follow":"follow","max-snippet":"max-snippet:-1","max-image-preview":"max-image-preview:large","max-video-preview":"max-video-preview:-1"},"canonical":"http:\/\/maismagazine.pt\/index.php\/2022\/03\/18\/relaxe-na-natureza-com-as-termas-de-manteigas\/","og_locale":"pt_PT","og_type":"article","og_title":"Relaxe na Natureza com as Termas de Manteigas - Mais Magazine","og_description":"Relaxe na Natureza com as Termas de Manteigas","og_url":"http:\/\/maismagazine.pt\/index.php\/2022\/03\/18\/relaxe-na-natureza-com-as-termas-de-manteigas\/","og_site_name":"Mais Magazine","article_published_time":"2022-03-18T07:00:00+00:00","article_modified_time":"2022-03-18T09:57:06+00:00","og_image":[{"width":476,"height":317,"url":"http:\/\/maismagazine.pt\/wp-content\/uploads\/2022\/03\/tc-13-gallery10.jpg","type":"image\/jpeg"}],"author":"Jo\u00e3o Malainho","twitter_card":"summary_large_image","twitter_misc":{"Escrito por":false,"Tempo estimado de leitura":"2 minutos"},"schema":{"@context":"https:\/\/schema.org","@graph":[{"@type":"Article","@id":"http:\/\/maismagazine.pt\/index.php\/2022\/03\/18\/relaxe-na-natureza-com-as-termas-de-manteigas\/#article","isPartOf":{"@id":"http:\/\/maismagazine.pt\/index.php\/2022\/03\/18\/relaxe-na-natureza-com-as-termas-de-manteigas\/"},"author":{"name":"Jo\u00e3o Malainho","@id":"https:\/\/maismagazine.pt\/#\/schema\/person\/999bd426f894ff56d397ec12ebd21ebb"},"headline":"Relaxe na Natureza com as Termas de Manteigas","datePublished":"2022-03-18T07:00:00+00:00","dateModified":"2022-03-18T09:57:06+00:00","mainEntityOfPage":{"@id":"http:\/\/maismagazine.pt\/index.php\/2022\/03\/18\/relaxe-na-natureza-com-as-termas-de-manteigas\/"},"wordCount":485,"commentCount":0,"publisher":{"@id":"https:\/\/maismagazine.pt\/#organization"},"image":{"@id":"http:\/\/maismagazine.pt\/index.php\/2022\/03\/18\/relaxe-na-natureza-com-as-termas-de-manteigas\/#primaryimage"},"thumbnailUrl":"http:\/\/maismagazine.pt\/wp-content\/uploads\/2022\/03\/tc-13-gallery10.jpg","keywords":["descanso","hotelaria","natureza","Termas","Termas de Manteigas"],"articleSection":["Empreendedorismo","Mundo Empresarial","Sa\u00fade"],"inLanguage":"pt-PT","potentialAction":[{"@type":"CommentAction","name":"Comment","target":["http:\/\/maismagazine.pt\/index.php\/2022\/03\/18\/relaxe-na-natureza-com-as-termas-de-manteigas\/#respond"]}]},{"@type":"WebPage","@id":"http:\/\/maismagazine.pt\/index.php\/2022\/03\/18\/relaxe-na-natureza-com-as-termas-de-manteigas\/","url":"http:\/\/maismagazine.pt\/index.php\/2022\/03\/18\/relaxe-na-natureza-com-as-termas-de-manteigas\/","name":"Relaxe na Natureza com as Termas de Manteigas - Mais Magazine","isPartOf":{"@id":"https:\/\/maismagazine.pt\/#website"},"primaryImageOfPage":{"@id":"http:\/\/maismagazine.pt\/index.php\/2022\/03\/18\/relaxe-na-natureza-com-as-termas-de-manteigas\/#primaryimage"},"image":{"@id":"http:\/\/maismagazine.pt\/index.php\/2022\/03\/18\/relaxe-na-natureza-com-as-termas-de-manteigas\/#primaryimage"},"thumbnailUrl":"http:\/\/maismagazine.pt\/wp-content\/uploads\/2022\/03\/tc-13-gallery10.jpg","datePublished":"2022-03-18T07:00:00+00:00","dateModified":"2022-03-18T09:57:06+00:00","description":"Relaxe na Natureza com as Termas de Manteigas","breadcrumb":{"@id":"http:\/\/maismagazine.pt\/index.php\/2022\/03\/18\/relaxe-na-natureza-com-as-termas-de-manteigas\/#breadcrumb"},"inLanguage":"pt-PT","potentialAction":[{"@type":"ReadAction","target":["http:\/\/maismagazine.pt\/index.php\/2022\/03\/18\/relaxe-na-natureza-com-as-termas-de-manteigas\/"]}]},{"@type":"ImageObject","inLanguage":"pt-PT","@id":"http:\/\/maismagazine.pt\/index.php\/2022\/03\/18\/relaxe-na-natureza-com-as-termas-de-manteigas\/#primaryimage","url":"http:\/\/maismagazine.pt\/wp-content\/uploads\/2022\/03\/tc-13-gallery10.jpg","contentUrl":"http:\/\/maismagazine.pt\/wp-content\/uploads\/2022\/03\/tc-13-gallery10.jpg","width":476,"height":317},{"@type":"BreadcrumbList","@id":"http:\/\/maismagazine.pt\/index.php\/2022\/03\/18\/relaxe-na-natureza-com-as-termas-de-manteigas\/#breadcrumb","itemListElement":[{"@type":"ListItem","position":1,"name":"Home","item":"https:\/\/maismagazine.pt\/"},{"@type":"ListItem","position":2,"name":"Relaxe na Natureza com as Termas de Manteigas"}]},{"@type":"WebSite","@id":"https:\/\/maismagazine.pt\/#website","url":"https:\/\/maismagazine.pt\/","name":"Mais Magazine","description":"","publisher":{"@id":"https:\/\/maismagazine.pt\/#organization"},"potentialAction":[{"@type":"SearchAction","target":{"@type":"EntryPoint","urlTemplate":"https:\/\/maismagazine.pt\/?s={search_term_string}"},"query-input":{"@type":"PropertyValueSpecification","valueRequired":true,"valueName":"search_term_string"}}],"inLanguage":"pt-PT"},{"@type":"Organization","@id":"https:\/\/maismagazine.pt\/#organization","name":"Mais Magazine","url":"https:\/\/maismagazine.pt\/","logo":{"@type":"ImageObject","inLanguage":"pt-PT","@id":"https:\/\/maismagazine.pt\/#\/schema\/logo\/image\/","url":"http:\/\/maismagazine.pt\/wp-content\/uploads\/2020\/04\/cropped-cropped-mais-magazine-site-logo-2.png","contentUrl":"http:\/\/maismagazine.pt\/wp-content\/uploads\/2020\/04\/cropped-cropped-mais-magazine-site-logo-2.png","width":581,"height":90,"caption":"Mais Magazine"},"image":{"@id":"https:\/\/maismagazine.pt\/#\/schema\/logo\/image\/"}},{"@type":"Person","@id":"https:\/\/maismagazine.pt\/#\/schema\/person\/999bd426f894ff56d397ec12ebd21ebb","name":"Jo\u00e3o Malainho","image":{"@type":"ImageObject","inLanguage":"pt-PT","@id":"https:\/\/maismagazine.pt\/#\/schema\/person\/image\/","url":"https:\/\/secure.gravatar.com\/avatar\/ff03c2f38edf60b2a827aa4f74878491?s=96&d=mm&r=g","contentUrl":"https:\/\/secure.gravatar.com\/avatar\/ff03c2f38edf60b2a827aa4f74878491?s=96&d=mm&r=g","caption":"Jo\u00e3o Malainho"},"url":"http:\/\/maismagazine.pt\/index.php\/author\/maismagazine\/"}]}},"author_meta":{"display_name":false,"author_link":"http:\/\/maismagazine.pt\/index.php\/author\/maismagazine\/"},"featured_img":"http:\/\/maismagazine.pt\/wp-content\/uploads\/2022\/03\/tc-13-gallery10-300x200.jpg","coauthors":[],"tax_additional":{"categories":{"linked":["<a href=\"http:\/\/maismagazine.pt\/index.php\/category\/empreendedorismo\/\" class=\"advgb-post-tax-term\">Empreendedorismo<\/a>","<a href=\"http:\/\/maismagazine.pt\/index.php\/category\/mundo-empresarial\/\" class=\"advgb-post-tax-term\">Mundo Empresarial<\/a>","<a href=\"http:\/\/maismagazine.pt\/index.php\/category\/mundo-empresarial\/saude\/\" class=\"advgb-post-tax-term\">Sa\u00fade<\/a>"],"unlinked":["<span class=\"advgb-post-tax-term\">Empreendedorismo<\/span>","<span class=\"advgb-post-tax-term\">Mundo Empresarial<\/span>","<span class=\"advgb-post-tax-term\">Sa\u00fade<\/span>"]},"tags":{"linked":["<a href=\"http:\/\/maismagazine.pt\/index.php\/category\/mundo-empresarial\/saude\/\" class=\"advgb-post-tax-term\">descanso<\/a>","<a href=\"http:\/\/maismagazine.pt\/index.php\/category\/mundo-empresarial\/saude\/\" class=\"advgb-post-tax-term\">hotelaria<\/a>","<a href=\"http:\/\/maismagazine.pt\/index.php\/category\/mundo-empresarial\/saude\/\" class=\"advgb-post-tax-term\">natureza<\/a>","<a href=\"http:\/\/maismagazine.pt\/index.php\/category\/mundo-empresarial\/saude\/\" class=\"advgb-post-tax-term\">Termas<\/a>","<a href=\"http:\/\/maismagazine.pt\/index.php\/category\/mundo-empresarial\/saude\/\" class=\"advgb-post-tax-term\">Termas de Manteigas<\/a>"],"unlinked":["<span class=\"advgb-post-tax-term\">descanso<\/span>","<span class=\"advgb-post-tax-term\">hotelaria<\/span>","<span class=\"advgb-post-tax-term\">natureza<\/span>","<span class=\"advgb-post-tax-term\">Termas<\/span>","<span class=\"advgb-post-tax-term\">Termas de Manteigas<\/span>"]}},"comment_count":"0","relative_dates":{"created":"Posted 4 anos ago","modified":"Updated 4 anos ago"},"absolute_dates":{"created":"Posted on 18 de Mar\u00e7o, 2022","modified":"Updated on 18 de Mar\u00e7o, 2022"},"absolute_dates_time":{"created":"Posted on 18 de Mar\u00e7o, 2022 7:00","modified":"Updated on 18 de Mar\u00e7o, 2022 9:57"},"featured_img_caption":"","series_order":"","_links":{"self":[{"href":"http:\/\/maismagazine.pt\/index.php\/wp-json\/wp\/v2\/posts\/2526","targetHints":{"allow":["GET"]}}],"collection":[{"href":"http:\/\/maismagazine.pt\/index.php\/wp-json\/wp\/v2\/posts"}],"about":[{"href":"http:\/\/maismagazine.pt\/index.php\/wp-json\/wp\/v2\/types\/post"}],"author":[{"embeddable":true,"href":"http:\/\/maismagazine.pt\/index.php\/wp-json\/wp\/v2\/users\/7"}],"replies":[{"embeddable":true,"href":"http:\/\/maismagazine.pt\/index.php\/wp-json\/wp\/v2\/comments?post=2526"}],"version-history":[{"count":1,"href":"http:\/\/maismagazine.pt\/index.php\/wp-json\/wp\/v2\/posts\/2526\/revisions"}],"predecessor-version":[{"id":2528,"href":"http:\/\/maismagazine.pt\/index.php\/wp-json\/wp\/v2\/posts\/2526\/revisions\/2528"}],"wp:featuredmedia":[{"embeddable":true,"href":"http:\/\/maismagazine.pt\/index.php\/wp-json\/wp\/v2\/media\/2527"}],"wp:attachment":[{"href":"http:\/\/maismagazine.pt\/index.php\/wp-json\/wp\/v2\/media?parent=2526"}],"wp:term":[{"taxonomy":"category","embeddable":true,"href":"http:\/\/maismagazine.pt\/index.php\/wp-json\/wp\/v2\/categories?post=2526"},{"taxonomy":"post_tag","embeddable":true,"href":"http:\/\/maismagazine.pt\/index.php\/wp-json\/wp\/v2\/tags?post=2526"}],"curies":[{"name":"wp","href":"https:\/\/api.w.org\/{rel}","templated":true}]}}