{"id":2523,"date":"2022-03-18T07:00:00","date_gmt":"2022-03-18T07:00:00","guid":{"rendered":"https:\/\/maismagazine.pt\/?p=2523"},"modified":"2022-03-18T09:51:58","modified_gmt":"2022-03-18T09:51:58","slug":"um-dos-melhores-destinos-para-o-turismo-de-saude-e-de-bem-estar","status":"publish","type":"post","link":"http:\/\/maismagazine.pt\/index.php\/2022\/03\/18\/um-dos-melhores-destinos-para-o-turismo-de-saude-e-de-bem-estar\/","title":{"rendered":"Termas da Curia: Um dos melhores destinos para o turismo de sa\u00fade e de bem-estar"},"content":{"rendered":"\n<p><\/p>\n\n\n\n<p><strong>\u00c9 por entre 14 hectares de pura e deslumbrante natureza que encontramos as <a href=\"https:\/\/www.termasdacuria.com\/\">Termas da Curia<\/a>. Inseridas na mesma propriedade que o Hotel Termas da Curia, este complexo termal usufrui dos benef\u00edcios e fama das suas \u00e1guas mineromedicinais indicadas para o tratamento de doen\u00e7as relacionadas com hipertens\u00e3o arterial, metab\u00f3lico-end\u00f3crinas, aparelho nefro-urin\u00e1rio, aparelho circulat\u00f3rio, reum\u00e1ticas e m\u00fasculo esquel\u00e9ticas. Fique a conhecer toda a potencialidade destas \u00e1guas, pela voz de Jos\u00e9 Manuel Rom\u00e3o, Administrador da Sociedade das \u00c1guas da Curia.<\/strong><\/p>\n\n\n\n<p><\/p>\n\n\n\n<p>O Parque das Termas da Curia \u00e9 um ex-libris intemporal. Com um enorme valor paisag\u00edstico e com uma envolvente que cria um microclima diferenciador, este parque agrega um conjunto de val\u00eancias. Uma unidade hoteleira, um restaurante, salas de reuni\u00f5es, uma piscina exterior e uma piscina das termas. Os programas termais dispon\u00edveis conjugam-se com a oportunidade de desfrutar de passeios a p\u00e9 ou de bicicleta pelo Parque das Termas da Curia. Todo a envolv\u00eancia sai valorizada por este patrim\u00f3nio paisag\u00edstico com cerca de 120 anos.<\/p>\n\n\n\n<p><\/p>\n\n\n\n\n\n<p>\u00c9 no Parque das Termas da Curia, um local de ref\u00fagio e tranquilidade, que encontramos as Termas da Curia. Atualmente, al\u00e9m de tratamentos de termalismo cl\u00e1ssico para fins terap\u00eauticos, as Termas da Curia disponibilizam uma variedade de programas de bem-estar, gra\u00e7as \u00e0s in\u00fameras propriedades medicinais das \u00e1guas de natureza sulfatada c\u00e1lcica e magn\u00e9sica. \u201cOs nossos tratamentos assentam em dois tipos de t\u00e9cnicas fundamentais \u2013 as terap\u00eauticas e as complementares\u201d, esclarece Jos\u00e9 Manuel Rom\u00e3o. Al\u00e9m dos benef\u00edcios termais e das t\u00e9cnicas utilizadas para preven\u00e7\u00e3o e tratamento, a vertente de t\u00e9cnicas de tratamentos de est\u00e9tica est\u00e1 tamb\u00e9m dispon\u00edvel para tratamentos de rosto e corpo. Apesar de n\u00e3o existir uma liga\u00e7\u00e3o direta da \u00e1gua das Termas da Curia com patologias dermatol\u00f3gicas, \u201cos benef\u00edcios e cuidados da pele refletem-se com as t\u00e9cnicas complementares oferecidas\u201d, como \u00e9 o caso do duche escoc\u00eas, da pressoterapia com massagem de drenagem linf\u00e1tica e da hidropinia.<br>Seja para usufruir dos seus tratamentos de sa\u00fade, para tirar partido das carater\u00edsticas \u00fanicas das suas \u00e1guas termais, ou apenas para repousar, as Termas da Curia est\u00e3o de portas abertas para o receber. E nada melhor do que aproveitar a oportunidade para conhecer o que de melhor esta regi\u00e3o tem para oferecer. Jos\u00e9 Manuel Rom\u00e3o deixa-lhe desde j\u00e1 o convite: Visitem as Termas da Curia, localizadas na Regi\u00e3o da Bairrada, local de excelente gastronomia, com destaque para o leit\u00e3o, e de vinhos de refer\u00eancia.<\/p>\n","protected":false},"excerpt":{"rendered":"<p>\u00c9 por entre 14 hectares de pura e deslumbrante natureza que encontramos as Termas da Curia. Inseridas na mesma propriedade que o Hotel Termas da Curia, este complexo termal usufrui dos benef\u00edcios e fama das suas \u00e1guas mineromedicinais indicadas para o tratamento de doen\u00e7as relacionadas com hipertens\u00e3o arterial, metab\u00f3lico-end\u00f3crinas, aparelho&hellip;<\/p>\n","protected":false},"author":7,"featured_media":2524,"comment_status":"open","ping_status":"open","sticky":false,"template":"","format":"standard","meta":{"advgb_blocks_editor_width":"","advgb_blocks_columns_visual_guide":"","_monsterinsights_skip_tracking":false,"_monsterinsights_sitenote_active":false,"_monsterinsights_sitenote_note":"","_monsterinsights_sitenote_category":0,"footnotes":""},"categories":[161,313],"tags":[105,457,453],"class_list":["post-2523","post","type-post","status-publish","format-standard","has-post-thumbnail","hentry","category-mundo-empresarial","category-saude","tag-bem-estar","tag-saude","tag-termas"],"yoast_head":"<!-- This site is optimized with the Yoast SEO plugin v24.4 - https:\/\/yoast.com\/wordpress\/plugins\/seo\/ -->\n<title>Termas da Curia: Um dos melhores destinos para o turismo de sa\u00fade e de bem-estar - Mais Magazine<\/title>\n<meta name=\"description\" content=\"Termas da C\u00faria\" \/>\n<meta name=\"robots\" content=\"index, follow, max-snippet:-1, max-image-preview:large, max-video-preview:-1\" \/>\n<link rel=\"canonical\" href=\"http:\/\/maismagazine.pt\/index.php\/2022\/03\/18\/um-dos-melhores-destinos-para-o-turismo-de-saude-e-de-bem-estar\/\" \/>\n<meta property=\"og:locale\" content=\"pt_PT\" \/>\n<meta property=\"og:type\" content=\"article\" \/>\n<meta property=\"og:title\" content=\"Termas da Curia: Um dos melhores destinos para o turismo de sa\u00fade e de bem-estar - Mais Magazine\" \/>\n<meta property=\"og:description\" content=\"Termas da C\u00faria\" \/>\n<meta property=\"og:url\" content=\"http:\/\/maismagazine.pt\/index.php\/2022\/03\/18\/um-dos-melhores-destinos-para-o-turismo-de-saude-e-de-bem-estar\/\" \/>\n<meta property=\"og:site_name\" content=\"Mais Magazine\" \/>\n<meta property=\"article:published_time\" content=\"2022-03-18T07:00:00+00:00\" \/>\n<meta property=\"article:modified_time\" content=\"2022-03-18T09:51:58+00:00\" \/>\n<meta property=\"og:image\" content=\"http:\/\/maismagazine.pt\/wp-content\/uploads\/2022\/03\/Curia_Parque_B00_1334-1024x684.jpg\" \/>\n\t<meta property=\"og:image:width\" content=\"1024\" \/>\n\t<meta property=\"og:image:height\" content=\"684\" \/>\n\t<meta property=\"og:image:type\" content=\"image\/jpeg\" \/>\n<meta name=\"author\" content=\"Jo\u00e3o Malainho\" \/>\n<meta name=\"twitter:card\" content=\"summary_large_image\" \/>\n<meta name=\"twitter:label1\" content=\"Escrito por\" \/>\n\t<meta name=\"twitter:data1\" content=\"\" \/>\n\t<meta name=\"twitter:label2\" content=\"Tempo estimado de leitura\" \/>\n\t<meta name=\"twitter:data2\" content=\"2 minutos\" \/>\n<script type=\"application\/ld+json\" class=\"yoast-schema-graph\">{\"@context\":\"https:\/\/schema.org\",\"@graph\":[{\"@type\":\"Article\",\"@id\":\"http:\/\/maismagazine.pt\/index.php\/2022\/03\/18\/um-dos-melhores-destinos-para-o-turismo-de-saude-e-de-bem-estar\/#article\",\"isPartOf\":{\"@id\":\"http:\/\/maismagazine.pt\/index.php\/2022\/03\/18\/um-dos-melhores-destinos-para-o-turismo-de-saude-e-de-bem-estar\/\"},\"author\":{\"name\":\"Jo\u00e3o Malainho\",\"@id\":\"https:\/\/maismagazine.pt\/#\/schema\/person\/999bd426f894ff56d397ec12ebd21ebb\"},\"headline\":\"Termas da Curia: Um dos melhores destinos para o turismo de sa\u00fade e de bem-estar\",\"datePublished\":\"2022-03-18T07:00:00+00:00\",\"dateModified\":\"2022-03-18T09:51:58+00:00\",\"mainEntityOfPage\":{\"@id\":\"http:\/\/maismagazine.pt\/index.php\/2022\/03\/18\/um-dos-melhores-destinos-para-o-turismo-de-saude-e-de-bem-estar\/\"},\"wordCount\":454,\"commentCount\":0,\"publisher\":{\"@id\":\"https:\/\/maismagazine.pt\/#organization\"},\"image\":{\"@id\":\"http:\/\/maismagazine.pt\/index.php\/2022\/03\/18\/um-dos-melhores-destinos-para-o-turismo-de-saude-e-de-bem-estar\/#primaryimage\"},\"thumbnailUrl\":\"http:\/\/maismagazine.pt\/wp-content\/uploads\/2022\/03\/Curia_Parque_B00_1334-scaled.jpg\",\"keywords\":[\"Bem-estar\",\"sa\u00fade\",\"Termas\"],\"articleSection\":[\"Mundo Empresarial\",\"Sa\u00fade\"],\"inLanguage\":\"pt-PT\",\"potentialAction\":[{\"@type\":\"CommentAction\",\"name\":\"Comment\",\"target\":[\"http:\/\/maismagazine.pt\/index.php\/2022\/03\/18\/um-dos-melhores-destinos-para-o-turismo-de-saude-e-de-bem-estar\/#respond\"]}]},{\"@type\":\"WebPage\",\"@id\":\"http:\/\/maismagazine.pt\/index.php\/2022\/03\/18\/um-dos-melhores-destinos-para-o-turismo-de-saude-e-de-bem-estar\/\",\"url\":\"http:\/\/maismagazine.pt\/index.php\/2022\/03\/18\/um-dos-melhores-destinos-para-o-turismo-de-saude-e-de-bem-estar\/\",\"name\":\"Termas da Curia: Um dos melhores destinos para o turismo de sa\u00fade e de bem-estar - Mais Magazine\",\"isPartOf\":{\"@id\":\"https:\/\/maismagazine.pt\/#website\"},\"primaryImageOfPage\":{\"@id\":\"http:\/\/maismagazine.pt\/index.php\/2022\/03\/18\/um-dos-melhores-destinos-para-o-turismo-de-saude-e-de-bem-estar\/#primaryimage\"},\"image\":{\"@id\":\"http:\/\/maismagazine.pt\/index.php\/2022\/03\/18\/um-dos-melhores-destinos-para-o-turismo-de-saude-e-de-bem-estar\/#primaryimage\"},\"thumbnailUrl\":\"http:\/\/maismagazine.pt\/wp-content\/uploads\/2022\/03\/Curia_Parque_B00_1334-scaled.jpg\",\"datePublished\":\"2022-03-18T07:00:00+00:00\",\"dateModified\":\"2022-03-18T09:51:58+00:00\",\"description\":\"Termas da C\u00faria\",\"breadcrumb\":{\"@id\":\"http:\/\/maismagazine.pt\/index.php\/2022\/03\/18\/um-dos-melhores-destinos-para-o-turismo-de-saude-e-de-bem-estar\/#breadcrumb\"},\"inLanguage\":\"pt-PT\",\"potentialAction\":[{\"@type\":\"ReadAction\",\"target\":[\"http:\/\/maismagazine.pt\/index.php\/2022\/03\/18\/um-dos-melhores-destinos-para-o-turismo-de-saude-e-de-bem-estar\/\"]}]},{\"@type\":\"ImageObject\",\"inLanguage\":\"pt-PT\",\"@id\":\"http:\/\/maismagazine.pt\/index.php\/2022\/03\/18\/um-dos-melhores-destinos-para-o-turismo-de-saude-e-de-bem-estar\/#primaryimage\",\"url\":\"http:\/\/maismagazine.pt\/wp-content\/uploads\/2022\/03\/Curia_Parque_B00_1334-scaled.jpg\",\"contentUrl\":\"http:\/\/maismagazine.pt\/wp-content\/uploads\/2022\/03\/Curia_Parque_B00_1334-scaled.jpg\",\"width\":2560,\"height\":1709},{\"@type\":\"BreadcrumbList\",\"@id\":\"http:\/\/maismagazine.pt\/index.php\/2022\/03\/18\/um-dos-melhores-destinos-para-o-turismo-de-saude-e-de-bem-estar\/#breadcrumb\",\"itemListElement\":[{\"@type\":\"ListItem\",\"position\":1,\"name\":\"Home\",\"item\":\"https:\/\/maismagazine.pt\/\"},{\"@type\":\"ListItem\",\"position\":2,\"name\":\"Termas da Curia: Um dos melhores destinos para o turismo de sa\u00fade e de bem-estar\"}]},{\"@type\":\"WebSite\",\"@id\":\"https:\/\/maismagazine.pt\/#website\",\"url\":\"https:\/\/maismagazine.pt\/\",\"name\":\"Mais Magazine\",\"description\":\"\",\"publisher\":{\"@id\":\"https:\/\/maismagazine.pt\/#organization\"},\"potentialAction\":[{\"@type\":\"SearchAction\",\"target\":{\"@type\":\"EntryPoint\",\"urlTemplate\":\"https:\/\/maismagazine.pt\/?s={search_term_string}\"},\"query-input\":{\"@type\":\"PropertyValueSpecification\",\"valueRequired\":true,\"valueName\":\"search_term_string\"}}],\"inLanguage\":\"pt-PT\"},{\"@type\":\"Organization\",\"@id\":\"https:\/\/maismagazine.pt\/#organization\",\"name\":\"Mais Magazine\",\"url\":\"https:\/\/maismagazine.pt\/\",\"logo\":{\"@type\":\"ImageObject\",\"inLanguage\":\"pt-PT\",\"@id\":\"https:\/\/maismagazine.pt\/#\/schema\/logo\/image\/\",\"url\":\"http:\/\/maismagazine.pt\/wp-content\/uploads\/2020\/04\/cropped-cropped-mais-magazine-site-logo-2.png\",\"contentUrl\":\"http:\/\/maismagazine.pt\/wp-content\/uploads\/2020\/04\/cropped-cropped-mais-magazine-site-logo-2.png\",\"width\":581,\"height\":90,\"caption\":\"Mais Magazine\"},\"image\":{\"@id\":\"https:\/\/maismagazine.pt\/#\/schema\/logo\/image\/\"}},{\"@type\":\"Person\",\"@id\":\"https:\/\/maismagazine.pt\/#\/schema\/person\/999bd426f894ff56d397ec12ebd21ebb\",\"name\":\"Jo\u00e3o Malainho\",\"image\":{\"@type\":\"ImageObject\",\"inLanguage\":\"pt-PT\",\"@id\":\"https:\/\/maismagazine.pt\/#\/schema\/person\/image\/\",\"url\":\"https:\/\/secure.gravatar.com\/avatar\/ff03c2f38edf60b2a827aa4f74878491?s=96&d=mm&r=g\",\"contentUrl\":\"https:\/\/secure.gravatar.com\/avatar\/ff03c2f38edf60b2a827aa4f74878491?s=96&d=mm&r=g\",\"caption\":\"Jo\u00e3o Malainho\"},\"url\":\"http:\/\/maismagazine.pt\/index.php\/author\/maismagazine\/\"}]}<\/script>\n<!-- \/ Yoast SEO plugin. -->","yoast_head_json":{"title":"Termas da Curia: Um dos melhores destinos para o turismo de sa\u00fade e de bem-estar - Mais Magazine","description":"Termas da C\u00faria","robots":{"index":"index","follow":"follow","max-snippet":"max-snippet:-1","max-image-preview":"max-image-preview:large","max-video-preview":"max-video-preview:-1"},"canonical":"http:\/\/maismagazine.pt\/index.php\/2022\/03\/18\/um-dos-melhores-destinos-para-o-turismo-de-saude-e-de-bem-estar\/","og_locale":"pt_PT","og_type":"article","og_title":"Termas da Curia: Um dos melhores destinos para o turismo de sa\u00fade e de bem-estar - Mais Magazine","og_description":"Termas da C\u00faria","og_url":"http:\/\/maismagazine.pt\/index.php\/2022\/03\/18\/um-dos-melhores-destinos-para-o-turismo-de-saude-e-de-bem-estar\/","og_site_name":"Mais Magazine","article_published_time":"2022-03-18T07:00:00+00:00","article_modified_time":"2022-03-18T09:51:58+00:00","og_image":[{"width":1024,"height":684,"url":"http:\/\/maismagazine.pt\/wp-content\/uploads\/2022\/03\/Curia_Parque_B00_1334-1024x684.jpg","type":"image\/jpeg"}],"author":"Jo\u00e3o Malainho","twitter_card":"summary_large_image","twitter_misc":{"Escrito por":false,"Tempo estimado de leitura":"2 minutos"},"schema":{"@context":"https:\/\/schema.org","@graph":[{"@type":"Article","@id":"http:\/\/maismagazine.pt\/index.php\/2022\/03\/18\/um-dos-melhores-destinos-para-o-turismo-de-saude-e-de-bem-estar\/#article","isPartOf":{"@id":"http:\/\/maismagazine.pt\/index.php\/2022\/03\/18\/um-dos-melhores-destinos-para-o-turismo-de-saude-e-de-bem-estar\/"},"author":{"name":"Jo\u00e3o Malainho","@id":"https:\/\/maismagazine.pt\/#\/schema\/person\/999bd426f894ff56d397ec12ebd21ebb"},"headline":"Termas da Curia: Um dos melhores destinos para o turismo de sa\u00fade e de bem-estar","datePublished":"2022-03-18T07:00:00+00:00","dateModified":"2022-03-18T09:51:58+00:00","mainEntityOfPage":{"@id":"http:\/\/maismagazine.pt\/index.php\/2022\/03\/18\/um-dos-melhores-destinos-para-o-turismo-de-saude-e-de-bem-estar\/"},"wordCount":454,"commentCount":0,"publisher":{"@id":"https:\/\/maismagazine.pt\/#organization"},"image":{"@id":"http:\/\/maismagazine.pt\/index.php\/2022\/03\/18\/um-dos-melhores-destinos-para-o-turismo-de-saude-e-de-bem-estar\/#primaryimage"},"thumbnailUrl":"http:\/\/maismagazine.pt\/wp-content\/uploads\/2022\/03\/Curia_Parque_B00_1334-scaled.jpg","keywords":["Bem-estar","sa\u00fade","Termas"],"articleSection":["Mundo Empresarial","Sa\u00fade"],"inLanguage":"pt-PT","potentialAction":[{"@type":"CommentAction","name":"Comment","target":["http:\/\/maismagazine.pt\/index.php\/2022\/03\/18\/um-dos-melhores-destinos-para-o-turismo-de-saude-e-de-bem-estar\/#respond"]}]},{"@type":"WebPage","@id":"http:\/\/maismagazine.pt\/index.php\/2022\/03\/18\/um-dos-melhores-destinos-para-o-turismo-de-saude-e-de-bem-estar\/","url":"http:\/\/maismagazine.pt\/index.php\/2022\/03\/18\/um-dos-melhores-destinos-para-o-turismo-de-saude-e-de-bem-estar\/","name":"Termas da Curia: Um dos melhores destinos para o turismo de sa\u00fade e de bem-estar - Mais Magazine","isPartOf":{"@id":"https:\/\/maismagazine.pt\/#website"},"primaryImageOfPage":{"@id":"http:\/\/maismagazine.pt\/index.php\/2022\/03\/18\/um-dos-melhores-destinos-para-o-turismo-de-saude-e-de-bem-estar\/#primaryimage"},"image":{"@id":"http:\/\/maismagazine.pt\/index.php\/2022\/03\/18\/um-dos-melhores-destinos-para-o-turismo-de-saude-e-de-bem-estar\/#primaryimage"},"thumbnailUrl":"http:\/\/maismagazine.pt\/wp-content\/uploads\/2022\/03\/Curia_Parque_B00_1334-scaled.jpg","datePublished":"2022-03-18T07:00:00+00:00","dateModified":"2022-03-18T09:51:58+00:00","description":"Termas da C\u00faria","breadcrumb":{"@id":"http:\/\/maismagazine.pt\/index.php\/2022\/03\/18\/um-dos-melhores-destinos-para-o-turismo-de-saude-e-de-bem-estar\/#breadcrumb"},"inLanguage":"pt-PT","potentialAction":[{"@type":"ReadAction","target":["http:\/\/maismagazine.pt\/index.php\/2022\/03\/18\/um-dos-melhores-destinos-para-o-turismo-de-saude-e-de-bem-estar\/"]}]},{"@type":"ImageObject","inLanguage":"pt-PT","@id":"http:\/\/maismagazine.pt\/index.php\/2022\/03\/18\/um-dos-melhores-destinos-para-o-turismo-de-saude-e-de-bem-estar\/#primaryimage","url":"http:\/\/maismagazine.pt\/wp-content\/uploads\/2022\/03\/Curia_Parque_B00_1334-scaled.jpg","contentUrl":"http:\/\/maismagazine.pt\/wp-content\/uploads\/2022\/03\/Curia_Parque_B00_1334-scaled.jpg","width":2560,"height":1709},{"@type":"BreadcrumbList","@id":"http:\/\/maismagazine.pt\/index.php\/2022\/03\/18\/um-dos-melhores-destinos-para-o-turismo-de-saude-e-de-bem-estar\/#breadcrumb","itemListElement":[{"@type":"ListItem","position":1,"name":"Home","item":"https:\/\/maismagazine.pt\/"},{"@type":"ListItem","position":2,"name":"Termas da Curia: Um dos melhores destinos para o turismo de sa\u00fade e de bem-estar"}]},{"@type":"WebSite","@id":"https:\/\/maismagazine.pt\/#website","url":"https:\/\/maismagazine.pt\/","name":"Mais Magazine","description":"","publisher":{"@id":"https:\/\/maismagazine.pt\/#organization"},"potentialAction":[{"@type":"SearchAction","target":{"@type":"EntryPoint","urlTemplate":"https:\/\/maismagazine.pt\/?s={search_term_string}"},"query-input":{"@type":"PropertyValueSpecification","valueRequired":true,"valueName":"search_term_string"}}],"inLanguage":"pt-PT"},{"@type":"Organization","@id":"https:\/\/maismagazine.pt\/#organization","name":"Mais Magazine","url":"https:\/\/maismagazine.pt\/","logo":{"@type":"ImageObject","inLanguage":"pt-PT","@id":"https:\/\/maismagazine.pt\/#\/schema\/logo\/image\/","url":"http:\/\/maismagazine.pt\/wp-content\/uploads\/2020\/04\/cropped-cropped-mais-magazine-site-logo-2.png","contentUrl":"http:\/\/maismagazine.pt\/wp-content\/uploads\/2020\/04\/cropped-cropped-mais-magazine-site-logo-2.png","width":581,"height":90,"caption":"Mais Magazine"},"image":{"@id":"https:\/\/maismagazine.pt\/#\/schema\/logo\/image\/"}},{"@type":"Person","@id":"https:\/\/maismagazine.pt\/#\/schema\/person\/999bd426f894ff56d397ec12ebd21ebb","name":"Jo\u00e3o Malainho","image":{"@type":"ImageObject","inLanguage":"pt-PT","@id":"https:\/\/maismagazine.pt\/#\/schema\/person\/image\/","url":"https:\/\/secure.gravatar.com\/avatar\/ff03c2f38edf60b2a827aa4f74878491?s=96&d=mm&r=g","contentUrl":"https:\/\/secure.gravatar.com\/avatar\/ff03c2f38edf60b2a827aa4f74878491?s=96&d=mm&r=g","caption":"Jo\u00e3o Malainho"},"url":"http:\/\/maismagazine.pt\/index.php\/author\/maismagazine\/"}]}},"author_meta":{"display_name":false,"author_link":"http:\/\/maismagazine.pt\/index.php\/author\/maismagazine\/"},"featured_img":"http:\/\/maismagazine.pt\/wp-content\/uploads\/2022\/03\/Curia_Parque_B00_1334-300x200.jpg","coauthors":[],"tax_additional":{"categories":{"linked":["<a href=\"http:\/\/maismagazine.pt\/index.php\/category\/mundo-empresarial\/\" class=\"advgb-post-tax-term\">Mundo Empresarial<\/a>","<a href=\"http:\/\/maismagazine.pt\/index.php\/category\/mundo-empresarial\/saude\/\" class=\"advgb-post-tax-term\">Sa\u00fade<\/a>"],"unlinked":["<span class=\"advgb-post-tax-term\">Mundo Empresarial<\/span>","<span class=\"advgb-post-tax-term\">Sa\u00fade<\/span>"]},"tags":{"linked":["<a href=\"http:\/\/maismagazine.pt\/index.php\/category\/mundo-empresarial\/saude\/\" class=\"advgb-post-tax-term\">Bem-estar<\/a>","<a href=\"http:\/\/maismagazine.pt\/index.php\/category\/mundo-empresarial\/saude\/\" class=\"advgb-post-tax-term\">sa\u00fade<\/a>","<a href=\"http:\/\/maismagazine.pt\/index.php\/category\/mundo-empresarial\/saude\/\" class=\"advgb-post-tax-term\">Termas<\/a>"],"unlinked":["<span class=\"advgb-post-tax-term\">Bem-estar<\/span>","<span class=\"advgb-post-tax-term\">sa\u00fade<\/span>","<span class=\"advgb-post-tax-term\">Termas<\/span>"]}},"comment_count":"0","relative_dates":{"created":"Posted 4 anos ago","modified":"Updated 4 anos ago"},"absolute_dates":{"created":"Posted on 18 de Mar\u00e7o, 2022","modified":"Updated on 18 de Mar\u00e7o, 2022"},"absolute_dates_time":{"created":"Posted on 18 de Mar\u00e7o, 2022 7:00","modified":"Updated on 18 de Mar\u00e7o, 2022 9:51"},"featured_img_caption":"","series_order":"","_links":{"self":[{"href":"http:\/\/maismagazine.pt\/index.php\/wp-json\/wp\/v2\/posts\/2523","targetHints":{"allow":["GET"]}}],"collection":[{"href":"http:\/\/maismagazine.pt\/index.php\/wp-json\/wp\/v2\/posts"}],"about":[{"href":"http:\/\/maismagazine.pt\/index.php\/wp-json\/wp\/v2\/types\/post"}],"author":[{"embeddable":true,"href":"http:\/\/maismagazine.pt\/index.php\/wp-json\/wp\/v2\/users\/7"}],"replies":[{"embeddable":true,"href":"http:\/\/maismagazine.pt\/index.php\/wp-json\/wp\/v2\/comments?post=2523"}],"version-history":[{"count":2,"href":"http:\/\/maismagazine.pt\/index.php\/wp-json\/wp\/v2\/posts\/2523\/revisions"}],"predecessor-version":[{"id":2678,"href":"http:\/\/maismagazine.pt\/index.php\/wp-json\/wp\/v2\/posts\/2523\/revisions\/2678"}],"wp:featuredmedia":[{"embeddable":true,"href":"http:\/\/maismagazine.pt\/index.php\/wp-json\/wp\/v2\/media\/2524"}],"wp:attachment":[{"href":"http:\/\/maismagazine.pt\/index.php\/wp-json\/wp\/v2\/media?parent=2523"}],"wp:term":[{"taxonomy":"category","embeddable":true,"href":"http:\/\/maismagazine.pt\/index.php\/wp-json\/wp\/v2\/categories?post=2523"},{"taxonomy":"post_tag","embeddable":true,"href":"http:\/\/maismagazine.pt\/index.php\/wp-json\/wp\/v2\/tags?post=2523"}],"curies":[{"name":"wp","href":"https:\/\/api.w.org\/{rel}","templated":true}]}}