{"id":2520,"date":"2022-03-18T07:00:00","date_gmt":"2022-03-18T07:00:00","guid":{"rendered":"https:\/\/maismagazine.pt\/?p=2520"},"modified":"2022-03-18T09:51:23","modified_gmt":"2022-03-18T09:51:23","slug":"termas-de-vale-da-mo-uma-agua-termal-unica-em-portugal","status":"publish","type":"post","link":"http:\/\/maismagazine.pt\/index.php\/2022\/03\/18\/termas-de-vale-da-mo-uma-agua-termal-unica-em-portugal\/","title":{"rendered":"Termas de Vale da M\u00f3: Uma \u00e1gua termal \u00fanica em Portugal"},"content":{"rendered":"\n<p><\/p>\n\n\n\n<p><strong>\u00c9 na pequena aldeia de Vale da M\u00f3, bem junto ao sop\u00e9 da Serra do Caramulo, que nasce um dos maiores tesouros do concelho de Anadia: uma \u00e1gua mineral com propriedades termais e curativas. Indicada para o tratamento de patologias associadas ao aparelho digestivo e a doen\u00e7as do sangue, como anemia ou car\u00eancia de ferro, a \u00e1gua termal de Vale da M\u00f3 distingue-se por ser, do ponto de vista i\u00f3nico, uma \u00e1gua bicarbonatada magnesiana ferruginosa, o que lhe confere um sabor ligeiramente f\u00e9rreo.<\/strong><\/p>\n\n\n\n<p><\/p>\n\n\n\n<p>As primeiras refer\u00eancias a uma fonte termal na aldeia de <a href=\"https:\/\/www.cm-anadia.pt\/pages\/796?poi_id=420\">Vale da M\u00f3 <\/a>datam do s\u00e9culo XVIII. A sua descoberta, em 1730, foi atribu\u00edda ao padre Manuel Almeida, que comunicou o achado a um irm\u00e3o, juiz-desembargador em Lisboa. A not\u00edcia ter-se-\u00e1 espalhado rapidamente pela capital e, em pouco tempo, as \u00e1guas de Vale da M\u00f3 ganharam fama. O pedido de concess\u00e3o inicial foi feito em 1912, ano em que foram conhecidas as primeiras an\u00e1lises qu\u00edmicas realizadas por Bonhorst, e aprovado em 1920. \u201cDepois de um longo per\u00edodo de estagna\u00e7\u00e3o, em 2001, o Munic\u00edpio de Anadia, atual concession\u00e1rio, adquiriu as Termas de Vale da M\u00f3, e reabriu-as em 2003, ap\u00f3s obras de requalifica\u00e7\u00e3o\u201d, explica a Presidente da C\u00e2mara Municipal de Anadia, Maria Teresa Cardoso. A \u00e1gua mineral das Termas de Vale da M\u00f3, \u00fanica no patrim\u00f3nio hidrol\u00f3gico portugu\u00eas e rara no mundo, nasce bacteriologicamente pura e sem cheiro, e apresenta um sabor ligeiramente f\u00e9rreo. Tem uma elevada estabilidade, sendo, do ponto de vista i\u00f3nico, uma \u00e1gua bicarbonatada magnesiana ferruginosa. \u00c9 hipotermal e fracamente mineralizada e tamb\u00e9m moderadamente doce, mas de rea\u00e7\u00e3o \u00e1cida. \u201cA \u00e1gua das Termas de Vale da M\u00f3 \u00e9 indicada para o tratamento de doen\u00e7as do foro digestivo, de doen\u00e7as do sangue e<br>das denominadas doen\u00e7as de civiliza\u00e7\u00e3o, como depress\u00e3o nervosa, fadiga e stress\u201d, explica a autarca. Os tratamentos s\u00e3o feitos atrav\u00e9s da ingest\u00e3o de \u00e1gua na buvette das Termas, em doses definidas por prescri\u00e7\u00e3o m\u00e9dica.<\/p>\n\n\n\n<p><\/p>\n\n\n\n<p><strong>Anadia: um destino \u00edmpar a (re)descobrir<\/strong><\/p>\n\n\n\n<p><\/p>\n\n\n\n<p>Mostrar as termas como um destino de bem-estar tem sido a f\u00f3rmula para a dinamiza\u00e7\u00e3o deste espa\u00e7o. As Termas de Vale da M\u00f3 s\u00e3o, cada vez mais, um destino \u00fanico onde \u00e9 poss\u00edvel ter uma experi\u00eancia hol\u00edstica, que liga os benef\u00edcios da toma da \u00e1gua, nas vertentes de sa\u00fade e bem estar, \u00e0 beleza e riqueza do ambiente envolvente. \u201cAs Termas de Vale da M\u00f3 situam-se num lugar muito sossegado, com ar puro, e um microclima muito seco, sem  nevoeiros e temperado. O local, entre montes, exibe opulentos pinheiros, ac\u00e1cias e eucaliptos, reunindo assim as condi\u00e7\u00f5es ideiais para repousar\u201d. Al\u00e9m da oferta nos segmentos da sa\u00fade e bem-estar, o concelho de Anadia possui um enorme potencial tur\u00edstico em v\u00e1rias \u00e1reas, que tem vindo a ser desenvolvido e valorizado \u201cem profundo respeito pelo patrim\u00f3nio hist\u00f3rico, social, cultural e natural, e tamb\u00e9m em conson\u00e2ncia com a qualidade de vida dos seus habitantes\u201d. Assim, al\u00e9m da vertente sa\u00fade e bem-estar, onde se inserem as Termas de Vale da M\u00f3 como local de paragem obrigat\u00f3ria, o concelho destaca-se tamb\u00e9m pelo enoturismo, pela gastronomia, pelo desporto e, entre outros, pelo turismo religioso. \u201cAnadia \u00e9 um destino tur\u00edstico \u00edmpar, seguro e tranquilo, em constante renova\u00e7\u00e3o e cada vez mais apreciado por turistas nacionais e estrangeiros\u201d, finaliza.<\/p>\n","protected":false},"excerpt":{"rendered":"<p>\u00c9 na pequena aldeia de Vale da M\u00f3, bem junto ao sop\u00e9 da Serra do Caramulo, que nasce um dos maiores tesouros do concelho de Anadia: uma \u00e1gua mineral com propriedades termais e curativas. Indicada para o tratamento de patologias associadas ao aparelho digestivo e a doen\u00e7as do sangue, como&hellip;<\/p>\n","protected":false},"author":7,"featured_media":2521,"comment_status":"open","ping_status":"open","sticky":false,"template":"","format":"standard","meta":{"advgb_blocks_editor_width":"","advgb_blocks_columns_visual_guide":"","_monsterinsights_skip_tracking":false,"_monsterinsights_sitenote_active":false,"_monsterinsights_sitenote_note":"","_monsterinsights_sitenote_category":0,"footnotes":""},"categories":[78,6],"tags":[466,105,457,453],"class_list":["post-2520","post","type-post","status-publish","format-standard","has-post-thumbnail","hentry","category-ambiente-e-sustentabilidade","category-empreendedorismo","tag-agua-2","tag-bem-estar","tag-saude","tag-termas"],"yoast_head":"<!-- This site is optimized with the Yoast SEO plugin v24.4 - https:\/\/yoast.com\/wordpress\/plugins\/seo\/ -->\n<title>Termas de Vale da M\u00f3: Uma \u00e1gua termal \u00fanica em Portugal - Mais Magazine<\/title>\n<meta name=\"description\" content=\"Termas de Vale da M\u00f3\" \/>\n<meta name=\"robots\" content=\"index, follow, max-snippet:-1, max-image-preview:large, max-video-preview:-1\" \/>\n<link rel=\"canonical\" href=\"http:\/\/maismagazine.pt\/index.php\/2022\/03\/18\/termas-de-vale-da-mo-uma-agua-termal-unica-em-portugal\/\" \/>\n<meta property=\"og:locale\" content=\"pt_PT\" \/>\n<meta property=\"og:type\" content=\"article\" \/>\n<meta property=\"og:title\" content=\"Termas de Vale da M\u00f3: Uma \u00e1gua termal \u00fanica em Portugal - Mais Magazine\" \/>\n<meta property=\"og:description\" content=\"Termas de Vale da M\u00f3\" \/>\n<meta property=\"og:url\" content=\"http:\/\/maismagazine.pt\/index.php\/2022\/03\/18\/termas-de-vale-da-mo-uma-agua-termal-unica-em-portugal\/\" \/>\n<meta property=\"og:site_name\" content=\"Mais Magazine\" \/>\n<meta property=\"article:published_time\" content=\"2022-03-18T07:00:00+00:00\" \/>\n<meta property=\"article:modified_time\" content=\"2022-03-18T09:51:23+00:00\" \/>\n<meta property=\"og:image\" content=\"http:\/\/maismagazine.pt\/wp-content\/uploads\/2022\/03\/ValeMo_Termas_A00_0947-1024x684.jpg\" \/>\n\t<meta property=\"og:image:width\" content=\"1024\" \/>\n\t<meta property=\"og:image:height\" content=\"684\" \/>\n\t<meta property=\"og:image:type\" content=\"image\/jpeg\" \/>\n<meta name=\"author\" content=\"Jo\u00e3o Malainho\" \/>\n<meta name=\"twitter:card\" content=\"summary_large_image\" \/>\n<meta name=\"twitter:label1\" content=\"Escrito por\" \/>\n\t<meta name=\"twitter:data1\" content=\"\" \/>\n\t<meta name=\"twitter:label2\" content=\"Tempo estimado de leitura\" \/>\n\t<meta name=\"twitter:data2\" content=\"3 minutos\" \/>\n<script type=\"application\/ld+json\" class=\"yoast-schema-graph\">{\"@context\":\"https:\/\/schema.org\",\"@graph\":[{\"@type\":\"Article\",\"@id\":\"http:\/\/maismagazine.pt\/index.php\/2022\/03\/18\/termas-de-vale-da-mo-uma-agua-termal-unica-em-portugal\/#article\",\"isPartOf\":{\"@id\":\"http:\/\/maismagazine.pt\/index.php\/2022\/03\/18\/termas-de-vale-da-mo-uma-agua-termal-unica-em-portugal\/\"},\"author\":{\"name\":\"Jo\u00e3o Malainho\",\"@id\":\"https:\/\/maismagazine.pt\/#\/schema\/person\/999bd426f894ff56d397ec12ebd21ebb\"},\"headline\":\"Termas de Vale da M\u00f3: Uma \u00e1gua termal \u00fanica em Portugal\",\"datePublished\":\"2022-03-18T07:00:00+00:00\",\"dateModified\":\"2022-03-18T09:51:23+00:00\",\"mainEntityOfPage\":{\"@id\":\"http:\/\/maismagazine.pt\/index.php\/2022\/03\/18\/termas-de-vale-da-mo-uma-agua-termal-unica-em-portugal\/\"},\"wordCount\":597,\"commentCount\":0,\"publisher\":{\"@id\":\"https:\/\/maismagazine.pt\/#organization\"},\"image\":{\"@id\":\"http:\/\/maismagazine.pt\/index.php\/2022\/03\/18\/termas-de-vale-da-mo-uma-agua-termal-unica-em-portugal\/#primaryimage\"},\"thumbnailUrl\":\"http:\/\/maismagazine.pt\/wp-content\/uploads\/2022\/03\/ValeMo_Termas_A00_0947-scaled.jpg\",\"keywords\":[\"\u00e1gua\",\"Bem-estar\",\"sa\u00fade\",\"Termas\"],\"articleSection\":[\"Ambiente e Sustentabilidade\",\"Empreendedorismo\"],\"inLanguage\":\"pt-PT\",\"potentialAction\":[{\"@type\":\"CommentAction\",\"name\":\"Comment\",\"target\":[\"http:\/\/maismagazine.pt\/index.php\/2022\/03\/18\/termas-de-vale-da-mo-uma-agua-termal-unica-em-portugal\/#respond\"]}]},{\"@type\":\"WebPage\",\"@id\":\"http:\/\/maismagazine.pt\/index.php\/2022\/03\/18\/termas-de-vale-da-mo-uma-agua-termal-unica-em-portugal\/\",\"url\":\"http:\/\/maismagazine.pt\/index.php\/2022\/03\/18\/termas-de-vale-da-mo-uma-agua-termal-unica-em-portugal\/\",\"name\":\"Termas de Vale da M\u00f3: Uma \u00e1gua termal \u00fanica em Portugal - Mais Magazine\",\"isPartOf\":{\"@id\":\"https:\/\/maismagazine.pt\/#website\"},\"primaryImageOfPage\":{\"@id\":\"http:\/\/maismagazine.pt\/index.php\/2022\/03\/18\/termas-de-vale-da-mo-uma-agua-termal-unica-em-portugal\/#primaryimage\"},\"image\":{\"@id\":\"http:\/\/maismagazine.pt\/index.php\/2022\/03\/18\/termas-de-vale-da-mo-uma-agua-termal-unica-em-portugal\/#primaryimage\"},\"thumbnailUrl\":\"http:\/\/maismagazine.pt\/wp-content\/uploads\/2022\/03\/ValeMo_Termas_A00_0947-scaled.jpg\",\"datePublished\":\"2022-03-18T07:00:00+00:00\",\"dateModified\":\"2022-03-18T09:51:23+00:00\",\"description\":\"Termas de Vale da M\u00f3\",\"breadcrumb\":{\"@id\":\"http:\/\/maismagazine.pt\/index.php\/2022\/03\/18\/termas-de-vale-da-mo-uma-agua-termal-unica-em-portugal\/#breadcrumb\"},\"inLanguage\":\"pt-PT\",\"potentialAction\":[{\"@type\":\"ReadAction\",\"target\":[\"http:\/\/maismagazine.pt\/index.php\/2022\/03\/18\/termas-de-vale-da-mo-uma-agua-termal-unica-em-portugal\/\"]}]},{\"@type\":\"ImageObject\",\"inLanguage\":\"pt-PT\",\"@id\":\"http:\/\/maismagazine.pt\/index.php\/2022\/03\/18\/termas-de-vale-da-mo-uma-agua-termal-unica-em-portugal\/#primaryimage\",\"url\":\"http:\/\/maismagazine.pt\/wp-content\/uploads\/2022\/03\/ValeMo_Termas_A00_0947-scaled.jpg\",\"contentUrl\":\"http:\/\/maismagazine.pt\/wp-content\/uploads\/2022\/03\/ValeMo_Termas_A00_0947-scaled.jpg\",\"width\":2560,\"height\":1709},{\"@type\":\"BreadcrumbList\",\"@id\":\"http:\/\/maismagazine.pt\/index.php\/2022\/03\/18\/termas-de-vale-da-mo-uma-agua-termal-unica-em-portugal\/#breadcrumb\",\"itemListElement\":[{\"@type\":\"ListItem\",\"position\":1,\"name\":\"Home\",\"item\":\"https:\/\/maismagazine.pt\/\"},{\"@type\":\"ListItem\",\"position\":2,\"name\":\"Termas de Vale da M\u00f3: Uma \u00e1gua termal \u00fanica em Portugal\"}]},{\"@type\":\"WebSite\",\"@id\":\"https:\/\/maismagazine.pt\/#website\",\"url\":\"https:\/\/maismagazine.pt\/\",\"name\":\"Mais Magazine\",\"description\":\"\",\"publisher\":{\"@id\":\"https:\/\/maismagazine.pt\/#organization\"},\"potentialAction\":[{\"@type\":\"SearchAction\",\"target\":{\"@type\":\"EntryPoint\",\"urlTemplate\":\"https:\/\/maismagazine.pt\/?s={search_term_string}\"},\"query-input\":{\"@type\":\"PropertyValueSpecification\",\"valueRequired\":true,\"valueName\":\"search_term_string\"}}],\"inLanguage\":\"pt-PT\"},{\"@type\":\"Organization\",\"@id\":\"https:\/\/maismagazine.pt\/#organization\",\"name\":\"Mais Magazine\",\"url\":\"https:\/\/maismagazine.pt\/\",\"logo\":{\"@type\":\"ImageObject\",\"inLanguage\":\"pt-PT\",\"@id\":\"https:\/\/maismagazine.pt\/#\/schema\/logo\/image\/\",\"url\":\"http:\/\/maismagazine.pt\/wp-content\/uploads\/2020\/04\/cropped-cropped-mais-magazine-site-logo-2.png\",\"contentUrl\":\"http:\/\/maismagazine.pt\/wp-content\/uploads\/2020\/04\/cropped-cropped-mais-magazine-site-logo-2.png\",\"width\":581,\"height\":90,\"caption\":\"Mais Magazine\"},\"image\":{\"@id\":\"https:\/\/maismagazine.pt\/#\/schema\/logo\/image\/\"}},{\"@type\":\"Person\",\"@id\":\"https:\/\/maismagazine.pt\/#\/schema\/person\/999bd426f894ff56d397ec12ebd21ebb\",\"name\":\"Jo\u00e3o Malainho\",\"image\":{\"@type\":\"ImageObject\",\"inLanguage\":\"pt-PT\",\"@id\":\"https:\/\/maismagazine.pt\/#\/schema\/person\/image\/\",\"url\":\"https:\/\/secure.gravatar.com\/avatar\/ff03c2f38edf60b2a827aa4f74878491?s=96&d=mm&r=g\",\"contentUrl\":\"https:\/\/secure.gravatar.com\/avatar\/ff03c2f38edf60b2a827aa4f74878491?s=96&d=mm&r=g\",\"caption\":\"Jo\u00e3o Malainho\"},\"url\":\"http:\/\/maismagazine.pt\/index.php\/author\/maismagazine\/\"}]}<\/script>\n<!-- \/ Yoast SEO plugin. -->","yoast_head_json":{"title":"Termas de Vale da M\u00f3: Uma \u00e1gua termal \u00fanica em Portugal - Mais Magazine","description":"Termas de Vale da M\u00f3","robots":{"index":"index","follow":"follow","max-snippet":"max-snippet:-1","max-image-preview":"max-image-preview:large","max-video-preview":"max-video-preview:-1"},"canonical":"http:\/\/maismagazine.pt\/index.php\/2022\/03\/18\/termas-de-vale-da-mo-uma-agua-termal-unica-em-portugal\/","og_locale":"pt_PT","og_type":"article","og_title":"Termas de Vale da M\u00f3: Uma \u00e1gua termal \u00fanica em Portugal - Mais Magazine","og_description":"Termas de Vale da M\u00f3","og_url":"http:\/\/maismagazine.pt\/index.php\/2022\/03\/18\/termas-de-vale-da-mo-uma-agua-termal-unica-em-portugal\/","og_site_name":"Mais Magazine","article_published_time":"2022-03-18T07:00:00+00:00","article_modified_time":"2022-03-18T09:51:23+00:00","og_image":[{"width":1024,"height":684,"url":"http:\/\/maismagazine.pt\/wp-content\/uploads\/2022\/03\/ValeMo_Termas_A00_0947-1024x684.jpg","type":"image\/jpeg"}],"author":"Jo\u00e3o Malainho","twitter_card":"summary_large_image","twitter_misc":{"Escrito por":false,"Tempo estimado de leitura":"3 minutos"},"schema":{"@context":"https:\/\/schema.org","@graph":[{"@type":"Article","@id":"http:\/\/maismagazine.pt\/index.php\/2022\/03\/18\/termas-de-vale-da-mo-uma-agua-termal-unica-em-portugal\/#article","isPartOf":{"@id":"http:\/\/maismagazine.pt\/index.php\/2022\/03\/18\/termas-de-vale-da-mo-uma-agua-termal-unica-em-portugal\/"},"author":{"name":"Jo\u00e3o Malainho","@id":"https:\/\/maismagazine.pt\/#\/schema\/person\/999bd426f894ff56d397ec12ebd21ebb"},"headline":"Termas de Vale da M\u00f3: Uma \u00e1gua termal \u00fanica em Portugal","datePublished":"2022-03-18T07:00:00+00:00","dateModified":"2022-03-18T09:51:23+00:00","mainEntityOfPage":{"@id":"http:\/\/maismagazine.pt\/index.php\/2022\/03\/18\/termas-de-vale-da-mo-uma-agua-termal-unica-em-portugal\/"},"wordCount":597,"commentCount":0,"publisher":{"@id":"https:\/\/maismagazine.pt\/#organization"},"image":{"@id":"http:\/\/maismagazine.pt\/index.php\/2022\/03\/18\/termas-de-vale-da-mo-uma-agua-termal-unica-em-portugal\/#primaryimage"},"thumbnailUrl":"http:\/\/maismagazine.pt\/wp-content\/uploads\/2022\/03\/ValeMo_Termas_A00_0947-scaled.jpg","keywords":["\u00e1gua","Bem-estar","sa\u00fade","Termas"],"articleSection":["Ambiente e Sustentabilidade","Empreendedorismo"],"inLanguage":"pt-PT","potentialAction":[{"@type":"CommentAction","name":"Comment","target":["http:\/\/maismagazine.pt\/index.php\/2022\/03\/18\/termas-de-vale-da-mo-uma-agua-termal-unica-em-portugal\/#respond"]}]},{"@type":"WebPage","@id":"http:\/\/maismagazine.pt\/index.php\/2022\/03\/18\/termas-de-vale-da-mo-uma-agua-termal-unica-em-portugal\/","url":"http:\/\/maismagazine.pt\/index.php\/2022\/03\/18\/termas-de-vale-da-mo-uma-agua-termal-unica-em-portugal\/","name":"Termas de Vale da M\u00f3: Uma \u00e1gua termal \u00fanica em Portugal - Mais Magazine","isPartOf":{"@id":"https:\/\/maismagazine.pt\/#website"},"primaryImageOfPage":{"@id":"http:\/\/maismagazine.pt\/index.php\/2022\/03\/18\/termas-de-vale-da-mo-uma-agua-termal-unica-em-portugal\/#primaryimage"},"image":{"@id":"http:\/\/maismagazine.pt\/index.php\/2022\/03\/18\/termas-de-vale-da-mo-uma-agua-termal-unica-em-portugal\/#primaryimage"},"thumbnailUrl":"http:\/\/maismagazine.pt\/wp-content\/uploads\/2022\/03\/ValeMo_Termas_A00_0947-scaled.jpg","datePublished":"2022-03-18T07:00:00+00:00","dateModified":"2022-03-18T09:51:23+00:00","description":"Termas de Vale da M\u00f3","breadcrumb":{"@id":"http:\/\/maismagazine.pt\/index.php\/2022\/03\/18\/termas-de-vale-da-mo-uma-agua-termal-unica-em-portugal\/#breadcrumb"},"inLanguage":"pt-PT","potentialAction":[{"@type":"ReadAction","target":["http:\/\/maismagazine.pt\/index.php\/2022\/03\/18\/termas-de-vale-da-mo-uma-agua-termal-unica-em-portugal\/"]}]},{"@type":"ImageObject","inLanguage":"pt-PT","@id":"http:\/\/maismagazine.pt\/index.php\/2022\/03\/18\/termas-de-vale-da-mo-uma-agua-termal-unica-em-portugal\/#primaryimage","url":"http:\/\/maismagazine.pt\/wp-content\/uploads\/2022\/03\/ValeMo_Termas_A00_0947-scaled.jpg","contentUrl":"http:\/\/maismagazine.pt\/wp-content\/uploads\/2022\/03\/ValeMo_Termas_A00_0947-scaled.jpg","width":2560,"height":1709},{"@type":"BreadcrumbList","@id":"http:\/\/maismagazine.pt\/index.php\/2022\/03\/18\/termas-de-vale-da-mo-uma-agua-termal-unica-em-portugal\/#breadcrumb","itemListElement":[{"@type":"ListItem","position":1,"name":"Home","item":"https:\/\/maismagazine.pt\/"},{"@type":"ListItem","position":2,"name":"Termas de Vale da M\u00f3: Uma \u00e1gua termal \u00fanica em Portugal"}]},{"@type":"WebSite","@id":"https:\/\/maismagazine.pt\/#website","url":"https:\/\/maismagazine.pt\/","name":"Mais Magazine","description":"","publisher":{"@id":"https:\/\/maismagazine.pt\/#organization"},"potentialAction":[{"@type":"SearchAction","target":{"@type":"EntryPoint","urlTemplate":"https:\/\/maismagazine.pt\/?s={search_term_string}"},"query-input":{"@type":"PropertyValueSpecification","valueRequired":true,"valueName":"search_term_string"}}],"inLanguage":"pt-PT"},{"@type":"Organization","@id":"https:\/\/maismagazine.pt\/#organization","name":"Mais Magazine","url":"https:\/\/maismagazine.pt\/","logo":{"@type":"ImageObject","inLanguage":"pt-PT","@id":"https:\/\/maismagazine.pt\/#\/schema\/logo\/image\/","url":"http:\/\/maismagazine.pt\/wp-content\/uploads\/2020\/04\/cropped-cropped-mais-magazine-site-logo-2.png","contentUrl":"http:\/\/maismagazine.pt\/wp-content\/uploads\/2020\/04\/cropped-cropped-mais-magazine-site-logo-2.png","width":581,"height":90,"caption":"Mais Magazine"},"image":{"@id":"https:\/\/maismagazine.pt\/#\/schema\/logo\/image\/"}},{"@type":"Person","@id":"https:\/\/maismagazine.pt\/#\/schema\/person\/999bd426f894ff56d397ec12ebd21ebb","name":"Jo\u00e3o Malainho","image":{"@type":"ImageObject","inLanguage":"pt-PT","@id":"https:\/\/maismagazine.pt\/#\/schema\/person\/image\/","url":"https:\/\/secure.gravatar.com\/avatar\/ff03c2f38edf60b2a827aa4f74878491?s=96&d=mm&r=g","contentUrl":"https:\/\/secure.gravatar.com\/avatar\/ff03c2f38edf60b2a827aa4f74878491?s=96&d=mm&r=g","caption":"Jo\u00e3o Malainho"},"url":"http:\/\/maismagazine.pt\/index.php\/author\/maismagazine\/"}]}},"author_meta":{"display_name":false,"author_link":"http:\/\/maismagazine.pt\/index.php\/author\/maismagazine\/"},"featured_img":"http:\/\/maismagazine.pt\/wp-content\/uploads\/2022\/03\/ValeMo_Termas_A00_0947-300x200.jpg","coauthors":[],"tax_additional":{"categories":{"linked":["<a href=\"http:\/\/maismagazine.pt\/index.php\/category\/empreendedorismo\/ambiente-e-sustentabilidade\/\" class=\"advgb-post-tax-term\">Ambiente e Sustentabilidade<\/a>","<a href=\"http:\/\/maismagazine.pt\/index.php\/category\/empreendedorismo\/\" class=\"advgb-post-tax-term\">Empreendedorismo<\/a>"],"unlinked":["<span class=\"advgb-post-tax-term\">Ambiente e Sustentabilidade<\/span>","<span class=\"advgb-post-tax-term\">Empreendedorismo<\/span>"]},"tags":{"linked":["<a href=\"http:\/\/maismagazine.pt\/index.php\/category\/empreendedorismo\/\" class=\"advgb-post-tax-term\">\u00e1gua<\/a>","<a href=\"http:\/\/maismagazine.pt\/index.php\/category\/empreendedorismo\/\" class=\"advgb-post-tax-term\">Bem-estar<\/a>","<a href=\"http:\/\/maismagazine.pt\/index.php\/category\/empreendedorismo\/\" class=\"advgb-post-tax-term\">sa\u00fade<\/a>","<a href=\"http:\/\/maismagazine.pt\/index.php\/category\/empreendedorismo\/\" class=\"advgb-post-tax-term\">Termas<\/a>"],"unlinked":["<span class=\"advgb-post-tax-term\">\u00e1gua<\/span>","<span class=\"advgb-post-tax-term\">Bem-estar<\/span>","<span class=\"advgb-post-tax-term\">sa\u00fade<\/span>","<span class=\"advgb-post-tax-term\">Termas<\/span>"]}},"comment_count":"0","relative_dates":{"created":"Posted 4 anos ago","modified":"Updated 4 anos ago"},"absolute_dates":{"created":"Posted on 18 de Mar\u00e7o, 2022","modified":"Updated on 18 de Mar\u00e7o, 2022"},"absolute_dates_time":{"created":"Posted on 18 de Mar\u00e7o, 2022 7:00","modified":"Updated on 18 de Mar\u00e7o, 2022 9:51"},"featured_img_caption":"","series_order":"","_links":{"self":[{"href":"http:\/\/maismagazine.pt\/index.php\/wp-json\/wp\/v2\/posts\/2520","targetHints":{"allow":["GET"]}}],"collection":[{"href":"http:\/\/maismagazine.pt\/index.php\/wp-json\/wp\/v2\/posts"}],"about":[{"href":"http:\/\/maismagazine.pt\/index.php\/wp-json\/wp\/v2\/types\/post"}],"author":[{"embeddable":true,"href":"http:\/\/maismagazine.pt\/index.php\/wp-json\/wp\/v2\/users\/7"}],"replies":[{"embeddable":true,"href":"http:\/\/maismagazine.pt\/index.php\/wp-json\/wp\/v2\/comments?post=2520"}],"version-history":[{"count":1,"href":"http:\/\/maismagazine.pt\/index.php\/wp-json\/wp\/v2\/posts\/2520\/revisions"}],"predecessor-version":[{"id":2522,"href":"http:\/\/maismagazine.pt\/index.php\/wp-json\/wp\/v2\/posts\/2520\/revisions\/2522"}],"wp:featuredmedia":[{"embeddable":true,"href":"http:\/\/maismagazine.pt\/index.php\/wp-json\/wp\/v2\/media\/2521"}],"wp:attachment":[{"href":"http:\/\/maismagazine.pt\/index.php\/wp-json\/wp\/v2\/media?parent=2520"}],"wp:term":[{"taxonomy":"category","embeddable":true,"href":"http:\/\/maismagazine.pt\/index.php\/wp-json\/wp\/v2\/categories?post=2520"},{"taxonomy":"post_tag","embeddable":true,"href":"http:\/\/maismagazine.pt\/index.php\/wp-json\/wp\/v2\/tags?post=2520"}],"curies":[{"name":"wp","href":"https:\/\/api.w.org\/{rel}","templated":true}]}}