{"id":2435,"date":"2022-03-05T07:00:00","date_gmt":"2022-03-05T07:00:00","guid":{"rendered":"http:\/\/maismagazine.pt\/?p=2435"},"modified":"2022-03-02T15:57:50","modified_gmt":"2022-03-02T15:57:50","slug":"uma-freguesia-proxima-dos-seus-fregueses","status":"publish","type":"post","link":"http:\/\/maismagazine.pt\/index.php\/2022\/03\/05\/uma-freguesia-proxima-dos-seus-fregueses\/","title":{"rendered":"Uma freguesia pr\u00f3xima dos seus fregueses"},"content":{"rendered":"\n<p><em>Bem pr\u00f3xima da cidade do Porto encontramos a freguesia de \u00c1guas Santas. Situada no limite do concelho da Maia, a freguesia presidida por Miguel dos Santos h\u00e1 muito ganhou um relevo importante no panorama da regi\u00e3o do Grande Porto. Uma freguesia din\u00e2mica e em constante inova\u00e7\u00e3o que vem, a cada dia, refor\u00e7ando o seu principal compromisso: estar cada vez mais perto de todos os seus fregueses.<\/em><\/p>\n\n\n\n<p><\/p>\n\n\n\n<p>\u00c1guas Santas, como parte do eixo perif\u00e9rico mais pr\u00f3ximo do Porto, afirma-se como um <a href=\"http:\/\/www.jf-aguassantas.pt\/pt\/\" target=\"_blank\" rel=\"noreferrer noopener\">territ\u00f3rio<\/a> de continuidade da metr\u00f3pole. Fruto desta proximidade e da liga\u00e7\u00e3o cultural ao grande centro urbano, \u00c1guas Santas vem ganhando um relevo importante na din\u00e2mica de freguesias que comp\u00f5em o munic\u00edpio.<br><\/p>\n\n\n\n<p>O vasto Patrim\u00f3nio Religioso continua a ser um dos principais convites para uma visita \u00e0 freguesia. O Mosteiro\/Igreja de Nossa Senhora do \u00d3, classificado como Monumento Nacional, \u00e9 um dos mais ins\u00f3litos monumentos rom\u00e2nicos portugueses e um local de visita obrigat\u00f3ria numa escapadela a este territ\u00f3rio. Soberbos s\u00e3o tamb\u00e9m os frescos preciosos, de origem seiscentista, alusivos \u00e0s fases da paix\u00e3o de Cristo, poss\u00edveis de contemplar na igreja de Nossa Senhora de Guadalupe. H\u00e1 ainda para descobrir a Igreja de Nosso Senhor dos Aflitos, recentemente reabilitada e localizada nas margens do mais rico recurso natural que passa em \u00c1guas Santas, o rio Le\u00e7a. Na verdade, nesta regi\u00e3o de Portugal, o mais dif\u00edcil ser\u00e1 decidir por onde come\u00e7ar a explorar.<\/p>\n\n\n\n<p><\/p>\n\n\n\n<p>Tendo em conta a riqueza do patrim\u00f3nio e, por outro lado, as necessidades da popula\u00e7\u00e3o e dos visitantes, a Junta de Freguesia de \u00c1guas Santas tem vindo a apostar no desenvolvimento de projetos e iniciativas com o objetivo de promover a atratividade do territ\u00f3rio, a qualidade de vida de quem aqui vive e de quem por aqui passa. \u201cTemos assumido uma aposta clara na Cultura como ferramenta de aproxima\u00e7\u00e3o da popula\u00e7\u00e3o \u00e0s institui\u00e7\u00f5es da freguesia, permitindo que conhe\u00e7am as suas val\u00eancias e o que t\u00eam para oferecer\u201d, esclarece Miguel dos Santos. Neste \u00e2mbito, de destacar o \u00c1guas Santas Fest, que conta j\u00e1 com duas edi\u00e7\u00f5es, e pelo qual passaram j\u00e1 nomes como Miguel Ara\u00fajo, Rita Rocha, Per7ume, entre outros. \u201cQueremos afirmar este evento como um Festival de encerramento de Ver\u00e3o, tendo a particularidade de promover dentro do pr\u00f3prio Festival uma Mostra das Coletividades. A aposta para este mandato passa, sobretudo, pela valoriza\u00e7\u00e3o e promo\u00e7\u00e3o do nosso patrim\u00f3nio edificado e cultural\u201d, esclarece.<\/p>\n\n\n\n<div class=\"wp-block-image\"><figure class=\"aligncenter size-large\"><img loading=\"lazy\" decoding=\"async\" width=\"1024\" height=\"934\" src=\"http:\/\/maismagazine.pt\/wp-content\/uploads\/2022\/03\/FOTO7574-1-1024x934.jpg\" alt=\"\" class=\"wp-image-2437\" srcset=\"http:\/\/maismagazine.pt\/wp-content\/uploads\/2022\/03\/FOTO7574-1-1024x934.jpg 1024w, http:\/\/maismagazine.pt\/wp-content\/uploads\/2022\/03\/FOTO7574-1-300x274.jpg 300w, http:\/\/maismagazine.pt\/wp-content\/uploads\/2022\/03\/FOTO7574-1-768x700.jpg 768w, http:\/\/maismagazine.pt\/wp-content\/uploads\/2022\/03\/FOTO7574-1-1536x1401.jpg 1536w, http:\/\/maismagazine.pt\/wp-content\/uploads\/2022\/03\/FOTO7574-1-2048x1868.jpg 2048w\" sizes=\"auto, (max-width: 1024px) 100vw, 1024px\" \/><\/figure><\/div>\n\n\n\n<p><strong>Um executivo ainda mais pr\u00f3ximo<\/strong><br>Perante a situa\u00e7\u00e3o de emerg\u00eancia provocada pela Covid-19, a Junta de Freguesia de \u00c1guas Santas manteve-se na linha da frente no combate \u00e0 atual pandemia. \u201cEncaramos a pandemia desde o in\u00edcio dando as m\u00e3os \u00e0s institui\u00e7\u00f5es, distribuindo, nos primeiros meses, material de prote\u00e7\u00e3o individual, escassos na altura. Cri\u00e1mos um n\u00famero de apoio social onde as pessoas isoladas, sem retaguarda familiar, podiam pedir ajuda para compras de alimenta\u00e7\u00e3o, medicamentos, consultas e outros\u201d. O refor\u00e7o do apoio dado \u00e0s fam\u00edlias carenciadas, sobretudo o apoio alimentar, foi outra das medidas adotadas pelo executivo, que adquiriu uma viatura de apoio social para distribui\u00e7\u00e3o da ajuda. \u201cApoi\u00e1mos as institui\u00e7\u00f5es e coletividades para fazerem frente aos gastos inesperados que tiveram com o cancelamento das suas atividades e com a aquisi\u00e7\u00e3o de materiais de limpeza e desinfe\u00e7\u00e3o\u201d, afirma.<br><\/p>\n\n\n\n<p>O Poder Local tem a sua principal for\u00e7a na proximidade \u00e0s popula\u00e7\u00f5es, afirmando-se como a primeira voz do povo. Por sua vez, o cidad\u00e3o encara-o como o seu primeiro grande parceiro, aquele a quem se deve dirigir em primeira linha e onde deve colher o apoio necess\u00e1rio. Esta proximidade assume especial import\u00e2ncia para o executivo liderado por Miguel dos Santos que tem vindo a apostar numa presen\u00e7a constante junto das for\u00e7as vivas da Freguesia. \u201cO gradual aumento de servi\u00e7os p\u00fablicos no edif\u00edcio da Junta, o apoio social prestado e o encaminhamento dos problemas das pessoas s\u00e3o fundamentais para que a popula\u00e7\u00e3o nos reconhe\u00e7a como ve\u00edculo preferencial e promotor dessa proximidade\u201d, assume. O edil que confessa ainda que o seu foco continuar\u00e1 a ser \u201cfazer de \u00c1guas Santas uma freguesia de refer\u00eancia na \u00c1rea Metropolitana, cultivando o orgulho aquissantense e continuando a apoiar a heterogeneidade de viv\u00eancias que marca a nossa freguesia\u201d.<\/p>\n","protected":false},"excerpt":{"rendered":"<p>Bem pr\u00f3xima da cidade do Porto encontramos a freguesia de \u00c1guas Santas. Situada no limite do concelho da Maia, a freguesia presidida por Miguel dos Santos h\u00e1 muito ganhou um relevo importante no panorama da regi\u00e3o do Grande Porto. Uma freguesia din\u00e2mica e em constante inova\u00e7\u00e3o que vem, a cada&hellip;<\/p>\n","protected":false},"author":7,"featured_media":2436,"comment_status":"open","ping_status":"open","sticky":false,"template":"","format":"standard","meta":{"advgb_blocks_editor_width":"","advgb_blocks_columns_visual_guide":"","_monsterinsights_skip_tracking":false,"_monsterinsights_sitenote_active":false,"_monsterinsights_sitenote_note":"","_monsterinsights_sitenote_category":0,"footnotes":""},"categories":[424],"tags":[421,425,259],"class_list":["post-2435","post","type-post","status-publish","format-standard","has-post-thumbnail","hentry","category-anafre","tag-anafre","tag-freguesia","tag-porto"],"yoast_head":"<!-- This site is optimized with the Yoast SEO plugin v24.4 - https:\/\/yoast.com\/wordpress\/plugins\/seo\/ -->\n<title>Uma freguesia pr\u00f3xima dos seus fregueses - Mais Magazine<\/title>\n<meta name=\"description\" content=\"A freguesia presidida por Miguel dos Santos h\u00e1 muito ganhou um relevo importante no panorama da regi\u00e3o do Grande Porto.\" \/>\n<meta name=\"robots\" content=\"index, follow, max-snippet:-1, max-image-preview:large, max-video-preview:-1\" \/>\n<link rel=\"canonical\" href=\"https:\/\/maismagazine.pt\/index.php\/2022\/03\/05\/uma-freguesia-proxima-dos-seus-fregueses\/\" \/>\n<meta property=\"og:locale\" content=\"pt_PT\" \/>\n<meta property=\"og:type\" content=\"article\" \/>\n<meta property=\"og:title\" content=\"Uma freguesia pr\u00f3xima dos seus fregueses - Mais Magazine\" \/>\n<meta property=\"og:description\" content=\"A freguesia presidida por Miguel dos Santos h\u00e1 muito ganhou um relevo importante no panorama da regi\u00e3o do Grande Porto.\" \/>\n<meta property=\"og:url\" content=\"https:\/\/maismagazine.pt\/index.php\/2022\/03\/05\/uma-freguesia-proxima-dos-seus-fregueses\/\" \/>\n<meta property=\"og:site_name\" content=\"Mais Magazine\" \/>\n<meta property=\"article:published_time\" content=\"2022-03-05T07:00:00+00:00\" \/>\n<meta property=\"og:image\" content=\"https:\/\/maismagazine.pt\/wp-content\/uploads\/2022\/03\/Foto-JFAS.jpg\" \/>\n\t<meta property=\"og:image:width\" content=\"960\" \/>\n\t<meta property=\"og:image:height\" content=\"660\" \/>\n\t<meta property=\"og:image:type\" content=\"image\/jpeg\" \/>\n<meta name=\"author\" content=\"Jo\u00e3o Malainho\" \/>\n<meta name=\"twitter:card\" content=\"summary_large_image\" \/>\n<meta name=\"twitter:label1\" content=\"Escrito por\" \/>\n\t<meta name=\"twitter:data1\" content=\"\" \/>\n\t<meta name=\"twitter:label2\" content=\"Tempo estimado de leitura\" \/>\n\t<meta name=\"twitter:data2\" content=\"4 minutos\" \/>\n<script type=\"application\/ld+json\" class=\"yoast-schema-graph\">{\"@context\":\"https:\/\/schema.org\",\"@graph\":[{\"@type\":\"Article\",\"@id\":\"https:\/\/maismagazine.pt\/index.php\/2022\/03\/05\/uma-freguesia-proxima-dos-seus-fregueses\/#article\",\"isPartOf\":{\"@id\":\"https:\/\/maismagazine.pt\/index.php\/2022\/03\/05\/uma-freguesia-proxima-dos-seus-fregueses\/\"},\"author\":{\"name\":\"Jo\u00e3o Malainho\",\"@id\":\"https:\/\/maismagazine.pt\/#\/schema\/person\/999bd426f894ff56d397ec12ebd21ebb\"},\"headline\":\"Uma freguesia pr\u00f3xima dos seus fregueses\",\"datePublished\":\"2022-03-05T07:00:00+00:00\",\"mainEntityOfPage\":{\"@id\":\"https:\/\/maismagazine.pt\/index.php\/2022\/03\/05\/uma-freguesia-proxima-dos-seus-fregueses\/\"},\"wordCount\":757,\"commentCount\":0,\"publisher\":{\"@id\":\"https:\/\/maismagazine.pt\/#organization\"},\"image\":{\"@id\":\"https:\/\/maismagazine.pt\/index.php\/2022\/03\/05\/uma-freguesia-proxima-dos-seus-fregueses\/#primaryimage\"},\"thumbnailUrl\":\"http:\/\/maismagazine.pt\/wp-content\/uploads\/2022\/03\/Foto-JFAS.jpg\",\"keywords\":[\"ANAFRE\",\"Freguesia\",\"porto\"],\"articleSection\":[\"ANAFRE\"],\"inLanguage\":\"pt-PT\",\"potentialAction\":[{\"@type\":\"CommentAction\",\"name\":\"Comment\",\"target\":[\"https:\/\/maismagazine.pt\/index.php\/2022\/03\/05\/uma-freguesia-proxima-dos-seus-fregueses\/#respond\"]}]},{\"@type\":\"WebPage\",\"@id\":\"https:\/\/maismagazine.pt\/index.php\/2022\/03\/05\/uma-freguesia-proxima-dos-seus-fregueses\/\",\"url\":\"https:\/\/maismagazine.pt\/index.php\/2022\/03\/05\/uma-freguesia-proxima-dos-seus-fregueses\/\",\"name\":\"Uma freguesia pr\u00f3xima dos seus fregueses - Mais Magazine\",\"isPartOf\":{\"@id\":\"https:\/\/maismagazine.pt\/#website\"},\"primaryImageOfPage\":{\"@id\":\"https:\/\/maismagazine.pt\/index.php\/2022\/03\/05\/uma-freguesia-proxima-dos-seus-fregueses\/#primaryimage\"},\"image\":{\"@id\":\"https:\/\/maismagazine.pt\/index.php\/2022\/03\/05\/uma-freguesia-proxima-dos-seus-fregueses\/#primaryimage\"},\"thumbnailUrl\":\"http:\/\/maismagazine.pt\/wp-content\/uploads\/2022\/03\/Foto-JFAS.jpg\",\"datePublished\":\"2022-03-05T07:00:00+00:00\",\"description\":\"A freguesia presidida por Miguel dos Santos h\u00e1 muito ganhou um relevo importante no panorama da regi\u00e3o do Grande Porto.\",\"breadcrumb\":{\"@id\":\"https:\/\/maismagazine.pt\/index.php\/2022\/03\/05\/uma-freguesia-proxima-dos-seus-fregueses\/#breadcrumb\"},\"inLanguage\":\"pt-PT\",\"potentialAction\":[{\"@type\":\"ReadAction\",\"target\":[\"https:\/\/maismagazine.pt\/index.php\/2022\/03\/05\/uma-freguesia-proxima-dos-seus-fregueses\/\"]}]},{\"@type\":\"ImageObject\",\"inLanguage\":\"pt-PT\",\"@id\":\"https:\/\/maismagazine.pt\/index.php\/2022\/03\/05\/uma-freguesia-proxima-dos-seus-fregueses\/#primaryimage\",\"url\":\"http:\/\/maismagazine.pt\/wp-content\/uploads\/2022\/03\/Foto-JFAS.jpg\",\"contentUrl\":\"http:\/\/maismagazine.pt\/wp-content\/uploads\/2022\/03\/Foto-JFAS.jpg\",\"width\":960,\"height\":660},{\"@type\":\"BreadcrumbList\",\"@id\":\"https:\/\/maismagazine.pt\/index.php\/2022\/03\/05\/uma-freguesia-proxima-dos-seus-fregueses\/#breadcrumb\",\"itemListElement\":[{\"@type\":\"ListItem\",\"position\":1,\"name\":\"Home\",\"item\":\"https:\/\/maismagazine.pt\/\"},{\"@type\":\"ListItem\",\"position\":2,\"name\":\"Uma freguesia pr\u00f3xima dos seus fregueses\"}]},{\"@type\":\"WebSite\",\"@id\":\"https:\/\/maismagazine.pt\/#website\",\"url\":\"https:\/\/maismagazine.pt\/\",\"name\":\"Mais Magazine\",\"description\":\"\",\"publisher\":{\"@id\":\"https:\/\/maismagazine.pt\/#organization\"},\"potentialAction\":[{\"@type\":\"SearchAction\",\"target\":{\"@type\":\"EntryPoint\",\"urlTemplate\":\"https:\/\/maismagazine.pt\/?s={search_term_string}\"},\"query-input\":{\"@type\":\"PropertyValueSpecification\",\"valueRequired\":true,\"valueName\":\"search_term_string\"}}],\"inLanguage\":\"pt-PT\"},{\"@type\":\"Organization\",\"@id\":\"https:\/\/maismagazine.pt\/#organization\",\"name\":\"Mais Magazine\",\"url\":\"https:\/\/maismagazine.pt\/\",\"logo\":{\"@type\":\"ImageObject\",\"inLanguage\":\"pt-PT\",\"@id\":\"https:\/\/maismagazine.pt\/#\/schema\/logo\/image\/\",\"url\":\"http:\/\/maismagazine.pt\/wp-content\/uploads\/2020\/04\/cropped-cropped-mais-magazine-site-logo-2.png\",\"contentUrl\":\"http:\/\/maismagazine.pt\/wp-content\/uploads\/2020\/04\/cropped-cropped-mais-magazine-site-logo-2.png\",\"width\":581,\"height\":90,\"caption\":\"Mais Magazine\"},\"image\":{\"@id\":\"https:\/\/maismagazine.pt\/#\/schema\/logo\/image\/\"}},{\"@type\":\"Person\",\"@id\":\"https:\/\/maismagazine.pt\/#\/schema\/person\/999bd426f894ff56d397ec12ebd21ebb\",\"name\":\"Jo\u00e3o Malainho\",\"image\":{\"@type\":\"ImageObject\",\"inLanguage\":\"pt-PT\",\"@id\":\"https:\/\/maismagazine.pt\/#\/schema\/person\/image\/\",\"url\":\"https:\/\/secure.gravatar.com\/avatar\/ff03c2f38edf60b2a827aa4f74878491?s=96&d=mm&r=g\",\"contentUrl\":\"https:\/\/secure.gravatar.com\/avatar\/ff03c2f38edf60b2a827aa4f74878491?s=96&d=mm&r=g\",\"caption\":\"Jo\u00e3o Malainho\"},\"url\":\"http:\/\/maismagazine.pt\/index.php\/author\/maismagazine\/\"}]}<\/script>\n<!-- \/ Yoast SEO plugin. -->","yoast_head_json":{"title":"Uma freguesia pr\u00f3xima dos seus fregueses - Mais Magazine","description":"A freguesia presidida por Miguel dos Santos h\u00e1 muito ganhou um relevo importante no panorama da regi\u00e3o do Grande Porto.","robots":{"index":"index","follow":"follow","max-snippet":"max-snippet:-1","max-image-preview":"max-image-preview:large","max-video-preview":"max-video-preview:-1"},"canonical":"https:\/\/maismagazine.pt\/index.php\/2022\/03\/05\/uma-freguesia-proxima-dos-seus-fregueses\/","og_locale":"pt_PT","og_type":"article","og_title":"Uma freguesia pr\u00f3xima dos seus fregueses - Mais Magazine","og_description":"A freguesia presidida por Miguel dos Santos h\u00e1 muito ganhou um relevo importante no panorama da regi\u00e3o do Grande Porto.","og_url":"https:\/\/maismagazine.pt\/index.php\/2022\/03\/05\/uma-freguesia-proxima-dos-seus-fregueses\/","og_site_name":"Mais Magazine","article_published_time":"2022-03-05T07:00:00+00:00","og_image":[{"width":960,"height":660,"url":"https:\/\/maismagazine.pt\/wp-content\/uploads\/2022\/03\/Foto-JFAS.jpg","type":"image\/jpeg"}],"author":"Jo\u00e3o Malainho","twitter_card":"summary_large_image","twitter_misc":{"Escrito por":false,"Tempo estimado de leitura":"4 minutos"},"schema":{"@context":"https:\/\/schema.org","@graph":[{"@type":"Article","@id":"https:\/\/maismagazine.pt\/index.php\/2022\/03\/05\/uma-freguesia-proxima-dos-seus-fregueses\/#article","isPartOf":{"@id":"https:\/\/maismagazine.pt\/index.php\/2022\/03\/05\/uma-freguesia-proxima-dos-seus-fregueses\/"},"author":{"name":"Jo\u00e3o Malainho","@id":"https:\/\/maismagazine.pt\/#\/schema\/person\/999bd426f894ff56d397ec12ebd21ebb"},"headline":"Uma freguesia pr\u00f3xima dos seus fregueses","datePublished":"2022-03-05T07:00:00+00:00","mainEntityOfPage":{"@id":"https:\/\/maismagazine.pt\/index.php\/2022\/03\/05\/uma-freguesia-proxima-dos-seus-fregueses\/"},"wordCount":757,"commentCount":0,"publisher":{"@id":"https:\/\/maismagazine.pt\/#organization"},"image":{"@id":"https:\/\/maismagazine.pt\/index.php\/2022\/03\/05\/uma-freguesia-proxima-dos-seus-fregueses\/#primaryimage"},"thumbnailUrl":"http:\/\/maismagazine.pt\/wp-content\/uploads\/2022\/03\/Foto-JFAS.jpg","keywords":["ANAFRE","Freguesia","porto"],"articleSection":["ANAFRE"],"inLanguage":"pt-PT","potentialAction":[{"@type":"CommentAction","name":"Comment","target":["https:\/\/maismagazine.pt\/index.php\/2022\/03\/05\/uma-freguesia-proxima-dos-seus-fregueses\/#respond"]}]},{"@type":"WebPage","@id":"https:\/\/maismagazine.pt\/index.php\/2022\/03\/05\/uma-freguesia-proxima-dos-seus-fregueses\/","url":"https:\/\/maismagazine.pt\/index.php\/2022\/03\/05\/uma-freguesia-proxima-dos-seus-fregueses\/","name":"Uma freguesia pr\u00f3xima dos seus fregueses - Mais Magazine","isPartOf":{"@id":"https:\/\/maismagazine.pt\/#website"},"primaryImageOfPage":{"@id":"https:\/\/maismagazine.pt\/index.php\/2022\/03\/05\/uma-freguesia-proxima-dos-seus-fregueses\/#primaryimage"},"image":{"@id":"https:\/\/maismagazine.pt\/index.php\/2022\/03\/05\/uma-freguesia-proxima-dos-seus-fregueses\/#primaryimage"},"thumbnailUrl":"http:\/\/maismagazine.pt\/wp-content\/uploads\/2022\/03\/Foto-JFAS.jpg","datePublished":"2022-03-05T07:00:00+00:00","description":"A freguesia presidida por Miguel dos Santos h\u00e1 muito ganhou um relevo importante no panorama da regi\u00e3o do Grande Porto.","breadcrumb":{"@id":"https:\/\/maismagazine.pt\/index.php\/2022\/03\/05\/uma-freguesia-proxima-dos-seus-fregueses\/#breadcrumb"},"inLanguage":"pt-PT","potentialAction":[{"@type":"ReadAction","target":["https:\/\/maismagazine.pt\/index.php\/2022\/03\/05\/uma-freguesia-proxima-dos-seus-fregueses\/"]}]},{"@type":"ImageObject","inLanguage":"pt-PT","@id":"https:\/\/maismagazine.pt\/index.php\/2022\/03\/05\/uma-freguesia-proxima-dos-seus-fregueses\/#primaryimage","url":"http:\/\/maismagazine.pt\/wp-content\/uploads\/2022\/03\/Foto-JFAS.jpg","contentUrl":"http:\/\/maismagazine.pt\/wp-content\/uploads\/2022\/03\/Foto-JFAS.jpg","width":960,"height":660},{"@type":"BreadcrumbList","@id":"https:\/\/maismagazine.pt\/index.php\/2022\/03\/05\/uma-freguesia-proxima-dos-seus-fregueses\/#breadcrumb","itemListElement":[{"@type":"ListItem","position":1,"name":"Home","item":"https:\/\/maismagazine.pt\/"},{"@type":"ListItem","position":2,"name":"Uma freguesia pr\u00f3xima dos seus fregueses"}]},{"@type":"WebSite","@id":"https:\/\/maismagazine.pt\/#website","url":"https:\/\/maismagazine.pt\/","name":"Mais Magazine","description":"","publisher":{"@id":"https:\/\/maismagazine.pt\/#organization"},"potentialAction":[{"@type":"SearchAction","target":{"@type":"EntryPoint","urlTemplate":"https:\/\/maismagazine.pt\/?s={search_term_string}"},"query-input":{"@type":"PropertyValueSpecification","valueRequired":true,"valueName":"search_term_string"}}],"inLanguage":"pt-PT"},{"@type":"Organization","@id":"https:\/\/maismagazine.pt\/#organization","name":"Mais Magazine","url":"https:\/\/maismagazine.pt\/","logo":{"@type":"ImageObject","inLanguage":"pt-PT","@id":"https:\/\/maismagazine.pt\/#\/schema\/logo\/image\/","url":"http:\/\/maismagazine.pt\/wp-content\/uploads\/2020\/04\/cropped-cropped-mais-magazine-site-logo-2.png","contentUrl":"http:\/\/maismagazine.pt\/wp-content\/uploads\/2020\/04\/cropped-cropped-mais-magazine-site-logo-2.png","width":581,"height":90,"caption":"Mais Magazine"},"image":{"@id":"https:\/\/maismagazine.pt\/#\/schema\/logo\/image\/"}},{"@type":"Person","@id":"https:\/\/maismagazine.pt\/#\/schema\/person\/999bd426f894ff56d397ec12ebd21ebb","name":"Jo\u00e3o Malainho","image":{"@type":"ImageObject","inLanguage":"pt-PT","@id":"https:\/\/maismagazine.pt\/#\/schema\/person\/image\/","url":"https:\/\/secure.gravatar.com\/avatar\/ff03c2f38edf60b2a827aa4f74878491?s=96&d=mm&r=g","contentUrl":"https:\/\/secure.gravatar.com\/avatar\/ff03c2f38edf60b2a827aa4f74878491?s=96&d=mm&r=g","caption":"Jo\u00e3o Malainho"},"url":"http:\/\/maismagazine.pt\/index.php\/author\/maismagazine\/"}]}},"author_meta":{"display_name":false,"author_link":"http:\/\/maismagazine.pt\/index.php\/author\/maismagazine\/"},"featured_img":"http:\/\/maismagazine.pt\/wp-content\/uploads\/2022\/03\/Foto-JFAS-300x206.jpg","coauthors":[],"tax_additional":{"categories":{"linked":["<a href=\"http:\/\/maismagazine.pt\/index.php\/category\/anafre\/\" class=\"advgb-post-tax-term\">ANAFRE<\/a>"],"unlinked":["<span class=\"advgb-post-tax-term\">ANAFRE<\/span>"]},"tags":{"linked":["<a href=\"http:\/\/maismagazine.pt\/index.php\/category\/anafre\/\" class=\"advgb-post-tax-term\">ANAFRE<\/a>","<a href=\"http:\/\/maismagazine.pt\/index.php\/category\/anafre\/\" class=\"advgb-post-tax-term\">Freguesia<\/a>","<a href=\"http:\/\/maismagazine.pt\/index.php\/category\/anafre\/\" class=\"advgb-post-tax-term\">porto<\/a>"],"unlinked":["<span class=\"advgb-post-tax-term\">ANAFRE<\/span>","<span class=\"advgb-post-tax-term\">Freguesia<\/span>","<span class=\"advgb-post-tax-term\">porto<\/span>"]}},"comment_count":"0","relative_dates":{"created":"Posted 4 anos ago","modified":"Updated 4 anos ago"},"absolute_dates":{"created":"Posted on 5 de Mar\u00e7o, 2022","modified":"Updated on 2 de Mar\u00e7o, 2022"},"absolute_dates_time":{"created":"Posted on 5 de Mar\u00e7o, 2022 7:00","modified":"Updated on 2 de Mar\u00e7o, 2022 15:57"},"featured_img_caption":"","series_order":"","_links":{"self":[{"href":"http:\/\/maismagazine.pt\/index.php\/wp-json\/wp\/v2\/posts\/2435","targetHints":{"allow":["GET"]}}],"collection":[{"href":"http:\/\/maismagazine.pt\/index.php\/wp-json\/wp\/v2\/posts"}],"about":[{"href":"http:\/\/maismagazine.pt\/index.php\/wp-json\/wp\/v2\/types\/post"}],"author":[{"embeddable":true,"href":"http:\/\/maismagazine.pt\/index.php\/wp-json\/wp\/v2\/users\/7"}],"replies":[{"embeddable":true,"href":"http:\/\/maismagazine.pt\/index.php\/wp-json\/wp\/v2\/comments?post=2435"}],"version-history":[{"count":1,"href":"http:\/\/maismagazine.pt\/index.php\/wp-json\/wp\/v2\/posts\/2435\/revisions"}],"predecessor-version":[{"id":2438,"href":"http:\/\/maismagazine.pt\/index.php\/wp-json\/wp\/v2\/posts\/2435\/revisions\/2438"}],"wp:featuredmedia":[{"embeddable":true,"href":"http:\/\/maismagazine.pt\/index.php\/wp-json\/wp\/v2\/media\/2436"}],"wp:attachment":[{"href":"http:\/\/maismagazine.pt\/index.php\/wp-json\/wp\/v2\/media?parent=2435"}],"wp:term":[{"taxonomy":"category","embeddable":true,"href":"http:\/\/maismagazine.pt\/index.php\/wp-json\/wp\/v2\/categories?post=2435"},{"taxonomy":"post_tag","embeddable":true,"href":"http:\/\/maismagazine.pt\/index.php\/wp-json\/wp\/v2\/tags?post=2435"}],"curies":[{"name":"wp","href":"https:\/\/api.w.org\/{rel}","templated":true}]}}