{"id":2418,"date":"2022-03-05T07:00:00","date_gmt":"2022-03-05T07:00:00","guid":{"rendered":"http:\/\/maismagazine.pt\/?p=2418"},"modified":"2022-03-02T15:04:07","modified_gmt":"2022-03-02T15:04:07","slug":"sempre-pelas-pessoas-pelas-pessoas-sempre","status":"publish","type":"post","link":"http:\/\/maismagazine.pt\/index.php\/2022\/03\/05\/sempre-pelas-pessoas-pelas-pessoas-sempre\/","title":{"rendered":"\u201cSempre pelas pessoas, pelas pessoas sempre\u201d"},"content":{"rendered":"\n<p><em>A <a href=\"https:\/\/www.jfsantoantonio.pt\/\" target=\"_blank\" rel=\"noreferrer noopener\">Freguesia<\/a> de Santo Ant\u00f3nio est\u00e1 localizada bem no cora\u00e7\u00e3o de Lisboa. \u00danica e singular, esta freguesia que integra o tecido urbano da cidade, n\u00e3o para de surpreender. Novos projetos e novas ideias s\u00e3o a for\u00e7a motriz do executivo liderado por Vasco Morgado. Em entrevista \u00e0 Mais Magazine, o edil falou de tem\u00e1ticas como a proximidade \u00e0 popula\u00e7\u00e3o, da import\u00e2ncia do turismo enquanto atividade dinamizadora do territ\u00f3rio e dos projetos ainda em vista para o futuro da freguesia lisboeta.<\/em><\/p>\n\n\n\n<p><\/p>\n\n\n\n<p>A Freguesia de Santo Ant\u00f3nio, em Lisboa, resulta da agrega\u00e7\u00e3o das tr\u00eas antigas freguesias de S. Jos\u00e9, Cora\u00e7\u00e3o de Jesus e S\u00e3o Mamede. Situada bem no cora\u00e7\u00e3o da cidade, a freguesia conta com mais de 10 mil eleitores e por l\u00e1 passam, em circunst\u00e2ncias normais, entre trabalhadores e turistas, cerca de 250 mil pessoas por dia. N\u00e3o \u00e9 de admirar que Santo Ant\u00f3nio seja uma das freguesias mais din\u00e2micas das 24 que, no total, comp\u00f5em a capital.<br><\/p>\n\n\n\n<p>Perante esta realidade, Vasco Morgado, presidente da Junta de Freguesia, destaca a import\u00e2ncia de um executivo din\u00e2mico, e,  sobretudo, imaginativo, capaz de corresponder da melhor forma a quem l\u00e1 vive, trabalha, ou por l\u00e1 passa. \u201cA prioridade s\u00e3o as pessoas. Por isso, a nossa especial aten\u00e7\u00e3o prende-se sempre em construir projetos de apoio, perceber quem precisa e o que precisa\u201d, esclarece. Com projetos focados nas necessidades da popula\u00e7\u00e3o, e n\u00e3o s\u00f3, como s\u00e3o exemplo o projeto Vassouras&amp;Companhia, a Mercearia Social VALOR Humano, o<br>Espa\u00e7o J\u00falia \u2013 RIAV (Resposta Integrada de Apoio \u00e0 V\u00edtima), o Projeto B\u00fassola ou o Projeto Farol, o atual executivo desenvolve um trabalho merit\u00f3rio na \u00e1rea social, a que pretende dar continuidade ao longo do presente mandato. \u201cNeste mandato vamos ainda criar um projeto de apoio e preven\u00e7\u00e3o \u00e0 sa\u00fade. Queremos fazer nascer uma \u2018Freguesia Saud\u00e1vel\u2019\u201d, confidencia.<\/p>\n\n\n\n<div class=\"wp-block-image\"><figure class=\"aligncenter size-large\"><img loading=\"lazy\" decoding=\"async\" width=\"683\" height=\"1024\" src=\"http:\/\/maismagazine.pt\/wp-content\/uploads\/2022\/03\/DSCF9090-683x1024.jpg\" alt=\"\" class=\"wp-image-2420\" srcset=\"http:\/\/maismagazine.pt\/wp-content\/uploads\/2022\/03\/DSCF9090-683x1024.jpg 683w, http:\/\/maismagazine.pt\/wp-content\/uploads\/2022\/03\/DSCF9090-200x300.jpg 200w, http:\/\/maismagazine.pt\/wp-content\/uploads\/2022\/03\/DSCF9090-768x1152.jpg 768w, http:\/\/maismagazine.pt\/wp-content\/uploads\/2022\/03\/DSCF9090-1024x1536.jpg 1024w, http:\/\/maismagazine.pt\/wp-content\/uploads\/2022\/03\/DSCF9090-1366x2048.jpg 1366w, http:\/\/maismagazine.pt\/wp-content\/uploads\/2022\/03\/DSCF9090.jpg 1667w\" sizes=\"auto, (max-width: 683px) 100vw, 683px\" \/><\/figure><\/div>\n\n\n\n<p><strong>Proximidade: A marca de Santo Ant\u00f3nio<\/strong><br>O Poder Local tem a sua principal for\u00e7a na proximidade \u00e0s popula\u00e7\u00f5es, afirmando-se como a primeira voz do povo. Por sua vez, o cidad\u00e3o encara-o como o seu primeiro grande parceiro, aquele a quem se deve dirigir em primeira linha e onde deve colher o apoio necess\u00e1rio. Uma proximidade que assumiu especial import\u00e2ncia nos \u00faltimos dois anos. Perante a situa\u00e7\u00e3o de emerg\u00eancia provocada pela Covid-19, as Juntas de Freguesia mantiveram-se na linha da frente no combate \u00e0 atual pandemia. Com a freguesia de Santo Ant\u00f3nio a realidade n\u00e3o foi diferente: \u201cReinvent\u00e1mos a forma de trabalhar, de apoiar os nossos fregueses e mesmo longe conseguimos estar perto. E como? Continu\u00e1mos a entregar a comida, fazer as compras de supermercado aos nossos fregueses, at\u00e9 passear animais ou levar livros da escola a casa. Fizemos um pouco de tudo, at\u00e9 \u00e0s vezes ficar na rua a falar com uma pessoa que estava \u00e0 janela e precisava de companhia\u201d, ressalva Vasco Morgado, que n\u00e3o esquece de enaltecer que tudo isto s\u00f3 foi poss\u00edvel \u201cgra\u00e7as \u00e0 equipa que tenho a honra de ter a meu lado\u201d.<\/p>\n\n\n\n<p><\/p>\n\n\n\n<p><strong>Turismo \u00e9 um dos motores de desenvolvimento<\/strong><br>\u00c9 ineg\u00e1vel que estamos perante um territ\u00f3rio com um vasto patrim\u00f3nio cultural, onde podemos encontrar v\u00e1rios \u00edcones associados a Lisboa. Por ali pode-se visitar um dos dez melhores museus  privados do mundo, a \u201cCasa-Museu Medeiros e Almeida\u201d, a Funda\u00e7\u00e3o Arpad Szenes-Vieira da Silva, al\u00e9m dos espet\u00e1culos internacionais no Teatro Tivoli BBVA ou os ciclos mundiais de cinema no S\u00e3o Jorge. Em breve, espera-se ainda uma grande novidade no \u00e2mbito cultural: um Parque Mayer vers\u00e3o 2.0. \u201cUrge rejuvenescer o Parque Mayer, reinventando-o, transformando-o, fazendo renascer\u201d, confessa Vasco Morgado. <\/p>\n\n\n\n<p><\/p>\n\n\n\n<p>Na capital de Portugal o mais dif\u00edcil ser\u00e1 decidir por onde come\u00e7ar a explorar. Durante o dia \u00e9 poss\u00edvel passear num dos jardins mais rom\u00e2nticos da cidade, o Jardim do Torel. Percorrer a Avenida da Liberdade e deixar-se levar pelas suas ruas paralelas para conhecer outros recantos de Santo Ant\u00f3nio.<br>\u201cDiria que tamb\u00e9m \u00e9 obrigat\u00f3rio uma visita ao Museu Nacional de Hist\u00f3ria Natural e da Ci\u00eancia, um im\u00f3vel classificado como Monumento de Interesse P\u00fablico\u201d, aconselha o presidente. No que \u00e0 restaura\u00e7\u00e3o diz respeito, o mas dif\u00edcil \u00e9 mesmo escolher. Com oferta para todos os gostos, desde os mais requintados at\u00e9 aos mais t\u00edpicos, \u00e9 garantido que sair\u00e1 sempre satisfeito.<br><\/p>\n\n\n\n<p>Neste contexto, fomentar e promover a economia local tem sido tamb\u00e9m uma das principais bandeiras do atual executivo, que est\u00e1 j\u00e1 trabalhar \u201cem projetos para a transi\u00e7\u00e3o digital do <a href=\"https:\/\/maismagazine.pt\/\" target=\"_blank\" rel=\"noreferrer noopener\">com\u00e9rcio<\/a> local\u201d.<\/p>\n\n\n\n<div class=\"wp-block-image\"><figure class=\"aligncenter size-large\"><img loading=\"lazy\" decoding=\"async\" width=\"682\" height=\"1024\" src=\"http:\/\/maismagazine.pt\/wp-content\/uploads\/2022\/03\/IMG-20190405-WA0000-682x1024.jpg\" alt=\"\" class=\"wp-image-2419\" srcset=\"http:\/\/maismagazine.pt\/wp-content\/uploads\/2022\/03\/IMG-20190405-WA0000-682x1024.jpg 682w, http:\/\/maismagazine.pt\/wp-content\/uploads\/2022\/03\/IMG-20190405-WA0000-200x300.jpg 200w, http:\/\/maismagazine.pt\/wp-content\/uploads\/2022\/03\/IMG-20190405-WA0000-768x1153.jpg 768w, http:\/\/maismagazine.pt\/wp-content\/uploads\/2022\/03\/IMG-20190405-WA0000-1023x1536.jpg 1023w, http:\/\/maismagazine.pt\/wp-content\/uploads\/2022\/03\/IMG-20190405-WA0000.jpg 1066w\" sizes=\"auto, (max-width: 682px) 100vw, 682px\" \/><\/figure><\/div>\n\n\n\n<p><strong>Um ano de novos projetos<\/strong><br>O ano de 2021 n\u00e3o foi exatamente o que esper\u00e1vamos que fosse. Mas ainda assim os portugueses mantiveram a esperan\u00e7a, o otimismo e a coragem de seguir em frente. Para a freguesia de Santo Ant\u00f3nio o novo ano ser\u00e1 preenchido com novos sonhos e novos projetos. \u201cV\u00e3o ser 365 dias a caminhar n\u00e3o \u00e0 frente, nem atr\u00e1s, mas sim lado a lado dos \u2018nossos\u2019. Continuamos aqui a qualquer hora, para qualquer problema, seja ele qual for, porque somos parte da solu\u00e7\u00e3o, nunca do problema.\u201d Ou n\u00e3o fosse o lema, \u201cSempre pelas Pessoas\u201d.<\/p>\n","protected":false},"excerpt":{"rendered":"<p>A Freguesia de Santo Ant\u00f3nio est\u00e1 localizada bem no cora\u00e7\u00e3o de Lisboa. \u00danica e singular, esta freguesia que integra o tecido urbano da cidade, n\u00e3o para de surpreender. Novos projetos e novas ideias s\u00e3o a for\u00e7a motriz do executivo liderado por Vasco Morgado. Em entrevista \u00e0 Mais Magazine, o edil&hellip;<\/p>\n","protected":false},"author":7,"featured_media":2421,"comment_status":"open","ping_status":"open","sticky":false,"template":"","format":"standard","meta":{"advgb_blocks_editor_width":"","advgb_blocks_columns_visual_guide":"","_monsterinsights_skip_tracking":false,"_monsterinsights_sitenote_active":false,"_monsterinsights_sitenote_note":"","_monsterinsights_sitenote_category":0,"footnotes":""},"categories":[424,50],"tags":[421,432,425,433],"class_list":["post-2418","post","type-post","status-publish","format-standard","has-post-thumbnail","hentry","category-anafre","category-destaques","tag-anafre","tag-coracao-da-cidade","tag-freguesia","tag-pessoas"],"yoast_head":"<!-- This site is optimized with the Yoast SEO plugin v24.4 - https:\/\/yoast.com\/wordpress\/plugins\/seo\/ -->\n<title>\u201cSempre pelas pessoas, pelas pessoas sempre\u201d - Mais Magazine<\/title>\n<meta name=\"description\" content=\"Est\u00e1 localizada no cora\u00e7\u00e3o de Lisboa. \u00danica e singular, esta freguesia que integra o tecido urbano da cidade, n\u00e3o para de surpreender.\" \/>\n<meta name=\"robots\" content=\"index, follow, max-snippet:-1, max-image-preview:large, max-video-preview:-1\" \/>\n<link rel=\"canonical\" href=\"https:\/\/maismagazine.pt\/index.php\/2022\/03\/05\/sempre-pelas-pessoas-pelas-pessoas-sempre\/\" \/>\n<meta property=\"og:locale\" content=\"pt_PT\" \/>\n<meta property=\"og:type\" content=\"article\" \/>\n<meta property=\"og:title\" content=\"\u201cSempre pelas pessoas, pelas pessoas sempre\u201d - Mais Magazine\" \/>\n<meta property=\"og:description\" content=\"Est\u00e1 localizada no cora\u00e7\u00e3o de Lisboa. \u00danica e singular, esta freguesia que integra o tecido urbano da cidade, n\u00e3o para de surpreender.\" \/>\n<meta property=\"og:url\" content=\"https:\/\/maismagazine.pt\/index.php\/2022\/03\/05\/sempre-pelas-pessoas-pelas-pessoas-sempre\/\" \/>\n<meta property=\"og:site_name\" content=\"Mais Magazine\" \/>\n<meta property=\"article:published_time\" content=\"2022-03-05T07:00:00+00:00\" \/>\n<meta property=\"og:image\" content=\"https:\/\/maismagazine.pt\/wp-content\/uploads\/2022\/03\/DJI_0020.jpg\" \/>\n\t<meta property=\"og:image:width\" content=\"2000\" \/>\n\t<meta property=\"og:image:height\" content=\"1500\" \/>\n\t<meta property=\"og:image:type\" content=\"image\/jpeg\" \/>\n<meta name=\"author\" content=\"Jo\u00e3o Malainho\" \/>\n<meta name=\"twitter:card\" content=\"summary_large_image\" \/>\n<meta name=\"twitter:label1\" content=\"Escrito por\" \/>\n\t<meta name=\"twitter:data1\" content=\"\" \/>\n\t<meta name=\"twitter:label2\" content=\"Tempo estimado de leitura\" \/>\n\t<meta name=\"twitter:data2\" content=\"4 minutos\" \/>\n<script type=\"application\/ld+json\" class=\"yoast-schema-graph\">{\"@context\":\"https:\/\/schema.org\",\"@graph\":[{\"@type\":\"Article\",\"@id\":\"https:\/\/maismagazine.pt\/index.php\/2022\/03\/05\/sempre-pelas-pessoas-pelas-pessoas-sempre\/#article\",\"isPartOf\":{\"@id\":\"https:\/\/maismagazine.pt\/index.php\/2022\/03\/05\/sempre-pelas-pessoas-pelas-pessoas-sempre\/\"},\"author\":{\"name\":\"Jo\u00e3o Malainho\",\"@id\":\"https:\/\/maismagazine.pt\/#\/schema\/person\/999bd426f894ff56d397ec12ebd21ebb\"},\"headline\":\"\u201cSempre pelas pessoas, pelas pessoas sempre\u201d\",\"datePublished\":\"2022-03-05T07:00:00+00:00\",\"mainEntityOfPage\":{\"@id\":\"https:\/\/maismagazine.pt\/index.php\/2022\/03\/05\/sempre-pelas-pessoas-pelas-pessoas-sempre\/\"},\"wordCount\":883,\"commentCount\":0,\"publisher\":{\"@id\":\"https:\/\/maismagazine.pt\/#organization\"},\"image\":{\"@id\":\"https:\/\/maismagazine.pt\/index.php\/2022\/03\/05\/sempre-pelas-pessoas-pelas-pessoas-sempre\/#primaryimage\"},\"thumbnailUrl\":\"http:\/\/maismagazine.pt\/wp-content\/uploads\/2022\/03\/DJI_0020.jpg\",\"keywords\":[\"ANAFRE\",\"cora\u00e7\u00e3o da cidade\",\"Freguesia\",\"pessoas\"],\"articleSection\":[\"ANAFRE\",\"Destaques\"],\"inLanguage\":\"pt-PT\",\"potentialAction\":[{\"@type\":\"CommentAction\",\"name\":\"Comment\",\"target\":[\"https:\/\/maismagazine.pt\/index.php\/2022\/03\/05\/sempre-pelas-pessoas-pelas-pessoas-sempre\/#respond\"]}]},{\"@type\":\"WebPage\",\"@id\":\"https:\/\/maismagazine.pt\/index.php\/2022\/03\/05\/sempre-pelas-pessoas-pelas-pessoas-sempre\/\",\"url\":\"https:\/\/maismagazine.pt\/index.php\/2022\/03\/05\/sempre-pelas-pessoas-pelas-pessoas-sempre\/\",\"name\":\"\u201cSempre pelas pessoas, pelas pessoas sempre\u201d - Mais Magazine\",\"isPartOf\":{\"@id\":\"https:\/\/maismagazine.pt\/#website\"},\"primaryImageOfPage\":{\"@id\":\"https:\/\/maismagazine.pt\/index.php\/2022\/03\/05\/sempre-pelas-pessoas-pelas-pessoas-sempre\/#primaryimage\"},\"image\":{\"@id\":\"https:\/\/maismagazine.pt\/index.php\/2022\/03\/05\/sempre-pelas-pessoas-pelas-pessoas-sempre\/#primaryimage\"},\"thumbnailUrl\":\"http:\/\/maismagazine.pt\/wp-content\/uploads\/2022\/03\/DJI_0020.jpg\",\"datePublished\":\"2022-03-05T07:00:00+00:00\",\"description\":\"Est\u00e1 localizada no cora\u00e7\u00e3o de Lisboa. \u00danica e singular, esta freguesia que integra o tecido urbano da cidade, n\u00e3o para de surpreender.\",\"breadcrumb\":{\"@id\":\"https:\/\/maismagazine.pt\/index.php\/2022\/03\/05\/sempre-pelas-pessoas-pelas-pessoas-sempre\/#breadcrumb\"},\"inLanguage\":\"pt-PT\",\"potentialAction\":[{\"@type\":\"ReadAction\",\"target\":[\"https:\/\/maismagazine.pt\/index.php\/2022\/03\/05\/sempre-pelas-pessoas-pelas-pessoas-sempre\/\"]}]},{\"@type\":\"ImageObject\",\"inLanguage\":\"pt-PT\",\"@id\":\"https:\/\/maismagazine.pt\/index.php\/2022\/03\/05\/sempre-pelas-pessoas-pelas-pessoas-sempre\/#primaryimage\",\"url\":\"http:\/\/maismagazine.pt\/wp-content\/uploads\/2022\/03\/DJI_0020.jpg\",\"contentUrl\":\"http:\/\/maismagazine.pt\/wp-content\/uploads\/2022\/03\/DJI_0020.jpg\",\"width\":2000,\"height\":1500},{\"@type\":\"BreadcrumbList\",\"@id\":\"https:\/\/maismagazine.pt\/index.php\/2022\/03\/05\/sempre-pelas-pessoas-pelas-pessoas-sempre\/#breadcrumb\",\"itemListElement\":[{\"@type\":\"ListItem\",\"position\":1,\"name\":\"Home\",\"item\":\"https:\/\/maismagazine.pt\/\"},{\"@type\":\"ListItem\",\"position\":2,\"name\":\"\u201cSempre pelas pessoas, pelas pessoas sempre\u201d\"}]},{\"@type\":\"WebSite\",\"@id\":\"https:\/\/maismagazine.pt\/#website\",\"url\":\"https:\/\/maismagazine.pt\/\",\"name\":\"Mais Magazine\",\"description\":\"\",\"publisher\":{\"@id\":\"https:\/\/maismagazine.pt\/#organization\"},\"potentialAction\":[{\"@type\":\"SearchAction\",\"target\":{\"@type\":\"EntryPoint\",\"urlTemplate\":\"https:\/\/maismagazine.pt\/?s={search_term_string}\"},\"query-input\":{\"@type\":\"PropertyValueSpecification\",\"valueRequired\":true,\"valueName\":\"search_term_string\"}}],\"inLanguage\":\"pt-PT\"},{\"@type\":\"Organization\",\"@id\":\"https:\/\/maismagazine.pt\/#organization\",\"name\":\"Mais Magazine\",\"url\":\"https:\/\/maismagazine.pt\/\",\"logo\":{\"@type\":\"ImageObject\",\"inLanguage\":\"pt-PT\",\"@id\":\"https:\/\/maismagazine.pt\/#\/schema\/logo\/image\/\",\"url\":\"http:\/\/maismagazine.pt\/wp-content\/uploads\/2020\/04\/cropped-cropped-mais-magazine-site-logo-2.png\",\"contentUrl\":\"http:\/\/maismagazine.pt\/wp-content\/uploads\/2020\/04\/cropped-cropped-mais-magazine-site-logo-2.png\",\"width\":581,\"height\":90,\"caption\":\"Mais Magazine\"},\"image\":{\"@id\":\"https:\/\/maismagazine.pt\/#\/schema\/logo\/image\/\"}},{\"@type\":\"Person\",\"@id\":\"https:\/\/maismagazine.pt\/#\/schema\/person\/999bd426f894ff56d397ec12ebd21ebb\",\"name\":\"Jo\u00e3o Malainho\",\"image\":{\"@type\":\"ImageObject\",\"inLanguage\":\"pt-PT\",\"@id\":\"https:\/\/maismagazine.pt\/#\/schema\/person\/image\/\",\"url\":\"https:\/\/secure.gravatar.com\/avatar\/ff03c2f38edf60b2a827aa4f74878491?s=96&d=mm&r=g\",\"contentUrl\":\"https:\/\/secure.gravatar.com\/avatar\/ff03c2f38edf60b2a827aa4f74878491?s=96&d=mm&r=g\",\"caption\":\"Jo\u00e3o Malainho\"},\"url\":\"http:\/\/maismagazine.pt\/index.php\/author\/maismagazine\/\"}]}<\/script>\n<!-- \/ Yoast SEO plugin. -->","yoast_head_json":{"title":"\u201cSempre pelas pessoas, pelas pessoas sempre\u201d - Mais Magazine","description":"Est\u00e1 localizada no cora\u00e7\u00e3o de Lisboa. \u00danica e singular, esta freguesia que integra o tecido urbano da cidade, n\u00e3o para de surpreender.","robots":{"index":"index","follow":"follow","max-snippet":"max-snippet:-1","max-image-preview":"max-image-preview:large","max-video-preview":"max-video-preview:-1"},"canonical":"https:\/\/maismagazine.pt\/index.php\/2022\/03\/05\/sempre-pelas-pessoas-pelas-pessoas-sempre\/","og_locale":"pt_PT","og_type":"article","og_title":"\u201cSempre pelas pessoas, pelas pessoas sempre\u201d - Mais Magazine","og_description":"Est\u00e1 localizada no cora\u00e7\u00e3o de Lisboa. \u00danica e singular, esta freguesia que integra o tecido urbano da cidade, n\u00e3o para de surpreender.","og_url":"https:\/\/maismagazine.pt\/index.php\/2022\/03\/05\/sempre-pelas-pessoas-pelas-pessoas-sempre\/","og_site_name":"Mais Magazine","article_published_time":"2022-03-05T07:00:00+00:00","og_image":[{"width":2000,"height":1500,"url":"https:\/\/maismagazine.pt\/wp-content\/uploads\/2022\/03\/DJI_0020.jpg","type":"image\/jpeg"}],"author":"Jo\u00e3o Malainho","twitter_card":"summary_large_image","twitter_misc":{"Escrito por":false,"Tempo estimado de leitura":"4 minutos"},"schema":{"@context":"https:\/\/schema.org","@graph":[{"@type":"Article","@id":"https:\/\/maismagazine.pt\/index.php\/2022\/03\/05\/sempre-pelas-pessoas-pelas-pessoas-sempre\/#article","isPartOf":{"@id":"https:\/\/maismagazine.pt\/index.php\/2022\/03\/05\/sempre-pelas-pessoas-pelas-pessoas-sempre\/"},"author":{"name":"Jo\u00e3o Malainho","@id":"https:\/\/maismagazine.pt\/#\/schema\/person\/999bd426f894ff56d397ec12ebd21ebb"},"headline":"\u201cSempre pelas pessoas, pelas pessoas sempre\u201d","datePublished":"2022-03-05T07:00:00+00:00","mainEntityOfPage":{"@id":"https:\/\/maismagazine.pt\/index.php\/2022\/03\/05\/sempre-pelas-pessoas-pelas-pessoas-sempre\/"},"wordCount":883,"commentCount":0,"publisher":{"@id":"https:\/\/maismagazine.pt\/#organization"},"image":{"@id":"https:\/\/maismagazine.pt\/index.php\/2022\/03\/05\/sempre-pelas-pessoas-pelas-pessoas-sempre\/#primaryimage"},"thumbnailUrl":"http:\/\/maismagazine.pt\/wp-content\/uploads\/2022\/03\/DJI_0020.jpg","keywords":["ANAFRE","cora\u00e7\u00e3o da cidade","Freguesia","pessoas"],"articleSection":["ANAFRE","Destaques"],"inLanguage":"pt-PT","potentialAction":[{"@type":"CommentAction","name":"Comment","target":["https:\/\/maismagazine.pt\/index.php\/2022\/03\/05\/sempre-pelas-pessoas-pelas-pessoas-sempre\/#respond"]}]},{"@type":"WebPage","@id":"https:\/\/maismagazine.pt\/index.php\/2022\/03\/05\/sempre-pelas-pessoas-pelas-pessoas-sempre\/","url":"https:\/\/maismagazine.pt\/index.php\/2022\/03\/05\/sempre-pelas-pessoas-pelas-pessoas-sempre\/","name":"\u201cSempre pelas pessoas, pelas pessoas sempre\u201d - Mais Magazine","isPartOf":{"@id":"https:\/\/maismagazine.pt\/#website"},"primaryImageOfPage":{"@id":"https:\/\/maismagazine.pt\/index.php\/2022\/03\/05\/sempre-pelas-pessoas-pelas-pessoas-sempre\/#primaryimage"},"image":{"@id":"https:\/\/maismagazine.pt\/index.php\/2022\/03\/05\/sempre-pelas-pessoas-pelas-pessoas-sempre\/#primaryimage"},"thumbnailUrl":"http:\/\/maismagazine.pt\/wp-content\/uploads\/2022\/03\/DJI_0020.jpg","datePublished":"2022-03-05T07:00:00+00:00","description":"Est\u00e1 localizada no cora\u00e7\u00e3o de Lisboa. \u00danica e singular, esta freguesia que integra o tecido urbano da cidade, n\u00e3o para de surpreender.","breadcrumb":{"@id":"https:\/\/maismagazine.pt\/index.php\/2022\/03\/05\/sempre-pelas-pessoas-pelas-pessoas-sempre\/#breadcrumb"},"inLanguage":"pt-PT","potentialAction":[{"@type":"ReadAction","target":["https:\/\/maismagazine.pt\/index.php\/2022\/03\/05\/sempre-pelas-pessoas-pelas-pessoas-sempre\/"]}]},{"@type":"ImageObject","inLanguage":"pt-PT","@id":"https:\/\/maismagazine.pt\/index.php\/2022\/03\/05\/sempre-pelas-pessoas-pelas-pessoas-sempre\/#primaryimage","url":"http:\/\/maismagazine.pt\/wp-content\/uploads\/2022\/03\/DJI_0020.jpg","contentUrl":"http:\/\/maismagazine.pt\/wp-content\/uploads\/2022\/03\/DJI_0020.jpg","width":2000,"height":1500},{"@type":"BreadcrumbList","@id":"https:\/\/maismagazine.pt\/index.php\/2022\/03\/05\/sempre-pelas-pessoas-pelas-pessoas-sempre\/#breadcrumb","itemListElement":[{"@type":"ListItem","position":1,"name":"Home","item":"https:\/\/maismagazine.pt\/"},{"@type":"ListItem","position":2,"name":"\u201cSempre pelas pessoas, pelas pessoas sempre\u201d"}]},{"@type":"WebSite","@id":"https:\/\/maismagazine.pt\/#website","url":"https:\/\/maismagazine.pt\/","name":"Mais Magazine","description":"","publisher":{"@id":"https:\/\/maismagazine.pt\/#organization"},"potentialAction":[{"@type":"SearchAction","target":{"@type":"EntryPoint","urlTemplate":"https:\/\/maismagazine.pt\/?s={search_term_string}"},"query-input":{"@type":"PropertyValueSpecification","valueRequired":true,"valueName":"search_term_string"}}],"inLanguage":"pt-PT"},{"@type":"Organization","@id":"https:\/\/maismagazine.pt\/#organization","name":"Mais Magazine","url":"https:\/\/maismagazine.pt\/","logo":{"@type":"ImageObject","inLanguage":"pt-PT","@id":"https:\/\/maismagazine.pt\/#\/schema\/logo\/image\/","url":"http:\/\/maismagazine.pt\/wp-content\/uploads\/2020\/04\/cropped-cropped-mais-magazine-site-logo-2.png","contentUrl":"http:\/\/maismagazine.pt\/wp-content\/uploads\/2020\/04\/cropped-cropped-mais-magazine-site-logo-2.png","width":581,"height":90,"caption":"Mais Magazine"},"image":{"@id":"https:\/\/maismagazine.pt\/#\/schema\/logo\/image\/"}},{"@type":"Person","@id":"https:\/\/maismagazine.pt\/#\/schema\/person\/999bd426f894ff56d397ec12ebd21ebb","name":"Jo\u00e3o Malainho","image":{"@type":"ImageObject","inLanguage":"pt-PT","@id":"https:\/\/maismagazine.pt\/#\/schema\/person\/image\/","url":"https:\/\/secure.gravatar.com\/avatar\/ff03c2f38edf60b2a827aa4f74878491?s=96&d=mm&r=g","contentUrl":"https:\/\/secure.gravatar.com\/avatar\/ff03c2f38edf60b2a827aa4f74878491?s=96&d=mm&r=g","caption":"Jo\u00e3o Malainho"},"url":"http:\/\/maismagazine.pt\/index.php\/author\/maismagazine\/"}]}},"author_meta":{"display_name":false,"author_link":"http:\/\/maismagazine.pt\/index.php\/author\/maismagazine\/"},"featured_img":"http:\/\/maismagazine.pt\/wp-content\/uploads\/2022\/03\/DJI_0020-300x225.jpg","coauthors":[],"tax_additional":{"categories":{"linked":["<a href=\"http:\/\/maismagazine.pt\/index.php\/category\/anafre\/\" class=\"advgb-post-tax-term\">ANAFRE<\/a>","<a href=\"http:\/\/maismagazine.pt\/index.php\/category\/destaques\/\" class=\"advgb-post-tax-term\">Destaques<\/a>"],"unlinked":["<span class=\"advgb-post-tax-term\">ANAFRE<\/span>","<span class=\"advgb-post-tax-term\">Destaques<\/span>"]},"tags":{"linked":["<a href=\"http:\/\/maismagazine.pt\/index.php\/category\/destaques\/\" class=\"advgb-post-tax-term\">ANAFRE<\/a>","<a href=\"http:\/\/maismagazine.pt\/index.php\/category\/destaques\/\" class=\"advgb-post-tax-term\">cora\u00e7\u00e3o da cidade<\/a>","<a href=\"http:\/\/maismagazine.pt\/index.php\/category\/destaques\/\" class=\"advgb-post-tax-term\">Freguesia<\/a>","<a href=\"http:\/\/maismagazine.pt\/index.php\/category\/destaques\/\" class=\"advgb-post-tax-term\">pessoas<\/a>"],"unlinked":["<span class=\"advgb-post-tax-term\">ANAFRE<\/span>","<span class=\"advgb-post-tax-term\">cora\u00e7\u00e3o da cidade<\/span>","<span class=\"advgb-post-tax-term\">Freguesia<\/span>","<span class=\"advgb-post-tax-term\">pessoas<\/span>"]}},"comment_count":"0","relative_dates":{"created":"Posted 4 anos ago","modified":"Updated 4 anos ago"},"absolute_dates":{"created":"Posted on 5 de Mar\u00e7o, 2022","modified":"Updated on 2 de Mar\u00e7o, 2022"},"absolute_dates_time":{"created":"Posted on 5 de Mar\u00e7o, 2022 7:00","modified":"Updated on 2 de Mar\u00e7o, 2022 15:04"},"featured_img_caption":"","series_order":"","_links":{"self":[{"href":"http:\/\/maismagazine.pt\/index.php\/wp-json\/wp\/v2\/posts\/2418","targetHints":{"allow":["GET"]}}],"collection":[{"href":"http:\/\/maismagazine.pt\/index.php\/wp-json\/wp\/v2\/posts"}],"about":[{"href":"http:\/\/maismagazine.pt\/index.php\/wp-json\/wp\/v2\/types\/post"}],"author":[{"embeddable":true,"href":"http:\/\/maismagazine.pt\/index.php\/wp-json\/wp\/v2\/users\/7"}],"replies":[{"embeddable":true,"href":"http:\/\/maismagazine.pt\/index.php\/wp-json\/wp\/v2\/comments?post=2418"}],"version-history":[{"count":1,"href":"http:\/\/maismagazine.pt\/index.php\/wp-json\/wp\/v2\/posts\/2418\/revisions"}],"predecessor-version":[{"id":2422,"href":"http:\/\/maismagazine.pt\/index.php\/wp-json\/wp\/v2\/posts\/2418\/revisions\/2422"}],"wp:featuredmedia":[{"embeddable":true,"href":"http:\/\/maismagazine.pt\/index.php\/wp-json\/wp\/v2\/media\/2421"}],"wp:attachment":[{"href":"http:\/\/maismagazine.pt\/index.php\/wp-json\/wp\/v2\/media?parent=2418"}],"wp:term":[{"taxonomy":"category","embeddable":true,"href":"http:\/\/maismagazine.pt\/index.php\/wp-json\/wp\/v2\/categories?post=2418"},{"taxonomy":"post_tag","embeddable":true,"href":"http:\/\/maismagazine.pt\/index.php\/wp-json\/wp\/v2\/tags?post=2418"}],"curies":[{"name":"wp","href":"https:\/\/api.w.org\/{rel}","templated":true}]}}