{"id":2358,"date":"2022-02-11T09:00:00","date_gmt":"2022-02-11T09:00:00","guid":{"rendered":"http:\/\/maismagazine.pt\/?p=2358"},"modified":"2022-02-04T14:16:41","modified_gmt":"2022-02-04T14:16:41","slug":"portugal-na-rota-do-turismo-militar","status":"publish","type":"post","link":"http:\/\/maismagazine.pt\/index.php\/2022\/02\/11\/portugal-na-rota-do-turismo-militar\/","title":{"rendered":"Portugal na rota do Turismo Militar"},"content":{"rendered":"\n<p><\/p>\n\n\n\n<p><strong>O Turismo, em Portugal, constitui-se como um dos principais sectores da economia Nacional. A capacidade de gerar rapidamente emprego e com ele riqueza, fez com que o turismo se tornasse uma das grandes apostas.<\/strong><\/p>\n\n\n\n<p><\/p>\n\n\n\n<p>Portugal tornou-se um reconhecido destino tur\u00edstico de excel\u00eancia, pelo que devemos dar continuidade a esta voca\u00e7\u00e3o, mobilizando esfor\u00e7os e fazendo convergir meios e sinergias num mesmo sentido. O turismo vive uma concorr\u00eancia \u00e0 escala planet\u00e1ria e o nosso sucesso &#8211; o de Portugal, depender\u00e1 tamb\u00e9m, sobretudo, do car\u00e1cter inovador e da capacidade de gerar propostas de valor que atraiam os turistas e que os fa\u00e7am preferir Portugal em rela\u00e7\u00e3o a outros destinos. A Hist\u00f3ria de Portugal e nesta a<a href=\"https:\/\/www.turismomilitar.gov.pt\/\"> militar<\/a>, da qual n\u00e3o h\u00e1 diferencia\u00e7\u00e3o, s\u00e3o j\u00e1 por si s\u00f3 \u00fanicas. S\u00e3o as nossas.<\/p>\n\n\n\n<p>O ano de 2019 foi o melhor ano tur\u00edstico de sempre, com crescimentos significativos, refor\u00e7ando o seu importante contributo para o crescimento da economia portuguesa. Aos conte\u00fados tradicionais que j\u00e1 hoje Portugal oferece, tamb\u00e9m a Direc\u00e7\u00e3o-Geral dos Recursos da Defesa Nacional (DGRDN), tem vindo a acrescentar outras propostas atrav\u00e9s do desenvolvimento do Turismo Militar que permite o desenvolvimento de experi\u00eancias e atividades tur\u00edstico- culturais com capacidade de gerar maior diferencia\u00e7\u00e3o face a destinos concorrentes. \u00c9 nesta inova\u00e7\u00e3o que o Minist\u00e9rio da Defesa Nacional, disponibiliza a mat\u00e9ria-prima indispens\u00e1vel ao desenvolvimento de produtos tur\u00edstico-culturais diferenciados.<\/p>\n\n\n\n<p>A cultura \u00e9 atualmente um dos recursos de maior express\u00e3o e atra\u00e7\u00e3o no panorama tur\u00edstico a n\u00edvel internacional. A Hist\u00f3ria militar faz parte integrante da nossa cultura e, tamb\u00e9m por isso, a DGRDN pretende a partilha com o turista de momentos da Hist\u00f3ria e Cultura Portuguesas, nas quais se insere a hist\u00f3ria das For\u00e7as Armadas.<\/p>\n\n\n\n<p>O contributo do sector do Turismo para a economia nacional \u00e9 significativo e o Turismo, o militar, confere indiscutivelmente a possibilidade de diferencia\u00e7\u00e3o tur\u00edstica, alicer\u00e7ada nas For\u00e7as Armadas, na sua promo\u00e7\u00e3o e difus\u00e3o do seu conhecimento, do est\u00edmulo \u00e0 investiga\u00e7\u00e3o e desenvolvimento do seu estudo e valoriza\u00e7\u00e3o, capitalizando em produtos tur\u00edsticos, como o Roteiro dos Museus Militares, edi\u00e7\u00e3o de 2019, quer materializados em rotas, roteiros e circuitos, disponibilizados no s\u00edtio na internet (www. turismomilitar.gov.pt) onde o visitante, neste momento, poder\u00e1 viajar pelo Roteiro da Estrada Nacional N2, pelo Circuito da Bandeira Nacional ou entrar nos Museus Militares atrav\u00e9s da mesma rota. \u00c9 tamb\u00e9m aqui que permite a candidatura \u00e0 atribui\u00e7\u00e3o do Selo de Turismo Militar que certifica, por parte da DGRDN, todos os projetos que, tendo reconhecida cientificidade, se proponham receber.<\/p>\n\n\n\n<p>O Patrim\u00f3nio de cariz militar, existente em todo o territ\u00f3rio Nacional e tamb\u00e9m um conjunto patrimonial, onde se inclu\u00ed acervo museol\u00f3gico diversificado e documental, obrigou \u00e0 cria\u00e7\u00e3o de um modelo de organiza\u00e7\u00e3o, promo\u00e7\u00e3o e salvaguarda que passa pela divulga\u00e7\u00e3o tur\u00edstica. O Estado, atrav\u00e9s da DGRDN, prop\u00f5e-se, como at\u00e9 ent\u00e3o, a fomentar junto do p\u00fablico nacional e estrangeiro o conhecimento desta \u00e1rea espec\u00edfica transformando num produto atrativo criando sinergias com outras entidades, p\u00fablicas e privadas, que proporcionem uma melhor interpreta\u00e7\u00e3o, maior comunica\u00e7\u00e3o com o p\u00fablico e consequentemente incentivar o seu consumo.<\/p>\n\n\n\n<p>H\u00e1 assim que continuar a promover, interna e externamente, esta vantagem de Portugal, que agora passa igualmente pela necessidade de se manter como destino seguro, refor\u00e7ando a import\u00e2ncia de programas associados ao Turismo Militar que n\u00e3o se limitam a ser mem\u00f3ria do passado, mas, atrav\u00e9s da sua valoriza\u00e7\u00e3o, permitindo novos conhecimentos e construir perspetivas para o futuro.<\/p>\n","protected":false},"excerpt":{"rendered":"<p>O Turismo, em Portugal, constitui-se como um dos principais sectores da economia Nacional. A capacidade de gerar rapidamente emprego e com ele riqueza, fez com que o turismo se tornasse uma das grandes apostas. Portugal tornou-se um reconhecido destino tur\u00edstico de excel\u00eancia, pelo que devemos dar continuidade a esta voca\u00e7\u00e3o,&hellip;<\/p>\n","protected":false},"author":7,"featured_media":2363,"comment_status":"open","ping_status":"open","sticky":false,"template":"","format":"standard","meta":{"advgb_blocks_editor_width":"","advgb_blocks_columns_visual_guide":"","_monsterinsights_skip_tracking":false,"_monsterinsights_sitenote_active":false,"_monsterinsights_sitenote_note":"","_monsterinsights_sitenote_category":0,"footnotes":""},"categories":[6],"tags":[261,417,70,64],"class_list":["post-2358","post","type-post","status-publish","format-standard","has-post-thumbnail","hentry","category-empreendedorismo","tag-emprego","tag-militar","tag-portugal","tag-turismo"],"yoast_head":"<!-- This site is optimized with the Yoast SEO plugin v24.4 - https:\/\/yoast.com\/wordpress\/plugins\/seo\/ -->\n<title>Portugal na rota do Turismo Militar - Mais Magazine<\/title>\n<meta name=\"description\" content=\"O Turismo, em Portugal, constitui-se como um dos principais sectores da economia Nacional.\" \/>\n<meta name=\"robots\" content=\"index, follow, max-snippet:-1, max-image-preview:large, max-video-preview:-1\" \/>\n<link rel=\"canonical\" href=\"http:\/\/maismagazine.pt\/index.php\/2022\/02\/11\/portugal-na-rota-do-turismo-militar\/\" \/>\n<meta property=\"og:locale\" content=\"pt_PT\" \/>\n<meta property=\"og:type\" content=\"article\" \/>\n<meta property=\"og:title\" content=\"Portugal na rota do Turismo Militar - Mais Magazine\" \/>\n<meta property=\"og:description\" content=\"O Turismo, em Portugal, constitui-se como um dos principais sectores da economia Nacional.\" \/>\n<meta property=\"og:url\" content=\"http:\/\/maismagazine.pt\/index.php\/2022\/02\/11\/portugal-na-rota-do-turismo-militar\/\" \/>\n<meta property=\"og:site_name\" content=\"Mais Magazine\" \/>\n<meta property=\"article:published_time\" content=\"2022-02-11T09:00:00+00:00\" \/>\n<meta property=\"og:image\" content=\"http:\/\/maismagazine.pt\/wp-content\/uploads\/2022\/02\/MuseuMilitar-de-Lisboa-scaled.jpg\" \/>\n\t<meta property=\"og:image:width\" content=\"2560\" \/>\n\t<meta property=\"og:image:height\" content=\"1709\" \/>\n\t<meta property=\"og:image:type\" content=\"image\/jpeg\" \/>\n<meta name=\"author\" content=\"Jo\u00e3o Malainho\" \/>\n<meta name=\"twitter:card\" content=\"summary_large_image\" \/>\n<meta name=\"twitter:label1\" content=\"Escrito por\" \/>\n\t<meta name=\"twitter:data1\" content=\"\" \/>\n\t<meta name=\"twitter:label2\" content=\"Tempo estimado de leitura\" \/>\n\t<meta name=\"twitter:data2\" content=\"3 minutos\" \/>\n<script type=\"application\/ld+json\" class=\"yoast-schema-graph\">{\"@context\":\"https:\/\/schema.org\",\"@graph\":[{\"@type\":\"Article\",\"@id\":\"http:\/\/maismagazine.pt\/index.php\/2022\/02\/11\/portugal-na-rota-do-turismo-militar\/#article\",\"isPartOf\":{\"@id\":\"http:\/\/maismagazine.pt\/index.php\/2022\/02\/11\/portugal-na-rota-do-turismo-militar\/\"},\"author\":{\"name\":\"Jo\u00e3o Malainho\",\"@id\":\"https:\/\/maismagazine.pt\/#\/schema\/person\/999bd426f894ff56d397ec12ebd21ebb\"},\"headline\":\"Portugal na rota do Turismo Militar\",\"datePublished\":\"2022-02-11T09:00:00+00:00\",\"mainEntityOfPage\":{\"@id\":\"http:\/\/maismagazine.pt\/index.php\/2022\/02\/11\/portugal-na-rota-do-turismo-militar\/\"},\"wordCount\":629,\"commentCount\":0,\"publisher\":{\"@id\":\"https:\/\/maismagazine.pt\/#organization\"},\"image\":{\"@id\":\"http:\/\/maismagazine.pt\/index.php\/2022\/02\/11\/portugal-na-rota-do-turismo-militar\/#primaryimage\"},\"thumbnailUrl\":\"http:\/\/maismagazine.pt\/wp-content\/uploads\/2022\/02\/MuseuMilitar-de-Lisboa-scaled.jpg\",\"keywords\":[\"emprego\",\"militar\",\"Portugal\",\"Turismo\"],\"articleSection\":[\"Empreendedorismo\"],\"inLanguage\":\"pt-PT\",\"potentialAction\":[{\"@type\":\"CommentAction\",\"name\":\"Comment\",\"target\":[\"http:\/\/maismagazine.pt\/index.php\/2022\/02\/11\/portugal-na-rota-do-turismo-militar\/#respond\"]}]},{\"@type\":\"WebPage\",\"@id\":\"http:\/\/maismagazine.pt\/index.php\/2022\/02\/11\/portugal-na-rota-do-turismo-militar\/\",\"url\":\"http:\/\/maismagazine.pt\/index.php\/2022\/02\/11\/portugal-na-rota-do-turismo-militar\/\",\"name\":\"Portugal na rota do Turismo Militar - Mais Magazine\",\"isPartOf\":{\"@id\":\"https:\/\/maismagazine.pt\/#website\"},\"primaryImageOfPage\":{\"@id\":\"http:\/\/maismagazine.pt\/index.php\/2022\/02\/11\/portugal-na-rota-do-turismo-militar\/#primaryimage\"},\"image\":{\"@id\":\"http:\/\/maismagazine.pt\/index.php\/2022\/02\/11\/portugal-na-rota-do-turismo-militar\/#primaryimage\"},\"thumbnailUrl\":\"http:\/\/maismagazine.pt\/wp-content\/uploads\/2022\/02\/MuseuMilitar-de-Lisboa-scaled.jpg\",\"datePublished\":\"2022-02-11T09:00:00+00:00\",\"description\":\"O Turismo, em Portugal, constitui-se como um dos principais sectores da economia Nacional.\",\"breadcrumb\":{\"@id\":\"http:\/\/maismagazine.pt\/index.php\/2022\/02\/11\/portugal-na-rota-do-turismo-militar\/#breadcrumb\"},\"inLanguage\":\"pt-PT\",\"potentialAction\":[{\"@type\":\"ReadAction\",\"target\":[\"http:\/\/maismagazine.pt\/index.php\/2022\/02\/11\/portugal-na-rota-do-turismo-militar\/\"]}]},{\"@type\":\"ImageObject\",\"inLanguage\":\"pt-PT\",\"@id\":\"http:\/\/maismagazine.pt\/index.php\/2022\/02\/11\/portugal-na-rota-do-turismo-militar\/#primaryimage\",\"url\":\"http:\/\/maismagazine.pt\/wp-content\/uploads\/2022\/02\/MuseuMilitar-de-Lisboa-scaled.jpg\",\"contentUrl\":\"http:\/\/maismagazine.pt\/wp-content\/uploads\/2022\/02\/MuseuMilitar-de-Lisboa-scaled.jpg\",\"width\":2560,\"height\":1709},{\"@type\":\"BreadcrumbList\",\"@id\":\"http:\/\/maismagazine.pt\/index.php\/2022\/02\/11\/portugal-na-rota-do-turismo-militar\/#breadcrumb\",\"itemListElement\":[{\"@type\":\"ListItem\",\"position\":1,\"name\":\"Home\",\"item\":\"https:\/\/maismagazine.pt\/\"},{\"@type\":\"ListItem\",\"position\":2,\"name\":\"Portugal na rota do Turismo Militar\"}]},{\"@type\":\"WebSite\",\"@id\":\"https:\/\/maismagazine.pt\/#website\",\"url\":\"https:\/\/maismagazine.pt\/\",\"name\":\"Mais Magazine\",\"description\":\"\",\"publisher\":{\"@id\":\"https:\/\/maismagazine.pt\/#organization\"},\"potentialAction\":[{\"@type\":\"SearchAction\",\"target\":{\"@type\":\"EntryPoint\",\"urlTemplate\":\"https:\/\/maismagazine.pt\/?s={search_term_string}\"},\"query-input\":{\"@type\":\"PropertyValueSpecification\",\"valueRequired\":true,\"valueName\":\"search_term_string\"}}],\"inLanguage\":\"pt-PT\"},{\"@type\":\"Organization\",\"@id\":\"https:\/\/maismagazine.pt\/#organization\",\"name\":\"Mais Magazine\",\"url\":\"https:\/\/maismagazine.pt\/\",\"logo\":{\"@type\":\"ImageObject\",\"inLanguage\":\"pt-PT\",\"@id\":\"https:\/\/maismagazine.pt\/#\/schema\/logo\/image\/\",\"url\":\"http:\/\/maismagazine.pt\/wp-content\/uploads\/2020\/04\/cropped-cropped-mais-magazine-site-logo-2.png\",\"contentUrl\":\"http:\/\/maismagazine.pt\/wp-content\/uploads\/2020\/04\/cropped-cropped-mais-magazine-site-logo-2.png\",\"width\":581,\"height\":90,\"caption\":\"Mais Magazine\"},\"image\":{\"@id\":\"https:\/\/maismagazine.pt\/#\/schema\/logo\/image\/\"}},{\"@type\":\"Person\",\"@id\":\"https:\/\/maismagazine.pt\/#\/schema\/person\/999bd426f894ff56d397ec12ebd21ebb\",\"name\":\"Jo\u00e3o Malainho\",\"image\":{\"@type\":\"ImageObject\",\"inLanguage\":\"pt-PT\",\"@id\":\"https:\/\/maismagazine.pt\/#\/schema\/person\/image\/\",\"url\":\"https:\/\/secure.gravatar.com\/avatar\/ff03c2f38edf60b2a827aa4f74878491?s=96&d=mm&r=g\",\"contentUrl\":\"https:\/\/secure.gravatar.com\/avatar\/ff03c2f38edf60b2a827aa4f74878491?s=96&d=mm&r=g\",\"caption\":\"Jo\u00e3o Malainho\"},\"url\":\"http:\/\/maismagazine.pt\/index.php\/author\/maismagazine\/\"}]}<\/script>\n<!-- \/ Yoast SEO plugin. -->","yoast_head_json":{"title":"Portugal na rota do Turismo Militar - Mais Magazine","description":"O Turismo, em Portugal, constitui-se como um dos principais sectores da economia Nacional.","robots":{"index":"index","follow":"follow","max-snippet":"max-snippet:-1","max-image-preview":"max-image-preview:large","max-video-preview":"max-video-preview:-1"},"canonical":"http:\/\/maismagazine.pt\/index.php\/2022\/02\/11\/portugal-na-rota-do-turismo-militar\/","og_locale":"pt_PT","og_type":"article","og_title":"Portugal na rota do Turismo Militar - Mais Magazine","og_description":"O Turismo, em Portugal, constitui-se como um dos principais sectores da economia Nacional.","og_url":"http:\/\/maismagazine.pt\/index.php\/2022\/02\/11\/portugal-na-rota-do-turismo-militar\/","og_site_name":"Mais Magazine","article_published_time":"2022-02-11T09:00:00+00:00","og_image":[{"width":2560,"height":1709,"url":"http:\/\/maismagazine.pt\/wp-content\/uploads\/2022\/02\/MuseuMilitar-de-Lisboa-scaled.jpg","type":"image\/jpeg"}],"author":"Jo\u00e3o Malainho","twitter_card":"summary_large_image","twitter_misc":{"Escrito por":false,"Tempo estimado de leitura":"3 minutos"},"schema":{"@context":"https:\/\/schema.org","@graph":[{"@type":"Article","@id":"http:\/\/maismagazine.pt\/index.php\/2022\/02\/11\/portugal-na-rota-do-turismo-militar\/#article","isPartOf":{"@id":"http:\/\/maismagazine.pt\/index.php\/2022\/02\/11\/portugal-na-rota-do-turismo-militar\/"},"author":{"name":"Jo\u00e3o Malainho","@id":"https:\/\/maismagazine.pt\/#\/schema\/person\/999bd426f894ff56d397ec12ebd21ebb"},"headline":"Portugal na rota do Turismo Militar","datePublished":"2022-02-11T09:00:00+00:00","mainEntityOfPage":{"@id":"http:\/\/maismagazine.pt\/index.php\/2022\/02\/11\/portugal-na-rota-do-turismo-militar\/"},"wordCount":629,"commentCount":0,"publisher":{"@id":"https:\/\/maismagazine.pt\/#organization"},"image":{"@id":"http:\/\/maismagazine.pt\/index.php\/2022\/02\/11\/portugal-na-rota-do-turismo-militar\/#primaryimage"},"thumbnailUrl":"http:\/\/maismagazine.pt\/wp-content\/uploads\/2022\/02\/MuseuMilitar-de-Lisboa-scaled.jpg","keywords":["emprego","militar","Portugal","Turismo"],"articleSection":["Empreendedorismo"],"inLanguage":"pt-PT","potentialAction":[{"@type":"CommentAction","name":"Comment","target":["http:\/\/maismagazine.pt\/index.php\/2022\/02\/11\/portugal-na-rota-do-turismo-militar\/#respond"]}]},{"@type":"WebPage","@id":"http:\/\/maismagazine.pt\/index.php\/2022\/02\/11\/portugal-na-rota-do-turismo-militar\/","url":"http:\/\/maismagazine.pt\/index.php\/2022\/02\/11\/portugal-na-rota-do-turismo-militar\/","name":"Portugal na rota do Turismo Militar - Mais Magazine","isPartOf":{"@id":"https:\/\/maismagazine.pt\/#website"},"primaryImageOfPage":{"@id":"http:\/\/maismagazine.pt\/index.php\/2022\/02\/11\/portugal-na-rota-do-turismo-militar\/#primaryimage"},"image":{"@id":"http:\/\/maismagazine.pt\/index.php\/2022\/02\/11\/portugal-na-rota-do-turismo-militar\/#primaryimage"},"thumbnailUrl":"http:\/\/maismagazine.pt\/wp-content\/uploads\/2022\/02\/MuseuMilitar-de-Lisboa-scaled.jpg","datePublished":"2022-02-11T09:00:00+00:00","description":"O Turismo, em Portugal, constitui-se como um dos principais sectores da economia Nacional.","breadcrumb":{"@id":"http:\/\/maismagazine.pt\/index.php\/2022\/02\/11\/portugal-na-rota-do-turismo-militar\/#breadcrumb"},"inLanguage":"pt-PT","potentialAction":[{"@type":"ReadAction","target":["http:\/\/maismagazine.pt\/index.php\/2022\/02\/11\/portugal-na-rota-do-turismo-militar\/"]}]},{"@type":"ImageObject","inLanguage":"pt-PT","@id":"http:\/\/maismagazine.pt\/index.php\/2022\/02\/11\/portugal-na-rota-do-turismo-militar\/#primaryimage","url":"http:\/\/maismagazine.pt\/wp-content\/uploads\/2022\/02\/MuseuMilitar-de-Lisboa-scaled.jpg","contentUrl":"http:\/\/maismagazine.pt\/wp-content\/uploads\/2022\/02\/MuseuMilitar-de-Lisboa-scaled.jpg","width":2560,"height":1709},{"@type":"BreadcrumbList","@id":"http:\/\/maismagazine.pt\/index.php\/2022\/02\/11\/portugal-na-rota-do-turismo-militar\/#breadcrumb","itemListElement":[{"@type":"ListItem","position":1,"name":"Home","item":"https:\/\/maismagazine.pt\/"},{"@type":"ListItem","position":2,"name":"Portugal na rota do Turismo Militar"}]},{"@type":"WebSite","@id":"https:\/\/maismagazine.pt\/#website","url":"https:\/\/maismagazine.pt\/","name":"Mais Magazine","description":"","publisher":{"@id":"https:\/\/maismagazine.pt\/#organization"},"potentialAction":[{"@type":"SearchAction","target":{"@type":"EntryPoint","urlTemplate":"https:\/\/maismagazine.pt\/?s={search_term_string}"},"query-input":{"@type":"PropertyValueSpecification","valueRequired":true,"valueName":"search_term_string"}}],"inLanguage":"pt-PT"},{"@type":"Organization","@id":"https:\/\/maismagazine.pt\/#organization","name":"Mais Magazine","url":"https:\/\/maismagazine.pt\/","logo":{"@type":"ImageObject","inLanguage":"pt-PT","@id":"https:\/\/maismagazine.pt\/#\/schema\/logo\/image\/","url":"http:\/\/maismagazine.pt\/wp-content\/uploads\/2020\/04\/cropped-cropped-mais-magazine-site-logo-2.png","contentUrl":"http:\/\/maismagazine.pt\/wp-content\/uploads\/2020\/04\/cropped-cropped-mais-magazine-site-logo-2.png","width":581,"height":90,"caption":"Mais Magazine"},"image":{"@id":"https:\/\/maismagazine.pt\/#\/schema\/logo\/image\/"}},{"@type":"Person","@id":"https:\/\/maismagazine.pt\/#\/schema\/person\/999bd426f894ff56d397ec12ebd21ebb","name":"Jo\u00e3o Malainho","image":{"@type":"ImageObject","inLanguage":"pt-PT","@id":"https:\/\/maismagazine.pt\/#\/schema\/person\/image\/","url":"https:\/\/secure.gravatar.com\/avatar\/ff03c2f38edf60b2a827aa4f74878491?s=96&d=mm&r=g","contentUrl":"https:\/\/secure.gravatar.com\/avatar\/ff03c2f38edf60b2a827aa4f74878491?s=96&d=mm&r=g","caption":"Jo\u00e3o Malainho"},"url":"http:\/\/maismagazine.pt\/index.php\/author\/maismagazine\/"}]}},"author_meta":{"display_name":false,"author_link":"http:\/\/maismagazine.pt\/index.php\/author\/maismagazine\/"},"featured_img":"http:\/\/maismagazine.pt\/wp-content\/uploads\/2022\/02\/MuseuMilitar-de-Lisboa-300x200.jpg","coauthors":[],"tax_additional":{"categories":{"linked":["<a href=\"http:\/\/maismagazine.pt\/index.php\/category\/empreendedorismo\/\" class=\"advgb-post-tax-term\">Empreendedorismo<\/a>"],"unlinked":["<span class=\"advgb-post-tax-term\">Empreendedorismo<\/span>"]},"tags":{"linked":["<a href=\"http:\/\/maismagazine.pt\/index.php\/category\/empreendedorismo\/\" class=\"advgb-post-tax-term\">emprego<\/a>","<a href=\"http:\/\/maismagazine.pt\/index.php\/category\/empreendedorismo\/\" class=\"advgb-post-tax-term\">militar<\/a>","<a href=\"http:\/\/maismagazine.pt\/index.php\/category\/empreendedorismo\/\" class=\"advgb-post-tax-term\">Portugal<\/a>","<a href=\"http:\/\/maismagazine.pt\/index.php\/category\/empreendedorismo\/\" class=\"advgb-post-tax-term\">Turismo<\/a>"],"unlinked":["<span class=\"advgb-post-tax-term\">emprego<\/span>","<span class=\"advgb-post-tax-term\">militar<\/span>","<span class=\"advgb-post-tax-term\">Portugal<\/span>","<span class=\"advgb-post-tax-term\">Turismo<\/span>"]}},"comment_count":"0","relative_dates":{"created":"Posted 4 anos ago","modified":"Updated 4 anos ago"},"absolute_dates":{"created":"Posted on 11 de Fevereiro, 2022","modified":"Updated on 4 de Fevereiro, 2022"},"absolute_dates_time":{"created":"Posted on 11 de Fevereiro, 2022 9:00","modified":"Updated on 4 de Fevereiro, 2022 14:16"},"featured_img_caption":"","series_order":"","_links":{"self":[{"href":"http:\/\/maismagazine.pt\/index.php\/wp-json\/wp\/v2\/posts\/2358","targetHints":{"allow":["GET"]}}],"collection":[{"href":"http:\/\/maismagazine.pt\/index.php\/wp-json\/wp\/v2\/posts"}],"about":[{"href":"http:\/\/maismagazine.pt\/index.php\/wp-json\/wp\/v2\/types\/post"}],"author":[{"embeddable":true,"href":"http:\/\/maismagazine.pt\/index.php\/wp-json\/wp\/v2\/users\/7"}],"replies":[{"embeddable":true,"href":"http:\/\/maismagazine.pt\/index.php\/wp-json\/wp\/v2\/comments?post=2358"}],"version-history":[{"count":1,"href":"http:\/\/maismagazine.pt\/index.php\/wp-json\/wp\/v2\/posts\/2358\/revisions"}],"predecessor-version":[{"id":2364,"href":"http:\/\/maismagazine.pt\/index.php\/wp-json\/wp\/v2\/posts\/2358\/revisions\/2364"}],"wp:featuredmedia":[{"embeddable":true,"href":"http:\/\/maismagazine.pt\/index.php\/wp-json\/wp\/v2\/media\/2363"}],"wp:attachment":[{"href":"http:\/\/maismagazine.pt\/index.php\/wp-json\/wp\/v2\/media?parent=2358"}],"wp:term":[{"taxonomy":"category","embeddable":true,"href":"http:\/\/maismagazine.pt\/index.php\/wp-json\/wp\/v2\/categories?post=2358"},{"taxonomy":"post_tag","embeddable":true,"href":"http:\/\/maismagazine.pt\/index.php\/wp-json\/wp\/v2\/tags?post=2358"}],"curies":[{"name":"wp","href":"https:\/\/api.w.org\/{rel}","templated":true}]}}