{"id":2289,"date":"2022-02-11T09:00:00","date_gmt":"2022-02-11T09:00:00","guid":{"rendered":"http:\/\/maismagazine.pt\/?p=2289"},"modified":"2022-02-04T11:23:54","modified_gmt":"2022-02-04T11:23:54","slug":"turbo-pecas-o-melhor-para-os-melhores","status":"publish","type":"post","link":"http:\/\/maismagazine.pt\/index.php\/2022\/02\/11\/turbo-pecas-o-melhor-para-os-melhores\/","title":{"rendered":"Turbo Pe\u00e7as: \u201cO melhor para os melhores\u201d"},"content":{"rendered":"\n<p><\/p>\n\n\n\n<p><\/p>\n\n\n\n<p><strong>No mercado desde 1991, a <a href=\"https:\/\/turbopecas.pt\/\">Turbo Pe\u00e7as<\/a> nasceu com uma miss\u00e3o bem definida: prestar um apoio profissional e especializado a todos os parceiros de neg\u00f3cio, atrav\u00e9s da comercializa\u00e7\u00e3o das marcas l\u00edderes de mercado. A empresa foi criada por F\u00e1tima Barbosa, uma das poucas mulheres em Portugal \u00e0 frente de uma casa de pe\u00e7as, com mais de 40 anos de experi\u00eancia e conhecimento acumulado no mercado autom\u00f3vel.<\/strong><\/p>\n\n\n\n<p><\/p>\n\n\n\n<p><\/p>\n\n\n\n<p>A Turbo Pe\u00e7as \u00e9 uma das mais carism\u00e1ticos retalhistas de pe\u00e7as do Grande Porto. Fundada em 1991, a empresa dedica-se, desde a sua g\u00e9nese, \u00e0 comercializa\u00e7\u00e3o de acess\u00f3rios e equipamentos para autom\u00f3veis. Gra\u00e7as a uma equipa de profissionais especializada, a Turbo Pe\u00e7as consegue recomendar com a m\u00e1xima facilidade e efic\u00e1cia todos os equipamentos e componentes necess\u00e1rios para a repara\u00e7\u00e3o e manuten\u00e7\u00e3o de qualquer ve\u00edculo autom\u00f3vel.<\/p>\n\n\n\n<p>A empresa conta atualmente com dois pontos de venda, Maia e Vila do Conde, onde assume o compromisso de um atendimento c\u00e9lere e com a melhor qualidade\/ pre\u00e7o. Por forma a prestar o melhor servi\u00e7o e a estar mais pr\u00f3xima dos seus clientes, a Turbo Pe\u00e7as aumentou recentemente a sua rota e apostou na flexibiliza\u00e7\u00e3o do hor\u00e1rio de expediente. \u201cA proximidade com os nossos clientes \u00e9, sem d\u00favida, um dos principais valores da Turbo Pe\u00e7as. Num tempo em que nos foi, e \u00e9, exigido o distanciamento f\u00edsico, em momento algum deixamos de estar perto dos nossos clientes e de prestar um  servi\u00e7o de qualidade. Prosseguimos a nossa atividade, sempre tendo como lema \u2018o melhor para os melhores\u2019\u201d, assume F\u00e1tima Barbosa, que n\u00e3o esquece a import\u00e2ncia que clientes e fornecedores tiveram nos \u00faltimos, desafiantes, anos. \u201cGostaria de aproveitar para agradecer aos nossos clientes e fornecedores por terem continuado a confiar e a acreditar no nosso trabalho, nestes dois \u00faltimos anos, que foram muito complicados para todos n\u00f3s\u201d.<\/p>\n\n\n\n<p><\/p>\n\n\n\n<p><strong>Marcas l\u00edderes<\/strong><\/p>\n\n\n\n<p><\/p>\n\n\n\n<p>Focada em atingir o seu compromisso de qualidade, a Turbo Pe\u00e7as aposta numa sele\u00e7\u00e3o de fornecedores capazes de satisfazer as necessidades de alargamento da gama de produtos e, simultaneamente, as exig\u00eancias do mercado. \u201cOs nossos fornecedores s\u00e3o a base do nosso neg\u00f3cio. S\u00f3 conseguimos ser competitivos e ter uma boa oferta para os nossos clientes se tivermos fornecedores que nos proporcionem as melhores condi\u00e7\u00f5es de mercado, nomeadamente, qualidade, pre\u00e7o e stock suficiente para suprir as nossas necessidades\u201d, esclarece. A par da cont\u00ednua aposta na forma\u00e7\u00e3o e da escolha dos melhores parceiros, a equipa de profissionais especializada sempre pronta a ajudar e aconselhar a melhor solu\u00e7\u00e3o para cada cliente, \u00e9 tamb\u00e9m um dos elementos fundamentais da f\u00f3rmula de sucesso da empresa, como no conta F\u00e1tima Barbosa: \u201cA nossa equipa de profissionais \u00e9 sem d\u00favida a principal raz\u00e3o do nosso sucesso. Na Turbo Pe\u00e7as, todos os elementos s\u00e3o essenciais para responder com prontid\u00e3o \u00e0s solicita\u00e7\u00f5es dos nossos clientes\u201d.<\/p>\n\n\n\n<p><\/p>\n\n\n\n<p><strong>Acompanhar a nova realidade do setor<\/strong><\/p>\n\n\n\n<p><\/p>\n\n\n\n<p><\/p>\n\n\n\n<p>A r\u00e1pida evolu\u00e7\u00e3o tecnol\u00f3gica est\u00e1 a transformar a ind\u00fastria autom\u00f3vel e as mudan\u00e7as v\u00e3o muito al\u00e9m dos processos de produ\u00e7\u00e3o e dos novos equipamentos. O pr\u00f3prio perfil do consumidor est\u00e1 a mudar rapidamente e a obrigar as empresas deste setor a rever as suas estrat\u00e9gias. \u201cAs empresas t\u00eam que ser din\u00e2micas e r\u00e1pidas a ajustarem-se \u00e0s novas realidades. Essa flexibilidade \u00e9 essencial \u00e0 sobreviv\u00eancia de qualquer neg\u00f3cio, em especial, o setor autom\u00f3vel. Com as recentes evolu\u00e7\u00f5es tecnol\u00f3gicas, perspetiva-se uma grande transforma\u00e7\u00e3o no setor da repara\u00e7\u00e3o, muito devido ao advento dos ve\u00edculos  el\u00e9tricos. Os principais desafios prendem-se com a necessidade de uma forte aposta<br>na forma\u00e7\u00e3o de todos os profissionais, assim como na dota\u00e7\u00e3o das oficinas com equipamentos capazes de dar resposta \u00e0s necessidades futuras\u201d, assume. Tamb\u00e9m para o setor do aftermarket se perspetivam mudan\u00e7as significativas no ano de 2022. A cont\u00ednua escassez de mat\u00e9rias-primas e a subida de pre\u00e7os ser\u00e3o alguns dos fatores que influenciar\u00e3o negativamente o setor. Por outro lado, \u201co facto da venda de autom\u00f3veis novos continuar bastante impactada, cria um cen\u00e1rio bastante positivo no mercado das pe\u00e7as, visto que um parque autom\u00f3vel mais envelhecido gera a necessidade de mais manuten\u00e7\u00f5es peri\u00f3dicas e consequente substitui\u00e7\u00e3o de pe\u00e7as\u201d.<\/p>\n\n\n\n<p>Atenta ao mercado e \u00e0 sua evolu\u00e7\u00e3o, F\u00e1tima Barbosa pretende manter-se na senda da inova\u00e7\u00e3o e para isso j\u00e1 definiu o principal objetivo da empresa que lidera para os pr\u00f3ximos anos. \u201cTemos como objetivo a informatiza\u00e7\u00e3o do maior n\u00famero poss\u00edvel de processos e opera\u00e7\u00f5es, de forma a continuarmos a cumprir o principal objetivo dos nossos 30 anos de hist\u00f3ria: a satisfa\u00e7\u00e3o global dos nossos clientes\u201d.<\/p>\n","protected":false},"excerpt":{"rendered":"<p>No mercado desde 1991, a Turbo Pe\u00e7as nasceu com uma miss\u00e3o bem definida: prestar um apoio profissional e especializado a todos os parceiros de neg\u00f3cio, atrav\u00e9s da comercializa\u00e7\u00e3o das marcas l\u00edderes de mercado. A empresa foi criada por F\u00e1tima Barbosa, uma das poucas mulheres em Portugal \u00e0 frente de uma&hellip;<\/p>\n","protected":false},"author":7,"featured_media":2295,"comment_status":"open","ping_status":"open","sticky":false,"template":"","format":"standard","meta":{"advgb_blocks_editor_width":"","advgb_blocks_columns_visual_guide":"","_monsterinsights_skip_tracking":false,"_monsterinsights_sitenote_active":false,"_monsterinsights_sitenote_note":"","_monsterinsights_sitenote_category":0,"footnotes":""},"categories":[6,161],"tags":[342,388,267,335],"class_list":["post-2289","post","type-post","status-publish","format-standard","has-post-thumbnail","hentry","category-empreendedorismo","category-mundo-empresarial","tag-automovel","tag-lideres","tag-marcas","tag-mercado"],"yoast_head":"<!-- This site is optimized with the Yoast SEO plugin v24.4 - https:\/\/yoast.com\/wordpress\/plugins\/seo\/ -->\n<title>Turbo Pe\u00e7as: \u201cO melhor para os melhores\u201d - Mais Magazine<\/title>\n<meta name=\"description\" content=\"A Turbo Pe\u00e7as nasceu com uma miss\u00e3o bem definida: prestar um apoio profissional e especializado a todos os parceiros de neg\u00f3cio, atrav\u00e9s da comercializa\u00e7\u00e3o das marcas l\u00edderes de mercado.\" \/>\n<meta name=\"robots\" content=\"index, follow, max-snippet:-1, max-image-preview:large, max-video-preview:-1\" \/>\n<link rel=\"canonical\" href=\"http:\/\/maismagazine.pt\/index.php\/2022\/02\/11\/turbo-pecas-o-melhor-para-os-melhores\/\" \/>\n<meta property=\"og:locale\" content=\"pt_PT\" \/>\n<meta property=\"og:type\" content=\"article\" \/>\n<meta property=\"og:title\" content=\"Turbo Pe\u00e7as: \u201cO melhor para os melhores\u201d - Mais Magazine\" \/>\n<meta property=\"og:description\" content=\"A Turbo Pe\u00e7as nasceu com uma miss\u00e3o bem definida: prestar um apoio profissional e especializado a todos os parceiros de neg\u00f3cio, atrav\u00e9s da comercializa\u00e7\u00e3o das marcas l\u00edderes de mercado.\" \/>\n<meta property=\"og:url\" content=\"http:\/\/maismagazine.pt\/index.php\/2022\/02\/11\/turbo-pecas-o-melhor-para-os-melhores\/\" \/>\n<meta property=\"og:site_name\" content=\"Mais Magazine\" \/>\n<meta property=\"article:published_time\" content=\"2022-02-11T09:00:00+00:00\" \/>\n<meta property=\"og:image\" content=\"http:\/\/maismagazine.pt\/wp-content\/uploads\/2022\/02\/IMG_1307-scaled.jpg\" \/>\n\t<meta property=\"og:image:width\" content=\"2560\" \/>\n\t<meta property=\"og:image:height\" content=\"1707\" \/>\n\t<meta property=\"og:image:type\" content=\"image\/jpeg\" \/>\n<meta name=\"author\" content=\"Jo\u00e3o Malainho\" \/>\n<meta name=\"twitter:card\" content=\"summary_large_image\" \/>\n<meta name=\"twitter:label1\" content=\"Escrito por\" \/>\n\t<meta name=\"twitter:data1\" content=\"\" \/>\n\t<meta name=\"twitter:label2\" content=\"Tempo estimado de leitura\" \/>\n\t<meta name=\"twitter:data2\" content=\"4 minutos\" \/>\n<script type=\"application\/ld+json\" class=\"yoast-schema-graph\">{\"@context\":\"https:\/\/schema.org\",\"@graph\":[{\"@type\":\"Article\",\"@id\":\"http:\/\/maismagazine.pt\/index.php\/2022\/02\/11\/turbo-pecas-o-melhor-para-os-melhores\/#article\",\"isPartOf\":{\"@id\":\"http:\/\/maismagazine.pt\/index.php\/2022\/02\/11\/turbo-pecas-o-melhor-para-os-melhores\/\"},\"author\":{\"name\":\"Jo\u00e3o Malainho\",\"@id\":\"https:\/\/maismagazine.pt\/#\/schema\/person\/999bd426f894ff56d397ec12ebd21ebb\"},\"headline\":\"Turbo Pe\u00e7as: \u201cO melhor para os melhores\u201d\",\"datePublished\":\"2022-02-11T09:00:00+00:00\",\"mainEntityOfPage\":{\"@id\":\"http:\/\/maismagazine.pt\/index.php\/2022\/02\/11\/turbo-pecas-o-melhor-para-os-melhores\/\"},\"wordCount\":828,\"commentCount\":0,\"publisher\":{\"@id\":\"https:\/\/maismagazine.pt\/#organization\"},\"image\":{\"@id\":\"http:\/\/maismagazine.pt\/index.php\/2022\/02\/11\/turbo-pecas-o-melhor-para-os-melhores\/#primaryimage\"},\"thumbnailUrl\":\"http:\/\/maismagazine.pt\/wp-content\/uploads\/2022\/02\/IMG_1307-scaled.jpg\",\"keywords\":[\"autom\u00f3vel\",\"l\u00edderes\",\"marcas\",\"mercado\"],\"articleSection\":[\"Empreendedorismo\",\"Mundo Empresarial\"],\"inLanguage\":\"pt-PT\",\"potentialAction\":[{\"@type\":\"CommentAction\",\"name\":\"Comment\",\"target\":[\"http:\/\/maismagazine.pt\/index.php\/2022\/02\/11\/turbo-pecas-o-melhor-para-os-melhores\/#respond\"]}]},{\"@type\":\"WebPage\",\"@id\":\"http:\/\/maismagazine.pt\/index.php\/2022\/02\/11\/turbo-pecas-o-melhor-para-os-melhores\/\",\"url\":\"http:\/\/maismagazine.pt\/index.php\/2022\/02\/11\/turbo-pecas-o-melhor-para-os-melhores\/\",\"name\":\"Turbo Pe\u00e7as: \u201cO melhor para os melhores\u201d - Mais Magazine\",\"isPartOf\":{\"@id\":\"https:\/\/maismagazine.pt\/#website\"},\"primaryImageOfPage\":{\"@id\":\"http:\/\/maismagazine.pt\/index.php\/2022\/02\/11\/turbo-pecas-o-melhor-para-os-melhores\/#primaryimage\"},\"image\":{\"@id\":\"http:\/\/maismagazine.pt\/index.php\/2022\/02\/11\/turbo-pecas-o-melhor-para-os-melhores\/#primaryimage\"},\"thumbnailUrl\":\"http:\/\/maismagazine.pt\/wp-content\/uploads\/2022\/02\/IMG_1307-scaled.jpg\",\"datePublished\":\"2022-02-11T09:00:00+00:00\",\"description\":\"A Turbo Pe\u00e7as nasceu com uma miss\u00e3o bem definida: prestar um apoio profissional e especializado a todos os parceiros de neg\u00f3cio, atrav\u00e9s da comercializa\u00e7\u00e3o das marcas l\u00edderes de mercado.\",\"breadcrumb\":{\"@id\":\"http:\/\/maismagazine.pt\/index.php\/2022\/02\/11\/turbo-pecas-o-melhor-para-os-melhores\/#breadcrumb\"},\"inLanguage\":\"pt-PT\",\"potentialAction\":[{\"@type\":\"ReadAction\",\"target\":[\"http:\/\/maismagazine.pt\/index.php\/2022\/02\/11\/turbo-pecas-o-melhor-para-os-melhores\/\"]}]},{\"@type\":\"ImageObject\",\"inLanguage\":\"pt-PT\",\"@id\":\"http:\/\/maismagazine.pt\/index.php\/2022\/02\/11\/turbo-pecas-o-melhor-para-os-melhores\/#primaryimage\",\"url\":\"http:\/\/maismagazine.pt\/wp-content\/uploads\/2022\/02\/IMG_1307-scaled.jpg\",\"contentUrl\":\"http:\/\/maismagazine.pt\/wp-content\/uploads\/2022\/02\/IMG_1307-scaled.jpg\",\"width\":2560,\"height\":1707},{\"@type\":\"BreadcrumbList\",\"@id\":\"http:\/\/maismagazine.pt\/index.php\/2022\/02\/11\/turbo-pecas-o-melhor-para-os-melhores\/#breadcrumb\",\"itemListElement\":[{\"@type\":\"ListItem\",\"position\":1,\"name\":\"Home\",\"item\":\"https:\/\/maismagazine.pt\/\"},{\"@type\":\"ListItem\",\"position\":2,\"name\":\"Turbo Pe\u00e7as: \u201cO melhor para os melhores\u201d\"}]},{\"@type\":\"WebSite\",\"@id\":\"https:\/\/maismagazine.pt\/#website\",\"url\":\"https:\/\/maismagazine.pt\/\",\"name\":\"Mais Magazine\",\"description\":\"\",\"publisher\":{\"@id\":\"https:\/\/maismagazine.pt\/#organization\"},\"potentialAction\":[{\"@type\":\"SearchAction\",\"target\":{\"@type\":\"EntryPoint\",\"urlTemplate\":\"https:\/\/maismagazine.pt\/?s={search_term_string}\"},\"query-input\":{\"@type\":\"PropertyValueSpecification\",\"valueRequired\":true,\"valueName\":\"search_term_string\"}}],\"inLanguage\":\"pt-PT\"},{\"@type\":\"Organization\",\"@id\":\"https:\/\/maismagazine.pt\/#organization\",\"name\":\"Mais Magazine\",\"url\":\"https:\/\/maismagazine.pt\/\",\"logo\":{\"@type\":\"ImageObject\",\"inLanguage\":\"pt-PT\",\"@id\":\"https:\/\/maismagazine.pt\/#\/schema\/logo\/image\/\",\"url\":\"http:\/\/maismagazine.pt\/wp-content\/uploads\/2020\/04\/cropped-cropped-mais-magazine-site-logo-2.png\",\"contentUrl\":\"http:\/\/maismagazine.pt\/wp-content\/uploads\/2020\/04\/cropped-cropped-mais-magazine-site-logo-2.png\",\"width\":581,\"height\":90,\"caption\":\"Mais Magazine\"},\"image\":{\"@id\":\"https:\/\/maismagazine.pt\/#\/schema\/logo\/image\/\"}},{\"@type\":\"Person\",\"@id\":\"https:\/\/maismagazine.pt\/#\/schema\/person\/999bd426f894ff56d397ec12ebd21ebb\",\"name\":\"Jo\u00e3o Malainho\",\"image\":{\"@type\":\"ImageObject\",\"inLanguage\":\"pt-PT\",\"@id\":\"https:\/\/maismagazine.pt\/#\/schema\/person\/image\/\",\"url\":\"https:\/\/secure.gravatar.com\/avatar\/ff03c2f38edf60b2a827aa4f74878491?s=96&d=mm&r=g\",\"contentUrl\":\"https:\/\/secure.gravatar.com\/avatar\/ff03c2f38edf60b2a827aa4f74878491?s=96&d=mm&r=g\",\"caption\":\"Jo\u00e3o Malainho\"},\"url\":\"http:\/\/maismagazine.pt\/index.php\/author\/maismagazine\/\"}]}<\/script>\n<!-- \/ Yoast SEO plugin. -->","yoast_head_json":{"title":"Turbo Pe\u00e7as: \u201cO melhor para os melhores\u201d - Mais Magazine","description":"A Turbo Pe\u00e7as nasceu com uma miss\u00e3o bem definida: prestar um apoio profissional e especializado a todos os parceiros de neg\u00f3cio, atrav\u00e9s da comercializa\u00e7\u00e3o das marcas l\u00edderes de mercado.","robots":{"index":"index","follow":"follow","max-snippet":"max-snippet:-1","max-image-preview":"max-image-preview:large","max-video-preview":"max-video-preview:-1"},"canonical":"http:\/\/maismagazine.pt\/index.php\/2022\/02\/11\/turbo-pecas-o-melhor-para-os-melhores\/","og_locale":"pt_PT","og_type":"article","og_title":"Turbo Pe\u00e7as: \u201cO melhor para os melhores\u201d - Mais Magazine","og_description":"A Turbo Pe\u00e7as nasceu com uma miss\u00e3o bem definida: prestar um apoio profissional e especializado a todos os parceiros de neg\u00f3cio, atrav\u00e9s da comercializa\u00e7\u00e3o das marcas l\u00edderes de mercado.","og_url":"http:\/\/maismagazine.pt\/index.php\/2022\/02\/11\/turbo-pecas-o-melhor-para-os-melhores\/","og_site_name":"Mais Magazine","article_published_time":"2022-02-11T09:00:00+00:00","og_image":[{"width":2560,"height":1707,"url":"http:\/\/maismagazine.pt\/wp-content\/uploads\/2022\/02\/IMG_1307-scaled.jpg","type":"image\/jpeg"}],"author":"Jo\u00e3o Malainho","twitter_card":"summary_large_image","twitter_misc":{"Escrito por":false,"Tempo estimado de leitura":"4 minutos"},"schema":{"@context":"https:\/\/schema.org","@graph":[{"@type":"Article","@id":"http:\/\/maismagazine.pt\/index.php\/2022\/02\/11\/turbo-pecas-o-melhor-para-os-melhores\/#article","isPartOf":{"@id":"http:\/\/maismagazine.pt\/index.php\/2022\/02\/11\/turbo-pecas-o-melhor-para-os-melhores\/"},"author":{"name":"Jo\u00e3o Malainho","@id":"https:\/\/maismagazine.pt\/#\/schema\/person\/999bd426f894ff56d397ec12ebd21ebb"},"headline":"Turbo Pe\u00e7as: \u201cO melhor para os melhores\u201d","datePublished":"2022-02-11T09:00:00+00:00","mainEntityOfPage":{"@id":"http:\/\/maismagazine.pt\/index.php\/2022\/02\/11\/turbo-pecas-o-melhor-para-os-melhores\/"},"wordCount":828,"commentCount":0,"publisher":{"@id":"https:\/\/maismagazine.pt\/#organization"},"image":{"@id":"http:\/\/maismagazine.pt\/index.php\/2022\/02\/11\/turbo-pecas-o-melhor-para-os-melhores\/#primaryimage"},"thumbnailUrl":"http:\/\/maismagazine.pt\/wp-content\/uploads\/2022\/02\/IMG_1307-scaled.jpg","keywords":["autom\u00f3vel","l\u00edderes","marcas","mercado"],"articleSection":["Empreendedorismo","Mundo Empresarial"],"inLanguage":"pt-PT","potentialAction":[{"@type":"CommentAction","name":"Comment","target":["http:\/\/maismagazine.pt\/index.php\/2022\/02\/11\/turbo-pecas-o-melhor-para-os-melhores\/#respond"]}]},{"@type":"WebPage","@id":"http:\/\/maismagazine.pt\/index.php\/2022\/02\/11\/turbo-pecas-o-melhor-para-os-melhores\/","url":"http:\/\/maismagazine.pt\/index.php\/2022\/02\/11\/turbo-pecas-o-melhor-para-os-melhores\/","name":"Turbo Pe\u00e7as: \u201cO melhor para os melhores\u201d - Mais Magazine","isPartOf":{"@id":"https:\/\/maismagazine.pt\/#website"},"primaryImageOfPage":{"@id":"http:\/\/maismagazine.pt\/index.php\/2022\/02\/11\/turbo-pecas-o-melhor-para-os-melhores\/#primaryimage"},"image":{"@id":"http:\/\/maismagazine.pt\/index.php\/2022\/02\/11\/turbo-pecas-o-melhor-para-os-melhores\/#primaryimage"},"thumbnailUrl":"http:\/\/maismagazine.pt\/wp-content\/uploads\/2022\/02\/IMG_1307-scaled.jpg","datePublished":"2022-02-11T09:00:00+00:00","description":"A Turbo Pe\u00e7as nasceu com uma miss\u00e3o bem definida: prestar um apoio profissional e especializado a todos os parceiros de neg\u00f3cio, atrav\u00e9s da comercializa\u00e7\u00e3o das marcas l\u00edderes de mercado.","breadcrumb":{"@id":"http:\/\/maismagazine.pt\/index.php\/2022\/02\/11\/turbo-pecas-o-melhor-para-os-melhores\/#breadcrumb"},"inLanguage":"pt-PT","potentialAction":[{"@type":"ReadAction","target":["http:\/\/maismagazine.pt\/index.php\/2022\/02\/11\/turbo-pecas-o-melhor-para-os-melhores\/"]}]},{"@type":"ImageObject","inLanguage":"pt-PT","@id":"http:\/\/maismagazine.pt\/index.php\/2022\/02\/11\/turbo-pecas-o-melhor-para-os-melhores\/#primaryimage","url":"http:\/\/maismagazine.pt\/wp-content\/uploads\/2022\/02\/IMG_1307-scaled.jpg","contentUrl":"http:\/\/maismagazine.pt\/wp-content\/uploads\/2022\/02\/IMG_1307-scaled.jpg","width":2560,"height":1707},{"@type":"BreadcrumbList","@id":"http:\/\/maismagazine.pt\/index.php\/2022\/02\/11\/turbo-pecas-o-melhor-para-os-melhores\/#breadcrumb","itemListElement":[{"@type":"ListItem","position":1,"name":"Home","item":"https:\/\/maismagazine.pt\/"},{"@type":"ListItem","position":2,"name":"Turbo Pe\u00e7as: \u201cO melhor para os melhores\u201d"}]},{"@type":"WebSite","@id":"https:\/\/maismagazine.pt\/#website","url":"https:\/\/maismagazine.pt\/","name":"Mais Magazine","description":"","publisher":{"@id":"https:\/\/maismagazine.pt\/#organization"},"potentialAction":[{"@type":"SearchAction","target":{"@type":"EntryPoint","urlTemplate":"https:\/\/maismagazine.pt\/?s={search_term_string}"},"query-input":{"@type":"PropertyValueSpecification","valueRequired":true,"valueName":"search_term_string"}}],"inLanguage":"pt-PT"},{"@type":"Organization","@id":"https:\/\/maismagazine.pt\/#organization","name":"Mais Magazine","url":"https:\/\/maismagazine.pt\/","logo":{"@type":"ImageObject","inLanguage":"pt-PT","@id":"https:\/\/maismagazine.pt\/#\/schema\/logo\/image\/","url":"http:\/\/maismagazine.pt\/wp-content\/uploads\/2020\/04\/cropped-cropped-mais-magazine-site-logo-2.png","contentUrl":"http:\/\/maismagazine.pt\/wp-content\/uploads\/2020\/04\/cropped-cropped-mais-magazine-site-logo-2.png","width":581,"height":90,"caption":"Mais Magazine"},"image":{"@id":"https:\/\/maismagazine.pt\/#\/schema\/logo\/image\/"}},{"@type":"Person","@id":"https:\/\/maismagazine.pt\/#\/schema\/person\/999bd426f894ff56d397ec12ebd21ebb","name":"Jo\u00e3o Malainho","image":{"@type":"ImageObject","inLanguage":"pt-PT","@id":"https:\/\/maismagazine.pt\/#\/schema\/person\/image\/","url":"https:\/\/secure.gravatar.com\/avatar\/ff03c2f38edf60b2a827aa4f74878491?s=96&d=mm&r=g","contentUrl":"https:\/\/secure.gravatar.com\/avatar\/ff03c2f38edf60b2a827aa4f74878491?s=96&d=mm&r=g","caption":"Jo\u00e3o Malainho"},"url":"http:\/\/maismagazine.pt\/index.php\/author\/maismagazine\/"}]}},"author_meta":{"display_name":false,"author_link":"http:\/\/maismagazine.pt\/index.php\/author\/maismagazine\/"},"featured_img":"http:\/\/maismagazine.pt\/wp-content\/uploads\/2022\/02\/IMG_1307-300x200.jpg","coauthors":[],"tax_additional":{"categories":{"linked":["<a href=\"http:\/\/maismagazine.pt\/index.php\/category\/empreendedorismo\/\" class=\"advgb-post-tax-term\">Empreendedorismo<\/a>","<a href=\"http:\/\/maismagazine.pt\/index.php\/category\/mundo-empresarial\/\" class=\"advgb-post-tax-term\">Mundo Empresarial<\/a>"],"unlinked":["<span class=\"advgb-post-tax-term\">Empreendedorismo<\/span>","<span class=\"advgb-post-tax-term\">Mundo Empresarial<\/span>"]},"tags":{"linked":["<a href=\"http:\/\/maismagazine.pt\/index.php\/category\/mundo-empresarial\/\" class=\"advgb-post-tax-term\">autom\u00f3vel<\/a>","<a href=\"http:\/\/maismagazine.pt\/index.php\/category\/mundo-empresarial\/\" class=\"advgb-post-tax-term\">l\u00edderes<\/a>","<a href=\"http:\/\/maismagazine.pt\/index.php\/category\/mundo-empresarial\/\" class=\"advgb-post-tax-term\">marcas<\/a>","<a href=\"http:\/\/maismagazine.pt\/index.php\/category\/mundo-empresarial\/\" class=\"advgb-post-tax-term\">mercado<\/a>"],"unlinked":["<span class=\"advgb-post-tax-term\">autom\u00f3vel<\/span>","<span class=\"advgb-post-tax-term\">l\u00edderes<\/span>","<span class=\"advgb-post-tax-term\">marcas<\/span>","<span class=\"advgb-post-tax-term\">mercado<\/span>"]}},"comment_count":"0","relative_dates":{"created":"Posted 4 anos ago","modified":"Updated 4 anos ago"},"absolute_dates":{"created":"Posted on 11 de Fevereiro, 2022","modified":"Updated on 4 de Fevereiro, 2022"},"absolute_dates_time":{"created":"Posted on 11 de Fevereiro, 2022 9:00","modified":"Updated on 4 de Fevereiro, 2022 11:23"},"featured_img_caption":"","series_order":"","_links":{"self":[{"href":"http:\/\/maismagazine.pt\/index.php\/wp-json\/wp\/v2\/posts\/2289","targetHints":{"allow":["GET"]}}],"collection":[{"href":"http:\/\/maismagazine.pt\/index.php\/wp-json\/wp\/v2\/posts"}],"about":[{"href":"http:\/\/maismagazine.pt\/index.php\/wp-json\/wp\/v2\/types\/post"}],"author":[{"embeddable":true,"href":"http:\/\/maismagazine.pt\/index.php\/wp-json\/wp\/v2\/users\/7"}],"replies":[{"embeddable":true,"href":"http:\/\/maismagazine.pt\/index.php\/wp-json\/wp\/v2\/comments?post=2289"}],"version-history":[{"count":1,"href":"http:\/\/maismagazine.pt\/index.php\/wp-json\/wp\/v2\/posts\/2289\/revisions"}],"predecessor-version":[{"id":2297,"href":"http:\/\/maismagazine.pt\/index.php\/wp-json\/wp\/v2\/posts\/2289\/revisions\/2297"}],"wp:featuredmedia":[{"embeddable":true,"href":"http:\/\/maismagazine.pt\/index.php\/wp-json\/wp\/v2\/media\/2295"}],"wp:attachment":[{"href":"http:\/\/maismagazine.pt\/index.php\/wp-json\/wp\/v2\/media?parent=2289"}],"wp:term":[{"taxonomy":"category","embeddable":true,"href":"http:\/\/maismagazine.pt\/index.php\/wp-json\/wp\/v2\/categories?post=2289"},{"taxonomy":"post_tag","embeddable":true,"href":"http:\/\/maismagazine.pt\/index.php\/wp-json\/wp\/v2\/tags?post=2289"}],"curies":[{"name":"wp","href":"https:\/\/api.w.org\/{rel}","templated":true}]}}