{"id":2283,"date":"2022-02-11T09:00:00","date_gmt":"2022-02-11T09:00:00","guid":{"rendered":"http:\/\/maismagazine.pt\/?p=2283"},"modified":"2022-02-04T11:35:11","modified_gmt":"2022-02-04T11:35:11","slug":"hoje-como-ontem-a-nossa-vocacao-continua-a-ser-o-futuro-2","status":"publish","type":"post","link":"http:\/\/maismagazine.pt\/index.php\/2022\/02\/11\/hoje-como-ontem-a-nossa-vocacao-continua-a-ser-o-futuro-2\/","title":{"rendered":"&#8220;Hoje, como ontem, a nossa voca\u00e7\u00e3o continua a ser o futuro&#8221;"},"content":{"rendered":"\n<p><strong>No mercado desde 1982, e inserida no Grupo Salvador Caetano, a <a href=\"https:\/\/lusilectra.com\/pt\/\">Lusilectra<\/a> nasceu com uma miss\u00e3o: estar em todos os mercados com a mesma imagem e o mesmo profissionalismo que sempre foi e ser\u00e1 caracter\u00edstica do Grupo Salvador Caetano. Hoje, a Lusilectra \u00e9 um dos maiores especialistas do mercado no setor de equipamento para oficinas, com representa\u00e7\u00e3o e venda das principais marcas de equipamentos mundial. Numa edi\u00e7\u00e3o dedicada ao aftermarket fomos tentar perceber a realidade deste setor e as perspetivas da empresa para o futuro.<\/strong><\/p>\n\n\n\n<p><\/p>\n\n\n\n<p>A Lusilectra est\u00e1 no mercado h\u00e1 mais de 38 anos desenvolvendo a sua atividade de importa\u00e7\u00e3o, distribui\u00e7\u00e3o e servi\u00e7o p\u00f3s-venda, fundamentalmente em quatro \u00e1reas de neg\u00f3cio: Acess\u00f3rios Especiais Autom\u00f3vel (tac\u00f3grafos, limitadores de velocidade, bombas e injetores diesel, sistemas de refrigera\u00e7\u00e3o, sistemas de vis\u00e3o); Empilhadores da marca Doosan; Equipamentos para Oficina e Centros de Inspe\u00e7\u00e3o Autom\u00f3vel; Ferramentas Profissionais da marca Jonnesway. \u201cOs valores que t\u00eam guiado a Lusilectra ao longo destes anos s\u00e3o, sobretudo, o compromisso que assumimos com os nossos clientes, mantendo sempre uma rela\u00e7\u00e3o pr\u00f3xima, confi\u00e1vel, de coopera\u00e7\u00e3o e de trabalho em equipa. Pertencer ao Grupo Salvador Caetano refor\u00e7a, ainda mais, a nossa exig\u00eancia e ambi\u00e7\u00e3o em servir melhor os nossos clientes e com responsabilidade social\u201d, come\u00e7a por confidenciar Ant\u00f3nio Garrido, administrador da Lusilectra.<\/p>\n\n\n\n<p>A qualidade dos produtos que representa, aliada a uma equipa de profissionais especializada, permite \u00e0 empresa disponibilizar aos clientes uma vasta gama de produtos e servi\u00e7os, sempre sob a al\u00e7ada do lema \u201cHoje como ontem, a nossa voca\u00e7\u00e3o continua a ser o futuro\u201d. \u00c9 muito ampla a gama de produtos e servi\u00e7os oferecidos pela Lusilectra, \u201cque v\u00e3o desde o aconselhamento pr\u00e9-venda, consultoria t\u00e9cnica e forma\u00e7\u00e3o at\u00e9 ao fornecimento, instala\u00e7\u00e3o e servi\u00e7o ap\u00f3s venda para todos os seus produtos\u201d, esclarece Ant\u00f3nio Garrido.<\/p>\n\n\n\n<p>Focada em atingir o seu compromisso de qualidade, a Lusilectra aposta numa sele\u00e7\u00e3o de fornecedores capazes de satisfazer as necessidades de alargamento da gama de produtos e, simultaneamente, as exig\u00eancias do mercado. \u201cA escolha dos parceiros tem grande import\u00e2ncia para a presta\u00e7\u00e3o de um melhor servi\u00e7o aos nossos clientes. Estabelecemos ao longo destes anos rela\u00e7\u00f5es de estreita parceria com os nossos principais fornecedores, o que nos permite disponibilizar solu\u00e7\u00f5es \u00e0 medida dos nossos clientes\u201d, explica o administrador.<\/p>\n\n\n\n<p><\/p>\n\n\n\n<p><strong>Lada a lado com a inova\u00e7\u00e3o<\/strong><\/p>\n\n\n\n<p><\/p>\n\n\n\n<p>A Lusilectra alinha-se, hoje, com as necessidades das oficinas do amanh\u00e3. Por isso aposta no crescimento e inova\u00e7\u00e3o constantes, com o lan\u00e7amento frequente de novos produtos e marcas, \u201ccapazes de introduzir melhorias, quer ao n\u00edvel da rentabilidade, quer ao n\u00edvel da sustentabilidade ambiental e energ\u00e9tica\u201d. Estando o setor autom\u00f3vel a atravessar uma fase de muta\u00e7\u00e3o, a Lusilectra tem apostado na procura cont\u00ednua de solu\u00e7\u00f5es t\u00e9cnicas inovadoras que d\u00e3o resposta aos desafios tecnol\u00f3gicos que os autom\u00f3veis colocam \u00e0s oficinas de repara\u00e7\u00e3o autom\u00f3vel e tamb\u00e9m aos centros de inspe\u00e7\u00e3o.<\/p>\n\n\n\n<p><\/p>\n\n\n\n<p><strong>Aftermarket<\/strong><\/p>\n\n\n\n<p><\/p>\n\n\n\n<p>O aftermarket \u00e9 um setor que se tem vindo a profissionalizar bastante em Portugal. Evolui fortemente nos \u00faltimos tempos, fruto dos grandes investimentos em estruturas log\u00edsticas modernas, na digitaliza\u00e7\u00e3o e na abertura de lojas em v\u00e1rias zonas do pa\u00eds. Para o futuro, Ant\u00f3nio Garrido perspetiva algumas mudan\u00e7as significativas neste setor: \u201cS\u00e3o esperadas altera\u00e7\u00f5es ao n\u00edvel dos players do aftermarket em Portugal, devido \u00e0 redu\u00e7\u00e3o do n\u00famero de operadores (concession\u00e1rios, distribuidores, retalhistas e oficinas). De acordo com um estudo efetuado pela McKinsey \u00e9 expect\u00e1vel que o aftermarket caia entre 5% a 17% na Europa e, Portugal, n\u00e3o escapar\u00e1 a isto\u201d. O mercado das pe\u00e7as aftermarket ser\u00e1 tamb\u00e9m influenciado pelo crescimento das pe\u00e7as reutiliz\u00e1veis, que muitos fabricantes de autom\u00f3veis j\u00e1 comercializam e que ir\u00e3o ganhar o seu espa\u00e7o no mercado, como no passado o reconstru\u00eddo tamb\u00e9m o fez. A par disso, o previs\u00edvel aumento da idade m\u00e9dia do parque circulante poder\u00e1 contribuir para animar um pouco o mercado das pe\u00e7as aftermarket, contudo \u201ca esperada redu\u00e7\u00e3o da quilometragem percorrida poder\u00e1 arrefecer este \u00e2nimo\u201d.<\/p>\n\n\n\n<p><br>Apesar do aftermarket ter mostrado ao longo dos tempos uma enorme capacidade em se adaptar a mudan\u00e7as e de responder aos novos desafios impostos pela atual conjuntura, o futuro ainda parece uma inc\u00f3gnita. Para Ant\u00f3nio Garrido a \u00fanica certeza \u00e9 a de que a Lusilectra continuar\u00e1 a \u201cdisponibilizar aos seus clientes novos servi\u00e7os e produtos\u201d, com o prop\u00f3sito de continuar a ser a principal escolha do mercado.<\/p>\n","protected":false},"excerpt":{"rendered":"<p>No mercado desde 1982, e inserida no Grupo Salvador Caetano, a Lusilectra nasceu com uma miss\u00e3o: estar em todos os mercados com a mesma imagem e o mesmo profissionalismo que sempre foi e ser\u00e1 caracter\u00edstica do Grupo Salvador Caetano. Hoje, a Lusilectra \u00e9 um dos maiores especialistas do mercado no&hellip;<\/p>\n","protected":false},"author":7,"featured_media":2287,"comment_status":"open","ping_status":"open","sticky":false,"template":"","format":"standard","meta":{"advgb_blocks_editor_width":"","advgb_blocks_columns_visual_guide":"","_monsterinsights_skip_tracking":false,"_monsterinsights_sitenote_active":false,"_monsterinsights_sitenote_note":"","_monsterinsights_sitenote_category":0,"footnotes":""},"categories":[6,161],"tags":[344,384,385,386,138],"class_list":["post-2283","post","type-post","status-publish","format-standard","has-post-thumbnail","hentry","category-empreendedorismo","category-mundo-empresarial","tag-aftermarket","tag-grupo-salvador-caetano","tag-lusilectra","tag-oficinas","tag-profissionalismo"],"yoast_head":"<!-- This site is optimized with the Yoast SEO plugin v24.4 - https:\/\/yoast.com\/wordpress\/plugins\/seo\/ -->\n<title>&quot;Hoje, como ontem, a nossa voca\u00e7\u00e3o continua a ser o futuro&quot; - Mais Magazine<\/title>\n<meta name=\"description\" content=\"A Lusilectra est\u00e1 em todos os mercados com a mesma imagem e o mesmo profissionalismo.\" \/>\n<meta name=\"robots\" content=\"index, follow, max-snippet:-1, max-image-preview:large, max-video-preview:-1\" \/>\n<link rel=\"canonical\" href=\"http:\/\/maismagazine.pt\/index.php\/2022\/02\/11\/hoje-como-ontem-a-nossa-vocacao-continua-a-ser-o-futuro-2\/\" \/>\n<meta property=\"og:locale\" content=\"pt_PT\" \/>\n<meta property=\"og:type\" content=\"article\" \/>\n<meta property=\"og:title\" content=\"&quot;Hoje, como ontem, a nossa voca\u00e7\u00e3o continua a ser o futuro&quot; - Mais Magazine\" \/>\n<meta property=\"og:description\" content=\"A Lusilectra est\u00e1 em todos os mercados com a mesma imagem e o mesmo profissionalismo.\" \/>\n<meta property=\"og:url\" content=\"http:\/\/maismagazine.pt\/index.php\/2022\/02\/11\/hoje-como-ontem-a-nossa-vocacao-continua-a-ser-o-futuro-2\/\" \/>\n<meta property=\"og:site_name\" content=\"Mais Magazine\" \/>\n<meta property=\"article:published_time\" content=\"2022-02-11T09:00:00+00:00\" \/>\n<meta property=\"og:image\" content=\"http:\/\/maismagazine.pt\/wp-content\/uploads\/2022\/02\/Lusilectra-e-Mahle-Sistema-ADAS-Digital-scaled.jpg\" \/>\n\t<meta property=\"og:image:width\" content=\"2560\" \/>\n\t<meta property=\"og:image:height\" content=\"2330\" \/>\n\t<meta property=\"og:image:type\" content=\"image\/jpeg\" \/>\n<meta name=\"author\" content=\"Jo\u00e3o Malainho\" \/>\n<meta name=\"twitter:card\" content=\"summary_large_image\" \/>\n<meta name=\"twitter:label1\" content=\"Escrito por\" \/>\n\t<meta name=\"twitter:data1\" content=\"\" \/>\n\t<meta name=\"twitter:label2\" content=\"Tempo estimado de leitura\" \/>\n\t<meta name=\"twitter:data2\" content=\"4 minutos\" \/>\n<script type=\"application\/ld+json\" class=\"yoast-schema-graph\">{\"@context\":\"https:\/\/schema.org\",\"@graph\":[{\"@type\":\"Article\",\"@id\":\"http:\/\/maismagazine.pt\/index.php\/2022\/02\/11\/hoje-como-ontem-a-nossa-vocacao-continua-a-ser-o-futuro-2\/#article\",\"isPartOf\":{\"@id\":\"http:\/\/maismagazine.pt\/index.php\/2022\/02\/11\/hoje-como-ontem-a-nossa-vocacao-continua-a-ser-o-futuro-2\/\"},\"author\":{\"name\":\"Jo\u00e3o Malainho\",\"@id\":\"http:\/\/maismagazine.pt\/#\/schema\/person\/999bd426f894ff56d397ec12ebd21ebb\"},\"headline\":\"&#8220;Hoje, como ontem, a nossa voca\u00e7\u00e3o continua a ser o futuro&#8221;\",\"datePublished\":\"2022-02-11T09:00:00+00:00\",\"mainEntityOfPage\":{\"@id\":\"http:\/\/maismagazine.pt\/index.php\/2022\/02\/11\/hoje-como-ontem-a-nossa-vocacao-continua-a-ser-o-futuro-2\/\"},\"wordCount\":795,\"commentCount\":0,\"publisher\":{\"@id\":\"http:\/\/maismagazine.pt\/#organization\"},\"image\":{\"@id\":\"http:\/\/maismagazine.pt\/index.php\/2022\/02\/11\/hoje-como-ontem-a-nossa-vocacao-continua-a-ser-o-futuro-2\/#primaryimage\"},\"thumbnailUrl\":\"http:\/\/maismagazine.pt\/wp-content\/uploads\/2022\/02\/Lusilectra-e-Mahle-Sistema-ADAS-Digital-scaled.jpg\",\"keywords\":[\"aftermarket\",\"Grupo Salvador Caetano\",\"Lusilectra\",\"oficinas\",\"Profissionalismo\"],\"articleSection\":[\"Empreendedorismo\",\"Mundo Empresarial\"],\"inLanguage\":\"pt-PT\",\"potentialAction\":[{\"@type\":\"CommentAction\",\"name\":\"Comment\",\"target\":[\"http:\/\/maismagazine.pt\/index.php\/2022\/02\/11\/hoje-como-ontem-a-nossa-vocacao-continua-a-ser-o-futuro-2\/#respond\"]}]},{\"@type\":\"WebPage\",\"@id\":\"http:\/\/maismagazine.pt\/index.php\/2022\/02\/11\/hoje-como-ontem-a-nossa-vocacao-continua-a-ser-o-futuro-2\/\",\"url\":\"http:\/\/maismagazine.pt\/index.php\/2022\/02\/11\/hoje-como-ontem-a-nossa-vocacao-continua-a-ser-o-futuro-2\/\",\"name\":\"\\\"Hoje, como ontem, a nossa voca\u00e7\u00e3o continua a ser o futuro\\\" - Mais Magazine\",\"isPartOf\":{\"@id\":\"http:\/\/maismagazine.pt\/#website\"},\"primaryImageOfPage\":{\"@id\":\"http:\/\/maismagazine.pt\/index.php\/2022\/02\/11\/hoje-como-ontem-a-nossa-vocacao-continua-a-ser-o-futuro-2\/#primaryimage\"},\"image\":{\"@id\":\"http:\/\/maismagazine.pt\/index.php\/2022\/02\/11\/hoje-como-ontem-a-nossa-vocacao-continua-a-ser-o-futuro-2\/#primaryimage\"},\"thumbnailUrl\":\"http:\/\/maismagazine.pt\/wp-content\/uploads\/2022\/02\/Lusilectra-e-Mahle-Sistema-ADAS-Digital-scaled.jpg\",\"datePublished\":\"2022-02-11T09:00:00+00:00\",\"description\":\"A Lusilectra est\u00e1 em todos os mercados com a mesma imagem e o mesmo profissionalismo.\",\"breadcrumb\":{\"@id\":\"http:\/\/maismagazine.pt\/index.php\/2022\/02\/11\/hoje-como-ontem-a-nossa-vocacao-continua-a-ser-o-futuro-2\/#breadcrumb\"},\"inLanguage\":\"pt-PT\",\"potentialAction\":[{\"@type\":\"ReadAction\",\"target\":[\"http:\/\/maismagazine.pt\/index.php\/2022\/02\/11\/hoje-como-ontem-a-nossa-vocacao-continua-a-ser-o-futuro-2\/\"]}]},{\"@type\":\"ImageObject\",\"inLanguage\":\"pt-PT\",\"@id\":\"http:\/\/maismagazine.pt\/index.php\/2022\/02\/11\/hoje-como-ontem-a-nossa-vocacao-continua-a-ser-o-futuro-2\/#primaryimage\",\"url\":\"http:\/\/maismagazine.pt\/wp-content\/uploads\/2022\/02\/Lusilectra-e-Mahle-Sistema-ADAS-Digital-scaled.jpg\",\"contentUrl\":\"http:\/\/maismagazine.pt\/wp-content\/uploads\/2022\/02\/Lusilectra-e-Mahle-Sistema-ADAS-Digital-scaled.jpg\",\"width\":2560,\"height\":2330,\"caption\":\"Car vehicle 3d blueprint mesh model on a white background. 3d rendered image\"},{\"@type\":\"BreadcrumbList\",\"@id\":\"http:\/\/maismagazine.pt\/index.php\/2022\/02\/11\/hoje-como-ontem-a-nossa-vocacao-continua-a-ser-o-futuro-2\/#breadcrumb\",\"itemListElement\":[{\"@type\":\"ListItem\",\"position\":1,\"name\":\"Home\",\"item\":\"http:\/\/maismagazine.pt\/\"},{\"@type\":\"ListItem\",\"position\":2,\"name\":\"&#8220;Hoje, como ontem, a nossa voca\u00e7\u00e3o continua a ser o futuro&#8221;\"}]},{\"@type\":\"WebSite\",\"@id\":\"http:\/\/maismagazine.pt\/#website\",\"url\":\"http:\/\/maismagazine.pt\/\",\"name\":\"Mais Magazine\",\"description\":\"\",\"publisher\":{\"@id\":\"http:\/\/maismagazine.pt\/#organization\"},\"potentialAction\":[{\"@type\":\"SearchAction\",\"target\":{\"@type\":\"EntryPoint\",\"urlTemplate\":\"http:\/\/maismagazine.pt\/?s={search_term_string}\"},\"query-input\":{\"@type\":\"PropertyValueSpecification\",\"valueRequired\":true,\"valueName\":\"search_term_string\"}}],\"inLanguage\":\"pt-PT\"},{\"@type\":\"Organization\",\"@id\":\"http:\/\/maismagazine.pt\/#organization\",\"name\":\"Mais Magazine\",\"url\":\"http:\/\/maismagazine.pt\/\",\"logo\":{\"@type\":\"ImageObject\",\"inLanguage\":\"pt-PT\",\"@id\":\"http:\/\/maismagazine.pt\/#\/schema\/logo\/image\/\",\"url\":\"http:\/\/maismagazine.pt\/wp-content\/uploads\/2020\/04\/cropped-cropped-mais-magazine-site-logo-2.png\",\"contentUrl\":\"http:\/\/maismagazine.pt\/wp-content\/uploads\/2020\/04\/cropped-cropped-mais-magazine-site-logo-2.png\",\"width\":581,\"height\":90,\"caption\":\"Mais Magazine\"},\"image\":{\"@id\":\"http:\/\/maismagazine.pt\/#\/schema\/logo\/image\/\"}},{\"@type\":\"Person\",\"@id\":\"http:\/\/maismagazine.pt\/#\/schema\/person\/999bd426f894ff56d397ec12ebd21ebb\",\"name\":\"Jo\u00e3o Malainho\",\"image\":{\"@type\":\"ImageObject\",\"inLanguage\":\"pt-PT\",\"@id\":\"http:\/\/maismagazine.pt\/#\/schema\/person\/image\/\",\"url\":\"https:\/\/secure.gravatar.com\/avatar\/ff03c2f38edf60b2a827aa4f74878491?s=96&d=mm&r=g\",\"contentUrl\":\"https:\/\/secure.gravatar.com\/avatar\/ff03c2f38edf60b2a827aa4f74878491?s=96&d=mm&r=g\",\"caption\":\"Jo\u00e3o Malainho\"},\"url\":\"http:\/\/maismagazine.pt\/index.php\/author\/maismagazine\/\"}]}<\/script>\n<!-- \/ Yoast SEO plugin. -->","yoast_head_json":{"title":"\"Hoje, como ontem, a nossa voca\u00e7\u00e3o continua a ser o futuro\" - Mais Magazine","description":"A Lusilectra est\u00e1 em todos os mercados com a mesma imagem e o mesmo profissionalismo.","robots":{"index":"index","follow":"follow","max-snippet":"max-snippet:-1","max-image-preview":"max-image-preview:large","max-video-preview":"max-video-preview:-1"},"canonical":"http:\/\/maismagazine.pt\/index.php\/2022\/02\/11\/hoje-como-ontem-a-nossa-vocacao-continua-a-ser-o-futuro-2\/","og_locale":"pt_PT","og_type":"article","og_title":"\"Hoje, como ontem, a nossa voca\u00e7\u00e3o continua a ser o futuro\" - Mais Magazine","og_description":"A Lusilectra est\u00e1 em todos os mercados com a mesma imagem e o mesmo profissionalismo.","og_url":"http:\/\/maismagazine.pt\/index.php\/2022\/02\/11\/hoje-como-ontem-a-nossa-vocacao-continua-a-ser-o-futuro-2\/","og_site_name":"Mais Magazine","article_published_time":"2022-02-11T09:00:00+00:00","og_image":[{"width":2560,"height":2330,"url":"http:\/\/maismagazine.pt\/wp-content\/uploads\/2022\/02\/Lusilectra-e-Mahle-Sistema-ADAS-Digital-scaled.jpg","type":"image\/jpeg"}],"author":"Jo\u00e3o Malainho","twitter_card":"summary_large_image","twitter_misc":{"Escrito por":false,"Tempo estimado de leitura":"4 minutos"},"schema":{"@context":"https:\/\/schema.org","@graph":[{"@type":"Article","@id":"http:\/\/maismagazine.pt\/index.php\/2022\/02\/11\/hoje-como-ontem-a-nossa-vocacao-continua-a-ser-o-futuro-2\/#article","isPartOf":{"@id":"http:\/\/maismagazine.pt\/index.php\/2022\/02\/11\/hoje-como-ontem-a-nossa-vocacao-continua-a-ser-o-futuro-2\/"},"author":{"name":"Jo\u00e3o Malainho","@id":"http:\/\/maismagazine.pt\/#\/schema\/person\/999bd426f894ff56d397ec12ebd21ebb"},"headline":"&#8220;Hoje, como ontem, a nossa voca\u00e7\u00e3o continua a ser o futuro&#8221;","datePublished":"2022-02-11T09:00:00+00:00","mainEntityOfPage":{"@id":"http:\/\/maismagazine.pt\/index.php\/2022\/02\/11\/hoje-como-ontem-a-nossa-vocacao-continua-a-ser-o-futuro-2\/"},"wordCount":795,"commentCount":0,"publisher":{"@id":"http:\/\/maismagazine.pt\/#organization"},"image":{"@id":"http:\/\/maismagazine.pt\/index.php\/2022\/02\/11\/hoje-como-ontem-a-nossa-vocacao-continua-a-ser-o-futuro-2\/#primaryimage"},"thumbnailUrl":"http:\/\/maismagazine.pt\/wp-content\/uploads\/2022\/02\/Lusilectra-e-Mahle-Sistema-ADAS-Digital-scaled.jpg","keywords":["aftermarket","Grupo Salvador Caetano","Lusilectra","oficinas","Profissionalismo"],"articleSection":["Empreendedorismo","Mundo Empresarial"],"inLanguage":"pt-PT","potentialAction":[{"@type":"CommentAction","name":"Comment","target":["http:\/\/maismagazine.pt\/index.php\/2022\/02\/11\/hoje-como-ontem-a-nossa-vocacao-continua-a-ser-o-futuro-2\/#respond"]}]},{"@type":"WebPage","@id":"http:\/\/maismagazine.pt\/index.php\/2022\/02\/11\/hoje-como-ontem-a-nossa-vocacao-continua-a-ser-o-futuro-2\/","url":"http:\/\/maismagazine.pt\/index.php\/2022\/02\/11\/hoje-como-ontem-a-nossa-vocacao-continua-a-ser-o-futuro-2\/","name":"\"Hoje, como ontem, a nossa voca\u00e7\u00e3o continua a ser o futuro\" - Mais Magazine","isPartOf":{"@id":"http:\/\/maismagazine.pt\/#website"},"primaryImageOfPage":{"@id":"http:\/\/maismagazine.pt\/index.php\/2022\/02\/11\/hoje-como-ontem-a-nossa-vocacao-continua-a-ser-o-futuro-2\/#primaryimage"},"image":{"@id":"http:\/\/maismagazine.pt\/index.php\/2022\/02\/11\/hoje-como-ontem-a-nossa-vocacao-continua-a-ser-o-futuro-2\/#primaryimage"},"thumbnailUrl":"http:\/\/maismagazine.pt\/wp-content\/uploads\/2022\/02\/Lusilectra-e-Mahle-Sistema-ADAS-Digital-scaled.jpg","datePublished":"2022-02-11T09:00:00+00:00","description":"A Lusilectra est\u00e1 em todos os mercados com a mesma imagem e o mesmo profissionalismo.","breadcrumb":{"@id":"http:\/\/maismagazine.pt\/index.php\/2022\/02\/11\/hoje-como-ontem-a-nossa-vocacao-continua-a-ser-o-futuro-2\/#breadcrumb"},"inLanguage":"pt-PT","potentialAction":[{"@type":"ReadAction","target":["http:\/\/maismagazine.pt\/index.php\/2022\/02\/11\/hoje-como-ontem-a-nossa-vocacao-continua-a-ser-o-futuro-2\/"]}]},{"@type":"ImageObject","inLanguage":"pt-PT","@id":"http:\/\/maismagazine.pt\/index.php\/2022\/02\/11\/hoje-como-ontem-a-nossa-vocacao-continua-a-ser-o-futuro-2\/#primaryimage","url":"http:\/\/maismagazine.pt\/wp-content\/uploads\/2022\/02\/Lusilectra-e-Mahle-Sistema-ADAS-Digital-scaled.jpg","contentUrl":"http:\/\/maismagazine.pt\/wp-content\/uploads\/2022\/02\/Lusilectra-e-Mahle-Sistema-ADAS-Digital-scaled.jpg","width":2560,"height":2330,"caption":"Car vehicle 3d blueprint mesh model on a white background. 3d rendered image"},{"@type":"BreadcrumbList","@id":"http:\/\/maismagazine.pt\/index.php\/2022\/02\/11\/hoje-como-ontem-a-nossa-vocacao-continua-a-ser-o-futuro-2\/#breadcrumb","itemListElement":[{"@type":"ListItem","position":1,"name":"Home","item":"http:\/\/maismagazine.pt\/"},{"@type":"ListItem","position":2,"name":"&#8220;Hoje, como ontem, a nossa voca\u00e7\u00e3o continua a ser o futuro&#8221;"}]},{"@type":"WebSite","@id":"http:\/\/maismagazine.pt\/#website","url":"http:\/\/maismagazine.pt\/","name":"Mais Magazine","description":"","publisher":{"@id":"http:\/\/maismagazine.pt\/#organization"},"potentialAction":[{"@type":"SearchAction","target":{"@type":"EntryPoint","urlTemplate":"http:\/\/maismagazine.pt\/?s={search_term_string}"},"query-input":{"@type":"PropertyValueSpecification","valueRequired":true,"valueName":"search_term_string"}}],"inLanguage":"pt-PT"},{"@type":"Organization","@id":"http:\/\/maismagazine.pt\/#organization","name":"Mais Magazine","url":"http:\/\/maismagazine.pt\/","logo":{"@type":"ImageObject","inLanguage":"pt-PT","@id":"http:\/\/maismagazine.pt\/#\/schema\/logo\/image\/","url":"http:\/\/maismagazine.pt\/wp-content\/uploads\/2020\/04\/cropped-cropped-mais-magazine-site-logo-2.png","contentUrl":"http:\/\/maismagazine.pt\/wp-content\/uploads\/2020\/04\/cropped-cropped-mais-magazine-site-logo-2.png","width":581,"height":90,"caption":"Mais Magazine"},"image":{"@id":"http:\/\/maismagazine.pt\/#\/schema\/logo\/image\/"}},{"@type":"Person","@id":"http:\/\/maismagazine.pt\/#\/schema\/person\/999bd426f894ff56d397ec12ebd21ebb","name":"Jo\u00e3o Malainho","image":{"@type":"ImageObject","inLanguage":"pt-PT","@id":"http:\/\/maismagazine.pt\/#\/schema\/person\/image\/","url":"https:\/\/secure.gravatar.com\/avatar\/ff03c2f38edf60b2a827aa4f74878491?s=96&d=mm&r=g","contentUrl":"https:\/\/secure.gravatar.com\/avatar\/ff03c2f38edf60b2a827aa4f74878491?s=96&d=mm&r=g","caption":"Jo\u00e3o Malainho"},"url":"http:\/\/maismagazine.pt\/index.php\/author\/maismagazine\/"}]}},"author_meta":{"display_name":false,"author_link":"http:\/\/maismagazine.pt\/index.php\/author\/maismagazine\/"},"featured_img":"http:\/\/maismagazine.pt\/wp-content\/uploads\/2022\/02\/Lusilectra-e-Mahle-Sistema-ADAS-Digital-300x273.jpg","coauthors":[],"tax_additional":{"categories":{"linked":["<a href=\"http:\/\/maismagazine.pt\/index.php\/category\/empreendedorismo\/\" class=\"advgb-post-tax-term\">Empreendedorismo<\/a>","<a href=\"http:\/\/maismagazine.pt\/index.php\/category\/mundo-empresarial\/\" class=\"advgb-post-tax-term\">Mundo Empresarial<\/a>"],"unlinked":["<span class=\"advgb-post-tax-term\">Empreendedorismo<\/span>","<span class=\"advgb-post-tax-term\">Mundo Empresarial<\/span>"]},"tags":{"linked":["<a href=\"http:\/\/maismagazine.pt\/index.php\/category\/mundo-empresarial\/\" class=\"advgb-post-tax-term\">aftermarket<\/a>","<a href=\"http:\/\/maismagazine.pt\/index.php\/category\/mundo-empresarial\/\" class=\"advgb-post-tax-term\">Grupo Salvador Caetano<\/a>","<a href=\"http:\/\/maismagazine.pt\/index.php\/category\/mundo-empresarial\/\" class=\"advgb-post-tax-term\">Lusilectra<\/a>","<a href=\"http:\/\/maismagazine.pt\/index.php\/category\/mundo-empresarial\/\" class=\"advgb-post-tax-term\">oficinas<\/a>","<a href=\"http:\/\/maismagazine.pt\/index.php\/category\/mundo-empresarial\/\" class=\"advgb-post-tax-term\">Profissionalismo<\/a>"],"unlinked":["<span class=\"advgb-post-tax-term\">aftermarket<\/span>","<span class=\"advgb-post-tax-term\">Grupo Salvador Caetano<\/span>","<span class=\"advgb-post-tax-term\">Lusilectra<\/span>","<span class=\"advgb-post-tax-term\">oficinas<\/span>","<span class=\"advgb-post-tax-term\">Profissionalismo<\/span>"]}},"comment_count":"0","relative_dates":{"created":"Posted 4 anos ago","modified":"Updated 4 anos ago"},"absolute_dates":{"created":"Posted on 11 de Fevereiro, 2022","modified":"Updated on 4 de Fevereiro, 2022"},"absolute_dates_time":{"created":"Posted on 11 de Fevereiro, 2022 9:00","modified":"Updated on 4 de Fevereiro, 2022 11:35"},"featured_img_caption":"Car vehicle 3d blueprint mesh model on a white background. 3d rendered image","series_order":"","_links":{"self":[{"href":"http:\/\/maismagazine.pt\/index.php\/wp-json\/wp\/v2\/posts\/2283","targetHints":{"allow":["GET"]}}],"collection":[{"href":"http:\/\/maismagazine.pt\/index.php\/wp-json\/wp\/v2\/posts"}],"about":[{"href":"http:\/\/maismagazine.pt\/index.php\/wp-json\/wp\/v2\/types\/post"}],"author":[{"embeddable":true,"href":"http:\/\/maismagazine.pt\/index.php\/wp-json\/wp\/v2\/users\/7"}],"replies":[{"embeddable":true,"href":"http:\/\/maismagazine.pt\/index.php\/wp-json\/wp\/v2\/comments?post=2283"}],"version-history":[{"count":1,"href":"http:\/\/maismagazine.pt\/index.php\/wp-json\/wp\/v2\/posts\/2283\/revisions"}],"predecessor-version":[{"id":2288,"href":"http:\/\/maismagazine.pt\/index.php\/wp-json\/wp\/v2\/posts\/2283\/revisions\/2288"}],"wp:featuredmedia":[{"embeddable":true,"href":"http:\/\/maismagazine.pt\/index.php\/wp-json\/wp\/v2\/media\/2287"}],"wp:attachment":[{"href":"http:\/\/maismagazine.pt\/index.php\/wp-json\/wp\/v2\/media?parent=2283"}],"wp:term":[{"taxonomy":"category","embeddable":true,"href":"http:\/\/maismagazine.pt\/index.php\/wp-json\/wp\/v2\/categories?post=2283"},{"taxonomy":"post_tag","embeddable":true,"href":"http:\/\/maismagazine.pt\/index.php\/wp-json\/wp\/v2\/tags?post=2283"}],"curies":[{"name":"wp","href":"https:\/\/api.w.org\/{rel}","templated":true}]}}