{"id":2273,"date":"2022-02-11T07:00:00","date_gmt":"2022-02-11T07:00:00","guid":{"rendered":"http:\/\/maismagazine.pt\/?p=2273"},"modified":"2022-02-04T10:03:39","modified_gmt":"2022-02-04T10:03:39","slug":"luxo-historia-e-requinte-bem-vindos-ao-vidago-palace-hotel","status":"publish","type":"post","link":"http:\/\/maismagazine.pt\/index.php\/2022\/02\/11\/luxo-historia-e-requinte-bem-vindos-ao-vidago-palace-hotel\/","title":{"rendered":"Luxo, hist\u00f3ria e requinte: Bem-vindos ao Vidago Palace Hotel"},"content":{"rendered":"\n<p><em>Idealizado no s\u00e9culo passado, durante o reinado de D. Carlos I, o Vidago Palace Hotel foi inaugurado pela primeira vez em 1910. Hoje, ap\u00f3s mais de um s\u00e9culo, encontra-se renascido, preservando a heran\u00e7a arquitet\u00f3nica do edif\u00edcio e adaptando as val\u00eancias \u00e0s necessidades dos clientes do s\u00e9culo XXI. O Vidago Palace Hotel mant\u00e9m o requinte de outros de tempos, proporcionando um servi\u00e7o de luxo, com os mais altos padr\u00f5es de qualidade e conforto, como nos conta o seu Diretor-Geral, Jorge Almeida.<\/em><\/p>\n\n\n\n<p><\/p>\n\n\n\n<p>Foi constru\u00eddo por iniciativa do rei D. Carlos I com o intuito de promover internacionalmente as propriedades terap\u00eauticas e curativas da \u00e1gua mineral de Vidago. Mas a inaugura\u00e7\u00e3o s\u00f3 ocorreu, precisamente, um dia ap\u00f3s a instaura\u00e7\u00e3o da Rep\u00fablica, a 6 de outubro de 1910. A mudan\u00e7a de regime n\u00e3o impediu que se transformasse na <a href=\"https:\/\/www.vidagopalace.com\/pt\/\" target=\"_blank\" rel=\"noreferrer noopener\">est\u00e2ncia<\/a> termal mais luxuosa da Pen\u00ednsula Ib\u00e9rica, procurada pela aristocracia e pela alta burguesia europeia. E assim foi durante alguns anos. No entanto os portugueses acabariam por trocar as termas pelas praias e a aristocracia europeia descobriu novos hot\u00e9is luxuosos noutras paragens mais acess\u00edveis. Lentamente o Vidago Palace Hotel foi perdendo protagonismo.<\/p>\n\n\n\n<p><\/p>\n\n\n\n<p>At\u00e9 que em 2006, perante o decl\u00ednio e a degrada\u00e7\u00e3o evidentes do espa\u00e7o, se decide encerr\u00e1-lo completamente e proceder a uma remodela\u00e7\u00e3o revolucion\u00e1ria. O objetivo era apenas um: tornar o hotel mais confort\u00e1vel para que os h\u00f3spedes regressassem. A longa fachada de cerca de 100 metros manteve-se, mas todo o interior foi demolido. Todas as pe\u00e7as hist\u00f3ricas e valiosas foram retiradas de forma cuidada para poderem depois ser repostas nos seus locais originais. Os 200 quartos passaram a apenas 70, dos quais 15 s\u00e3o suites, cuidadosamente decorados para garantir os luxos de um espa\u00e7o do s\u00e9culo XXI, embora com o obrigat\u00f3rio toque vintage, para n\u00e3o destoar. <\/p>\n\n\n\n<p><\/p>\n\n\n\n<p>Permaneceu a escadaria dupla, hoje s\u00edmbolo do Vidago Palace, e no lugar da antiga piscina exterior nasceu um novo e moderno spa. Nem o campo de golfe se livrou de uma amplia\u00e7\u00e3o: os nove buracos passaram a 18 e o hotel oferece agora a todos os seus h\u00f3spedes um Championship Golf Course. O t\u00e3o emblem\u00e1tico restaurante Sal\u00e3o Nobre, distinguido com um prato Michelin, a Garrafeira, restaurante tipicamente portugu\u00eas que oferece iguarias transmontanas, ou o Bar Four Seasons s\u00e3o ainda algumas das comodidades que o Vidago Palace Hotel tem hoje dispon\u00edveis para todos os seus h\u00f3spedes.<\/p>\n\n\n\n<p><\/p>\n\n\n\n<p>\u00danico e exclusivo, o Vidago Palace Hotel \u00e9 hoje a combina\u00e7\u00e3o perfeita entre o luxo e a beleza natural de um parque centen\u00e1rio. Como num mundo encantado, o hotel convida a viver experi\u00eancias inesquec\u00edveis, onde o requinte e o esplendor dos espa\u00e7os s\u00e3o marcados pelo charme, romantismo e grandiosidade da Belle \u00c9poque. \u201cSomos membros da Leading Hotels of the World e para termos esta ins\u00edgnia associada ao nosso hotel, temos sem d\u00favida que proporcionar a todos os que nos visitam um servi\u00e7o extraordin\u00e1rio e de qualidade superior\u201d, esclarece Jorge Almeida.<\/p>\n\n\n\n<figure class=\"wp-block-gallery columns-3 is-cropped wp-block-gallery-1\"><ul class=\"blocks-gallery-grid\"><li class=\"blocks-gallery-item\"><figure><img loading=\"lazy\" decoding=\"async\" width=\"1024\" height=\"682\" src=\"http:\/\/maismagazine.pt\/wp-content\/uploads\/2022\/02\/Suite-1024x682.jpg\" alt=\"\" data-id=\"2277\" data-full-url=\"http:\/\/maismagazine.pt\/wp-content\/uploads\/2022\/02\/Suite.jpg\" data-link=\"http:\/\/maismagazine.pt\/?attachment_id=2277\" class=\"wp-image-2277\" srcset=\"http:\/\/maismagazine.pt\/wp-content\/uploads\/2022\/02\/Suite-1024x682.jpg 1024w, http:\/\/maismagazine.pt\/wp-content\/uploads\/2022\/02\/Suite-300x200.jpg 300w, http:\/\/maismagazine.pt\/wp-content\/uploads\/2022\/02\/Suite-768x511.jpg 768w, http:\/\/maismagazine.pt\/wp-content\/uploads\/2022\/02\/Suite-1536x1022.jpg 1536w, http:\/\/maismagazine.pt\/wp-content\/uploads\/2022\/02\/Suite-150x100.jpg 150w, http:\/\/maismagazine.pt\/wp-content\/uploads\/2022\/02\/Suite.jpg 1920w\" sizes=\"auto, (max-width: 1024px) 100vw, 1024px\" \/><\/figure><\/li><li class=\"blocks-gallery-item\"><figure><img loading=\"lazy\" decoding=\"async\" width=\"1024\" height=\"576\" src=\"http:\/\/maismagazine.pt\/wp-content\/uploads\/2022\/02\/Escadaria4-1024x576.jpg\" alt=\"\" data-id=\"2274\" data-full-url=\"http:\/\/maismagazine.pt\/wp-content\/uploads\/2022\/02\/Escadaria4-scaled.jpg\" data-link=\"http:\/\/maismagazine.pt\/?attachment_id=2274\" class=\"wp-image-2274\" srcset=\"http:\/\/maismagazine.pt\/wp-content\/uploads\/2022\/02\/Escadaria4-1024x576.jpg 1024w, http:\/\/maismagazine.pt\/wp-content\/uploads\/2022\/02\/Escadaria4-300x169.jpg 300w, http:\/\/maismagazine.pt\/wp-content\/uploads\/2022\/02\/Escadaria4-768x432.jpg 768w, http:\/\/maismagazine.pt\/wp-content\/uploads\/2022\/02\/Escadaria4-1536x864.jpg 1536w, http:\/\/maismagazine.pt\/wp-content\/uploads\/2022\/02\/Escadaria4-2048x1152.jpg 2048w\" sizes=\"auto, (max-width: 1024px) 100vw, 1024px\" \/><\/figure><\/li><li class=\"blocks-gallery-item\"><figure><img loading=\"lazy\" decoding=\"async\" width=\"1024\" height=\"683\" src=\"http:\/\/maismagazine.pt\/wp-content\/uploads\/2022\/02\/Piscina-exterior-2-1024x683.jpg\" alt=\"\" data-id=\"2279\" data-full-url=\"http:\/\/maismagazine.pt\/wp-content\/uploads\/2022\/02\/Piscina-exterior-2-scaled.jpg\" data-link=\"http:\/\/maismagazine.pt\/?attachment_id=2279\" class=\"wp-image-2279 is-layout-flex wp-block-gallery-is-layout-flex\" srcset=\"http:\/\/maismagazine.pt\/wp-content\/uploads\/2022\/02\/Piscina-exterior-2-1024x683.jpg 1024w, http:\/\/maismagazine.pt\/wp-content\/uploads\/2022\/02\/Piscina-exterior-2-300x200.jpg 300w, http:\/\/maismagazine.pt\/wp-content\/uploads\/2022\/02\/Piscina-exterior-2-768x512.jpg 768w, http:\/\/maismagazine.pt\/wp-content\/uploads\/2022\/02\/Piscina-exterior-2-1536x1024.jpg 1536w, http:\/\/maismagazine.pt\/wp-content\/uploads\/2022\/02\/Piscina-exterior-2-2048x1365.jpg 2048w, http:\/\/maismagazine.pt\/wp-content\/uploads\/2022\/02\/Piscina-exterior-2-150x100.jpg 150w\" sizes=\"auto, (max-width: 1024px) 100vw, 1024px\" \/><\/figure><\/li><\/ul><\/figure>\n\n\n\n<p><strong>Aqui, a \u00e1gua mineral de Vidago \u00e9 rainha<\/strong><\/p>\n\n\n\n<p>O luxo das alas comuns do hotel contrasta com o minimalismo e a luminosidade do spa, em funcionamento desde 2010. O Vidago Palace Spa \u00e9 um lugar de sofisticada eleg\u00e2ncia e requinte entre 100 hectares de pinho e cedro perfumado, misturado com alecrim e lavanda atrav\u00e9s de todo o parque. No Vidago Palace Spa as experi\u00eancias s\u00e3o \u00fanicas e memor\u00e1veis, com a cura atrav\u00e9s das \u00e1guas minerais terap\u00eauticas. A hist\u00f3ria das \u00e1guas de Vidago come\u00e7ou no s\u00e9culo XVII, \u00e9poca em que se confirmou que estas t\u00eam propriedades terap\u00eauticas e curativas exclusivas. Integrado no hotel, mas com portas abertas ao p\u00fablico, o Vidago Palace SPA \u00e9 reconhecido pelos tratamentos feitos a partir de \u00e1guas gasocarb\u00f3nicas provenientes de capta\u00e7\u00f5es profundas em terrenos de pura rocha gran\u00edtica conhecidas pelos in\u00fameros benef\u00edcios para problemas digestivos, musculares, reum\u00e1ticos, da pele, entre outros \u2013 continuam a ser usadas em tratamentos termais cl\u00e1ssicos, mas a aposta \u00e9, sobretudo, nos programas de bem-estar. <\/p>\n\n\n\n<p><\/p>\n\n\n\n<p>\u00c9 \u00e0 boleia dos benef\u00edcios das \u00e1guas da vila de Vidago que, atualmente, fazem parte da oferta do spa alguns tratamentos como o duche de jato, o banho de imers\u00e3o e o duche de massagem a quatro m\u00e3os. No entanto o leque de op\u00e7\u00f5es \u00e9 vasto e inclui tratamentos faciais e corporais com produtos da francesa Clarins e massagens, como a de relaxamento com aromaterapia, onde o cliente escolhe o \u00f3leo essencial pretendido, entre doze refer\u00eancias da Aromatherapy Associates, para ser usado no tratamento.<\/p>\n\n\n\n<p><\/p>\n\n\n\n<p><strong>Vidago Palace Golf Course<\/strong><\/p>\n\n\n\n<p>Dentro da propriedade os atrativos abundam e atraem, sobretudo, os golfistas. O excelente campo de golfe do Vidago Palace conta com um percurso totalmente reconstru\u00eddo de acordo com as especifica\u00e7\u00f5es da USGA para greens e tees, tendo sido transformado num campo Par 72, potenciando a realiza\u00e7\u00e3o de campeonatos internacionais. \u201c\u00c9, certamente, um campo excecional e muito interessante de se jogar. Todos os buracos constituem um desafio diferente do anterior. Os greens elevados e ondulados, assim como bunkers estrategicamente colocados, s\u00e3o um desafio onde qualquer golfista ter\u00e1 que usar todo o seu potencial para ultrapassar este duro teste\u201d, afirma Jorge Almeida. A imagem de marca deste campo fica a cargo dos muros de pedra local, assim como do parque de \u00e1rvores centen\u00e1rias que, para al\u00e9m de uma beleza \u00fanica e natural, conferem uma dificuldade extra ao percurso.<\/p>\n\n\n\n<figure class=\"wp-block-gallery columns-3 is-cropped wp-block-gallery-2\"><ul class=\"blocks-gallery-grid\"><li class=\"blocks-gallery-item\"><figure><img loading=\"lazy\" decoding=\"async\" width=\"1024\" height=\"681\" src=\"http:\/\/maismagazine.pt\/wp-content\/uploads\/2022\/02\/0793-1024x681.jpg\" alt=\"\" data-id=\"2281\" data-full-url=\"http:\/\/maismagazine.pt\/wp-content\/uploads\/2022\/02\/0793-scaled.jpg\" data-link=\"http:\/\/maismagazine.pt\/?attachment_id=2281\" class=\"wp-image-2281\" srcset=\"http:\/\/maismagazine.pt\/wp-content\/uploads\/2022\/02\/0793-1024x681.jpg 1024w, http:\/\/maismagazine.pt\/wp-content\/uploads\/2022\/02\/0793-300x200.jpg 300w, http:\/\/maismagazine.pt\/wp-content\/uploads\/2022\/02\/0793-768x511.jpg 768w, http:\/\/maismagazine.pt\/wp-content\/uploads\/2022\/02\/0793-1536x1022.jpg 1536w, http:\/\/maismagazine.pt\/wp-content\/uploads\/2022\/02\/0793-2048x1362.jpg 2048w, http:\/\/maismagazine.pt\/wp-content\/uploads\/2022\/02\/0793-150x100.jpg 150w\" sizes=\"auto, (max-width: 1024px) 100vw, 1024px\" \/><\/figure><\/li><li class=\"blocks-gallery-item\"><figure><img loading=\"lazy\" decoding=\"async\" width=\"1024\" height=\"576\" src=\"http:\/\/maismagazine.pt\/wp-content\/uploads\/2022\/02\/Jet-pool-1024x576.jpg\" alt=\"\" data-id=\"2280\" data-full-url=\"http:\/\/maismagazine.pt\/wp-content\/uploads\/2022\/02\/Jet-pool-scaled.jpg\" data-link=\"http:\/\/maismagazine.pt\/?attachment_id=2280\" class=\"wp-image-2280\" srcset=\"http:\/\/maismagazine.pt\/wp-content\/uploads\/2022\/02\/Jet-pool-1024x576.jpg 1024w, http:\/\/maismagazine.pt\/wp-content\/uploads\/2022\/02\/Jet-pool-300x169.jpg 300w, http:\/\/maismagazine.pt\/wp-content\/uploads\/2022\/02\/Jet-pool-768x432.jpg 768w, http:\/\/maismagazine.pt\/wp-content\/uploads\/2022\/02\/Jet-pool-1536x864.jpg 1536w, http:\/\/maismagazine.pt\/wp-content\/uploads\/2022\/02\/Jet-pool-2048x1152.jpg 2048w\" sizes=\"auto, (max-width: 1024px) 100vw, 1024px\" \/><\/figure><\/li><li class=\"blocks-gallery-item\"><figure><img loading=\"lazy\" decoding=\"async\" width=\"1024\" height=\"683\" src=\"http:\/\/maismagazine.pt\/wp-content\/uploads\/2022\/02\/Salao-Nobre-2-1024x683.jpg\" alt=\"\" data-id=\"2278\" data-full-url=\"http:\/\/maismagazine.pt\/wp-content\/uploads\/2022\/02\/Salao-Nobre-2-scaled.jpg\" data-link=\"http:\/\/maismagazine.pt\/?attachment_id=2278\" class=\"wp-image-2278 is-layout-flex wp-block-gallery-is-layout-flex\" srcset=\"http:\/\/maismagazine.pt\/wp-content\/uploads\/2022\/02\/Salao-Nobre-2-1024x683.jpg 1024w, http:\/\/maismagazine.pt\/wp-content\/uploads\/2022\/02\/Salao-Nobre-2-300x200.jpg 300w, http:\/\/maismagazine.pt\/wp-content\/uploads\/2022\/02\/Salao-Nobre-2-768x512.jpg 768w, http:\/\/maismagazine.pt\/wp-content\/uploads\/2022\/02\/Salao-Nobre-2-1536x1024.jpg 1536w, http:\/\/maismagazine.pt\/wp-content\/uploads\/2022\/02\/Salao-Nobre-2-2048x1365.jpg 2048w, http:\/\/maismagazine.pt\/wp-content\/uploads\/2022\/02\/Salao-Nobre-2-150x100.jpg 150w\" sizes=\"auto, (max-width: 1024px) 100vw, 1024px\" \/><\/figure><\/li><\/ul><\/figure>\n\n\n\n<p><strong>Um local de visita obrigat\u00f3ria<\/strong><\/p>\n\n\n\n<p>Pouco mais de dez anos ap\u00f3s a sua reabertura, o Vidago Palace Hotel \u00e9 recordista de pr\u00e9mios e distin\u00e7\u00f5es, como s\u00e3o exemplo o Best Luxury Hotel Spa, nos World Luxury Hotel Awards, o Portugal\u2019s Best Golf Hotel, nos distintos World Golf Awards, ou ainda o Traveller\u2019s Choice Awards 2021. \u201cNestes dois anos particularmente desafiantes, destacamo-nos ao proporcionar experi\u00eancias e servi\u00e7os incr\u00edveis aos nossos clientes\u201d, enaltece Jorge Almeida, que n\u00e3o esconde a confian\u00e7a num 2022 mais positivo \u201cn\u00e3o s\u00f3 em termos de reservas previstas, como tamb\u00e9m fruto do crescimento junto de clientes internacionais\u201d, como \u00e9 o caso dos turistas americanos, ingleses, franceses e brasileiros.<\/p>\n\n\n\n<p><\/p>\n\n\n\n<p>Nunca fez tanto sentido o \u201cv\u00e1 de f\u00e9rias, c\u00e1 dentro\u201d e se nunca teve a oportunidade de conhecer o Vidago Palace Hotel, chegou a hora de o visitar. Jorge Almeida deixa-lhe o convite: \u201cO hist\u00f3rico e emblem\u00e1tico Vidago Palace, como todos sabemos, est\u00e1 inserido num parque centen\u00e1rio com 150 hectares, muito espa\u00e7o ao ar livre, com muita fauna e flora para desfrutar. Por isso, e por muitas outras raz\u00f5es, convido-vos a visitar este espa\u00e7o, a usufruir do conforto das nossas instala\u00e7\u00f5es e, mais importante ainda, da simpatia, naturalidade, simplicidade, caracter\u00edsticas transmontanas com que recebemos todos os nossos h\u00f3spedes\u201d, finaliza.<\/p>\n","protected":false},"excerpt":{"rendered":"<p>Idealizado no s\u00e9culo passado, durante o reinado de D. Carlos I, o Vidago Palace Hotel foi inaugurado pela primeira vez em 1910. Hoje, ap\u00f3s mais de um s\u00e9culo, encontra-se renascido, preservando a heran\u00e7a arquitet\u00f3nica do edif\u00edcio e adaptando as val\u00eancias \u00e0s necessidades dos clientes do s\u00e9culo XXI. O Vidago Palace&hellip;<\/p>\n","protected":false},"author":7,"featured_media":2276,"comment_status":"open","ping_status":"open","sticky":false,"template":"","format":"standard","meta":{"advgb_blocks_editor_width":"","advgb_blocks_columns_visual_guide":"","_monsterinsights_skip_tracking":false,"_monsterinsights_sitenote_active":false,"_monsterinsights_sitenote_note":"","_monsterinsights_sitenote_category":0,"footnotes":""},"categories":[50,6,161,53],"tags":[379,363,378,140],"class_list":["post-2273","post","type-post","status-publish","format-standard","has-post-thumbnail","hentry","category-destaques","category-empreendedorismo","category-mundo-empresarial","category-turismo-restaurantes","tag-agua-mineral","tag-centenaria","tag-historia","tag-luxo"],"yoast_head":"<!-- This site is optimized with the Yoast SEO plugin v24.4 - https:\/\/yoast.com\/wordpress\/plugins\/seo\/ -->\n<title>Luxo, hist\u00f3ria e requinte: Bem-vindos ao Vidago Palace Hotel - Mais Magazine<\/title>\n<meta name=\"description\" content=\"Idealizado no s\u00e9culo passado, durante o reinado de D. Carlos I, o Vidago Palace Hotel foi inaugurado pela primeira vez em 1910.\" \/>\n<meta name=\"robots\" content=\"index, follow, max-snippet:-1, max-image-preview:large, max-video-preview:-1\" \/>\n<link rel=\"canonical\" href=\"http:\/\/maismagazine.pt\/index.php\/2022\/02\/11\/luxo-historia-e-requinte-bem-vindos-ao-vidago-palace-hotel\/\" \/>\n<meta property=\"og:locale\" content=\"pt_PT\" \/>\n<meta property=\"og:type\" content=\"article\" \/>\n<meta property=\"og:title\" content=\"Luxo, hist\u00f3ria e requinte: Bem-vindos ao Vidago Palace Hotel - Mais Magazine\" \/>\n<meta property=\"og:description\" content=\"Idealizado no s\u00e9culo passado, durante o reinado de D. Carlos I, o Vidago Palace Hotel foi inaugurado pela primeira vez em 1910.\" \/>\n<meta property=\"og:url\" content=\"http:\/\/maismagazine.pt\/index.php\/2022\/02\/11\/luxo-historia-e-requinte-bem-vindos-ao-vidago-palace-hotel\/\" \/>\n<meta property=\"og:site_name\" content=\"Mais Magazine\" \/>\n<meta property=\"article:published_time\" content=\"2022-02-11T07:00:00+00:00\" \/>\n<meta property=\"og:image\" content=\"http:\/\/maismagazine.pt\/wp-content\/uploads\/2022\/02\/Sunny-Facade-scaled.jpg\" \/>\n\t<meta property=\"og:image:width\" content=\"2560\" \/>\n\t<meta property=\"og:image:height\" content=\"1707\" \/>\n\t<meta property=\"og:image:type\" content=\"image\/jpeg\" \/>\n<meta name=\"author\" content=\"Jo\u00e3o Malainho\" \/>\n<meta name=\"twitter:card\" content=\"summary_large_image\" \/>\n<meta name=\"twitter:label1\" content=\"Escrito por\" \/>\n\t<meta name=\"twitter:data1\" content=\"\" \/>\n\t<meta name=\"twitter:label2\" content=\"Tempo estimado de leitura\" \/>\n\t<meta name=\"twitter:data2\" content=\"6 minutos\" \/>\n<script type=\"application\/ld+json\" class=\"yoast-schema-graph\">{\"@context\":\"https:\/\/schema.org\",\"@graph\":[{\"@type\":\"Article\",\"@id\":\"http:\/\/maismagazine.pt\/index.php\/2022\/02\/11\/luxo-historia-e-requinte-bem-vindos-ao-vidago-palace-hotel\/#article\",\"isPartOf\":{\"@id\":\"http:\/\/maismagazine.pt\/index.php\/2022\/02\/11\/luxo-historia-e-requinte-bem-vindos-ao-vidago-palace-hotel\/\"},\"author\":{\"name\":\"Jo\u00e3o Malainho\",\"@id\":\"http:\/\/maismagazine.pt\/#\/schema\/person\/999bd426f894ff56d397ec12ebd21ebb\"},\"headline\":\"Luxo, hist\u00f3ria e requinte: Bem-vindos ao Vidago Palace Hotel\",\"datePublished\":\"2022-02-11T07:00:00+00:00\",\"mainEntityOfPage\":{\"@id\":\"http:\/\/maismagazine.pt\/index.php\/2022\/02\/11\/luxo-historia-e-requinte-bem-vindos-ao-vidago-palace-hotel\/\"},\"wordCount\":1168,\"commentCount\":0,\"publisher\":{\"@id\":\"http:\/\/maismagazine.pt\/#organization\"},\"image\":{\"@id\":\"http:\/\/maismagazine.pt\/index.php\/2022\/02\/11\/luxo-historia-e-requinte-bem-vindos-ao-vidago-palace-hotel\/#primaryimage\"},\"thumbnailUrl\":\"http:\/\/maismagazine.pt\/wp-content\/uploads\/2022\/02\/Sunny-Facade-scaled.jpg\",\"keywords\":[\"\u00e1gua mineral\",\"Centen\u00e1ria\",\"Hist\u00f3ria\",\"Luxo\"],\"articleSection\":[\"Destaques\",\"Empreendedorismo\",\"Mundo Empresarial\",\"Turismo | Vinhos | Gastronomia\"],\"inLanguage\":\"pt-PT\",\"potentialAction\":[{\"@type\":\"CommentAction\",\"name\":\"Comment\",\"target\":[\"http:\/\/maismagazine.pt\/index.php\/2022\/02\/11\/luxo-historia-e-requinte-bem-vindos-ao-vidago-palace-hotel\/#respond\"]}]},{\"@type\":\"WebPage\",\"@id\":\"http:\/\/maismagazine.pt\/index.php\/2022\/02\/11\/luxo-historia-e-requinte-bem-vindos-ao-vidago-palace-hotel\/\",\"url\":\"http:\/\/maismagazine.pt\/index.php\/2022\/02\/11\/luxo-historia-e-requinte-bem-vindos-ao-vidago-palace-hotel\/\",\"name\":\"Luxo, hist\u00f3ria e requinte: Bem-vindos ao Vidago Palace Hotel - Mais Magazine\",\"isPartOf\":{\"@id\":\"http:\/\/maismagazine.pt\/#website\"},\"primaryImageOfPage\":{\"@id\":\"http:\/\/maismagazine.pt\/index.php\/2022\/02\/11\/luxo-historia-e-requinte-bem-vindos-ao-vidago-palace-hotel\/#primaryimage\"},\"image\":{\"@id\":\"http:\/\/maismagazine.pt\/index.php\/2022\/02\/11\/luxo-historia-e-requinte-bem-vindos-ao-vidago-palace-hotel\/#primaryimage\"},\"thumbnailUrl\":\"http:\/\/maismagazine.pt\/wp-content\/uploads\/2022\/02\/Sunny-Facade-scaled.jpg\",\"datePublished\":\"2022-02-11T07:00:00+00:00\",\"description\":\"Idealizado no s\u00e9culo passado, durante o reinado de D. Carlos I, o Vidago Palace Hotel foi inaugurado pela primeira vez em 1910.\",\"breadcrumb\":{\"@id\":\"http:\/\/maismagazine.pt\/index.php\/2022\/02\/11\/luxo-historia-e-requinte-bem-vindos-ao-vidago-palace-hotel\/#breadcrumb\"},\"inLanguage\":\"pt-PT\",\"potentialAction\":[{\"@type\":\"ReadAction\",\"target\":[\"http:\/\/maismagazine.pt\/index.php\/2022\/02\/11\/luxo-historia-e-requinte-bem-vindos-ao-vidago-palace-hotel\/\"]}]},{\"@type\":\"ImageObject\",\"inLanguage\":\"pt-PT\",\"@id\":\"http:\/\/maismagazine.pt\/index.php\/2022\/02\/11\/luxo-historia-e-requinte-bem-vindos-ao-vidago-palace-hotel\/#primaryimage\",\"url\":\"http:\/\/maismagazine.pt\/wp-content\/uploads\/2022\/02\/Sunny-Facade-scaled.jpg\",\"contentUrl\":\"http:\/\/maismagazine.pt\/wp-content\/uploads\/2022\/02\/Sunny-Facade-scaled.jpg\",\"width\":2560,\"height\":1707},{\"@type\":\"BreadcrumbList\",\"@id\":\"http:\/\/maismagazine.pt\/index.php\/2022\/02\/11\/luxo-historia-e-requinte-bem-vindos-ao-vidago-palace-hotel\/#breadcrumb\",\"itemListElement\":[{\"@type\":\"ListItem\",\"position\":1,\"name\":\"Home\",\"item\":\"http:\/\/maismagazine.pt\/\"},{\"@type\":\"ListItem\",\"position\":2,\"name\":\"Luxo, hist\u00f3ria e requinte: Bem-vindos ao Vidago Palace Hotel\"}]},{\"@type\":\"WebSite\",\"@id\":\"http:\/\/maismagazine.pt\/#website\",\"url\":\"http:\/\/maismagazine.pt\/\",\"name\":\"Mais Magazine\",\"description\":\"\",\"publisher\":{\"@id\":\"http:\/\/maismagazine.pt\/#organization\"},\"potentialAction\":[{\"@type\":\"SearchAction\",\"target\":{\"@type\":\"EntryPoint\",\"urlTemplate\":\"http:\/\/maismagazine.pt\/?s={search_term_string}\"},\"query-input\":{\"@type\":\"PropertyValueSpecification\",\"valueRequired\":true,\"valueName\":\"search_term_string\"}}],\"inLanguage\":\"pt-PT\"},{\"@type\":\"Organization\",\"@id\":\"http:\/\/maismagazine.pt\/#organization\",\"name\":\"Mais Magazine\",\"url\":\"http:\/\/maismagazine.pt\/\",\"logo\":{\"@type\":\"ImageObject\",\"inLanguage\":\"pt-PT\",\"@id\":\"http:\/\/maismagazine.pt\/#\/schema\/logo\/image\/\",\"url\":\"http:\/\/maismagazine.pt\/wp-content\/uploads\/2020\/04\/cropped-cropped-mais-magazine-site-logo-2.png\",\"contentUrl\":\"http:\/\/maismagazine.pt\/wp-content\/uploads\/2020\/04\/cropped-cropped-mais-magazine-site-logo-2.png\",\"width\":581,\"height\":90,\"caption\":\"Mais Magazine\"},\"image\":{\"@id\":\"http:\/\/maismagazine.pt\/#\/schema\/logo\/image\/\"}},{\"@type\":\"Person\",\"@id\":\"http:\/\/maismagazine.pt\/#\/schema\/person\/999bd426f894ff56d397ec12ebd21ebb\",\"name\":\"Jo\u00e3o Malainho\",\"image\":{\"@type\":\"ImageObject\",\"inLanguage\":\"pt-PT\",\"@id\":\"http:\/\/maismagazine.pt\/#\/schema\/person\/image\/\",\"url\":\"https:\/\/secure.gravatar.com\/avatar\/ff03c2f38edf60b2a827aa4f74878491?s=96&d=mm&r=g\",\"contentUrl\":\"https:\/\/secure.gravatar.com\/avatar\/ff03c2f38edf60b2a827aa4f74878491?s=96&d=mm&r=g\",\"caption\":\"Jo\u00e3o Malainho\"},\"url\":\"http:\/\/maismagazine.pt\/index.php\/author\/maismagazine\/\"}]}<\/script>\n<!-- \/ Yoast SEO plugin. -->","yoast_head_json":{"title":"Luxo, hist\u00f3ria e requinte: Bem-vindos ao Vidago Palace Hotel - Mais Magazine","description":"Idealizado no s\u00e9culo passado, durante o reinado de D. Carlos I, o Vidago Palace Hotel foi inaugurado pela primeira vez em 1910.","robots":{"index":"index","follow":"follow","max-snippet":"max-snippet:-1","max-image-preview":"max-image-preview:large","max-video-preview":"max-video-preview:-1"},"canonical":"http:\/\/maismagazine.pt\/index.php\/2022\/02\/11\/luxo-historia-e-requinte-bem-vindos-ao-vidago-palace-hotel\/","og_locale":"pt_PT","og_type":"article","og_title":"Luxo, hist\u00f3ria e requinte: Bem-vindos ao Vidago Palace Hotel - Mais Magazine","og_description":"Idealizado no s\u00e9culo passado, durante o reinado de D. Carlos I, o Vidago Palace Hotel foi inaugurado pela primeira vez em 1910.","og_url":"http:\/\/maismagazine.pt\/index.php\/2022\/02\/11\/luxo-historia-e-requinte-bem-vindos-ao-vidago-palace-hotel\/","og_site_name":"Mais Magazine","article_published_time":"2022-02-11T07:00:00+00:00","og_image":[{"width":2560,"height":1707,"url":"http:\/\/maismagazine.pt\/wp-content\/uploads\/2022\/02\/Sunny-Facade-scaled.jpg","type":"image\/jpeg"}],"author":"Jo\u00e3o Malainho","twitter_card":"summary_large_image","twitter_misc":{"Escrito por":false,"Tempo estimado de leitura":"6 minutos"},"schema":{"@context":"https:\/\/schema.org","@graph":[{"@type":"Article","@id":"http:\/\/maismagazine.pt\/index.php\/2022\/02\/11\/luxo-historia-e-requinte-bem-vindos-ao-vidago-palace-hotel\/#article","isPartOf":{"@id":"http:\/\/maismagazine.pt\/index.php\/2022\/02\/11\/luxo-historia-e-requinte-bem-vindos-ao-vidago-palace-hotel\/"},"author":{"name":"Jo\u00e3o Malainho","@id":"http:\/\/maismagazine.pt\/#\/schema\/person\/999bd426f894ff56d397ec12ebd21ebb"},"headline":"Luxo, hist\u00f3ria e requinte: Bem-vindos ao Vidago Palace Hotel","datePublished":"2022-02-11T07:00:00+00:00","mainEntityOfPage":{"@id":"http:\/\/maismagazine.pt\/index.php\/2022\/02\/11\/luxo-historia-e-requinte-bem-vindos-ao-vidago-palace-hotel\/"},"wordCount":1168,"commentCount":0,"publisher":{"@id":"http:\/\/maismagazine.pt\/#organization"},"image":{"@id":"http:\/\/maismagazine.pt\/index.php\/2022\/02\/11\/luxo-historia-e-requinte-bem-vindos-ao-vidago-palace-hotel\/#primaryimage"},"thumbnailUrl":"http:\/\/maismagazine.pt\/wp-content\/uploads\/2022\/02\/Sunny-Facade-scaled.jpg","keywords":["\u00e1gua mineral","Centen\u00e1ria","Hist\u00f3ria","Luxo"],"articleSection":["Destaques","Empreendedorismo","Mundo Empresarial","Turismo | Vinhos | Gastronomia"],"inLanguage":"pt-PT","potentialAction":[{"@type":"CommentAction","name":"Comment","target":["http:\/\/maismagazine.pt\/index.php\/2022\/02\/11\/luxo-historia-e-requinte-bem-vindos-ao-vidago-palace-hotel\/#respond"]}]},{"@type":"WebPage","@id":"http:\/\/maismagazine.pt\/index.php\/2022\/02\/11\/luxo-historia-e-requinte-bem-vindos-ao-vidago-palace-hotel\/","url":"http:\/\/maismagazine.pt\/index.php\/2022\/02\/11\/luxo-historia-e-requinte-bem-vindos-ao-vidago-palace-hotel\/","name":"Luxo, hist\u00f3ria e requinte: Bem-vindos ao Vidago Palace Hotel - Mais Magazine","isPartOf":{"@id":"http:\/\/maismagazine.pt\/#website"},"primaryImageOfPage":{"@id":"http:\/\/maismagazine.pt\/index.php\/2022\/02\/11\/luxo-historia-e-requinte-bem-vindos-ao-vidago-palace-hotel\/#primaryimage"},"image":{"@id":"http:\/\/maismagazine.pt\/index.php\/2022\/02\/11\/luxo-historia-e-requinte-bem-vindos-ao-vidago-palace-hotel\/#primaryimage"},"thumbnailUrl":"http:\/\/maismagazine.pt\/wp-content\/uploads\/2022\/02\/Sunny-Facade-scaled.jpg","datePublished":"2022-02-11T07:00:00+00:00","description":"Idealizado no s\u00e9culo passado, durante o reinado de D. Carlos I, o Vidago Palace Hotel foi inaugurado pela primeira vez em 1910.","breadcrumb":{"@id":"http:\/\/maismagazine.pt\/index.php\/2022\/02\/11\/luxo-historia-e-requinte-bem-vindos-ao-vidago-palace-hotel\/#breadcrumb"},"inLanguage":"pt-PT","potentialAction":[{"@type":"ReadAction","target":["http:\/\/maismagazine.pt\/index.php\/2022\/02\/11\/luxo-historia-e-requinte-bem-vindos-ao-vidago-palace-hotel\/"]}]},{"@type":"ImageObject","inLanguage":"pt-PT","@id":"http:\/\/maismagazine.pt\/index.php\/2022\/02\/11\/luxo-historia-e-requinte-bem-vindos-ao-vidago-palace-hotel\/#primaryimage","url":"http:\/\/maismagazine.pt\/wp-content\/uploads\/2022\/02\/Sunny-Facade-scaled.jpg","contentUrl":"http:\/\/maismagazine.pt\/wp-content\/uploads\/2022\/02\/Sunny-Facade-scaled.jpg","width":2560,"height":1707},{"@type":"BreadcrumbList","@id":"http:\/\/maismagazine.pt\/index.php\/2022\/02\/11\/luxo-historia-e-requinte-bem-vindos-ao-vidago-palace-hotel\/#breadcrumb","itemListElement":[{"@type":"ListItem","position":1,"name":"Home","item":"http:\/\/maismagazine.pt\/"},{"@type":"ListItem","position":2,"name":"Luxo, hist\u00f3ria e requinte: Bem-vindos ao Vidago Palace Hotel"}]},{"@type":"WebSite","@id":"http:\/\/maismagazine.pt\/#website","url":"http:\/\/maismagazine.pt\/","name":"Mais Magazine","description":"","publisher":{"@id":"http:\/\/maismagazine.pt\/#organization"},"potentialAction":[{"@type":"SearchAction","target":{"@type":"EntryPoint","urlTemplate":"http:\/\/maismagazine.pt\/?s={search_term_string}"},"query-input":{"@type":"PropertyValueSpecification","valueRequired":true,"valueName":"search_term_string"}}],"inLanguage":"pt-PT"},{"@type":"Organization","@id":"http:\/\/maismagazine.pt\/#organization","name":"Mais Magazine","url":"http:\/\/maismagazine.pt\/","logo":{"@type":"ImageObject","inLanguage":"pt-PT","@id":"http:\/\/maismagazine.pt\/#\/schema\/logo\/image\/","url":"http:\/\/maismagazine.pt\/wp-content\/uploads\/2020\/04\/cropped-cropped-mais-magazine-site-logo-2.png","contentUrl":"http:\/\/maismagazine.pt\/wp-content\/uploads\/2020\/04\/cropped-cropped-mais-magazine-site-logo-2.png","width":581,"height":90,"caption":"Mais Magazine"},"image":{"@id":"http:\/\/maismagazine.pt\/#\/schema\/logo\/image\/"}},{"@type":"Person","@id":"http:\/\/maismagazine.pt\/#\/schema\/person\/999bd426f894ff56d397ec12ebd21ebb","name":"Jo\u00e3o Malainho","image":{"@type":"ImageObject","inLanguage":"pt-PT","@id":"http:\/\/maismagazine.pt\/#\/schema\/person\/image\/","url":"https:\/\/secure.gravatar.com\/avatar\/ff03c2f38edf60b2a827aa4f74878491?s=96&d=mm&r=g","contentUrl":"https:\/\/secure.gravatar.com\/avatar\/ff03c2f38edf60b2a827aa4f74878491?s=96&d=mm&r=g","caption":"Jo\u00e3o Malainho"},"url":"http:\/\/maismagazine.pt\/index.php\/author\/maismagazine\/"}]}},"author_meta":{"display_name":false,"author_link":"http:\/\/maismagazine.pt\/index.php\/author\/maismagazine\/"},"featured_img":"http:\/\/maismagazine.pt\/wp-content\/uploads\/2022\/02\/Sunny-Facade-300x200.jpg","coauthors":[],"tax_additional":{"categories":{"linked":["<a href=\"http:\/\/maismagazine.pt\/index.php\/category\/destaques\/\" class=\"advgb-post-tax-term\">Destaques<\/a>","<a href=\"http:\/\/maismagazine.pt\/index.php\/category\/empreendedorismo\/\" class=\"advgb-post-tax-term\">Empreendedorismo<\/a>","<a href=\"http:\/\/maismagazine.pt\/index.php\/category\/mundo-empresarial\/\" class=\"advgb-post-tax-term\">Mundo Empresarial<\/a>","<a href=\"http:\/\/maismagazine.pt\/index.php\/category\/turismo-restaurantes\/\" class=\"advgb-post-tax-term\">Turismo | Vinhos | Gastronomia<\/a>"],"unlinked":["<span class=\"advgb-post-tax-term\">Destaques<\/span>","<span class=\"advgb-post-tax-term\">Empreendedorismo<\/span>","<span class=\"advgb-post-tax-term\">Mundo Empresarial<\/span>","<span class=\"advgb-post-tax-term\">Turismo | Vinhos | Gastronomia<\/span>"]},"tags":{"linked":["<a href=\"http:\/\/maismagazine.pt\/index.php\/category\/turismo-restaurantes\/\" class=\"advgb-post-tax-term\">\u00e1gua mineral<\/a>","<a href=\"http:\/\/maismagazine.pt\/index.php\/category\/turismo-restaurantes\/\" class=\"advgb-post-tax-term\">Centen\u00e1ria<\/a>","<a href=\"http:\/\/maismagazine.pt\/index.php\/category\/turismo-restaurantes\/\" class=\"advgb-post-tax-term\">Hist\u00f3ria<\/a>","<a href=\"http:\/\/maismagazine.pt\/index.php\/category\/turismo-restaurantes\/\" class=\"advgb-post-tax-term\">Luxo<\/a>"],"unlinked":["<span class=\"advgb-post-tax-term\">\u00e1gua mineral<\/span>","<span class=\"advgb-post-tax-term\">Centen\u00e1ria<\/span>","<span class=\"advgb-post-tax-term\">Hist\u00f3ria<\/span>","<span class=\"advgb-post-tax-term\">Luxo<\/span>"]}},"comment_count":"0","relative_dates":{"created":"Posted 4 anos ago","modified":"Updated 4 anos ago"},"absolute_dates":{"created":"Posted on 11 de Fevereiro, 2022","modified":"Updated on 4 de Fevereiro, 2022"},"absolute_dates_time":{"created":"Posted on 11 de Fevereiro, 2022 7:00","modified":"Updated on 4 de Fevereiro, 2022 10:03"},"featured_img_caption":"","series_order":"","_links":{"self":[{"href":"http:\/\/maismagazine.pt\/index.php\/wp-json\/wp\/v2\/posts\/2273","targetHints":{"allow":["GET"]}}],"collection":[{"href":"http:\/\/maismagazine.pt\/index.php\/wp-json\/wp\/v2\/posts"}],"about":[{"href":"http:\/\/maismagazine.pt\/index.php\/wp-json\/wp\/v2\/types\/post"}],"author":[{"embeddable":true,"href":"http:\/\/maismagazine.pt\/index.php\/wp-json\/wp\/v2\/users\/7"}],"replies":[{"embeddable":true,"href":"http:\/\/maismagazine.pt\/index.php\/wp-json\/wp\/v2\/comments?post=2273"}],"version-history":[{"count":2,"href":"http:\/\/maismagazine.pt\/index.php\/wp-json\/wp\/v2\/posts\/2273\/revisions"}],"predecessor-version":[{"id":2285,"href":"http:\/\/maismagazine.pt\/index.php\/wp-json\/wp\/v2\/posts\/2273\/revisions\/2285"}],"wp:featuredmedia":[{"embeddable":true,"href":"http:\/\/maismagazine.pt\/index.php\/wp-json\/wp\/v2\/media\/2276"}],"wp:attachment":[{"href":"http:\/\/maismagazine.pt\/index.php\/wp-json\/wp\/v2\/media?parent=2273"}],"wp:term":[{"taxonomy":"category","embeddable":true,"href":"http:\/\/maismagazine.pt\/index.php\/wp-json\/wp\/v2\/categories?post=2273"},{"taxonomy":"post_tag","embeddable":true,"href":"http:\/\/maismagazine.pt\/index.php\/wp-json\/wp\/v2\/tags?post=2273"}],"curies":[{"name":"wp","href":"https:\/\/api.w.org\/{rel}","templated":true}]}}