{"id":2230,"date":"2022-02-11T07:00:00","date_gmt":"2022-02-11T07:00:00","guid":{"rendered":"http:\/\/maismagazine.pt\/?p=2230"},"modified":"2022-02-04T09:11:05","modified_gmt":"2022-02-04T09:11:05","slug":"uma-empresa-lider-nacional-faz-a-diferenca","status":"publish","type":"post","link":"http:\/\/maismagazine.pt\/index.php\/2022\/02\/11\/uma-empresa-lider-nacional-faz-a-diferenca\/","title":{"rendered":"Uma empresa l\u00edder nacional faz a diferen\u00e7a"},"content":{"rendered":"\n<p><\/p>\n\n\n\n<p><strong>A <a href=\"https:\/\/www.carglass.pt\/pt\/\">Carglass<\/a> tem uma posi\u00e7\u00e3o de lideran\u00e7a global. Em Portugal \u00e9 uma marca hist\u00f3rica, com mais de 30 anos de implementa\u00e7\u00e3o que, pela sua postura e profissionalismo, inspira confian\u00e7a aos seus clientes. Atualmente, conta com mais de 60 ag\u00eancias com ampla cobertura nacional, o que lhe permite estar mais pr\u00f3xima dos clientes com maior celeridade e capacidade de resposta. \u201cPara permitir responder \u00e0s diferentes solicita\u00e7\u00f5es que nos chegam, dispomos ainda de uma frota de viaturas que presta o servi\u00e7o m\u00f3vel. Uma op\u00e7\u00e3o c\u00f3moda e que permite levar os nossos t\u00e9cnicos at\u00e9 ao cliente\u201d, explica Jorge Cardoso.<\/strong><\/p>\n\n\n\n<p><\/p>\n\n\n\n<p><\/p>\n\n\n\n<p><strong>\u201cA palavra-chave dos nossos servi\u00e7os \u00e9 seguran\u00e7a\u201d<\/strong><br>Com tr\u00eas d\u00e9cadas de hist\u00f3ria, a Carglass Portugal foi-se adaptando e alargando o seu espectro de servi\u00e7os \u00e0s necessidades de um mercado cada vez mais exigente. Inicialmente associada \u00e0 repara\u00e7\u00e3o e substitui\u00e7\u00e3o de vidro autom\u00f3vel, hoje, a Carglass tem dispon\u00edvel uma grande variedade de servi\u00e7os adicionais, capazes de garantir e assegurar a total satisfa\u00e7\u00e3o dos seus clientes. \u201cO vidro autom\u00f3vel \u00e9 uma componente essencial para a circula\u00e7\u00e3o em seguran\u00e7a. Al\u00e9m de permitir visibilidade, tem a fun\u00e7\u00e3o de proteger o habit\u00e1culo. Posto isto, qualquer problema que possa ser detetado deve ser imediatamente tratado pelos nossos t\u00e9cnicos especializados\u201d, real\u00e7a Jorge Cardoso.<\/p>\n\n\n\n<p><\/p>\n\n\n\n<p><strong>Parte do Grupo Belron, l\u00edder global na repara\u00e7\u00e3o e substitui\u00e7\u00e3o de vidros para viaturas, a Carglass atua no mercado portugu\u00eas h\u00e1 mais de 30 anos, sendo hoje fonte de rendimento para milhares de trabalhadores, de forma direta e indireta. Nesta edi\u00e7\u00e3o da <a href=\"http:\/\/maismagazine.pt\/\">revista Mais Magazine<\/a> damos-lhe a conhecer um pouco melhor o universo Carglass Portugal, que conta j\u00e1 com uma rede pr\u00f3pria de mais de 60 ag\u00eancias e um servi\u00e7o m\u00f3vel com mais de 30 viaturas, que lhe garantem total assist\u00eancia onde quer que esteja. Fique a conhec\u00ea-la pela voz de Jorge Mu\u00f1oz Cardoso, Diretor-Geral da Carglass.<\/strong><\/p>\n\n\n\n<p><\/p>\n\n\n\n<p>Na Carglass o servi\u00e7o \u00e9 r\u00e1pido, seguro e tem ainda garantia vital\u00edcia. Adicionalmente, gra\u00e7as \u00e0 sua rede nacional, a marca assegura que existe sempre uma ag\u00eancia Carglass perto do cliente, com t\u00e9cnicos altamente qualificados e certificados por organismos especializados, capaz de assegurar a excel\u00eancia no servi\u00e7o prestado.<\/p>\n\n\n\n<p>Nas ag\u00eancias Carglass \u00e9 ainda poss\u00edvel fazer outros servi\u00e7os, sempre com intuito de refor\u00e7ar a seguran\u00e7a rodovi\u00e1ria. Servi\u00e7os como polimento de far\u00f3is, substitui\u00e7\u00e3o de escovas limpa para-brisas ou traseiras (marca Bosch), aplica\u00e7\u00e3o de repelente de chuva, aplica\u00e7\u00e3o de solu\u00e7\u00f5es tempor\u00e1rias para os vidros laterais e \u00f3culos traseiros, dispositivos de sinaliza\u00e7\u00e3o, utilizados em caso de avaria ou acidente (tamb\u00e9m conhecidos   como luzes de emerg\u00eancia), \u201cpermitem um foco 360\u00ba no nosso cliente, abordando a quest\u00e3o de visibilidade e consequente seguran\u00e7a, numa \u00f3tica transversal\u201d, acrescenta Jorge Cardoso.<\/p>\n\n\n\n<p><\/p>\n\n\n\n<p><strong>Calibra\u00e7\u00e3o do sistema ADAS (Sistema Avan\u00e7ado de Assist\u00eancia ao Condutor)<\/strong><\/p>\n\n\n\n<p><br>Recentemente, a Carglass lan\u00e7ou-se numa nova \u00e1rea: a calibra\u00e7\u00e3o do sistema ADAS. \u201cAl\u00e9m da repara\u00e7\u00e3o e substitui\u00e7\u00e3o de vidro autom\u00f3vel, em que somos l\u00edderes mundiais, somos reconhecidos pela calibra\u00e7\u00e3o do sistema ADAS (Advanced Driver Assistance System)\u201d, indica Jorge Cardoso.<br>O sistema ADAS tem vindo a evoluir ao longo dos anos. A ado\u00e7\u00e3o do sistema ADAS faz hoje parte da estrat\u00e9gia da Uni\u00e3o Europeia para reduzir o n\u00famero de mortes na estrada. Segundo previs\u00f5es da Comiss\u00e3o Europeia, estima-se que as funcionalidades do sistema ADAS poder\u00e3o salvar dezenas de milhares de vidas at\u00e9 2030. Na verdade, est\u00e1 demonstrado que uma redu\u00e7\u00e3o ligeira da velocidade diminui a gravidade dos acidentes de via\u00e7\u00e3o. Tendo em conta que na maioria dos casos os acidentes ocorrem devido a erro humano, aspetos como os tempos de rea\u00e7\u00e3o do condutor para travar ou para corrigir a dire\u00e7\u00e3o podem ser cruciais. Em fra\u00e7\u00f5es de segundo, o sistema avan\u00e7ado de assist\u00eancia ao condutor pode antecipar a\u00e7\u00f5es e agir de modo aut\u00f3nomo, prevenindo situa\u00e7\u00f5es de risco iminente. \u201cEsta tem\u00e1tica tem sido endere\u00e7ada pela Comiss\u00e3o Europeia que, em 2015, aprovou uma legisla\u00e7\u00e3o para cami\u00f5es, que determina que estes ve\u00edculos pesados t\u00eam de estar equipados com c\u00e2maras frontais nos para-brisas. Em 2019 foi dado mais um passo importante, tendo sido determinado que todos os novos modelos de ve\u00edculos ligeiros comercializados na Uni\u00e3o Europeia tivessem de incluir uma funcionalidade de travagem autom\u00e1tica de emerg\u00eancia\u201d, explica o Diretor-Geral da Carglass. Prev\u00ea-se ainda que, a partir de 2024, todos os carros novos vendidos na Uni\u00e3o Europeia dever\u00e3o estar equipados com c\u00e2maras instaladas no para-brisas. \u201c2024 ir\u00e1 constituir mais um passo rumo \u00e0 seguran\u00e7a, passando a ser necess\u00e1rio que todos os novos ve\u00edculos, matriculados na UE, tenham c\u00e2mara no  para-brisas, permitindo uma maior efic\u00e1cia na travagem autom\u00e1tica de emerg\u00eancia e na assist\u00eancia da manuten\u00e7\u00e3o da faixa de rodagem\u201d. Desenvolvido com o intuito de proporcionar uma experi\u00eancia de condu\u00e7\u00e3o segura de forma a evitar colis\u00f5es<br>ou acidentes graves, o sistema ADAS ajuda tanto na seguran\u00e7a do condutor e dos seus passageiros como na pr\u00e1tica de uma condu\u00e7\u00e3o ainda mais prudente na intera\u00e7\u00e3o com outros ve\u00edculos na estrada. O sistema ADAS desempenha uma ampla gama de funcionalidades, entre as quais: alerta para a sa\u00edda da faixa de rodagem, alerta para a dist\u00e2ncia m\u00ednima de seguran\u00e7a, aumenta a efic\u00e1cia da travagem em situa\u00e7\u00f5es de emerg\u00eancia ou<br>deteta sinais de transito. Com a implementa\u00e7\u00e3o destes recursos de seguran\u00e7a, o objetivo \u00e9 que no futuro os autom\u00f3veis se tornem cada vez mais aut\u00f3nomos. No fundo, procurar garantir total seguran\u00e7a ao condutor e aos restantes utentes da estrada. \u201cO sistema ADAS constitui uma garantia extra de seguran\u00e7a, mas para funcionar corretamente tem de estar devidamente calibrado. Esse servi\u00e7o, em caso de substitui\u00e7\u00e3o do para-brisas, \u00e9 assegurado pelos t\u00e9cnicos certificados da Carglass, que rep\u00f5em o seu correto funcionamento. Na Carglass, sempre pretendemos estar um passo \u00e0 frente da tecnologia mais recente que chega \u00e0s estradas de Portugal, e o ADAS est\u00e1 atualmente na vanguarda dessa onda tecnol\u00f3gica. Atualizamos assim o nosso parque tecnol\u00f3gico de calibra\u00e7\u00e3o (software e hardware) atrav\u00e9s de uma fort\u00edssima parceria global com a marca Bosch, que nos permitir\u00e1 estar mais preparados para os ve\u00edculos do futuro e as necessidades dos nossos clientes\u201d, diz Jorge Cardoso.<br>Os t\u00e9cnicos da Carglass cumprem com todas as normas relativas \u00e0 calibra\u00e7\u00e3o do sistema ADAS e est\u00e3o certificados pelo Institute of Motor Industry (IMI). Ali\u00e1s, em Portugal, a Carglass \u00e9 a \u00fanica marca, dentro do setor de repara\u00e7\u00e3o, substitui\u00e7\u00e3o e calibra\u00e7\u00e3o de vidro autom\u00f3vel, que det\u00e9m esta certifica\u00e7\u00e3o. Sempre que se substitui um para-brisas com ADAS, \u00e9 necess\u00e1ria a calibra\u00e7\u00e3o da c\u00e2mara instalada no mesmo. \u201cNa Carglass os nossos t\u00e9cnicos certificados realizam o diagn\u00f3stico de todos os componentes eletr\u00f3nicos da viatura, identificam poss\u00edveis erros, e corrigem a leitura da c\u00e2mara para assegurar o seu  correto funcionamento\u201d, explica o Diretor-Geral. A calibra\u00e7\u00e3o do sistema ADAS exige um conhecimento t\u00e9cnico aprofundado, pelo risco evidente que uma c\u00e2mara n\u00e3o calibrada devidamente, com equipamento e software especializados, possa ter na seguran\u00e7a rodovi\u00e1ria. Por isso, os t\u00e9cnicos da Carglass \u201cdisp\u00f5em de forma\u00e7\u00e3o e certifica\u00e7\u00e3o internacional adequada, cumprindo com todos os padr\u00f5es e requisitos das marcas autom\u00f3veis e dos organismos internacionais que certificam as boas pr\u00e1ticas\u201d.<\/p>\n\n\n\n<p><\/p>\n\n\n\n<p><strong>Inova\u00e7\u00e3o tecnol\u00f3gica, ferramentas digitais e melhoria constante da experi\u00eancia do cliente<\/strong><\/p>\n\n\n\n<p><\/p>\n\n\n\n<p>A qualidade \u00e9 um dos valores fundamentais da Carglass, que aposta em produtos e servi\u00e7os com elevados padr\u00f5es de qualidade, capazes de satisfazer as necessidades dos seus clientes. Desta feita, inovar \u00e9 perent\u00f3rio para a marca, como nos explica Jorge Cardoso: \u201cO foco constante na satisfa\u00e7\u00e3o do cliente levou-nos \u00e0 cria\u00e7\u00e3o de um departamento especial de gest\u00e3o de experi\u00eancia do cliente, identificando as \u00e1reas de melhoria e gerindo a evolu\u00e7\u00e3o da mesma para a tornar cada vez melhor\u201d. O principal objetivo \u00e9 assegurar que o cliente est\u00e1 sempre no centro<br>do processo. \u201cOuvindo a voz do cliente, reformul\u00e1mos tamb\u00e9m o departamento p\u00f3s-venda e, como resultado, hoje 83 por cento dos nossos clientes recomendam a Carglass aos seus amigos e\/ou familiares\u201d. A empresa tem tamb\u00e9m apostado na cria\u00e7\u00e3o de ferramentas digitais e na implementa\u00e7\u00e3o de solu\u00e7\u00f5es avan\u00e7adas de gest\u00e3o do cliente que permitem uma monitoriza\u00e7\u00e3o e intera\u00e7\u00e3o com os clientes de forma mais eficiente.<\/p>\n\n\n\n<p><\/p>\n\n\n\n<p><strong>Uma empresa socialmente respons\u00e1vel<\/strong><\/p>\n\n\n\n<p><\/p>\n\n\n\n<p>A Responsabilidade Social \u00e9 uma preocupa\u00e7\u00e3o constante da Carglass. Fazer o que est\u00e1 certo do ponto de vista \u00e9tico, social e ambiental faz parte do ADN da empresa. Prova disso, as atividades de Responsabilidade Social da Carglass foram distinguidas com a classifica\u00e7\u00e3o Gold EcoVadis pelo 3.\u00ba ano consecutivo. Com este resultado, a Carglass Portugal posiciona-se entre as melhores 5% de empresas avaliadas pela EcoVadis ao n\u00edvel internacional. \u201cA empresa tem, desde o seu in\u00edcio, uma aposta clara na liga\u00e7\u00e3o \u00e0 comunidade e na cria\u00e7\u00e3o de uma sociedade mais inclusiva\u201d, confidencia Jorge Cardoso. Nascida na \u00c1frica do Sul, a empresa leva a cabo anualmente o maior evento corporativo desportivo do mundo, o Spirit of Belron Challenge. \u201cTodos os colaboradores participam atrav\u00e9s da presen\u00e7a em provas desportivas \u2013 triatlo, corrida, ciclismo, nata\u00e7\u00e3o, entre outras. Todos os fundos angariados v\u00e3o para a entidade parceira da Belron, a ONG Sul-Africana Africa Tikkun, que se dedica a investir em educa\u00e7\u00e3o, sa\u00fade e servi\u00e7os sociais para crian\u00e7as, jovens e as suas fam\u00edlias\u201d.<\/p>\n","protected":false},"excerpt":{"rendered":"<p>A Carglass tem uma posi\u00e7\u00e3o de lideran\u00e7a global. Em Portugal \u00e9 uma marca hist\u00f3rica, com mais de 30 anos de implementa\u00e7\u00e3o que, pela sua postura e profissionalismo, inspira confian\u00e7a aos seus clientes. Atualmente, conta com mais de 60 ag\u00eancias com ampla cobertura nacional, o que lhe permite estar mais pr\u00f3xima&hellip;<\/p>\n","protected":false},"author":7,"featured_media":2237,"comment_status":"open","ping_status":"open","sticky":false,"template":"","format":"standard","meta":{"advgb_blocks_editor_width":"","advgb_blocks_columns_visual_guide":"","_monsterinsights_skip_tracking":false,"_monsterinsights_sitenote_active":false,"_monsterinsights_sitenote_note":"","_monsterinsights_sitenote_category":0,"footnotes":""},"categories":[161],"tags":[361,366,362,335,360],"class_list":["post-2230","post","type-post","status-publish","format-standard","has-post-thumbnail","hentry","category-mundo-empresarial","tag-carglass","tag-diferenca","tag-lideranca","tag-mercado","tag-vidros"],"yoast_head":"<!-- This site is optimized with the Yoast SEO plugin v24.4 - https:\/\/yoast.com\/wordpress\/plugins\/seo\/ -->\n<title>Uma empresa l\u00edder nacional faz a diferen\u00e7a - Mais Magazine<\/title>\n<meta name=\"description\" content=\"Carglass uma empresa l\u00edder nacional que faz a diferen\u00e7a\" \/>\n<meta name=\"robots\" content=\"index, follow, max-snippet:-1, max-image-preview:large, max-video-preview:-1\" \/>\n<link rel=\"canonical\" href=\"http:\/\/maismagazine.pt\/index.php\/2022\/02\/11\/uma-empresa-lider-nacional-faz-a-diferenca\/\" \/>\n<meta property=\"og:locale\" content=\"pt_PT\" \/>\n<meta property=\"og:type\" content=\"article\" \/>\n<meta property=\"og:title\" content=\"Uma empresa l\u00edder nacional faz a diferen\u00e7a - Mais Magazine\" \/>\n<meta property=\"og:description\" content=\"Carglass uma empresa l\u00edder nacional que faz a diferen\u00e7a\" \/>\n<meta property=\"og:url\" content=\"http:\/\/maismagazine.pt\/index.php\/2022\/02\/11\/uma-empresa-lider-nacional-faz-a-diferenca\/\" \/>\n<meta property=\"og:site_name\" content=\"Mais Magazine\" \/>\n<meta property=\"article:published_time\" content=\"2022-02-11T07:00:00+00:00\" \/>\n<meta property=\"og:image\" content=\"http:\/\/maismagazine.pt\/wp-content\/uploads\/2022\/02\/Jorge_Jornal.png\" \/>\n\t<meta property=\"og:image:width\" content=\"1080\" \/>\n\t<meta property=\"og:image:height\" content=\"1080\" \/>\n\t<meta property=\"og:image:type\" content=\"image\/png\" \/>\n<meta name=\"author\" content=\"Jo\u00e3o Malainho\" \/>\n<meta name=\"twitter:card\" content=\"summary_large_image\" \/>\n<meta name=\"twitter:label1\" content=\"Escrito por\" \/>\n\t<meta name=\"twitter:data1\" content=\"\" \/>\n\t<meta name=\"twitter:label2\" content=\"Tempo estimado de leitura\" \/>\n\t<meta name=\"twitter:data2\" content=\"7 minutos\" \/>\n<script type=\"application\/ld+json\" class=\"yoast-schema-graph\">{\"@context\":\"https:\/\/schema.org\",\"@graph\":[{\"@type\":\"Article\",\"@id\":\"http:\/\/maismagazine.pt\/index.php\/2022\/02\/11\/uma-empresa-lider-nacional-faz-a-diferenca\/#article\",\"isPartOf\":{\"@id\":\"http:\/\/maismagazine.pt\/index.php\/2022\/02\/11\/uma-empresa-lider-nacional-faz-a-diferenca\/\"},\"author\":{\"name\":\"Jo\u00e3o Malainho\",\"@id\":\"https:\/\/maismagazine.pt\/#\/schema\/person\/999bd426f894ff56d397ec12ebd21ebb\"},\"headline\":\"Uma empresa l\u00edder nacional faz a diferen\u00e7a\",\"datePublished\":\"2022-02-11T07:00:00+00:00\",\"mainEntityOfPage\":{\"@id\":\"http:\/\/maismagazine.pt\/index.php\/2022\/02\/11\/uma-empresa-lider-nacional-faz-a-diferenca\/\"},\"wordCount\":1664,\"commentCount\":0,\"publisher\":{\"@id\":\"https:\/\/maismagazine.pt\/#organization\"},\"image\":{\"@id\":\"http:\/\/maismagazine.pt\/index.php\/2022\/02\/11\/uma-empresa-lider-nacional-faz-a-diferenca\/#primaryimage\"},\"thumbnailUrl\":\"http:\/\/maismagazine.pt\/wp-content\/uploads\/2022\/02\/Jorge_Jornal.png\",\"keywords\":[\"Carglass\",\"diferen\u00e7a\",\"lideran\u00e7a\",\"mercado\",\"vidros\"],\"articleSection\":[\"Mundo Empresarial\"],\"inLanguage\":\"pt-PT\",\"potentialAction\":[{\"@type\":\"CommentAction\",\"name\":\"Comment\",\"target\":[\"http:\/\/maismagazine.pt\/index.php\/2022\/02\/11\/uma-empresa-lider-nacional-faz-a-diferenca\/#respond\"]}]},{\"@type\":\"WebPage\",\"@id\":\"http:\/\/maismagazine.pt\/index.php\/2022\/02\/11\/uma-empresa-lider-nacional-faz-a-diferenca\/\",\"url\":\"http:\/\/maismagazine.pt\/index.php\/2022\/02\/11\/uma-empresa-lider-nacional-faz-a-diferenca\/\",\"name\":\"Uma empresa l\u00edder nacional faz a diferen\u00e7a - Mais Magazine\",\"isPartOf\":{\"@id\":\"https:\/\/maismagazine.pt\/#website\"},\"primaryImageOfPage\":{\"@id\":\"http:\/\/maismagazine.pt\/index.php\/2022\/02\/11\/uma-empresa-lider-nacional-faz-a-diferenca\/#primaryimage\"},\"image\":{\"@id\":\"http:\/\/maismagazine.pt\/index.php\/2022\/02\/11\/uma-empresa-lider-nacional-faz-a-diferenca\/#primaryimage\"},\"thumbnailUrl\":\"http:\/\/maismagazine.pt\/wp-content\/uploads\/2022\/02\/Jorge_Jornal.png\",\"datePublished\":\"2022-02-11T07:00:00+00:00\",\"description\":\"Carglass uma empresa l\u00edder nacional que faz a diferen\u00e7a\",\"breadcrumb\":{\"@id\":\"http:\/\/maismagazine.pt\/index.php\/2022\/02\/11\/uma-empresa-lider-nacional-faz-a-diferenca\/#breadcrumb\"},\"inLanguage\":\"pt-PT\",\"potentialAction\":[{\"@type\":\"ReadAction\",\"target\":[\"http:\/\/maismagazine.pt\/index.php\/2022\/02\/11\/uma-empresa-lider-nacional-faz-a-diferenca\/\"]}]},{\"@type\":\"ImageObject\",\"inLanguage\":\"pt-PT\",\"@id\":\"http:\/\/maismagazine.pt\/index.php\/2022\/02\/11\/uma-empresa-lider-nacional-faz-a-diferenca\/#primaryimage\",\"url\":\"http:\/\/maismagazine.pt\/wp-content\/uploads\/2022\/02\/Jorge_Jornal.png\",\"contentUrl\":\"http:\/\/maismagazine.pt\/wp-content\/uploads\/2022\/02\/Jorge_Jornal.png\",\"width\":1080,\"height\":1080},{\"@type\":\"BreadcrumbList\",\"@id\":\"http:\/\/maismagazine.pt\/index.php\/2022\/02\/11\/uma-empresa-lider-nacional-faz-a-diferenca\/#breadcrumb\",\"itemListElement\":[{\"@type\":\"ListItem\",\"position\":1,\"name\":\"Home\",\"item\":\"https:\/\/maismagazine.pt\/\"},{\"@type\":\"ListItem\",\"position\":2,\"name\":\"Uma empresa l\u00edder nacional faz a diferen\u00e7a\"}]},{\"@type\":\"WebSite\",\"@id\":\"https:\/\/maismagazine.pt\/#website\",\"url\":\"https:\/\/maismagazine.pt\/\",\"name\":\"Mais Magazine\",\"description\":\"\",\"publisher\":{\"@id\":\"https:\/\/maismagazine.pt\/#organization\"},\"potentialAction\":[{\"@type\":\"SearchAction\",\"target\":{\"@type\":\"EntryPoint\",\"urlTemplate\":\"https:\/\/maismagazine.pt\/?s={search_term_string}\"},\"query-input\":{\"@type\":\"PropertyValueSpecification\",\"valueRequired\":true,\"valueName\":\"search_term_string\"}}],\"inLanguage\":\"pt-PT\"},{\"@type\":\"Organization\",\"@id\":\"https:\/\/maismagazine.pt\/#organization\",\"name\":\"Mais Magazine\",\"url\":\"https:\/\/maismagazine.pt\/\",\"logo\":{\"@type\":\"ImageObject\",\"inLanguage\":\"pt-PT\",\"@id\":\"https:\/\/maismagazine.pt\/#\/schema\/logo\/image\/\",\"url\":\"http:\/\/maismagazine.pt\/wp-content\/uploads\/2020\/04\/cropped-cropped-mais-magazine-site-logo-2.png\",\"contentUrl\":\"http:\/\/maismagazine.pt\/wp-content\/uploads\/2020\/04\/cropped-cropped-mais-magazine-site-logo-2.png\",\"width\":581,\"height\":90,\"caption\":\"Mais Magazine\"},\"image\":{\"@id\":\"https:\/\/maismagazine.pt\/#\/schema\/logo\/image\/\"}},{\"@type\":\"Person\",\"@id\":\"https:\/\/maismagazine.pt\/#\/schema\/person\/999bd426f894ff56d397ec12ebd21ebb\",\"name\":\"Jo\u00e3o Malainho\",\"image\":{\"@type\":\"ImageObject\",\"inLanguage\":\"pt-PT\",\"@id\":\"https:\/\/maismagazine.pt\/#\/schema\/person\/image\/\",\"url\":\"https:\/\/secure.gravatar.com\/avatar\/ff03c2f38edf60b2a827aa4f74878491?s=96&d=mm&r=g\",\"contentUrl\":\"https:\/\/secure.gravatar.com\/avatar\/ff03c2f38edf60b2a827aa4f74878491?s=96&d=mm&r=g\",\"caption\":\"Jo\u00e3o Malainho\"},\"url\":\"http:\/\/maismagazine.pt\/index.php\/author\/maismagazine\/\"}]}<\/script>\n<!-- \/ Yoast SEO plugin. -->","yoast_head_json":{"title":"Uma empresa l\u00edder nacional faz a diferen\u00e7a - Mais Magazine","description":"Carglass uma empresa l\u00edder nacional que faz a diferen\u00e7a","robots":{"index":"index","follow":"follow","max-snippet":"max-snippet:-1","max-image-preview":"max-image-preview:large","max-video-preview":"max-video-preview:-1"},"canonical":"http:\/\/maismagazine.pt\/index.php\/2022\/02\/11\/uma-empresa-lider-nacional-faz-a-diferenca\/","og_locale":"pt_PT","og_type":"article","og_title":"Uma empresa l\u00edder nacional faz a diferen\u00e7a - Mais Magazine","og_description":"Carglass uma empresa l\u00edder nacional que faz a diferen\u00e7a","og_url":"http:\/\/maismagazine.pt\/index.php\/2022\/02\/11\/uma-empresa-lider-nacional-faz-a-diferenca\/","og_site_name":"Mais Magazine","article_published_time":"2022-02-11T07:00:00+00:00","og_image":[{"width":1080,"height":1080,"url":"http:\/\/maismagazine.pt\/wp-content\/uploads\/2022\/02\/Jorge_Jornal.png","type":"image\/png"}],"author":"Jo\u00e3o Malainho","twitter_card":"summary_large_image","twitter_misc":{"Escrito por":false,"Tempo estimado de leitura":"7 minutos"},"schema":{"@context":"https:\/\/schema.org","@graph":[{"@type":"Article","@id":"http:\/\/maismagazine.pt\/index.php\/2022\/02\/11\/uma-empresa-lider-nacional-faz-a-diferenca\/#article","isPartOf":{"@id":"http:\/\/maismagazine.pt\/index.php\/2022\/02\/11\/uma-empresa-lider-nacional-faz-a-diferenca\/"},"author":{"name":"Jo\u00e3o Malainho","@id":"https:\/\/maismagazine.pt\/#\/schema\/person\/999bd426f894ff56d397ec12ebd21ebb"},"headline":"Uma empresa l\u00edder nacional faz a diferen\u00e7a","datePublished":"2022-02-11T07:00:00+00:00","mainEntityOfPage":{"@id":"http:\/\/maismagazine.pt\/index.php\/2022\/02\/11\/uma-empresa-lider-nacional-faz-a-diferenca\/"},"wordCount":1664,"commentCount":0,"publisher":{"@id":"https:\/\/maismagazine.pt\/#organization"},"image":{"@id":"http:\/\/maismagazine.pt\/index.php\/2022\/02\/11\/uma-empresa-lider-nacional-faz-a-diferenca\/#primaryimage"},"thumbnailUrl":"http:\/\/maismagazine.pt\/wp-content\/uploads\/2022\/02\/Jorge_Jornal.png","keywords":["Carglass","diferen\u00e7a","lideran\u00e7a","mercado","vidros"],"articleSection":["Mundo Empresarial"],"inLanguage":"pt-PT","potentialAction":[{"@type":"CommentAction","name":"Comment","target":["http:\/\/maismagazine.pt\/index.php\/2022\/02\/11\/uma-empresa-lider-nacional-faz-a-diferenca\/#respond"]}]},{"@type":"WebPage","@id":"http:\/\/maismagazine.pt\/index.php\/2022\/02\/11\/uma-empresa-lider-nacional-faz-a-diferenca\/","url":"http:\/\/maismagazine.pt\/index.php\/2022\/02\/11\/uma-empresa-lider-nacional-faz-a-diferenca\/","name":"Uma empresa l\u00edder nacional faz a diferen\u00e7a - Mais Magazine","isPartOf":{"@id":"https:\/\/maismagazine.pt\/#website"},"primaryImageOfPage":{"@id":"http:\/\/maismagazine.pt\/index.php\/2022\/02\/11\/uma-empresa-lider-nacional-faz-a-diferenca\/#primaryimage"},"image":{"@id":"http:\/\/maismagazine.pt\/index.php\/2022\/02\/11\/uma-empresa-lider-nacional-faz-a-diferenca\/#primaryimage"},"thumbnailUrl":"http:\/\/maismagazine.pt\/wp-content\/uploads\/2022\/02\/Jorge_Jornal.png","datePublished":"2022-02-11T07:00:00+00:00","description":"Carglass uma empresa l\u00edder nacional que faz a diferen\u00e7a","breadcrumb":{"@id":"http:\/\/maismagazine.pt\/index.php\/2022\/02\/11\/uma-empresa-lider-nacional-faz-a-diferenca\/#breadcrumb"},"inLanguage":"pt-PT","potentialAction":[{"@type":"ReadAction","target":["http:\/\/maismagazine.pt\/index.php\/2022\/02\/11\/uma-empresa-lider-nacional-faz-a-diferenca\/"]}]},{"@type":"ImageObject","inLanguage":"pt-PT","@id":"http:\/\/maismagazine.pt\/index.php\/2022\/02\/11\/uma-empresa-lider-nacional-faz-a-diferenca\/#primaryimage","url":"http:\/\/maismagazine.pt\/wp-content\/uploads\/2022\/02\/Jorge_Jornal.png","contentUrl":"http:\/\/maismagazine.pt\/wp-content\/uploads\/2022\/02\/Jorge_Jornal.png","width":1080,"height":1080},{"@type":"BreadcrumbList","@id":"http:\/\/maismagazine.pt\/index.php\/2022\/02\/11\/uma-empresa-lider-nacional-faz-a-diferenca\/#breadcrumb","itemListElement":[{"@type":"ListItem","position":1,"name":"Home","item":"https:\/\/maismagazine.pt\/"},{"@type":"ListItem","position":2,"name":"Uma empresa l\u00edder nacional faz a diferen\u00e7a"}]},{"@type":"WebSite","@id":"https:\/\/maismagazine.pt\/#website","url":"https:\/\/maismagazine.pt\/","name":"Mais Magazine","description":"","publisher":{"@id":"https:\/\/maismagazine.pt\/#organization"},"potentialAction":[{"@type":"SearchAction","target":{"@type":"EntryPoint","urlTemplate":"https:\/\/maismagazine.pt\/?s={search_term_string}"},"query-input":{"@type":"PropertyValueSpecification","valueRequired":true,"valueName":"search_term_string"}}],"inLanguage":"pt-PT"},{"@type":"Organization","@id":"https:\/\/maismagazine.pt\/#organization","name":"Mais Magazine","url":"https:\/\/maismagazine.pt\/","logo":{"@type":"ImageObject","inLanguage":"pt-PT","@id":"https:\/\/maismagazine.pt\/#\/schema\/logo\/image\/","url":"http:\/\/maismagazine.pt\/wp-content\/uploads\/2020\/04\/cropped-cropped-mais-magazine-site-logo-2.png","contentUrl":"http:\/\/maismagazine.pt\/wp-content\/uploads\/2020\/04\/cropped-cropped-mais-magazine-site-logo-2.png","width":581,"height":90,"caption":"Mais Magazine"},"image":{"@id":"https:\/\/maismagazine.pt\/#\/schema\/logo\/image\/"}},{"@type":"Person","@id":"https:\/\/maismagazine.pt\/#\/schema\/person\/999bd426f894ff56d397ec12ebd21ebb","name":"Jo\u00e3o Malainho","image":{"@type":"ImageObject","inLanguage":"pt-PT","@id":"https:\/\/maismagazine.pt\/#\/schema\/person\/image\/","url":"https:\/\/secure.gravatar.com\/avatar\/ff03c2f38edf60b2a827aa4f74878491?s=96&d=mm&r=g","contentUrl":"https:\/\/secure.gravatar.com\/avatar\/ff03c2f38edf60b2a827aa4f74878491?s=96&d=mm&r=g","caption":"Jo\u00e3o Malainho"},"url":"http:\/\/maismagazine.pt\/index.php\/author\/maismagazine\/"}]}},"author_meta":{"display_name":false,"author_link":"http:\/\/maismagazine.pt\/index.php\/author\/maismagazine\/"},"featured_img":"http:\/\/maismagazine.pt\/wp-content\/uploads\/2022\/02\/Jorge_Jornal-300x300.png","coauthors":[],"tax_additional":{"categories":{"linked":["<a href=\"http:\/\/maismagazine.pt\/index.php\/category\/mundo-empresarial\/\" class=\"advgb-post-tax-term\">Mundo Empresarial<\/a>"],"unlinked":["<span class=\"advgb-post-tax-term\">Mundo Empresarial<\/span>"]},"tags":{"linked":["<a href=\"http:\/\/maismagazine.pt\/index.php\/category\/mundo-empresarial\/\" class=\"advgb-post-tax-term\">Carglass<\/a>","<a href=\"http:\/\/maismagazine.pt\/index.php\/category\/mundo-empresarial\/\" class=\"advgb-post-tax-term\">diferen\u00e7a<\/a>","<a href=\"http:\/\/maismagazine.pt\/index.php\/category\/mundo-empresarial\/\" class=\"advgb-post-tax-term\">lideran\u00e7a<\/a>","<a href=\"http:\/\/maismagazine.pt\/index.php\/category\/mundo-empresarial\/\" class=\"advgb-post-tax-term\">mercado<\/a>","<a href=\"http:\/\/maismagazine.pt\/index.php\/category\/mundo-empresarial\/\" class=\"advgb-post-tax-term\">vidros<\/a>"],"unlinked":["<span class=\"advgb-post-tax-term\">Carglass<\/span>","<span class=\"advgb-post-tax-term\">diferen\u00e7a<\/span>","<span class=\"advgb-post-tax-term\">lideran\u00e7a<\/span>","<span class=\"advgb-post-tax-term\">mercado<\/span>","<span class=\"advgb-post-tax-term\">vidros<\/span>"]}},"comment_count":"0","relative_dates":{"created":"Posted 4 anos ago","modified":"Updated 4 anos ago"},"absolute_dates":{"created":"Posted on 11 de Fevereiro, 2022","modified":"Updated on 4 de Fevereiro, 2022"},"absolute_dates_time":{"created":"Posted on 11 de Fevereiro, 2022 7:00","modified":"Updated on 4 de Fevereiro, 2022 9:11"},"featured_img_caption":"","series_order":"","_links":{"self":[{"href":"http:\/\/maismagazine.pt\/index.php\/wp-json\/wp\/v2\/posts\/2230","targetHints":{"allow":["GET"]}}],"collection":[{"href":"http:\/\/maismagazine.pt\/index.php\/wp-json\/wp\/v2\/posts"}],"about":[{"href":"http:\/\/maismagazine.pt\/index.php\/wp-json\/wp\/v2\/types\/post"}],"author":[{"embeddable":true,"href":"http:\/\/maismagazine.pt\/index.php\/wp-json\/wp\/v2\/users\/7"}],"replies":[{"embeddable":true,"href":"http:\/\/maismagazine.pt\/index.php\/wp-json\/wp\/v2\/comments?post=2230"}],"version-history":[{"count":1,"href":"http:\/\/maismagazine.pt\/index.php\/wp-json\/wp\/v2\/posts\/2230\/revisions"}],"predecessor-version":[{"id":2238,"href":"http:\/\/maismagazine.pt\/index.php\/wp-json\/wp\/v2\/posts\/2230\/revisions\/2238"}],"wp:featuredmedia":[{"embeddable":true,"href":"http:\/\/maismagazine.pt\/index.php\/wp-json\/wp\/v2\/media\/2237"}],"wp:attachment":[{"href":"http:\/\/maismagazine.pt\/index.php\/wp-json\/wp\/v2\/media?parent=2230"}],"wp:term":[{"taxonomy":"category","embeddable":true,"href":"http:\/\/maismagazine.pt\/index.php\/wp-json\/wp\/v2\/categories?post=2230"},{"taxonomy":"post_tag","embeddable":true,"href":"http:\/\/maismagazine.pt\/index.php\/wp-json\/wp\/v2\/tags?post=2230"}],"curies":[{"name":"wp","href":"https:\/\/api.w.org\/{rel}","templated":true}]}}