{"id":2209,"date":"2022-02-11T09:00:00","date_gmt":"2022-02-11T09:00:00","guid":{"rendered":"http:\/\/maismagazine.pt\/?p=2209"},"modified":"2022-02-03T16:48:00","modified_gmt":"2022-02-03T16:48:00","slug":"aran-referencia-nacional-do-associativismo-automovel-portugues","status":"publish","type":"post","link":"http:\/\/maismagazine.pt\/index.php\/2022\/02\/11\/aran-referencia-nacional-do-associativismo-automovel-portugues\/","title":{"rendered":"ARAN: refer\u00eancia nacional do Associativismo Autom\u00f3vel Portugu\u00eas"},"content":{"rendered":"\n<p><\/p>\n\n\n\n<p><strong>Nesta edi\u00e7\u00e3o da revista <a href=\"http:\/\/maismagazine.pt\/\">Mais Magazine<\/a>, estivemos \u00e0 conversa com o presidente da Associa\u00e7\u00e3o Nacional do Ramo Autom\u00f3vel \u2013 ARAN. Assumindo como miss\u00e3o promover, defender e apoiar os interesses leg\u00edtimos das atividades do setor autom\u00f3vel que representa, a ARAN \u00e9 atualmente uma refer\u00eancia nacional no dom\u00ednio do Associativismo Autom\u00f3vel Portugu\u00eas.<\/strong><\/p>\n\n\n\n<p><br>Com mais de 80 anos de hist\u00f3ria, a <a href=\"https:\/\/aran.pt\/pt\/\">ARAN<\/a> surgiu no Porto, como Gr\u00e9mio das Oficinas do Norte e a partir dos anos 90 adquiriu \u00e2mbito nacional. De olhos postos no futuro, a institui\u00e7\u00e3o mant\u00e9m h\u00e1 oito anos como foco o associado e a sua melhor representa\u00e7\u00e3o e apoio. <\/p>\n\n\n\n<p>A transi\u00e7\u00e3o r\u00e1pida do setor est\u00e1 a ser acompanhada pela ARAN, que participa de forma ativa e est\u00e1 consciente de que as decis\u00f5es tomadas ir\u00e3o ser implementadas em Portugal e as empresas devem estar preparadas.<br>Atenta aos problemas do setor, a associa\u00e7\u00e3o j\u00e1 mostrava antes da pandemia uma preocupa\u00e7\u00e3o com a carga fiscal, a falta de regulamenta\u00e7\u00e3o e a economia paralela. O novo contexto pand\u00e9mico trouxe a necessidade de tomar medidas urgentes nomeadamente a cria\u00e7\u00e3o de um Protocolo  Sanit\u00e1rio em conjunto com as outras associa\u00e7\u00f5es, o fornecimento de m\u00e1scaras e de desinfetantes e o apoio jur\u00eddico constante.<br>A falta de componentes espec\u00edficos, que ir\u00e1 condicionar a atividade econ\u00f3mica at\u00e9 depois do ano 2022 e a falta de produ\u00e7\u00e3o de ve\u00edculos, que levar\u00e1 a uma procura maior de carros usados, s\u00e3o alguns dos desafios que o setor enfrenta. O tema foi debatido na Confer\u00eancia Comemorativa dos anos da ARAN \u201c Repensar o Futuro do Setor\u201d, onde todos os participantes concordaram que um dos grandes reptos \u00e9 conseguir uma regulamenta\u00e7\u00e3o justa para o setor autom\u00f3vel. A somar tamb\u00e9m a altera\u00e7\u00e3o na legisla\u00e7\u00e3o europeia de distribui\u00e7\u00e3o e repara\u00e7\u00e3o de autom\u00f3veis. As dificuldades estendem-se ao neg\u00f3cio das pe\u00e7as aftermarket, a come\u00e7ar pelo aumento do custo das mat\u00e9rias-primas, que tamb\u00e9m se reflete no setor autom\u00f3vel.<br>Com um papel essencial, a miss\u00e3o da ARAN passa por valorizar as profiss\u00f5es do setor, desde o vendedor, mec\u00e2nico ao motorista de pronto socorro. Uma valoriza\u00e7\u00e3o que passa pela aposta na forma\u00e7\u00e3o e aquisi\u00e7\u00e3o de novas compet\u00eancias t\u00e9cnicas e comerciais com ferramentas tecnol\u00f3gicas adequadas. <\/p>\n\n\n\n<p>Os pr\u00f3ximos anos ser\u00e3o tempos de grandes desafios, mas tamb\u00e9m de oportunidade, e a ARAN tem a premissa de continuar a defender o setor autom\u00f3vel, que concentra 19 por cento da receita fiscal do pa\u00eds. Consciente de que o setor autom\u00f3vel representa um papel de extrema import\u00e2ncia, a associa\u00e7\u00e3o \u00e9 a favor da cria\u00e7\u00e3o de um plano espec\u00edfico de medidas de apoio ao setor.<br>Com um mercado cada vez mais global, a ARAN garante estar preparada para continuar o trabalho com foco no futuro para representar os associados apresentando-lhes as melhores solu\u00e7\u00f5es de gest\u00e3o.<\/p>\n","protected":false},"excerpt":{"rendered":"<p>Nesta edi\u00e7\u00e3o da revista Mais Magazine, estivemos \u00e0 conversa com o presidente da Associa\u00e7\u00e3o Nacional do Ramo Autom\u00f3vel \u2013 ARAN. Assumindo como miss\u00e3o promover, defender e apoiar os interesses leg\u00edtimos das atividades do setor autom\u00f3vel que representa, a ARAN \u00e9 atualmente uma refer\u00eancia nacional no dom\u00ednio do Associativismo Autom\u00f3vel Portugu\u00eas.&hellip;<\/p>\n","protected":false},"author":7,"featured_media":2213,"comment_status":"open","ping_status":"open","sticky":false,"template":"","format":"standard","meta":{"advgb_blocks_editor_width":"","advgb_blocks_columns_visual_guide":"","_monsterinsights_skip_tracking":false,"_monsterinsights_sitenote_active":false,"_monsterinsights_sitenote_note":"","_monsterinsights_sitenote_category":0,"footnotes":""},"categories":[6],"tags":[352,349,342,351],"class_list":["post-2209","post","type-post","status-publish","format-standard","has-post-thumbnail","hentry","category-empreendedorismo","tag-aran","tag-associativismo","tag-automovel","tag-ramo-automovel"],"yoast_head":"<!-- This site is optimized with the Yoast SEO plugin v24.4 - https:\/\/yoast.com\/wordpress\/plugins\/seo\/ -->\n<title>ARAN: refer\u00eancia nacional do Associativismo Autom\u00f3vel Portugu\u00eas - Mais Magazine<\/title>\n<meta name=\"description\" content=\"ARAN: refer\u00eancia nacional do Associativismo Autom\u00f3vel Portugu\u00eas\" \/>\n<meta name=\"robots\" content=\"index, follow, max-snippet:-1, max-image-preview:large, max-video-preview:-1\" \/>\n<link rel=\"canonical\" href=\"http:\/\/maismagazine.pt\/index.php\/2022\/02\/11\/aran-referencia-nacional-do-associativismo-automovel-portugues\/\" \/>\n<meta property=\"og:locale\" content=\"pt_PT\" \/>\n<meta property=\"og:type\" content=\"article\" \/>\n<meta property=\"og:title\" content=\"ARAN: refer\u00eancia nacional do Associativismo Autom\u00f3vel Portugu\u00eas - Mais Magazine\" \/>\n<meta property=\"og:description\" content=\"ARAN: refer\u00eancia nacional do Associativismo Autom\u00f3vel Portugu\u00eas\" \/>\n<meta property=\"og:url\" content=\"http:\/\/maismagazine.pt\/index.php\/2022\/02\/11\/aran-referencia-nacional-do-associativismo-automovel-portugues\/\" \/>\n<meta property=\"og:site_name\" content=\"Mais Magazine\" \/>\n<meta property=\"article:published_time\" content=\"2022-02-11T09:00:00+00:00\" \/>\n<meta property=\"og:image\" content=\"http:\/\/maismagazine.pt\/wp-content\/uploads\/2022\/02\/Presidente-da-ARAN-2-scaled.jpg\" \/>\n\t<meta property=\"og:image:width\" content=\"1924\" \/>\n\t<meta property=\"og:image:height\" content=\"2560\" \/>\n\t<meta property=\"og:image:type\" content=\"image\/jpeg\" \/>\n<meta name=\"author\" content=\"Jo\u00e3o Malainho\" \/>\n<meta name=\"twitter:card\" content=\"summary_large_image\" \/>\n<meta name=\"twitter:label1\" content=\"Escrito por\" \/>\n\t<meta name=\"twitter:data1\" content=\"\" \/>\n\t<meta name=\"twitter:label2\" content=\"Tempo estimado de leitura\" \/>\n\t<meta name=\"twitter:data2\" content=\"2 minutos\" \/>\n<script type=\"application\/ld+json\" class=\"yoast-schema-graph\">{\"@context\":\"https:\/\/schema.org\",\"@graph\":[{\"@type\":\"Article\",\"@id\":\"http:\/\/maismagazine.pt\/index.php\/2022\/02\/11\/aran-referencia-nacional-do-associativismo-automovel-portugues\/#article\",\"isPartOf\":{\"@id\":\"http:\/\/maismagazine.pt\/index.php\/2022\/02\/11\/aran-referencia-nacional-do-associativismo-automovel-portugues\/\"},\"author\":{\"name\":\"Jo\u00e3o Malainho\",\"@id\":\"https:\/\/maismagazine.pt\/#\/schema\/person\/999bd426f894ff56d397ec12ebd21ebb\"},\"headline\":\"ARAN: refer\u00eancia nacional do Associativismo Autom\u00f3vel Portugu\u00eas\",\"datePublished\":\"2022-02-11T09:00:00+00:00\",\"mainEntityOfPage\":{\"@id\":\"http:\/\/maismagazine.pt\/index.php\/2022\/02\/11\/aran-referencia-nacional-do-associativismo-automovel-portugues\/\"},\"wordCount\":516,\"commentCount\":0,\"publisher\":{\"@id\":\"https:\/\/maismagazine.pt\/#organization\"},\"image\":{\"@id\":\"http:\/\/maismagazine.pt\/index.php\/2022\/02\/11\/aran-referencia-nacional-do-associativismo-automovel-portugues\/#primaryimage\"},\"thumbnailUrl\":\"http:\/\/maismagazine.pt\/wp-content\/uploads\/2022\/02\/Presidente-da-ARAN-2-scaled.jpg\",\"keywords\":[\"ARAN\",\"Associativismo\",\"autom\u00f3vel\",\"ramo autom\u00f3vel\"],\"articleSection\":[\"Empreendedorismo\"],\"inLanguage\":\"pt-PT\",\"potentialAction\":[{\"@type\":\"CommentAction\",\"name\":\"Comment\",\"target\":[\"http:\/\/maismagazine.pt\/index.php\/2022\/02\/11\/aran-referencia-nacional-do-associativismo-automovel-portugues\/#respond\"]}]},{\"@type\":\"WebPage\",\"@id\":\"http:\/\/maismagazine.pt\/index.php\/2022\/02\/11\/aran-referencia-nacional-do-associativismo-automovel-portugues\/\",\"url\":\"http:\/\/maismagazine.pt\/index.php\/2022\/02\/11\/aran-referencia-nacional-do-associativismo-automovel-portugues\/\",\"name\":\"ARAN: refer\u00eancia nacional do Associativismo Autom\u00f3vel Portugu\u00eas - Mais Magazine\",\"isPartOf\":{\"@id\":\"https:\/\/maismagazine.pt\/#website\"},\"primaryImageOfPage\":{\"@id\":\"http:\/\/maismagazine.pt\/index.php\/2022\/02\/11\/aran-referencia-nacional-do-associativismo-automovel-portugues\/#primaryimage\"},\"image\":{\"@id\":\"http:\/\/maismagazine.pt\/index.php\/2022\/02\/11\/aran-referencia-nacional-do-associativismo-automovel-portugues\/#primaryimage\"},\"thumbnailUrl\":\"http:\/\/maismagazine.pt\/wp-content\/uploads\/2022\/02\/Presidente-da-ARAN-2-scaled.jpg\",\"datePublished\":\"2022-02-11T09:00:00+00:00\",\"description\":\"ARAN: refer\u00eancia nacional do Associativismo Autom\u00f3vel Portugu\u00eas\",\"breadcrumb\":{\"@id\":\"http:\/\/maismagazine.pt\/index.php\/2022\/02\/11\/aran-referencia-nacional-do-associativismo-automovel-portugues\/#breadcrumb\"},\"inLanguage\":\"pt-PT\",\"potentialAction\":[{\"@type\":\"ReadAction\",\"target\":[\"http:\/\/maismagazine.pt\/index.php\/2022\/02\/11\/aran-referencia-nacional-do-associativismo-automovel-portugues\/\"]}]},{\"@type\":\"ImageObject\",\"inLanguage\":\"pt-PT\",\"@id\":\"http:\/\/maismagazine.pt\/index.php\/2022\/02\/11\/aran-referencia-nacional-do-associativismo-automovel-portugues\/#primaryimage\",\"url\":\"http:\/\/maismagazine.pt\/wp-content\/uploads\/2022\/02\/Presidente-da-ARAN-2-scaled.jpg\",\"contentUrl\":\"http:\/\/maismagazine.pt\/wp-content\/uploads\/2022\/02\/Presidente-da-ARAN-2-scaled.jpg\",\"width\":1924,\"height\":2560},{\"@type\":\"BreadcrumbList\",\"@id\":\"http:\/\/maismagazine.pt\/index.php\/2022\/02\/11\/aran-referencia-nacional-do-associativismo-automovel-portugues\/#breadcrumb\",\"itemListElement\":[{\"@type\":\"ListItem\",\"position\":1,\"name\":\"Home\",\"item\":\"https:\/\/maismagazine.pt\/\"},{\"@type\":\"ListItem\",\"position\":2,\"name\":\"ARAN: refer\u00eancia nacional do Associativismo Autom\u00f3vel Portugu\u00eas\"}]},{\"@type\":\"WebSite\",\"@id\":\"https:\/\/maismagazine.pt\/#website\",\"url\":\"https:\/\/maismagazine.pt\/\",\"name\":\"Mais Magazine\",\"description\":\"\",\"publisher\":{\"@id\":\"https:\/\/maismagazine.pt\/#organization\"},\"potentialAction\":[{\"@type\":\"SearchAction\",\"target\":{\"@type\":\"EntryPoint\",\"urlTemplate\":\"https:\/\/maismagazine.pt\/?s={search_term_string}\"},\"query-input\":{\"@type\":\"PropertyValueSpecification\",\"valueRequired\":true,\"valueName\":\"search_term_string\"}}],\"inLanguage\":\"pt-PT\"},{\"@type\":\"Organization\",\"@id\":\"https:\/\/maismagazine.pt\/#organization\",\"name\":\"Mais Magazine\",\"url\":\"https:\/\/maismagazine.pt\/\",\"logo\":{\"@type\":\"ImageObject\",\"inLanguage\":\"pt-PT\",\"@id\":\"https:\/\/maismagazine.pt\/#\/schema\/logo\/image\/\",\"url\":\"http:\/\/maismagazine.pt\/wp-content\/uploads\/2020\/04\/cropped-cropped-mais-magazine-site-logo-2.png\",\"contentUrl\":\"http:\/\/maismagazine.pt\/wp-content\/uploads\/2020\/04\/cropped-cropped-mais-magazine-site-logo-2.png\",\"width\":581,\"height\":90,\"caption\":\"Mais Magazine\"},\"image\":{\"@id\":\"https:\/\/maismagazine.pt\/#\/schema\/logo\/image\/\"}},{\"@type\":\"Person\",\"@id\":\"https:\/\/maismagazine.pt\/#\/schema\/person\/999bd426f894ff56d397ec12ebd21ebb\",\"name\":\"Jo\u00e3o Malainho\",\"image\":{\"@type\":\"ImageObject\",\"inLanguage\":\"pt-PT\",\"@id\":\"https:\/\/maismagazine.pt\/#\/schema\/person\/image\/\",\"url\":\"https:\/\/secure.gravatar.com\/avatar\/ff03c2f38edf60b2a827aa4f74878491?s=96&d=mm&r=g\",\"contentUrl\":\"https:\/\/secure.gravatar.com\/avatar\/ff03c2f38edf60b2a827aa4f74878491?s=96&d=mm&r=g\",\"caption\":\"Jo\u00e3o Malainho\"},\"url\":\"http:\/\/maismagazine.pt\/index.php\/author\/maismagazine\/\"}]}<\/script>\n<!-- \/ Yoast SEO plugin. -->","yoast_head_json":{"title":"ARAN: refer\u00eancia nacional do Associativismo Autom\u00f3vel Portugu\u00eas - Mais Magazine","description":"ARAN: refer\u00eancia nacional do Associativismo Autom\u00f3vel Portugu\u00eas","robots":{"index":"index","follow":"follow","max-snippet":"max-snippet:-1","max-image-preview":"max-image-preview:large","max-video-preview":"max-video-preview:-1"},"canonical":"http:\/\/maismagazine.pt\/index.php\/2022\/02\/11\/aran-referencia-nacional-do-associativismo-automovel-portugues\/","og_locale":"pt_PT","og_type":"article","og_title":"ARAN: refer\u00eancia nacional do Associativismo Autom\u00f3vel Portugu\u00eas - Mais Magazine","og_description":"ARAN: refer\u00eancia nacional do Associativismo Autom\u00f3vel Portugu\u00eas","og_url":"http:\/\/maismagazine.pt\/index.php\/2022\/02\/11\/aran-referencia-nacional-do-associativismo-automovel-portugues\/","og_site_name":"Mais Magazine","article_published_time":"2022-02-11T09:00:00+00:00","og_image":[{"width":1924,"height":2560,"url":"http:\/\/maismagazine.pt\/wp-content\/uploads\/2022\/02\/Presidente-da-ARAN-2-scaled.jpg","type":"image\/jpeg"}],"author":"Jo\u00e3o Malainho","twitter_card":"summary_large_image","twitter_misc":{"Escrito por":false,"Tempo estimado de leitura":"2 minutos"},"schema":{"@context":"https:\/\/schema.org","@graph":[{"@type":"Article","@id":"http:\/\/maismagazine.pt\/index.php\/2022\/02\/11\/aran-referencia-nacional-do-associativismo-automovel-portugues\/#article","isPartOf":{"@id":"http:\/\/maismagazine.pt\/index.php\/2022\/02\/11\/aran-referencia-nacional-do-associativismo-automovel-portugues\/"},"author":{"name":"Jo\u00e3o Malainho","@id":"https:\/\/maismagazine.pt\/#\/schema\/person\/999bd426f894ff56d397ec12ebd21ebb"},"headline":"ARAN: refer\u00eancia nacional do Associativismo Autom\u00f3vel Portugu\u00eas","datePublished":"2022-02-11T09:00:00+00:00","mainEntityOfPage":{"@id":"http:\/\/maismagazine.pt\/index.php\/2022\/02\/11\/aran-referencia-nacional-do-associativismo-automovel-portugues\/"},"wordCount":516,"commentCount":0,"publisher":{"@id":"https:\/\/maismagazine.pt\/#organization"},"image":{"@id":"http:\/\/maismagazine.pt\/index.php\/2022\/02\/11\/aran-referencia-nacional-do-associativismo-automovel-portugues\/#primaryimage"},"thumbnailUrl":"http:\/\/maismagazine.pt\/wp-content\/uploads\/2022\/02\/Presidente-da-ARAN-2-scaled.jpg","keywords":["ARAN","Associativismo","autom\u00f3vel","ramo autom\u00f3vel"],"articleSection":["Empreendedorismo"],"inLanguage":"pt-PT","potentialAction":[{"@type":"CommentAction","name":"Comment","target":["http:\/\/maismagazine.pt\/index.php\/2022\/02\/11\/aran-referencia-nacional-do-associativismo-automovel-portugues\/#respond"]}]},{"@type":"WebPage","@id":"http:\/\/maismagazine.pt\/index.php\/2022\/02\/11\/aran-referencia-nacional-do-associativismo-automovel-portugues\/","url":"http:\/\/maismagazine.pt\/index.php\/2022\/02\/11\/aran-referencia-nacional-do-associativismo-automovel-portugues\/","name":"ARAN: refer\u00eancia nacional do Associativismo Autom\u00f3vel Portugu\u00eas - Mais Magazine","isPartOf":{"@id":"https:\/\/maismagazine.pt\/#website"},"primaryImageOfPage":{"@id":"http:\/\/maismagazine.pt\/index.php\/2022\/02\/11\/aran-referencia-nacional-do-associativismo-automovel-portugues\/#primaryimage"},"image":{"@id":"http:\/\/maismagazine.pt\/index.php\/2022\/02\/11\/aran-referencia-nacional-do-associativismo-automovel-portugues\/#primaryimage"},"thumbnailUrl":"http:\/\/maismagazine.pt\/wp-content\/uploads\/2022\/02\/Presidente-da-ARAN-2-scaled.jpg","datePublished":"2022-02-11T09:00:00+00:00","description":"ARAN: refer\u00eancia nacional do Associativismo Autom\u00f3vel Portugu\u00eas","breadcrumb":{"@id":"http:\/\/maismagazine.pt\/index.php\/2022\/02\/11\/aran-referencia-nacional-do-associativismo-automovel-portugues\/#breadcrumb"},"inLanguage":"pt-PT","potentialAction":[{"@type":"ReadAction","target":["http:\/\/maismagazine.pt\/index.php\/2022\/02\/11\/aran-referencia-nacional-do-associativismo-automovel-portugues\/"]}]},{"@type":"ImageObject","inLanguage":"pt-PT","@id":"http:\/\/maismagazine.pt\/index.php\/2022\/02\/11\/aran-referencia-nacional-do-associativismo-automovel-portugues\/#primaryimage","url":"http:\/\/maismagazine.pt\/wp-content\/uploads\/2022\/02\/Presidente-da-ARAN-2-scaled.jpg","contentUrl":"http:\/\/maismagazine.pt\/wp-content\/uploads\/2022\/02\/Presidente-da-ARAN-2-scaled.jpg","width":1924,"height":2560},{"@type":"BreadcrumbList","@id":"http:\/\/maismagazine.pt\/index.php\/2022\/02\/11\/aran-referencia-nacional-do-associativismo-automovel-portugues\/#breadcrumb","itemListElement":[{"@type":"ListItem","position":1,"name":"Home","item":"https:\/\/maismagazine.pt\/"},{"@type":"ListItem","position":2,"name":"ARAN: refer\u00eancia nacional do Associativismo Autom\u00f3vel Portugu\u00eas"}]},{"@type":"WebSite","@id":"https:\/\/maismagazine.pt\/#website","url":"https:\/\/maismagazine.pt\/","name":"Mais Magazine","description":"","publisher":{"@id":"https:\/\/maismagazine.pt\/#organization"},"potentialAction":[{"@type":"SearchAction","target":{"@type":"EntryPoint","urlTemplate":"https:\/\/maismagazine.pt\/?s={search_term_string}"},"query-input":{"@type":"PropertyValueSpecification","valueRequired":true,"valueName":"search_term_string"}}],"inLanguage":"pt-PT"},{"@type":"Organization","@id":"https:\/\/maismagazine.pt\/#organization","name":"Mais Magazine","url":"https:\/\/maismagazine.pt\/","logo":{"@type":"ImageObject","inLanguage":"pt-PT","@id":"https:\/\/maismagazine.pt\/#\/schema\/logo\/image\/","url":"http:\/\/maismagazine.pt\/wp-content\/uploads\/2020\/04\/cropped-cropped-mais-magazine-site-logo-2.png","contentUrl":"http:\/\/maismagazine.pt\/wp-content\/uploads\/2020\/04\/cropped-cropped-mais-magazine-site-logo-2.png","width":581,"height":90,"caption":"Mais Magazine"},"image":{"@id":"https:\/\/maismagazine.pt\/#\/schema\/logo\/image\/"}},{"@type":"Person","@id":"https:\/\/maismagazine.pt\/#\/schema\/person\/999bd426f894ff56d397ec12ebd21ebb","name":"Jo\u00e3o Malainho","image":{"@type":"ImageObject","inLanguage":"pt-PT","@id":"https:\/\/maismagazine.pt\/#\/schema\/person\/image\/","url":"https:\/\/secure.gravatar.com\/avatar\/ff03c2f38edf60b2a827aa4f74878491?s=96&d=mm&r=g","contentUrl":"https:\/\/secure.gravatar.com\/avatar\/ff03c2f38edf60b2a827aa4f74878491?s=96&d=mm&r=g","caption":"Jo\u00e3o Malainho"},"url":"http:\/\/maismagazine.pt\/index.php\/author\/maismagazine\/"}]}},"author_meta":{"display_name":false,"author_link":"http:\/\/maismagazine.pt\/index.php\/author\/maismagazine\/"},"featured_img":"http:\/\/maismagazine.pt\/wp-content\/uploads\/2022\/02\/Presidente-da-ARAN-2-225x300.jpg","coauthors":[],"tax_additional":{"categories":{"linked":["<a href=\"http:\/\/maismagazine.pt\/index.php\/category\/empreendedorismo\/\" class=\"advgb-post-tax-term\">Empreendedorismo<\/a>"],"unlinked":["<span class=\"advgb-post-tax-term\">Empreendedorismo<\/span>"]},"tags":{"linked":["<a href=\"http:\/\/maismagazine.pt\/index.php\/category\/empreendedorismo\/\" class=\"advgb-post-tax-term\">ARAN<\/a>","<a href=\"http:\/\/maismagazine.pt\/index.php\/category\/empreendedorismo\/\" class=\"advgb-post-tax-term\">Associativismo<\/a>","<a href=\"http:\/\/maismagazine.pt\/index.php\/category\/empreendedorismo\/\" class=\"advgb-post-tax-term\">autom\u00f3vel<\/a>","<a href=\"http:\/\/maismagazine.pt\/index.php\/category\/empreendedorismo\/\" class=\"advgb-post-tax-term\">ramo autom\u00f3vel<\/a>"],"unlinked":["<span class=\"advgb-post-tax-term\">ARAN<\/span>","<span class=\"advgb-post-tax-term\">Associativismo<\/span>","<span class=\"advgb-post-tax-term\">autom\u00f3vel<\/span>","<span class=\"advgb-post-tax-term\">ramo autom\u00f3vel<\/span>"]}},"comment_count":"0","relative_dates":{"created":"Posted 4 anos ago","modified":"Updated 4 anos ago"},"absolute_dates":{"created":"Posted on 11 de Fevereiro, 2022","modified":"Updated on 3 de Fevereiro, 2022"},"absolute_dates_time":{"created":"Posted on 11 de Fevereiro, 2022 9:00","modified":"Updated on 3 de Fevereiro, 2022 16:48"},"featured_img_caption":"","series_order":"","_links":{"self":[{"href":"http:\/\/maismagazine.pt\/index.php\/wp-json\/wp\/v2\/posts\/2209","targetHints":{"allow":["GET"]}}],"collection":[{"href":"http:\/\/maismagazine.pt\/index.php\/wp-json\/wp\/v2\/posts"}],"about":[{"href":"http:\/\/maismagazine.pt\/index.php\/wp-json\/wp\/v2\/types\/post"}],"author":[{"embeddable":true,"href":"http:\/\/maismagazine.pt\/index.php\/wp-json\/wp\/v2\/users\/7"}],"replies":[{"embeddable":true,"href":"http:\/\/maismagazine.pt\/index.php\/wp-json\/wp\/v2\/comments?post=2209"}],"version-history":[{"count":1,"href":"http:\/\/maismagazine.pt\/index.php\/wp-json\/wp\/v2\/posts\/2209\/revisions"}],"predecessor-version":[{"id":2216,"href":"http:\/\/maismagazine.pt\/index.php\/wp-json\/wp\/v2\/posts\/2209\/revisions\/2216"}],"wp:featuredmedia":[{"embeddable":true,"href":"http:\/\/maismagazine.pt\/index.php\/wp-json\/wp\/v2\/media\/2213"}],"wp:attachment":[{"href":"http:\/\/maismagazine.pt\/index.php\/wp-json\/wp\/v2\/media?parent=2209"}],"wp:term":[{"taxonomy":"category","embeddable":true,"href":"http:\/\/maismagazine.pt\/index.php\/wp-json\/wp\/v2\/categories?post=2209"},{"taxonomy":"post_tag","embeddable":true,"href":"http:\/\/maismagazine.pt\/index.php\/wp-json\/wp\/v2\/tags?post=2209"}],"curies":[{"name":"wp","href":"https:\/\/api.w.org\/{rel}","templated":true}]}}