{"id":2083,"date":"2021-12-23T07:00:00","date_gmt":"2021-12-23T07:00:00","guid":{"rendered":"https:\/\/maismagazine.pt\/?p=2083"},"modified":"2021-12-17T14:18:39","modified_gmt":"2021-12-17T14:18:39","slug":"sit-dignificacao-da-nossa-profissao","status":"publish","type":"post","link":"http:\/\/maismagazine.pt\/index.php\/2021\/12\/23\/sit-dignificacao-da-nossa-profissao\/","title":{"rendered":"SIT &#8211; dignifica\u00e7\u00e3o da nossa profiss\u00e3o"},"content":{"rendered":"\n<p><\/p>\n\n\n\n<p><strong>O Sindicato dos Inspetores do Trabalho (<a href=\"http:\/\/www.sit.pt\/\">SIT<\/a>) nasceu em 2010 e desde ent\u00e3o tem trabalhado ativamente na defesa dos interesses de todos os inspetores do trabalho. Uma luta incessante que, apesar de todos os esfor\u00e7os junto da tutela, continua a n\u00e3o surtir os efeitos pretendidos, como confidencia em entrevista \u00e0 <a href=\"http:\/\/maismagazine.pt\/\">Mais <\/a>Magazine, Carla Cardoso, Presidente do Sindicato.<\/strong><\/p>\n\n\n\n<p><\/p>\n\n\n\n<p class=\"has-text-align-left\">Desde a sua constitui\u00e7\u00e3o o SIT tem pugnado incessantemente pela defesa dos direitos e valoriza\u00e7\u00e3o de todos os inspetores do trabalho. \u00c9 disso exemplo a revis\u00e3o das carreiras especiais da inspe\u00e7\u00e3o que foi determinada pela Lei 12-A\/2008 de 27\/02 e estabelece que as mesmas dever\u00e3o ser revistas no prazo de 180 dias. Apesar dos esfor\u00e7os desenvolvidos pelo SIT, Carla Cardoso assume que \u201cpassados mais de dez anos, continuamos sem que este trabalho tenha sido feito\u201d, o que tem prejudicado os inspetores do trabalho no seu direito a uma carreira digna e que responda \u00e0s especificidades desta profiss\u00e3o. Esta exige dos seus profissionais uma elevada compet\u00eancia t\u00e9cnica, o dom\u00ednio de vasta legisla\u00e7\u00e3o, a interioriza\u00e7\u00e3o dos princ\u00edpios de atua\u00e7\u00e3o da administra\u00e7\u00e3o p\u00fablica e uma grande sensibilidade social. \u201cConsideramos que nesta mat\u00e9ria, o Estado enquanto entidade empregadora, n\u00e3o cumpre as suas obriga\u00e7\u00f5es criando uma situa\u00e7\u00e3o de discrimina\u00e7\u00e3o e de injusti\u00e7a totalmente inaceit\u00e1vel, deixando todo um corpo de profissionais ref\u00e9m de um enquadramento legal que j\u00e1 n\u00e3o responde ao que se pretende para uma inspe\u00e7\u00e3o do trabalho, e que retira aos seus trabalhadores o direito a progredir na sua carreira e a auferir uma condi\u00e7\u00e3o remunerat\u00f3ria melhor\u201d, afirma.<\/p>\n\n\n\n<p>A situa\u00e7\u00e3o atual dos Inspetores do Trabalho \u00e9 particularmente penalizadora pois desde 2004 que n\u00e3o s\u00e3o abertos quaisquer concursos para a progress\u00e3o na carreira, tendo como \u00fanica condi\u00e7\u00e3o de progress\u00e3o salarial a Lei do SIADAP. Com a aplica\u00e7\u00e3o desta lei, os Inspetores do Trabalho<br>s\u00e3o duplamente prejudicados, pois com o mesmo tempo de antiguidade e com o mesmo n\u00famero de pontos resultantes do sistema de avalia\u00e7\u00e3o de desempenho, os Inspetores do Trabalho t\u00eam uma atualiza\u00e7\u00e3o salarial 50 por cento inferior em compara\u00e7\u00e3o com as restantes carreiras j\u00e1 revistas. Com este enquadramento legal, os Inspetores do Trabalho t\u00eam vindo a perder poder de compra, tendo sido precisamente esse o resultado de um estudo recente do economista Eug\u00e9nio Rosa, que concluiu que, desde 2009, as carreiras de inspe\u00e7\u00e3o foram as que mais poder de compra perderam (- 33%), quando comparadas com outras carreiras da administra\u00e7\u00e3o p\u00fablica. <\/p>\n\n\n\n<p>Ap\u00f3s v\u00e1rias tentativas de resolu\u00e7\u00e3o, quer junto do minist\u00e9rio das finan\u00e7as para promover as progress\u00f5es legalmente devidas, quer junto da Ministra do Trabalho e Secret\u00e1rio de Estado para ultimar a lei org\u00e2nica, os Inspetores do Trabalho n\u00e3o t\u00eam obtido quaisquer respostas, ainda que ambos os minist\u00e9rios se tenham comprometido com este sindicato para o efeito. \u201c\u00c9 por estas raz\u00f5es que o SIT se tem debatido pela revis\u00e3o da carreira, tendo sido esta a nossa grande luta junto da tutela\u201d, assume Carla Cardoso. Por outro lado, internamente, junto das v\u00e1rias Dire\u00e7\u00f5es da ACT, este sindicato tem exposto as suas posi\u00e7\u00f5es e dado a conhecer as dificuldades dos Inspetores do Trabalho, propondo poss\u00edveis resolu\u00e7\u00f5es, contudo tamb\u00e9m aqui, sem qualquer provimento nem respostas adequadas. N\u00e3o obstante a Dire\u00e7\u00e3o da ACT manter reuni\u00f5es regulares e peri\u00f3dicas com este Sindicato, a verdade \u00e9 que continua sem consultar e sem envolver, de facto e com comprometimento, esta estrutura sindical nos diferentes processos internos, que digam respeito aos Inspetores do Trabalho e ao seu trabalho, como por exemplo o processo de defini\u00e7\u00e3o dos objetivos de desempenho. Podemos inclusive referir que, at\u00e9 hoje, nunca foram adotadas pelas v\u00e1rias Dire\u00e7\u00f5es, quaisquer medidas sugeridas por este Sindicato, sendo o processo de consulta uma mera formalidade!<\/p>\n\n\n\n<p>Assim, as \u00faltimas Dire\u00e7\u00f5es da ACT t\u00eam mantido um posicionamento distante em rela\u00e7\u00e3o aos inspetores do trabalho, n\u00e3o se interessando em resolver os seus problemas concretos, nem t\u00e3o pouco em envolv\u00ea-los nos processos de decis\u00e3o que dizem diretamente respeito a este corpo de profissionais.<\/p>\n\n\n\n<p>A par destas reivindica\u00e7\u00f5es, o SIT tem insistido numa efetiva negocia\u00e7\u00e3o dos objetivos de desempenho \u201cque em cada ciclo avaliativo nos s\u00e3o totalmente impostos, desfasados da complexidade e diversidade que o trabalho inspetivo exige\u201d, o que resulta numa distor\u00e7\u00e3o do gesto inspetivo e numa degrada\u00e7\u00e3o da sua interven\u00e7\u00e3o, afastando-a da miss\u00e3o deste organismo.<\/p>\n\n\n\n<p>Durante a atual pandemia a situa\u00e7\u00e3o destes profissionais tornou-se ainda mais exigente. Para Carla Cardoso \u201cser inspetor do trabalho neste momento \u00e9 fazer muito com muito pouco. O Governo e o Minist\u00e9rio do Trabalho t\u00eam vindo a alegar um enorme investimento na ACT, o que n\u00e3o corresponde verdade. Temos sim, assistido a uma utiliza\u00e7\u00e3o pol\u00edtica da ACT e da atividade dos Inspetores do Trabalho. Nunca estes sentiram a sua atividade t\u00e3o politizada. Para al\u00e9m do recrutamento de novos Inspetores do Trabalho o que se tem verificado, s\u00e3o os sucessivos cortes or\u00e7amentais, que limitam tremendamente a capacidade e a efic\u00e1cia da atua\u00e7\u00e3o da Inspe\u00e7\u00e3o do Trabalho. N\u00e3o obstante a Sr.\u00aa Ministra do Trabalho pertencer \u00e0 carreira de Inspe\u00e7\u00e3o do Trabalho, \u00e0 exce\u00e7\u00e3o da crescente politiza\u00e7\u00e3o da atividade inspetiva, o desinvestimento da tutela neste organismo tem sido claro e inequ\u00edvoco. Assim, temos assistido a medidas que t\u00eam deixado a ACT, cada vez com menos capacidade de organiza\u00e7\u00e3o interna, de lideran\u00e7a, e de tomada de decis\u00f5es neste tempo t\u00e3o complexo\u201d.<\/p>\n\n\n\n<p><\/p>\n\n\n\n<p>Com a dissolu\u00e7\u00e3o do Parlamento, e consequente realiza\u00e7\u00e3o de elei\u00e7\u00f5es antecipadas, chega o momento de apelar aos partidos que v\u00e3o concorrer \u00e0s elei\u00e7\u00f5es legislativas para que n\u00e3o se esque\u00e7am desta classe profissional. \u201cAs propostas s\u00e3o as que h\u00e1 v\u00e1rios anos solicitamos: o respeito pelas<br>condi\u00e7\u00f5es de trabalho dos pr\u00f3prios inspetores! Que o Estado promova a igualdade de condi\u00e7\u00f5es remunerat\u00f3rias e proceda \u00e0 abertura de concursos e \u00e0 revis\u00e3o da nossa carreira. Requeremos que sejam cumpridas as recomenda\u00e7\u00f5es da OIT quanto \u00e0s condi\u00e7\u00f5es remunerat\u00f3rias dos Inspetores do Trabalho que devem ser aliciantes e motivadoras para estes profissionais e que seja estancada a flagrante perda de poder de compra dos profissionais da inspe\u00e7\u00e3o.\u201d As reivindica\u00e7\u00f5es prosseguem que respeita ao \u201cestatuto da Inspe\u00e7\u00e3o do Trabalho que deve ver consagrados novos requisitos para o acesso \u00e0 profiss\u00e3o. Por \u00faltimo, mas n\u00e3o menos importante, vamos tamb\u00e9m alertar para a necessidade de<br>refor\u00e7ar o or\u00e7amento para ACT, ao contr\u00e1rio do que o or\u00e7amento agora chumbado na Assembleia da Rep\u00fablica previa, de forma a conseguir os meios necess\u00e1rios e as condi\u00e7\u00f5es de trabalho adequadas para estes profissionais\u201d.<\/p>\n\n\n\n<p>O exerc\u00edcio desta profiss\u00e3o \u00e9 um desafio, s\u00f3 compreendido pelos que diariamente trabalham para a melhoria das condi\u00e7\u00f5es de trabalho e para a dignifica\u00e7\u00e3o das rela\u00e7\u00f5es laborais nos locais de trabalho. \u201c\u00c9 neste contexto t\u00e3o particular e t\u00e3o exigente que \u00e9 desenvolvida a nossa a\u00e7\u00e3o. O<br>SIT vai continuar a trabalhar para a dignifica\u00e7\u00e3o da nossa profiss\u00e3o, procurando por todos os meios fazer chegar as nossas propostas e reivindica\u00e7\u00f5es \u00e0s entidades que t\u00eam a obriga\u00e7\u00e3o de a promover.\u201d<\/p>\n\n\n\n<p><\/p>\n\n\n\n<p><\/p>\n","protected":false},"excerpt":{"rendered":"<p>O Sindicato dos Inspetores do Trabalho (SIT) nasceu em 2010 e desde ent\u00e3o tem trabalhado ativamente na defesa dos interesses de todos os inspetores do trabalho. Uma luta incessante que, apesar de todos os esfor\u00e7os junto da tutela, continua a n\u00e3o surtir os efeitos pretendidos, como confidencia em entrevista \u00e0&hellip;<\/p>\n","protected":false},"author":7,"featured_media":2092,"comment_status":"open","ping_status":"open","sticky":false,"template":"","format":"standard","meta":{"advgb_blocks_editor_width":"","advgb_blocks_columns_visual_guide":"","_monsterinsights_skip_tracking":false,"_monsterinsights_sitenote_active":false,"_monsterinsights_sitenote_note":"","_monsterinsights_sitenote_category":0,"footnotes":""},"categories":[8],"tags":[340,339,338],"class_list":["post-2083","post","type-post","status-publish","format-standard","has-post-thumbnail","hentry","category-politica","tag-inspetores","tag-sindicato","tag-trabalho"],"yoast_head":"<!-- This site is optimized with the Yoast SEO plugin v24.4 - https:\/\/yoast.com\/wordpress\/plugins\/seo\/ -->\n<title>SIT - dignifica\u00e7\u00e3o da nossa profiss\u00e3o - Mais Magazine<\/title>\n<meta name=\"robots\" content=\"index, follow, max-snippet:-1, max-image-preview:large, max-video-preview:-1\" \/>\n<link rel=\"canonical\" href=\"http:\/\/maismagazine.pt\/index.php\/2021\/12\/23\/sit-dignificacao-da-nossa-profissao\/\" \/>\n<meta property=\"og:locale\" content=\"pt_PT\" \/>\n<meta property=\"og:type\" content=\"article\" \/>\n<meta property=\"og:title\" content=\"SIT - dignifica\u00e7\u00e3o da nossa profiss\u00e3o - Mais Magazine\" \/>\n<meta property=\"og:description\" content=\"O Sindicato dos Inspetores do Trabalho (SIT) nasceu em 2010 e desde ent\u00e3o tem trabalhado ativamente na defesa dos interesses de todos os inspetores do trabalho. Uma luta incessante que, apesar de todos os esfor\u00e7os junto da tutela, continua a n\u00e3o surtir os efeitos pretendidos, como confidencia em entrevista \u00e0&hellip;\" \/>\n<meta property=\"og:url\" content=\"http:\/\/maismagazine.pt\/index.php\/2021\/12\/23\/sit-dignificacao-da-nossa-profissao\/\" \/>\n<meta property=\"og:site_name\" content=\"Mais Magazine\" \/>\n<meta property=\"article:published_time\" content=\"2021-12-23T07:00:00+00:00\" \/>\n<meta property=\"og:image\" content=\"http:\/\/maismagazine.pt\/wp-content\/uploads\/2021\/12\/received_24246660310039351.jpeg\" \/>\n\t<meta property=\"og:image:width\" content=\"840\" \/>\n\t<meta property=\"og:image:height\" content=\"828\" \/>\n\t<meta property=\"og:image:type\" content=\"image\/jpeg\" \/>\n<meta name=\"author\" content=\"Jo\u00e3o Malainho\" \/>\n<meta name=\"twitter:card\" content=\"summary_large_image\" \/>\n<meta name=\"twitter:label1\" content=\"Escrito por\" \/>\n\t<meta name=\"twitter:data1\" content=\"\" \/>\n\t<meta name=\"twitter:label2\" content=\"Tempo estimado de leitura\" \/>\n\t<meta name=\"twitter:data2\" content=\"5 minutos\" \/>\n<script type=\"application\/ld+json\" class=\"yoast-schema-graph\">{\"@context\":\"https:\/\/schema.org\",\"@graph\":[{\"@type\":\"Article\",\"@id\":\"http:\/\/maismagazine.pt\/index.php\/2021\/12\/23\/sit-dignificacao-da-nossa-profissao\/#article\",\"isPartOf\":{\"@id\":\"http:\/\/maismagazine.pt\/index.php\/2021\/12\/23\/sit-dignificacao-da-nossa-profissao\/\"},\"author\":{\"name\":\"Jo\u00e3o Malainho\",\"@id\":\"https:\/\/maismagazine.pt\/#\/schema\/person\/999bd426f894ff56d397ec12ebd21ebb\"},\"headline\":\"SIT &#8211; dignifica\u00e7\u00e3o da nossa profiss\u00e3o\",\"datePublished\":\"2021-12-23T07:00:00+00:00\",\"mainEntityOfPage\":{\"@id\":\"http:\/\/maismagazine.pt\/index.php\/2021\/12\/23\/sit-dignificacao-da-nossa-profissao\/\"},\"wordCount\":1260,\"commentCount\":0,\"publisher\":{\"@id\":\"https:\/\/maismagazine.pt\/#organization\"},\"image\":{\"@id\":\"http:\/\/maismagazine.pt\/index.php\/2021\/12\/23\/sit-dignificacao-da-nossa-profissao\/#primaryimage\"},\"thumbnailUrl\":\"http:\/\/maismagazine.pt\/wp-content\/uploads\/2021\/12\/received_24246660310039351.jpeg\",\"keywords\":[\"Inspetores\",\"Sindicato.\",\"Trabalho\"],\"articleSection\":[\"Pol\u00edtica\"],\"inLanguage\":\"pt-PT\",\"potentialAction\":[{\"@type\":\"CommentAction\",\"name\":\"Comment\",\"target\":[\"http:\/\/maismagazine.pt\/index.php\/2021\/12\/23\/sit-dignificacao-da-nossa-profissao\/#respond\"]}]},{\"@type\":\"WebPage\",\"@id\":\"http:\/\/maismagazine.pt\/index.php\/2021\/12\/23\/sit-dignificacao-da-nossa-profissao\/\",\"url\":\"http:\/\/maismagazine.pt\/index.php\/2021\/12\/23\/sit-dignificacao-da-nossa-profissao\/\",\"name\":\"SIT - dignifica\u00e7\u00e3o da nossa profiss\u00e3o - Mais Magazine\",\"isPartOf\":{\"@id\":\"https:\/\/maismagazine.pt\/#website\"},\"primaryImageOfPage\":{\"@id\":\"http:\/\/maismagazine.pt\/index.php\/2021\/12\/23\/sit-dignificacao-da-nossa-profissao\/#primaryimage\"},\"image\":{\"@id\":\"http:\/\/maismagazine.pt\/index.php\/2021\/12\/23\/sit-dignificacao-da-nossa-profissao\/#primaryimage\"},\"thumbnailUrl\":\"http:\/\/maismagazine.pt\/wp-content\/uploads\/2021\/12\/received_24246660310039351.jpeg\",\"datePublished\":\"2021-12-23T07:00:00+00:00\",\"breadcrumb\":{\"@id\":\"http:\/\/maismagazine.pt\/index.php\/2021\/12\/23\/sit-dignificacao-da-nossa-profissao\/#breadcrumb\"},\"inLanguage\":\"pt-PT\",\"potentialAction\":[{\"@type\":\"ReadAction\",\"target\":[\"http:\/\/maismagazine.pt\/index.php\/2021\/12\/23\/sit-dignificacao-da-nossa-profissao\/\"]}]},{\"@type\":\"ImageObject\",\"inLanguage\":\"pt-PT\",\"@id\":\"http:\/\/maismagazine.pt\/index.php\/2021\/12\/23\/sit-dignificacao-da-nossa-profissao\/#primaryimage\",\"url\":\"http:\/\/maismagazine.pt\/wp-content\/uploads\/2021\/12\/received_24246660310039351.jpeg\",\"contentUrl\":\"http:\/\/maismagazine.pt\/wp-content\/uploads\/2021\/12\/received_24246660310039351.jpeg\",\"width\":840,\"height\":828},{\"@type\":\"BreadcrumbList\",\"@id\":\"http:\/\/maismagazine.pt\/index.php\/2021\/12\/23\/sit-dignificacao-da-nossa-profissao\/#breadcrumb\",\"itemListElement\":[{\"@type\":\"ListItem\",\"position\":1,\"name\":\"Home\",\"item\":\"https:\/\/maismagazine.pt\/\"},{\"@type\":\"ListItem\",\"position\":2,\"name\":\"SIT &#8211; dignifica\u00e7\u00e3o da nossa profiss\u00e3o\"}]},{\"@type\":\"WebSite\",\"@id\":\"https:\/\/maismagazine.pt\/#website\",\"url\":\"https:\/\/maismagazine.pt\/\",\"name\":\"Mais Magazine\",\"description\":\"\",\"publisher\":{\"@id\":\"https:\/\/maismagazine.pt\/#organization\"},\"potentialAction\":[{\"@type\":\"SearchAction\",\"target\":{\"@type\":\"EntryPoint\",\"urlTemplate\":\"https:\/\/maismagazine.pt\/?s={search_term_string}\"},\"query-input\":{\"@type\":\"PropertyValueSpecification\",\"valueRequired\":true,\"valueName\":\"search_term_string\"}}],\"inLanguage\":\"pt-PT\"},{\"@type\":\"Organization\",\"@id\":\"https:\/\/maismagazine.pt\/#organization\",\"name\":\"Mais Magazine\",\"url\":\"https:\/\/maismagazine.pt\/\",\"logo\":{\"@type\":\"ImageObject\",\"inLanguage\":\"pt-PT\",\"@id\":\"https:\/\/maismagazine.pt\/#\/schema\/logo\/image\/\",\"url\":\"http:\/\/maismagazine.pt\/wp-content\/uploads\/2020\/04\/cropped-cropped-mais-magazine-site-logo-2.png\",\"contentUrl\":\"http:\/\/maismagazine.pt\/wp-content\/uploads\/2020\/04\/cropped-cropped-mais-magazine-site-logo-2.png\",\"width\":581,\"height\":90,\"caption\":\"Mais Magazine\"},\"image\":{\"@id\":\"https:\/\/maismagazine.pt\/#\/schema\/logo\/image\/\"}},{\"@type\":\"Person\",\"@id\":\"https:\/\/maismagazine.pt\/#\/schema\/person\/999bd426f894ff56d397ec12ebd21ebb\",\"name\":\"Jo\u00e3o Malainho\",\"image\":{\"@type\":\"ImageObject\",\"inLanguage\":\"pt-PT\",\"@id\":\"https:\/\/maismagazine.pt\/#\/schema\/person\/image\/\",\"url\":\"https:\/\/secure.gravatar.com\/avatar\/ff03c2f38edf60b2a827aa4f74878491?s=96&d=mm&r=g\",\"contentUrl\":\"https:\/\/secure.gravatar.com\/avatar\/ff03c2f38edf60b2a827aa4f74878491?s=96&d=mm&r=g\",\"caption\":\"Jo\u00e3o Malainho\"},\"url\":\"http:\/\/maismagazine.pt\/index.php\/author\/maismagazine\/\"}]}<\/script>\n<!-- \/ Yoast SEO plugin. -->","yoast_head_json":{"title":"SIT - dignifica\u00e7\u00e3o da nossa profiss\u00e3o - Mais Magazine","robots":{"index":"index","follow":"follow","max-snippet":"max-snippet:-1","max-image-preview":"max-image-preview:large","max-video-preview":"max-video-preview:-1"},"canonical":"http:\/\/maismagazine.pt\/index.php\/2021\/12\/23\/sit-dignificacao-da-nossa-profissao\/","og_locale":"pt_PT","og_type":"article","og_title":"SIT - dignifica\u00e7\u00e3o da nossa profiss\u00e3o - Mais Magazine","og_description":"O Sindicato dos Inspetores do Trabalho (SIT) nasceu em 2010 e desde ent\u00e3o tem trabalhado ativamente na defesa dos interesses de todos os inspetores do trabalho. Uma luta incessante que, apesar de todos os esfor\u00e7os junto da tutela, continua a n\u00e3o surtir os efeitos pretendidos, como confidencia em entrevista \u00e0&hellip;","og_url":"http:\/\/maismagazine.pt\/index.php\/2021\/12\/23\/sit-dignificacao-da-nossa-profissao\/","og_site_name":"Mais Magazine","article_published_time":"2021-12-23T07:00:00+00:00","og_image":[{"width":840,"height":828,"url":"http:\/\/maismagazine.pt\/wp-content\/uploads\/2021\/12\/received_24246660310039351.jpeg","type":"image\/jpeg"}],"author":"Jo\u00e3o Malainho","twitter_card":"summary_large_image","twitter_misc":{"Escrito por":false,"Tempo estimado de leitura":"5 minutos"},"schema":{"@context":"https:\/\/schema.org","@graph":[{"@type":"Article","@id":"http:\/\/maismagazine.pt\/index.php\/2021\/12\/23\/sit-dignificacao-da-nossa-profissao\/#article","isPartOf":{"@id":"http:\/\/maismagazine.pt\/index.php\/2021\/12\/23\/sit-dignificacao-da-nossa-profissao\/"},"author":{"name":"Jo\u00e3o Malainho","@id":"https:\/\/maismagazine.pt\/#\/schema\/person\/999bd426f894ff56d397ec12ebd21ebb"},"headline":"SIT &#8211; dignifica\u00e7\u00e3o da nossa profiss\u00e3o","datePublished":"2021-12-23T07:00:00+00:00","mainEntityOfPage":{"@id":"http:\/\/maismagazine.pt\/index.php\/2021\/12\/23\/sit-dignificacao-da-nossa-profissao\/"},"wordCount":1260,"commentCount":0,"publisher":{"@id":"https:\/\/maismagazine.pt\/#organization"},"image":{"@id":"http:\/\/maismagazine.pt\/index.php\/2021\/12\/23\/sit-dignificacao-da-nossa-profissao\/#primaryimage"},"thumbnailUrl":"http:\/\/maismagazine.pt\/wp-content\/uploads\/2021\/12\/received_24246660310039351.jpeg","keywords":["Inspetores","Sindicato.","Trabalho"],"articleSection":["Pol\u00edtica"],"inLanguage":"pt-PT","potentialAction":[{"@type":"CommentAction","name":"Comment","target":["http:\/\/maismagazine.pt\/index.php\/2021\/12\/23\/sit-dignificacao-da-nossa-profissao\/#respond"]}]},{"@type":"WebPage","@id":"http:\/\/maismagazine.pt\/index.php\/2021\/12\/23\/sit-dignificacao-da-nossa-profissao\/","url":"http:\/\/maismagazine.pt\/index.php\/2021\/12\/23\/sit-dignificacao-da-nossa-profissao\/","name":"SIT - dignifica\u00e7\u00e3o da nossa profiss\u00e3o - Mais Magazine","isPartOf":{"@id":"https:\/\/maismagazine.pt\/#website"},"primaryImageOfPage":{"@id":"http:\/\/maismagazine.pt\/index.php\/2021\/12\/23\/sit-dignificacao-da-nossa-profissao\/#primaryimage"},"image":{"@id":"http:\/\/maismagazine.pt\/index.php\/2021\/12\/23\/sit-dignificacao-da-nossa-profissao\/#primaryimage"},"thumbnailUrl":"http:\/\/maismagazine.pt\/wp-content\/uploads\/2021\/12\/received_24246660310039351.jpeg","datePublished":"2021-12-23T07:00:00+00:00","breadcrumb":{"@id":"http:\/\/maismagazine.pt\/index.php\/2021\/12\/23\/sit-dignificacao-da-nossa-profissao\/#breadcrumb"},"inLanguage":"pt-PT","potentialAction":[{"@type":"ReadAction","target":["http:\/\/maismagazine.pt\/index.php\/2021\/12\/23\/sit-dignificacao-da-nossa-profissao\/"]}]},{"@type":"ImageObject","inLanguage":"pt-PT","@id":"http:\/\/maismagazine.pt\/index.php\/2021\/12\/23\/sit-dignificacao-da-nossa-profissao\/#primaryimage","url":"http:\/\/maismagazine.pt\/wp-content\/uploads\/2021\/12\/received_24246660310039351.jpeg","contentUrl":"http:\/\/maismagazine.pt\/wp-content\/uploads\/2021\/12\/received_24246660310039351.jpeg","width":840,"height":828},{"@type":"BreadcrumbList","@id":"http:\/\/maismagazine.pt\/index.php\/2021\/12\/23\/sit-dignificacao-da-nossa-profissao\/#breadcrumb","itemListElement":[{"@type":"ListItem","position":1,"name":"Home","item":"https:\/\/maismagazine.pt\/"},{"@type":"ListItem","position":2,"name":"SIT &#8211; dignifica\u00e7\u00e3o da nossa profiss\u00e3o"}]},{"@type":"WebSite","@id":"https:\/\/maismagazine.pt\/#website","url":"https:\/\/maismagazine.pt\/","name":"Mais Magazine","description":"","publisher":{"@id":"https:\/\/maismagazine.pt\/#organization"},"potentialAction":[{"@type":"SearchAction","target":{"@type":"EntryPoint","urlTemplate":"https:\/\/maismagazine.pt\/?s={search_term_string}"},"query-input":{"@type":"PropertyValueSpecification","valueRequired":true,"valueName":"search_term_string"}}],"inLanguage":"pt-PT"},{"@type":"Organization","@id":"https:\/\/maismagazine.pt\/#organization","name":"Mais Magazine","url":"https:\/\/maismagazine.pt\/","logo":{"@type":"ImageObject","inLanguage":"pt-PT","@id":"https:\/\/maismagazine.pt\/#\/schema\/logo\/image\/","url":"http:\/\/maismagazine.pt\/wp-content\/uploads\/2020\/04\/cropped-cropped-mais-magazine-site-logo-2.png","contentUrl":"http:\/\/maismagazine.pt\/wp-content\/uploads\/2020\/04\/cropped-cropped-mais-magazine-site-logo-2.png","width":581,"height":90,"caption":"Mais Magazine"},"image":{"@id":"https:\/\/maismagazine.pt\/#\/schema\/logo\/image\/"}},{"@type":"Person","@id":"https:\/\/maismagazine.pt\/#\/schema\/person\/999bd426f894ff56d397ec12ebd21ebb","name":"Jo\u00e3o Malainho","image":{"@type":"ImageObject","inLanguage":"pt-PT","@id":"https:\/\/maismagazine.pt\/#\/schema\/person\/image\/","url":"https:\/\/secure.gravatar.com\/avatar\/ff03c2f38edf60b2a827aa4f74878491?s=96&d=mm&r=g","contentUrl":"https:\/\/secure.gravatar.com\/avatar\/ff03c2f38edf60b2a827aa4f74878491?s=96&d=mm&r=g","caption":"Jo\u00e3o Malainho"},"url":"http:\/\/maismagazine.pt\/index.php\/author\/maismagazine\/"}]}},"author_meta":{"display_name":false,"author_link":"http:\/\/maismagazine.pt\/index.php\/author\/maismagazine\/"},"featured_img":"http:\/\/maismagazine.pt\/wp-content\/uploads\/2021\/12\/received_24246660310039351-300x296.jpeg","coauthors":[],"tax_additional":{"categories":{"linked":["<a href=\"http:\/\/maismagazine.pt\/index.php\/category\/politica\/\" class=\"advgb-post-tax-term\">Pol\u00edtica<\/a>"],"unlinked":["<span class=\"advgb-post-tax-term\">Pol\u00edtica<\/span>"]},"tags":{"linked":["<a href=\"http:\/\/maismagazine.pt\/index.php\/category\/politica\/\" class=\"advgb-post-tax-term\">Inspetores<\/a>","<a href=\"http:\/\/maismagazine.pt\/index.php\/category\/politica\/\" class=\"advgb-post-tax-term\">Sindicato.<\/a>","<a href=\"http:\/\/maismagazine.pt\/index.php\/category\/politica\/\" class=\"advgb-post-tax-term\">Trabalho<\/a>"],"unlinked":["<span class=\"advgb-post-tax-term\">Inspetores<\/span>","<span class=\"advgb-post-tax-term\">Sindicato.<\/span>","<span class=\"advgb-post-tax-term\">Trabalho<\/span>"]}},"comment_count":"0","relative_dates":{"created":"Posted 4 anos ago","modified":"Updated 4 anos ago"},"absolute_dates":{"created":"Posted on 23 de Dezembro, 2021","modified":"Updated on 17 de Dezembro, 2021"},"absolute_dates_time":{"created":"Posted on 23 de Dezembro, 2021 7:00","modified":"Updated on 17 de Dezembro, 2021 14:18"},"featured_img_caption":"","series_order":"","_links":{"self":[{"href":"http:\/\/maismagazine.pt\/index.php\/wp-json\/wp\/v2\/posts\/2083","targetHints":{"allow":["GET"]}}],"collection":[{"href":"http:\/\/maismagazine.pt\/index.php\/wp-json\/wp\/v2\/posts"}],"about":[{"href":"http:\/\/maismagazine.pt\/index.php\/wp-json\/wp\/v2\/types\/post"}],"author":[{"embeddable":true,"href":"http:\/\/maismagazine.pt\/index.php\/wp-json\/wp\/v2\/users\/7"}],"replies":[{"embeddable":true,"href":"http:\/\/maismagazine.pt\/index.php\/wp-json\/wp\/v2\/comments?post=2083"}],"version-history":[{"count":1,"href":"http:\/\/maismagazine.pt\/index.php\/wp-json\/wp\/v2\/posts\/2083\/revisions"}],"predecessor-version":[{"id":2093,"href":"http:\/\/maismagazine.pt\/index.php\/wp-json\/wp\/v2\/posts\/2083\/revisions\/2093"}],"wp:featuredmedia":[{"embeddable":true,"href":"http:\/\/maismagazine.pt\/index.php\/wp-json\/wp\/v2\/media\/2092"}],"wp:attachment":[{"href":"http:\/\/maismagazine.pt\/index.php\/wp-json\/wp\/v2\/media?parent=2083"}],"wp:term":[{"taxonomy":"category","embeddable":true,"href":"http:\/\/maismagazine.pt\/index.php\/wp-json\/wp\/v2\/categories?post=2083"},{"taxonomy":"post_tag","embeddable":true,"href":"http:\/\/maismagazine.pt\/index.php\/wp-json\/wp\/v2\/tags?post=2083"}],"curies":[{"name":"wp","href":"https:\/\/api.w.org\/{rel}","templated":true}]}}