{"id":1858,"date":"2021-11-27T07:00:00","date_gmt":"2021-11-27T07:00:00","guid":{"rendered":"https:\/\/maismagazine.pt\/?p=1858"},"modified":"2021-11-30T14:20:08","modified_gmt":"2021-11-30T14:20:08","slug":"catim-mais-de-tres-decadas-de-dedicacao-a-industria","status":"publish","type":"post","link":"http:\/\/maismagazine.pt\/index.php\/2021\/11\/27\/catim-mais-de-tres-decadas-de-dedicacao-a-industria\/","title":{"rendered":"CATIM- Mais de tr\u00eas d\u00e9cadas de dedica\u00e7\u00e3o \u00e0 ind\u00fastria"},"content":{"rendered":"\n<p><strong>O CATIM \u00e9 uma <a href=\"https:\/\/www.catim.pt\/\" target=\"_blank\" rel=\"noreferrer noopener\">institui\u00e7\u00e3o<\/a> privada de utilidade p\u00fablica sem fins lucrativos, com sede no Porto e com delega\u00e7\u00f5es em Braga e Lisboa. Fundado em 1986, resultou da associa\u00e7\u00e3o, por complementaridade de interesses, entre a AIMMAP, o IAPMEI e o INETI e conta, atualmente, com mais de 700 associados, na sua maioria PMEs, apoiando anualmente cerca de 3500 empresas.<\/strong><br><\/p>\n\n\n\n<p>Com mais de tr\u00eas d\u00e9cadas de dedica\u00e7\u00e3o \u00e0 ind\u00fastria, a sua atua\u00e7\u00e3o \u00e9 pautada pela difus\u00e3o e promo\u00e7\u00e3o da inova\u00e7\u00e3o, fomentando a adequa\u00e7\u00e3o \u00e0s novas tend\u00eancias, metodologias, abordagens e tecnologias, atrav\u00e9s da: realiza\u00e7\u00e3o de ensaios e an\u00e1lises laboratoriais para caracteriza\u00e7\u00e3o de materiais, produtos e equipamentos; avalia\u00e7\u00e3o da conformidade dos produtos com as especifica\u00e7\u00f5es aplic\u00e1veis, normas e diretivas; dinamiza\u00e7\u00e3o de a\u00e7\u00f5es de forma\u00e7\u00e3o e qualifica\u00e7\u00e3o; colabora\u00e7\u00e3o em trabalhos de I&amp;D e demonstra\u00e7\u00e3o; entre outros.<br><\/p>\n\n\n\n<p>Na prossecu\u00e7\u00e3o da sua atividade, o CATIM localiza-se no espa\u00e7o interm\u00e9dio entre a produ\u00e7\u00e3o de conhecimento e as empresas, sendo reconhecido como Centro de Interface. O conhecimento especializado, a experi\u00eancia dos seus t\u00e9cnicos, a proximidade \u00e0s empresas e entidades do sistema cient\u00edfico e tecnol\u00f3gico (nacional e internacionais), a participa\u00e7\u00e3o ativa em atividades normativas, a atividade de vigil\u00e2ncia tecnol\u00f3gica, a participa\u00e7\u00e3o em redes de conhecimento, traduzem-se no aumento da pertin\u00eancia, adequa\u00e7\u00e3o e efic\u00e1cia da sua atividade, com impacto ao n\u00edvel da qualidade dos produtos e processos industriais.<br><\/p>\n\n\n\n<p>A aposta na capacita\u00e7\u00e3o cient\u00edfica, t\u00e9cnica e tecnol\u00f3gica permite disponibilizar \u00e0s empresas conhecimento e ferramentas que se revelam determinantes para a competitividade, resili\u00eancia e sustentabilidade do setor.<\/p>\n","protected":false},"excerpt":{"rendered":"<p>O CATIM \u00e9 uma institui\u00e7\u00e3o privada de utilidade p\u00fablica sem fins lucrativos, com sede no Porto e com delega\u00e7\u00f5es em Braga e Lisboa. Fundado em 1986, resultou da associa\u00e7\u00e3o, por complementaridade de interesses, entre a AIMMAP, o IAPMEI e o INETI e conta, atualmente, com mais de 700 associados, na&hellip;<\/p>\n","protected":false},"author":7,"featured_media":1859,"comment_status":"open","ping_status":"open","sticky":false,"template":"","format":"standard","meta":{"advgb_blocks_editor_width":"","advgb_blocks_columns_visual_guide":"","_monsterinsights_skip_tracking":false,"_monsterinsights_sitenote_active":false,"_monsterinsights_sitenote_note":"","_monsterinsights_sitenote_category":0,"footnotes":""},"categories":[154,6,79],"tags":[102,242],"class_list":["post-1858","post","type-post","status-publish","format-standard","has-post-thumbnail","hentry","category-emaf","category-empreendedorismo","category-tecnologia-e-inovacao","tag-inovacao","tag-instituicao"],"yoast_head":"<!-- This site is optimized with the Yoast SEO plugin v24.4 - https:\/\/yoast.com\/wordpress\/plugins\/seo\/ -->\n<title>CATIM- Mais de tr\u00eas d\u00e9cadas de dedica\u00e7\u00e3o \u00e0 ind\u00fastria - Mais Magazine<\/title>\n<meta name=\"description\" content=\"O CATIM \u00e9 uma institui\u00e7\u00e3o privada de utilidade p\u00fablica sem fins lucrativos, com sede no Porto e com delega\u00e7\u00f5es em Braga e Lisboa.\" \/>\n<meta name=\"robots\" content=\"index, follow, max-snippet:-1, max-image-preview:large, max-video-preview:-1\" \/>\n<link rel=\"canonical\" href=\"http:\/\/maismagazine.pt\/index.php\/2021\/11\/27\/catim-mais-de-tres-decadas-de-dedicacao-a-industria\/\" \/>\n<meta property=\"og:locale\" content=\"pt_PT\" \/>\n<meta property=\"og:type\" content=\"article\" \/>\n<meta property=\"og:title\" content=\"CATIM- Mais de tr\u00eas d\u00e9cadas de dedica\u00e7\u00e3o \u00e0 ind\u00fastria - Mais Magazine\" \/>\n<meta property=\"og:description\" content=\"O CATIM \u00e9 uma institui\u00e7\u00e3o privada de utilidade p\u00fablica sem fins lucrativos, com sede no Porto e com delega\u00e7\u00f5es em Braga e Lisboa.\" \/>\n<meta property=\"og:url\" content=\"http:\/\/maismagazine.pt\/index.php\/2021\/11\/27\/catim-mais-de-tres-decadas-de-dedicacao-a-industria\/\" \/>\n<meta property=\"og:site_name\" content=\"Mais Magazine\" \/>\n<meta property=\"article:published_time\" content=\"2021-11-27T07:00:00+00:00\" \/>\n<meta property=\"article:modified_time\" content=\"2021-11-30T14:20:08+00:00\" \/>\n<meta property=\"og:image\" content=\"http:\/\/maismagazine.pt\/wp-content\/uploads\/2021\/11\/logo-catim-verde-c-designacao.jpg\" \/>\n\t<meta property=\"og:image:width\" content=\"413\" \/>\n\t<meta property=\"og:image:height\" content=\"204\" \/>\n\t<meta property=\"og:image:type\" content=\"image\/jpeg\" \/>\n<meta name=\"author\" content=\"Jo\u00e3o Malainho\" \/>\n<meta name=\"twitter:card\" content=\"summary_large_image\" \/>\n<meta name=\"twitter:label1\" content=\"Escrito por\" \/>\n\t<meta name=\"twitter:data1\" content=\"\" \/>\n\t<meta name=\"twitter:label2\" content=\"Tempo estimado de leitura\" \/>\n\t<meta name=\"twitter:data2\" content=\"2 minutos\" \/>\n<script type=\"application\/ld+json\" class=\"yoast-schema-graph\">{\"@context\":\"https:\/\/schema.org\",\"@graph\":[{\"@type\":\"Article\",\"@id\":\"http:\/\/maismagazine.pt\/index.php\/2021\/11\/27\/catim-mais-de-tres-decadas-de-dedicacao-a-industria\/#article\",\"isPartOf\":{\"@id\":\"http:\/\/maismagazine.pt\/index.php\/2021\/11\/27\/catim-mais-de-tres-decadas-de-dedicacao-a-industria\/\"},\"author\":{\"name\":\"Jo\u00e3o Malainho\",\"@id\":\"https:\/\/maismagazine.pt\/#\/schema\/person\/999bd426f894ff56d397ec12ebd21ebb\"},\"headline\":\"CATIM- Mais de tr\u00eas d\u00e9cadas de dedica\u00e7\u00e3o \u00e0 ind\u00fastria\",\"datePublished\":\"2021-11-27T07:00:00+00:00\",\"dateModified\":\"2021-11-30T14:20:08+00:00\",\"mainEntityOfPage\":{\"@id\":\"http:\/\/maismagazine.pt\/index.php\/2021\/11\/27\/catim-mais-de-tres-decadas-de-dedicacao-a-industria\/\"},\"wordCount\":301,\"commentCount\":0,\"publisher\":{\"@id\":\"https:\/\/maismagazine.pt\/#organization\"},\"image\":{\"@id\":\"http:\/\/maismagazine.pt\/index.php\/2021\/11\/27\/catim-mais-de-tres-decadas-de-dedicacao-a-industria\/#primaryimage\"},\"thumbnailUrl\":\"http:\/\/maismagazine.pt\/wp-content\/uploads\/2021\/11\/logo-catim-verde-c-designacao.jpg\",\"keywords\":[\"inova\u00e7\u00e3o\",\"Institui\u00e7\u00e3o\"],\"articleSection\":[\"EMAF\",\"Empreendedorismo\",\"Tecnologia e Inova\u00e7\u00e3o\"],\"inLanguage\":\"pt-PT\",\"potentialAction\":[{\"@type\":\"CommentAction\",\"name\":\"Comment\",\"target\":[\"http:\/\/maismagazine.pt\/index.php\/2021\/11\/27\/catim-mais-de-tres-decadas-de-dedicacao-a-industria\/#respond\"]}]},{\"@type\":\"WebPage\",\"@id\":\"http:\/\/maismagazine.pt\/index.php\/2021\/11\/27\/catim-mais-de-tres-decadas-de-dedicacao-a-industria\/\",\"url\":\"http:\/\/maismagazine.pt\/index.php\/2021\/11\/27\/catim-mais-de-tres-decadas-de-dedicacao-a-industria\/\",\"name\":\"CATIM- Mais de tr\u00eas d\u00e9cadas de dedica\u00e7\u00e3o \u00e0 ind\u00fastria - Mais Magazine\",\"isPartOf\":{\"@id\":\"https:\/\/maismagazine.pt\/#website\"},\"primaryImageOfPage\":{\"@id\":\"http:\/\/maismagazine.pt\/index.php\/2021\/11\/27\/catim-mais-de-tres-decadas-de-dedicacao-a-industria\/#primaryimage\"},\"image\":{\"@id\":\"http:\/\/maismagazine.pt\/index.php\/2021\/11\/27\/catim-mais-de-tres-decadas-de-dedicacao-a-industria\/#primaryimage\"},\"thumbnailUrl\":\"http:\/\/maismagazine.pt\/wp-content\/uploads\/2021\/11\/logo-catim-verde-c-designacao.jpg\",\"datePublished\":\"2021-11-27T07:00:00+00:00\",\"dateModified\":\"2021-11-30T14:20:08+00:00\",\"description\":\"O CATIM \u00e9 uma institui\u00e7\u00e3o privada de utilidade p\u00fablica sem fins lucrativos, com sede no Porto e com delega\u00e7\u00f5es em Braga e Lisboa.\",\"breadcrumb\":{\"@id\":\"http:\/\/maismagazine.pt\/index.php\/2021\/11\/27\/catim-mais-de-tres-decadas-de-dedicacao-a-industria\/#breadcrumb\"},\"inLanguage\":\"pt-PT\",\"potentialAction\":[{\"@type\":\"ReadAction\",\"target\":[\"http:\/\/maismagazine.pt\/index.php\/2021\/11\/27\/catim-mais-de-tres-decadas-de-dedicacao-a-industria\/\"]}]},{\"@type\":\"ImageObject\",\"inLanguage\":\"pt-PT\",\"@id\":\"http:\/\/maismagazine.pt\/index.php\/2021\/11\/27\/catim-mais-de-tres-decadas-de-dedicacao-a-industria\/#primaryimage\",\"url\":\"http:\/\/maismagazine.pt\/wp-content\/uploads\/2021\/11\/logo-catim-verde-c-designacao.jpg\",\"contentUrl\":\"http:\/\/maismagazine.pt\/wp-content\/uploads\/2021\/11\/logo-catim-verde-c-designacao.jpg\",\"width\":413,\"height\":204},{\"@type\":\"BreadcrumbList\",\"@id\":\"http:\/\/maismagazine.pt\/index.php\/2021\/11\/27\/catim-mais-de-tres-decadas-de-dedicacao-a-industria\/#breadcrumb\",\"itemListElement\":[{\"@type\":\"ListItem\",\"position\":1,\"name\":\"Home\",\"item\":\"https:\/\/maismagazine.pt\/\"},{\"@type\":\"ListItem\",\"position\":2,\"name\":\"CATIM- Mais de tr\u00eas d\u00e9cadas de dedica\u00e7\u00e3o \u00e0 ind\u00fastria\"}]},{\"@type\":\"WebSite\",\"@id\":\"https:\/\/maismagazine.pt\/#website\",\"url\":\"https:\/\/maismagazine.pt\/\",\"name\":\"Mais Magazine\",\"description\":\"\",\"publisher\":{\"@id\":\"https:\/\/maismagazine.pt\/#organization\"},\"potentialAction\":[{\"@type\":\"SearchAction\",\"target\":{\"@type\":\"EntryPoint\",\"urlTemplate\":\"https:\/\/maismagazine.pt\/?s={search_term_string}\"},\"query-input\":{\"@type\":\"PropertyValueSpecification\",\"valueRequired\":true,\"valueName\":\"search_term_string\"}}],\"inLanguage\":\"pt-PT\"},{\"@type\":\"Organization\",\"@id\":\"https:\/\/maismagazine.pt\/#organization\",\"name\":\"Mais Magazine\",\"url\":\"https:\/\/maismagazine.pt\/\",\"logo\":{\"@type\":\"ImageObject\",\"inLanguage\":\"pt-PT\",\"@id\":\"https:\/\/maismagazine.pt\/#\/schema\/logo\/image\/\",\"url\":\"http:\/\/maismagazine.pt\/wp-content\/uploads\/2020\/04\/cropped-cropped-mais-magazine-site-logo-2.png\",\"contentUrl\":\"http:\/\/maismagazine.pt\/wp-content\/uploads\/2020\/04\/cropped-cropped-mais-magazine-site-logo-2.png\",\"width\":581,\"height\":90,\"caption\":\"Mais Magazine\"},\"image\":{\"@id\":\"https:\/\/maismagazine.pt\/#\/schema\/logo\/image\/\"}},{\"@type\":\"Person\",\"@id\":\"https:\/\/maismagazine.pt\/#\/schema\/person\/999bd426f894ff56d397ec12ebd21ebb\",\"name\":\"Jo\u00e3o Malainho\",\"image\":{\"@type\":\"ImageObject\",\"inLanguage\":\"pt-PT\",\"@id\":\"https:\/\/maismagazine.pt\/#\/schema\/person\/image\/\",\"url\":\"https:\/\/secure.gravatar.com\/avatar\/ff03c2f38edf60b2a827aa4f74878491?s=96&d=mm&r=g\",\"contentUrl\":\"https:\/\/secure.gravatar.com\/avatar\/ff03c2f38edf60b2a827aa4f74878491?s=96&d=mm&r=g\",\"caption\":\"Jo\u00e3o Malainho\"},\"url\":\"http:\/\/maismagazine.pt\/index.php\/author\/maismagazine\/\"}]}<\/script>\n<!-- \/ Yoast SEO plugin. -->","yoast_head_json":{"title":"CATIM- Mais de tr\u00eas d\u00e9cadas de dedica\u00e7\u00e3o \u00e0 ind\u00fastria - Mais Magazine","description":"O CATIM \u00e9 uma institui\u00e7\u00e3o privada de utilidade p\u00fablica sem fins lucrativos, com sede no Porto e com delega\u00e7\u00f5es em Braga e Lisboa.","robots":{"index":"index","follow":"follow","max-snippet":"max-snippet:-1","max-image-preview":"max-image-preview:large","max-video-preview":"max-video-preview:-1"},"canonical":"http:\/\/maismagazine.pt\/index.php\/2021\/11\/27\/catim-mais-de-tres-decadas-de-dedicacao-a-industria\/","og_locale":"pt_PT","og_type":"article","og_title":"CATIM- Mais de tr\u00eas d\u00e9cadas de dedica\u00e7\u00e3o \u00e0 ind\u00fastria - Mais Magazine","og_description":"O CATIM \u00e9 uma institui\u00e7\u00e3o privada de utilidade p\u00fablica sem fins lucrativos, com sede no Porto e com delega\u00e7\u00f5es em Braga e Lisboa.","og_url":"http:\/\/maismagazine.pt\/index.php\/2021\/11\/27\/catim-mais-de-tres-decadas-de-dedicacao-a-industria\/","og_site_name":"Mais Magazine","article_published_time":"2021-11-27T07:00:00+00:00","article_modified_time":"2021-11-30T14:20:08+00:00","og_image":[{"width":413,"height":204,"url":"http:\/\/maismagazine.pt\/wp-content\/uploads\/2021\/11\/logo-catim-verde-c-designacao.jpg","type":"image\/jpeg"}],"author":"Jo\u00e3o Malainho","twitter_card":"summary_large_image","twitter_misc":{"Escrito por":false,"Tempo estimado de leitura":"2 minutos"},"schema":{"@context":"https:\/\/schema.org","@graph":[{"@type":"Article","@id":"http:\/\/maismagazine.pt\/index.php\/2021\/11\/27\/catim-mais-de-tres-decadas-de-dedicacao-a-industria\/#article","isPartOf":{"@id":"http:\/\/maismagazine.pt\/index.php\/2021\/11\/27\/catim-mais-de-tres-decadas-de-dedicacao-a-industria\/"},"author":{"name":"Jo\u00e3o Malainho","@id":"https:\/\/maismagazine.pt\/#\/schema\/person\/999bd426f894ff56d397ec12ebd21ebb"},"headline":"CATIM- Mais de tr\u00eas d\u00e9cadas de dedica\u00e7\u00e3o \u00e0 ind\u00fastria","datePublished":"2021-11-27T07:00:00+00:00","dateModified":"2021-11-30T14:20:08+00:00","mainEntityOfPage":{"@id":"http:\/\/maismagazine.pt\/index.php\/2021\/11\/27\/catim-mais-de-tres-decadas-de-dedicacao-a-industria\/"},"wordCount":301,"commentCount":0,"publisher":{"@id":"https:\/\/maismagazine.pt\/#organization"},"image":{"@id":"http:\/\/maismagazine.pt\/index.php\/2021\/11\/27\/catim-mais-de-tres-decadas-de-dedicacao-a-industria\/#primaryimage"},"thumbnailUrl":"http:\/\/maismagazine.pt\/wp-content\/uploads\/2021\/11\/logo-catim-verde-c-designacao.jpg","keywords":["inova\u00e7\u00e3o","Institui\u00e7\u00e3o"],"articleSection":["EMAF","Empreendedorismo","Tecnologia e Inova\u00e7\u00e3o"],"inLanguage":"pt-PT","potentialAction":[{"@type":"CommentAction","name":"Comment","target":["http:\/\/maismagazine.pt\/index.php\/2021\/11\/27\/catim-mais-de-tres-decadas-de-dedicacao-a-industria\/#respond"]}]},{"@type":"WebPage","@id":"http:\/\/maismagazine.pt\/index.php\/2021\/11\/27\/catim-mais-de-tres-decadas-de-dedicacao-a-industria\/","url":"http:\/\/maismagazine.pt\/index.php\/2021\/11\/27\/catim-mais-de-tres-decadas-de-dedicacao-a-industria\/","name":"CATIM- Mais de tr\u00eas d\u00e9cadas de dedica\u00e7\u00e3o \u00e0 ind\u00fastria - Mais Magazine","isPartOf":{"@id":"https:\/\/maismagazine.pt\/#website"},"primaryImageOfPage":{"@id":"http:\/\/maismagazine.pt\/index.php\/2021\/11\/27\/catim-mais-de-tres-decadas-de-dedicacao-a-industria\/#primaryimage"},"image":{"@id":"http:\/\/maismagazine.pt\/index.php\/2021\/11\/27\/catim-mais-de-tres-decadas-de-dedicacao-a-industria\/#primaryimage"},"thumbnailUrl":"http:\/\/maismagazine.pt\/wp-content\/uploads\/2021\/11\/logo-catim-verde-c-designacao.jpg","datePublished":"2021-11-27T07:00:00+00:00","dateModified":"2021-11-30T14:20:08+00:00","description":"O CATIM \u00e9 uma institui\u00e7\u00e3o privada de utilidade p\u00fablica sem fins lucrativos, com sede no Porto e com delega\u00e7\u00f5es em Braga e Lisboa.","breadcrumb":{"@id":"http:\/\/maismagazine.pt\/index.php\/2021\/11\/27\/catim-mais-de-tres-decadas-de-dedicacao-a-industria\/#breadcrumb"},"inLanguage":"pt-PT","potentialAction":[{"@type":"ReadAction","target":["http:\/\/maismagazine.pt\/index.php\/2021\/11\/27\/catim-mais-de-tres-decadas-de-dedicacao-a-industria\/"]}]},{"@type":"ImageObject","inLanguage":"pt-PT","@id":"http:\/\/maismagazine.pt\/index.php\/2021\/11\/27\/catim-mais-de-tres-decadas-de-dedicacao-a-industria\/#primaryimage","url":"http:\/\/maismagazine.pt\/wp-content\/uploads\/2021\/11\/logo-catim-verde-c-designacao.jpg","contentUrl":"http:\/\/maismagazine.pt\/wp-content\/uploads\/2021\/11\/logo-catim-verde-c-designacao.jpg","width":413,"height":204},{"@type":"BreadcrumbList","@id":"http:\/\/maismagazine.pt\/index.php\/2021\/11\/27\/catim-mais-de-tres-decadas-de-dedicacao-a-industria\/#breadcrumb","itemListElement":[{"@type":"ListItem","position":1,"name":"Home","item":"https:\/\/maismagazine.pt\/"},{"@type":"ListItem","position":2,"name":"CATIM- Mais de tr\u00eas d\u00e9cadas de dedica\u00e7\u00e3o \u00e0 ind\u00fastria"}]},{"@type":"WebSite","@id":"https:\/\/maismagazine.pt\/#website","url":"https:\/\/maismagazine.pt\/","name":"Mais Magazine","description":"","publisher":{"@id":"https:\/\/maismagazine.pt\/#organization"},"potentialAction":[{"@type":"SearchAction","target":{"@type":"EntryPoint","urlTemplate":"https:\/\/maismagazine.pt\/?s={search_term_string}"},"query-input":{"@type":"PropertyValueSpecification","valueRequired":true,"valueName":"search_term_string"}}],"inLanguage":"pt-PT"},{"@type":"Organization","@id":"https:\/\/maismagazine.pt\/#organization","name":"Mais Magazine","url":"https:\/\/maismagazine.pt\/","logo":{"@type":"ImageObject","inLanguage":"pt-PT","@id":"https:\/\/maismagazine.pt\/#\/schema\/logo\/image\/","url":"http:\/\/maismagazine.pt\/wp-content\/uploads\/2020\/04\/cropped-cropped-mais-magazine-site-logo-2.png","contentUrl":"http:\/\/maismagazine.pt\/wp-content\/uploads\/2020\/04\/cropped-cropped-mais-magazine-site-logo-2.png","width":581,"height":90,"caption":"Mais Magazine"},"image":{"@id":"https:\/\/maismagazine.pt\/#\/schema\/logo\/image\/"}},{"@type":"Person","@id":"https:\/\/maismagazine.pt\/#\/schema\/person\/999bd426f894ff56d397ec12ebd21ebb","name":"Jo\u00e3o Malainho","image":{"@type":"ImageObject","inLanguage":"pt-PT","@id":"https:\/\/maismagazine.pt\/#\/schema\/person\/image\/","url":"https:\/\/secure.gravatar.com\/avatar\/ff03c2f38edf60b2a827aa4f74878491?s=96&d=mm&r=g","contentUrl":"https:\/\/secure.gravatar.com\/avatar\/ff03c2f38edf60b2a827aa4f74878491?s=96&d=mm&r=g","caption":"Jo\u00e3o Malainho"},"url":"http:\/\/maismagazine.pt\/index.php\/author\/maismagazine\/"}]}},"author_meta":{"display_name":false,"author_link":"http:\/\/maismagazine.pt\/index.php\/author\/maismagazine\/"},"featured_img":"http:\/\/maismagazine.pt\/wp-content\/uploads\/2021\/11\/logo-catim-verde-c-designacao-300x148.jpg","coauthors":[],"tax_additional":{"categories":{"linked":["<a href=\"http:\/\/maismagazine.pt\/index.php\/category\/emaf\/\" class=\"advgb-post-tax-term\">EMAF<\/a>","<a href=\"http:\/\/maismagazine.pt\/index.php\/category\/empreendedorismo\/\" class=\"advgb-post-tax-term\">Empreendedorismo<\/a>","<a href=\"http:\/\/maismagazine.pt\/index.php\/category\/empreendedorismo\/tecnologia-e-inovacao\/\" class=\"advgb-post-tax-term\">Tecnologia e Inova\u00e7\u00e3o<\/a>"],"unlinked":["<span class=\"advgb-post-tax-term\">EMAF<\/span>","<span class=\"advgb-post-tax-term\">Empreendedorismo<\/span>","<span class=\"advgb-post-tax-term\">Tecnologia e Inova\u00e7\u00e3o<\/span>"]},"tags":{"linked":["<a href=\"http:\/\/maismagazine.pt\/index.php\/category\/empreendedorismo\/tecnologia-e-inovacao\/\" class=\"advgb-post-tax-term\">inova\u00e7\u00e3o<\/a>","<a href=\"http:\/\/maismagazine.pt\/index.php\/category\/empreendedorismo\/tecnologia-e-inovacao\/\" class=\"advgb-post-tax-term\">Institui\u00e7\u00e3o<\/a>"],"unlinked":["<span class=\"advgb-post-tax-term\">inova\u00e7\u00e3o<\/span>","<span class=\"advgb-post-tax-term\">Institui\u00e7\u00e3o<\/span>"]}},"comment_count":"0","relative_dates":{"created":"Posted 4 anos ago","modified":"Updated 4 anos ago"},"absolute_dates":{"created":"Posted on 27 de Novembro, 2021","modified":"Updated on 30 de Novembro, 2021"},"absolute_dates_time":{"created":"Posted on 27 de Novembro, 2021 7:00","modified":"Updated on 30 de Novembro, 2021 14:20"},"featured_img_caption":"","series_order":"","_links":{"self":[{"href":"http:\/\/maismagazine.pt\/index.php\/wp-json\/wp\/v2\/posts\/1858","targetHints":{"allow":["GET"]}}],"collection":[{"href":"http:\/\/maismagazine.pt\/index.php\/wp-json\/wp\/v2\/posts"}],"about":[{"href":"http:\/\/maismagazine.pt\/index.php\/wp-json\/wp\/v2\/types\/post"}],"author":[{"embeddable":true,"href":"http:\/\/maismagazine.pt\/index.php\/wp-json\/wp\/v2\/users\/7"}],"replies":[{"embeddable":true,"href":"http:\/\/maismagazine.pt\/index.php\/wp-json\/wp\/v2\/comments?post=1858"}],"version-history":[{"count":2,"href":"http:\/\/maismagazine.pt\/index.php\/wp-json\/wp\/v2\/posts\/1858\/revisions"}],"predecessor-version":[{"id":1861,"href":"http:\/\/maismagazine.pt\/index.php\/wp-json\/wp\/v2\/posts\/1858\/revisions\/1861"}],"wp:featuredmedia":[{"embeddable":true,"href":"http:\/\/maismagazine.pt\/index.php\/wp-json\/wp\/v2\/media\/1859"}],"wp:attachment":[{"href":"http:\/\/maismagazine.pt\/index.php\/wp-json\/wp\/v2\/media?parent=1858"}],"wp:term":[{"taxonomy":"category","embeddable":true,"href":"http:\/\/maismagazine.pt\/index.php\/wp-json\/wp\/v2\/categories?post=1858"},{"taxonomy":"post_tag","embeddable":true,"href":"http:\/\/maismagazine.pt\/index.php\/wp-json\/wp\/v2\/tags?post=1858"}],"curies":[{"name":"wp","href":"https:\/\/api.w.org\/{rel}","templated":true}]}}