{"id":1851,"date":"2021-11-27T07:00:00","date_gmt":"2021-11-27T07:00:00","guid":{"rendered":"https:\/\/maismagazine.pt\/?p=1851"},"modified":"2021-11-30T14:20:23","modified_gmt":"2021-11-30T14:20:23","slug":"a-borges-do-amaral-73-anos-de-experiencia-no-mercado-metalomecanico","status":"publish","type":"post","link":"http:\/\/maismagazine.pt\/index.php\/2021\/11\/27\/a-borges-do-amaral-73-anos-de-experiencia-no-mercado-metalomecanico\/","title":{"rendered":"A. Borges do Amaral- 73 anos de experi\u00eancia no mercado metalomec\u00e2nico"},"content":{"rendered":"\n<p><strong>Especialista no fornecimento de m\u00e1quinas e ferramentas para a ind\u00fastria em geral, a A. Borges do Amaral \u00e9 uma refer\u00eancia no mercado metalomec\u00e2nico nacional. Junto das melhores marcas mundiais e de uma equipa de colaboradores especializada, a empresa compromete-se a oferecer uma solu\u00e7\u00e3o integrada que conta com suporte t\u00e9cnico em todas as etapas. Andreia e Diana Amaral s\u00e3o os dois rostos por detr\u00e1s da empresa nortenha, que vai j\u00e1 na sua 3.\u00aa gera\u00e7\u00e3o.<\/strong><\/p>\n\n\n\n<p><\/p>\n\n\n\n<p>Fundada em 1948, a A. Borges do Amaral conta com mais de sete d\u00e9cadas de experi\u00eancia no mercado metalomec\u00e2nico. A <a href=\"https:\/\/aborgesdoamaral.pt\/a-empresa\/\" target=\"_blank\" rel=\"noreferrer noopener\">empresa <\/a>sediada em Matosinhos \u00e9 dirigida pelas irm\u00e3s Andreia e Diana Amaral, que participam na gest\u00e3o da empresa h\u00e1 aproximadamente 20 anos. Hoje, s\u00e3o elas que lideram uma equipa de sucesso, resultado de muita experi\u00eancia e de um importante legado, que diariamente procuram honrar, como respeito pelas pessoas, transpar\u00eancia nos neg\u00f3cios, integridade no mercado. Esses valores, aliados \u00e0 vasta gama de marcas e produtos que representam, conferem \u00e0 empresa notoriedade e reconhecimento por parte de pares, clientes e fornecedores internos e externos, sendo hoje reconhecida no mercado como um distinto exemplo de profissionalismo.<\/p>\n\n\n\n<p><\/p>\n\n\n\n<p>Especializada no fornecimento de m\u00e1quinas e ferramentas para a ind\u00fastria, a A. Borges do Amaral conta com as melhores marcas mundiais e com uma equipa de colaboradores especializada que, diariamente, refor\u00e7am a sua posi\u00e7\u00e3o de lideran\u00e7a no mercado metalomec\u00e2nico. Com parcerias fortes, que agregam valor, a empresa est\u00e1 hoje capacitada para prestar o melhor servi\u00e7o aos seus clientes, quer na obten\u00e7\u00e3o de credito, como na venda, instala\u00e7\u00e3o de equipamentos, forma\u00e7\u00e3o, ou acompanhamento p\u00f3s-venda.<br><\/p>\n\n\n\n<p><strong>Inova\u00e7\u00e3o \u00e9 a grande bandeira<\/strong><br>Na verdade, ir de encontro \u00e0s especificidades de cada cliente \u00e9 um dos principais compromissos da empresa, que faz da inova\u00e7\u00e3o a sua principal bandeira. Comprometida em apresentar ao mercado as melhores solu\u00e7\u00f5es e as t\u00e9cnicas mais inovadoras, a A. Borges do Amaral tem procurado dar a devida resposta aos principais desafios da ind\u00fastria 4.0, quer atrav\u00e9s do acompanhamento dos gabinetes de I&amp;D (pesquisa e desenvolvimento) dos seus parceiros, quer atrav\u00e9s da cria\u00e7\u00e3o de protocolos na \u00e1rea digital, rob\u00f3tica e afins. Sendo a EMAF \u2013 Feira Internacional de M\u00e1quinas, Equipamentos e Servi\u00e7os para a Ind\u00fastria um dos principais eventos dedicados \u00e0 inova\u00e7\u00e3o no setor industrial, a A. Borges do Amaral n\u00e3o poderia deixar e marcar presen\u00e7a e apresentar ao mercado algumas das suas mais recentes inova\u00e7\u00f5es. Assim, quem visitar o stand da empresa poder\u00e1 ficar a conhecer, entre outros produtos, a fresa Mill 4-12, da Kennametal. Com um design patenteado, esta fresa requer menos 15 por cento de pot\u00eancia, com maiores e melhores taxas de alimenta\u00e7\u00e3o e acabamento. Em destaque estar\u00e1 tamb\u00e9m a s\u00e9rie KOR, projetada para fresagem din\u00e2mica com baixo engajamento radial e comprimento de corte total, esta s\u00e9rie maximiza os recursos de m\u00e1quinas de cinco eixos com o uso do software CAM. A n\u00edvel de CNC, a Pinnacle apresenta a m\u00e1quina BX700TD, que al\u00e9m de trabalhar em 5 eixos, tem o motor do 4\u00ba eixo com uma rota\u00e7\u00e3o de 2000 rpm para trabalhar em torneamento. Desengane-se quem pensa que as novidades ficam por aqui. A A. Borges do Amaral tem ainda prevista a apresenta\u00e7\u00e3o ao mercado de uma grande novidade na marca\u00e7\u00e3o laser Pryor. Por isso, o melhor mesmo \u00e9 rumar at\u00e9 \u00e0 Exponor, de 1 a 4 de dezembro, e conhecer de perto o que a empresa tem de melhor para oferecer.<\/p>\n","protected":false},"excerpt":{"rendered":"<p>Especialista no fornecimento de m\u00e1quinas e ferramentas para a ind\u00fastria em geral, a A. Borges do Amaral \u00e9 uma refer\u00eancia no mercado metalomec\u00e2nico nacional. Junto das melhores marcas mundiais e de uma equipa de colaboradores especializada, a empresa compromete-se a oferecer uma solu\u00e7\u00e3o integrada que conta com suporte t\u00e9cnico em&hellip;<\/p>\n","protected":false},"author":7,"featured_media":1852,"comment_status":"open","ping_status":"open","sticky":false,"template":"","format":"standard","meta":{"advgb_blocks_editor_width":"","advgb_blocks_columns_visual_guide":"","_monsterinsights_skip_tracking":false,"_monsterinsights_sitenote_active":false,"_monsterinsights_sitenote_note":"","_monsterinsights_sitenote_category":0,"footnotes":""},"categories":[154,6,79],"tags":[189,102,188,186],"class_list":["post-1851","post","type-post","status-publish","format-standard","has-post-thumbnail","hentry","category-emaf","category-empreendedorismo","category-tecnologia-e-inovacao","tag-ferramentas","tag-inovacao","tag-maquinas","tag-metalomecanica"],"yoast_head":"<!-- This site is optimized with the Yoast SEO plugin v24.4 - https:\/\/yoast.com\/wordpress\/plugins\/seo\/ -->\n<title>A. Borges do Amaral- 73 anos de experi\u00eancia no mercado metalomec\u00e2nico - Mais Magazine<\/title>\n<meta name=\"description\" content=\"Especialista no fornecimento de m\u00e1quinas e ferramentas para a ind\u00fastria, a A. Borges do Amaral \u00e9 uma refer\u00eancia no mercado metalomec\u00e2nico.\" \/>\n<meta name=\"robots\" content=\"index, follow, max-snippet:-1, max-image-preview:large, max-video-preview:-1\" \/>\n<link rel=\"canonical\" href=\"https:\/\/maismagazine.pt\/index.php\/2021\/11\/27\/a-borges-do-amaral-73-anos-de-experiencia-no-mercado-metalomecanico\/\" \/>\n<meta property=\"og:locale\" content=\"pt_PT\" \/>\n<meta property=\"og:type\" content=\"article\" \/>\n<meta property=\"og:title\" content=\"A. Borges do Amaral- 73 anos de experi\u00eancia no mercado metalomec\u00e2nico - Mais Magazine\" \/>\n<meta property=\"og:description\" content=\"Especialista no fornecimento de m\u00e1quinas e ferramentas para a ind\u00fastria, a A. Borges do Amaral \u00e9 uma refer\u00eancia no mercado metalomec\u00e2nico.\" \/>\n<meta property=\"og:url\" content=\"https:\/\/maismagazine.pt\/index.php\/2021\/11\/27\/a-borges-do-amaral-73-anos-de-experiencia-no-mercado-metalomecanico\/\" \/>\n<meta property=\"og:site_name\" content=\"Mais Magazine\" \/>\n<meta property=\"article:published_time\" content=\"2021-11-27T07:00:00+00:00\" \/>\n<meta property=\"article:modified_time\" content=\"2021-11-30T14:20:23+00:00\" \/>\n<meta property=\"og:image\" content=\"https:\/\/maismagazine.pt\/wp-content\/uploads\/2021\/11\/PHOTO-2021-11-05-15-37-55_b.jpg\" \/>\n\t<meta property=\"og:image:width\" content=\"1383\" \/>\n\t<meta property=\"og:image:height\" content=\"2001\" \/>\n\t<meta property=\"og:image:type\" content=\"image\/jpeg\" \/>\n<meta name=\"author\" content=\"Jo\u00e3o Malainho\" \/>\n<meta name=\"twitter:card\" content=\"summary_large_image\" \/>\n<meta name=\"twitter:label1\" content=\"Escrito por\" \/>\n\t<meta name=\"twitter:data1\" content=\"\" \/>\n\t<meta name=\"twitter:label2\" content=\"Tempo estimado de leitura\" \/>\n\t<meta name=\"twitter:data2\" content=\"3 minutos\" \/>\n<script type=\"application\/ld+json\" class=\"yoast-schema-graph\">{\"@context\":\"https:\/\/schema.org\",\"@graph\":[{\"@type\":\"Article\",\"@id\":\"https:\/\/maismagazine.pt\/index.php\/2021\/11\/27\/a-borges-do-amaral-73-anos-de-experiencia-no-mercado-metalomecanico\/#article\",\"isPartOf\":{\"@id\":\"https:\/\/maismagazine.pt\/index.php\/2021\/11\/27\/a-borges-do-amaral-73-anos-de-experiencia-no-mercado-metalomecanico\/\"},\"author\":{\"name\":\"Jo\u00e3o Malainho\",\"@id\":\"http:\/\/maismagazine.pt\/#\/schema\/person\/999bd426f894ff56d397ec12ebd21ebb\"},\"headline\":\"A. Borges do Amaral- 73 anos de experi\u00eancia no mercado metalomec\u00e2nico\",\"datePublished\":\"2021-11-27T07:00:00+00:00\",\"dateModified\":\"2021-11-30T14:20:23+00:00\",\"mainEntityOfPage\":{\"@id\":\"https:\/\/maismagazine.pt\/index.php\/2021\/11\/27\/a-borges-do-amaral-73-anos-de-experiencia-no-mercado-metalomecanico\/\"},\"wordCount\":612,\"commentCount\":0,\"publisher\":{\"@id\":\"http:\/\/maismagazine.pt\/#organization\"},\"image\":{\"@id\":\"https:\/\/maismagazine.pt\/index.php\/2021\/11\/27\/a-borges-do-amaral-73-anos-de-experiencia-no-mercado-metalomecanico\/#primaryimage\"},\"thumbnailUrl\":\"http:\/\/maismagazine.pt\/wp-content\/uploads\/2021\/11\/PHOTO-2021-11-05-15-37-55_b.jpg\",\"keywords\":[\"Ferramentas\",\"inova\u00e7\u00e3o\",\"M\u00e1quinas\",\"Metalomec\u00e2nica\"],\"articleSection\":[\"EMAF\",\"Empreendedorismo\",\"Tecnologia e Inova\u00e7\u00e3o\"],\"inLanguage\":\"pt-PT\",\"potentialAction\":[{\"@type\":\"CommentAction\",\"name\":\"Comment\",\"target\":[\"https:\/\/maismagazine.pt\/index.php\/2021\/11\/27\/a-borges-do-amaral-73-anos-de-experiencia-no-mercado-metalomecanico\/#respond\"]}]},{\"@type\":\"WebPage\",\"@id\":\"https:\/\/maismagazine.pt\/index.php\/2021\/11\/27\/a-borges-do-amaral-73-anos-de-experiencia-no-mercado-metalomecanico\/\",\"url\":\"https:\/\/maismagazine.pt\/index.php\/2021\/11\/27\/a-borges-do-amaral-73-anos-de-experiencia-no-mercado-metalomecanico\/\",\"name\":\"A. Borges do Amaral- 73 anos de experi\u00eancia no mercado metalomec\u00e2nico - Mais Magazine\",\"isPartOf\":{\"@id\":\"http:\/\/maismagazine.pt\/#website\"},\"primaryImageOfPage\":{\"@id\":\"https:\/\/maismagazine.pt\/index.php\/2021\/11\/27\/a-borges-do-amaral-73-anos-de-experiencia-no-mercado-metalomecanico\/#primaryimage\"},\"image\":{\"@id\":\"https:\/\/maismagazine.pt\/index.php\/2021\/11\/27\/a-borges-do-amaral-73-anos-de-experiencia-no-mercado-metalomecanico\/#primaryimage\"},\"thumbnailUrl\":\"http:\/\/maismagazine.pt\/wp-content\/uploads\/2021\/11\/PHOTO-2021-11-05-15-37-55_b.jpg\",\"datePublished\":\"2021-11-27T07:00:00+00:00\",\"dateModified\":\"2021-11-30T14:20:23+00:00\",\"description\":\"Especialista no fornecimento de m\u00e1quinas e ferramentas para a ind\u00fastria, a A. Borges do Amaral \u00e9 uma refer\u00eancia no mercado metalomec\u00e2nico.\",\"breadcrumb\":{\"@id\":\"https:\/\/maismagazine.pt\/index.php\/2021\/11\/27\/a-borges-do-amaral-73-anos-de-experiencia-no-mercado-metalomecanico\/#breadcrumb\"},\"inLanguage\":\"pt-PT\",\"potentialAction\":[{\"@type\":\"ReadAction\",\"target\":[\"https:\/\/maismagazine.pt\/index.php\/2021\/11\/27\/a-borges-do-amaral-73-anos-de-experiencia-no-mercado-metalomecanico\/\"]}]},{\"@type\":\"ImageObject\",\"inLanguage\":\"pt-PT\",\"@id\":\"https:\/\/maismagazine.pt\/index.php\/2021\/11\/27\/a-borges-do-amaral-73-anos-de-experiencia-no-mercado-metalomecanico\/#primaryimage\",\"url\":\"http:\/\/maismagazine.pt\/wp-content\/uploads\/2021\/11\/PHOTO-2021-11-05-15-37-55_b.jpg\",\"contentUrl\":\"http:\/\/maismagazine.pt\/wp-content\/uploads\/2021\/11\/PHOTO-2021-11-05-15-37-55_b.jpg\",\"width\":1383,\"height\":2001},{\"@type\":\"BreadcrumbList\",\"@id\":\"https:\/\/maismagazine.pt\/index.php\/2021\/11\/27\/a-borges-do-amaral-73-anos-de-experiencia-no-mercado-metalomecanico\/#breadcrumb\",\"itemListElement\":[{\"@type\":\"ListItem\",\"position\":1,\"name\":\"Home\",\"item\":\"http:\/\/maismagazine.pt\/\"},{\"@type\":\"ListItem\",\"position\":2,\"name\":\"A. Borges do Amaral- 73 anos de experi\u00eancia no mercado metalomec\u00e2nico\"}]},{\"@type\":\"WebSite\",\"@id\":\"http:\/\/maismagazine.pt\/#website\",\"url\":\"http:\/\/maismagazine.pt\/\",\"name\":\"Mais Magazine\",\"description\":\"\",\"publisher\":{\"@id\":\"http:\/\/maismagazine.pt\/#organization\"},\"potentialAction\":[{\"@type\":\"SearchAction\",\"target\":{\"@type\":\"EntryPoint\",\"urlTemplate\":\"http:\/\/maismagazine.pt\/?s={search_term_string}\"},\"query-input\":{\"@type\":\"PropertyValueSpecification\",\"valueRequired\":true,\"valueName\":\"search_term_string\"}}],\"inLanguage\":\"pt-PT\"},{\"@type\":\"Organization\",\"@id\":\"http:\/\/maismagazine.pt\/#organization\",\"name\":\"Mais Magazine\",\"url\":\"http:\/\/maismagazine.pt\/\",\"logo\":{\"@type\":\"ImageObject\",\"inLanguage\":\"pt-PT\",\"@id\":\"http:\/\/maismagazine.pt\/#\/schema\/logo\/image\/\",\"url\":\"http:\/\/maismagazine.pt\/wp-content\/uploads\/2020\/04\/cropped-cropped-mais-magazine-site-logo-2.png\",\"contentUrl\":\"http:\/\/maismagazine.pt\/wp-content\/uploads\/2020\/04\/cropped-cropped-mais-magazine-site-logo-2.png\",\"width\":581,\"height\":90,\"caption\":\"Mais Magazine\"},\"image\":{\"@id\":\"http:\/\/maismagazine.pt\/#\/schema\/logo\/image\/\"}},{\"@type\":\"Person\",\"@id\":\"http:\/\/maismagazine.pt\/#\/schema\/person\/999bd426f894ff56d397ec12ebd21ebb\",\"name\":\"Jo\u00e3o Malainho\",\"image\":{\"@type\":\"ImageObject\",\"inLanguage\":\"pt-PT\",\"@id\":\"http:\/\/maismagazine.pt\/#\/schema\/person\/image\/\",\"url\":\"https:\/\/secure.gravatar.com\/avatar\/ff03c2f38edf60b2a827aa4f74878491?s=96&d=mm&r=g\",\"contentUrl\":\"https:\/\/secure.gravatar.com\/avatar\/ff03c2f38edf60b2a827aa4f74878491?s=96&d=mm&r=g\",\"caption\":\"Jo\u00e3o Malainho\"},\"url\":\"http:\/\/maismagazine.pt\/index.php\/author\/maismagazine\/\"}]}<\/script>\n<!-- \/ Yoast SEO plugin. -->","yoast_head_json":{"title":"A. Borges do Amaral- 73 anos de experi\u00eancia no mercado metalomec\u00e2nico - Mais Magazine","description":"Especialista no fornecimento de m\u00e1quinas e ferramentas para a ind\u00fastria, a A. Borges do Amaral \u00e9 uma refer\u00eancia no mercado metalomec\u00e2nico.","robots":{"index":"index","follow":"follow","max-snippet":"max-snippet:-1","max-image-preview":"max-image-preview:large","max-video-preview":"max-video-preview:-1"},"canonical":"https:\/\/maismagazine.pt\/index.php\/2021\/11\/27\/a-borges-do-amaral-73-anos-de-experiencia-no-mercado-metalomecanico\/","og_locale":"pt_PT","og_type":"article","og_title":"A. Borges do Amaral- 73 anos de experi\u00eancia no mercado metalomec\u00e2nico - Mais Magazine","og_description":"Especialista no fornecimento de m\u00e1quinas e ferramentas para a ind\u00fastria, a A. Borges do Amaral \u00e9 uma refer\u00eancia no mercado metalomec\u00e2nico.","og_url":"https:\/\/maismagazine.pt\/index.php\/2021\/11\/27\/a-borges-do-amaral-73-anos-de-experiencia-no-mercado-metalomecanico\/","og_site_name":"Mais Magazine","article_published_time":"2021-11-27T07:00:00+00:00","article_modified_time":"2021-11-30T14:20:23+00:00","og_image":[{"width":1383,"height":2001,"url":"https:\/\/maismagazine.pt\/wp-content\/uploads\/2021\/11\/PHOTO-2021-11-05-15-37-55_b.jpg","type":"image\/jpeg"}],"author":"Jo\u00e3o Malainho","twitter_card":"summary_large_image","twitter_misc":{"Escrito por":false,"Tempo estimado de leitura":"3 minutos"},"schema":{"@context":"https:\/\/schema.org","@graph":[{"@type":"Article","@id":"https:\/\/maismagazine.pt\/index.php\/2021\/11\/27\/a-borges-do-amaral-73-anos-de-experiencia-no-mercado-metalomecanico\/#article","isPartOf":{"@id":"https:\/\/maismagazine.pt\/index.php\/2021\/11\/27\/a-borges-do-amaral-73-anos-de-experiencia-no-mercado-metalomecanico\/"},"author":{"name":"Jo\u00e3o Malainho","@id":"http:\/\/maismagazine.pt\/#\/schema\/person\/999bd426f894ff56d397ec12ebd21ebb"},"headline":"A. Borges do Amaral- 73 anos de experi\u00eancia no mercado metalomec\u00e2nico","datePublished":"2021-11-27T07:00:00+00:00","dateModified":"2021-11-30T14:20:23+00:00","mainEntityOfPage":{"@id":"https:\/\/maismagazine.pt\/index.php\/2021\/11\/27\/a-borges-do-amaral-73-anos-de-experiencia-no-mercado-metalomecanico\/"},"wordCount":612,"commentCount":0,"publisher":{"@id":"http:\/\/maismagazine.pt\/#organization"},"image":{"@id":"https:\/\/maismagazine.pt\/index.php\/2021\/11\/27\/a-borges-do-amaral-73-anos-de-experiencia-no-mercado-metalomecanico\/#primaryimage"},"thumbnailUrl":"http:\/\/maismagazine.pt\/wp-content\/uploads\/2021\/11\/PHOTO-2021-11-05-15-37-55_b.jpg","keywords":["Ferramentas","inova\u00e7\u00e3o","M\u00e1quinas","Metalomec\u00e2nica"],"articleSection":["EMAF","Empreendedorismo","Tecnologia e Inova\u00e7\u00e3o"],"inLanguage":"pt-PT","potentialAction":[{"@type":"CommentAction","name":"Comment","target":["https:\/\/maismagazine.pt\/index.php\/2021\/11\/27\/a-borges-do-amaral-73-anos-de-experiencia-no-mercado-metalomecanico\/#respond"]}]},{"@type":"WebPage","@id":"https:\/\/maismagazine.pt\/index.php\/2021\/11\/27\/a-borges-do-amaral-73-anos-de-experiencia-no-mercado-metalomecanico\/","url":"https:\/\/maismagazine.pt\/index.php\/2021\/11\/27\/a-borges-do-amaral-73-anos-de-experiencia-no-mercado-metalomecanico\/","name":"A. Borges do Amaral- 73 anos de experi\u00eancia no mercado metalomec\u00e2nico - Mais Magazine","isPartOf":{"@id":"http:\/\/maismagazine.pt\/#website"},"primaryImageOfPage":{"@id":"https:\/\/maismagazine.pt\/index.php\/2021\/11\/27\/a-borges-do-amaral-73-anos-de-experiencia-no-mercado-metalomecanico\/#primaryimage"},"image":{"@id":"https:\/\/maismagazine.pt\/index.php\/2021\/11\/27\/a-borges-do-amaral-73-anos-de-experiencia-no-mercado-metalomecanico\/#primaryimage"},"thumbnailUrl":"http:\/\/maismagazine.pt\/wp-content\/uploads\/2021\/11\/PHOTO-2021-11-05-15-37-55_b.jpg","datePublished":"2021-11-27T07:00:00+00:00","dateModified":"2021-11-30T14:20:23+00:00","description":"Especialista no fornecimento de m\u00e1quinas e ferramentas para a ind\u00fastria, a A. Borges do Amaral \u00e9 uma refer\u00eancia no mercado metalomec\u00e2nico.","breadcrumb":{"@id":"https:\/\/maismagazine.pt\/index.php\/2021\/11\/27\/a-borges-do-amaral-73-anos-de-experiencia-no-mercado-metalomecanico\/#breadcrumb"},"inLanguage":"pt-PT","potentialAction":[{"@type":"ReadAction","target":["https:\/\/maismagazine.pt\/index.php\/2021\/11\/27\/a-borges-do-amaral-73-anos-de-experiencia-no-mercado-metalomecanico\/"]}]},{"@type":"ImageObject","inLanguage":"pt-PT","@id":"https:\/\/maismagazine.pt\/index.php\/2021\/11\/27\/a-borges-do-amaral-73-anos-de-experiencia-no-mercado-metalomecanico\/#primaryimage","url":"http:\/\/maismagazine.pt\/wp-content\/uploads\/2021\/11\/PHOTO-2021-11-05-15-37-55_b.jpg","contentUrl":"http:\/\/maismagazine.pt\/wp-content\/uploads\/2021\/11\/PHOTO-2021-11-05-15-37-55_b.jpg","width":1383,"height":2001},{"@type":"BreadcrumbList","@id":"https:\/\/maismagazine.pt\/index.php\/2021\/11\/27\/a-borges-do-amaral-73-anos-de-experiencia-no-mercado-metalomecanico\/#breadcrumb","itemListElement":[{"@type":"ListItem","position":1,"name":"Home","item":"http:\/\/maismagazine.pt\/"},{"@type":"ListItem","position":2,"name":"A. Borges do Amaral- 73 anos de experi\u00eancia no mercado metalomec\u00e2nico"}]},{"@type":"WebSite","@id":"http:\/\/maismagazine.pt\/#website","url":"http:\/\/maismagazine.pt\/","name":"Mais Magazine","description":"","publisher":{"@id":"http:\/\/maismagazine.pt\/#organization"},"potentialAction":[{"@type":"SearchAction","target":{"@type":"EntryPoint","urlTemplate":"http:\/\/maismagazine.pt\/?s={search_term_string}"},"query-input":{"@type":"PropertyValueSpecification","valueRequired":true,"valueName":"search_term_string"}}],"inLanguage":"pt-PT"},{"@type":"Organization","@id":"http:\/\/maismagazine.pt\/#organization","name":"Mais Magazine","url":"http:\/\/maismagazine.pt\/","logo":{"@type":"ImageObject","inLanguage":"pt-PT","@id":"http:\/\/maismagazine.pt\/#\/schema\/logo\/image\/","url":"http:\/\/maismagazine.pt\/wp-content\/uploads\/2020\/04\/cropped-cropped-mais-magazine-site-logo-2.png","contentUrl":"http:\/\/maismagazine.pt\/wp-content\/uploads\/2020\/04\/cropped-cropped-mais-magazine-site-logo-2.png","width":581,"height":90,"caption":"Mais Magazine"},"image":{"@id":"http:\/\/maismagazine.pt\/#\/schema\/logo\/image\/"}},{"@type":"Person","@id":"http:\/\/maismagazine.pt\/#\/schema\/person\/999bd426f894ff56d397ec12ebd21ebb","name":"Jo\u00e3o Malainho","image":{"@type":"ImageObject","inLanguage":"pt-PT","@id":"http:\/\/maismagazine.pt\/#\/schema\/person\/image\/","url":"https:\/\/secure.gravatar.com\/avatar\/ff03c2f38edf60b2a827aa4f74878491?s=96&d=mm&r=g","contentUrl":"https:\/\/secure.gravatar.com\/avatar\/ff03c2f38edf60b2a827aa4f74878491?s=96&d=mm&r=g","caption":"Jo\u00e3o Malainho"},"url":"http:\/\/maismagazine.pt\/index.php\/author\/maismagazine\/"}]}},"author_meta":{"display_name":false,"author_link":"http:\/\/maismagazine.pt\/index.php\/author\/maismagazine\/"},"featured_img":"http:\/\/maismagazine.pt\/wp-content\/uploads\/2021\/11\/PHOTO-2021-11-05-15-37-55_b-207x300.jpg","coauthors":[],"tax_additional":{"categories":{"linked":["<a href=\"http:\/\/maismagazine.pt\/index.php\/category\/emaf\/\" class=\"advgb-post-tax-term\">EMAF<\/a>","<a href=\"http:\/\/maismagazine.pt\/index.php\/category\/empreendedorismo\/\" class=\"advgb-post-tax-term\">Empreendedorismo<\/a>","<a href=\"http:\/\/maismagazine.pt\/index.php\/category\/empreendedorismo\/tecnologia-e-inovacao\/\" class=\"advgb-post-tax-term\">Tecnologia e Inova\u00e7\u00e3o<\/a>"],"unlinked":["<span class=\"advgb-post-tax-term\">EMAF<\/span>","<span class=\"advgb-post-tax-term\">Empreendedorismo<\/span>","<span class=\"advgb-post-tax-term\">Tecnologia e Inova\u00e7\u00e3o<\/span>"]},"tags":{"linked":["<a href=\"http:\/\/maismagazine.pt\/index.php\/category\/empreendedorismo\/tecnologia-e-inovacao\/\" class=\"advgb-post-tax-term\">Ferramentas<\/a>","<a href=\"http:\/\/maismagazine.pt\/index.php\/category\/empreendedorismo\/tecnologia-e-inovacao\/\" class=\"advgb-post-tax-term\">inova\u00e7\u00e3o<\/a>","<a href=\"http:\/\/maismagazine.pt\/index.php\/category\/empreendedorismo\/tecnologia-e-inovacao\/\" class=\"advgb-post-tax-term\">M\u00e1quinas<\/a>","<a href=\"http:\/\/maismagazine.pt\/index.php\/category\/empreendedorismo\/tecnologia-e-inovacao\/\" class=\"advgb-post-tax-term\">Metalomec\u00e2nica<\/a>"],"unlinked":["<span class=\"advgb-post-tax-term\">Ferramentas<\/span>","<span class=\"advgb-post-tax-term\">inova\u00e7\u00e3o<\/span>","<span class=\"advgb-post-tax-term\">M\u00e1quinas<\/span>","<span class=\"advgb-post-tax-term\">Metalomec\u00e2nica<\/span>"]}},"comment_count":"0","relative_dates":{"created":"Posted 4 anos ago","modified":"Updated 4 anos ago"},"absolute_dates":{"created":"Posted on 27 de Novembro, 2021","modified":"Updated on 30 de Novembro, 2021"},"absolute_dates_time":{"created":"Posted on 27 de Novembro, 2021 7:00","modified":"Updated on 30 de Novembro, 2021 14:20"},"featured_img_caption":"","series_order":"","_links":{"self":[{"href":"http:\/\/maismagazine.pt\/index.php\/wp-json\/wp\/v2\/posts\/1851","targetHints":{"allow":["GET"]}}],"collection":[{"href":"http:\/\/maismagazine.pt\/index.php\/wp-json\/wp\/v2\/posts"}],"about":[{"href":"http:\/\/maismagazine.pt\/index.php\/wp-json\/wp\/v2\/types\/post"}],"author":[{"embeddable":true,"href":"http:\/\/maismagazine.pt\/index.php\/wp-json\/wp\/v2\/users\/7"}],"replies":[{"embeddable":true,"href":"http:\/\/maismagazine.pt\/index.php\/wp-json\/wp\/v2\/comments?post=1851"}],"version-history":[{"count":1,"href":"http:\/\/maismagazine.pt\/index.php\/wp-json\/wp\/v2\/posts\/1851\/revisions"}],"predecessor-version":[{"id":1853,"href":"http:\/\/maismagazine.pt\/index.php\/wp-json\/wp\/v2\/posts\/1851\/revisions\/1853"}],"wp:featuredmedia":[{"embeddable":true,"href":"http:\/\/maismagazine.pt\/index.php\/wp-json\/wp\/v2\/media\/1852"}],"wp:attachment":[{"href":"http:\/\/maismagazine.pt\/index.php\/wp-json\/wp\/v2\/media?parent=1851"}],"wp:term":[{"taxonomy":"category","embeddable":true,"href":"http:\/\/maismagazine.pt\/index.php\/wp-json\/wp\/v2\/categories?post=1851"},{"taxonomy":"post_tag","embeddable":true,"href":"http:\/\/maismagazine.pt\/index.php\/wp-json\/wp\/v2\/tags?post=1851"}],"curies":[{"name":"wp","href":"https:\/\/api.w.org\/{rel}","templated":true}]}}