{"id":1770,"date":"2021-11-27T07:00:00","date_gmt":"2021-11-27T07:00:00","guid":{"rendered":"https:\/\/maismagazine.pt\/?p=1770"},"modified":"2021-11-30T14:22:14","modified_gmt":"2021-11-30T14:22:14","slug":"ameno-inovacao-em-climatizacao","status":"publish","type":"post","link":"http:\/\/maismagazine.pt\/index.php\/2021\/11\/27\/ameno-inovacao-em-climatizacao\/","title":{"rendered":"Ameno: Inova\u00e7\u00e3o em climatiza\u00e7\u00e3o"},"content":{"rendered":"\n<p><strong>Comercializar produtos e servi\u00e7os de climatiza\u00e7\u00e3o e controlo de humidade energeticamente mais eficientes e amigos do ambiente \u00e9 um dos principais prop\u00f3sitos da Ameno. Presente no mercado nacional h\u00e1 15 anos, a <a href=\"https:\/\/www.ameno.pt\/?ppc_keyword=&amp;gclid=EAIaIQobChMI8ILvqsax9AIVjJBoCR0-MQqPEAAYASAAEgJjQfD_BwE#top\" target=\"_blank\" rel=\"noreferrer noopener\">empresa<\/a> do Barreiro pretende ser uma refer\u00eancia em Portugal na climatiza\u00e7\u00e3o e controlo de humidade de equipamentos alternativos ao ar condicionado, como explica, em entrevista, Nuno Couceiro, CEO da Ameno.<\/strong><\/p>\n\n\n\n<p><\/p>\n\n\n\n<p>Com mais de 15 anos de experi\u00eancia no mercado nacional, a Ameno dedica-se ao aluguer e venda de equipamentos de climatiza\u00e7\u00e3o e controlo de humidade, alternativos ao ar condicionado, sendo hoje a empresa de refer\u00eancia no mercado neste tipo de solu\u00e7\u00f5es. \u201cNa Ameno procuramos sempre solu\u00e7\u00f5es inovadoras n\u00e3o s\u00f3 ao n\u00edvel dos produtos, mas tamb\u00e9m na forma como os disponibilizamos ao<br>mercado\u201d, come\u00e7a por esclarecer Nuno Couceiro. Capaz de oferecer ao mercado equipamentos que permitem climatizar todos os espa\u00e7os de forma eficiente e econ\u00f3mica, inclusive espa\u00e7os outdoor, as solu\u00e7\u00f5es Ameno diferenciam-se das tradicionais solu\u00e7\u00f5es de AVAC. Para al\u00e9m disso, atrav\u00e9s de um sistema de aluguer, que permite aos clientes experimentar as mais recentes tecnologias, sem necessidade de fazer investimentos elevados, a empresa consegue, simultaneamente, dar resposta \u00e0s especificidades de cada cliente.<br><\/p>\n\n\n\n<p>Presentemente, a Ameno oferece seis linhas de produtos para controlar a temperatura, seja qual for o lugar. Com caracter\u00edsticas diferenciadoras, os equipamentos de climatiza\u00e7\u00e3o da Ameno apenas utilizam eletricidade e \u00e1gua, funcionando com princ\u00edpios adiab\u00e1ticos e evaporativos para reduzir a temperatura, o que permite uma redu\u00e7\u00e3o de cerca de 80 por cento do consumo energ\u00e9tico. Para al\u00e9m disso, os equipamentos de controlo de humidade tamb\u00e9m utilizam apenas eletricidade e \u00e1gua e v\u00eam responder a uma necessidade crescente da ind\u00fastria de manter a humidade dentro dos par\u00e2metros \u00f3timos para a sua produ\u00e7\u00e3o. Al\u00e9m do mais, s\u00e3o eficientes em todas as condi\u00e7\u00f5es de opera\u00e7\u00e3o, inclusive com temperaturas negativas, onde os equipamentos tradicionais n\u00e3o obt\u00eam resultados satisfat\u00f3rios.<br><\/p>\n\n\n\n<p><strong>Duas novas linhas em destaque<\/strong><br>Para a <a href=\"https:\/\/maismagazine.pt\/index.php\/category\/emaf\/\" target=\"_blank\" rel=\"noreferrer noopener\">EMAF<\/a> \u2013 Feira Internacional de M\u00e1quinas, Equipamentos e Servi\u00e7os para a Ind\u00fastria, a Ameno tem reservada a apresenta\u00e7\u00e3o de duas novas linhas de produtos, que v\u00eam complementar a oferta da empresa ao mercado. Quem visite o stand da Ameno, poder\u00e1 ficar a conhecer em pormenor a nova linha DRY composta por desumidificadores que funcionam por absor\u00e7\u00e3o, extremamente eficientes em ambientes frios e h\u00famidos, o que os torna excelentes para o inverno, mas tamb\u00e9m para zonas de congelados. A outra grande novidade \u00e9 a linha Heater. Composta por termoventiladores industriais de grande caudal, ideais para aquecer grandes \u00e1reas indoor, esta nova linha aposta em equipamentos port\u00e1teis, de instala\u00e7\u00e3o livre e de f\u00e1cil transporte.<br><\/p>\n\n\n\n<p>Com duas novas linhas de produto, a abertura de escrit\u00f3rio no Porto e o aumento da frota de aluguer, que neste momento j\u00e1 ultrapassa os 500 equipamentos, a Ameno est\u00e1 preparada para continuar a sua estrat\u00e9gia de crescimento e de divulga\u00e7\u00e3o das solu\u00e7\u00f5es mais inovadoras de climatiza\u00e7\u00e3o.<\/p>\n","protected":false},"excerpt":{"rendered":"<p>Comercializar produtos e servi\u00e7os de climatiza\u00e7\u00e3o e controlo de humidade energeticamente mais eficientes e amigos do ambiente \u00e9 um dos principais prop\u00f3sitos da Ameno. Presente no mercado nacional h\u00e1 15 anos, a empresa do Barreiro pretende ser uma refer\u00eancia em Portugal na climatiza\u00e7\u00e3o e controlo de humidade de equipamentos alternativos&hellip;<\/p>\n","protected":false},"author":7,"featured_media":1771,"comment_status":"open","ping_status":"open","sticky":false,"template":"","format":"standard","meta":{"advgb_blocks_editor_width":"","advgb_blocks_columns_visual_guide":"","_monsterinsights_skip_tracking":false,"_monsterinsights_sitenote_active":false,"_monsterinsights_sitenote_note":"","_monsterinsights_sitenote_category":0,"footnotes":""},"categories":[154,6,79],"tags":[201,202],"class_list":["post-1770","post","type-post","status-publish","format-standard","has-post-thumbnail","hentry","category-emaf","category-empreendedorismo","category-tecnologia-e-inovacao","tag-produtos-de-climatizacao","tag-servicos-de-climatizacao"],"yoast_head":"<!-- This site is optimized with the Yoast SEO plugin v24.4 - https:\/\/yoast.com\/wordpress\/plugins\/seo\/ -->\n<title>Ameno: Inova\u00e7\u00e3o em climatiza\u00e7\u00e3o - Mais Magazine<\/title>\n<meta name=\"description\" content=\"Comercializar produtos e servi\u00e7os de climatiza\u00e7\u00e3o e controlo de humidade energeticamente mais eficientes e amigos do ambiente.\" \/>\n<meta name=\"robots\" content=\"index, follow, max-snippet:-1, max-image-preview:large, max-video-preview:-1\" \/>\n<link rel=\"canonical\" href=\"https:\/\/maismagazine.pt\/index.php\/2021\/11\/27\/ameno-inovacao-em-climatizacao\/\" \/>\n<meta property=\"og:locale\" content=\"pt_PT\" \/>\n<meta property=\"og:type\" content=\"article\" \/>\n<meta property=\"og:title\" content=\"Ameno: Inova\u00e7\u00e3o em climatiza\u00e7\u00e3o - Mais Magazine\" \/>\n<meta property=\"og:description\" content=\"Comercializar produtos e servi\u00e7os de climatiza\u00e7\u00e3o e controlo de humidade energeticamente mais eficientes e amigos do ambiente.\" \/>\n<meta property=\"og:url\" content=\"https:\/\/maismagazine.pt\/index.php\/2021\/11\/27\/ameno-inovacao-em-climatizacao\/\" \/>\n<meta property=\"og:site_name\" content=\"Mais Magazine\" \/>\n<meta property=\"article:published_time\" content=\"2021-11-27T07:00:00+00:00\" \/>\n<meta property=\"article:modified_time\" content=\"2021-11-30T14:22:14+00:00\" \/>\n<meta property=\"og:image\" content=\"https:\/\/maismagazine.pt\/wp-content\/uploads\/2021\/11\/Logo_slogan.jpg\" \/>\n\t<meta property=\"og:image:width\" content=\"527\" \/>\n\t<meta property=\"og:image:height\" content=\"253\" \/>\n\t<meta property=\"og:image:type\" content=\"image\/jpeg\" \/>\n<meta name=\"author\" content=\"Jo\u00e3o Malainho\" \/>\n<meta name=\"twitter:card\" content=\"summary_large_image\" \/>\n<meta name=\"twitter:label1\" content=\"Escrito por\" \/>\n\t<meta name=\"twitter:data1\" content=\"\" \/>\n\t<meta name=\"twitter:label2\" content=\"Tempo estimado de leitura\" \/>\n\t<meta name=\"twitter:data2\" content=\"3 minutos\" \/>\n<script type=\"application\/ld+json\" class=\"yoast-schema-graph\">{\"@context\":\"https:\/\/schema.org\",\"@graph\":[{\"@type\":\"Article\",\"@id\":\"https:\/\/maismagazine.pt\/index.php\/2021\/11\/27\/ameno-inovacao-em-climatizacao\/#article\",\"isPartOf\":{\"@id\":\"https:\/\/maismagazine.pt\/index.php\/2021\/11\/27\/ameno-inovacao-em-climatizacao\/\"},\"author\":{\"name\":\"Jo\u00e3o Malainho\",\"@id\":\"https:\/\/maismagazine.pt\/#\/schema\/person\/999bd426f894ff56d397ec12ebd21ebb\"},\"headline\":\"Ameno: Inova\u00e7\u00e3o em climatiza\u00e7\u00e3o\",\"datePublished\":\"2021-11-27T07:00:00+00:00\",\"dateModified\":\"2021-11-30T14:22:14+00:00\",\"mainEntityOfPage\":{\"@id\":\"https:\/\/maismagazine.pt\/index.php\/2021\/11\/27\/ameno-inovacao-em-climatizacao\/\"},\"wordCount\":527,\"commentCount\":0,\"publisher\":{\"@id\":\"https:\/\/maismagazine.pt\/#organization\"},\"image\":{\"@id\":\"https:\/\/maismagazine.pt\/index.php\/2021\/11\/27\/ameno-inovacao-em-climatizacao\/#primaryimage\"},\"thumbnailUrl\":\"http:\/\/maismagazine.pt\/wp-content\/uploads\/2021\/11\/Logo_slogan.jpg\",\"keywords\":[\"Produtos de Climatiza\u00e7\u00e3o\",\"Servi\u00e7os de Climatiza\u00e7\u00e3o\"],\"articleSection\":[\"EMAF\",\"Empreendedorismo\",\"Tecnologia e Inova\u00e7\u00e3o\"],\"inLanguage\":\"pt-PT\",\"potentialAction\":[{\"@type\":\"CommentAction\",\"name\":\"Comment\",\"target\":[\"https:\/\/maismagazine.pt\/index.php\/2021\/11\/27\/ameno-inovacao-em-climatizacao\/#respond\"]}]},{\"@type\":\"WebPage\",\"@id\":\"https:\/\/maismagazine.pt\/index.php\/2021\/11\/27\/ameno-inovacao-em-climatizacao\/\",\"url\":\"https:\/\/maismagazine.pt\/index.php\/2021\/11\/27\/ameno-inovacao-em-climatizacao\/\",\"name\":\"Ameno: Inova\u00e7\u00e3o em climatiza\u00e7\u00e3o - Mais Magazine\",\"isPartOf\":{\"@id\":\"https:\/\/maismagazine.pt\/#website\"},\"primaryImageOfPage\":{\"@id\":\"https:\/\/maismagazine.pt\/index.php\/2021\/11\/27\/ameno-inovacao-em-climatizacao\/#primaryimage\"},\"image\":{\"@id\":\"https:\/\/maismagazine.pt\/index.php\/2021\/11\/27\/ameno-inovacao-em-climatizacao\/#primaryimage\"},\"thumbnailUrl\":\"http:\/\/maismagazine.pt\/wp-content\/uploads\/2021\/11\/Logo_slogan.jpg\",\"datePublished\":\"2021-11-27T07:00:00+00:00\",\"dateModified\":\"2021-11-30T14:22:14+00:00\",\"description\":\"Comercializar produtos e servi\u00e7os de climatiza\u00e7\u00e3o e controlo de humidade energeticamente mais eficientes e amigos do ambiente.\",\"breadcrumb\":{\"@id\":\"https:\/\/maismagazine.pt\/index.php\/2021\/11\/27\/ameno-inovacao-em-climatizacao\/#breadcrumb\"},\"inLanguage\":\"pt-PT\",\"potentialAction\":[{\"@type\":\"ReadAction\",\"target\":[\"https:\/\/maismagazine.pt\/index.php\/2021\/11\/27\/ameno-inovacao-em-climatizacao\/\"]}]},{\"@type\":\"ImageObject\",\"inLanguage\":\"pt-PT\",\"@id\":\"https:\/\/maismagazine.pt\/index.php\/2021\/11\/27\/ameno-inovacao-em-climatizacao\/#primaryimage\",\"url\":\"http:\/\/maismagazine.pt\/wp-content\/uploads\/2021\/11\/Logo_slogan.jpg\",\"contentUrl\":\"http:\/\/maismagazine.pt\/wp-content\/uploads\/2021\/11\/Logo_slogan.jpg\",\"width\":527,\"height\":253},{\"@type\":\"BreadcrumbList\",\"@id\":\"https:\/\/maismagazine.pt\/index.php\/2021\/11\/27\/ameno-inovacao-em-climatizacao\/#breadcrumb\",\"itemListElement\":[{\"@type\":\"ListItem\",\"position\":1,\"name\":\"Home\",\"item\":\"https:\/\/maismagazine.pt\/\"},{\"@type\":\"ListItem\",\"position\":2,\"name\":\"Ameno: Inova\u00e7\u00e3o em climatiza\u00e7\u00e3o\"}]},{\"@type\":\"WebSite\",\"@id\":\"https:\/\/maismagazine.pt\/#website\",\"url\":\"https:\/\/maismagazine.pt\/\",\"name\":\"Mais Magazine\",\"description\":\"\",\"publisher\":{\"@id\":\"https:\/\/maismagazine.pt\/#organization\"},\"potentialAction\":[{\"@type\":\"SearchAction\",\"target\":{\"@type\":\"EntryPoint\",\"urlTemplate\":\"https:\/\/maismagazine.pt\/?s={search_term_string}\"},\"query-input\":{\"@type\":\"PropertyValueSpecification\",\"valueRequired\":true,\"valueName\":\"search_term_string\"}}],\"inLanguage\":\"pt-PT\"},{\"@type\":\"Organization\",\"@id\":\"https:\/\/maismagazine.pt\/#organization\",\"name\":\"Mais Magazine\",\"url\":\"https:\/\/maismagazine.pt\/\",\"logo\":{\"@type\":\"ImageObject\",\"inLanguage\":\"pt-PT\",\"@id\":\"https:\/\/maismagazine.pt\/#\/schema\/logo\/image\/\",\"url\":\"http:\/\/maismagazine.pt\/wp-content\/uploads\/2020\/04\/cropped-cropped-mais-magazine-site-logo-2.png\",\"contentUrl\":\"http:\/\/maismagazine.pt\/wp-content\/uploads\/2020\/04\/cropped-cropped-mais-magazine-site-logo-2.png\",\"width\":581,\"height\":90,\"caption\":\"Mais Magazine\"},\"image\":{\"@id\":\"https:\/\/maismagazine.pt\/#\/schema\/logo\/image\/\"}},{\"@type\":\"Person\",\"@id\":\"https:\/\/maismagazine.pt\/#\/schema\/person\/999bd426f894ff56d397ec12ebd21ebb\",\"name\":\"Jo\u00e3o Malainho\",\"image\":{\"@type\":\"ImageObject\",\"inLanguage\":\"pt-PT\",\"@id\":\"https:\/\/maismagazine.pt\/#\/schema\/person\/image\/\",\"url\":\"https:\/\/secure.gravatar.com\/avatar\/ff03c2f38edf60b2a827aa4f74878491?s=96&d=mm&r=g\",\"contentUrl\":\"https:\/\/secure.gravatar.com\/avatar\/ff03c2f38edf60b2a827aa4f74878491?s=96&d=mm&r=g\",\"caption\":\"Jo\u00e3o Malainho\"},\"url\":\"http:\/\/maismagazine.pt\/index.php\/author\/maismagazine\/\"}]}<\/script>\n<!-- \/ Yoast SEO plugin. -->","yoast_head_json":{"title":"Ameno: Inova\u00e7\u00e3o em climatiza\u00e7\u00e3o - Mais Magazine","description":"Comercializar produtos e servi\u00e7os de climatiza\u00e7\u00e3o e controlo de humidade energeticamente mais eficientes e amigos do ambiente.","robots":{"index":"index","follow":"follow","max-snippet":"max-snippet:-1","max-image-preview":"max-image-preview:large","max-video-preview":"max-video-preview:-1"},"canonical":"https:\/\/maismagazine.pt\/index.php\/2021\/11\/27\/ameno-inovacao-em-climatizacao\/","og_locale":"pt_PT","og_type":"article","og_title":"Ameno: Inova\u00e7\u00e3o em climatiza\u00e7\u00e3o - Mais Magazine","og_description":"Comercializar produtos e servi\u00e7os de climatiza\u00e7\u00e3o e controlo de humidade energeticamente mais eficientes e amigos do ambiente.","og_url":"https:\/\/maismagazine.pt\/index.php\/2021\/11\/27\/ameno-inovacao-em-climatizacao\/","og_site_name":"Mais Magazine","article_published_time":"2021-11-27T07:00:00+00:00","article_modified_time":"2021-11-30T14:22:14+00:00","og_image":[{"width":527,"height":253,"url":"https:\/\/maismagazine.pt\/wp-content\/uploads\/2021\/11\/Logo_slogan.jpg","type":"image\/jpeg"}],"author":"Jo\u00e3o Malainho","twitter_card":"summary_large_image","twitter_misc":{"Escrito por":false,"Tempo estimado de leitura":"3 minutos"},"schema":{"@context":"https:\/\/schema.org","@graph":[{"@type":"Article","@id":"https:\/\/maismagazine.pt\/index.php\/2021\/11\/27\/ameno-inovacao-em-climatizacao\/#article","isPartOf":{"@id":"https:\/\/maismagazine.pt\/index.php\/2021\/11\/27\/ameno-inovacao-em-climatizacao\/"},"author":{"name":"Jo\u00e3o Malainho","@id":"https:\/\/maismagazine.pt\/#\/schema\/person\/999bd426f894ff56d397ec12ebd21ebb"},"headline":"Ameno: Inova\u00e7\u00e3o em climatiza\u00e7\u00e3o","datePublished":"2021-11-27T07:00:00+00:00","dateModified":"2021-11-30T14:22:14+00:00","mainEntityOfPage":{"@id":"https:\/\/maismagazine.pt\/index.php\/2021\/11\/27\/ameno-inovacao-em-climatizacao\/"},"wordCount":527,"commentCount":0,"publisher":{"@id":"https:\/\/maismagazine.pt\/#organization"},"image":{"@id":"https:\/\/maismagazine.pt\/index.php\/2021\/11\/27\/ameno-inovacao-em-climatizacao\/#primaryimage"},"thumbnailUrl":"http:\/\/maismagazine.pt\/wp-content\/uploads\/2021\/11\/Logo_slogan.jpg","keywords":["Produtos de Climatiza\u00e7\u00e3o","Servi\u00e7os de Climatiza\u00e7\u00e3o"],"articleSection":["EMAF","Empreendedorismo","Tecnologia e Inova\u00e7\u00e3o"],"inLanguage":"pt-PT","potentialAction":[{"@type":"CommentAction","name":"Comment","target":["https:\/\/maismagazine.pt\/index.php\/2021\/11\/27\/ameno-inovacao-em-climatizacao\/#respond"]}]},{"@type":"WebPage","@id":"https:\/\/maismagazine.pt\/index.php\/2021\/11\/27\/ameno-inovacao-em-climatizacao\/","url":"https:\/\/maismagazine.pt\/index.php\/2021\/11\/27\/ameno-inovacao-em-climatizacao\/","name":"Ameno: Inova\u00e7\u00e3o em climatiza\u00e7\u00e3o - Mais Magazine","isPartOf":{"@id":"https:\/\/maismagazine.pt\/#website"},"primaryImageOfPage":{"@id":"https:\/\/maismagazine.pt\/index.php\/2021\/11\/27\/ameno-inovacao-em-climatizacao\/#primaryimage"},"image":{"@id":"https:\/\/maismagazine.pt\/index.php\/2021\/11\/27\/ameno-inovacao-em-climatizacao\/#primaryimage"},"thumbnailUrl":"http:\/\/maismagazine.pt\/wp-content\/uploads\/2021\/11\/Logo_slogan.jpg","datePublished":"2021-11-27T07:00:00+00:00","dateModified":"2021-11-30T14:22:14+00:00","description":"Comercializar produtos e servi\u00e7os de climatiza\u00e7\u00e3o e controlo de humidade energeticamente mais eficientes e amigos do ambiente.","breadcrumb":{"@id":"https:\/\/maismagazine.pt\/index.php\/2021\/11\/27\/ameno-inovacao-em-climatizacao\/#breadcrumb"},"inLanguage":"pt-PT","potentialAction":[{"@type":"ReadAction","target":["https:\/\/maismagazine.pt\/index.php\/2021\/11\/27\/ameno-inovacao-em-climatizacao\/"]}]},{"@type":"ImageObject","inLanguage":"pt-PT","@id":"https:\/\/maismagazine.pt\/index.php\/2021\/11\/27\/ameno-inovacao-em-climatizacao\/#primaryimage","url":"http:\/\/maismagazine.pt\/wp-content\/uploads\/2021\/11\/Logo_slogan.jpg","contentUrl":"http:\/\/maismagazine.pt\/wp-content\/uploads\/2021\/11\/Logo_slogan.jpg","width":527,"height":253},{"@type":"BreadcrumbList","@id":"https:\/\/maismagazine.pt\/index.php\/2021\/11\/27\/ameno-inovacao-em-climatizacao\/#breadcrumb","itemListElement":[{"@type":"ListItem","position":1,"name":"Home","item":"https:\/\/maismagazine.pt\/"},{"@type":"ListItem","position":2,"name":"Ameno: Inova\u00e7\u00e3o em climatiza\u00e7\u00e3o"}]},{"@type":"WebSite","@id":"https:\/\/maismagazine.pt\/#website","url":"https:\/\/maismagazine.pt\/","name":"Mais Magazine","description":"","publisher":{"@id":"https:\/\/maismagazine.pt\/#organization"},"potentialAction":[{"@type":"SearchAction","target":{"@type":"EntryPoint","urlTemplate":"https:\/\/maismagazine.pt\/?s={search_term_string}"},"query-input":{"@type":"PropertyValueSpecification","valueRequired":true,"valueName":"search_term_string"}}],"inLanguage":"pt-PT"},{"@type":"Organization","@id":"https:\/\/maismagazine.pt\/#organization","name":"Mais Magazine","url":"https:\/\/maismagazine.pt\/","logo":{"@type":"ImageObject","inLanguage":"pt-PT","@id":"https:\/\/maismagazine.pt\/#\/schema\/logo\/image\/","url":"http:\/\/maismagazine.pt\/wp-content\/uploads\/2020\/04\/cropped-cropped-mais-magazine-site-logo-2.png","contentUrl":"http:\/\/maismagazine.pt\/wp-content\/uploads\/2020\/04\/cropped-cropped-mais-magazine-site-logo-2.png","width":581,"height":90,"caption":"Mais Magazine"},"image":{"@id":"https:\/\/maismagazine.pt\/#\/schema\/logo\/image\/"}},{"@type":"Person","@id":"https:\/\/maismagazine.pt\/#\/schema\/person\/999bd426f894ff56d397ec12ebd21ebb","name":"Jo\u00e3o Malainho","image":{"@type":"ImageObject","inLanguage":"pt-PT","@id":"https:\/\/maismagazine.pt\/#\/schema\/person\/image\/","url":"https:\/\/secure.gravatar.com\/avatar\/ff03c2f38edf60b2a827aa4f74878491?s=96&d=mm&r=g","contentUrl":"https:\/\/secure.gravatar.com\/avatar\/ff03c2f38edf60b2a827aa4f74878491?s=96&d=mm&r=g","caption":"Jo\u00e3o Malainho"},"url":"http:\/\/maismagazine.pt\/index.php\/author\/maismagazine\/"}]}},"author_meta":{"display_name":false,"author_link":"http:\/\/maismagazine.pt\/index.php\/author\/maismagazine\/"},"featured_img":"http:\/\/maismagazine.pt\/wp-content\/uploads\/2021\/11\/Logo_slogan-300x144.jpg","coauthors":[],"tax_additional":{"categories":{"linked":["<a href=\"http:\/\/maismagazine.pt\/index.php\/category\/emaf\/\" class=\"advgb-post-tax-term\">EMAF<\/a>","<a href=\"http:\/\/maismagazine.pt\/index.php\/category\/empreendedorismo\/\" class=\"advgb-post-tax-term\">Empreendedorismo<\/a>","<a href=\"http:\/\/maismagazine.pt\/index.php\/category\/empreendedorismo\/tecnologia-e-inovacao\/\" class=\"advgb-post-tax-term\">Tecnologia e Inova\u00e7\u00e3o<\/a>"],"unlinked":["<span class=\"advgb-post-tax-term\">EMAF<\/span>","<span class=\"advgb-post-tax-term\">Empreendedorismo<\/span>","<span class=\"advgb-post-tax-term\">Tecnologia e Inova\u00e7\u00e3o<\/span>"]},"tags":{"linked":["<a href=\"http:\/\/maismagazine.pt\/index.php\/category\/empreendedorismo\/tecnologia-e-inovacao\/\" class=\"advgb-post-tax-term\">Produtos de Climatiza\u00e7\u00e3o<\/a>","<a href=\"http:\/\/maismagazine.pt\/index.php\/category\/empreendedorismo\/tecnologia-e-inovacao\/\" class=\"advgb-post-tax-term\">Servi\u00e7os de Climatiza\u00e7\u00e3o<\/a>"],"unlinked":["<span class=\"advgb-post-tax-term\">Produtos de Climatiza\u00e7\u00e3o<\/span>","<span class=\"advgb-post-tax-term\">Servi\u00e7os de Climatiza\u00e7\u00e3o<\/span>"]}},"comment_count":"0","relative_dates":{"created":"Posted 4 anos ago","modified":"Updated 4 anos ago"},"absolute_dates":{"created":"Posted on 27 de Novembro, 2021","modified":"Updated on 30 de Novembro, 2021"},"absolute_dates_time":{"created":"Posted on 27 de Novembro, 2021 7:00","modified":"Updated on 30 de Novembro, 2021 14:22"},"featured_img_caption":"","series_order":"","_links":{"self":[{"href":"http:\/\/maismagazine.pt\/index.php\/wp-json\/wp\/v2\/posts\/1770","targetHints":{"allow":["GET"]}}],"collection":[{"href":"http:\/\/maismagazine.pt\/index.php\/wp-json\/wp\/v2\/posts"}],"about":[{"href":"http:\/\/maismagazine.pt\/index.php\/wp-json\/wp\/v2\/types\/post"}],"author":[{"embeddable":true,"href":"http:\/\/maismagazine.pt\/index.php\/wp-json\/wp\/v2\/users\/7"}],"replies":[{"embeddable":true,"href":"http:\/\/maismagazine.pt\/index.php\/wp-json\/wp\/v2\/comments?post=1770"}],"version-history":[{"count":2,"href":"http:\/\/maismagazine.pt\/index.php\/wp-json\/wp\/v2\/posts\/1770\/revisions"}],"predecessor-version":[{"id":1773,"href":"http:\/\/maismagazine.pt\/index.php\/wp-json\/wp\/v2\/posts\/1770\/revisions\/1773"}],"wp:featuredmedia":[{"embeddable":true,"href":"http:\/\/maismagazine.pt\/index.php\/wp-json\/wp\/v2\/media\/1771"}],"wp:attachment":[{"href":"http:\/\/maismagazine.pt\/index.php\/wp-json\/wp\/v2\/media?parent=1770"}],"wp:term":[{"taxonomy":"category","embeddable":true,"href":"http:\/\/maismagazine.pt\/index.php\/wp-json\/wp\/v2\/categories?post=1770"},{"taxonomy":"post_tag","embeddable":true,"href":"http:\/\/maismagazine.pt\/index.php\/wp-json\/wp\/v2\/tags?post=1770"}],"curies":[{"name":"wp","href":"https:\/\/api.w.org\/{rel}","templated":true}]}}