{"id":1739,"date":"2021-11-27T07:00:00","date_gmt":"2021-11-27T07:00:00","guid":{"rendered":"https:\/\/maismagazine.pt\/?p=1739"},"modified":"2021-11-30T14:16:28","modified_gmt":"2021-11-30T14:16:28","slug":"rubete-uma-referencia-nacional-no-mercado-de-ar-comprimido","status":"publish","type":"post","link":"http:\/\/maismagazine.pt\/index.php\/2021\/11\/27\/rubete-uma-referencia-nacional-no-mercado-de-ar-comprimido\/","title":{"rendered":"Rubete: Uma refer\u00eancia nacional no mercado de ar comprimido"},"content":{"rendered":"\n<p><strong>A Rubete \u2013 Equipamentos Industriais \u00e9 uma empresa com ra\u00edzes s\u00f3lidas e profundas, guiada pelos melhores valores de integridade, responsabilidade, dedica\u00e7\u00e3o e compromisso, vigentes desde janeiro de 1980. A sua miss\u00e3o implica a cria\u00e7\u00e3o de valor econ\u00f3mico e social, a longo prazo, levando os benef\u00edcios do ar comprimido e equipamentos industriais de qualidade a um n\u00famero crescente de empresas e pessoas.<\/strong><br><\/p>\n\n\n\n<p>A Rubete foi projetada como uma <a href=\"https:\/\/www.rubete.pt\/\" target=\"_blank\" rel=\"noreferrer noopener\">empresa<\/a> familiar vocacionada para o ar comprimido. Modificada gra\u00e7as ao seu sucesso e crescimento, adquiriu progressivamente v\u00e1rias representa\u00e7\u00f5es, expandindo a sua vis\u00e3o para a comercializa\u00e7\u00e3o de equipamentos industriais. A prefer\u00eancia por esta atividade teve como principal motiva\u00e7\u00e3o a vasta experi\u00eancia e conhecimento do setor, pelo fundador do projeto, Francisco Garcia, cujos valores e ideais se mant\u00eam vivos at\u00e9 aos dias de hoje. A aten\u00e7\u00e3o dedicada ao servi\u00e7o p\u00f3s-venda, aos investimentos em tecnologia de produ\u00e7\u00e3o e amplia\u00e7\u00e3o de instala\u00e7\u00f5es e servi\u00e7os, levaram a uma forte implementa\u00e7\u00e3o da Rubete no mercado nacional, ao longo dos anos.<br><\/p>\n\n\n\n<p>Presentemente, a Rubete tem como atividades principais a produ\u00e7\u00e3o de equipamentos e a compra e distribui\u00e7\u00e3o de mercadoria. O foco da produ\u00e7\u00e3o  s\u00e3o os reservat\u00f3rios e compressores de ar comprimido, onde se distinguem os compressores de pist\u00e3o e os de parafuso. Para al\u00e9m disso, fazem tamb\u00e9m parte do seu portf\u00f3lio produtos complementares como exaustores e fitas de serra. J\u00e1 no que \u00e0 \u00e1rea comercial diz respeito, a Rubete tem um grande leque de produtos, onde se destacam as ferramentas manuais, pneum\u00e1ticas e el\u00e9tricas, ferramentas de corte e soldadura, abrasivos, equipamentos eletromec\u00e2nicos, compressores rotativos de palhetas, secadores, filtros e acess\u00f3rios de ar comprimido. Aos produtos de qualidade inquestion\u00e1vel, junta-se ainda o servi\u00e7o de assist\u00eancia t\u00e9cnica, que vem garantir o suporte t\u00e9cnico no p\u00f3s-venda e complementar a satisfa\u00e7\u00e3o dos seus cliente<\/p>\n\n\n\n<p><\/p>\n\n\n\n<p><strong>Os elevados padr\u00f5es de qualidade Rubete<\/strong><br>O cumprimento dos elevados requisitos de qualidade da sua produ\u00e7\u00e3o, levam a Rubete a apostar numa sele\u00e7\u00e3o de fornecedores e parceiros de excel\u00eancia comprovada. Assim, a empresa conta com parceiros como a SUHNER ABRASIVE EXPERT, na vertente de equipamentos de polimento de inox e m\u00e1quinas de veio flex\u00edvel, a MUNDIAL ALFREDO CASARTELLI, na \u00e1rea da ferramenta manual, a METRICA, no equipamento de medi\u00e7\u00e3o, e ainda com a  ING.ENEA MATTEI, uma das mais antigas parceiras da empresa de Vila Nova<br>de Gaia. Da f\u00f3rmula de sucesso fazem ainda parte a cont\u00ednua aposta na forma\u00e7\u00e3o, a busca constante pelas melhores solu\u00e7\u00f5es, bem como o forte relacionamento de confian\u00e7a e parceria que a empresa mant\u00e9m com clientes e parceiros.<br><\/p>\n\n\n\n<p>Na verdade, t\u00eam sido estes valores o garante do sucesso e resili\u00eancia da empresa ao longo de mais de quatro d\u00e9cadas e que continuar\u00e3o a fazer parte do ADN da empresa para o futuro. No entanto, desengane-se quem pensa que a Rubete ficar\u00e1 por aqui. A internacionaliza\u00e7\u00e3o \u00e9 cada vez mais um objetivo para a empresa, que pretende assumir uma posi\u00e7\u00e3o de lideran\u00e7a no mercado nacional.<\/p>\n","protected":false},"excerpt":{"rendered":"<p>A Rubete \u2013 Equipamentos Industriais \u00e9 uma empresa com ra\u00edzes s\u00f3lidas e profundas, guiada pelos melhores valores de integridade, responsabilidade, dedica\u00e7\u00e3o e compromisso, vigentes desde janeiro de 1980. A sua miss\u00e3o implica a cria\u00e7\u00e3o de valor econ\u00f3mico e social, a longo prazo, levando os benef\u00edcios do ar comprimido e equipamentos&hellip;<\/p>\n","protected":false},"author":7,"featured_media":1740,"comment_status":"open","ping_status":"open","sticky":false,"template":"","format":"standard","meta":{"advgb_blocks_editor_width":"","advgb_blocks_columns_visual_guide":"","_monsterinsights_skip_tracking":false,"_monsterinsights_sitenote_active":false,"_monsterinsights_sitenote_note":"","_monsterinsights_sitenote_category":0,"footnotes":""},"categories":[154,6,79],"tags":[182,183],"class_list":["post-1739","post","type-post","status-publish","format-standard","has-post-thumbnail","hentry","category-emaf","category-empreendedorismo","category-tecnologia-e-inovacao","tag-ar-comprimido","tag-suporte-tecnico"],"yoast_head":"<!-- This site is optimized with the Yoast SEO plugin v24.4 - https:\/\/yoast.com\/wordpress\/plugins\/seo\/ -->\n<title>Rubete: Uma refer\u00eancia nacional no mercado de ar comprimido -<\/title>\n<meta name=\"description\" content=\"A Rubete \u2013 Equipamentos Industriais \u00e9 uma empresa com ra\u00edzes s\u00f3lidas, guiada pelos melhores valores de integridade e responsabilidade.\" \/>\n<meta name=\"robots\" content=\"index, follow, max-snippet:-1, max-image-preview:large, max-video-preview:-1\" \/>\n<link rel=\"canonical\" href=\"http:\/\/maismagazine.pt\/index.php\/2021\/11\/27\/rubete-uma-referencia-nacional-no-mercado-de-ar-comprimido\/\" \/>\n<meta property=\"og:locale\" content=\"pt_PT\" \/>\n<meta property=\"og:type\" content=\"article\" \/>\n<meta property=\"og:title\" content=\"Rubete: Uma refer\u00eancia nacional no mercado de ar comprimido -\" \/>\n<meta property=\"og:description\" content=\"A Rubete \u2013 Equipamentos Industriais \u00e9 uma empresa com ra\u00edzes s\u00f3lidas, guiada pelos melhores valores de integridade e responsabilidade.\" \/>\n<meta property=\"og:url\" content=\"http:\/\/maismagazine.pt\/index.php\/2021\/11\/27\/rubete-uma-referencia-nacional-no-mercado-de-ar-comprimido\/\" \/>\n<meta property=\"og:site_name\" content=\"Mais Magazine\" \/>\n<meta property=\"article:published_time\" content=\"2021-11-27T07:00:00+00:00\" \/>\n<meta property=\"article:modified_time\" content=\"2021-11-30T14:16:28+00:00\" \/>\n<meta property=\"og:image\" content=\"http:\/\/maismagazine.pt\/wp-content\/uploads\/2021\/11\/500tdp-scaled.jpg\" \/>\n\t<meta property=\"og:image:width\" content=\"2560\" \/>\n\t<meta property=\"og:image:height\" content=\"1841\" \/>\n\t<meta property=\"og:image:type\" content=\"image\/jpeg\" \/>\n<meta name=\"author\" content=\"Jo\u00e3o Malainho\" \/>\n<meta name=\"twitter:card\" content=\"summary_large_image\" \/>\n<meta name=\"twitter:label1\" content=\"Escrito por\" \/>\n\t<meta name=\"twitter:data1\" content=\"\" \/>\n\t<meta name=\"twitter:label2\" content=\"Tempo estimado de leitura\" \/>\n\t<meta name=\"twitter:data2\" content=\"3 minutos\" \/>\n<script type=\"application\/ld+json\" class=\"yoast-schema-graph\">{\"@context\":\"https:\/\/schema.org\",\"@graph\":[{\"@type\":\"Article\",\"@id\":\"http:\/\/maismagazine.pt\/index.php\/2021\/11\/27\/rubete-uma-referencia-nacional-no-mercado-de-ar-comprimido\/#article\",\"isPartOf\":{\"@id\":\"http:\/\/maismagazine.pt\/index.php\/2021\/11\/27\/rubete-uma-referencia-nacional-no-mercado-de-ar-comprimido\/\"},\"author\":{\"name\":\"Jo\u00e3o Malainho\",\"@id\":\"http:\/\/maismagazine.pt\/#\/schema\/person\/999bd426f894ff56d397ec12ebd21ebb\"},\"headline\":\"Rubete: Uma refer\u00eancia nacional no mercado de ar comprimido\",\"datePublished\":\"2021-11-27T07:00:00+00:00\",\"dateModified\":\"2021-11-30T14:16:28+00:00\",\"mainEntityOfPage\":{\"@id\":\"http:\/\/maismagazine.pt\/index.php\/2021\/11\/27\/rubete-uma-referencia-nacional-no-mercado-de-ar-comprimido\/\"},\"wordCount\":548,\"commentCount\":0,\"publisher\":{\"@id\":\"http:\/\/maismagazine.pt\/#organization\"},\"image\":{\"@id\":\"http:\/\/maismagazine.pt\/index.php\/2021\/11\/27\/rubete-uma-referencia-nacional-no-mercado-de-ar-comprimido\/#primaryimage\"},\"thumbnailUrl\":\"http:\/\/maismagazine.pt\/wp-content\/uploads\/2021\/11\/500tdp-scaled.jpg\",\"keywords\":[\"Ar Comprimido\",\"Suporte T\u00e9cnico\"],\"articleSection\":[\"EMAF\",\"Empreendedorismo\",\"Tecnologia e Inova\u00e7\u00e3o\"],\"inLanguage\":\"pt-PT\",\"potentialAction\":[{\"@type\":\"CommentAction\",\"name\":\"Comment\",\"target\":[\"http:\/\/maismagazine.pt\/index.php\/2021\/11\/27\/rubete-uma-referencia-nacional-no-mercado-de-ar-comprimido\/#respond\"]}]},{\"@type\":\"WebPage\",\"@id\":\"http:\/\/maismagazine.pt\/index.php\/2021\/11\/27\/rubete-uma-referencia-nacional-no-mercado-de-ar-comprimido\/\",\"url\":\"http:\/\/maismagazine.pt\/index.php\/2021\/11\/27\/rubete-uma-referencia-nacional-no-mercado-de-ar-comprimido\/\",\"name\":\"Rubete: Uma refer\u00eancia nacional no mercado de ar comprimido -\",\"isPartOf\":{\"@id\":\"http:\/\/maismagazine.pt\/#website\"},\"primaryImageOfPage\":{\"@id\":\"http:\/\/maismagazine.pt\/index.php\/2021\/11\/27\/rubete-uma-referencia-nacional-no-mercado-de-ar-comprimido\/#primaryimage\"},\"image\":{\"@id\":\"http:\/\/maismagazine.pt\/index.php\/2021\/11\/27\/rubete-uma-referencia-nacional-no-mercado-de-ar-comprimido\/#primaryimage\"},\"thumbnailUrl\":\"http:\/\/maismagazine.pt\/wp-content\/uploads\/2021\/11\/500tdp-scaled.jpg\",\"datePublished\":\"2021-11-27T07:00:00+00:00\",\"dateModified\":\"2021-11-30T14:16:28+00:00\",\"description\":\"A Rubete \u2013 Equipamentos Industriais \u00e9 uma empresa com ra\u00edzes s\u00f3lidas, guiada pelos melhores valores de integridade e responsabilidade.\",\"breadcrumb\":{\"@id\":\"http:\/\/maismagazine.pt\/index.php\/2021\/11\/27\/rubete-uma-referencia-nacional-no-mercado-de-ar-comprimido\/#breadcrumb\"},\"inLanguage\":\"pt-PT\",\"potentialAction\":[{\"@type\":\"ReadAction\",\"target\":[\"http:\/\/maismagazine.pt\/index.php\/2021\/11\/27\/rubete-uma-referencia-nacional-no-mercado-de-ar-comprimido\/\"]}]},{\"@type\":\"ImageObject\",\"inLanguage\":\"pt-PT\",\"@id\":\"http:\/\/maismagazine.pt\/index.php\/2021\/11\/27\/rubete-uma-referencia-nacional-no-mercado-de-ar-comprimido\/#primaryimage\",\"url\":\"http:\/\/maismagazine.pt\/wp-content\/uploads\/2021\/11\/500tdp-scaled.jpg\",\"contentUrl\":\"http:\/\/maismagazine.pt\/wp-content\/uploads\/2021\/11\/500tdp-scaled.jpg\",\"width\":2560,\"height\":1841},{\"@type\":\"BreadcrumbList\",\"@id\":\"http:\/\/maismagazine.pt\/index.php\/2021\/11\/27\/rubete-uma-referencia-nacional-no-mercado-de-ar-comprimido\/#breadcrumb\",\"itemListElement\":[{\"@type\":\"ListItem\",\"position\":1,\"name\":\"Home\",\"item\":\"http:\/\/maismagazine.pt\/\"},{\"@type\":\"ListItem\",\"position\":2,\"name\":\"Rubete: Uma refer\u00eancia nacional no mercado de ar comprimido\"}]},{\"@type\":\"WebSite\",\"@id\":\"http:\/\/maismagazine.pt\/#website\",\"url\":\"http:\/\/maismagazine.pt\/\",\"name\":\"Mais Magazine\",\"description\":\"\",\"publisher\":{\"@id\":\"http:\/\/maismagazine.pt\/#organization\"},\"potentialAction\":[{\"@type\":\"SearchAction\",\"target\":{\"@type\":\"EntryPoint\",\"urlTemplate\":\"http:\/\/maismagazine.pt\/?s={search_term_string}\"},\"query-input\":{\"@type\":\"PropertyValueSpecification\",\"valueRequired\":true,\"valueName\":\"search_term_string\"}}],\"inLanguage\":\"pt-PT\"},{\"@type\":\"Organization\",\"@id\":\"http:\/\/maismagazine.pt\/#organization\",\"name\":\"Mais Magazine\",\"url\":\"http:\/\/maismagazine.pt\/\",\"logo\":{\"@type\":\"ImageObject\",\"inLanguage\":\"pt-PT\",\"@id\":\"http:\/\/maismagazine.pt\/#\/schema\/logo\/image\/\",\"url\":\"http:\/\/maismagazine.pt\/wp-content\/uploads\/2020\/04\/cropped-cropped-mais-magazine-site-logo-2.png\",\"contentUrl\":\"http:\/\/maismagazine.pt\/wp-content\/uploads\/2020\/04\/cropped-cropped-mais-magazine-site-logo-2.png\",\"width\":581,\"height\":90,\"caption\":\"Mais Magazine\"},\"image\":{\"@id\":\"http:\/\/maismagazine.pt\/#\/schema\/logo\/image\/\"}},{\"@type\":\"Person\",\"@id\":\"http:\/\/maismagazine.pt\/#\/schema\/person\/999bd426f894ff56d397ec12ebd21ebb\",\"name\":\"Jo\u00e3o Malainho\",\"image\":{\"@type\":\"ImageObject\",\"inLanguage\":\"pt-PT\",\"@id\":\"http:\/\/maismagazine.pt\/#\/schema\/person\/image\/\",\"url\":\"https:\/\/secure.gravatar.com\/avatar\/ff03c2f38edf60b2a827aa4f74878491?s=96&d=mm&r=g\",\"contentUrl\":\"https:\/\/secure.gravatar.com\/avatar\/ff03c2f38edf60b2a827aa4f74878491?s=96&d=mm&r=g\",\"caption\":\"Jo\u00e3o Malainho\"},\"url\":\"http:\/\/maismagazine.pt\/index.php\/author\/maismagazine\/\"}]}<\/script>\n<!-- \/ Yoast SEO plugin. -->","yoast_head_json":{"title":"Rubete: Uma refer\u00eancia nacional no mercado de ar comprimido -","description":"A Rubete \u2013 Equipamentos Industriais \u00e9 uma empresa com ra\u00edzes s\u00f3lidas, guiada pelos melhores valores de integridade e responsabilidade.","robots":{"index":"index","follow":"follow","max-snippet":"max-snippet:-1","max-image-preview":"max-image-preview:large","max-video-preview":"max-video-preview:-1"},"canonical":"http:\/\/maismagazine.pt\/index.php\/2021\/11\/27\/rubete-uma-referencia-nacional-no-mercado-de-ar-comprimido\/","og_locale":"pt_PT","og_type":"article","og_title":"Rubete: Uma refer\u00eancia nacional no mercado de ar comprimido -","og_description":"A Rubete \u2013 Equipamentos Industriais \u00e9 uma empresa com ra\u00edzes s\u00f3lidas, guiada pelos melhores valores de integridade e responsabilidade.","og_url":"http:\/\/maismagazine.pt\/index.php\/2021\/11\/27\/rubete-uma-referencia-nacional-no-mercado-de-ar-comprimido\/","og_site_name":"Mais Magazine","article_published_time":"2021-11-27T07:00:00+00:00","article_modified_time":"2021-11-30T14:16:28+00:00","og_image":[{"width":2560,"height":1841,"url":"http:\/\/maismagazine.pt\/wp-content\/uploads\/2021\/11\/500tdp-scaled.jpg","type":"image\/jpeg"}],"author":"Jo\u00e3o Malainho","twitter_card":"summary_large_image","twitter_misc":{"Escrito por":false,"Tempo estimado de leitura":"3 minutos"},"schema":{"@context":"https:\/\/schema.org","@graph":[{"@type":"Article","@id":"http:\/\/maismagazine.pt\/index.php\/2021\/11\/27\/rubete-uma-referencia-nacional-no-mercado-de-ar-comprimido\/#article","isPartOf":{"@id":"http:\/\/maismagazine.pt\/index.php\/2021\/11\/27\/rubete-uma-referencia-nacional-no-mercado-de-ar-comprimido\/"},"author":{"name":"Jo\u00e3o Malainho","@id":"http:\/\/maismagazine.pt\/#\/schema\/person\/999bd426f894ff56d397ec12ebd21ebb"},"headline":"Rubete: Uma refer\u00eancia nacional no mercado de ar comprimido","datePublished":"2021-11-27T07:00:00+00:00","dateModified":"2021-11-30T14:16:28+00:00","mainEntityOfPage":{"@id":"http:\/\/maismagazine.pt\/index.php\/2021\/11\/27\/rubete-uma-referencia-nacional-no-mercado-de-ar-comprimido\/"},"wordCount":548,"commentCount":0,"publisher":{"@id":"http:\/\/maismagazine.pt\/#organization"},"image":{"@id":"http:\/\/maismagazine.pt\/index.php\/2021\/11\/27\/rubete-uma-referencia-nacional-no-mercado-de-ar-comprimido\/#primaryimage"},"thumbnailUrl":"http:\/\/maismagazine.pt\/wp-content\/uploads\/2021\/11\/500tdp-scaled.jpg","keywords":["Ar Comprimido","Suporte T\u00e9cnico"],"articleSection":["EMAF","Empreendedorismo","Tecnologia e Inova\u00e7\u00e3o"],"inLanguage":"pt-PT","potentialAction":[{"@type":"CommentAction","name":"Comment","target":["http:\/\/maismagazine.pt\/index.php\/2021\/11\/27\/rubete-uma-referencia-nacional-no-mercado-de-ar-comprimido\/#respond"]}]},{"@type":"WebPage","@id":"http:\/\/maismagazine.pt\/index.php\/2021\/11\/27\/rubete-uma-referencia-nacional-no-mercado-de-ar-comprimido\/","url":"http:\/\/maismagazine.pt\/index.php\/2021\/11\/27\/rubete-uma-referencia-nacional-no-mercado-de-ar-comprimido\/","name":"Rubete: Uma refer\u00eancia nacional no mercado de ar comprimido -","isPartOf":{"@id":"http:\/\/maismagazine.pt\/#website"},"primaryImageOfPage":{"@id":"http:\/\/maismagazine.pt\/index.php\/2021\/11\/27\/rubete-uma-referencia-nacional-no-mercado-de-ar-comprimido\/#primaryimage"},"image":{"@id":"http:\/\/maismagazine.pt\/index.php\/2021\/11\/27\/rubete-uma-referencia-nacional-no-mercado-de-ar-comprimido\/#primaryimage"},"thumbnailUrl":"http:\/\/maismagazine.pt\/wp-content\/uploads\/2021\/11\/500tdp-scaled.jpg","datePublished":"2021-11-27T07:00:00+00:00","dateModified":"2021-11-30T14:16:28+00:00","description":"A Rubete \u2013 Equipamentos Industriais \u00e9 uma empresa com ra\u00edzes s\u00f3lidas, guiada pelos melhores valores de integridade e responsabilidade.","breadcrumb":{"@id":"http:\/\/maismagazine.pt\/index.php\/2021\/11\/27\/rubete-uma-referencia-nacional-no-mercado-de-ar-comprimido\/#breadcrumb"},"inLanguage":"pt-PT","potentialAction":[{"@type":"ReadAction","target":["http:\/\/maismagazine.pt\/index.php\/2021\/11\/27\/rubete-uma-referencia-nacional-no-mercado-de-ar-comprimido\/"]}]},{"@type":"ImageObject","inLanguage":"pt-PT","@id":"http:\/\/maismagazine.pt\/index.php\/2021\/11\/27\/rubete-uma-referencia-nacional-no-mercado-de-ar-comprimido\/#primaryimage","url":"http:\/\/maismagazine.pt\/wp-content\/uploads\/2021\/11\/500tdp-scaled.jpg","contentUrl":"http:\/\/maismagazine.pt\/wp-content\/uploads\/2021\/11\/500tdp-scaled.jpg","width":2560,"height":1841},{"@type":"BreadcrumbList","@id":"http:\/\/maismagazine.pt\/index.php\/2021\/11\/27\/rubete-uma-referencia-nacional-no-mercado-de-ar-comprimido\/#breadcrumb","itemListElement":[{"@type":"ListItem","position":1,"name":"Home","item":"http:\/\/maismagazine.pt\/"},{"@type":"ListItem","position":2,"name":"Rubete: Uma refer\u00eancia nacional no mercado de ar comprimido"}]},{"@type":"WebSite","@id":"http:\/\/maismagazine.pt\/#website","url":"http:\/\/maismagazine.pt\/","name":"Mais Magazine","description":"","publisher":{"@id":"http:\/\/maismagazine.pt\/#organization"},"potentialAction":[{"@type":"SearchAction","target":{"@type":"EntryPoint","urlTemplate":"http:\/\/maismagazine.pt\/?s={search_term_string}"},"query-input":{"@type":"PropertyValueSpecification","valueRequired":true,"valueName":"search_term_string"}}],"inLanguage":"pt-PT"},{"@type":"Organization","@id":"http:\/\/maismagazine.pt\/#organization","name":"Mais Magazine","url":"http:\/\/maismagazine.pt\/","logo":{"@type":"ImageObject","inLanguage":"pt-PT","@id":"http:\/\/maismagazine.pt\/#\/schema\/logo\/image\/","url":"http:\/\/maismagazine.pt\/wp-content\/uploads\/2020\/04\/cropped-cropped-mais-magazine-site-logo-2.png","contentUrl":"http:\/\/maismagazine.pt\/wp-content\/uploads\/2020\/04\/cropped-cropped-mais-magazine-site-logo-2.png","width":581,"height":90,"caption":"Mais Magazine"},"image":{"@id":"http:\/\/maismagazine.pt\/#\/schema\/logo\/image\/"}},{"@type":"Person","@id":"http:\/\/maismagazine.pt\/#\/schema\/person\/999bd426f894ff56d397ec12ebd21ebb","name":"Jo\u00e3o Malainho","image":{"@type":"ImageObject","inLanguage":"pt-PT","@id":"http:\/\/maismagazine.pt\/#\/schema\/person\/image\/","url":"https:\/\/secure.gravatar.com\/avatar\/ff03c2f38edf60b2a827aa4f74878491?s=96&d=mm&r=g","contentUrl":"https:\/\/secure.gravatar.com\/avatar\/ff03c2f38edf60b2a827aa4f74878491?s=96&d=mm&r=g","caption":"Jo\u00e3o Malainho"},"url":"http:\/\/maismagazine.pt\/index.php\/author\/maismagazine\/"}]}},"author_meta":{"display_name":false,"author_link":"http:\/\/maismagazine.pt\/index.php\/author\/maismagazine\/"},"featured_img":"http:\/\/maismagazine.pt\/wp-content\/uploads\/2021\/11\/500tdp-300x216.jpg","coauthors":[],"tax_additional":{"categories":{"linked":["<a href=\"http:\/\/maismagazine.pt\/index.php\/category\/emaf\/\" class=\"advgb-post-tax-term\">EMAF<\/a>","<a href=\"http:\/\/maismagazine.pt\/index.php\/category\/empreendedorismo\/\" class=\"advgb-post-tax-term\">Empreendedorismo<\/a>","<a href=\"http:\/\/maismagazine.pt\/index.php\/category\/empreendedorismo\/tecnologia-e-inovacao\/\" class=\"advgb-post-tax-term\">Tecnologia e Inova\u00e7\u00e3o<\/a>"],"unlinked":["<span class=\"advgb-post-tax-term\">EMAF<\/span>","<span class=\"advgb-post-tax-term\">Empreendedorismo<\/span>","<span class=\"advgb-post-tax-term\">Tecnologia e Inova\u00e7\u00e3o<\/span>"]},"tags":{"linked":["<a href=\"http:\/\/maismagazine.pt\/index.php\/category\/empreendedorismo\/tecnologia-e-inovacao\/\" class=\"advgb-post-tax-term\">Ar Comprimido<\/a>","<a href=\"http:\/\/maismagazine.pt\/index.php\/category\/empreendedorismo\/tecnologia-e-inovacao\/\" class=\"advgb-post-tax-term\">Suporte T\u00e9cnico<\/a>"],"unlinked":["<span class=\"advgb-post-tax-term\">Ar Comprimido<\/span>","<span class=\"advgb-post-tax-term\">Suporte T\u00e9cnico<\/span>"]}},"comment_count":"0","relative_dates":{"created":"Posted 4 anos ago","modified":"Updated 4 anos ago"},"absolute_dates":{"created":"Posted on 27 de Novembro, 2021","modified":"Updated on 30 de Novembro, 2021"},"absolute_dates_time":{"created":"Posted on 27 de Novembro, 2021 7:00","modified":"Updated on 30 de Novembro, 2021 14:16"},"featured_img_caption":"","series_order":"","_links":{"self":[{"href":"http:\/\/maismagazine.pt\/index.php\/wp-json\/wp\/v2\/posts\/1739","targetHints":{"allow":["GET"]}}],"collection":[{"href":"http:\/\/maismagazine.pt\/index.php\/wp-json\/wp\/v2\/posts"}],"about":[{"href":"http:\/\/maismagazine.pt\/index.php\/wp-json\/wp\/v2\/types\/post"}],"author":[{"embeddable":true,"href":"http:\/\/maismagazine.pt\/index.php\/wp-json\/wp\/v2\/users\/7"}],"replies":[{"embeddable":true,"href":"http:\/\/maismagazine.pt\/index.php\/wp-json\/wp\/v2\/comments?post=1739"}],"version-history":[{"count":1,"href":"http:\/\/maismagazine.pt\/index.php\/wp-json\/wp\/v2\/posts\/1739\/revisions"}],"predecessor-version":[{"id":1741,"href":"http:\/\/maismagazine.pt\/index.php\/wp-json\/wp\/v2\/posts\/1739\/revisions\/1741"}],"wp:featuredmedia":[{"embeddable":true,"href":"http:\/\/maismagazine.pt\/index.php\/wp-json\/wp\/v2\/media\/1740"}],"wp:attachment":[{"href":"http:\/\/maismagazine.pt\/index.php\/wp-json\/wp\/v2\/media?parent=1739"}],"wp:term":[{"taxonomy":"category","embeddable":true,"href":"http:\/\/maismagazine.pt\/index.php\/wp-json\/wp\/v2\/categories?post=1739"},{"taxonomy":"post_tag","embeddable":true,"href":"http:\/\/maismagazine.pt\/index.php\/wp-json\/wp\/v2\/tags?post=1739"}],"curies":[{"name":"wp","href":"https:\/\/api.w.org\/{rel}","templated":true}]}}