{"id":1683,"date":"2021-11-27T07:00:00","date_gmt":"2021-11-27T07:00:00","guid":{"rendered":"https:\/\/maismagazine.pt\/?p=1683"},"modified":"2021-11-30T14:16:40","modified_gmt":"2021-11-30T14:16:40","slug":"colegios-fomento-o-prestigio-e-inovacao-no-ensino-em-portugal","status":"publish","type":"post","link":"http:\/\/maismagazine.pt\/index.php\/2021\/11\/27\/colegios-fomento-o-prestigio-e-inovacao-no-ensino-em-portugal\/","title":{"rendered":"Col\u00e9gios Fomento: O prest\u00edgio e inova\u00e7\u00e3o no ensino em Portugal"},"content":{"rendered":"\n<p><strong>Os Col\u00e9gios Fomento nasceram por iniciativa de um grupo de pais em 1978. Atualmente, fazem parte deste projeto os col\u00e9gios Planalto e Mira Rio, em Lisboa, e Cedros e Horizonte, no Porto. Fique a conhecer um pouco melhor, nesta edi\u00e7\u00e3o da Mais Magazine, este distinto exemplo no ensino nacional, que se prop\u00f5e a desenvolver em Portugal um estilo de educa\u00e7\u00e3o personalizada.<\/strong><br><\/p>\n\n\n\n<p>Os Col\u00e9gios Fomento s\u00e3o um fant\u00e1stico exemplo de empreendedorismo social na <a href=\"https:\/\/maismagazine.pt\/index.php\/category\/educacao\/\" target=\"_blank\" rel=\"noreferrer noopener\">\u00e1rea educativa<\/a>, pois nasceram de uma genu\u00edna preocupa\u00e7\u00e3o, de um conjunto de pais, que n\u00e3o prescindiram de ser os protagonistas da educa\u00e7\u00e3o dos seus filhos. N\u00e3o encontrando resposta na oferta escolar existente no mercado, deitaram m\u00e3os \u00e0 obra e, sem qualquer apoio p\u00fablico, iniciaram em duas vivendas os col\u00e9gios Mira Rio e Planalto. A sua determina\u00e7\u00e3o contagiou muitas fam\u00edlias e, em 1979 come\u00e7aram a funcionar no Porto os col\u00e9gios Horizonte o Cedros.<br><\/p>\n\n\n\n<p>Hoje, os col\u00e9gios funcionam em <a href=\"https:\/\/www.colegiosfomento.pt\/\" target=\"_blank\" rel=\"noreferrer noopener\">instala\u00e7\u00f5es<\/a> pensadas de raiz para o fim a que se destinam onde estudam cerca de 1700 alunos, desde os 4 meses (ber\u00e7\u00e1rio) ao 12\u00ba ano. No caso dos col\u00e9gios Planalto e Mira Rio, a partir do 9\u00ba ano \u00e9 lecionado o International Baccalaureate \u2013 uma oferta internacional de elevado prest\u00edgio que capacita os alunos a ingressar em qualquer universidade do mundo. Aqui, a qualidade acad\u00e9mica \u00e9 um pressuposto que se constr\u00f3i numa vis\u00e3o humanista e crist\u00e3 da vida. Como se promove? Em primeiro lugar com uma s\u00f3lida forma\u00e7\u00e3o doutrinal que \u00e9 assessorada pela Prelatura do Opus Dei e depois com um plano estruturado de forma\u00e7\u00e3o dos alunos naqueles que s\u00e3o os valores de sempre. Desde o pr\u00e9-escolar que  os Col\u00e9gios Fomento trabalham com os seus alunos no sentido de irem interiorizando valores como a generosidade, a sinceridade, a ordem, a justi\u00e7a, a amizade, a solidariedade, entre outros, para que, al\u00e9m de bons alunos sejam tamb\u00e9m boas pessoas com um sentido transcendente da vida.<br><\/p>\n\n\n\n<p>Os Col\u00e9gios Fomento prop\u00f5em-se a desenvolver em Portugal o estilo de educa\u00e7\u00e3o personalizada, idealizada e promovida pelo pedagogo e professor catedr\u00e1tico da Universidade Complutense de Madrid, Victor Garcia Hoz, sendo pioneira em v\u00e1rias \u00e1reas pedag\u00f3gicas, muitas delas hoje incorporadas no sistema de ensino portugu\u00eas. Esse compromisso \u00e9 assegurado pelo seu principal ativo, os seus professores. Com um corpo docente s\u00f3lido e est\u00e1vel, que se formou ao longo dos anos nos princ\u00edpios pedag\u00f3gicos de uma educa\u00e7\u00e3o personalizada e diferenciada, os Col\u00e9gios Fomentos asseguram a excel\u00eancia do ensino nacional.<br><\/p>\n\n\n\n<p>Na verdade, a educa\u00e7\u00e3o personalizada, potenciada pelo ensino diferenciado, \u00e9 a principal inova\u00e7\u00e3o dos Col\u00e9gios Fomento. Conhecer cada aluno, as suas capacidades e potencialidades, propondo-lhes constantes desafios \u00e9 imprescind\u00edvel para a institui\u00e7\u00e3o, que recorre a projetos e metodologias ajustadas a cada n\u00edvel de ensino, do ber\u00e7\u00e1rio ao 12\u00ba ano, baseadas nas mais recentes investiga\u00e7\u00f5es no campo da neuroci\u00eancia e da educa\u00e7\u00e3o, a par do recurso ao digital.<br><\/p>\n\n\n\n<p>Falar dos Col\u00e9gios Fomento \u00e9 falar de prest\u00edgio e qualidade, valores basilares que guiam o caminho desta institui\u00e7\u00e3o, que no futuro continuar\u00e1 a ser orientada por uma educa\u00e7\u00e3o personalizada e diferenciada, assente numa forte identidade crist\u00e3, sem nunca o esquecer o seu compromisso com pais, professores e alunos.<\/p>\n","protected":false},"excerpt":{"rendered":"<p>Os Col\u00e9gios Fomento nasceram por iniciativa de um grupo de pais em 1978. Atualmente, fazem parte deste projeto os col\u00e9gios Planalto e Mira Rio, em Lisboa, e Cedros e Horizonte, no Porto. Fique a conhecer um pouco melhor, nesta edi\u00e7\u00e3o da Mais Magazine, este distinto exemplo no ensino nacional, que&hellip;<\/p>\n","protected":false},"author":7,"featured_media":1696,"comment_status":"open","ping_status":"open","sticky":false,"template":"","format":"standard","meta":{"advgb_blocks_editor_width":"","advgb_blocks_columns_visual_guide":"","_monsterinsights_skip_tracking":false,"_monsterinsights_sitenote_active":false,"_monsterinsights_sitenote_note":"","_monsterinsights_sitenote_category":0,"footnotes":""},"categories":[149],"tags":[152,162],"class_list":["post-1683","post","type-post","status-publish","format-standard","has-post-thumbnail","hentry","category-educacao","tag-ensino-de-qualidade","tag-ensino-nacional"],"yoast_head":"<!-- This site is optimized with the Yoast SEO plugin v24.4 - https:\/\/yoast.com\/wordpress\/plugins\/seo\/ -->\n<title>Col\u00e9gios Fomento: O prest\u00edgio e inova\u00e7\u00e3o no ensino em Portugal - Mais Magazine<\/title>\n<meta name=\"description\" content=\"Nasceram em 1978 e atualmente, fazem parte deste projeto os col\u00e9gios Planalto e Mira Rio, em Lisboa, e Cedros e Horizonte, no Porto.\" \/>\n<meta name=\"robots\" content=\"index, follow, max-snippet:-1, max-image-preview:large, max-video-preview:-1\" \/>\n<link rel=\"canonical\" href=\"http:\/\/maismagazine.pt\/index.php\/2021\/11\/27\/colegios-fomento-o-prestigio-e-inovacao-no-ensino-em-portugal\/\" \/>\n<meta property=\"og:locale\" content=\"pt_PT\" \/>\n<meta property=\"og:type\" content=\"article\" \/>\n<meta property=\"og:title\" content=\"Col\u00e9gios Fomento: O prest\u00edgio e inova\u00e7\u00e3o no ensino em Portugal - Mais Magazine\" \/>\n<meta property=\"og:description\" content=\"Nasceram em 1978 e atualmente, fazem parte deste projeto os col\u00e9gios Planalto e Mira Rio, em Lisboa, e Cedros e Horizonte, no Porto.\" \/>\n<meta property=\"og:url\" content=\"http:\/\/maismagazine.pt\/index.php\/2021\/11\/27\/colegios-fomento-o-prestigio-e-inovacao-no-ensino-em-portugal\/\" \/>\n<meta property=\"og:site_name\" content=\"Mais Magazine\" \/>\n<meta property=\"article:published_time\" content=\"2021-11-27T07:00:00+00:00\" \/>\n<meta property=\"article:modified_time\" content=\"2021-11-30T14:16:40+00:00\" \/>\n<meta property=\"og:image\" content=\"http:\/\/maismagazine.pt\/wp-content\/uploads\/2021\/11\/Anuncio-11.png\" \/>\n\t<meta property=\"og:image:width\" content=\"2334\" \/>\n\t<meta property=\"og:image:height\" content=\"458\" \/>\n\t<meta property=\"og:image:type\" content=\"image\/png\" \/>\n<meta name=\"author\" content=\"Jo\u00e3o Malainho\" \/>\n<meta name=\"twitter:card\" content=\"summary_large_image\" \/>\n<meta name=\"twitter:label1\" content=\"Escrito por\" \/>\n\t<meta name=\"twitter:data1\" content=\"\" \/>\n\t<meta name=\"twitter:label2\" content=\"Tempo estimado de leitura\" \/>\n\t<meta name=\"twitter:data2\" content=\"3 minutos\" \/>\n<script type=\"application\/ld+json\" class=\"yoast-schema-graph\">{\"@context\":\"https:\/\/schema.org\",\"@graph\":[{\"@type\":\"Article\",\"@id\":\"http:\/\/maismagazine.pt\/index.php\/2021\/11\/27\/colegios-fomento-o-prestigio-e-inovacao-no-ensino-em-portugal\/#article\",\"isPartOf\":{\"@id\":\"http:\/\/maismagazine.pt\/index.php\/2021\/11\/27\/colegios-fomento-o-prestigio-e-inovacao-no-ensino-em-portugal\/\"},\"author\":{\"name\":\"Jo\u00e3o Malainho\",\"@id\":\"https:\/\/maismagazine.pt\/#\/schema\/person\/999bd426f894ff56d397ec12ebd21ebb\"},\"headline\":\"Col\u00e9gios Fomento: O prest\u00edgio e inova\u00e7\u00e3o no ensino em Portugal\",\"datePublished\":\"2021-11-27T07:00:00+00:00\",\"dateModified\":\"2021-11-30T14:16:40+00:00\",\"mainEntityOfPage\":{\"@id\":\"http:\/\/maismagazine.pt\/index.php\/2021\/11\/27\/colegios-fomento-o-prestigio-e-inovacao-no-ensino-em-portugal\/\"},\"wordCount\":576,\"commentCount\":0,\"publisher\":{\"@id\":\"https:\/\/maismagazine.pt\/#organization\"},\"image\":{\"@id\":\"http:\/\/maismagazine.pt\/index.php\/2021\/11\/27\/colegios-fomento-o-prestigio-e-inovacao-no-ensino-em-portugal\/#primaryimage\"},\"thumbnailUrl\":\"http:\/\/maismagazine.pt\/wp-content\/uploads\/2021\/11\/Anuncio-11.png\",\"keywords\":[\"Ensino de Qualidade\",\"Ensino Nacional\"],\"articleSection\":[\"Educa\u00e7\u00e3o\"],\"inLanguage\":\"pt-PT\",\"potentialAction\":[{\"@type\":\"CommentAction\",\"name\":\"Comment\",\"target\":[\"http:\/\/maismagazine.pt\/index.php\/2021\/11\/27\/colegios-fomento-o-prestigio-e-inovacao-no-ensino-em-portugal\/#respond\"]}]},{\"@type\":\"WebPage\",\"@id\":\"http:\/\/maismagazine.pt\/index.php\/2021\/11\/27\/colegios-fomento-o-prestigio-e-inovacao-no-ensino-em-portugal\/\",\"url\":\"http:\/\/maismagazine.pt\/index.php\/2021\/11\/27\/colegios-fomento-o-prestigio-e-inovacao-no-ensino-em-portugal\/\",\"name\":\"Col\u00e9gios Fomento: O prest\u00edgio e inova\u00e7\u00e3o no ensino em Portugal - Mais Magazine\",\"isPartOf\":{\"@id\":\"https:\/\/maismagazine.pt\/#website\"},\"primaryImageOfPage\":{\"@id\":\"http:\/\/maismagazine.pt\/index.php\/2021\/11\/27\/colegios-fomento-o-prestigio-e-inovacao-no-ensino-em-portugal\/#primaryimage\"},\"image\":{\"@id\":\"http:\/\/maismagazine.pt\/index.php\/2021\/11\/27\/colegios-fomento-o-prestigio-e-inovacao-no-ensino-em-portugal\/#primaryimage\"},\"thumbnailUrl\":\"http:\/\/maismagazine.pt\/wp-content\/uploads\/2021\/11\/Anuncio-11.png\",\"datePublished\":\"2021-11-27T07:00:00+00:00\",\"dateModified\":\"2021-11-30T14:16:40+00:00\",\"description\":\"Nasceram em 1978 e atualmente, fazem parte deste projeto os col\u00e9gios Planalto e Mira Rio, em Lisboa, e Cedros e Horizonte, no Porto.\",\"breadcrumb\":{\"@id\":\"http:\/\/maismagazine.pt\/index.php\/2021\/11\/27\/colegios-fomento-o-prestigio-e-inovacao-no-ensino-em-portugal\/#breadcrumb\"},\"inLanguage\":\"pt-PT\",\"potentialAction\":[{\"@type\":\"ReadAction\",\"target\":[\"http:\/\/maismagazine.pt\/index.php\/2021\/11\/27\/colegios-fomento-o-prestigio-e-inovacao-no-ensino-em-portugal\/\"]}]},{\"@type\":\"ImageObject\",\"inLanguage\":\"pt-PT\",\"@id\":\"http:\/\/maismagazine.pt\/index.php\/2021\/11\/27\/colegios-fomento-o-prestigio-e-inovacao-no-ensino-em-portugal\/#primaryimage\",\"url\":\"http:\/\/maismagazine.pt\/wp-content\/uploads\/2021\/11\/Anuncio-11.png\",\"contentUrl\":\"http:\/\/maismagazine.pt\/wp-content\/uploads\/2021\/11\/Anuncio-11.png\",\"width\":2334,\"height\":458},{\"@type\":\"BreadcrumbList\",\"@id\":\"http:\/\/maismagazine.pt\/index.php\/2021\/11\/27\/colegios-fomento-o-prestigio-e-inovacao-no-ensino-em-portugal\/#breadcrumb\",\"itemListElement\":[{\"@type\":\"ListItem\",\"position\":1,\"name\":\"Home\",\"item\":\"https:\/\/maismagazine.pt\/\"},{\"@type\":\"ListItem\",\"position\":2,\"name\":\"Col\u00e9gios Fomento: O prest\u00edgio e inova\u00e7\u00e3o no ensino em Portugal\"}]},{\"@type\":\"WebSite\",\"@id\":\"https:\/\/maismagazine.pt\/#website\",\"url\":\"https:\/\/maismagazine.pt\/\",\"name\":\"Mais Magazine\",\"description\":\"\",\"publisher\":{\"@id\":\"https:\/\/maismagazine.pt\/#organization\"},\"potentialAction\":[{\"@type\":\"SearchAction\",\"target\":{\"@type\":\"EntryPoint\",\"urlTemplate\":\"https:\/\/maismagazine.pt\/?s={search_term_string}\"},\"query-input\":{\"@type\":\"PropertyValueSpecification\",\"valueRequired\":true,\"valueName\":\"search_term_string\"}}],\"inLanguage\":\"pt-PT\"},{\"@type\":\"Organization\",\"@id\":\"https:\/\/maismagazine.pt\/#organization\",\"name\":\"Mais Magazine\",\"url\":\"https:\/\/maismagazine.pt\/\",\"logo\":{\"@type\":\"ImageObject\",\"inLanguage\":\"pt-PT\",\"@id\":\"https:\/\/maismagazine.pt\/#\/schema\/logo\/image\/\",\"url\":\"http:\/\/maismagazine.pt\/wp-content\/uploads\/2020\/04\/cropped-cropped-mais-magazine-site-logo-2.png\",\"contentUrl\":\"http:\/\/maismagazine.pt\/wp-content\/uploads\/2020\/04\/cropped-cropped-mais-magazine-site-logo-2.png\",\"width\":581,\"height\":90,\"caption\":\"Mais Magazine\"},\"image\":{\"@id\":\"https:\/\/maismagazine.pt\/#\/schema\/logo\/image\/\"}},{\"@type\":\"Person\",\"@id\":\"https:\/\/maismagazine.pt\/#\/schema\/person\/999bd426f894ff56d397ec12ebd21ebb\",\"name\":\"Jo\u00e3o Malainho\",\"image\":{\"@type\":\"ImageObject\",\"inLanguage\":\"pt-PT\",\"@id\":\"https:\/\/maismagazine.pt\/#\/schema\/person\/image\/\",\"url\":\"https:\/\/secure.gravatar.com\/avatar\/ff03c2f38edf60b2a827aa4f74878491?s=96&d=mm&r=g\",\"contentUrl\":\"https:\/\/secure.gravatar.com\/avatar\/ff03c2f38edf60b2a827aa4f74878491?s=96&d=mm&r=g\",\"caption\":\"Jo\u00e3o Malainho\"},\"url\":\"http:\/\/maismagazine.pt\/index.php\/author\/maismagazine\/\"}]}<\/script>\n<!-- \/ Yoast SEO plugin. -->","yoast_head_json":{"title":"Col\u00e9gios Fomento: O prest\u00edgio e inova\u00e7\u00e3o no ensino em Portugal - Mais Magazine","description":"Nasceram em 1978 e atualmente, fazem parte deste projeto os col\u00e9gios Planalto e Mira Rio, em Lisboa, e Cedros e Horizonte, no Porto.","robots":{"index":"index","follow":"follow","max-snippet":"max-snippet:-1","max-image-preview":"max-image-preview:large","max-video-preview":"max-video-preview:-1"},"canonical":"http:\/\/maismagazine.pt\/index.php\/2021\/11\/27\/colegios-fomento-o-prestigio-e-inovacao-no-ensino-em-portugal\/","og_locale":"pt_PT","og_type":"article","og_title":"Col\u00e9gios Fomento: O prest\u00edgio e inova\u00e7\u00e3o no ensino em Portugal - Mais Magazine","og_description":"Nasceram em 1978 e atualmente, fazem parte deste projeto os col\u00e9gios Planalto e Mira Rio, em Lisboa, e Cedros e Horizonte, no Porto.","og_url":"http:\/\/maismagazine.pt\/index.php\/2021\/11\/27\/colegios-fomento-o-prestigio-e-inovacao-no-ensino-em-portugal\/","og_site_name":"Mais Magazine","article_published_time":"2021-11-27T07:00:00+00:00","article_modified_time":"2021-11-30T14:16:40+00:00","og_image":[{"width":2334,"height":458,"url":"http:\/\/maismagazine.pt\/wp-content\/uploads\/2021\/11\/Anuncio-11.png","type":"image\/png"}],"author":"Jo\u00e3o Malainho","twitter_card":"summary_large_image","twitter_misc":{"Escrito por":false,"Tempo estimado de leitura":"3 minutos"},"schema":{"@context":"https:\/\/schema.org","@graph":[{"@type":"Article","@id":"http:\/\/maismagazine.pt\/index.php\/2021\/11\/27\/colegios-fomento-o-prestigio-e-inovacao-no-ensino-em-portugal\/#article","isPartOf":{"@id":"http:\/\/maismagazine.pt\/index.php\/2021\/11\/27\/colegios-fomento-o-prestigio-e-inovacao-no-ensino-em-portugal\/"},"author":{"name":"Jo\u00e3o Malainho","@id":"https:\/\/maismagazine.pt\/#\/schema\/person\/999bd426f894ff56d397ec12ebd21ebb"},"headline":"Col\u00e9gios Fomento: O prest\u00edgio e inova\u00e7\u00e3o no ensino em Portugal","datePublished":"2021-11-27T07:00:00+00:00","dateModified":"2021-11-30T14:16:40+00:00","mainEntityOfPage":{"@id":"http:\/\/maismagazine.pt\/index.php\/2021\/11\/27\/colegios-fomento-o-prestigio-e-inovacao-no-ensino-em-portugal\/"},"wordCount":576,"commentCount":0,"publisher":{"@id":"https:\/\/maismagazine.pt\/#organization"},"image":{"@id":"http:\/\/maismagazine.pt\/index.php\/2021\/11\/27\/colegios-fomento-o-prestigio-e-inovacao-no-ensino-em-portugal\/#primaryimage"},"thumbnailUrl":"http:\/\/maismagazine.pt\/wp-content\/uploads\/2021\/11\/Anuncio-11.png","keywords":["Ensino de Qualidade","Ensino Nacional"],"articleSection":["Educa\u00e7\u00e3o"],"inLanguage":"pt-PT","potentialAction":[{"@type":"CommentAction","name":"Comment","target":["http:\/\/maismagazine.pt\/index.php\/2021\/11\/27\/colegios-fomento-o-prestigio-e-inovacao-no-ensino-em-portugal\/#respond"]}]},{"@type":"WebPage","@id":"http:\/\/maismagazine.pt\/index.php\/2021\/11\/27\/colegios-fomento-o-prestigio-e-inovacao-no-ensino-em-portugal\/","url":"http:\/\/maismagazine.pt\/index.php\/2021\/11\/27\/colegios-fomento-o-prestigio-e-inovacao-no-ensino-em-portugal\/","name":"Col\u00e9gios Fomento: O prest\u00edgio e inova\u00e7\u00e3o no ensino em Portugal - Mais Magazine","isPartOf":{"@id":"https:\/\/maismagazine.pt\/#website"},"primaryImageOfPage":{"@id":"http:\/\/maismagazine.pt\/index.php\/2021\/11\/27\/colegios-fomento-o-prestigio-e-inovacao-no-ensino-em-portugal\/#primaryimage"},"image":{"@id":"http:\/\/maismagazine.pt\/index.php\/2021\/11\/27\/colegios-fomento-o-prestigio-e-inovacao-no-ensino-em-portugal\/#primaryimage"},"thumbnailUrl":"http:\/\/maismagazine.pt\/wp-content\/uploads\/2021\/11\/Anuncio-11.png","datePublished":"2021-11-27T07:00:00+00:00","dateModified":"2021-11-30T14:16:40+00:00","description":"Nasceram em 1978 e atualmente, fazem parte deste projeto os col\u00e9gios Planalto e Mira Rio, em Lisboa, e Cedros e Horizonte, no Porto.","breadcrumb":{"@id":"http:\/\/maismagazine.pt\/index.php\/2021\/11\/27\/colegios-fomento-o-prestigio-e-inovacao-no-ensino-em-portugal\/#breadcrumb"},"inLanguage":"pt-PT","potentialAction":[{"@type":"ReadAction","target":["http:\/\/maismagazine.pt\/index.php\/2021\/11\/27\/colegios-fomento-o-prestigio-e-inovacao-no-ensino-em-portugal\/"]}]},{"@type":"ImageObject","inLanguage":"pt-PT","@id":"http:\/\/maismagazine.pt\/index.php\/2021\/11\/27\/colegios-fomento-o-prestigio-e-inovacao-no-ensino-em-portugal\/#primaryimage","url":"http:\/\/maismagazine.pt\/wp-content\/uploads\/2021\/11\/Anuncio-11.png","contentUrl":"http:\/\/maismagazine.pt\/wp-content\/uploads\/2021\/11\/Anuncio-11.png","width":2334,"height":458},{"@type":"BreadcrumbList","@id":"http:\/\/maismagazine.pt\/index.php\/2021\/11\/27\/colegios-fomento-o-prestigio-e-inovacao-no-ensino-em-portugal\/#breadcrumb","itemListElement":[{"@type":"ListItem","position":1,"name":"Home","item":"https:\/\/maismagazine.pt\/"},{"@type":"ListItem","position":2,"name":"Col\u00e9gios Fomento: O prest\u00edgio e inova\u00e7\u00e3o no ensino em Portugal"}]},{"@type":"WebSite","@id":"https:\/\/maismagazine.pt\/#website","url":"https:\/\/maismagazine.pt\/","name":"Mais Magazine","description":"","publisher":{"@id":"https:\/\/maismagazine.pt\/#organization"},"potentialAction":[{"@type":"SearchAction","target":{"@type":"EntryPoint","urlTemplate":"https:\/\/maismagazine.pt\/?s={search_term_string}"},"query-input":{"@type":"PropertyValueSpecification","valueRequired":true,"valueName":"search_term_string"}}],"inLanguage":"pt-PT"},{"@type":"Organization","@id":"https:\/\/maismagazine.pt\/#organization","name":"Mais Magazine","url":"https:\/\/maismagazine.pt\/","logo":{"@type":"ImageObject","inLanguage":"pt-PT","@id":"https:\/\/maismagazine.pt\/#\/schema\/logo\/image\/","url":"http:\/\/maismagazine.pt\/wp-content\/uploads\/2020\/04\/cropped-cropped-mais-magazine-site-logo-2.png","contentUrl":"http:\/\/maismagazine.pt\/wp-content\/uploads\/2020\/04\/cropped-cropped-mais-magazine-site-logo-2.png","width":581,"height":90,"caption":"Mais Magazine"},"image":{"@id":"https:\/\/maismagazine.pt\/#\/schema\/logo\/image\/"}},{"@type":"Person","@id":"https:\/\/maismagazine.pt\/#\/schema\/person\/999bd426f894ff56d397ec12ebd21ebb","name":"Jo\u00e3o Malainho","image":{"@type":"ImageObject","inLanguage":"pt-PT","@id":"https:\/\/maismagazine.pt\/#\/schema\/person\/image\/","url":"https:\/\/secure.gravatar.com\/avatar\/ff03c2f38edf60b2a827aa4f74878491?s=96&d=mm&r=g","contentUrl":"https:\/\/secure.gravatar.com\/avatar\/ff03c2f38edf60b2a827aa4f74878491?s=96&d=mm&r=g","caption":"Jo\u00e3o Malainho"},"url":"http:\/\/maismagazine.pt\/index.php\/author\/maismagazine\/"}]}},"author_meta":{"display_name":false,"author_link":"http:\/\/maismagazine.pt\/index.php\/author\/maismagazine\/"},"featured_img":"http:\/\/maismagazine.pt\/wp-content\/uploads\/2021\/11\/Anuncio-11-300x59.png","coauthors":[],"tax_additional":{"categories":{"linked":["<a href=\"http:\/\/maismagazine.pt\/index.php\/category\/educacao\/\" class=\"advgb-post-tax-term\">Educa\u00e7\u00e3o<\/a>"],"unlinked":["<span class=\"advgb-post-tax-term\">Educa\u00e7\u00e3o<\/span>"]},"tags":{"linked":["<a href=\"http:\/\/maismagazine.pt\/index.php\/category\/educacao\/\" class=\"advgb-post-tax-term\">Ensino de Qualidade<\/a>","<a href=\"http:\/\/maismagazine.pt\/index.php\/category\/educacao\/\" class=\"advgb-post-tax-term\">Ensino Nacional<\/a>"],"unlinked":["<span class=\"advgb-post-tax-term\">Ensino de Qualidade<\/span>","<span class=\"advgb-post-tax-term\">Ensino Nacional<\/span>"]}},"comment_count":"0","relative_dates":{"created":"Posted 4 anos ago","modified":"Updated 4 anos ago"},"absolute_dates":{"created":"Posted on 27 de Novembro, 2021","modified":"Updated on 30 de Novembro, 2021"},"absolute_dates_time":{"created":"Posted on 27 de Novembro, 2021 7:00","modified":"Updated on 30 de Novembro, 2021 14:16"},"featured_img_caption":"","series_order":"","_links":{"self":[{"href":"http:\/\/maismagazine.pt\/index.php\/wp-json\/wp\/v2\/posts\/1683","targetHints":{"allow":["GET"]}}],"collection":[{"href":"http:\/\/maismagazine.pt\/index.php\/wp-json\/wp\/v2\/posts"}],"about":[{"href":"http:\/\/maismagazine.pt\/index.php\/wp-json\/wp\/v2\/types\/post"}],"author":[{"embeddable":true,"href":"http:\/\/maismagazine.pt\/index.php\/wp-json\/wp\/v2\/users\/7"}],"replies":[{"embeddable":true,"href":"http:\/\/maismagazine.pt\/index.php\/wp-json\/wp\/v2\/comments?post=1683"}],"version-history":[{"count":2,"href":"http:\/\/maismagazine.pt\/index.php\/wp-json\/wp\/v2\/posts\/1683\/revisions"}],"predecessor-version":[{"id":1885,"href":"http:\/\/maismagazine.pt\/index.php\/wp-json\/wp\/v2\/posts\/1683\/revisions\/1885"}],"wp:featuredmedia":[{"embeddable":true,"href":"http:\/\/maismagazine.pt\/index.php\/wp-json\/wp\/v2\/media\/1696"}],"wp:attachment":[{"href":"http:\/\/maismagazine.pt\/index.php\/wp-json\/wp\/v2\/media?parent=1683"}],"wp:term":[{"taxonomy":"category","embeddable":true,"href":"http:\/\/maismagazine.pt\/index.php\/wp-json\/wp\/v2\/categories?post=1683"},{"taxonomy":"post_tag","embeddable":true,"href":"http:\/\/maismagazine.pt\/index.php\/wp-json\/wp\/v2\/tags?post=1683"}],"curies":[{"name":"wp","href":"https:\/\/api.w.org\/{rel}","templated":true}]}}