{"id":1646,"date":"2021-11-27T07:00:00","date_gmt":"2021-11-27T07:00:00","guid":{"rendered":"https:\/\/maismagazine.pt\/?p=1646"},"modified":"2021-11-30T14:17:00","modified_gmt":"2021-11-30T14:17:00","slug":"marlene-assis-e-filipe-silva-profissionalismo-e-dedicacao-no-mercado-imobiliario","status":"publish","type":"post","link":"http:\/\/maismagazine.pt\/index.php\/2021\/11\/27\/marlene-assis-e-filipe-silva-profissionalismo-e-dedicacao-no-mercado-imobiliario\/","title":{"rendered":"Marlene Assis e Filipe Silva- Profissionalismo e dedica\u00e7\u00e3o no mercado imobili\u00e1rio"},"content":{"rendered":"\n<p><strong>Marlene Assis e Filipe Silva lideram a equipa Marlene Assis &amp; Filipe Silva Consultores Imobili\u00e1rios RE\/MAX CLASS.<br>Quem com eles trabalha sabe que valores como a dedica\u00e7\u00e3o e o car\u00e1cter s\u00e3o os principais alicerces do seu percurso<br>profissional. Fique a conhecer um pouco melhor os empres\u00e1rios, l\u00edderes e profissionais que v\u00eam conquistando o<br>ramo imobili\u00e1rio nortenho.<\/strong><\/p>\n\n\n\n<p><\/p>\n\n\n\n<p>Marlene Assis e Filipe Silva lideram hoje a equipa Marlene Assis &amp; Filipe Silva Consultores Imobili\u00e1rios RE\/MAX CLASS, mas o <a href=\"https:\/\/maismagazine.pt\/index.php\/category\/empreendedorismo\/imobiliario\/\" target=\"_blank\" rel=\"noreferrer noopener\">ramo<\/a> imobili\u00e1rio nem sempre fez parte dos planos dos nossos entrevistados. \u201cSempre foi uma \u00e1rea que me despertou bastante interesse, no entanto como n\u00e3o existe um ordenado fixo mensal nunca avancei, com o receio normal de n\u00e3o conseguir cumprir com as obriga\u00e7\u00f5es\u201d, come\u00e7a por nos confidenciar Marlene Assis. No entanto, o receio acabou por dar lugar \u00e0 vontade de arriscar e, ap\u00f3s o nascimento do filho, Marlene Assis decide, finalmente, entrar no ramo imobili\u00e1rio. \u201cO primeiro ano foi desgastante\u201d, assume, mas a vontade de fazer mais e melhor levou-a a n\u00e3o desistir e, n\u00e3o s\u00f3 conseguiu vencer todos os obst\u00e1culos, como passou tamb\u00e9m a contar com a colabora\u00e7\u00e3o do marido, Filipe Silva, neste projeto vencedor.<\/p>\n\n\n\n<p><\/p>\n\n\n\n<p><strong>Clientes para toda a vida<\/strong><br>O \u00eaxito do <a href=\"https:\/\/www.facebook.com\/marleneassisfilipesilvaremaxclassrt\/\" target=\"_blank\" rel=\"noreferrer noopener\">projeto<\/a> \u00e9 evidente. Prova disso, foi o reconhecimento recebido por parte do Grupo CLASS, que proporcionou \u00e0 equipa um escrit\u00f3rio pr\u00f3prio, para receber todos os clientes, assim como os diversos pr\u00e9mios e reconhecimentos alcan\u00e7ados pela equipa. Para Marlene Assis e Filipe Silva o segredo por detr\u00e1s do sucesso \u00e9 bastante simples: \u201cSinceridade acima de tudo e nunca desistir de um cliente\u201d.<br><\/p>\n\n\n\n<p>A seriedade e o profissionalismo s\u00e3o o mais importante e a principal caracter\u00edstica da equipa que lideram. \u201cO nosso lema \u00e9 fazer pelos nossos clientes o que gostar\u00edamos que fizessem  por n\u00f3s. Olhamos para este neg\u00f3cio como uma oportunidade de ajudar algu\u00e9m, quer seja a vender, comprar ou arrendar\u201d, afirmam.<br><\/p>\n\n\n\n<p>A equipa Marlene Assis &amp; Filipe Silva Consultores Imobili\u00e1rios RE\/MAX \u00e9, acima de tudo, feita de pessoas para pessoas. Obviamente, a ambi\u00e7\u00e3o tamb\u00e9m faz parte da f\u00f3rmula de sucesso, mas s\u00e3o sobretudo valores como a seriedade, a dedica\u00e7\u00e3o, o empenho e o profissionalismo que diferenciam esta equipa no mercado imobili\u00e1rio. Prova indiscut\u00edvel s\u00e3o as sucessivas premia\u00e7\u00f5es que a equipa j\u00e1 alcan\u00e7ou em apenas cinco anos de atividade. \u201cDedicamo-nos a 100 por cento a este projeto, s\u00f3 assim conseguimos criar la\u00e7os e ter clientes para toda a vida\u201d, assumem.<\/p>\n\n\n\n<p><\/p>\n\n\n\n<p><strong>Novas oportunidades de neg\u00f3cio<\/strong><br>A Covid-19 trouxe consigo in\u00fameras mudan\u00e7as e foram v\u00e1rias as \u00e1reas que sofreram o impacto provocado pela pandemia. Apesar disso, o setor imobili\u00e1rio mant\u00e9m as tend\u00eancias de crescimento da procura registadas desde o final do ano passado. Num mercado onde a troca entre a empresa e o cliente se baseia na confian\u00e7a, a digitaliza\u00e7\u00e3o no mercado imobili\u00e1rio representou mais do que a ado\u00e7\u00e3o de tecnologia nos processos. Trouxe tamb\u00e9m maior seguran\u00e7a e uma nova mentalidade na maneira de fechar uma nova compra. \u201cA Covid-19 veio dificultar imenso o cumprimento dos nossos objetivos. Tivemos que parar e repensar a nossa forma de trabalhar. Foi quando come\u00e7amos a gravar v\u00eddeos para apresenta\u00e7\u00e3o dos im\u00f3veis, para autopromo\u00e7\u00e3o e a apostar fortemente nas redes sociais\u201d, afirma Marlene Assis. A fibra de que \u00e9 feita esta equipa, permitiu, n\u00e3o s\u00f3 ultrapassar todos os obst\u00e1culos como tamb\u00e9m, encontrar novas oportunidades de neg\u00f3cio. \u201cDesde h\u00e1 dois anos temos vindo a desenvolver outra vertente do neg\u00f3cio, usando o contrato exclusivo de compradores, que nos permite dar um acompanhamento mais eficaz e personalizado ao cliente comprador\u201d, confidencia.<\/p>\n\n\n\n<p><\/p>\n\n\n\n<p>Falar da equipa Marlene Assis &amp; Filipe Silva Consultores Imobili\u00e1rios RE\/MAX CLASS \u00e9 falar de sucesso. Para o futuro, os objetivos passam por aumentar a equipa, mantendo sempre os valores que fazem parte do seu ADN e que lhe t\u00eam permitido alcan\u00e7ar o seu principal objetivo: satisfazer os seus clientes<\/p>\n","protected":false},"excerpt":{"rendered":"<p>Marlene Assis e Filipe Silva lideram a equipa Marlene Assis &amp; Filipe Silva Consultores Imobili\u00e1rios RE\/MAX CLASS.Quem com eles trabalha sabe que valores como a dedica\u00e7\u00e3o e o car\u00e1cter s\u00e3o os principais alicerces do seu percursoprofissional. Fique a conhecer um pouco melhor os empres\u00e1rios, l\u00edderes e profissionais que v\u00eam conquistando&hellip;<\/p>\n","protected":false},"author":7,"featured_media":1647,"comment_status":"open","ping_status":"open","sticky":false,"template":"","format":"standard","meta":{"advgb_blocks_editor_width":"","advgb_blocks_columns_visual_guide":"","_monsterinsights_skip_tracking":false,"_monsterinsights_sitenote_active":false,"_monsterinsights_sitenote_note":"","_monsterinsights_sitenote_category":0,"footnotes":""},"categories":[6,137],"tags":[144,139],"class_list":["post-1646","post","type-post","status-publish","format-standard","has-post-thumbnail","hentry","category-empreendedorismo","category-imobiliario","tag-re-max-class","tag-sucesso"],"yoast_head":"<!-- This site is optimized with the Yoast SEO plugin v24.4 - https:\/\/yoast.com\/wordpress\/plugins\/seo\/ -->\n<title>Marlene Assis e Filipe Silva- Profissionalismo e dedica\u00e7\u00e3o no mercado imobili\u00e1rio - Mais Magazine<\/title>\n<meta name=\"description\" content=\"Quem com eles trabalha sabe que valores como a dedica\u00e7\u00e3o e o car\u00e1cter s\u00e3o os principais alicerces do seu percurso profissional.\" \/>\n<meta name=\"robots\" content=\"index, follow, max-snippet:-1, max-image-preview:large, max-video-preview:-1\" \/>\n<link rel=\"canonical\" href=\"http:\/\/maismagazine.pt\/index.php\/2021\/11\/27\/marlene-assis-e-filipe-silva-profissionalismo-e-dedicacao-no-mercado-imobiliario\/\" \/>\n<meta property=\"og:locale\" content=\"pt_PT\" \/>\n<meta property=\"og:type\" content=\"article\" \/>\n<meta property=\"og:title\" content=\"Marlene Assis e Filipe Silva- Profissionalismo e dedica\u00e7\u00e3o no mercado imobili\u00e1rio - Mais Magazine\" \/>\n<meta property=\"og:description\" content=\"Quem com eles trabalha sabe que valores como a dedica\u00e7\u00e3o e o car\u00e1cter s\u00e3o os principais alicerces do seu percurso profissional.\" \/>\n<meta property=\"og:url\" content=\"http:\/\/maismagazine.pt\/index.php\/2021\/11\/27\/marlene-assis-e-filipe-silva-profissionalismo-e-dedicacao-no-mercado-imobiliario\/\" \/>\n<meta property=\"og:site_name\" content=\"Mais Magazine\" \/>\n<meta property=\"article:published_time\" content=\"2021-11-27T07:00:00+00:00\" \/>\n<meta property=\"article:modified_time\" content=\"2021-11-30T14:17:00+00:00\" \/>\n<meta property=\"og:image\" content=\"http:\/\/maismagazine.pt\/wp-content\/uploads\/2021\/11\/Foto-1024x741.jpg\" \/>\n\t<meta property=\"og:image:width\" content=\"1024\" \/>\n\t<meta property=\"og:image:height\" content=\"741\" \/>\n\t<meta property=\"og:image:type\" content=\"image\/jpeg\" \/>\n<meta name=\"author\" content=\"Jo\u00e3o Malainho\" \/>\n<meta name=\"twitter:card\" content=\"summary_large_image\" \/>\n<meta name=\"twitter:label1\" content=\"Escrito por\" \/>\n\t<meta name=\"twitter:data1\" content=\"\" \/>\n\t<meta name=\"twitter:label2\" content=\"Tempo estimado de leitura\" \/>\n\t<meta name=\"twitter:data2\" content=\"3 minutos\" \/>\n<script type=\"application\/ld+json\" class=\"yoast-schema-graph\">{\"@context\":\"https:\/\/schema.org\",\"@graph\":[{\"@type\":\"Article\",\"@id\":\"http:\/\/maismagazine.pt\/index.php\/2021\/11\/27\/marlene-assis-e-filipe-silva-profissionalismo-e-dedicacao-no-mercado-imobiliario\/#article\",\"isPartOf\":{\"@id\":\"http:\/\/maismagazine.pt\/index.php\/2021\/11\/27\/marlene-assis-e-filipe-silva-profissionalismo-e-dedicacao-no-mercado-imobiliario\/\"},\"author\":{\"name\":\"Jo\u00e3o Malainho\",\"@id\":\"https:\/\/maismagazine.pt\/#\/schema\/person\/999bd426f894ff56d397ec12ebd21ebb\"},\"headline\":\"Marlene Assis e Filipe Silva- Profissionalismo e dedica\u00e7\u00e3o no mercado imobili\u00e1rio\",\"datePublished\":\"2021-11-27T07:00:00+00:00\",\"dateModified\":\"2021-11-30T14:17:00+00:00\",\"mainEntityOfPage\":{\"@id\":\"http:\/\/maismagazine.pt\/index.php\/2021\/11\/27\/marlene-assis-e-filipe-silva-profissionalismo-e-dedicacao-no-mercado-imobiliario\/\"},\"wordCount\":706,\"commentCount\":0,\"publisher\":{\"@id\":\"https:\/\/maismagazine.pt\/#organization\"},\"image\":{\"@id\":\"http:\/\/maismagazine.pt\/index.php\/2021\/11\/27\/marlene-assis-e-filipe-silva-profissionalismo-e-dedicacao-no-mercado-imobiliario\/#primaryimage\"},\"thumbnailUrl\":\"http:\/\/maismagazine.pt\/wp-content\/uploads\/2021\/11\/Foto.jpg\",\"keywords\":[\"RE\/MAX CLASS\",\"Sucesso\"],\"articleSection\":[\"Empreendedorismo\",\"Imobili\u00e1rio\"],\"inLanguage\":\"pt-PT\",\"potentialAction\":[{\"@type\":\"CommentAction\",\"name\":\"Comment\",\"target\":[\"http:\/\/maismagazine.pt\/index.php\/2021\/11\/27\/marlene-assis-e-filipe-silva-profissionalismo-e-dedicacao-no-mercado-imobiliario\/#respond\"]}]},{\"@type\":\"WebPage\",\"@id\":\"http:\/\/maismagazine.pt\/index.php\/2021\/11\/27\/marlene-assis-e-filipe-silva-profissionalismo-e-dedicacao-no-mercado-imobiliario\/\",\"url\":\"http:\/\/maismagazine.pt\/index.php\/2021\/11\/27\/marlene-assis-e-filipe-silva-profissionalismo-e-dedicacao-no-mercado-imobiliario\/\",\"name\":\"Marlene Assis e Filipe Silva- Profissionalismo e dedica\u00e7\u00e3o no mercado imobili\u00e1rio - Mais Magazine\",\"isPartOf\":{\"@id\":\"https:\/\/maismagazine.pt\/#website\"},\"primaryImageOfPage\":{\"@id\":\"http:\/\/maismagazine.pt\/index.php\/2021\/11\/27\/marlene-assis-e-filipe-silva-profissionalismo-e-dedicacao-no-mercado-imobiliario\/#primaryimage\"},\"image\":{\"@id\":\"http:\/\/maismagazine.pt\/index.php\/2021\/11\/27\/marlene-assis-e-filipe-silva-profissionalismo-e-dedicacao-no-mercado-imobiliario\/#primaryimage\"},\"thumbnailUrl\":\"http:\/\/maismagazine.pt\/wp-content\/uploads\/2021\/11\/Foto.jpg\",\"datePublished\":\"2021-11-27T07:00:00+00:00\",\"dateModified\":\"2021-11-30T14:17:00+00:00\",\"description\":\"Quem com eles trabalha sabe que valores como a dedica\u00e7\u00e3o e o car\u00e1cter s\u00e3o os principais alicerces do seu percurso profissional.\",\"breadcrumb\":{\"@id\":\"http:\/\/maismagazine.pt\/index.php\/2021\/11\/27\/marlene-assis-e-filipe-silva-profissionalismo-e-dedicacao-no-mercado-imobiliario\/#breadcrumb\"},\"inLanguage\":\"pt-PT\",\"potentialAction\":[{\"@type\":\"ReadAction\",\"target\":[\"http:\/\/maismagazine.pt\/index.php\/2021\/11\/27\/marlene-assis-e-filipe-silva-profissionalismo-e-dedicacao-no-mercado-imobiliario\/\"]}]},{\"@type\":\"ImageObject\",\"inLanguage\":\"pt-PT\",\"@id\":\"http:\/\/maismagazine.pt\/index.php\/2021\/11\/27\/marlene-assis-e-filipe-silva-profissionalismo-e-dedicacao-no-mercado-imobiliario\/#primaryimage\",\"url\":\"http:\/\/maismagazine.pt\/wp-content\/uploads\/2021\/11\/Foto.jpg\",\"contentUrl\":\"http:\/\/maismagazine.pt\/wp-content\/uploads\/2021\/11\/Foto.jpg\",\"width\":1221,\"height\":884},{\"@type\":\"BreadcrumbList\",\"@id\":\"http:\/\/maismagazine.pt\/index.php\/2021\/11\/27\/marlene-assis-e-filipe-silva-profissionalismo-e-dedicacao-no-mercado-imobiliario\/#breadcrumb\",\"itemListElement\":[{\"@type\":\"ListItem\",\"position\":1,\"name\":\"Home\",\"item\":\"https:\/\/maismagazine.pt\/\"},{\"@type\":\"ListItem\",\"position\":2,\"name\":\"Marlene Assis e Filipe Silva- Profissionalismo e dedica\u00e7\u00e3o no mercado imobili\u00e1rio\"}]},{\"@type\":\"WebSite\",\"@id\":\"https:\/\/maismagazine.pt\/#website\",\"url\":\"https:\/\/maismagazine.pt\/\",\"name\":\"Mais Magazine\",\"description\":\"\",\"publisher\":{\"@id\":\"https:\/\/maismagazine.pt\/#organization\"},\"potentialAction\":[{\"@type\":\"SearchAction\",\"target\":{\"@type\":\"EntryPoint\",\"urlTemplate\":\"https:\/\/maismagazine.pt\/?s={search_term_string}\"},\"query-input\":{\"@type\":\"PropertyValueSpecification\",\"valueRequired\":true,\"valueName\":\"search_term_string\"}}],\"inLanguage\":\"pt-PT\"},{\"@type\":\"Organization\",\"@id\":\"https:\/\/maismagazine.pt\/#organization\",\"name\":\"Mais Magazine\",\"url\":\"https:\/\/maismagazine.pt\/\",\"logo\":{\"@type\":\"ImageObject\",\"inLanguage\":\"pt-PT\",\"@id\":\"https:\/\/maismagazine.pt\/#\/schema\/logo\/image\/\",\"url\":\"http:\/\/maismagazine.pt\/wp-content\/uploads\/2020\/04\/cropped-cropped-mais-magazine-site-logo-2.png\",\"contentUrl\":\"http:\/\/maismagazine.pt\/wp-content\/uploads\/2020\/04\/cropped-cropped-mais-magazine-site-logo-2.png\",\"width\":581,\"height\":90,\"caption\":\"Mais Magazine\"},\"image\":{\"@id\":\"https:\/\/maismagazine.pt\/#\/schema\/logo\/image\/\"}},{\"@type\":\"Person\",\"@id\":\"https:\/\/maismagazine.pt\/#\/schema\/person\/999bd426f894ff56d397ec12ebd21ebb\",\"name\":\"Jo\u00e3o Malainho\",\"image\":{\"@type\":\"ImageObject\",\"inLanguage\":\"pt-PT\",\"@id\":\"https:\/\/maismagazine.pt\/#\/schema\/person\/image\/\",\"url\":\"https:\/\/secure.gravatar.com\/avatar\/ff03c2f38edf60b2a827aa4f74878491?s=96&d=mm&r=g\",\"contentUrl\":\"https:\/\/secure.gravatar.com\/avatar\/ff03c2f38edf60b2a827aa4f74878491?s=96&d=mm&r=g\",\"caption\":\"Jo\u00e3o Malainho\"},\"url\":\"http:\/\/maismagazine.pt\/index.php\/author\/maismagazine\/\"}]}<\/script>\n<!-- \/ Yoast SEO plugin. -->","yoast_head_json":{"title":"Marlene Assis e Filipe Silva- Profissionalismo e dedica\u00e7\u00e3o no mercado imobili\u00e1rio - Mais Magazine","description":"Quem com eles trabalha sabe que valores como a dedica\u00e7\u00e3o e o car\u00e1cter s\u00e3o os principais alicerces do seu percurso profissional.","robots":{"index":"index","follow":"follow","max-snippet":"max-snippet:-1","max-image-preview":"max-image-preview:large","max-video-preview":"max-video-preview:-1"},"canonical":"http:\/\/maismagazine.pt\/index.php\/2021\/11\/27\/marlene-assis-e-filipe-silva-profissionalismo-e-dedicacao-no-mercado-imobiliario\/","og_locale":"pt_PT","og_type":"article","og_title":"Marlene Assis e Filipe Silva- Profissionalismo e dedica\u00e7\u00e3o no mercado imobili\u00e1rio - Mais Magazine","og_description":"Quem com eles trabalha sabe que valores como a dedica\u00e7\u00e3o e o car\u00e1cter s\u00e3o os principais alicerces do seu percurso profissional.","og_url":"http:\/\/maismagazine.pt\/index.php\/2021\/11\/27\/marlene-assis-e-filipe-silva-profissionalismo-e-dedicacao-no-mercado-imobiliario\/","og_site_name":"Mais Magazine","article_published_time":"2021-11-27T07:00:00+00:00","article_modified_time":"2021-11-30T14:17:00+00:00","og_image":[{"width":1024,"height":741,"url":"http:\/\/maismagazine.pt\/wp-content\/uploads\/2021\/11\/Foto-1024x741.jpg","type":"image\/jpeg"}],"author":"Jo\u00e3o Malainho","twitter_card":"summary_large_image","twitter_misc":{"Escrito por":false,"Tempo estimado de leitura":"3 minutos"},"schema":{"@context":"https:\/\/schema.org","@graph":[{"@type":"Article","@id":"http:\/\/maismagazine.pt\/index.php\/2021\/11\/27\/marlene-assis-e-filipe-silva-profissionalismo-e-dedicacao-no-mercado-imobiliario\/#article","isPartOf":{"@id":"http:\/\/maismagazine.pt\/index.php\/2021\/11\/27\/marlene-assis-e-filipe-silva-profissionalismo-e-dedicacao-no-mercado-imobiliario\/"},"author":{"name":"Jo\u00e3o Malainho","@id":"https:\/\/maismagazine.pt\/#\/schema\/person\/999bd426f894ff56d397ec12ebd21ebb"},"headline":"Marlene Assis e Filipe Silva- Profissionalismo e dedica\u00e7\u00e3o no mercado imobili\u00e1rio","datePublished":"2021-11-27T07:00:00+00:00","dateModified":"2021-11-30T14:17:00+00:00","mainEntityOfPage":{"@id":"http:\/\/maismagazine.pt\/index.php\/2021\/11\/27\/marlene-assis-e-filipe-silva-profissionalismo-e-dedicacao-no-mercado-imobiliario\/"},"wordCount":706,"commentCount":0,"publisher":{"@id":"https:\/\/maismagazine.pt\/#organization"},"image":{"@id":"http:\/\/maismagazine.pt\/index.php\/2021\/11\/27\/marlene-assis-e-filipe-silva-profissionalismo-e-dedicacao-no-mercado-imobiliario\/#primaryimage"},"thumbnailUrl":"http:\/\/maismagazine.pt\/wp-content\/uploads\/2021\/11\/Foto.jpg","keywords":["RE\/MAX CLASS","Sucesso"],"articleSection":["Empreendedorismo","Imobili\u00e1rio"],"inLanguage":"pt-PT","potentialAction":[{"@type":"CommentAction","name":"Comment","target":["http:\/\/maismagazine.pt\/index.php\/2021\/11\/27\/marlene-assis-e-filipe-silva-profissionalismo-e-dedicacao-no-mercado-imobiliario\/#respond"]}]},{"@type":"WebPage","@id":"http:\/\/maismagazine.pt\/index.php\/2021\/11\/27\/marlene-assis-e-filipe-silva-profissionalismo-e-dedicacao-no-mercado-imobiliario\/","url":"http:\/\/maismagazine.pt\/index.php\/2021\/11\/27\/marlene-assis-e-filipe-silva-profissionalismo-e-dedicacao-no-mercado-imobiliario\/","name":"Marlene Assis e Filipe Silva- Profissionalismo e dedica\u00e7\u00e3o no mercado imobili\u00e1rio - Mais Magazine","isPartOf":{"@id":"https:\/\/maismagazine.pt\/#website"},"primaryImageOfPage":{"@id":"http:\/\/maismagazine.pt\/index.php\/2021\/11\/27\/marlene-assis-e-filipe-silva-profissionalismo-e-dedicacao-no-mercado-imobiliario\/#primaryimage"},"image":{"@id":"http:\/\/maismagazine.pt\/index.php\/2021\/11\/27\/marlene-assis-e-filipe-silva-profissionalismo-e-dedicacao-no-mercado-imobiliario\/#primaryimage"},"thumbnailUrl":"http:\/\/maismagazine.pt\/wp-content\/uploads\/2021\/11\/Foto.jpg","datePublished":"2021-11-27T07:00:00+00:00","dateModified":"2021-11-30T14:17:00+00:00","description":"Quem com eles trabalha sabe que valores como a dedica\u00e7\u00e3o e o car\u00e1cter s\u00e3o os principais alicerces do seu percurso profissional.","breadcrumb":{"@id":"http:\/\/maismagazine.pt\/index.php\/2021\/11\/27\/marlene-assis-e-filipe-silva-profissionalismo-e-dedicacao-no-mercado-imobiliario\/#breadcrumb"},"inLanguage":"pt-PT","potentialAction":[{"@type":"ReadAction","target":["http:\/\/maismagazine.pt\/index.php\/2021\/11\/27\/marlene-assis-e-filipe-silva-profissionalismo-e-dedicacao-no-mercado-imobiliario\/"]}]},{"@type":"ImageObject","inLanguage":"pt-PT","@id":"http:\/\/maismagazine.pt\/index.php\/2021\/11\/27\/marlene-assis-e-filipe-silva-profissionalismo-e-dedicacao-no-mercado-imobiliario\/#primaryimage","url":"http:\/\/maismagazine.pt\/wp-content\/uploads\/2021\/11\/Foto.jpg","contentUrl":"http:\/\/maismagazine.pt\/wp-content\/uploads\/2021\/11\/Foto.jpg","width":1221,"height":884},{"@type":"BreadcrumbList","@id":"http:\/\/maismagazine.pt\/index.php\/2021\/11\/27\/marlene-assis-e-filipe-silva-profissionalismo-e-dedicacao-no-mercado-imobiliario\/#breadcrumb","itemListElement":[{"@type":"ListItem","position":1,"name":"Home","item":"https:\/\/maismagazine.pt\/"},{"@type":"ListItem","position":2,"name":"Marlene Assis e Filipe Silva- Profissionalismo e dedica\u00e7\u00e3o no mercado imobili\u00e1rio"}]},{"@type":"WebSite","@id":"https:\/\/maismagazine.pt\/#website","url":"https:\/\/maismagazine.pt\/","name":"Mais Magazine","description":"","publisher":{"@id":"https:\/\/maismagazine.pt\/#organization"},"potentialAction":[{"@type":"SearchAction","target":{"@type":"EntryPoint","urlTemplate":"https:\/\/maismagazine.pt\/?s={search_term_string}"},"query-input":{"@type":"PropertyValueSpecification","valueRequired":true,"valueName":"search_term_string"}}],"inLanguage":"pt-PT"},{"@type":"Organization","@id":"https:\/\/maismagazine.pt\/#organization","name":"Mais Magazine","url":"https:\/\/maismagazine.pt\/","logo":{"@type":"ImageObject","inLanguage":"pt-PT","@id":"https:\/\/maismagazine.pt\/#\/schema\/logo\/image\/","url":"http:\/\/maismagazine.pt\/wp-content\/uploads\/2020\/04\/cropped-cropped-mais-magazine-site-logo-2.png","contentUrl":"http:\/\/maismagazine.pt\/wp-content\/uploads\/2020\/04\/cropped-cropped-mais-magazine-site-logo-2.png","width":581,"height":90,"caption":"Mais Magazine"},"image":{"@id":"https:\/\/maismagazine.pt\/#\/schema\/logo\/image\/"}},{"@type":"Person","@id":"https:\/\/maismagazine.pt\/#\/schema\/person\/999bd426f894ff56d397ec12ebd21ebb","name":"Jo\u00e3o Malainho","image":{"@type":"ImageObject","inLanguage":"pt-PT","@id":"https:\/\/maismagazine.pt\/#\/schema\/person\/image\/","url":"https:\/\/secure.gravatar.com\/avatar\/ff03c2f38edf60b2a827aa4f74878491?s=96&d=mm&r=g","contentUrl":"https:\/\/secure.gravatar.com\/avatar\/ff03c2f38edf60b2a827aa4f74878491?s=96&d=mm&r=g","caption":"Jo\u00e3o Malainho"},"url":"http:\/\/maismagazine.pt\/index.php\/author\/maismagazine\/"}]}},"author_meta":{"display_name":false,"author_link":"http:\/\/maismagazine.pt\/index.php\/author\/maismagazine\/"},"featured_img":"http:\/\/maismagazine.pt\/wp-content\/uploads\/2021\/11\/Foto-300x217.jpg","coauthors":[],"tax_additional":{"categories":{"linked":["<a href=\"http:\/\/maismagazine.pt\/index.php\/category\/empreendedorismo\/\" class=\"advgb-post-tax-term\">Empreendedorismo<\/a>","<a href=\"http:\/\/maismagazine.pt\/index.php\/category\/empreendedorismo\/imobiliario\/\" class=\"advgb-post-tax-term\">Imobili\u00e1rio<\/a>"],"unlinked":["<span class=\"advgb-post-tax-term\">Empreendedorismo<\/span>","<span class=\"advgb-post-tax-term\">Imobili\u00e1rio<\/span>"]},"tags":{"linked":["<a href=\"http:\/\/maismagazine.pt\/index.php\/category\/empreendedorismo\/imobiliario\/\" class=\"advgb-post-tax-term\">RE\/MAX CLASS<\/a>","<a href=\"http:\/\/maismagazine.pt\/index.php\/category\/empreendedorismo\/imobiliario\/\" class=\"advgb-post-tax-term\">Sucesso<\/a>"],"unlinked":["<span class=\"advgb-post-tax-term\">RE\/MAX CLASS<\/span>","<span class=\"advgb-post-tax-term\">Sucesso<\/span>"]}},"comment_count":"0","relative_dates":{"created":"Posted 4 anos ago","modified":"Updated 4 anos ago"},"absolute_dates":{"created":"Posted on 27 de Novembro, 2021","modified":"Updated on 30 de Novembro, 2021"},"absolute_dates_time":{"created":"Posted on 27 de Novembro, 2021 7:00","modified":"Updated on 30 de Novembro, 2021 14:17"},"featured_img_caption":"","series_order":"","_links":{"self":[{"href":"http:\/\/maismagazine.pt\/index.php\/wp-json\/wp\/v2\/posts\/1646","targetHints":{"allow":["GET"]}}],"collection":[{"href":"http:\/\/maismagazine.pt\/index.php\/wp-json\/wp\/v2\/posts"}],"about":[{"href":"http:\/\/maismagazine.pt\/index.php\/wp-json\/wp\/v2\/types\/post"}],"author":[{"embeddable":true,"href":"http:\/\/maismagazine.pt\/index.php\/wp-json\/wp\/v2\/users\/7"}],"replies":[{"embeddable":true,"href":"http:\/\/maismagazine.pt\/index.php\/wp-json\/wp\/v2\/comments?post=1646"}],"version-history":[{"count":2,"href":"http:\/\/maismagazine.pt\/index.php\/wp-json\/wp\/v2\/posts\/1646\/revisions"}],"predecessor-version":[{"id":1890,"href":"http:\/\/maismagazine.pt\/index.php\/wp-json\/wp\/v2\/posts\/1646\/revisions\/1890"}],"wp:featuredmedia":[{"embeddable":true,"href":"http:\/\/maismagazine.pt\/index.php\/wp-json\/wp\/v2\/media\/1647"}],"wp:attachment":[{"href":"http:\/\/maismagazine.pt\/index.php\/wp-json\/wp\/v2\/media?parent=1646"}],"wp:term":[{"taxonomy":"category","embeddable":true,"href":"http:\/\/maismagazine.pt\/index.php\/wp-json\/wp\/v2\/categories?post=1646"},{"taxonomy":"post_tag","embeddable":true,"href":"http:\/\/maismagazine.pt\/index.php\/wp-json\/wp\/v2\/tags?post=1646"}],"curies":[{"name":"wp","href":"https:\/\/api.w.org\/{rel}","templated":true}]}}