{"id":1619,"date":"2021-11-27T07:30:00","date_gmt":"2021-11-27T07:30:00","guid":{"rendered":"https:\/\/maismagazine.pt\/?p=1619"},"modified":"2021-11-22T15:30:14","modified_gmt":"2021-11-22T15:30:14","slug":"predimed-a-sua-casa-mora-aqui","status":"publish","type":"post","link":"http:\/\/maismagazine.pt\/index.php\/2021\/11\/27\/predimed-a-sua-casa-mora-aqui\/","title":{"rendered":"PREDIMED \u2013 A sua casa mora aqui"},"content":{"rendered":"\n<p><strong>Criada em 2004, a PREDIMED \u00e9 a maior marca portuguesa de media\u00e7\u00e3o imobili\u00e1ria. Com uma rede de ag\u00eancias e consultores espalhada por todo o pa\u00eds, continente e ilhas, a marca, criada por Miguel Ribeiro, vem sendo guiada por valores como a honestidade, profissionalismo e dedica\u00e7\u00e3o. Nesta edi\u00e7\u00e3o da Mais Magazine damos-lhe a conhecer, pela voz e testemunho do seu fundador, a g\u00e9nese, o percurso e o futuro da marca portuguesa que conta j\u00e1 com mais de 1.000 consultores e 100 pontos de venda em todo o territ\u00f3rio nacional. <\/strong><\/p>\n\n\n\n<p><\/p>\n\n\n\n<p>Foi pelas m\u00e3os de Miguel Ribeiro que nasceu, em 2004, a marca registada de media\u00e7\u00e3o imobili\u00e1ria PREDIMED. O projeto que come\u00e7ou por um acaso \u00e9 hoje um distinto exemplo de sucesso a n\u00edvel nacional. Guiada por valores como a honestidade, profissionalismo e dedica\u00e7\u00e3o, a PREDIMED refor\u00e7a, a cada dia, a sua posi\u00e7\u00e3o de destaque no mercado imobili\u00e1rio portugu\u00eas. \u201cNa verdade, a minha vinda para a media\u00e7\u00e3o imobili\u00e1ria foi acidental\u201d, come\u00e7a por nos contar Miguel Ribeiro, acerca do in\u00edcio da sua liga\u00e7\u00e3o ao mercado imobili\u00e1rio. Na altura, a estagiar em advocacia, na Ferreira Pinto &amp; Associados, o nosso entrevistado recebeu um convite inusitado, que viria a mudar os pr\u00f3ximos 17 anos da sua vida. \u201cO meu pai apresentou-me um consultor imobili\u00e1rio de uma pequena imobili\u00e1ria tradicional dos arredores de Lisboa. Essa pessoa tinha o sonho de ter a sua pr\u00f3pria imobili\u00e1ria, mas n\u00e3o tinha nem os meios nem a capacidade de o fazer individualmente e por isso convidou-me para s\u00f3cio\u201d, relembra sobre a g\u00e9nese do neg\u00f3cio. \u201cA PREDIMED nasceu como uma imobili\u00e1ria tradicional de \u00e2mbito local. No entanto, gra\u00e7as \u00e0 qualidade do trabalho desenvolvido, foi crescendo e, em 2010 transformou-se numa rede de ag\u00eancias\u201d. Hoje, 17 anos depois, a PREDIMED conta j\u00e1 com mais de 1.000 consultores e 100 pontos de venda, em todo o pa\u00eds.<\/p>\n\n\n\n<div class=\"wp-block-image\"><figure class=\"aligncenter size-large is-resized\"><img loading=\"lazy\" decoding=\"async\" src=\"https:\/\/maismagazine.pt\/wp-content\/uploads\/2021\/11\/IMG_2837-1024x678.jpg\" alt=\"\" class=\"wp-image-1621\" width=\"823\" height=\"545\" srcset=\"http:\/\/maismagazine.pt\/wp-content\/uploads\/2021\/11\/IMG_2837-1024x678.jpg 1024w, http:\/\/maismagazine.pt\/wp-content\/uploads\/2021\/11\/IMG_2837-300x199.jpg 300w, http:\/\/maismagazine.pt\/wp-content\/uploads\/2021\/11\/IMG_2837-768x509.jpg 768w, http:\/\/maismagazine.pt\/wp-content\/uploads\/2021\/11\/IMG_2837-1536x1017.jpg 1536w, http:\/\/maismagazine.pt\/wp-content\/uploads\/2021\/11\/IMG_2837-150x100.jpg 150w, http:\/\/maismagazine.pt\/wp-content\/uploads\/2021\/11\/IMG_2837.jpg 2048w\" sizes=\"auto, (max-width: 823px) 100vw, 823px\" \/><\/figure><\/div>\n\n\n\n<p><strong>Uma rede de consultores<\/strong><\/p>\n\n\n\n<p><\/p>\n\n\n\n<p>Com consultores e ag\u00eancias espalhadas por todo o pa\u00eds, continente e ilhas, a PREDIMED \u00e9 a maior marca portuguesa de media\u00e7\u00e3o imobili\u00e1ria e conta j\u00e1 com uma rede de profissionais experientes, que elevam e dignificam a marca a n\u00edvel nacional. Mais recentemente, a empresa deu os primeiros passos rumo \u00e0 internacionaliza\u00e7\u00e3o da marca, atrav\u00e9s da PREDIMED Brasil e da PREDIMED Espanha.<\/p>\n\n\n\n<p>Mas afinal o que est\u00e1 por detr\u00e1s do sucesso alcan\u00e7ado pela empresa? A resposta \u00e9 simples: \u201cAcredito que o que nos diferencia das outras redes \u00e9 que assumimos o conceito de rede de consultores e n\u00e3o de ag\u00eancias\u201d. Prosseguindo a vis\u00e3o de que o neg\u00f3cio \u00e9 feito pelos consultores imobili\u00e1rios, a PREDIMED viabiliza aos seus associados um modelo de neg\u00f3cio sustent\u00e1vel, equilibrado e altamente rent\u00e1vel, assente no princ\u00edpio de \u2018m\u00e1xima comiss\u00e3o para o consultor\u2019. O consultor \u00e9 o centro do neg\u00f3cio imobili\u00e1rio e devem ser deles os maiores proveitos pela realiza\u00e7\u00e3o de neg\u00f3cios. \u00c0 marca compete fornecer-lhe as ferramentas e promover a marca como fator de credibilidade no mercado\u201d, esclarece.<\/p>\n\n\n\n<p><\/p>\n\n\n\n<p><strong>Os melhores consultores ao seu servi\u00e7o<\/strong><\/p>\n\n\n\n<p><\/p>\n\n\n\n<p>Um dos principais des\u00edgnios da PREDIMED \u00e9 a sele\u00e7\u00e3o dos melhores consultores imobili\u00e1rios. Assim, a marca aposta em profissionais multifacetados, experientes e dedicados que asseguram um bom servi\u00e7o ao cliente e a cont\u00ednua credibiliza\u00e7\u00e3o do setor da media\u00e7\u00e3o imobili\u00e1ria. \u201cN\u00f3s entendemos que a credibiliza\u00e7\u00e3o do neg\u00f3cio \u00e9 fundamental, para a PREDIMED e para os outros <em>players <\/em>do mercado, por duas grandes raz\u00f5es: pelos clientes e pelos consultores. Uma atividade credibilizada gera mais neg\u00f3cio e atrai mais e melhores profissionais\u201d, garante. Com vista a atingir este compromisso, a PREDIMED vem promovendo, ao longo dos anos, a\u00e7\u00f5es de forma\u00e7\u00e3o e apoiando formadores na publica\u00e7\u00e3o de livros e manuais de media\u00e7\u00e3o. \u201cTemos procurado dar o nosso contributo junto das associa\u00e7\u00f5es do setor. Para al\u00e9m disso, fazendo o nosso trabalho de forma transparente e honesta contribu\u00edmos, diariamente, para a credibiliza\u00e7\u00e3o do setor no mercado nacional\u201d, enfatiza.<\/p>\n\n\n\n<div class=\"wp-block-image\"><figure class=\"aligncenter size-full is-resized\"><img loading=\"lazy\" decoding=\"async\" src=\"https:\/\/maismagazine.pt\/wp-content\/uploads\/2021\/11\/329f2baa-3cf3-4f8e-9a5d-7842acf3aec7.jpg\" alt=\"\" class=\"wp-image-1622\" width=\"707\" height=\"411\" srcset=\"http:\/\/maismagazine.pt\/wp-content\/uploads\/2021\/11\/329f2baa-3cf3-4f8e-9a5d-7842acf3aec7.jpg 929w, http:\/\/maismagazine.pt\/wp-content\/uploads\/2021\/11\/329f2baa-3cf3-4f8e-9a5d-7842acf3aec7-300x174.jpg 300w, http:\/\/maismagazine.pt\/wp-content\/uploads\/2021\/11\/329f2baa-3cf3-4f8e-9a5d-7842acf3aec7-768x446.jpg 768w\" sizes=\"auto, (max-width: 707px) 100vw, 707px\" \/><\/figure><\/div>\n\n\n\n<p>Para al\u00e9m das m\u00faltiplas a\u00e7\u00f5es desenvolvidas, a aposta cont\u00ednua na forma\u00e7\u00e3o dos seus consultores afigura-se tamb\u00e9m um importante aliado para a marca portuguesa de media\u00e7\u00e3o imobili\u00e1ria. \u201cQuando vim para a media\u00e7\u00e3o imobili\u00e1ria, em 2004, vim da faculdade, do meio jur\u00eddico, e o choque que tive, nesse aspeto, n\u00e3o poderia ser maior\u201d. A falta de apoio e forma\u00e7\u00e3o especializados foi um choque para o nosso entrevistado que, desde in\u00edcio, procurou reverter essa tend\u00eancia de mercado. \u201cRecordo-me de que na altura, as forma\u00e7\u00f5es eram dadas por \u2018pseudo diretores\u2019 comercias e donos de ag\u00eancia, que pouco ou nada tinham a ensinar. Felizmente, hoje, muita coisa mudou nesse aspeto. O mercado evoluiu imenso, j\u00e1 temos forma\u00e7\u00e3o com muita qualidade, formadores reconhecidos e at\u00e9 autores publicados. Como n\u00e3o poderia deixar de ser, a PREDIMED tem acompanhado todas estas evolu\u00e7\u00f5es, pois s\u00f3 assim conseguiremos prestar aos nossos clientes o servi\u00e7o de qualidade a que j\u00e1 os habituamos\u201d, reconhece.<\/p>\n\n\n\n<p><\/p>\n\n\n\n<p><strong>Um novo paradigma no mercado imobili\u00e1rio<\/strong><\/p>\n\n\n\n<p><\/p>\n\n\n\n<p>Os anos de 2020 e 2021 trouxeram consigo desafios at\u00e9 ent\u00e3o desconhecidos. A pandemia obrigou \u00e0 mudan\u00e7a na forma de trabalhar dos mediadores e agentes imobili\u00e1rios. Grande parte das empresas deste setor encontraram na tecnologia e na digitaliza\u00e7\u00e3o o grande trunfo para ultrapassar as dificuldades impostas pelo confinamento obrigat\u00f3rio. Hoje, a digitaliza\u00e7\u00e3o do mercado imobili\u00e1rio \u00e9 um caminho sem volta. A utiliza\u00e7\u00e3o dos recursos digitais trouxe ganhos para todas as pontas do setor, como reconhece Miguel Ribeiro. \u201cCom a pandemia e, consequente, confinamento, acentuou-se a utiliza\u00e7\u00e3o de mais tecnologia no nosso trabalho. Se h\u00e1 17 anos, imperiosamente, o cliente vinha \u00e0 loja saber o que t\u00ednhamos, e fazer <em>in loco<\/em> a prospe\u00e7\u00e3o de im\u00f3veis, hoje f\u00e1-lo em casa atrav\u00e9s dos portais, sites e apps\u201d. Apesar desta mudan\u00e7a de h\u00e1bitos, Miguel Ribeiro garante que a ess\u00eancia da marca se mant\u00e9m a mesma. \u201cApesar de todas estas mudan\u00e7as o fator humano no neg\u00f3cio de media\u00e7\u00e3o permanece inalterado e \u00e9 por isso que a media\u00e7\u00e3o imobili\u00e1ria cresceu durante a pandemia. A nossa ess\u00eancia continua a ser a mesma: servir pessoas. Isso nunca vai mudar\u201d, esclarece.<\/p>\n\n\n\n<p><\/p>\n\n\n\n<p>O mesmo isolamento social que fez com que o setor precisasse de se digitalizar, acentuou tamb\u00e9m o desejo por resid\u00eancias de tipologias e caracter\u00edsticas diferentes. A pandemia trouxe mudan\u00e7as na forma de viver, mas tamb\u00e9m na forma de trabalhar. Confinadas em casa, as\u00a0<strong>fam\u00edlias procuraram habita\u00e7\u00f5es maiores, com mais espa\u00e7o e tamb\u00e9m mais longe dos centros urbanos,<\/strong> ao mesmo tempo que se adaptaram para criar o melhor escrit\u00f3rio poss\u00edvel. \u201cAs mudan\u00e7as s\u00e3o irrefut\u00e1veis. A procura por moradias, im\u00f3veis com jardins, logradouros e terra\u00e7os aumentou. Mas n\u00e3o s\u00f3. Durante a pandemia, as pessoas repensaram muitos aspetos das suas vidas e a habita\u00e7\u00e3o foi uma delas. A localiza\u00e7\u00e3o foi um dos fatores que mais sofreu altera\u00e7\u00f5es. Com a possibilidade do teletrabalho, muitas pessoas alargaram o \u00e2mbito geogr\u00e1fico da sua procura. Se antes a procura estava, sobretudo, confinada aos grandes centros urbanos e arredores, hoje regista-se, cada vez mais, a prefer\u00eancia por habita\u00e7\u00f5es mais distantes, ou at\u00e9 mesmo em zonas rurais\u201d, afirma Miguel Ribeiro.<\/p>\n\n\n\n<p><\/p>\n\n\n\n<p><strong>\u201cContinuaremos a praticar o que defendemos desde sempre\u201d<\/strong><\/p>\n\n\n\n<p><\/p>\n\n\n\n<p>Profissionalismo, rigor, empenho e dedica\u00e7\u00e3o ao cliente s\u00e3o alguns dos valores que t\u00eam guiado a PREDIMED ao longo dos \u00faltimos 17 anos e que continuar\u00e3o a fazer parte do ADN desta marca portuguesa.<\/p>\n\n\n\n<div class=\"wp-block-image\"><figure class=\"aligncenter size-full is-resized\"><img loading=\"lazy\" decoding=\"async\" src=\"https:\/\/maismagazine.pt\/wp-content\/uploads\/2021\/11\/IMG_2845.jpg\" alt=\"\" class=\"wp-image-1623\" width=\"724\" height=\"407\" srcset=\"http:\/\/maismagazine.pt\/wp-content\/uploads\/2021\/11\/IMG_2845.jpg 960w, http:\/\/maismagazine.pt\/wp-content\/uploads\/2021\/11\/IMG_2845-300x169.jpg 300w, http:\/\/maismagazine.pt\/wp-content\/uploads\/2021\/11\/IMG_2845-768x432.jpg 768w\" sizes=\"auto, (max-width: 724px) 100vw, 724px\" \/><\/figure><\/div>\n\n\n\n<p>Em retrospetiva, Miguel Ribeiro n\u00e3o podia estar mais satisfeito com o percurso que foi tra\u00e7ando no mercado da media\u00e7\u00e3o imobili\u00e1ria. \u201cCheguei por \u2018acidente\u2019 a esta \u00e1rea com 24 anos de idade e pouca experi\u00eancia de vida. Apesar disso, a media\u00e7\u00e3o deu-me tudo isso. Posso afirmar, com toda a certeza, que tem sido uma aventura fant\u00e1stica, com altos e baixos, com vit\u00f3rias e derrotas, mas com muita vontade e garra de fazer algo diferente e impactante no setor\u201d, assume.<\/p>\n\n\n\n<p><\/p>\n\n\n\n<p>O futuro \u00e9 uma folha em branco, onde Miguel Ribeiro espera continuar a escrever uma hist\u00f3ria de sucesso. \u201cContinuaremos a praticar o que defendemos desde sempre. Honestidade, profissionalismo e rigor continuar\u00e3o a ser valores basilares da nossa atua\u00e7\u00e3o no mercado\u201d. Para al\u00e9m disso, a marca pretende continuar a refor\u00e7ar a import\u00e2ncia do consultor imobili\u00e1rio, como parte fundamental e central do neg\u00f3cio da media\u00e7\u00e3o. \u201cIremos continuar a praticar aquilo em que acreditamos. O consultor imobili\u00e1rio \u00e9 o centro do neg\u00f3cio da media\u00e7\u00e3o. \u00c9 ele que faz prospe\u00e7\u00e3o na rua, \u00e9 ele que apanha chuva e frio, quer enquanto espera por um cliente, quer enquanto procura um im\u00f3vel para angariar. \u00c9 ele que estabelece com os clientes, propriet\u00e1rios ou compradores, uma rela\u00e7\u00e3o pessoal indissoci\u00e1vel da g\u00e9nese do nosso neg\u00f3cio. \u00c9 ele que investe o seu tempo e meios na tarefa de servir o cliente. \u00c9 ele que tem de ser reconhecido e pago por isso. \u00c9 nisso que acreditamos e se h\u00e1 uns anos er\u00e1mos vistos como \u2018doidos\u2019 e revolucion\u00e1rios, hoje a evolu\u00e7\u00e3o do neg\u00f3cio tem demostrado que est\u00e1vamos certos\u201d, finaliza. &nbsp;<\/p>\n","protected":false},"excerpt":{"rendered":"<p>Criada em 2004, a PREDIMED \u00e9 a maior marca portuguesa de media\u00e7\u00e3o imobili\u00e1ria. Com uma rede de ag\u00eancias e consultores espalhada por todo o pa\u00eds, continente e ilhas, a marca, criada por Miguel Ribeiro, vem sendo guiada por valores como a honestidade, profissionalismo e dedica\u00e7\u00e3o. Nesta edi\u00e7\u00e3o da Mais Magazine&hellip;<\/p>\n","protected":false},"author":7,"featured_media":1620,"comment_status":"open","ping_status":"open","sticky":false,"template":"","format":"standard","meta":{"advgb_blocks_editor_width":"","advgb_blocks_columns_visual_guide":"","_monsterinsights_skip_tracking":false,"_monsterinsights_sitenote_active":false,"_monsterinsights_sitenote_note":"","_monsterinsights_sitenote_category":0,"footnotes":""},"categories":[77,50,6],"tags":[132,131,95,129,133,130,128],"class_list":["post-1619","post","type-post","status-publish","format-standard","has-post-thumbnail","hentry","category-arquitetura-e-construcao","category-destaques","category-empreendedorismo","tag-agencia","tag-consultores","tag-imobiliaria","tag-marca","tag-miguel-ribeiro","tag-portuguesa","tag-predimed"],"yoast_head":"<!-- This site is optimized with the Yoast SEO plugin v24.4 - https:\/\/yoast.com\/wordpress\/plugins\/seo\/ -->\n<title>PREDIMED \u2013 A sua casa mora aqui - Mais Magazine<\/title>\n<meta name=\"description\" content=\"Criada em 2004, a PREDIMED \u00e9 a maior marca portuguesa de media\u00e7\u00e3o imobili\u00e1ria. Com uma rede de ag\u00eancias e consultores espalhada por todo o pa\u00eds, continente e ilhas, a marca, criada por Miguel Ribeiro, vem sendo guiada por valores como a honestidade, profissionalismo e dedica\u00e7\u00e3o. Nesta edi\u00e7\u00e3o da Mais Magazine damos-lhe a conhecer, pela voz e testemunho do seu fundador, a g\u00e9nese, o percurso e o futuro da marca portuguesa que conta j\u00e1 com mais de 1.000 consultores e 100 pontos de venda em todo o territ\u00f3rio nacional.\" \/>\n<meta name=\"robots\" content=\"index, follow, max-snippet:-1, max-image-preview:large, max-video-preview:-1\" \/>\n<link rel=\"canonical\" href=\"http:\/\/maismagazine.pt\/index.php\/2021\/11\/27\/predimed-a-sua-casa-mora-aqui\/\" \/>\n<meta property=\"og:locale\" content=\"pt_PT\" \/>\n<meta property=\"og:type\" content=\"article\" \/>\n<meta property=\"og:title\" content=\"PREDIMED \u2013 A sua casa mora aqui - Mais Magazine\" \/>\n<meta property=\"og:description\" content=\"Criada em 2004, a PREDIMED \u00e9 a maior marca portuguesa de media\u00e7\u00e3o imobili\u00e1ria. Com uma rede de ag\u00eancias e consultores espalhada por todo o pa\u00eds, continente e ilhas, a marca, criada por Miguel Ribeiro, vem sendo guiada por valores como a honestidade, profissionalismo e dedica\u00e7\u00e3o. Nesta edi\u00e7\u00e3o da Mais Magazine damos-lhe a conhecer, pela voz e testemunho do seu fundador, a g\u00e9nese, o percurso e o futuro da marca portuguesa que conta j\u00e1 com mais de 1.000 consultores e 100 pontos de venda em todo o territ\u00f3rio nacional.\" \/>\n<meta property=\"og:url\" content=\"http:\/\/maismagazine.pt\/index.php\/2021\/11\/27\/predimed-a-sua-casa-mora-aqui\/\" \/>\n<meta property=\"og:site_name\" content=\"Mais Magazine\" \/>\n<meta property=\"article:published_time\" content=\"2021-11-27T07:30:00+00:00\" \/>\n<meta property=\"og:image\" content=\"http:\/\/maismagazine.pt\/wp-content\/uploads\/2021\/11\/DSC4146.jpg\" \/>\n\t<meta property=\"og:image:width\" content=\"1920\" \/>\n\t<meta property=\"og:image:height\" content=\"1080\" \/>\n\t<meta property=\"og:image:type\" content=\"image\/jpeg\" \/>\n<meta name=\"author\" content=\"Jo\u00e3o Malainho\" \/>\n<meta name=\"twitter:card\" content=\"summary_large_image\" \/>\n<meta name=\"twitter:label1\" content=\"Escrito por\" \/>\n\t<meta name=\"twitter:data1\" content=\"\" \/>\n\t<meta name=\"twitter:label2\" content=\"Tempo estimado de leitura\" \/>\n\t<meta name=\"twitter:data2\" content=\"7 minutos\" \/>\n<script type=\"application\/ld+json\" class=\"yoast-schema-graph\">{\"@context\":\"https:\/\/schema.org\",\"@graph\":[{\"@type\":\"Article\",\"@id\":\"http:\/\/maismagazine.pt\/index.php\/2021\/11\/27\/predimed-a-sua-casa-mora-aqui\/#article\",\"isPartOf\":{\"@id\":\"http:\/\/maismagazine.pt\/index.php\/2021\/11\/27\/predimed-a-sua-casa-mora-aqui\/\"},\"author\":{\"name\":\"Jo\u00e3o Malainho\",\"@id\":\"https:\/\/maismagazine.pt\/#\/schema\/person\/999bd426f894ff56d397ec12ebd21ebb\"},\"headline\":\"PREDIMED \u2013 A sua casa mora aqui\",\"datePublished\":\"2021-11-27T07:30:00+00:00\",\"mainEntityOfPage\":{\"@id\":\"http:\/\/maismagazine.pt\/index.php\/2021\/11\/27\/predimed-a-sua-casa-mora-aqui\/\"},\"wordCount\":1581,\"commentCount\":0,\"publisher\":{\"@id\":\"https:\/\/maismagazine.pt\/#organization\"},\"image\":{\"@id\":\"http:\/\/maismagazine.pt\/index.php\/2021\/11\/27\/predimed-a-sua-casa-mora-aqui\/#primaryimage\"},\"thumbnailUrl\":\"http:\/\/maismagazine.pt\/wp-content\/uploads\/2021\/11\/DSC4146.jpg\",\"keywords\":[\"ag\u00eancia\",\"consultores\",\"imobili\u00e1ria\",\"marca\",\"miguel ribeiro\",\"portuguesa\",\"predimed\"],\"articleSection\":[\"Arquitetura e Constru\u00e7\u00e3o\",\"Destaques\",\"Empreendedorismo\"],\"inLanguage\":\"pt-PT\",\"potentialAction\":[{\"@type\":\"CommentAction\",\"name\":\"Comment\",\"target\":[\"http:\/\/maismagazine.pt\/index.php\/2021\/11\/27\/predimed-a-sua-casa-mora-aqui\/#respond\"]}]},{\"@type\":\"WebPage\",\"@id\":\"http:\/\/maismagazine.pt\/index.php\/2021\/11\/27\/predimed-a-sua-casa-mora-aqui\/\",\"url\":\"http:\/\/maismagazine.pt\/index.php\/2021\/11\/27\/predimed-a-sua-casa-mora-aqui\/\",\"name\":\"PREDIMED \u2013 A sua casa mora aqui - Mais Magazine\",\"isPartOf\":{\"@id\":\"https:\/\/maismagazine.pt\/#website\"},\"primaryImageOfPage\":{\"@id\":\"http:\/\/maismagazine.pt\/index.php\/2021\/11\/27\/predimed-a-sua-casa-mora-aqui\/#primaryimage\"},\"image\":{\"@id\":\"http:\/\/maismagazine.pt\/index.php\/2021\/11\/27\/predimed-a-sua-casa-mora-aqui\/#primaryimage\"},\"thumbnailUrl\":\"http:\/\/maismagazine.pt\/wp-content\/uploads\/2021\/11\/DSC4146.jpg\",\"datePublished\":\"2021-11-27T07:30:00+00:00\",\"description\":\"Criada em 2004, a PREDIMED \u00e9 a maior marca portuguesa de media\u00e7\u00e3o imobili\u00e1ria. Com uma rede de ag\u00eancias e consultores espalhada por todo o pa\u00eds, continente e ilhas, a marca, criada por Miguel Ribeiro, vem sendo guiada por valores como a honestidade, profissionalismo e dedica\u00e7\u00e3o. Nesta edi\u00e7\u00e3o da Mais Magazine damos-lhe a conhecer, pela voz e testemunho do seu fundador, a g\u00e9nese, o percurso e o futuro da marca portuguesa que conta j\u00e1 com mais de 1.000 consultores e 100 pontos de venda em todo o territ\u00f3rio nacional.\",\"breadcrumb\":{\"@id\":\"http:\/\/maismagazine.pt\/index.php\/2021\/11\/27\/predimed-a-sua-casa-mora-aqui\/#breadcrumb\"},\"inLanguage\":\"pt-PT\",\"potentialAction\":[{\"@type\":\"ReadAction\",\"target\":[\"http:\/\/maismagazine.pt\/index.php\/2021\/11\/27\/predimed-a-sua-casa-mora-aqui\/\"]}]},{\"@type\":\"ImageObject\",\"inLanguage\":\"pt-PT\",\"@id\":\"http:\/\/maismagazine.pt\/index.php\/2021\/11\/27\/predimed-a-sua-casa-mora-aqui\/#primaryimage\",\"url\":\"http:\/\/maismagazine.pt\/wp-content\/uploads\/2021\/11\/DSC4146.jpg\",\"contentUrl\":\"http:\/\/maismagazine.pt\/wp-content\/uploads\/2021\/11\/DSC4146.jpg\",\"width\":1920,\"height\":1080},{\"@type\":\"BreadcrumbList\",\"@id\":\"http:\/\/maismagazine.pt\/index.php\/2021\/11\/27\/predimed-a-sua-casa-mora-aqui\/#breadcrumb\",\"itemListElement\":[{\"@type\":\"ListItem\",\"position\":1,\"name\":\"Home\",\"item\":\"https:\/\/maismagazine.pt\/\"},{\"@type\":\"ListItem\",\"position\":2,\"name\":\"PREDIMED \u2013 A sua casa mora aqui\"}]},{\"@type\":\"WebSite\",\"@id\":\"https:\/\/maismagazine.pt\/#website\",\"url\":\"https:\/\/maismagazine.pt\/\",\"name\":\"Mais Magazine\",\"description\":\"\",\"publisher\":{\"@id\":\"https:\/\/maismagazine.pt\/#organization\"},\"potentialAction\":[{\"@type\":\"SearchAction\",\"target\":{\"@type\":\"EntryPoint\",\"urlTemplate\":\"https:\/\/maismagazine.pt\/?s={search_term_string}\"},\"query-input\":{\"@type\":\"PropertyValueSpecification\",\"valueRequired\":true,\"valueName\":\"search_term_string\"}}],\"inLanguage\":\"pt-PT\"},{\"@type\":\"Organization\",\"@id\":\"https:\/\/maismagazine.pt\/#organization\",\"name\":\"Mais Magazine\",\"url\":\"https:\/\/maismagazine.pt\/\",\"logo\":{\"@type\":\"ImageObject\",\"inLanguage\":\"pt-PT\",\"@id\":\"https:\/\/maismagazine.pt\/#\/schema\/logo\/image\/\",\"url\":\"http:\/\/maismagazine.pt\/wp-content\/uploads\/2020\/04\/cropped-cropped-mais-magazine-site-logo-2.png\",\"contentUrl\":\"http:\/\/maismagazine.pt\/wp-content\/uploads\/2020\/04\/cropped-cropped-mais-magazine-site-logo-2.png\",\"width\":581,\"height\":90,\"caption\":\"Mais Magazine\"},\"image\":{\"@id\":\"https:\/\/maismagazine.pt\/#\/schema\/logo\/image\/\"}},{\"@type\":\"Person\",\"@id\":\"https:\/\/maismagazine.pt\/#\/schema\/person\/999bd426f894ff56d397ec12ebd21ebb\",\"name\":\"Jo\u00e3o Malainho\",\"image\":{\"@type\":\"ImageObject\",\"inLanguage\":\"pt-PT\",\"@id\":\"https:\/\/maismagazine.pt\/#\/schema\/person\/image\/\",\"url\":\"https:\/\/secure.gravatar.com\/avatar\/ff03c2f38edf60b2a827aa4f74878491?s=96&d=mm&r=g\",\"contentUrl\":\"https:\/\/secure.gravatar.com\/avatar\/ff03c2f38edf60b2a827aa4f74878491?s=96&d=mm&r=g\",\"caption\":\"Jo\u00e3o Malainho\"},\"url\":\"http:\/\/maismagazine.pt\/index.php\/author\/maismagazine\/\"}]}<\/script>\n<!-- \/ Yoast SEO plugin. -->","yoast_head_json":{"title":"PREDIMED \u2013 A sua casa mora aqui - Mais Magazine","description":"Criada em 2004, a PREDIMED \u00e9 a maior marca portuguesa de media\u00e7\u00e3o imobili\u00e1ria. Com uma rede de ag\u00eancias e consultores espalhada por todo o pa\u00eds, continente e ilhas, a marca, criada por Miguel Ribeiro, vem sendo guiada por valores como a honestidade, profissionalismo e dedica\u00e7\u00e3o. Nesta edi\u00e7\u00e3o da Mais Magazine damos-lhe a conhecer, pela voz e testemunho do seu fundador, a g\u00e9nese, o percurso e o futuro da marca portuguesa que conta j\u00e1 com mais de 1.000 consultores e 100 pontos de venda em todo o territ\u00f3rio nacional.","robots":{"index":"index","follow":"follow","max-snippet":"max-snippet:-1","max-image-preview":"max-image-preview:large","max-video-preview":"max-video-preview:-1"},"canonical":"http:\/\/maismagazine.pt\/index.php\/2021\/11\/27\/predimed-a-sua-casa-mora-aqui\/","og_locale":"pt_PT","og_type":"article","og_title":"PREDIMED \u2013 A sua casa mora aqui - Mais Magazine","og_description":"Criada em 2004, a PREDIMED \u00e9 a maior marca portuguesa de media\u00e7\u00e3o imobili\u00e1ria. Com uma rede de ag\u00eancias e consultores espalhada por todo o pa\u00eds, continente e ilhas, a marca, criada por Miguel Ribeiro, vem sendo guiada por valores como a honestidade, profissionalismo e dedica\u00e7\u00e3o. Nesta edi\u00e7\u00e3o da Mais Magazine damos-lhe a conhecer, pela voz e testemunho do seu fundador, a g\u00e9nese, o percurso e o futuro da marca portuguesa que conta j\u00e1 com mais de 1.000 consultores e 100 pontos de venda em todo o territ\u00f3rio nacional.","og_url":"http:\/\/maismagazine.pt\/index.php\/2021\/11\/27\/predimed-a-sua-casa-mora-aqui\/","og_site_name":"Mais Magazine","article_published_time":"2021-11-27T07:30:00+00:00","og_image":[{"width":1920,"height":1080,"url":"http:\/\/maismagazine.pt\/wp-content\/uploads\/2021\/11\/DSC4146.jpg","type":"image\/jpeg"}],"author":"Jo\u00e3o Malainho","twitter_card":"summary_large_image","twitter_misc":{"Escrito por":false,"Tempo estimado de leitura":"7 minutos"},"schema":{"@context":"https:\/\/schema.org","@graph":[{"@type":"Article","@id":"http:\/\/maismagazine.pt\/index.php\/2021\/11\/27\/predimed-a-sua-casa-mora-aqui\/#article","isPartOf":{"@id":"http:\/\/maismagazine.pt\/index.php\/2021\/11\/27\/predimed-a-sua-casa-mora-aqui\/"},"author":{"name":"Jo\u00e3o Malainho","@id":"https:\/\/maismagazine.pt\/#\/schema\/person\/999bd426f894ff56d397ec12ebd21ebb"},"headline":"PREDIMED \u2013 A sua casa mora aqui","datePublished":"2021-11-27T07:30:00+00:00","mainEntityOfPage":{"@id":"http:\/\/maismagazine.pt\/index.php\/2021\/11\/27\/predimed-a-sua-casa-mora-aqui\/"},"wordCount":1581,"commentCount":0,"publisher":{"@id":"https:\/\/maismagazine.pt\/#organization"},"image":{"@id":"http:\/\/maismagazine.pt\/index.php\/2021\/11\/27\/predimed-a-sua-casa-mora-aqui\/#primaryimage"},"thumbnailUrl":"http:\/\/maismagazine.pt\/wp-content\/uploads\/2021\/11\/DSC4146.jpg","keywords":["ag\u00eancia","consultores","imobili\u00e1ria","marca","miguel ribeiro","portuguesa","predimed"],"articleSection":["Arquitetura e Constru\u00e7\u00e3o","Destaques","Empreendedorismo"],"inLanguage":"pt-PT","potentialAction":[{"@type":"CommentAction","name":"Comment","target":["http:\/\/maismagazine.pt\/index.php\/2021\/11\/27\/predimed-a-sua-casa-mora-aqui\/#respond"]}]},{"@type":"WebPage","@id":"http:\/\/maismagazine.pt\/index.php\/2021\/11\/27\/predimed-a-sua-casa-mora-aqui\/","url":"http:\/\/maismagazine.pt\/index.php\/2021\/11\/27\/predimed-a-sua-casa-mora-aqui\/","name":"PREDIMED \u2013 A sua casa mora aqui - Mais Magazine","isPartOf":{"@id":"https:\/\/maismagazine.pt\/#website"},"primaryImageOfPage":{"@id":"http:\/\/maismagazine.pt\/index.php\/2021\/11\/27\/predimed-a-sua-casa-mora-aqui\/#primaryimage"},"image":{"@id":"http:\/\/maismagazine.pt\/index.php\/2021\/11\/27\/predimed-a-sua-casa-mora-aqui\/#primaryimage"},"thumbnailUrl":"http:\/\/maismagazine.pt\/wp-content\/uploads\/2021\/11\/DSC4146.jpg","datePublished":"2021-11-27T07:30:00+00:00","description":"Criada em 2004, a PREDIMED \u00e9 a maior marca portuguesa de media\u00e7\u00e3o imobili\u00e1ria. Com uma rede de ag\u00eancias e consultores espalhada por todo o pa\u00eds, continente e ilhas, a marca, criada por Miguel Ribeiro, vem sendo guiada por valores como a honestidade, profissionalismo e dedica\u00e7\u00e3o. Nesta edi\u00e7\u00e3o da Mais Magazine damos-lhe a conhecer, pela voz e testemunho do seu fundador, a g\u00e9nese, o percurso e o futuro da marca portuguesa que conta j\u00e1 com mais de 1.000 consultores e 100 pontos de venda em todo o territ\u00f3rio nacional.","breadcrumb":{"@id":"http:\/\/maismagazine.pt\/index.php\/2021\/11\/27\/predimed-a-sua-casa-mora-aqui\/#breadcrumb"},"inLanguage":"pt-PT","potentialAction":[{"@type":"ReadAction","target":["http:\/\/maismagazine.pt\/index.php\/2021\/11\/27\/predimed-a-sua-casa-mora-aqui\/"]}]},{"@type":"ImageObject","inLanguage":"pt-PT","@id":"http:\/\/maismagazine.pt\/index.php\/2021\/11\/27\/predimed-a-sua-casa-mora-aqui\/#primaryimage","url":"http:\/\/maismagazine.pt\/wp-content\/uploads\/2021\/11\/DSC4146.jpg","contentUrl":"http:\/\/maismagazine.pt\/wp-content\/uploads\/2021\/11\/DSC4146.jpg","width":1920,"height":1080},{"@type":"BreadcrumbList","@id":"http:\/\/maismagazine.pt\/index.php\/2021\/11\/27\/predimed-a-sua-casa-mora-aqui\/#breadcrumb","itemListElement":[{"@type":"ListItem","position":1,"name":"Home","item":"https:\/\/maismagazine.pt\/"},{"@type":"ListItem","position":2,"name":"PREDIMED \u2013 A sua casa mora aqui"}]},{"@type":"WebSite","@id":"https:\/\/maismagazine.pt\/#website","url":"https:\/\/maismagazine.pt\/","name":"Mais Magazine","description":"","publisher":{"@id":"https:\/\/maismagazine.pt\/#organization"},"potentialAction":[{"@type":"SearchAction","target":{"@type":"EntryPoint","urlTemplate":"https:\/\/maismagazine.pt\/?s={search_term_string}"},"query-input":{"@type":"PropertyValueSpecification","valueRequired":true,"valueName":"search_term_string"}}],"inLanguage":"pt-PT"},{"@type":"Organization","@id":"https:\/\/maismagazine.pt\/#organization","name":"Mais Magazine","url":"https:\/\/maismagazine.pt\/","logo":{"@type":"ImageObject","inLanguage":"pt-PT","@id":"https:\/\/maismagazine.pt\/#\/schema\/logo\/image\/","url":"http:\/\/maismagazine.pt\/wp-content\/uploads\/2020\/04\/cropped-cropped-mais-magazine-site-logo-2.png","contentUrl":"http:\/\/maismagazine.pt\/wp-content\/uploads\/2020\/04\/cropped-cropped-mais-magazine-site-logo-2.png","width":581,"height":90,"caption":"Mais Magazine"},"image":{"@id":"https:\/\/maismagazine.pt\/#\/schema\/logo\/image\/"}},{"@type":"Person","@id":"https:\/\/maismagazine.pt\/#\/schema\/person\/999bd426f894ff56d397ec12ebd21ebb","name":"Jo\u00e3o Malainho","image":{"@type":"ImageObject","inLanguage":"pt-PT","@id":"https:\/\/maismagazine.pt\/#\/schema\/person\/image\/","url":"https:\/\/secure.gravatar.com\/avatar\/ff03c2f38edf60b2a827aa4f74878491?s=96&d=mm&r=g","contentUrl":"https:\/\/secure.gravatar.com\/avatar\/ff03c2f38edf60b2a827aa4f74878491?s=96&d=mm&r=g","caption":"Jo\u00e3o Malainho"},"url":"http:\/\/maismagazine.pt\/index.php\/author\/maismagazine\/"}]}},"author_meta":{"display_name":false,"author_link":"http:\/\/maismagazine.pt\/index.php\/author\/maismagazine\/"},"featured_img":"http:\/\/maismagazine.pt\/wp-content\/uploads\/2021\/11\/DSC4146-300x169.jpg","coauthors":[],"tax_additional":{"categories":{"linked":["<a href=\"http:\/\/maismagazine.pt\/index.php\/category\/empreendedorismo\/arquitetura-e-construcao\/\" class=\"advgb-post-tax-term\">Arquitetura e Constru\u00e7\u00e3o<\/a>","<a href=\"http:\/\/maismagazine.pt\/index.php\/category\/destaques\/\" class=\"advgb-post-tax-term\">Destaques<\/a>","<a href=\"http:\/\/maismagazine.pt\/index.php\/category\/empreendedorismo\/\" class=\"advgb-post-tax-term\">Empreendedorismo<\/a>"],"unlinked":["<span class=\"advgb-post-tax-term\">Arquitetura e Constru\u00e7\u00e3o<\/span>","<span class=\"advgb-post-tax-term\">Destaques<\/span>","<span class=\"advgb-post-tax-term\">Empreendedorismo<\/span>"]},"tags":{"linked":["<a href=\"http:\/\/maismagazine.pt\/index.php\/category\/empreendedorismo\/\" class=\"advgb-post-tax-term\">ag\u00eancia<\/a>","<a href=\"http:\/\/maismagazine.pt\/index.php\/category\/empreendedorismo\/\" class=\"advgb-post-tax-term\">consultores<\/a>","<a href=\"http:\/\/maismagazine.pt\/index.php\/category\/empreendedorismo\/\" class=\"advgb-post-tax-term\">imobili\u00e1ria<\/a>","<a href=\"http:\/\/maismagazine.pt\/index.php\/category\/empreendedorismo\/\" class=\"advgb-post-tax-term\">marca<\/a>","<a href=\"http:\/\/maismagazine.pt\/index.php\/category\/empreendedorismo\/\" class=\"advgb-post-tax-term\">miguel ribeiro<\/a>","<a href=\"http:\/\/maismagazine.pt\/index.php\/category\/empreendedorismo\/\" class=\"advgb-post-tax-term\">portuguesa<\/a>","<a href=\"http:\/\/maismagazine.pt\/index.php\/category\/empreendedorismo\/\" class=\"advgb-post-tax-term\">predimed<\/a>"],"unlinked":["<span class=\"advgb-post-tax-term\">ag\u00eancia<\/span>","<span class=\"advgb-post-tax-term\">consultores<\/span>","<span class=\"advgb-post-tax-term\">imobili\u00e1ria<\/span>","<span class=\"advgb-post-tax-term\">marca<\/span>","<span class=\"advgb-post-tax-term\">miguel ribeiro<\/span>","<span class=\"advgb-post-tax-term\">portuguesa<\/span>","<span class=\"advgb-post-tax-term\">predimed<\/span>"]}},"comment_count":"0","relative_dates":{"created":"Posted 4 anos ago","modified":"Updated 4 anos ago"},"absolute_dates":{"created":"Posted on 27 de Novembro, 2021","modified":"Updated on 22 de Novembro, 2021"},"absolute_dates_time":{"created":"Posted on 27 de Novembro, 2021 7:30","modified":"Updated on 22 de Novembro, 2021 15:30"},"featured_img_caption":"","series_order":"","_links":{"self":[{"href":"http:\/\/maismagazine.pt\/index.php\/wp-json\/wp\/v2\/posts\/1619","targetHints":{"allow":["GET"]}}],"collection":[{"href":"http:\/\/maismagazine.pt\/index.php\/wp-json\/wp\/v2\/posts"}],"about":[{"href":"http:\/\/maismagazine.pt\/index.php\/wp-json\/wp\/v2\/types\/post"}],"author":[{"embeddable":true,"href":"http:\/\/maismagazine.pt\/index.php\/wp-json\/wp\/v2\/users\/7"}],"replies":[{"embeddable":true,"href":"http:\/\/maismagazine.pt\/index.php\/wp-json\/wp\/v2\/comments?post=1619"}],"version-history":[{"count":1,"href":"http:\/\/maismagazine.pt\/index.php\/wp-json\/wp\/v2\/posts\/1619\/revisions"}],"predecessor-version":[{"id":1624,"href":"http:\/\/maismagazine.pt\/index.php\/wp-json\/wp\/v2\/posts\/1619\/revisions\/1624"}],"wp:featuredmedia":[{"embeddable":true,"href":"http:\/\/maismagazine.pt\/index.php\/wp-json\/wp\/v2\/media\/1620"}],"wp:attachment":[{"href":"http:\/\/maismagazine.pt\/index.php\/wp-json\/wp\/v2\/media?parent=1619"}],"wp:term":[{"taxonomy":"category","embeddable":true,"href":"http:\/\/maismagazine.pt\/index.php\/wp-json\/wp\/v2\/categories?post=1619"},{"taxonomy":"post_tag","embeddable":true,"href":"http:\/\/maismagazine.pt\/index.php\/wp-json\/wp\/v2\/tags?post=1619"}],"curies":[{"name":"wp","href":"https:\/\/api.w.org\/{rel}","templated":true}]}}