{"id":1477,"date":"2021-10-30T07:00:00","date_gmt":"2021-10-30T07:00:00","guid":{"rendered":"https:\/\/maismagazine.pt\/?p=1477"},"modified":"2021-11-04T17:02:54","modified_gmt":"2021-11-04T17:02:54","slug":"smas-de-leiria-investir-na-reducao-das-perdas-de-agua-e-na-sensibilizacao-pelo-consumo-de-agua","status":"publish","type":"post","link":"http:\/\/maismagazine.pt\/index.php\/2021\/10\/30\/smas-de-leiria-investir-na-reducao-das-perdas-de-agua-e-na-sensibilizacao-pelo-consumo-de-agua\/","title":{"rendered":"SMAS de Leiria: Investir na redu\u00e7\u00e3o das perdas de \u00e1gua e na sensibiliza\u00e7\u00e3o pelo consumo de \u00e1gua"},"content":{"rendered":"\n<p><strong>Os SMAS de Leiria s\u00e3o um organismo p\u00fablico de interesse local que visa garantir o servi\u00e7o de abastecimento de \u00e1gua e recolha de \u00e1guas residuais do concelho de Leiria. Com o objetivo de garantir a presta\u00e7\u00e3o de um servi\u00e7o de qualidade, os SMAS de Leiria criam todas as condi\u00e7\u00f5es para que os leirienses tenham uma melhor qualidade de vida assegurando o fornecimento de \u00e1gua em qualidade e continuidade e promovendo a prote\u00e7\u00e3o do meio ambiente atrav\u00e9s do encaminhamento do efluente dom\u00e9stico para tratamento adequado. <\/strong><\/p>\n\n\n\n<p>Os SMAS (Servi\u00e7os Municipalizados de \u00c1gua e Saneamento) de Leiria t\u00eam como miss\u00e3o, a presta\u00e7\u00e3o de servi\u00e7os de qualidade, assegurando os servi\u00e7os de abastecimento de \u00e1gua e de recolha de \u00e1guas residuais, criando todas as condi\u00e7\u00f5es necess\u00e1rias para que os mun\u00edcipes tenham melhor qualidade de vida. Foi sob as palavras de Leandro de Sousa, presidente dos SMAS Leiria, que ficamos a conhecer um pouco mais do trabalho realizado por esta organiza\u00e7\u00e3o. \u201cTrabalhamos diariamente para fazer dos SMAS de Leiria um servi\u00e7o de refer\u00eancia no setor, assente nas melhores pr\u00e1ticas, qualidade, responsabilidade social e ambiental e sustentabilidade do servi\u00e7o. Passada a fase de investimento na infraestrutura\u00e7\u00e3o, os desafios atuais passam quer pela qualidade do servi\u00e7o prestado quer pela prepara\u00e7\u00e3o da resili\u00eancia face \u00e0s altera\u00e7\u00f5es clim\u00e1ticas\u201d, come\u00e7a por contar Leandro de Sousa. <\/p>\n\n\n\n<div class=\"wp-block-image\"><figure class=\"aligncenter size-large\"><img loading=\"lazy\" decoding=\"async\" width=\"768\" height=\"1024\" src=\"http:\/\/maismagazine.pt\/wp-content\/uploads\/2021\/10\/Reservatorio-aereo-do-Quartel-768x1024.jpg\" alt=\"\" class=\"wp-image-1480\" srcset=\"http:\/\/maismagazine.pt\/wp-content\/uploads\/2021\/10\/Reservatorio-aereo-do-Quartel-768x1024.jpg 768w, http:\/\/maismagazine.pt\/wp-content\/uploads\/2021\/10\/Reservatorio-aereo-do-Quartel-225x300.jpg 225w, http:\/\/maismagazine.pt\/wp-content\/uploads\/2021\/10\/Reservatorio-aereo-do-Quartel-1152x1536.jpg 1152w, http:\/\/maismagazine.pt\/wp-content\/uploads\/2021\/10\/Reservatorio-aereo-do-Quartel.jpg 1488w\" sizes=\"auto, (max-width: 768px) 100vw, 768px\" \/><\/figure><\/div>\n\n\n\n<p>Atualmente a taxa de cobertura de saneamento no concelho de Leiria \u00e9, neste momento, de 92 por cento, fruto de um investimento de cerca de 27 milh\u00f5es de euros nos \u00faltimos dez anos. Todavia, os SMAS n\u00e3o param por aqui, at\u00e9 porque est\u00e3o em curso atualmente investimentos na rede de saneamento no valor de 5,5 milh\u00f5es de euros que v\u00e3o permitir alcan\u00e7ar 95 por cento de taxa de cobertura dentro de dois anos. \u201c\u00c9 um esfor\u00e7o financeiro enorme que ir\u00e1 melhorar a qualidade de vida dos leirienses, e que ir\u00e1 contribuir acima de tudo para a prote\u00e7\u00e3o dos aqu\u00edferos e linhas de \u00e1gua\u201d, vinca o presidente. O combate \u00e0s perdas de \u00e1gua \u00e9 um dos objetivos estrat\u00e9gicos dos SMAS de Leiria, sendo a sustentabilidade ambiental do servi\u00e7o assumido com especial relev\u00e2ncia. Atualmente as perdas de \u00e1gua cifram-se nos 36 por cento, o que corresponde a um preju\u00edzo de cerca de dois milh\u00f5es de euros, numa empresa que tem um volume de neg\u00f3cios que ronda os 20 milh\u00f5es de euros. Nesse sentido, os SMAS de Leiria t\u00eam j\u00e1 um Plano de Redu\u00e7\u00e3o e Perdas aprovado pelo Conselho de Administra\u00e7\u00e3o e que est\u00e1 j\u00e1 a implementar h\u00e1 cerca de dois anos &#8211; e que j\u00e1 permitiu a redu\u00e7\u00e3o das perdas de \u00e1gua de 42 por cento para 36 por cento. Tendo como um dos objetivos estrat\u00e9gicos garantir a sustentabilidade ambiental e financeira, os SMAS de Leiria est\u00e3o fortemente empenhados na implementa\u00e7\u00e3o de medidas e boas pr\u00e1ticas para a redu\u00e7\u00e3o de perdas. \u201cEstamos a investir na substitui\u00e7\u00e3o das redes e respetivos ramais de liga\u00e7\u00e3o, o que permitir\u00e1 reduzir significativamente o n\u00famero de roturas, no refor\u00e7o da an\u00e1lise das zonas de abastecimento, avaliando possibilidades de redu\u00e7\u00e3o de press\u00f5es na rede p\u00fablica, e ainda na expans\u00e3o da telemetria a mais zonas. Atualmente temos em curso investimentos de reabilita\u00e7\u00e3o de redes de abastecimento de \u00e1gua, constru\u00e7\u00e3o de zonas de medi\u00e7\u00e3o e controlo e v\u00e1lvulas redutoras de press\u00e3o que rondam os 1,8 milh\u00f5es de euros\u201d. Passado o ciclo de infraestrutura\u00e7\u00e3o, as quest\u00f5es da manuten\u00e7\u00e3o e reabilita\u00e7\u00e3o das redes existentes constituem um dos grandes desafios dos SMAS de Leiria, que gere 1.200 km de rede de saneamento e 1.800 Km de rede de \u00e1gua. Os SMAS de Leiria procuram por isso garantir que as infraestruturas agora constru\u00eddas se encontrem preparadas para um adequado desempenho funcional dos sistemas, reconhecidas como um problema transversal que afeta o desempenho hidr\u00e1ulico, ambiental e econ\u00f3mico-financeiro, com impacto significativo no aumento dos custos operacionais.<\/p>\n\n\n\n<div class=\"wp-block-image\"><figure class=\"aligncenter size-large\"><img loading=\"lazy\" decoding=\"async\" width=\"1024\" height=\"683\" src=\"http:\/\/maismagazine.pt\/wp-content\/uploads\/2021\/10\/SMAS-070-1024x683.jpg\" alt=\"\" class=\"wp-image-1482\" srcset=\"http:\/\/maismagazine.pt\/wp-content\/uploads\/2021\/10\/SMAS-070-1024x683.jpg 1024w, http:\/\/maismagazine.pt\/wp-content\/uploads\/2021\/10\/SMAS-070-300x200.jpg 300w, http:\/\/maismagazine.pt\/wp-content\/uploads\/2021\/10\/SMAS-070-768x512.jpg 768w, http:\/\/maismagazine.pt\/wp-content\/uploads\/2021\/10\/SMAS-070-1536x1024.jpg 1536w, http:\/\/maismagazine.pt\/wp-content\/uploads\/2021\/10\/SMAS-070-2048x1365.jpg 2048w, http:\/\/maismagazine.pt\/wp-content\/uploads\/2021\/10\/SMAS-070-150x100.jpg 150w\" sizes=\"auto, (max-width: 1024px) 100vw, 1024px\" \/><\/figure><\/div>\n\n\n\n<p>Promover, valorizar e preservar a \u00e1gua<\/p>\n\n\n\n<p>Sempre com a responsabilidade de promover a utiliza\u00e7\u00e3o do bem precioso que \u00e9 a \u00e1gua, os SMAS de Leiria procuram manter uma aproxima\u00e7\u00e3o aos seus clientes, aos leirienses, com o objetivo de incrementar e melhorar a divulga\u00e7\u00e3o de informa\u00e7\u00f5es relevantes sobre a atividade desenvolvidas pela institui\u00e7\u00e3o. \u201cMantemos uma aposta na implementa\u00e7\u00e3o de campanhas de sensibiliza\u00e7\u00e3o cujo objetivo passa por sensibilizar a popula\u00e7\u00e3o sobre a gest\u00e3o eficiente de todo o ciclo urbano da \u00e1gua\u201d, refere Leandro de Sousa. Assim, as campanhas de comunica\u00e7\u00e3o e sensibiliza\u00e7\u00e3o possuem dois objetivos estrat\u00e9gicos. Incentivar \u00e0 mudan\u00e7a de comportamentos para o uso eficiente do recurso \u00e1gua e sensibilizar para a import\u00e2ncia quer da liga\u00e7\u00e3o \u00e0 rede de saneamento e rede de abastecimento existentes, \u201cpois s\u00f3 assim ser\u00e1 assegurada a sustentabilidade ambiental e financeira da atividade promovida pelos SMAS de Leiria\u201d. Considerando o setor de atividade onde est\u00e1 inserido, \u201c\u00e9 na componente ambiental que se verificam os principais impactos negativos, nomeadamente em termos de consumos de materiais, energia, \u00e1gua, emiss\u00f5es atmosf\u00e9ricas e na produ\u00e7\u00e3o de res\u00edduos\u201d, alerta Leandro de Sousa. Como forma de mitigar os efeitos, os SMAS de Leiria t\u00eam vindo a implementar uma filosofia de racionaliza\u00e7\u00e3o dos consumos num contexto de ecoefici\u00eancia atrav\u00e9s de campanhas de sensibiliza\u00e7\u00e3o quer internas quer externas, promovendo a consciencializa\u00e7\u00e3o e altera\u00e7\u00e3o de comportamentos, apelando ao uso eficiente e racional da \u00e1gua.\u201c O respeito pelos recursos existentes, constitui um desafio \u00e0 atua\u00e7\u00e3o de todas as entidades que operam no setor das \u00e1guas. Hoje a nossa atua\u00e7\u00e3o est\u00e1 sobre os holofotes de todos, situa\u00e7\u00e3o que foi despoletada pela problem\u00e1tica das altera\u00e7\u00f5es clim\u00e1ticas que todos j\u00e1 sentimos. Assim, considero que existe j\u00e1 uma preocupa\u00e7\u00e3o por parte das popula\u00e7\u00f5es n\u00e3o s\u00f3 no uso eficiente da \u00e1gua, mas tamb\u00e9m, uma maior preocupa\u00e7\u00e3o na forma de atua\u00e7\u00e3o dos SMAS de Leiria. Hoje temos clientes e mun\u00edcipes cada vez mais atentos\u201d, vinca o presidente. Com o agravamento sucessivo da problem\u00e1tica das altera\u00e7\u00f5es clim\u00e1ticas, h\u00e1 uma maior consciencializa\u00e7\u00e3o e sensibiliza\u00e7\u00e3o por parte das popula\u00e7\u00f5es \u201cempurrando a nossa atua\u00e7\u00e3o para a promo\u00e7\u00e3o da sustentabilidade ambiental, rumo a um ciclo produtivo e \u00e0 presta\u00e7\u00e3o de um servi\u00e7o p\u00fablico mais sustent\u00e1vel em toda a cadeia de valor, promovendo a reutiliza\u00e7\u00e3o dos recursos e dos materiais, contribuindo para a diminui\u00e7\u00e3o da pegada ecol\u00f3gica\u201d. O futuro dos SMAS de Leiria, passa por isso pela moderniza\u00e7\u00e3o dos servi\u00e7os, a aproxima\u00e7\u00e3o ao cliente e, essencialmente, a sustentabilidade econ\u00f3mica e ambiental.<\/p>\n","protected":false},"excerpt":{"rendered":"<p>Os SMAS de Leiria s\u00e3o um organismo p\u00fablico de interesse local que visa garantir o servi\u00e7o de abastecimento de \u00e1gua e recolha de \u00e1guas residuais do concelho de Leiria. Com o objetivo de garantir a presta\u00e7\u00e3o de um servi\u00e7o de qualidade, os SMAS de Leiria criam todas as condi\u00e7\u00f5es para&hellip;<\/p>\n","protected":false},"author":7,"featured_media":1483,"comment_status":"open","ping_status":"open","sticky":false,"template":"","format":"standard","meta":{"advgb_blocks_editor_width":"","advgb_blocks_columns_visual_guide":"","_monsterinsights_skip_tracking":false,"_monsterinsights_sitenote_active":false,"_monsterinsights_sitenote_note":"","_monsterinsights_sitenote_category":0,"footnotes":""},"categories":[78,50,6],"tags":[107,108,116,115,117],"class_list":["post-1477","post","type-post","status-publish","format-standard","has-post-thumbnail","hentry","category-ambiente-e-sustentabilidade","category-destaques","category-empreendedorismo","tag-agua","tag-educacao-ambiental","tag-leiria","tag-smas","tag-smas-leiria"],"yoast_head":"<!-- This site is optimized with the Yoast SEO plugin v24.4 - https:\/\/yoast.com\/wordpress\/plugins\/seo\/ -->\n<title>SMAS de Leiria: Investir na redu\u00e7\u00e3o das perdas de \u00e1gua e na sensibiliza\u00e7\u00e3o pelo consumo de \u00e1gua - Mais Magazine<\/title>\n<meta name=\"description\" content=\"Os SMAS de Leiria s\u00e3o um organismo p\u00fablico de interesse local que visa garantir o servi\u00e7o de abastecimento de \u00e1gua e recolha de \u00e1guas residuais do concelho de Leiria. Com o objetivo de garantir a presta\u00e7\u00e3o de um servi\u00e7o de qualidade, os SMAS de Leiria criam todas as condi\u00e7\u00f5es para que os leirienses tenham uma melhor qualidade de vida assegurando o fornecimento de \u00e1gua em qualidade e continuidade e promovendo a prote\u00e7\u00e3o do meio ambiente atrav\u00e9s do encaminhamento do efluente dom\u00e9stico para tratamento adequado.\" \/>\n<meta name=\"robots\" content=\"index, follow, max-snippet:-1, max-image-preview:large, max-video-preview:-1\" \/>\n<link rel=\"canonical\" href=\"http:\/\/maismagazine.pt\/index.php\/2021\/10\/30\/smas-de-leiria-investir-na-reducao-das-perdas-de-agua-e-na-sensibilizacao-pelo-consumo-de-agua\/\" \/>\n<meta property=\"og:locale\" content=\"pt_PT\" \/>\n<meta property=\"og:type\" content=\"article\" \/>\n<meta property=\"og:title\" content=\"SMAS de Leiria: Investir na redu\u00e7\u00e3o das perdas de \u00e1gua e na sensibiliza\u00e7\u00e3o pelo consumo de \u00e1gua - Mais Magazine\" \/>\n<meta property=\"og:description\" content=\"Os SMAS de Leiria s\u00e3o um organismo p\u00fablico de interesse local que visa garantir o servi\u00e7o de abastecimento de \u00e1gua e recolha de \u00e1guas residuais do concelho de Leiria. Com o objetivo de garantir a presta\u00e7\u00e3o de um servi\u00e7o de qualidade, os SMAS de Leiria criam todas as condi\u00e7\u00f5es para que os leirienses tenham uma melhor qualidade de vida assegurando o fornecimento de \u00e1gua em qualidade e continuidade e promovendo a prote\u00e7\u00e3o do meio ambiente atrav\u00e9s do encaminhamento do efluente dom\u00e9stico para tratamento adequado.\" \/>\n<meta property=\"og:url\" content=\"http:\/\/maismagazine.pt\/index.php\/2021\/10\/30\/smas-de-leiria-investir-na-reducao-das-perdas-de-agua-e-na-sensibilizacao-pelo-consumo-de-agua\/\" \/>\n<meta property=\"og:site_name\" content=\"Mais Magazine\" \/>\n<meta property=\"article:published_time\" content=\"2021-10-30T07:00:00+00:00\" \/>\n<meta property=\"article:modified_time\" content=\"2021-11-04T17:02:54+00:00\" \/>\n<meta property=\"og:image\" content=\"http:\/\/maismagazine.pt\/wp-content\/uploads\/2021\/10\/DSCN9569.jpg\" \/>\n\t<meta property=\"og:image:width\" content=\"2448\" \/>\n\t<meta property=\"og:image:height\" content=\"1836\" \/>\n\t<meta property=\"og:image:type\" content=\"image\/jpeg\" \/>\n<meta name=\"author\" content=\"Jo\u00e3o Malainho\" \/>\n<meta name=\"twitter:card\" content=\"summary_large_image\" \/>\n<meta name=\"twitter:label1\" content=\"Escrito por\" \/>\n\t<meta name=\"twitter:data1\" content=\"\" \/>\n\t<meta name=\"twitter:label2\" content=\"Tempo estimado de leitura\" \/>\n\t<meta name=\"twitter:data2\" content=\"5 minutos\" \/>\n<script type=\"application\/ld+json\" class=\"yoast-schema-graph\">{\"@context\":\"https:\/\/schema.org\",\"@graph\":[{\"@type\":\"Article\",\"@id\":\"http:\/\/maismagazine.pt\/index.php\/2021\/10\/30\/smas-de-leiria-investir-na-reducao-das-perdas-de-agua-e-na-sensibilizacao-pelo-consumo-de-agua\/#article\",\"isPartOf\":{\"@id\":\"http:\/\/maismagazine.pt\/index.php\/2021\/10\/30\/smas-de-leiria-investir-na-reducao-das-perdas-de-agua-e-na-sensibilizacao-pelo-consumo-de-agua\/\"},\"author\":{\"name\":\"Jo\u00e3o Malainho\",\"@id\":\"http:\/\/maismagazine.pt\/#\/schema\/person\/999bd426f894ff56d397ec12ebd21ebb\"},\"headline\":\"SMAS de Leiria: Investir na redu\u00e7\u00e3o das perdas de \u00e1gua e na sensibiliza\u00e7\u00e3o pelo consumo de \u00e1gua\",\"datePublished\":\"2021-10-30T07:00:00+00:00\",\"dateModified\":\"2021-11-04T17:02:54+00:00\",\"mainEntityOfPage\":{\"@id\":\"http:\/\/maismagazine.pt\/index.php\/2021\/10\/30\/smas-de-leiria-investir-na-reducao-das-perdas-de-agua-e-na-sensibilizacao-pelo-consumo-de-agua\/\"},\"wordCount\":1159,\"commentCount\":0,\"publisher\":{\"@id\":\"http:\/\/maismagazine.pt\/#organization\"},\"image\":{\"@id\":\"http:\/\/maismagazine.pt\/index.php\/2021\/10\/30\/smas-de-leiria-investir-na-reducao-das-perdas-de-agua-e-na-sensibilizacao-pelo-consumo-de-agua\/#primaryimage\"},\"thumbnailUrl\":\"http:\/\/maismagazine.pt\/wp-content\/uploads\/2021\/10\/DSCN9569.jpg\",\"keywords\":[\"\u00c1gua\",\"Educa\u00e7\u00e3o Ambiental\",\"leiria\",\"smas\",\"smas leiria\"],\"articleSection\":[\"Ambiente e Sustentabilidade\",\"Destaques\",\"Empreendedorismo\"],\"inLanguage\":\"pt-PT\",\"potentialAction\":[{\"@type\":\"CommentAction\",\"name\":\"Comment\",\"target\":[\"http:\/\/maismagazine.pt\/index.php\/2021\/10\/30\/smas-de-leiria-investir-na-reducao-das-perdas-de-agua-e-na-sensibilizacao-pelo-consumo-de-agua\/#respond\"]}]},{\"@type\":\"WebPage\",\"@id\":\"http:\/\/maismagazine.pt\/index.php\/2021\/10\/30\/smas-de-leiria-investir-na-reducao-das-perdas-de-agua-e-na-sensibilizacao-pelo-consumo-de-agua\/\",\"url\":\"http:\/\/maismagazine.pt\/index.php\/2021\/10\/30\/smas-de-leiria-investir-na-reducao-das-perdas-de-agua-e-na-sensibilizacao-pelo-consumo-de-agua\/\",\"name\":\"SMAS de Leiria: Investir na redu\u00e7\u00e3o das perdas de \u00e1gua e na sensibiliza\u00e7\u00e3o pelo consumo de \u00e1gua - Mais Magazine\",\"isPartOf\":{\"@id\":\"http:\/\/maismagazine.pt\/#website\"},\"primaryImageOfPage\":{\"@id\":\"http:\/\/maismagazine.pt\/index.php\/2021\/10\/30\/smas-de-leiria-investir-na-reducao-das-perdas-de-agua-e-na-sensibilizacao-pelo-consumo-de-agua\/#primaryimage\"},\"image\":{\"@id\":\"http:\/\/maismagazine.pt\/index.php\/2021\/10\/30\/smas-de-leiria-investir-na-reducao-das-perdas-de-agua-e-na-sensibilizacao-pelo-consumo-de-agua\/#primaryimage\"},\"thumbnailUrl\":\"http:\/\/maismagazine.pt\/wp-content\/uploads\/2021\/10\/DSCN9569.jpg\",\"datePublished\":\"2021-10-30T07:00:00+00:00\",\"dateModified\":\"2021-11-04T17:02:54+00:00\",\"description\":\"Os SMAS de Leiria s\u00e3o um organismo p\u00fablico de interesse local que visa garantir o servi\u00e7o de abastecimento de \u00e1gua e recolha de \u00e1guas residuais do concelho de Leiria. Com o objetivo de garantir a presta\u00e7\u00e3o de um servi\u00e7o de qualidade, os SMAS de Leiria criam todas as condi\u00e7\u00f5es para que os leirienses tenham uma melhor qualidade de vida assegurando o fornecimento de \u00e1gua em qualidade e continuidade e promovendo a prote\u00e7\u00e3o do meio ambiente atrav\u00e9s do encaminhamento do efluente dom\u00e9stico para tratamento adequado.\",\"breadcrumb\":{\"@id\":\"http:\/\/maismagazine.pt\/index.php\/2021\/10\/30\/smas-de-leiria-investir-na-reducao-das-perdas-de-agua-e-na-sensibilizacao-pelo-consumo-de-agua\/#breadcrumb\"},\"inLanguage\":\"pt-PT\",\"potentialAction\":[{\"@type\":\"ReadAction\",\"target\":[\"http:\/\/maismagazine.pt\/index.php\/2021\/10\/30\/smas-de-leiria-investir-na-reducao-das-perdas-de-agua-e-na-sensibilizacao-pelo-consumo-de-agua\/\"]}]},{\"@type\":\"ImageObject\",\"inLanguage\":\"pt-PT\",\"@id\":\"http:\/\/maismagazine.pt\/index.php\/2021\/10\/30\/smas-de-leiria-investir-na-reducao-das-perdas-de-agua-e-na-sensibilizacao-pelo-consumo-de-agua\/#primaryimage\",\"url\":\"http:\/\/maismagazine.pt\/wp-content\/uploads\/2021\/10\/DSCN9569.jpg\",\"contentUrl\":\"http:\/\/maismagazine.pt\/wp-content\/uploads\/2021\/10\/DSCN9569.jpg\",\"width\":2448,\"height\":1836},{\"@type\":\"BreadcrumbList\",\"@id\":\"http:\/\/maismagazine.pt\/index.php\/2021\/10\/30\/smas-de-leiria-investir-na-reducao-das-perdas-de-agua-e-na-sensibilizacao-pelo-consumo-de-agua\/#breadcrumb\",\"itemListElement\":[{\"@type\":\"ListItem\",\"position\":1,\"name\":\"Home\",\"item\":\"http:\/\/maismagazine.pt\/\"},{\"@type\":\"ListItem\",\"position\":2,\"name\":\"SMAS de Leiria: Investir na redu\u00e7\u00e3o das perdas de \u00e1gua e na sensibiliza\u00e7\u00e3o pelo consumo de \u00e1gua\"}]},{\"@type\":\"WebSite\",\"@id\":\"http:\/\/maismagazine.pt\/#website\",\"url\":\"http:\/\/maismagazine.pt\/\",\"name\":\"Mais Magazine\",\"description\":\"\",\"publisher\":{\"@id\":\"http:\/\/maismagazine.pt\/#organization\"},\"potentialAction\":[{\"@type\":\"SearchAction\",\"target\":{\"@type\":\"EntryPoint\",\"urlTemplate\":\"http:\/\/maismagazine.pt\/?s={search_term_string}\"},\"query-input\":{\"@type\":\"PropertyValueSpecification\",\"valueRequired\":true,\"valueName\":\"search_term_string\"}}],\"inLanguage\":\"pt-PT\"},{\"@type\":\"Organization\",\"@id\":\"http:\/\/maismagazine.pt\/#organization\",\"name\":\"Mais Magazine\",\"url\":\"http:\/\/maismagazine.pt\/\",\"logo\":{\"@type\":\"ImageObject\",\"inLanguage\":\"pt-PT\",\"@id\":\"http:\/\/maismagazine.pt\/#\/schema\/logo\/image\/\",\"url\":\"http:\/\/maismagazine.pt\/wp-content\/uploads\/2020\/04\/cropped-cropped-mais-magazine-site-logo-2.png\",\"contentUrl\":\"http:\/\/maismagazine.pt\/wp-content\/uploads\/2020\/04\/cropped-cropped-mais-magazine-site-logo-2.png\",\"width\":581,\"height\":90,\"caption\":\"Mais Magazine\"},\"image\":{\"@id\":\"http:\/\/maismagazine.pt\/#\/schema\/logo\/image\/\"}},{\"@type\":\"Person\",\"@id\":\"http:\/\/maismagazine.pt\/#\/schema\/person\/999bd426f894ff56d397ec12ebd21ebb\",\"name\":\"Jo\u00e3o Malainho\",\"image\":{\"@type\":\"ImageObject\",\"inLanguage\":\"pt-PT\",\"@id\":\"http:\/\/maismagazine.pt\/#\/schema\/person\/image\/\",\"url\":\"https:\/\/secure.gravatar.com\/avatar\/ff03c2f38edf60b2a827aa4f74878491?s=96&d=mm&r=g\",\"contentUrl\":\"https:\/\/secure.gravatar.com\/avatar\/ff03c2f38edf60b2a827aa4f74878491?s=96&d=mm&r=g\",\"caption\":\"Jo\u00e3o Malainho\"},\"url\":\"http:\/\/maismagazine.pt\/index.php\/author\/maismagazine\/\"}]}<\/script>\n<!-- \/ Yoast SEO plugin. -->","yoast_head_json":{"title":"SMAS de Leiria: Investir na redu\u00e7\u00e3o das perdas de \u00e1gua e na sensibiliza\u00e7\u00e3o pelo consumo de \u00e1gua - Mais Magazine","description":"Os SMAS de Leiria s\u00e3o um organismo p\u00fablico de interesse local que visa garantir o servi\u00e7o de abastecimento de \u00e1gua e recolha de \u00e1guas residuais do concelho de Leiria. Com o objetivo de garantir a presta\u00e7\u00e3o de um servi\u00e7o de qualidade, os SMAS de Leiria criam todas as condi\u00e7\u00f5es para que os leirienses tenham uma melhor qualidade de vida assegurando o fornecimento de \u00e1gua em qualidade e continuidade e promovendo a prote\u00e7\u00e3o do meio ambiente atrav\u00e9s do encaminhamento do efluente dom\u00e9stico para tratamento adequado.","robots":{"index":"index","follow":"follow","max-snippet":"max-snippet:-1","max-image-preview":"max-image-preview:large","max-video-preview":"max-video-preview:-1"},"canonical":"http:\/\/maismagazine.pt\/index.php\/2021\/10\/30\/smas-de-leiria-investir-na-reducao-das-perdas-de-agua-e-na-sensibilizacao-pelo-consumo-de-agua\/","og_locale":"pt_PT","og_type":"article","og_title":"SMAS de Leiria: Investir na redu\u00e7\u00e3o das perdas de \u00e1gua e na sensibiliza\u00e7\u00e3o pelo consumo de \u00e1gua - Mais Magazine","og_description":"Os SMAS de Leiria s\u00e3o um organismo p\u00fablico de interesse local que visa garantir o servi\u00e7o de abastecimento de \u00e1gua e recolha de \u00e1guas residuais do concelho de Leiria. Com o objetivo de garantir a presta\u00e7\u00e3o de um servi\u00e7o de qualidade, os SMAS de Leiria criam todas as condi\u00e7\u00f5es para que os leirienses tenham uma melhor qualidade de vida assegurando o fornecimento de \u00e1gua em qualidade e continuidade e promovendo a prote\u00e7\u00e3o do meio ambiente atrav\u00e9s do encaminhamento do efluente dom\u00e9stico para tratamento adequado.","og_url":"http:\/\/maismagazine.pt\/index.php\/2021\/10\/30\/smas-de-leiria-investir-na-reducao-das-perdas-de-agua-e-na-sensibilizacao-pelo-consumo-de-agua\/","og_site_name":"Mais Magazine","article_published_time":"2021-10-30T07:00:00+00:00","article_modified_time":"2021-11-04T17:02:54+00:00","og_image":[{"width":2448,"height":1836,"url":"http:\/\/maismagazine.pt\/wp-content\/uploads\/2021\/10\/DSCN9569.jpg","type":"image\/jpeg"}],"author":"Jo\u00e3o Malainho","twitter_card":"summary_large_image","twitter_misc":{"Escrito por":false,"Tempo estimado de leitura":"5 minutos"},"schema":{"@context":"https:\/\/schema.org","@graph":[{"@type":"Article","@id":"http:\/\/maismagazine.pt\/index.php\/2021\/10\/30\/smas-de-leiria-investir-na-reducao-das-perdas-de-agua-e-na-sensibilizacao-pelo-consumo-de-agua\/#article","isPartOf":{"@id":"http:\/\/maismagazine.pt\/index.php\/2021\/10\/30\/smas-de-leiria-investir-na-reducao-das-perdas-de-agua-e-na-sensibilizacao-pelo-consumo-de-agua\/"},"author":{"name":"Jo\u00e3o Malainho","@id":"http:\/\/maismagazine.pt\/#\/schema\/person\/999bd426f894ff56d397ec12ebd21ebb"},"headline":"SMAS de Leiria: Investir na redu\u00e7\u00e3o das perdas de \u00e1gua e na sensibiliza\u00e7\u00e3o pelo consumo de \u00e1gua","datePublished":"2021-10-30T07:00:00+00:00","dateModified":"2021-11-04T17:02:54+00:00","mainEntityOfPage":{"@id":"http:\/\/maismagazine.pt\/index.php\/2021\/10\/30\/smas-de-leiria-investir-na-reducao-das-perdas-de-agua-e-na-sensibilizacao-pelo-consumo-de-agua\/"},"wordCount":1159,"commentCount":0,"publisher":{"@id":"http:\/\/maismagazine.pt\/#organization"},"image":{"@id":"http:\/\/maismagazine.pt\/index.php\/2021\/10\/30\/smas-de-leiria-investir-na-reducao-das-perdas-de-agua-e-na-sensibilizacao-pelo-consumo-de-agua\/#primaryimage"},"thumbnailUrl":"http:\/\/maismagazine.pt\/wp-content\/uploads\/2021\/10\/DSCN9569.jpg","keywords":["\u00c1gua","Educa\u00e7\u00e3o Ambiental","leiria","smas","smas leiria"],"articleSection":["Ambiente e Sustentabilidade","Destaques","Empreendedorismo"],"inLanguage":"pt-PT","potentialAction":[{"@type":"CommentAction","name":"Comment","target":["http:\/\/maismagazine.pt\/index.php\/2021\/10\/30\/smas-de-leiria-investir-na-reducao-das-perdas-de-agua-e-na-sensibilizacao-pelo-consumo-de-agua\/#respond"]}]},{"@type":"WebPage","@id":"http:\/\/maismagazine.pt\/index.php\/2021\/10\/30\/smas-de-leiria-investir-na-reducao-das-perdas-de-agua-e-na-sensibilizacao-pelo-consumo-de-agua\/","url":"http:\/\/maismagazine.pt\/index.php\/2021\/10\/30\/smas-de-leiria-investir-na-reducao-das-perdas-de-agua-e-na-sensibilizacao-pelo-consumo-de-agua\/","name":"SMAS de Leiria: Investir na redu\u00e7\u00e3o das perdas de \u00e1gua e na sensibiliza\u00e7\u00e3o pelo consumo de \u00e1gua - Mais Magazine","isPartOf":{"@id":"http:\/\/maismagazine.pt\/#website"},"primaryImageOfPage":{"@id":"http:\/\/maismagazine.pt\/index.php\/2021\/10\/30\/smas-de-leiria-investir-na-reducao-das-perdas-de-agua-e-na-sensibilizacao-pelo-consumo-de-agua\/#primaryimage"},"image":{"@id":"http:\/\/maismagazine.pt\/index.php\/2021\/10\/30\/smas-de-leiria-investir-na-reducao-das-perdas-de-agua-e-na-sensibilizacao-pelo-consumo-de-agua\/#primaryimage"},"thumbnailUrl":"http:\/\/maismagazine.pt\/wp-content\/uploads\/2021\/10\/DSCN9569.jpg","datePublished":"2021-10-30T07:00:00+00:00","dateModified":"2021-11-04T17:02:54+00:00","description":"Os SMAS de Leiria s\u00e3o um organismo p\u00fablico de interesse local que visa garantir o servi\u00e7o de abastecimento de \u00e1gua e recolha de \u00e1guas residuais do concelho de Leiria. Com o objetivo de garantir a presta\u00e7\u00e3o de um servi\u00e7o de qualidade, os SMAS de Leiria criam todas as condi\u00e7\u00f5es para que os leirienses tenham uma melhor qualidade de vida assegurando o fornecimento de \u00e1gua em qualidade e continuidade e promovendo a prote\u00e7\u00e3o do meio ambiente atrav\u00e9s do encaminhamento do efluente dom\u00e9stico para tratamento adequado.","breadcrumb":{"@id":"http:\/\/maismagazine.pt\/index.php\/2021\/10\/30\/smas-de-leiria-investir-na-reducao-das-perdas-de-agua-e-na-sensibilizacao-pelo-consumo-de-agua\/#breadcrumb"},"inLanguage":"pt-PT","potentialAction":[{"@type":"ReadAction","target":["http:\/\/maismagazine.pt\/index.php\/2021\/10\/30\/smas-de-leiria-investir-na-reducao-das-perdas-de-agua-e-na-sensibilizacao-pelo-consumo-de-agua\/"]}]},{"@type":"ImageObject","inLanguage":"pt-PT","@id":"http:\/\/maismagazine.pt\/index.php\/2021\/10\/30\/smas-de-leiria-investir-na-reducao-das-perdas-de-agua-e-na-sensibilizacao-pelo-consumo-de-agua\/#primaryimage","url":"http:\/\/maismagazine.pt\/wp-content\/uploads\/2021\/10\/DSCN9569.jpg","contentUrl":"http:\/\/maismagazine.pt\/wp-content\/uploads\/2021\/10\/DSCN9569.jpg","width":2448,"height":1836},{"@type":"BreadcrumbList","@id":"http:\/\/maismagazine.pt\/index.php\/2021\/10\/30\/smas-de-leiria-investir-na-reducao-das-perdas-de-agua-e-na-sensibilizacao-pelo-consumo-de-agua\/#breadcrumb","itemListElement":[{"@type":"ListItem","position":1,"name":"Home","item":"http:\/\/maismagazine.pt\/"},{"@type":"ListItem","position":2,"name":"SMAS de Leiria: Investir na redu\u00e7\u00e3o das perdas de \u00e1gua e na sensibiliza\u00e7\u00e3o pelo consumo de \u00e1gua"}]},{"@type":"WebSite","@id":"http:\/\/maismagazine.pt\/#website","url":"http:\/\/maismagazine.pt\/","name":"Mais Magazine","description":"","publisher":{"@id":"http:\/\/maismagazine.pt\/#organization"},"potentialAction":[{"@type":"SearchAction","target":{"@type":"EntryPoint","urlTemplate":"http:\/\/maismagazine.pt\/?s={search_term_string}"},"query-input":{"@type":"PropertyValueSpecification","valueRequired":true,"valueName":"search_term_string"}}],"inLanguage":"pt-PT"},{"@type":"Organization","@id":"http:\/\/maismagazine.pt\/#organization","name":"Mais Magazine","url":"http:\/\/maismagazine.pt\/","logo":{"@type":"ImageObject","inLanguage":"pt-PT","@id":"http:\/\/maismagazine.pt\/#\/schema\/logo\/image\/","url":"http:\/\/maismagazine.pt\/wp-content\/uploads\/2020\/04\/cropped-cropped-mais-magazine-site-logo-2.png","contentUrl":"http:\/\/maismagazine.pt\/wp-content\/uploads\/2020\/04\/cropped-cropped-mais-magazine-site-logo-2.png","width":581,"height":90,"caption":"Mais Magazine"},"image":{"@id":"http:\/\/maismagazine.pt\/#\/schema\/logo\/image\/"}},{"@type":"Person","@id":"http:\/\/maismagazine.pt\/#\/schema\/person\/999bd426f894ff56d397ec12ebd21ebb","name":"Jo\u00e3o Malainho","image":{"@type":"ImageObject","inLanguage":"pt-PT","@id":"http:\/\/maismagazine.pt\/#\/schema\/person\/image\/","url":"https:\/\/secure.gravatar.com\/avatar\/ff03c2f38edf60b2a827aa4f74878491?s=96&d=mm&r=g","contentUrl":"https:\/\/secure.gravatar.com\/avatar\/ff03c2f38edf60b2a827aa4f74878491?s=96&d=mm&r=g","caption":"Jo\u00e3o Malainho"},"url":"http:\/\/maismagazine.pt\/index.php\/author\/maismagazine\/"}]}},"author_meta":{"display_name":false,"author_link":"http:\/\/maismagazine.pt\/index.php\/author\/maismagazine\/"},"featured_img":"http:\/\/maismagazine.pt\/wp-content\/uploads\/2021\/10\/DSCN9569-300x225.jpg","coauthors":[],"tax_additional":{"categories":{"linked":["<a href=\"http:\/\/maismagazine.pt\/index.php\/category\/empreendedorismo\/ambiente-e-sustentabilidade\/\" class=\"advgb-post-tax-term\">Ambiente e Sustentabilidade<\/a>","<a href=\"http:\/\/maismagazine.pt\/index.php\/category\/destaques\/\" class=\"advgb-post-tax-term\">Destaques<\/a>","<a href=\"http:\/\/maismagazine.pt\/index.php\/category\/empreendedorismo\/\" class=\"advgb-post-tax-term\">Empreendedorismo<\/a>"],"unlinked":["<span class=\"advgb-post-tax-term\">Ambiente e Sustentabilidade<\/span>","<span class=\"advgb-post-tax-term\">Destaques<\/span>","<span class=\"advgb-post-tax-term\">Empreendedorismo<\/span>"]},"tags":{"linked":["<a href=\"http:\/\/maismagazine.pt\/index.php\/category\/empreendedorismo\/\" class=\"advgb-post-tax-term\">\u00c1gua<\/a>","<a href=\"http:\/\/maismagazine.pt\/index.php\/category\/empreendedorismo\/\" class=\"advgb-post-tax-term\">Educa\u00e7\u00e3o Ambiental<\/a>","<a href=\"http:\/\/maismagazine.pt\/index.php\/category\/empreendedorismo\/\" class=\"advgb-post-tax-term\">leiria<\/a>","<a href=\"http:\/\/maismagazine.pt\/index.php\/category\/empreendedorismo\/\" class=\"advgb-post-tax-term\">smas<\/a>","<a href=\"http:\/\/maismagazine.pt\/index.php\/category\/empreendedorismo\/\" class=\"advgb-post-tax-term\">smas leiria<\/a>"],"unlinked":["<span class=\"advgb-post-tax-term\">\u00c1gua<\/span>","<span class=\"advgb-post-tax-term\">Educa\u00e7\u00e3o Ambiental<\/span>","<span class=\"advgb-post-tax-term\">leiria<\/span>","<span class=\"advgb-post-tax-term\">smas<\/span>","<span class=\"advgb-post-tax-term\">smas leiria<\/span>"]}},"comment_count":"0","relative_dates":{"created":"Posted 4 anos ago","modified":"Updated 4 anos ago"},"absolute_dates":{"created":"Posted on 30 de Outubro, 2021","modified":"Updated on 4 de Novembro, 2021"},"absolute_dates_time":{"created":"Posted on 30 de Outubro, 2021 7:00","modified":"Updated on 4 de Novembro, 2021 17:02"},"featured_img_caption":"","series_order":"","_links":{"self":[{"href":"http:\/\/maismagazine.pt\/index.php\/wp-json\/wp\/v2\/posts\/1477","targetHints":{"allow":["GET"]}}],"collection":[{"href":"http:\/\/maismagazine.pt\/index.php\/wp-json\/wp\/v2\/posts"}],"about":[{"href":"http:\/\/maismagazine.pt\/index.php\/wp-json\/wp\/v2\/types\/post"}],"author":[{"embeddable":true,"href":"http:\/\/maismagazine.pt\/index.php\/wp-json\/wp\/v2\/users\/7"}],"replies":[{"embeddable":true,"href":"http:\/\/maismagazine.pt\/index.php\/wp-json\/wp\/v2\/comments?post=1477"}],"version-history":[{"count":4,"href":"http:\/\/maismagazine.pt\/index.php\/wp-json\/wp\/v2\/posts\/1477\/revisions"}],"predecessor-version":[{"id":1560,"href":"http:\/\/maismagazine.pt\/index.php\/wp-json\/wp\/v2\/posts\/1477\/revisions\/1560"}],"wp:featuredmedia":[{"embeddable":true,"href":"http:\/\/maismagazine.pt\/index.php\/wp-json\/wp\/v2\/media\/1483"}],"wp:attachment":[{"href":"http:\/\/maismagazine.pt\/index.php\/wp-json\/wp\/v2\/media?parent=1477"}],"wp:term":[{"taxonomy":"category","embeddable":true,"href":"http:\/\/maismagazine.pt\/index.php\/wp-json\/wp\/v2\/categories?post=1477"},{"taxonomy":"post_tag","embeddable":true,"href":"http:\/\/maismagazine.pt\/index.php\/wp-json\/wp\/v2\/tags?post=1477"}],"curies":[{"name":"wp","href":"https:\/\/api.w.org\/{rel}","templated":true}]}}