{"id":1469,"date":"2021-10-30T07:00:00","date_gmt":"2021-10-30T07:00:00","guid":{"rendered":"https:\/\/maismagazine.pt\/?p=1469"},"modified":"2021-11-16T14:18:49","modified_gmt":"2021-11-16T14:18:49","slug":"apda-promover-a-preservacao-do-nosso-bem-mais-valioso","status":"publish","type":"post","link":"http:\/\/maismagazine.pt\/index.php\/2021\/10\/30\/apda-promover-a-preservacao-do-nosso-bem-mais-valioso\/","title":{"rendered":"APDA: Promover a preserva\u00e7\u00e3o do nosso bem mais valioso"},"content":{"rendered":"\n<p><strong>Posicionados a n\u00edvel nacional e no estrangeiro, a Associa\u00e7\u00e3o Portuguesa de Distribui\u00e7\u00e3o e Drenagem de \u00c1guas (APDA) marca a diferen\u00e7a no setor da \u00e1gua, atrav\u00e9s de uma filosofia de trabalho marcada pelo conhecimento, pela investiga\u00e7\u00e3o e pela partilha de experi\u00eancias e realidades. <\/strong><\/p>\n\n\n\n<p><\/p>\n\n\n\n<p>Mais do que uma organiza\u00e7\u00e3o preocupada com o ambiente, a APDA &#8211; Associa\u00e7\u00e3o Portuguesa de Distribui\u00e7\u00e3o e Drenagem de \u00c1guas responde \u00e0s necessidades atuais dos seus membros. \u201cNeste \u00e2mbito, representa e defende os interesses das entidades nacionais respons\u00e1veis pelos sistemas de abastecimento de \u00e1gua e de drenagem de \u00e1guas residuais, assim como de todos os interessados &#8211; desde que sejam intervenientes nestes dom\u00ednios\u201d. Atualmente, a APDA encontra-se posicionada a n\u00edvel nacional e no estrangeiro, tendo como intuito aperfei\u00e7oar as suas \u201ccapacidades para continuar a acompanhar e a responder, de forma permanente, aos desafios com que o setor da \u00e1gua se depara hoje, assim como a m\u00e9dio e longo prazo, designadamente: o impacto das altera\u00e7\u00f5es clim\u00e1ticas na qualidade e nas disponibilidades de \u00e1gua; a escassez de recursos e a ocorr\u00eancia de fen\u00f3menos naturais extremos; a evolu\u00e7\u00e3o demogr\u00e1fica; a incerteza do comportamento da economia induzida pela progress\u00e3o da escassez de \u00e1gua e de secas, com os seus impactos sociais; o desenvolvimento tecnol\u00f3gico, bem como a evolu\u00e7\u00e3o dos valores sociais e culturais dos cidad\u00e3os e consumidores, como fatores insepar\u00e1veis do uso e da gest\u00e3o deste recurso vital\u201d, informa Rui Godinho, Presidente do Conselho Diretivo da APDA. Para a concretiza\u00e7\u00e3o desta miss\u00e3o, Rui Godinho, conta com o \u201ccontributo exemplar das Comiss\u00f5es Especializadas da Associa\u00e7\u00e3o, que s\u00e3o constitu\u00eddas por profissionais qualificados das mais diversas \u00e1reas do setor de todo o territ\u00f3rio nacional\u201d.<\/p>\n\n\n\n<p><\/p>\n\n\n\n<p><strong>Encontro Nacional de Entidades Gestoras de \u00c1gua e Saneamento<\/strong><\/p>\n\n\n\n<p>Entre 23 e 26 de novembro, decorrer\u00e1 o Encontro Nacional de Entidades Gestoras de \u00c1gua e Saneamento, reconhecido pela sigla ENEG, no Tivoli Marina Vilamoura &#8211; Centro de Congressos do Algarve. Rui Godinho refere que \u201ceste \u00e9 um evento que a APDA organiza a cada dois anos e que se tem afirmado como a mais importante e representativa confer\u00eancia sobre a gest\u00e3o da \u00e1gua que se realiza em Portugal\u201d. \u201cEm linha com a necessidade de priorizar os desafios presentes e futuros com que o setor se depara\u201d, a edi\u00e7\u00e3o deste ano, desenrolar-se-\u00e1 sob o tema central \u201cDificuldades na Gest\u00e3o da \u00c1gua e a Emerg\u00eancia Clim\u00e1tica: Mudan\u00e7as Necess\u00e1rias\u201d. O programa ir\u00e1 envolver comunica\u00e7\u00f5es livres, mesas-redondas e um grande debate, bem como uma exposi\u00e7\u00e3o, reunindo centenas de gestores e especialistas nacionais e internacionais.<\/p>\n\n\n\n<div class=\"wp-block-image\"><figure class=\"aligncenter size-large\"><img loading=\"lazy\" decoding=\"async\" width=\"768\" height=\"1024\" src=\"http:\/\/maismagazine.pt\/wp-content\/uploads\/2021\/10\/Instalacoes-APDA-768x1024.jpg\" alt=\"\" class=\"wp-image-1475\" srcset=\"http:\/\/maismagazine.pt\/wp-content\/uploads\/2021\/10\/Instalacoes-APDA-768x1024.jpg 768w, http:\/\/maismagazine.pt\/wp-content\/uploads\/2021\/10\/Instalacoes-APDA-225x300.jpg 225w, http:\/\/maismagazine.pt\/wp-content\/uploads\/2021\/10\/Instalacoes-APDA-1152x1536.jpg 1152w, http:\/\/maismagazine.pt\/wp-content\/uploads\/2021\/10\/Instalacoes-APDA-1536x2048.jpg 1536w, http:\/\/maismagazine.pt\/wp-content\/uploads\/2021\/10\/Instalacoes-APDA.jpg 1872w\" sizes=\"auto, (max-width: 768px) 100vw, 768px\" \/><\/figure><\/div>\n\n\n\n<p><strong>Futuramente&#8230;<\/strong><\/p>\n\n\n\n<p>A \u201cnecessidade constante de informar, sensibilizar e educar para que as sociedades, a sua popula\u00e7\u00e3o e os dirigentes se mobilizem numa maior e mais cuidada reflex\u00e3o e a\u00e7\u00e3o\u201d \u00e9 um dos objetivos da APDA. Neste \u00e2mbito, Rui Godinho destaca a \u201ccampanha H2Off que a APDA, por interm\u00e9dio da Comiss\u00e3o Especializada de Comunica\u00e7\u00e3o e Educa\u00e7\u00e3o Ambiental, realizou este ano\u201d. A APDA, entretanto, pugnar\u00e1 por medidas e a\u00e7\u00f5es, que visem garantir as disponibilidades de \u00e1gua &#8220;atrav\u00e9s da reten\u00e7\u00e3o e do armazenamento interanual dos recursos h\u00eddricos superficiais, bem como da prote\u00e7\u00e3o das \u00e1guas subterr\u00e2neas, controlando rigorosamente as capta\u00e7\u00f5es intensivas e il\u00edcitas nos principais aqu\u00edferos que o pa\u00eds possui, assumindo-os como reservas estrat\u00e9gicas&#8221;. Tamb\u00e9m se prop\u00f5e colocar \u201ca Gest\u00e3o da \u00c1gua na agenda das Pol\u00edticas P\u00fablicas, promovendo a Seguran\u00e7a H\u00eddrica do Pa\u00eds, a Efici\u00eancia, a Resili\u00eancia e a Inova\u00e7\u00e3o dos Servi\u00e7os de \u00c1gua e Saneamento, bem como o seu Equil\u00edbrio Econ\u00f3mico e Financeiro, no quadro da situa\u00e7\u00e3o de Emerg\u00eancia Clim\u00e1tica que vivemos\u201d.<\/p>\n","protected":false},"excerpt":{"rendered":"<p>Posicionados a n\u00edvel nacional e no estrangeiro, a Associa\u00e7\u00e3o Portuguesa de Distribui\u00e7\u00e3o e Drenagem de \u00c1guas (APDA) marca a diferen\u00e7a no setor da \u00e1gua, atrav\u00e9s de uma filosofia de trabalho marcada pelo conhecimento, pela investiga\u00e7\u00e3o e pela partilha de experi\u00eancias e realidades. Mais do que uma organiza\u00e7\u00e3o preocupada com o&hellip;<\/p>\n","protected":false},"author":7,"featured_media":1474,"comment_status":"open","ping_status":"open","sticky":false,"template":"","format":"standard","meta":{"advgb_blocks_editor_width":"","advgb_blocks_columns_visual_guide":"","_monsterinsights_skip_tracking":false,"_monsterinsights_sitenote_active":false,"_monsterinsights_sitenote_note":"","_monsterinsights_sitenote_category":0,"footnotes":""},"categories":[78,6],"tags":[107,108],"class_list":["post-1469","post","type-post","status-publish","format-standard","has-post-thumbnail","hentry","category-ambiente-e-sustentabilidade","category-empreendedorismo","tag-agua","tag-educacao-ambiental"],"yoast_head":"<!-- This site is optimized with the Yoast SEO plugin v24.4 - https:\/\/yoast.com\/wordpress\/plugins\/seo\/ -->\n<title>APDA: Promover a preserva\u00e7\u00e3o do nosso bem mais valioso - Mais Magazine<\/title>\n<meta name=\"description\" content=\"Posicionados a n\u00edvel nacional e no estrangeiro, a Associa\u00e7\u00e3o Portuguesa de Distribui\u00e7\u00e3o e Drenagem de \u00c1guas (APDA) marca a diferen\u00e7a no setor da \u00e1gua, atrav\u00e9s de uma filosofia de trabalho marcada pelo conhecimento, pela investiga\u00e7\u00e3o e pela partilha de experi\u00eancias e realidades.\" \/>\n<meta name=\"robots\" content=\"index, follow, max-snippet:-1, max-image-preview:large, max-video-preview:-1\" \/>\n<link rel=\"canonical\" href=\"https:\/\/maismagazine.pt\/index.php\/2021\/10\/30\/apda-promover-a-preservacao-do-nosso-bem-mais-valioso\/\" \/>\n<meta property=\"og:locale\" content=\"pt_PT\" \/>\n<meta property=\"og:type\" content=\"article\" \/>\n<meta property=\"og:title\" content=\"APDA: Promover a preserva\u00e7\u00e3o do nosso bem mais valioso - Mais Magazine\" \/>\n<meta property=\"og:description\" content=\"Posicionados a n\u00edvel nacional e no estrangeiro, a Associa\u00e7\u00e3o Portuguesa de Distribui\u00e7\u00e3o e Drenagem de \u00c1guas (APDA) marca a diferen\u00e7a no setor da \u00e1gua, atrav\u00e9s de uma filosofia de trabalho marcada pelo conhecimento, pela investiga\u00e7\u00e3o e pela partilha de experi\u00eancias e realidades.\" \/>\n<meta property=\"og:url\" content=\"https:\/\/maismagazine.pt\/index.php\/2021\/10\/30\/apda-promover-a-preservacao-do-nosso-bem-mais-valioso\/\" \/>\n<meta property=\"og:site_name\" content=\"Mais Magazine\" \/>\n<meta property=\"article:published_time\" content=\"2021-10-30T07:00:00+00:00\" \/>\n<meta property=\"article:modified_time\" content=\"2021-11-16T14:18:49+00:00\" \/>\n<meta property=\"og:image\" content=\"https:\/\/maismagazine.pt\/wp-content\/uploads\/2021\/10\/Rui-Godinho-3.jpg\" \/>\n\t<meta property=\"og:image:width\" content=\"800\" \/>\n\t<meta property=\"og:image:height\" content=\"600\" \/>\n\t<meta property=\"og:image:type\" content=\"image\/jpeg\" \/>\n<meta name=\"author\" content=\"Jo\u00e3o Malainho\" \/>\n<meta name=\"twitter:card\" content=\"summary_large_image\" \/>\n<meta name=\"twitter:label1\" content=\"Escrito por\" \/>\n\t<meta name=\"twitter:data1\" content=\"\" \/>\n\t<meta name=\"twitter:label2\" content=\"Tempo estimado de leitura\" \/>\n\t<meta name=\"twitter:data2\" content=\"3 minutos\" \/>\n<script type=\"application\/ld+json\" class=\"yoast-schema-graph\">{\"@context\":\"https:\/\/schema.org\",\"@graph\":[{\"@type\":\"Article\",\"@id\":\"https:\/\/maismagazine.pt\/index.php\/2021\/10\/30\/apda-promover-a-preservacao-do-nosso-bem-mais-valioso\/#article\",\"isPartOf\":{\"@id\":\"https:\/\/maismagazine.pt\/index.php\/2021\/10\/30\/apda-promover-a-preservacao-do-nosso-bem-mais-valioso\/\"},\"author\":{\"name\":\"Jo\u00e3o Malainho\",\"@id\":\"http:\/\/maismagazine.pt\/#\/schema\/person\/999bd426f894ff56d397ec12ebd21ebb\"},\"headline\":\"APDA: Promover a preserva\u00e7\u00e3o do nosso bem mais valioso\",\"datePublished\":\"2021-10-30T07:00:00+00:00\",\"dateModified\":\"2021-11-16T14:18:49+00:00\",\"mainEntityOfPage\":{\"@id\":\"https:\/\/maismagazine.pt\/index.php\/2021\/10\/30\/apda-promover-a-preservacao-do-nosso-bem-mais-valioso\/\"},\"wordCount\":654,\"commentCount\":0,\"publisher\":{\"@id\":\"http:\/\/maismagazine.pt\/#organization\"},\"image\":{\"@id\":\"https:\/\/maismagazine.pt\/index.php\/2021\/10\/30\/apda-promover-a-preservacao-do-nosso-bem-mais-valioso\/#primaryimage\"},\"thumbnailUrl\":\"http:\/\/maismagazine.pt\/wp-content\/uploads\/2021\/10\/Rui-Godinho-3.jpg\",\"keywords\":[\"\u00c1gua\",\"Educa\u00e7\u00e3o Ambiental\"],\"articleSection\":[\"Ambiente e Sustentabilidade\",\"Empreendedorismo\"],\"inLanguage\":\"pt-PT\",\"potentialAction\":[{\"@type\":\"CommentAction\",\"name\":\"Comment\",\"target\":[\"https:\/\/maismagazine.pt\/index.php\/2021\/10\/30\/apda-promover-a-preservacao-do-nosso-bem-mais-valioso\/#respond\"]}]},{\"@type\":\"WebPage\",\"@id\":\"https:\/\/maismagazine.pt\/index.php\/2021\/10\/30\/apda-promover-a-preservacao-do-nosso-bem-mais-valioso\/\",\"url\":\"https:\/\/maismagazine.pt\/index.php\/2021\/10\/30\/apda-promover-a-preservacao-do-nosso-bem-mais-valioso\/\",\"name\":\"APDA: Promover a preserva\u00e7\u00e3o do nosso bem mais valioso - Mais Magazine\",\"isPartOf\":{\"@id\":\"http:\/\/maismagazine.pt\/#website\"},\"primaryImageOfPage\":{\"@id\":\"https:\/\/maismagazine.pt\/index.php\/2021\/10\/30\/apda-promover-a-preservacao-do-nosso-bem-mais-valioso\/#primaryimage\"},\"image\":{\"@id\":\"https:\/\/maismagazine.pt\/index.php\/2021\/10\/30\/apda-promover-a-preservacao-do-nosso-bem-mais-valioso\/#primaryimage\"},\"thumbnailUrl\":\"http:\/\/maismagazine.pt\/wp-content\/uploads\/2021\/10\/Rui-Godinho-3.jpg\",\"datePublished\":\"2021-10-30T07:00:00+00:00\",\"dateModified\":\"2021-11-16T14:18:49+00:00\",\"description\":\"Posicionados a n\u00edvel nacional e no estrangeiro, a Associa\u00e7\u00e3o Portuguesa de Distribui\u00e7\u00e3o e Drenagem de \u00c1guas (APDA) marca a diferen\u00e7a no setor da \u00e1gua, atrav\u00e9s de uma filosofia de trabalho marcada pelo conhecimento, pela investiga\u00e7\u00e3o e pela partilha de experi\u00eancias e realidades.\",\"breadcrumb\":{\"@id\":\"https:\/\/maismagazine.pt\/index.php\/2021\/10\/30\/apda-promover-a-preservacao-do-nosso-bem-mais-valioso\/#breadcrumb\"},\"inLanguage\":\"pt-PT\",\"potentialAction\":[{\"@type\":\"ReadAction\",\"target\":[\"https:\/\/maismagazine.pt\/index.php\/2021\/10\/30\/apda-promover-a-preservacao-do-nosso-bem-mais-valioso\/\"]}]},{\"@type\":\"ImageObject\",\"inLanguage\":\"pt-PT\",\"@id\":\"https:\/\/maismagazine.pt\/index.php\/2021\/10\/30\/apda-promover-a-preservacao-do-nosso-bem-mais-valioso\/#primaryimage\",\"url\":\"http:\/\/maismagazine.pt\/wp-content\/uploads\/2021\/10\/Rui-Godinho-3.jpg\",\"contentUrl\":\"http:\/\/maismagazine.pt\/wp-content\/uploads\/2021\/10\/Rui-Godinho-3.jpg\",\"width\":800,\"height\":600},{\"@type\":\"BreadcrumbList\",\"@id\":\"https:\/\/maismagazine.pt\/index.php\/2021\/10\/30\/apda-promover-a-preservacao-do-nosso-bem-mais-valioso\/#breadcrumb\",\"itemListElement\":[{\"@type\":\"ListItem\",\"position\":1,\"name\":\"Home\",\"item\":\"http:\/\/maismagazine.pt\/\"},{\"@type\":\"ListItem\",\"position\":2,\"name\":\"APDA: Promover a preserva\u00e7\u00e3o do nosso bem mais valioso\"}]},{\"@type\":\"WebSite\",\"@id\":\"http:\/\/maismagazine.pt\/#website\",\"url\":\"http:\/\/maismagazine.pt\/\",\"name\":\"Mais Magazine\",\"description\":\"\",\"publisher\":{\"@id\":\"http:\/\/maismagazine.pt\/#organization\"},\"potentialAction\":[{\"@type\":\"SearchAction\",\"target\":{\"@type\":\"EntryPoint\",\"urlTemplate\":\"http:\/\/maismagazine.pt\/?s={search_term_string}\"},\"query-input\":{\"@type\":\"PropertyValueSpecification\",\"valueRequired\":true,\"valueName\":\"search_term_string\"}}],\"inLanguage\":\"pt-PT\"},{\"@type\":\"Organization\",\"@id\":\"http:\/\/maismagazine.pt\/#organization\",\"name\":\"Mais Magazine\",\"url\":\"http:\/\/maismagazine.pt\/\",\"logo\":{\"@type\":\"ImageObject\",\"inLanguage\":\"pt-PT\",\"@id\":\"http:\/\/maismagazine.pt\/#\/schema\/logo\/image\/\",\"url\":\"http:\/\/maismagazine.pt\/wp-content\/uploads\/2020\/04\/cropped-cropped-mais-magazine-site-logo-2.png\",\"contentUrl\":\"http:\/\/maismagazine.pt\/wp-content\/uploads\/2020\/04\/cropped-cropped-mais-magazine-site-logo-2.png\",\"width\":581,\"height\":90,\"caption\":\"Mais Magazine\"},\"image\":{\"@id\":\"http:\/\/maismagazine.pt\/#\/schema\/logo\/image\/\"}},{\"@type\":\"Person\",\"@id\":\"http:\/\/maismagazine.pt\/#\/schema\/person\/999bd426f894ff56d397ec12ebd21ebb\",\"name\":\"Jo\u00e3o Malainho\",\"image\":{\"@type\":\"ImageObject\",\"inLanguage\":\"pt-PT\",\"@id\":\"http:\/\/maismagazine.pt\/#\/schema\/person\/image\/\",\"url\":\"https:\/\/secure.gravatar.com\/avatar\/ff03c2f38edf60b2a827aa4f74878491?s=96&d=mm&r=g\",\"contentUrl\":\"https:\/\/secure.gravatar.com\/avatar\/ff03c2f38edf60b2a827aa4f74878491?s=96&d=mm&r=g\",\"caption\":\"Jo\u00e3o Malainho\"},\"url\":\"http:\/\/maismagazine.pt\/index.php\/author\/maismagazine\/\"}]}<\/script>\n<!-- \/ Yoast SEO plugin. -->","yoast_head_json":{"title":"APDA: Promover a preserva\u00e7\u00e3o do nosso bem mais valioso - Mais Magazine","description":"Posicionados a n\u00edvel nacional e no estrangeiro, a Associa\u00e7\u00e3o Portuguesa de Distribui\u00e7\u00e3o e Drenagem de \u00c1guas (APDA) marca a diferen\u00e7a no setor da \u00e1gua, atrav\u00e9s de uma filosofia de trabalho marcada pelo conhecimento, pela investiga\u00e7\u00e3o e pela partilha de experi\u00eancias e realidades.","robots":{"index":"index","follow":"follow","max-snippet":"max-snippet:-1","max-image-preview":"max-image-preview:large","max-video-preview":"max-video-preview:-1"},"canonical":"https:\/\/maismagazine.pt\/index.php\/2021\/10\/30\/apda-promover-a-preservacao-do-nosso-bem-mais-valioso\/","og_locale":"pt_PT","og_type":"article","og_title":"APDA: Promover a preserva\u00e7\u00e3o do nosso bem mais valioso - Mais Magazine","og_description":"Posicionados a n\u00edvel nacional e no estrangeiro, a Associa\u00e7\u00e3o Portuguesa de Distribui\u00e7\u00e3o e Drenagem de \u00c1guas (APDA) marca a diferen\u00e7a no setor da \u00e1gua, atrav\u00e9s de uma filosofia de trabalho marcada pelo conhecimento, pela investiga\u00e7\u00e3o e pela partilha de experi\u00eancias e realidades.","og_url":"https:\/\/maismagazine.pt\/index.php\/2021\/10\/30\/apda-promover-a-preservacao-do-nosso-bem-mais-valioso\/","og_site_name":"Mais Magazine","article_published_time":"2021-10-30T07:00:00+00:00","article_modified_time":"2021-11-16T14:18:49+00:00","og_image":[{"width":800,"height":600,"url":"https:\/\/maismagazine.pt\/wp-content\/uploads\/2021\/10\/Rui-Godinho-3.jpg","type":"image\/jpeg"}],"author":"Jo\u00e3o Malainho","twitter_card":"summary_large_image","twitter_misc":{"Escrito por":false,"Tempo estimado de leitura":"3 minutos"},"schema":{"@context":"https:\/\/schema.org","@graph":[{"@type":"Article","@id":"https:\/\/maismagazine.pt\/index.php\/2021\/10\/30\/apda-promover-a-preservacao-do-nosso-bem-mais-valioso\/#article","isPartOf":{"@id":"https:\/\/maismagazine.pt\/index.php\/2021\/10\/30\/apda-promover-a-preservacao-do-nosso-bem-mais-valioso\/"},"author":{"name":"Jo\u00e3o Malainho","@id":"http:\/\/maismagazine.pt\/#\/schema\/person\/999bd426f894ff56d397ec12ebd21ebb"},"headline":"APDA: Promover a preserva\u00e7\u00e3o do nosso bem mais valioso","datePublished":"2021-10-30T07:00:00+00:00","dateModified":"2021-11-16T14:18:49+00:00","mainEntityOfPage":{"@id":"https:\/\/maismagazine.pt\/index.php\/2021\/10\/30\/apda-promover-a-preservacao-do-nosso-bem-mais-valioso\/"},"wordCount":654,"commentCount":0,"publisher":{"@id":"http:\/\/maismagazine.pt\/#organization"},"image":{"@id":"https:\/\/maismagazine.pt\/index.php\/2021\/10\/30\/apda-promover-a-preservacao-do-nosso-bem-mais-valioso\/#primaryimage"},"thumbnailUrl":"http:\/\/maismagazine.pt\/wp-content\/uploads\/2021\/10\/Rui-Godinho-3.jpg","keywords":["\u00c1gua","Educa\u00e7\u00e3o Ambiental"],"articleSection":["Ambiente e Sustentabilidade","Empreendedorismo"],"inLanguage":"pt-PT","potentialAction":[{"@type":"CommentAction","name":"Comment","target":["https:\/\/maismagazine.pt\/index.php\/2021\/10\/30\/apda-promover-a-preservacao-do-nosso-bem-mais-valioso\/#respond"]}]},{"@type":"WebPage","@id":"https:\/\/maismagazine.pt\/index.php\/2021\/10\/30\/apda-promover-a-preservacao-do-nosso-bem-mais-valioso\/","url":"https:\/\/maismagazine.pt\/index.php\/2021\/10\/30\/apda-promover-a-preservacao-do-nosso-bem-mais-valioso\/","name":"APDA: Promover a preserva\u00e7\u00e3o do nosso bem mais valioso - Mais Magazine","isPartOf":{"@id":"http:\/\/maismagazine.pt\/#website"},"primaryImageOfPage":{"@id":"https:\/\/maismagazine.pt\/index.php\/2021\/10\/30\/apda-promover-a-preservacao-do-nosso-bem-mais-valioso\/#primaryimage"},"image":{"@id":"https:\/\/maismagazine.pt\/index.php\/2021\/10\/30\/apda-promover-a-preservacao-do-nosso-bem-mais-valioso\/#primaryimage"},"thumbnailUrl":"http:\/\/maismagazine.pt\/wp-content\/uploads\/2021\/10\/Rui-Godinho-3.jpg","datePublished":"2021-10-30T07:00:00+00:00","dateModified":"2021-11-16T14:18:49+00:00","description":"Posicionados a n\u00edvel nacional e no estrangeiro, a Associa\u00e7\u00e3o Portuguesa de Distribui\u00e7\u00e3o e Drenagem de \u00c1guas (APDA) marca a diferen\u00e7a no setor da \u00e1gua, atrav\u00e9s de uma filosofia de trabalho marcada pelo conhecimento, pela investiga\u00e7\u00e3o e pela partilha de experi\u00eancias e realidades.","breadcrumb":{"@id":"https:\/\/maismagazine.pt\/index.php\/2021\/10\/30\/apda-promover-a-preservacao-do-nosso-bem-mais-valioso\/#breadcrumb"},"inLanguage":"pt-PT","potentialAction":[{"@type":"ReadAction","target":["https:\/\/maismagazine.pt\/index.php\/2021\/10\/30\/apda-promover-a-preservacao-do-nosso-bem-mais-valioso\/"]}]},{"@type":"ImageObject","inLanguage":"pt-PT","@id":"https:\/\/maismagazine.pt\/index.php\/2021\/10\/30\/apda-promover-a-preservacao-do-nosso-bem-mais-valioso\/#primaryimage","url":"http:\/\/maismagazine.pt\/wp-content\/uploads\/2021\/10\/Rui-Godinho-3.jpg","contentUrl":"http:\/\/maismagazine.pt\/wp-content\/uploads\/2021\/10\/Rui-Godinho-3.jpg","width":800,"height":600},{"@type":"BreadcrumbList","@id":"https:\/\/maismagazine.pt\/index.php\/2021\/10\/30\/apda-promover-a-preservacao-do-nosso-bem-mais-valioso\/#breadcrumb","itemListElement":[{"@type":"ListItem","position":1,"name":"Home","item":"http:\/\/maismagazine.pt\/"},{"@type":"ListItem","position":2,"name":"APDA: Promover a preserva\u00e7\u00e3o do nosso bem mais valioso"}]},{"@type":"WebSite","@id":"http:\/\/maismagazine.pt\/#website","url":"http:\/\/maismagazine.pt\/","name":"Mais Magazine","description":"","publisher":{"@id":"http:\/\/maismagazine.pt\/#organization"},"potentialAction":[{"@type":"SearchAction","target":{"@type":"EntryPoint","urlTemplate":"http:\/\/maismagazine.pt\/?s={search_term_string}"},"query-input":{"@type":"PropertyValueSpecification","valueRequired":true,"valueName":"search_term_string"}}],"inLanguage":"pt-PT"},{"@type":"Organization","@id":"http:\/\/maismagazine.pt\/#organization","name":"Mais Magazine","url":"http:\/\/maismagazine.pt\/","logo":{"@type":"ImageObject","inLanguage":"pt-PT","@id":"http:\/\/maismagazine.pt\/#\/schema\/logo\/image\/","url":"http:\/\/maismagazine.pt\/wp-content\/uploads\/2020\/04\/cropped-cropped-mais-magazine-site-logo-2.png","contentUrl":"http:\/\/maismagazine.pt\/wp-content\/uploads\/2020\/04\/cropped-cropped-mais-magazine-site-logo-2.png","width":581,"height":90,"caption":"Mais Magazine"},"image":{"@id":"http:\/\/maismagazine.pt\/#\/schema\/logo\/image\/"}},{"@type":"Person","@id":"http:\/\/maismagazine.pt\/#\/schema\/person\/999bd426f894ff56d397ec12ebd21ebb","name":"Jo\u00e3o Malainho","image":{"@type":"ImageObject","inLanguage":"pt-PT","@id":"http:\/\/maismagazine.pt\/#\/schema\/person\/image\/","url":"https:\/\/secure.gravatar.com\/avatar\/ff03c2f38edf60b2a827aa4f74878491?s=96&d=mm&r=g","contentUrl":"https:\/\/secure.gravatar.com\/avatar\/ff03c2f38edf60b2a827aa4f74878491?s=96&d=mm&r=g","caption":"Jo\u00e3o Malainho"},"url":"http:\/\/maismagazine.pt\/index.php\/author\/maismagazine\/"}]}},"author_meta":{"display_name":false,"author_link":"http:\/\/maismagazine.pt\/index.php\/author\/maismagazine\/"},"featured_img":"http:\/\/maismagazine.pt\/wp-content\/uploads\/2021\/10\/Rui-Godinho-3-300x225.jpg","coauthors":[],"tax_additional":{"categories":{"linked":["<a href=\"http:\/\/maismagazine.pt\/index.php\/category\/empreendedorismo\/ambiente-e-sustentabilidade\/\" class=\"advgb-post-tax-term\">Ambiente e Sustentabilidade<\/a>","<a href=\"http:\/\/maismagazine.pt\/index.php\/category\/empreendedorismo\/\" class=\"advgb-post-tax-term\">Empreendedorismo<\/a>"],"unlinked":["<span class=\"advgb-post-tax-term\">Ambiente e Sustentabilidade<\/span>","<span class=\"advgb-post-tax-term\">Empreendedorismo<\/span>"]},"tags":{"linked":["<a href=\"http:\/\/maismagazine.pt\/index.php\/category\/empreendedorismo\/\" class=\"advgb-post-tax-term\">\u00c1gua<\/a>","<a href=\"http:\/\/maismagazine.pt\/index.php\/category\/empreendedorismo\/\" class=\"advgb-post-tax-term\">Educa\u00e7\u00e3o Ambiental<\/a>"],"unlinked":["<span class=\"advgb-post-tax-term\">\u00c1gua<\/span>","<span class=\"advgb-post-tax-term\">Educa\u00e7\u00e3o Ambiental<\/span>"]}},"comment_count":"0","relative_dates":{"created":"Posted 4 anos ago","modified":"Updated 4 anos ago"},"absolute_dates":{"created":"Posted on 30 de Outubro, 2021","modified":"Updated on 16 de Novembro, 2021"},"absolute_dates_time":{"created":"Posted on 30 de Outubro, 2021 7:00","modified":"Updated on 16 de Novembro, 2021 14:18"},"featured_img_caption":"","series_order":"","_links":{"self":[{"href":"http:\/\/maismagazine.pt\/index.php\/wp-json\/wp\/v2\/posts\/1469","targetHints":{"allow":["GET"]}}],"collection":[{"href":"http:\/\/maismagazine.pt\/index.php\/wp-json\/wp\/v2\/posts"}],"about":[{"href":"http:\/\/maismagazine.pt\/index.php\/wp-json\/wp\/v2\/types\/post"}],"author":[{"embeddable":true,"href":"http:\/\/maismagazine.pt\/index.php\/wp-json\/wp\/v2\/users\/7"}],"replies":[{"embeddable":true,"href":"http:\/\/maismagazine.pt\/index.php\/wp-json\/wp\/v2\/comments?post=1469"}],"version-history":[{"count":4,"href":"http:\/\/maismagazine.pt\/index.php\/wp-json\/wp\/v2\/posts\/1469\/revisions"}],"predecessor-version":[{"id":1611,"href":"http:\/\/maismagazine.pt\/index.php\/wp-json\/wp\/v2\/posts\/1469\/revisions\/1611"}],"wp:featuredmedia":[{"embeddable":true,"href":"http:\/\/maismagazine.pt\/index.php\/wp-json\/wp\/v2\/media\/1474"}],"wp:attachment":[{"href":"http:\/\/maismagazine.pt\/index.php\/wp-json\/wp\/v2\/media?parent=1469"}],"wp:term":[{"taxonomy":"category","embeddable":true,"href":"http:\/\/maismagazine.pt\/index.php\/wp-json\/wp\/v2\/categories?post=1469"},{"taxonomy":"post_tag","embeddable":true,"href":"http:\/\/maismagazine.pt\/index.php\/wp-json\/wp\/v2\/tags?post=1469"}],"curies":[{"name":"wp","href":"https:\/\/api.w.org\/{rel}","templated":true}]}}