{"id":1412,"date":"2021-10-30T07:00:00","date_gmt":"2021-10-30T07:00:00","guid":{"rendered":"http:\/\/maismagazine.pt\/?p=1412"},"modified":"2021-11-17T17:34:19","modified_gmt":"2021-11-17T17:34:19","slug":"uma-loja-voltada-para-o-cliente-e-para-o-franchising","status":"publish","type":"post","link":"http:\/\/maismagazine.pt\/index.php\/2021\/10\/30\/uma-loja-voltada-para-o-cliente-e-para-o-franchising\/","title":{"rendered":"Loja Pro: Uma loja voltada para o cliente e para o franchising"},"content":{"rendered":"\n<p><strong>Ap\u00f3s revolucionar o mercado de vendas online no seu setor, a Loja Pro.pt chegou aos marketplaces nacionais e expande a sua rede de lojas f\u00edsicas com um modelo de sucesso e cada vez mais pr\u00f3ximo do cliente.<\/strong><\/p>\n\n\n\n<p>Depois de construir uma imagem forte e de confian\u00e7a no mercado ao n\u00edvel do e-commerce e respondendo a uma crescente procura dos produtos comercializados, a Lojapro.pt abre a primeira loja f\u00edsica em 2014 e mais tarde inicia-se atrav\u00e9s do sistema de uma rede de Franchising que promete procurar de forma continua a excel\u00eancia.<\/p>\n\n\n\n<p>A LOJAPRO.PT destaca\u2011se no mundo do Franchising por ser um conceito inovador onde encontra os melhores produtos na \u00e1rea de materiais hospitalares, ortopedia, higiene e limpeza. Atrav\u00e9s de uma rede de franchisados cada vez maior, a LOJAPRO.PT pretende estar fisicamente cada vez mais pr\u00f3xima dos seus clientes, com espa\u00e7os cuidadosamente planeados, l\u00edder do sector e central de compras exclusiva, com sede em Braga.<\/p>\n\n\n\n<p>O projeto LOJAPRO.PT em sistema de franchising passou por uma an\u00e1lise de viabilidade econ\u00f3mico-financeira de especialistas da \u00e1rea, de forma a garantir aos franchisados maior credibilidade, confian\u00e7a e sucesso, garantindo ainda resposta a quest\u00f5es como aconselhamento na sele\u00e7\u00e3o da loja, projeto de loja \u201c chave-na-m\u00e3o\u201d, forma\u00e7\u00e3o inicial e cont\u00ednua para franchisados e colaboradores, publicidade e suporte de vendas\/servi\u00e7os, central de compras, apoio \u00e0 gest\u00e3o da loja, central telef\u00f3nica e plataforma exclusiva LOJAPRO.PT, entre muitas outras vantagens. Desde o in\u00edcio e de forma continuada \u00e9 garantida aos franchisados um acompanhamento personalizado e profissional.<\/p>\n\n\n\n<p>\u00c9 atrav\u00e9s deste sistema de franchising, assente numa base s\u00f3lida de conhecimento, experi\u00eancia e dedica\u00e7\u00e3o que em resposta a v\u00e1rias solicita\u00e7\u00f5es do mercado o portf\u00f3lio da LOJAPRO.PT se diversifica de forma exponencial, incluindo atualmente um maior leque de produtos relacionado com \u00e1reas j\u00e1 existentes e acrescentando outras como descart\u00e1veis, artigos de higiene e limpeza, fardamento, est\u00e9tica, desporto e produtos para &nbsp;casa de marcas de refer\u00eancia no mercado e muito em breve com a pr\u00f3pria marca.<\/p>\n\n\n\n<p>H\u00e9lder Teixeira, propriet\u00e1rio da LOJAPRO.PT, garante \u201c ter uma oferta muito completa n\u00e3o s\u00f3 para o cliente final como para o cliente empresarial\u201d; garante ainda uma din\u00e2mica assente \u201c num plano de crescimento e solidifica\u00e7\u00e3o de marca revisto anualmente, sendo que os objetivos propostos, t\u00eam vindo a superar as expetativas\u201d. <\/p>\n","protected":false},"excerpt":{"rendered":"<p>Ap\u00f3s revolucionar o mercado de vendas online no seu setor, a Loja Pro.pt chegou aos marketplaces nacionais e expande a sua rede de lojas f\u00edsicas com um modelo de sucesso e cada vez mais pr\u00f3ximo do cliente. Depois de construir uma imagem forte e de confian\u00e7a no mercado ao n\u00edvel&hellip;<\/p>\n","protected":false},"author":7,"featured_media":1441,"comment_status":"open","ping_status":"open","sticky":false,"template":"","format":"standard","meta":{"advgb_blocks_editor_width":"","advgb_blocks_columns_visual_guide":"","_monsterinsights_skip_tracking":false,"_monsterinsights_sitenote_active":false,"_monsterinsights_sitenote_note":"","_monsterinsights_sitenote_category":0,"footnotes":""},"categories":[6],"tags":[92,99,100],"class_list":["post-1412","post","type-post","status-publish","format-standard","has-post-thumbnail","hentry","category-empreendedorismo","tag-franchising","tag-materiais-hospitalares","tag-ortopedia"],"yoast_head":"<!-- This site is optimized with the Yoast SEO plugin v24.4 - https:\/\/yoast.com\/wordpress\/plugins\/seo\/ -->\n<title>Loja Pro: Uma loja voltada para o cliente e para o franchising - Mais Magazine<\/title>\n<meta name=\"description\" content=\"Ap\u00f3s revolucionar o mercado de vendas online no seu setor, a Loja Pro.pt chegou aos marketplaces nacionais e expande a sua rede de lojas f\u00edsicas com um modelo de sucesso e cada vez mais pr\u00f3ximo do cliente.\" \/>\n<meta name=\"robots\" content=\"index, follow, max-snippet:-1, max-image-preview:large, max-video-preview:-1\" \/>\n<link rel=\"canonical\" href=\"https:\/\/maismagazine.pt\/index.php\/2021\/10\/30\/uma-loja-voltada-para-o-cliente-e-para-o-franchising\/\" \/>\n<meta property=\"og:locale\" content=\"pt_PT\" \/>\n<meta property=\"og:type\" content=\"article\" \/>\n<meta property=\"og:title\" content=\"Loja Pro: Uma loja voltada para o cliente e para o franchising - Mais Magazine\" \/>\n<meta property=\"og:description\" content=\"Ap\u00f3s revolucionar o mercado de vendas online no seu setor, a Loja Pro.pt chegou aos marketplaces nacionais e expande a sua rede de lojas f\u00edsicas com um modelo de sucesso e cada vez mais pr\u00f3ximo do cliente.\" \/>\n<meta property=\"og:url\" content=\"https:\/\/maismagazine.pt\/index.php\/2021\/10\/30\/uma-loja-voltada-para-o-cliente-e-para-o-franchising\/\" \/>\n<meta property=\"og:site_name\" content=\"Mais Magazine\" \/>\n<meta property=\"article:published_time\" content=\"2021-10-30T07:00:00+00:00\" \/>\n<meta property=\"article:modified_time\" content=\"2021-11-17T17:34:19+00:00\" \/>\n<meta property=\"og:image\" content=\"https:\/\/maismagazine.pt\/wp-content\/uploads\/2021\/10\/244377883_4395796797181065_5987763913365811366_n.jpg\" \/>\n\t<meta property=\"og:image:width\" content=\"2048\" \/>\n\t<meta property=\"og:image:height\" content=\"1536\" \/>\n\t<meta property=\"og:image:type\" content=\"image\/jpeg\" \/>\n<meta name=\"author\" content=\"Jo\u00e3o Malainho\" \/>\n<meta name=\"twitter:card\" content=\"summary_large_image\" \/>\n<meta name=\"twitter:label1\" content=\"Escrito por\" \/>\n\t<meta name=\"twitter:data1\" content=\"\" \/>\n\t<meta name=\"twitter:label2\" content=\"Tempo estimado de leitura\" \/>\n\t<meta name=\"twitter:data2\" content=\"2 minutos\" \/>\n<script type=\"application\/ld+json\" class=\"yoast-schema-graph\">{\"@context\":\"https:\/\/schema.org\",\"@graph\":[{\"@type\":\"Article\",\"@id\":\"https:\/\/maismagazine.pt\/index.php\/2021\/10\/30\/uma-loja-voltada-para-o-cliente-e-para-o-franchising\/#article\",\"isPartOf\":{\"@id\":\"https:\/\/maismagazine.pt\/index.php\/2021\/10\/30\/uma-loja-voltada-para-o-cliente-e-para-o-franchising\/\"},\"author\":{\"name\":\"Jo\u00e3o Malainho\",\"@id\":\"https:\/\/maismagazine.pt\/#\/schema\/person\/999bd426f894ff56d397ec12ebd21ebb\"},\"headline\":\"Loja Pro: Uma loja voltada para o cliente e para o franchising\",\"datePublished\":\"2021-10-30T07:00:00+00:00\",\"dateModified\":\"2021-11-17T17:34:19+00:00\",\"mainEntityOfPage\":{\"@id\":\"https:\/\/maismagazine.pt\/index.php\/2021\/10\/30\/uma-loja-voltada-para-o-cliente-e-para-o-franchising\/\"},\"wordCount\":427,\"commentCount\":0,\"publisher\":{\"@id\":\"https:\/\/maismagazine.pt\/#organization\"},\"image\":{\"@id\":\"https:\/\/maismagazine.pt\/index.php\/2021\/10\/30\/uma-loja-voltada-para-o-cliente-e-para-o-franchising\/#primaryimage\"},\"thumbnailUrl\":\"http:\/\/maismagazine.pt\/wp-content\/uploads\/2021\/10\/244377883_4395796797181065_5987763913365811366_n.jpg\",\"keywords\":[\"franchising\",\"materiais hospitalares\",\"ortopedia\"],\"articleSection\":[\"Empreendedorismo\"],\"inLanguage\":\"pt-PT\",\"potentialAction\":[{\"@type\":\"CommentAction\",\"name\":\"Comment\",\"target\":[\"https:\/\/maismagazine.pt\/index.php\/2021\/10\/30\/uma-loja-voltada-para-o-cliente-e-para-o-franchising\/#respond\"]}]},{\"@type\":\"WebPage\",\"@id\":\"https:\/\/maismagazine.pt\/index.php\/2021\/10\/30\/uma-loja-voltada-para-o-cliente-e-para-o-franchising\/\",\"url\":\"https:\/\/maismagazine.pt\/index.php\/2021\/10\/30\/uma-loja-voltada-para-o-cliente-e-para-o-franchising\/\",\"name\":\"Loja Pro: Uma loja voltada para o cliente e para o franchising - Mais Magazine\",\"isPartOf\":{\"@id\":\"https:\/\/maismagazine.pt\/#website\"},\"primaryImageOfPage\":{\"@id\":\"https:\/\/maismagazine.pt\/index.php\/2021\/10\/30\/uma-loja-voltada-para-o-cliente-e-para-o-franchising\/#primaryimage\"},\"image\":{\"@id\":\"https:\/\/maismagazine.pt\/index.php\/2021\/10\/30\/uma-loja-voltada-para-o-cliente-e-para-o-franchising\/#primaryimage\"},\"thumbnailUrl\":\"http:\/\/maismagazine.pt\/wp-content\/uploads\/2021\/10\/244377883_4395796797181065_5987763913365811366_n.jpg\",\"datePublished\":\"2021-10-30T07:00:00+00:00\",\"dateModified\":\"2021-11-17T17:34:19+00:00\",\"description\":\"Ap\u00f3s revolucionar o mercado de vendas online no seu setor, a Loja Pro.pt chegou aos marketplaces nacionais e expande a sua rede de lojas f\u00edsicas com um modelo de sucesso e cada vez mais pr\u00f3ximo do cliente.\",\"breadcrumb\":{\"@id\":\"https:\/\/maismagazine.pt\/index.php\/2021\/10\/30\/uma-loja-voltada-para-o-cliente-e-para-o-franchising\/#breadcrumb\"},\"inLanguage\":\"pt-PT\",\"potentialAction\":[{\"@type\":\"ReadAction\",\"target\":[\"https:\/\/maismagazine.pt\/index.php\/2021\/10\/30\/uma-loja-voltada-para-o-cliente-e-para-o-franchising\/\"]}]},{\"@type\":\"ImageObject\",\"inLanguage\":\"pt-PT\",\"@id\":\"https:\/\/maismagazine.pt\/index.php\/2021\/10\/30\/uma-loja-voltada-para-o-cliente-e-para-o-franchising\/#primaryimage\",\"url\":\"http:\/\/maismagazine.pt\/wp-content\/uploads\/2021\/10\/244377883_4395796797181065_5987763913365811366_n.jpg\",\"contentUrl\":\"http:\/\/maismagazine.pt\/wp-content\/uploads\/2021\/10\/244377883_4395796797181065_5987763913365811366_n.jpg\",\"width\":2048,\"height\":1536},{\"@type\":\"BreadcrumbList\",\"@id\":\"https:\/\/maismagazine.pt\/index.php\/2021\/10\/30\/uma-loja-voltada-para-o-cliente-e-para-o-franchising\/#breadcrumb\",\"itemListElement\":[{\"@type\":\"ListItem\",\"position\":1,\"name\":\"Home\",\"item\":\"https:\/\/maismagazine.pt\/\"},{\"@type\":\"ListItem\",\"position\":2,\"name\":\"Loja Pro: Uma loja voltada para o cliente e para o franchising\"}]},{\"@type\":\"WebSite\",\"@id\":\"https:\/\/maismagazine.pt\/#website\",\"url\":\"https:\/\/maismagazine.pt\/\",\"name\":\"Mais Magazine\",\"description\":\"\",\"publisher\":{\"@id\":\"https:\/\/maismagazine.pt\/#organization\"},\"potentialAction\":[{\"@type\":\"SearchAction\",\"target\":{\"@type\":\"EntryPoint\",\"urlTemplate\":\"https:\/\/maismagazine.pt\/?s={search_term_string}\"},\"query-input\":{\"@type\":\"PropertyValueSpecification\",\"valueRequired\":true,\"valueName\":\"search_term_string\"}}],\"inLanguage\":\"pt-PT\"},{\"@type\":\"Organization\",\"@id\":\"https:\/\/maismagazine.pt\/#organization\",\"name\":\"Mais Magazine\",\"url\":\"https:\/\/maismagazine.pt\/\",\"logo\":{\"@type\":\"ImageObject\",\"inLanguage\":\"pt-PT\",\"@id\":\"https:\/\/maismagazine.pt\/#\/schema\/logo\/image\/\",\"url\":\"http:\/\/maismagazine.pt\/wp-content\/uploads\/2020\/04\/cropped-cropped-mais-magazine-site-logo-2.png\",\"contentUrl\":\"http:\/\/maismagazine.pt\/wp-content\/uploads\/2020\/04\/cropped-cropped-mais-magazine-site-logo-2.png\",\"width\":581,\"height\":90,\"caption\":\"Mais Magazine\"},\"image\":{\"@id\":\"https:\/\/maismagazine.pt\/#\/schema\/logo\/image\/\"}},{\"@type\":\"Person\",\"@id\":\"https:\/\/maismagazine.pt\/#\/schema\/person\/999bd426f894ff56d397ec12ebd21ebb\",\"name\":\"Jo\u00e3o Malainho\",\"image\":{\"@type\":\"ImageObject\",\"inLanguage\":\"pt-PT\",\"@id\":\"https:\/\/maismagazine.pt\/#\/schema\/person\/image\/\",\"url\":\"https:\/\/secure.gravatar.com\/avatar\/ff03c2f38edf60b2a827aa4f74878491?s=96&d=mm&r=g\",\"contentUrl\":\"https:\/\/secure.gravatar.com\/avatar\/ff03c2f38edf60b2a827aa4f74878491?s=96&d=mm&r=g\",\"caption\":\"Jo\u00e3o Malainho\"},\"url\":\"http:\/\/maismagazine.pt\/index.php\/author\/maismagazine\/\"}]}<\/script>\n<!-- \/ Yoast SEO plugin. -->","yoast_head_json":{"title":"Loja Pro: Uma loja voltada para o cliente e para o franchising - Mais Magazine","description":"Ap\u00f3s revolucionar o mercado de vendas online no seu setor, a Loja Pro.pt chegou aos marketplaces nacionais e expande a sua rede de lojas f\u00edsicas com um modelo de sucesso e cada vez mais pr\u00f3ximo do cliente.","robots":{"index":"index","follow":"follow","max-snippet":"max-snippet:-1","max-image-preview":"max-image-preview:large","max-video-preview":"max-video-preview:-1"},"canonical":"https:\/\/maismagazine.pt\/index.php\/2021\/10\/30\/uma-loja-voltada-para-o-cliente-e-para-o-franchising\/","og_locale":"pt_PT","og_type":"article","og_title":"Loja Pro: Uma loja voltada para o cliente e para o franchising - Mais Magazine","og_description":"Ap\u00f3s revolucionar o mercado de vendas online no seu setor, a Loja Pro.pt chegou aos marketplaces nacionais e expande a sua rede de lojas f\u00edsicas com um modelo de sucesso e cada vez mais pr\u00f3ximo do cliente.","og_url":"https:\/\/maismagazine.pt\/index.php\/2021\/10\/30\/uma-loja-voltada-para-o-cliente-e-para-o-franchising\/","og_site_name":"Mais Magazine","article_published_time":"2021-10-30T07:00:00+00:00","article_modified_time":"2021-11-17T17:34:19+00:00","og_image":[{"width":2048,"height":1536,"url":"https:\/\/maismagazine.pt\/wp-content\/uploads\/2021\/10\/244377883_4395796797181065_5987763913365811366_n.jpg","type":"image\/jpeg"}],"author":"Jo\u00e3o Malainho","twitter_card":"summary_large_image","twitter_misc":{"Escrito por":false,"Tempo estimado de leitura":"2 minutos"},"schema":{"@context":"https:\/\/schema.org","@graph":[{"@type":"Article","@id":"https:\/\/maismagazine.pt\/index.php\/2021\/10\/30\/uma-loja-voltada-para-o-cliente-e-para-o-franchising\/#article","isPartOf":{"@id":"https:\/\/maismagazine.pt\/index.php\/2021\/10\/30\/uma-loja-voltada-para-o-cliente-e-para-o-franchising\/"},"author":{"name":"Jo\u00e3o Malainho","@id":"https:\/\/maismagazine.pt\/#\/schema\/person\/999bd426f894ff56d397ec12ebd21ebb"},"headline":"Loja Pro: Uma loja voltada para o cliente e para o franchising","datePublished":"2021-10-30T07:00:00+00:00","dateModified":"2021-11-17T17:34:19+00:00","mainEntityOfPage":{"@id":"https:\/\/maismagazine.pt\/index.php\/2021\/10\/30\/uma-loja-voltada-para-o-cliente-e-para-o-franchising\/"},"wordCount":427,"commentCount":0,"publisher":{"@id":"https:\/\/maismagazine.pt\/#organization"},"image":{"@id":"https:\/\/maismagazine.pt\/index.php\/2021\/10\/30\/uma-loja-voltada-para-o-cliente-e-para-o-franchising\/#primaryimage"},"thumbnailUrl":"http:\/\/maismagazine.pt\/wp-content\/uploads\/2021\/10\/244377883_4395796797181065_5987763913365811366_n.jpg","keywords":["franchising","materiais hospitalares","ortopedia"],"articleSection":["Empreendedorismo"],"inLanguage":"pt-PT","potentialAction":[{"@type":"CommentAction","name":"Comment","target":["https:\/\/maismagazine.pt\/index.php\/2021\/10\/30\/uma-loja-voltada-para-o-cliente-e-para-o-franchising\/#respond"]}]},{"@type":"WebPage","@id":"https:\/\/maismagazine.pt\/index.php\/2021\/10\/30\/uma-loja-voltada-para-o-cliente-e-para-o-franchising\/","url":"https:\/\/maismagazine.pt\/index.php\/2021\/10\/30\/uma-loja-voltada-para-o-cliente-e-para-o-franchising\/","name":"Loja Pro: Uma loja voltada para o cliente e para o franchising - Mais Magazine","isPartOf":{"@id":"https:\/\/maismagazine.pt\/#website"},"primaryImageOfPage":{"@id":"https:\/\/maismagazine.pt\/index.php\/2021\/10\/30\/uma-loja-voltada-para-o-cliente-e-para-o-franchising\/#primaryimage"},"image":{"@id":"https:\/\/maismagazine.pt\/index.php\/2021\/10\/30\/uma-loja-voltada-para-o-cliente-e-para-o-franchising\/#primaryimage"},"thumbnailUrl":"http:\/\/maismagazine.pt\/wp-content\/uploads\/2021\/10\/244377883_4395796797181065_5987763913365811366_n.jpg","datePublished":"2021-10-30T07:00:00+00:00","dateModified":"2021-11-17T17:34:19+00:00","description":"Ap\u00f3s revolucionar o mercado de vendas online no seu setor, a Loja Pro.pt chegou aos marketplaces nacionais e expande a sua rede de lojas f\u00edsicas com um modelo de sucesso e cada vez mais pr\u00f3ximo do cliente.","breadcrumb":{"@id":"https:\/\/maismagazine.pt\/index.php\/2021\/10\/30\/uma-loja-voltada-para-o-cliente-e-para-o-franchising\/#breadcrumb"},"inLanguage":"pt-PT","potentialAction":[{"@type":"ReadAction","target":["https:\/\/maismagazine.pt\/index.php\/2021\/10\/30\/uma-loja-voltada-para-o-cliente-e-para-o-franchising\/"]}]},{"@type":"ImageObject","inLanguage":"pt-PT","@id":"https:\/\/maismagazine.pt\/index.php\/2021\/10\/30\/uma-loja-voltada-para-o-cliente-e-para-o-franchising\/#primaryimage","url":"http:\/\/maismagazine.pt\/wp-content\/uploads\/2021\/10\/244377883_4395796797181065_5987763913365811366_n.jpg","contentUrl":"http:\/\/maismagazine.pt\/wp-content\/uploads\/2021\/10\/244377883_4395796797181065_5987763913365811366_n.jpg","width":2048,"height":1536},{"@type":"BreadcrumbList","@id":"https:\/\/maismagazine.pt\/index.php\/2021\/10\/30\/uma-loja-voltada-para-o-cliente-e-para-o-franchising\/#breadcrumb","itemListElement":[{"@type":"ListItem","position":1,"name":"Home","item":"https:\/\/maismagazine.pt\/"},{"@type":"ListItem","position":2,"name":"Loja Pro: Uma loja voltada para o cliente e para o franchising"}]},{"@type":"WebSite","@id":"https:\/\/maismagazine.pt\/#website","url":"https:\/\/maismagazine.pt\/","name":"Mais Magazine","description":"","publisher":{"@id":"https:\/\/maismagazine.pt\/#organization"},"potentialAction":[{"@type":"SearchAction","target":{"@type":"EntryPoint","urlTemplate":"https:\/\/maismagazine.pt\/?s={search_term_string}"},"query-input":{"@type":"PropertyValueSpecification","valueRequired":true,"valueName":"search_term_string"}}],"inLanguage":"pt-PT"},{"@type":"Organization","@id":"https:\/\/maismagazine.pt\/#organization","name":"Mais Magazine","url":"https:\/\/maismagazine.pt\/","logo":{"@type":"ImageObject","inLanguage":"pt-PT","@id":"https:\/\/maismagazine.pt\/#\/schema\/logo\/image\/","url":"http:\/\/maismagazine.pt\/wp-content\/uploads\/2020\/04\/cropped-cropped-mais-magazine-site-logo-2.png","contentUrl":"http:\/\/maismagazine.pt\/wp-content\/uploads\/2020\/04\/cropped-cropped-mais-magazine-site-logo-2.png","width":581,"height":90,"caption":"Mais Magazine"},"image":{"@id":"https:\/\/maismagazine.pt\/#\/schema\/logo\/image\/"}},{"@type":"Person","@id":"https:\/\/maismagazine.pt\/#\/schema\/person\/999bd426f894ff56d397ec12ebd21ebb","name":"Jo\u00e3o Malainho","image":{"@type":"ImageObject","inLanguage":"pt-PT","@id":"https:\/\/maismagazine.pt\/#\/schema\/person\/image\/","url":"https:\/\/secure.gravatar.com\/avatar\/ff03c2f38edf60b2a827aa4f74878491?s=96&d=mm&r=g","contentUrl":"https:\/\/secure.gravatar.com\/avatar\/ff03c2f38edf60b2a827aa4f74878491?s=96&d=mm&r=g","caption":"Jo\u00e3o Malainho"},"url":"http:\/\/maismagazine.pt\/index.php\/author\/maismagazine\/"}]}},"author_meta":{"display_name":false,"author_link":"http:\/\/maismagazine.pt\/index.php\/author\/maismagazine\/"},"featured_img":"http:\/\/maismagazine.pt\/wp-content\/uploads\/2021\/10\/244377883_4395796797181065_5987763913365811366_n-300x225.jpg","coauthors":[],"tax_additional":{"categories":{"linked":["<a href=\"http:\/\/maismagazine.pt\/index.php\/category\/empreendedorismo\/\" class=\"advgb-post-tax-term\">Empreendedorismo<\/a>"],"unlinked":["<span class=\"advgb-post-tax-term\">Empreendedorismo<\/span>"]},"tags":{"linked":["<a href=\"http:\/\/maismagazine.pt\/index.php\/category\/empreendedorismo\/\" class=\"advgb-post-tax-term\">franchising<\/a>","<a href=\"http:\/\/maismagazine.pt\/index.php\/category\/empreendedorismo\/\" class=\"advgb-post-tax-term\">materiais hospitalares<\/a>","<a href=\"http:\/\/maismagazine.pt\/index.php\/category\/empreendedorismo\/\" class=\"advgb-post-tax-term\">ortopedia<\/a>"],"unlinked":["<span class=\"advgb-post-tax-term\">franchising<\/span>","<span class=\"advgb-post-tax-term\">materiais hospitalares<\/span>","<span class=\"advgb-post-tax-term\">ortopedia<\/span>"]}},"comment_count":"0","relative_dates":{"created":"Posted 5 anos ago","modified":"Updated 4 anos ago"},"absolute_dates":{"created":"Posted on 30 de Outubro, 2021","modified":"Updated on 17 de Novembro, 2021"},"absolute_dates_time":{"created":"Posted on 30 de Outubro, 2021 7:00","modified":"Updated on 17 de Novembro, 2021 17:34"},"featured_img_caption":"","series_order":"","_links":{"self":[{"href":"http:\/\/maismagazine.pt\/index.php\/wp-json\/wp\/v2\/posts\/1412","targetHints":{"allow":["GET"]}}],"collection":[{"href":"http:\/\/maismagazine.pt\/index.php\/wp-json\/wp\/v2\/posts"}],"about":[{"href":"http:\/\/maismagazine.pt\/index.php\/wp-json\/wp\/v2\/types\/post"}],"author":[{"embeddable":true,"href":"http:\/\/maismagazine.pt\/index.php\/wp-json\/wp\/v2\/users\/7"}],"replies":[{"embeddable":true,"href":"http:\/\/maismagazine.pt\/index.php\/wp-json\/wp\/v2\/comments?post=1412"}],"version-history":[{"count":2,"href":"http:\/\/maismagazine.pt\/index.php\/wp-json\/wp\/v2\/posts\/1412\/revisions"}],"predecessor-version":[{"id":1616,"href":"http:\/\/maismagazine.pt\/index.php\/wp-json\/wp\/v2\/posts\/1412\/revisions\/1616"}],"wp:featuredmedia":[{"embeddable":true,"href":"http:\/\/maismagazine.pt\/index.php\/wp-json\/wp\/v2\/media\/1441"}],"wp:attachment":[{"href":"http:\/\/maismagazine.pt\/index.php\/wp-json\/wp\/v2\/media?parent=1412"}],"wp:term":[{"taxonomy":"category","embeddable":true,"href":"http:\/\/maismagazine.pt\/index.php\/wp-json\/wp\/v2\/categories?post=1412"},{"taxonomy":"post_tag","embeddable":true,"href":"http:\/\/maismagazine.pt\/index.php\/wp-json\/wp\/v2\/tags?post=1412"}],"curies":[{"name":"wp","href":"https:\/\/api.w.org\/{rel}","templated":true}]}}