{"id":1399,"date":"2021-10-30T07:00:00","date_gmt":"2021-10-30T07:00:00","guid":{"rendered":"http:\/\/maismagazine.pt\/?p=1399"},"modified":"2021-10-29T12:58:53","modified_gmt":"2021-10-29T12:58:53","slug":"amor-nao-tem-idade","status":"publish","type":"post","link":"http:\/\/maismagazine.pt\/index.php\/2021\/10\/30\/amor-nao-tem-idade\/","title":{"rendered":"Amor n\u00e3o tem idade"},"content":{"rendered":"\n<p class=\"has-text-align-left\">Miminho aos Av\u00f3s promove a autonomia da popula\u00e7\u00e3o idosa e de pessoas com necessidades especiais. Rui Francisco, representante da Miminho aos Av\u00f3s, fala da fase de expans\u00e3o da marca e da sele\u00e7\u00e3o de novos Franchisados, e destaca a parceria com os principais fabricantes internacionais como garantia da atualidade nos equipamentos e tecnologias.<\/p>\n\n\n\n<p>Apesar de ser um neg\u00f3cio que tem visto resultados felizes, a necessidade da sua cria\u00e7\u00e3o n\u00e3o representa uma realidade t\u00e3o feliz assim. A empresa Miminho aos Av\u00f3s, surgiu em 2005, na sequ\u00eancia de um familiar de Rui Francisco que adoeceu. A fam\u00edlia de Rui Francisco quis manter o familiar por perto, mas por causa da indisponibilidade temporal para acompanhar o doente, optaram por procurar ajuda. Depararam-se com falta de respostas de institui\u00e7\u00f5es privadas que fossem verdadeiramente profissionais e, por esse motivo, fundaram a empresa Miminho aos Av\u00f3s. A Miminho aos Av\u00f3s visa contribuir para o bem-estar e autonomia da popula\u00e7\u00e3o s\u00e9nior e desde o in\u00edcio que seguem \u201cuma abordagem multidisciplinar onde a interven\u00e7\u00e3o \u00e9 sempre implementada tendo em conta a din\u00e2mica biopsicossocial das pessoas\u201d. A procura dos seus produtos e servi\u00e7os fez com que, a prioridade seja implementar novas unidades, estando previstas para breve a abertura de uma no centro e outra no norte do pa\u00eds. A expans\u00e3o na cidade de Lisboa, j\u00e1 est\u00e1 em cima da mesa. Independentemente do local onde atuam, o trabalho \u00e9 desenvolvido em sintonia com as fam\u00edlias do utente. S\u00e3o implementadas solu\u00e7\u00f5es que v\u00e3o \u201cpara l\u00e1 das necessidades b\u00e1sicas como os cuidados de higiene e alimenta\u00e7\u00e3o\u201d, exemplo disso s\u00e3o as solu\u00e7\u00f5es na \u00e1rea sociocultural, intelectual, l\u00fadico-recreativa, ocupacional, lazer e mesmo desportiva. Estas atividades servem para promover a autonomia do dependente e a harmonia familiar. Tudo isto realizado, em servi\u00e7os prestados durante 24 horas por dia, 7 dias por semana, em 365 dias por ano e nem o covid-19 os impediu, porque se trata de profissionalismo. A adapta\u00e7\u00e3o \u00e0 pandemia da Covid-19 foi muito trabalhosa, tendo que criar novos procedimentos, e implementar novas e melhores metodologias de trabalho. Rui Francisco lembra que \u201cforam criadas equipas de trabalho especializadas no SAD, em clientes diagnosticados com Covid-19, entrega de refei\u00e7\u00f5es e compras, foi refor\u00e7ada a equipa m\u00e9dica e de terapeutas e inclusive a Unidade em Gaia implementou dentista no domic\u00edlio\u201d. Mas como o esfor\u00e7o compensa no fim: \u201cos resultados foram positivos e Miminho aos Av\u00f3s promove a autonomia da popula\u00e7\u00e3o idosa e de pessoas com necessidades especiais. Rui Francisco, representante da Miminho aos Av\u00f3s, fala da fase de expans\u00e3o da marca e da sele\u00e7\u00e3o de novos Franchisados, e destaca a parceria com os principais fabricantes internacionais como garantia da atualidade nos equipamentos e tecnologias. a Rede teve um crescimento de 25 por cento\u201d. Em 16 anos, a marca tem vindo a comprovar que tem concretizado os seus objetivos, nomeadamente na rela\u00e7\u00e3o de proximidade com os seus utentes. Rui Francisco v\u00ea o franchising como a chave para o sucesso de essa aproxima\u00e7\u00e3o. O futuro da Miminho aos Av\u00f3s, passa pela continua\u00e7\u00e3o da expans\u00e3o do franchising, tendo como objetivo a curto prazo, \u201cestar presentes em todas as capitais de distrito\u201d e a m\u00e9dio longo prazo \u201ca internacionaliza\u00e7\u00e3o da marca\u201d.<canvas width=\"993\" height=\"1404\"><\/canvas><\/p>\n\n\n\n<p><\/p>\n","protected":false},"excerpt":{"rendered":"<p>Miminho aos Av\u00f3s promove a autonomia da popula\u00e7\u00e3o idosa e de pessoas com necessidades especiais. Rui Francisco, representante da Miminho aos Av\u00f3s, fala da fase de expans\u00e3o da marca e da sele\u00e7\u00e3o de novos Franchisados, e destaca a parceria com os principais fabricantes internacionais como garantia da atualidade nos equipamentos&hellip;<\/p>\n","protected":false},"author":7,"featured_media":1401,"comment_status":"open","ping_status":"open","sticky":false,"template":"","format":"standard","meta":{"advgb_blocks_editor_width":"","advgb_blocks_columns_visual_guide":"","_monsterinsights_skip_tracking":false,"_monsterinsights_sitenote_active":false,"_monsterinsights_sitenote_note":"","_monsterinsights_sitenote_category":0,"footnotes":""},"categories":[6],"tags":[94,92],"class_list":["post-1399","post","type-post","status-publish","format-standard","has-post-thumbnail","hentry","category-empreendedorismo","tag-autonomia","tag-franchising"],"yoast_head":"<!-- This site is optimized with the Yoast SEO plugin v24.4 - https:\/\/yoast.com\/wordpress\/plugins\/seo\/ -->\n<title>Amor n\u00e3o tem idade - Mais Magazine<\/title>\n<meta name=\"robots\" content=\"index, follow, max-snippet:-1, max-image-preview:large, max-video-preview:-1\" \/>\n<link rel=\"canonical\" href=\"http:\/\/maismagazine.pt\/index.php\/2021\/10\/30\/amor-nao-tem-idade\/\" \/>\n<meta property=\"og:locale\" content=\"pt_PT\" \/>\n<meta property=\"og:type\" content=\"article\" \/>\n<meta property=\"og:title\" content=\"Amor n\u00e3o tem idade - Mais Magazine\" \/>\n<meta property=\"og:description\" content=\"Miminho aos Av\u00f3s promove a autonomia da popula\u00e7\u00e3o idosa e de pessoas com necessidades especiais. Rui Francisco, representante da Miminho aos Av\u00f3s, fala da fase de expans\u00e3o da marca e da sele\u00e7\u00e3o de novos Franchisados, e destaca a parceria com os principais fabricantes internacionais como garantia da atualidade nos equipamentos&hellip;\" \/>\n<meta property=\"og:url\" content=\"http:\/\/maismagazine.pt\/index.php\/2021\/10\/30\/amor-nao-tem-idade\/\" \/>\n<meta property=\"og:site_name\" content=\"Mais Magazine\" \/>\n<meta property=\"article:published_time\" content=\"2021-10-30T07:00:00+00:00\" \/>\n<meta property=\"og:image\" content=\"http:\/\/maismagazine.pt\/wp-content\/uploads\/2021\/10\/franchising_portugal_sou_eu.jpg\" \/>\n\t<meta property=\"og:image:width\" content=\"1200\" \/>\n\t<meta property=\"og:image:height\" content=\"1200\" \/>\n\t<meta property=\"og:image:type\" content=\"image\/jpeg\" \/>\n<meta name=\"author\" content=\"Jo\u00e3o Malainho\" \/>\n<meta name=\"twitter:card\" content=\"summary_large_image\" \/>\n<meta name=\"twitter:label1\" content=\"Escrito por\" \/>\n\t<meta name=\"twitter:data1\" content=\"\" \/>\n\t<meta name=\"twitter:label2\" content=\"Tempo estimado de leitura\" \/>\n\t<meta name=\"twitter:data2\" content=\"3 minutos\" \/>\n<script type=\"application\/ld+json\" class=\"yoast-schema-graph\">{\"@context\":\"https:\/\/schema.org\",\"@graph\":[{\"@type\":\"Article\",\"@id\":\"http:\/\/maismagazine.pt\/index.php\/2021\/10\/30\/amor-nao-tem-idade\/#article\",\"isPartOf\":{\"@id\":\"http:\/\/maismagazine.pt\/index.php\/2021\/10\/30\/amor-nao-tem-idade\/\"},\"author\":{\"name\":\"Jo\u00e3o Malainho\",\"@id\":\"http:\/\/maismagazine.pt\/#\/schema\/person\/999bd426f894ff56d397ec12ebd21ebb\"},\"headline\":\"Amor n\u00e3o tem idade\",\"datePublished\":\"2021-10-30T07:00:00+00:00\",\"mainEntityOfPage\":{\"@id\":\"http:\/\/maismagazine.pt\/index.php\/2021\/10\/30\/amor-nao-tem-idade\/\"},\"wordCount\":568,\"commentCount\":0,\"publisher\":{\"@id\":\"http:\/\/maismagazine.pt\/#organization\"},\"image\":{\"@id\":\"http:\/\/maismagazine.pt\/index.php\/2021\/10\/30\/amor-nao-tem-idade\/#primaryimage\"},\"thumbnailUrl\":\"http:\/\/maismagazine.pt\/wp-content\/uploads\/2021\/10\/franchising_portugal_sou_eu.jpg\",\"keywords\":[\"autonomia\",\"franchising\"],\"articleSection\":[\"Empreendedorismo\"],\"inLanguage\":\"pt-PT\",\"potentialAction\":[{\"@type\":\"CommentAction\",\"name\":\"Comment\",\"target\":[\"http:\/\/maismagazine.pt\/index.php\/2021\/10\/30\/amor-nao-tem-idade\/#respond\"]}]},{\"@type\":\"WebPage\",\"@id\":\"http:\/\/maismagazine.pt\/index.php\/2021\/10\/30\/amor-nao-tem-idade\/\",\"url\":\"http:\/\/maismagazine.pt\/index.php\/2021\/10\/30\/amor-nao-tem-idade\/\",\"name\":\"Amor n\u00e3o tem idade - Mais Magazine\",\"isPartOf\":{\"@id\":\"http:\/\/maismagazine.pt\/#website\"},\"primaryImageOfPage\":{\"@id\":\"http:\/\/maismagazine.pt\/index.php\/2021\/10\/30\/amor-nao-tem-idade\/#primaryimage\"},\"image\":{\"@id\":\"http:\/\/maismagazine.pt\/index.php\/2021\/10\/30\/amor-nao-tem-idade\/#primaryimage\"},\"thumbnailUrl\":\"http:\/\/maismagazine.pt\/wp-content\/uploads\/2021\/10\/franchising_portugal_sou_eu.jpg\",\"datePublished\":\"2021-10-30T07:00:00+00:00\",\"breadcrumb\":{\"@id\":\"http:\/\/maismagazine.pt\/index.php\/2021\/10\/30\/amor-nao-tem-idade\/#breadcrumb\"},\"inLanguage\":\"pt-PT\",\"potentialAction\":[{\"@type\":\"ReadAction\",\"target\":[\"http:\/\/maismagazine.pt\/index.php\/2021\/10\/30\/amor-nao-tem-idade\/\"]}]},{\"@type\":\"ImageObject\",\"inLanguage\":\"pt-PT\",\"@id\":\"http:\/\/maismagazine.pt\/index.php\/2021\/10\/30\/amor-nao-tem-idade\/#primaryimage\",\"url\":\"http:\/\/maismagazine.pt\/wp-content\/uploads\/2021\/10\/franchising_portugal_sou_eu.jpg\",\"contentUrl\":\"http:\/\/maismagazine.pt\/wp-content\/uploads\/2021\/10\/franchising_portugal_sou_eu.jpg\",\"width\":1200,\"height\":1200},{\"@type\":\"BreadcrumbList\",\"@id\":\"http:\/\/maismagazine.pt\/index.php\/2021\/10\/30\/amor-nao-tem-idade\/#breadcrumb\",\"itemListElement\":[{\"@type\":\"ListItem\",\"position\":1,\"name\":\"Home\",\"item\":\"http:\/\/maismagazine.pt\/\"},{\"@type\":\"ListItem\",\"position\":2,\"name\":\"Amor n\u00e3o tem idade\"}]},{\"@type\":\"WebSite\",\"@id\":\"http:\/\/maismagazine.pt\/#website\",\"url\":\"http:\/\/maismagazine.pt\/\",\"name\":\"Mais Magazine\",\"description\":\"\",\"publisher\":{\"@id\":\"http:\/\/maismagazine.pt\/#organization\"},\"potentialAction\":[{\"@type\":\"SearchAction\",\"target\":{\"@type\":\"EntryPoint\",\"urlTemplate\":\"http:\/\/maismagazine.pt\/?s={search_term_string}\"},\"query-input\":{\"@type\":\"PropertyValueSpecification\",\"valueRequired\":true,\"valueName\":\"search_term_string\"}}],\"inLanguage\":\"pt-PT\"},{\"@type\":\"Organization\",\"@id\":\"http:\/\/maismagazine.pt\/#organization\",\"name\":\"Mais Magazine\",\"url\":\"http:\/\/maismagazine.pt\/\",\"logo\":{\"@type\":\"ImageObject\",\"inLanguage\":\"pt-PT\",\"@id\":\"http:\/\/maismagazine.pt\/#\/schema\/logo\/image\/\",\"url\":\"http:\/\/maismagazine.pt\/wp-content\/uploads\/2020\/04\/cropped-cropped-mais-magazine-site-logo-2.png\",\"contentUrl\":\"http:\/\/maismagazine.pt\/wp-content\/uploads\/2020\/04\/cropped-cropped-mais-magazine-site-logo-2.png\",\"width\":581,\"height\":90,\"caption\":\"Mais Magazine\"},\"image\":{\"@id\":\"http:\/\/maismagazine.pt\/#\/schema\/logo\/image\/\"}},{\"@type\":\"Person\",\"@id\":\"http:\/\/maismagazine.pt\/#\/schema\/person\/999bd426f894ff56d397ec12ebd21ebb\",\"name\":\"Jo\u00e3o Malainho\",\"image\":{\"@type\":\"ImageObject\",\"inLanguage\":\"pt-PT\",\"@id\":\"http:\/\/maismagazine.pt\/#\/schema\/person\/image\/\",\"url\":\"https:\/\/secure.gravatar.com\/avatar\/ff03c2f38edf60b2a827aa4f74878491?s=96&d=mm&r=g\",\"contentUrl\":\"https:\/\/secure.gravatar.com\/avatar\/ff03c2f38edf60b2a827aa4f74878491?s=96&d=mm&r=g\",\"caption\":\"Jo\u00e3o Malainho\"},\"url\":\"http:\/\/maismagazine.pt\/index.php\/author\/maismagazine\/\"}]}<\/script>\n<!-- \/ Yoast SEO plugin. -->","yoast_head_json":{"title":"Amor n\u00e3o tem idade - Mais Magazine","robots":{"index":"index","follow":"follow","max-snippet":"max-snippet:-1","max-image-preview":"max-image-preview:large","max-video-preview":"max-video-preview:-1"},"canonical":"http:\/\/maismagazine.pt\/index.php\/2021\/10\/30\/amor-nao-tem-idade\/","og_locale":"pt_PT","og_type":"article","og_title":"Amor n\u00e3o tem idade - Mais Magazine","og_description":"Miminho aos Av\u00f3s promove a autonomia da popula\u00e7\u00e3o idosa e de pessoas com necessidades especiais. Rui Francisco, representante da Miminho aos Av\u00f3s, fala da fase de expans\u00e3o da marca e da sele\u00e7\u00e3o de novos Franchisados, e destaca a parceria com os principais fabricantes internacionais como garantia da atualidade nos equipamentos&hellip;","og_url":"http:\/\/maismagazine.pt\/index.php\/2021\/10\/30\/amor-nao-tem-idade\/","og_site_name":"Mais Magazine","article_published_time":"2021-10-30T07:00:00+00:00","og_image":[{"width":1200,"height":1200,"url":"http:\/\/maismagazine.pt\/wp-content\/uploads\/2021\/10\/franchising_portugal_sou_eu.jpg","type":"image\/jpeg"}],"author":"Jo\u00e3o Malainho","twitter_card":"summary_large_image","twitter_misc":{"Escrito por":false,"Tempo estimado de leitura":"3 minutos"},"schema":{"@context":"https:\/\/schema.org","@graph":[{"@type":"Article","@id":"http:\/\/maismagazine.pt\/index.php\/2021\/10\/30\/amor-nao-tem-idade\/#article","isPartOf":{"@id":"http:\/\/maismagazine.pt\/index.php\/2021\/10\/30\/amor-nao-tem-idade\/"},"author":{"name":"Jo\u00e3o Malainho","@id":"http:\/\/maismagazine.pt\/#\/schema\/person\/999bd426f894ff56d397ec12ebd21ebb"},"headline":"Amor n\u00e3o tem idade","datePublished":"2021-10-30T07:00:00+00:00","mainEntityOfPage":{"@id":"http:\/\/maismagazine.pt\/index.php\/2021\/10\/30\/amor-nao-tem-idade\/"},"wordCount":568,"commentCount":0,"publisher":{"@id":"http:\/\/maismagazine.pt\/#organization"},"image":{"@id":"http:\/\/maismagazine.pt\/index.php\/2021\/10\/30\/amor-nao-tem-idade\/#primaryimage"},"thumbnailUrl":"http:\/\/maismagazine.pt\/wp-content\/uploads\/2021\/10\/franchising_portugal_sou_eu.jpg","keywords":["autonomia","franchising"],"articleSection":["Empreendedorismo"],"inLanguage":"pt-PT","potentialAction":[{"@type":"CommentAction","name":"Comment","target":["http:\/\/maismagazine.pt\/index.php\/2021\/10\/30\/amor-nao-tem-idade\/#respond"]}]},{"@type":"WebPage","@id":"http:\/\/maismagazine.pt\/index.php\/2021\/10\/30\/amor-nao-tem-idade\/","url":"http:\/\/maismagazine.pt\/index.php\/2021\/10\/30\/amor-nao-tem-idade\/","name":"Amor n\u00e3o tem idade - Mais Magazine","isPartOf":{"@id":"http:\/\/maismagazine.pt\/#website"},"primaryImageOfPage":{"@id":"http:\/\/maismagazine.pt\/index.php\/2021\/10\/30\/amor-nao-tem-idade\/#primaryimage"},"image":{"@id":"http:\/\/maismagazine.pt\/index.php\/2021\/10\/30\/amor-nao-tem-idade\/#primaryimage"},"thumbnailUrl":"http:\/\/maismagazine.pt\/wp-content\/uploads\/2021\/10\/franchising_portugal_sou_eu.jpg","datePublished":"2021-10-30T07:00:00+00:00","breadcrumb":{"@id":"http:\/\/maismagazine.pt\/index.php\/2021\/10\/30\/amor-nao-tem-idade\/#breadcrumb"},"inLanguage":"pt-PT","potentialAction":[{"@type":"ReadAction","target":["http:\/\/maismagazine.pt\/index.php\/2021\/10\/30\/amor-nao-tem-idade\/"]}]},{"@type":"ImageObject","inLanguage":"pt-PT","@id":"http:\/\/maismagazine.pt\/index.php\/2021\/10\/30\/amor-nao-tem-idade\/#primaryimage","url":"http:\/\/maismagazine.pt\/wp-content\/uploads\/2021\/10\/franchising_portugal_sou_eu.jpg","contentUrl":"http:\/\/maismagazine.pt\/wp-content\/uploads\/2021\/10\/franchising_portugal_sou_eu.jpg","width":1200,"height":1200},{"@type":"BreadcrumbList","@id":"http:\/\/maismagazine.pt\/index.php\/2021\/10\/30\/amor-nao-tem-idade\/#breadcrumb","itemListElement":[{"@type":"ListItem","position":1,"name":"Home","item":"http:\/\/maismagazine.pt\/"},{"@type":"ListItem","position":2,"name":"Amor n\u00e3o tem idade"}]},{"@type":"WebSite","@id":"http:\/\/maismagazine.pt\/#website","url":"http:\/\/maismagazine.pt\/","name":"Mais Magazine","description":"","publisher":{"@id":"http:\/\/maismagazine.pt\/#organization"},"potentialAction":[{"@type":"SearchAction","target":{"@type":"EntryPoint","urlTemplate":"http:\/\/maismagazine.pt\/?s={search_term_string}"},"query-input":{"@type":"PropertyValueSpecification","valueRequired":true,"valueName":"search_term_string"}}],"inLanguage":"pt-PT"},{"@type":"Organization","@id":"http:\/\/maismagazine.pt\/#organization","name":"Mais Magazine","url":"http:\/\/maismagazine.pt\/","logo":{"@type":"ImageObject","inLanguage":"pt-PT","@id":"http:\/\/maismagazine.pt\/#\/schema\/logo\/image\/","url":"http:\/\/maismagazine.pt\/wp-content\/uploads\/2020\/04\/cropped-cropped-mais-magazine-site-logo-2.png","contentUrl":"http:\/\/maismagazine.pt\/wp-content\/uploads\/2020\/04\/cropped-cropped-mais-magazine-site-logo-2.png","width":581,"height":90,"caption":"Mais Magazine"},"image":{"@id":"http:\/\/maismagazine.pt\/#\/schema\/logo\/image\/"}},{"@type":"Person","@id":"http:\/\/maismagazine.pt\/#\/schema\/person\/999bd426f894ff56d397ec12ebd21ebb","name":"Jo\u00e3o Malainho","image":{"@type":"ImageObject","inLanguage":"pt-PT","@id":"http:\/\/maismagazine.pt\/#\/schema\/person\/image\/","url":"https:\/\/secure.gravatar.com\/avatar\/ff03c2f38edf60b2a827aa4f74878491?s=96&d=mm&r=g","contentUrl":"https:\/\/secure.gravatar.com\/avatar\/ff03c2f38edf60b2a827aa4f74878491?s=96&d=mm&r=g","caption":"Jo\u00e3o Malainho"},"url":"http:\/\/maismagazine.pt\/index.php\/author\/maismagazine\/"}]}},"author_meta":{"display_name":false,"author_link":"http:\/\/maismagazine.pt\/index.php\/author\/maismagazine\/"},"featured_img":"http:\/\/maismagazine.pt\/wp-content\/uploads\/2021\/10\/franchising_portugal_sou_eu-300x300.jpg","coauthors":[],"tax_additional":{"categories":{"linked":["<a href=\"http:\/\/maismagazine.pt\/index.php\/category\/empreendedorismo\/\" class=\"advgb-post-tax-term\">Empreendedorismo<\/a>"],"unlinked":["<span class=\"advgb-post-tax-term\">Empreendedorismo<\/span>"]},"tags":{"linked":["<a href=\"http:\/\/maismagazine.pt\/index.php\/category\/empreendedorismo\/\" class=\"advgb-post-tax-term\">autonomia<\/a>","<a href=\"http:\/\/maismagazine.pt\/index.php\/category\/empreendedorismo\/\" class=\"advgb-post-tax-term\">franchising<\/a>"],"unlinked":["<span class=\"advgb-post-tax-term\">autonomia<\/span>","<span class=\"advgb-post-tax-term\">franchising<\/span>"]}},"comment_count":"0","relative_dates":{"created":"Posted 5 anos ago","modified":"Updated 5 anos ago"},"absolute_dates":{"created":"Posted on 30 de Outubro, 2021","modified":"Updated on 29 de Outubro, 2021"},"absolute_dates_time":{"created":"Posted on 30 de Outubro, 2021 7:00","modified":"Updated on 29 de Outubro, 2021 12:58"},"featured_img_caption":"","series_order":"","_links":{"self":[{"href":"http:\/\/maismagazine.pt\/index.php\/wp-json\/wp\/v2\/posts\/1399","targetHints":{"allow":["GET"]}}],"collection":[{"href":"http:\/\/maismagazine.pt\/index.php\/wp-json\/wp\/v2\/posts"}],"about":[{"href":"http:\/\/maismagazine.pt\/index.php\/wp-json\/wp\/v2\/types\/post"}],"author":[{"embeddable":true,"href":"http:\/\/maismagazine.pt\/index.php\/wp-json\/wp\/v2\/users\/7"}],"replies":[{"embeddable":true,"href":"http:\/\/maismagazine.pt\/index.php\/wp-json\/wp\/v2\/comments?post=1399"}],"version-history":[{"count":2,"href":"http:\/\/maismagazine.pt\/index.php\/wp-json\/wp\/v2\/posts\/1399\/revisions"}],"predecessor-version":[{"id":1491,"href":"http:\/\/maismagazine.pt\/index.php\/wp-json\/wp\/v2\/posts\/1399\/revisions\/1491"}],"wp:featuredmedia":[{"embeddable":true,"href":"http:\/\/maismagazine.pt\/index.php\/wp-json\/wp\/v2\/media\/1401"}],"wp:attachment":[{"href":"http:\/\/maismagazine.pt\/index.php\/wp-json\/wp\/v2\/media?parent=1399"}],"wp:term":[{"taxonomy":"category","embeddable":true,"href":"http:\/\/maismagazine.pt\/index.php\/wp-json\/wp\/v2\/categories?post=1399"},{"taxonomy":"post_tag","embeddable":true,"href":"http:\/\/maismagazine.pt\/index.php\/wp-json\/wp\/v2\/tags?post=1399"}],"curies":[{"name":"wp","href":"https:\/\/api.w.org\/{rel}","templated":true}]}}