{"id":13939,"date":"2026-04-17T07:00:00","date_gmt":"2026-04-17T06:00:00","guid":{"rendered":"https:\/\/maismagazine.pt\/?p=13939"},"modified":"2026-04-14T14:48:05","modified_gmt":"2026-04-14T13:48:05","slug":"formar-para-o-futuro","status":"publish","type":"post","link":"http:\/\/maismagazine.pt\/index.php\/2026\/04\/17\/formar-para-o-futuro\/","title":{"rendered":"Formar para o futuro"},"content":{"rendered":"\n<p><strong>Nat\u00e1lia do Esp\u00edrito Santo, Diretora Geral da <a href=\"http:\/\/uatlantica.pt\">Atl\u00e2ntica<\/a> \u2013 Instituto Universit\u00e1rio e da <a href=\"http:\/\/essatla.pt\">ESSATLA<\/a>, em entrevista \u00e0 Mais Magazine, sublinha a aposta numa forma\u00e7\u00e3o de excel\u00eancia, pr\u00f3xima do tecido empresarial e orientada para preparar os estudantes para os desafios de um mercado de trabalho global e em constante transforma\u00e7\u00e3o. <\/strong><\/p>\n\n\n\n<p><\/p>\n\n\n\n<p><strong>Como define a filosofia educativa da ATL\u00c2NTICA e quais s\u00e3o os princ\u00edpios que orientam a forma\u00e7\u00e3o dos estudantes? <\/strong><\/p>\n\n\n\n<p>Com 30 anos de compromisso pela qualidade no ensino superior, o objetivo da Atl\u00e2ntica \u2013 Instituto Universit\u00e1rio continua a ser o de marcar a diferen\u00e7a no ensino universit\u00e1rio em Portugal, apostando numa oferta educativa de refer\u00eancia e fortemente ligada ao mundo empresarial.  <\/p>\n\n\n\n<p><\/p>\n\n\n\n<p><strong>De que forma a ATL\u00c2NTICA procura preparar os seus estudantes para enfrentar os desafios do mercado de trabalho, tanto a n\u00edvel nacional como internacional? <\/strong><\/p>\n\n\n\n<p>Os nossos planos curriculares est\u00e3o fortemente orientados para o desenvolvimento de compet\u00eancias pr\u00e1ticas, alinhando a forma\u00e7\u00e3o acad\u00e9mica com as necessidades reais do mercado de trabalho. Paralelamente, apostamos na promo\u00e7\u00e3o de parcerias que incentivam \u00e0 integra\u00e7\u00e3o dos estudantes no mercado de trabalho ou que potenciem carreiras de investiga\u00e7\u00e3o. As nossas Licenciaturas em Engenharia Aeron\u00e1utica ou Engenharia Mec\u00e2nica s\u00e3o um exemplo da import\u00e2ncia de parcerias estrat\u00e9gicas com players da ind\u00fastria. Nos \u00faltimos anos potenci\u00e1mos v\u00e1rias sinergias, como com as companhias a\u00e9reas Portug\u00e1lia e TAP, com as OGMA e a ANAC, que t\u00eam o prop\u00f3sito de formar profissionais altamente qualificados nestas \u00e1reas. Estes protocolos n\u00e3o s\u00f3 potenciam a realiza\u00e7\u00e3o de est\u00e1gios verdadeiramente transformadores no percurso acad\u00e9mico dos estudantes, como aceleram oportunidades futuras. Um outro exemplo que gostaria de destacar est\u00e1 relacionado com a nossa Licenciatura em Ci\u00eancias da Nutri\u00e7\u00e3o. No final do ano passado celebr\u00e1mos uma parceria com a Bettery LifeLab, que vai permitir que os nossos estudantes e docentes tenham acesso a tecnologia de ponta dentro do nosso campus, assim como a dados reais e investiga\u00e7\u00e3o experimental. A colabora\u00e7\u00e3o promove o desenvolvimento de projetos de investiga\u00e7\u00e3o aplicada, aproximando a academia da ind\u00fastria e consolidando o posicionamento da Atl\u00e2ntica como institui\u00e7\u00e3o de refer\u00eancia na \u00e1rea da Nutri\u00e7\u00e3o. O Laborat\u00f3rio ser\u00e1 inaugurado muito em breve.    <\/p>\n\n\n\n<p><\/p>\n\n\n<div class=\"wp-block-image\">\n<figure class=\"aligncenter size-large is-resized\"><img loading=\"lazy\" decoding=\"async\" width=\"1024\" height=\"682\" src=\"https:\/\/maismagazine.pt\/wp-content\/uploads\/2026\/04\/Natalia-1024x682.jpg\" alt=\"\" class=\"wp-image-13942\" style=\"width:407px;height:auto\" srcset=\"http:\/\/maismagazine.pt\/wp-content\/uploads\/2026\/04\/Natalia-1024x682.jpg 1024w, http:\/\/maismagazine.pt\/wp-content\/uploads\/2026\/04\/Natalia-300x200.jpg 300w, http:\/\/maismagazine.pt\/wp-content\/uploads\/2026\/04\/Natalia-768x512.jpg 768w, http:\/\/maismagazine.pt\/wp-content\/uploads\/2026\/04\/Natalia-1536x1024.jpg 1536w, http:\/\/maismagazine.pt\/wp-content\/uploads\/2026\/04\/Natalia-150x100.jpg 150w, http:\/\/maismagazine.pt\/wp-content\/uploads\/2026\/04\/Natalia.jpg 2000w\" sizes=\"auto, (max-width: 1024px) 100vw, 1024px\" \/><figcaption class=\"wp-element-caption\">Nat\u00e1lia do Esp\u00edrito Santo, Diretora Geral da Atl\u00e2ntica &#8211; Instituto Universit\u00e1rio e da Essatla<\/figcaption><\/figure><\/div>\n\n\n<p><\/p>\n\n\n\n<p><strong>Sobre a ESSATLA &#8211; quais s\u00e3o as principais \u00e1reas de especializa\u00e7\u00e3o que oferece? <\/strong><\/p>\n\n\n\n<p>A ESSATLA \u2013 Escola Superior de Sa\u00fade Atl\u00e2ntica foi criada em 2001, tendo como miss\u00e3o formar profissionais de sa\u00fade preparados para os desafios do presente e do futuro, integrando excel\u00eancia cient\u00edfica, inova\u00e7\u00e3o pedag\u00f3gica e um forte compromisso com a qualidade, a seguran\u00e7a e a humaniza\u00e7\u00e3o dos cuidados. A forma\u00e7\u00e3o na ESSATLA articula conhecimento, pr\u00e1tica e tecnologia, incorporando a intelig\u00eancia artificial, a simula\u00e7\u00e3o cl\u00ednica e metodologias digitais avan\u00e7adas, ao mesmo tempo que envolve os estudantes em m\u00faltiplos projetos de investiga\u00e7\u00e3o e de interven\u00e7\u00e3o com a comunidade, onde podem aprender, inovar e gerar impacto real na sa\u00fade das pessoas. Alimentando-se deste esp\u00edrito de inova\u00e7\u00e3o e de alinhamento entre conhecimento acad\u00e9mico e contributo real no mercado de trabalho, a ESSATLA apresenta mais de duas dezenas de cursos, entre Licenciaturas, Mestrados e P\u00f3s-Gradua\u00e7\u00f5es. A pensar j\u00e1 no pr\u00f3ximo ano letivo, anunciamos aquele que ser\u00e1 o primeiro Mestrado em Osteopatia do pa\u00eds. Esta nova oferta educativa sublinha a aposta numa \u00e1rea que ganha cada vez mais credibilidade e relev\u00e2ncia dentro da \u00e1rea dos cuidados de sa\u00fade, na qual a ESSATLA quer ser l\u00edder e parceiro reconhecido.     <\/p>\n\n\n\n<p><\/p>\n\n\n\n<p><strong>Novos Mestrados tamb\u00e9m em Fisioterapia e em Enfermagem de Sa\u00fade Familiar.  <\/strong><\/p>\n\n\n\n<p>Al\u00e9m destas forma\u00e7\u00f5es emergentes, a nossa aposta diferencia-se, mais uma vez, pela vertente pr\u00e1tica. A nossa Cl\u00ednica Universit\u00e1ria, al\u00e9m de servir de elo de proximidade com a comunidade \u2013 que pode realizar v\u00e1rias consultas com valores mais acess\u00edveis \u2013, permite a aplica\u00e7\u00e3o pr\u00e1tica, em contexto real e junto do utente, do conhecimento acad\u00e9mico que \u00e9 lecionado, sempre com a supervis\u00e3o dos docentes. <\/p>\n\n\n\n<p><\/p>\n\n\n<div class=\"wp-block-image\">\n<figure class=\"aligncenter size-full is-resized\"><img loading=\"lazy\" decoding=\"async\" width=\"361\" height=\"130\" src=\"https:\/\/maismagazine.pt\/wp-content\/uploads\/2026\/04\/image.png\" alt=\"\" class=\"wp-image-13943\" style=\"width:311px;height:auto\" srcset=\"http:\/\/maismagazine.pt\/wp-content\/uploads\/2026\/04\/image.png 361w, http:\/\/maismagazine.pt\/wp-content\/uploads\/2026\/04\/image-300x108.png 300w\" sizes=\"auto, (max-width: 361px) 100vw, 361px\" \/><\/figure><\/div>","protected":false},"excerpt":{"rendered":"<p>Nat\u00e1lia do Esp\u00edrito Santo, Diretora Geral da Atl\u00e2ntica \u2013 Instituto Universit\u00e1rio e da ESSATLA, em entrevista \u00e0 Mais Magazine, sublinha a aposta numa forma\u00e7\u00e3o de excel\u00eancia, pr\u00f3xima do tecido empresarial e orientada para preparar os estudantes para os desafios de um mercado de trabalho global e em constante transforma\u00e7\u00e3o. Como&hellip;<\/p>\n","protected":false},"author":17,"featured_media":13944,"comment_status":"closed","ping_status":"open","sticky":false,"template":"","format":"standard","meta":{"advgb_blocks_editor_width":"","advgb_blocks_columns_visual_guide":"","_monsterinsights_skip_tracking":false,"_monsterinsights_sitenote_active":false,"_monsterinsights_sitenote_note":"","_monsterinsights_sitenote_category":0,"footnotes":""},"categories":[149],"tags":[2607,2608],"class_list":["post-13939","post","type-post","status-publish","format-standard","has-post-thumbnail","hentry","category-educacao","tag-atlantica","tag-essatla"],"yoast_head":"<!-- This site is optimized with the Yoast SEO plugin v24.4 - https:\/\/yoast.com\/wordpress\/plugins\/seo\/ -->\n<title>Formar para o futuro - Mais Magazine<\/title>\n<meta name=\"description\" content=\"Nat\u00e1lia do Esp\u00edrito Santo, Diretora Geral da Atl\u00e2ntica \u2013 Instituto Universit\u00e1rio e da ESSATLA, em entrevista \u00e0 Mais Magazine, sublinha a aposta numa forma\u00e7\u00e3o de excel\u00eancia, pr\u00f3xima do tecido empresarial e orientada para preparar os estudantes para os desafios de um mercado de trabalho global e em constante transforma\u00e7\u00e3o.\" \/>\n<meta name=\"robots\" content=\"index, follow, max-snippet:-1, max-image-preview:large, max-video-preview:-1\" \/>\n<link rel=\"canonical\" href=\"https:\/\/maismagazine.pt\/index.php\/2026\/04\/17\/formar-para-o-futuro\/\" \/>\n<meta property=\"og:locale\" content=\"pt_PT\" \/>\n<meta property=\"og:type\" content=\"article\" \/>\n<meta property=\"og:title\" content=\"Formar para o futuro - Mais Magazine\" \/>\n<meta property=\"og:description\" content=\"Nat\u00e1lia do Esp\u00edrito Santo, Diretora Geral da Atl\u00e2ntica \u2013 Instituto Universit\u00e1rio e da ESSATLA, em entrevista \u00e0 Mais Magazine, sublinha a aposta numa forma\u00e7\u00e3o de excel\u00eancia, pr\u00f3xima do tecido empresarial e orientada para preparar os estudantes para os desafios de um mercado de trabalho global e em constante transforma\u00e7\u00e3o.\" \/>\n<meta property=\"og:url\" content=\"https:\/\/maismagazine.pt\/index.php\/2026\/04\/17\/formar-para-o-futuro\/\" \/>\n<meta property=\"og:site_name\" content=\"Mais Magazine\" \/>\n<meta property=\"article:published_time\" content=\"2026-04-17T06:00:00+00:00\" \/>\n<meta property=\"og:image\" content=\"https:\/\/maismagazine.pt\/wp-content\/uploads\/2026\/04\/20241121-Atlantica-1560.jpeg\" \/>\n\t<meta property=\"og:image:width\" content=\"1920\" \/>\n\t<meta property=\"og:image:height\" content=\"1280\" \/>\n\t<meta property=\"og:image:type\" content=\"image\/jpeg\" \/>\n<meta name=\"author\" content=\"Tiago Costa\" \/>\n<meta name=\"twitter:card\" content=\"summary_large_image\" \/>\n<meta name=\"twitter:label1\" content=\"Escrito por\" \/>\n\t<meta name=\"twitter:data1\" content=\"\" \/>\n\t<meta name=\"twitter:label2\" content=\"Tempo estimado de leitura\" \/>\n\t<meta name=\"twitter:data2\" content=\"5 minutos\" \/>\n<script type=\"application\/ld+json\" class=\"yoast-schema-graph\">{\"@context\":\"https:\/\/schema.org\",\"@graph\":[{\"@type\":\"Article\",\"@id\":\"https:\/\/maismagazine.pt\/index.php\/2026\/04\/17\/formar-para-o-futuro\/#article\",\"isPartOf\":{\"@id\":\"https:\/\/maismagazine.pt\/index.php\/2026\/04\/17\/formar-para-o-futuro\/\"},\"author\":{\"name\":\"Tiago Costa\",\"@id\":\"https:\/\/maismagazine.pt\/#\/schema\/person\/c6c5bfccc886434cbd11c74e035f9646\"},\"headline\":\"Formar para o futuro\",\"datePublished\":\"2026-04-17T06:00:00+00:00\",\"mainEntityOfPage\":{\"@id\":\"https:\/\/maismagazine.pt\/index.php\/2026\/04\/17\/formar-para-o-futuro\/\"},\"wordCount\":724,\"publisher\":{\"@id\":\"https:\/\/maismagazine.pt\/#organization\"},\"image\":{\"@id\":\"https:\/\/maismagazine.pt\/index.php\/2026\/04\/17\/formar-para-o-futuro\/#primaryimage\"},\"thumbnailUrl\":\"http:\/\/maismagazine.pt\/wp-content\/uploads\/2026\/04\/20241121-Atlantica-1560.jpeg\",\"keywords\":[\"Atl\u00e2ntica\",\"ESSATLA\"],\"articleSection\":[\"Educa\u00e7\u00e3o\"],\"inLanguage\":\"pt-PT\"},{\"@type\":\"WebPage\",\"@id\":\"https:\/\/maismagazine.pt\/index.php\/2026\/04\/17\/formar-para-o-futuro\/\",\"url\":\"https:\/\/maismagazine.pt\/index.php\/2026\/04\/17\/formar-para-o-futuro\/\",\"name\":\"Formar para o futuro - Mais Magazine\",\"isPartOf\":{\"@id\":\"https:\/\/maismagazine.pt\/#website\"},\"primaryImageOfPage\":{\"@id\":\"https:\/\/maismagazine.pt\/index.php\/2026\/04\/17\/formar-para-o-futuro\/#primaryimage\"},\"image\":{\"@id\":\"https:\/\/maismagazine.pt\/index.php\/2026\/04\/17\/formar-para-o-futuro\/#primaryimage\"},\"thumbnailUrl\":\"http:\/\/maismagazine.pt\/wp-content\/uploads\/2026\/04\/20241121-Atlantica-1560.jpeg\",\"datePublished\":\"2026-04-17T06:00:00+00:00\",\"description\":\"Nat\u00e1lia do Esp\u00edrito Santo, Diretora Geral da Atl\u00e2ntica \u2013 Instituto Universit\u00e1rio e da ESSATLA, em entrevista \u00e0 Mais Magazine, sublinha a aposta numa forma\u00e7\u00e3o de excel\u00eancia, pr\u00f3xima do tecido empresarial e orientada para preparar os estudantes para os desafios de um mercado de trabalho global e em constante transforma\u00e7\u00e3o.\",\"breadcrumb\":{\"@id\":\"https:\/\/maismagazine.pt\/index.php\/2026\/04\/17\/formar-para-o-futuro\/#breadcrumb\"},\"inLanguage\":\"pt-PT\",\"potentialAction\":[{\"@type\":\"ReadAction\",\"target\":[\"https:\/\/maismagazine.pt\/index.php\/2026\/04\/17\/formar-para-o-futuro\/\"]}]},{\"@type\":\"ImageObject\",\"inLanguage\":\"pt-PT\",\"@id\":\"https:\/\/maismagazine.pt\/index.php\/2026\/04\/17\/formar-para-o-futuro\/#primaryimage\",\"url\":\"http:\/\/maismagazine.pt\/wp-content\/uploads\/2026\/04\/20241121-Atlantica-1560.jpeg\",\"contentUrl\":\"http:\/\/maismagazine.pt\/wp-content\/uploads\/2026\/04\/20241121-Atlantica-1560.jpeg\",\"width\":1920,\"height\":1280},{\"@type\":\"BreadcrumbList\",\"@id\":\"https:\/\/maismagazine.pt\/index.php\/2026\/04\/17\/formar-para-o-futuro\/#breadcrumb\",\"itemListElement\":[{\"@type\":\"ListItem\",\"position\":1,\"name\":\"Home\",\"item\":\"https:\/\/maismagazine.pt\/\"},{\"@type\":\"ListItem\",\"position\":2,\"name\":\"Formar para o futuro\"}]},{\"@type\":\"WebSite\",\"@id\":\"https:\/\/maismagazine.pt\/#website\",\"url\":\"https:\/\/maismagazine.pt\/\",\"name\":\"Mais Magazine\",\"description\":\"\",\"publisher\":{\"@id\":\"https:\/\/maismagazine.pt\/#organization\"},\"potentialAction\":[{\"@type\":\"SearchAction\",\"target\":{\"@type\":\"EntryPoint\",\"urlTemplate\":\"https:\/\/maismagazine.pt\/?s={search_term_string}\"},\"query-input\":{\"@type\":\"PropertyValueSpecification\",\"valueRequired\":true,\"valueName\":\"search_term_string\"}}],\"inLanguage\":\"pt-PT\"},{\"@type\":\"Organization\",\"@id\":\"https:\/\/maismagazine.pt\/#organization\",\"name\":\"Mais Magazine\",\"url\":\"https:\/\/maismagazine.pt\/\",\"logo\":{\"@type\":\"ImageObject\",\"inLanguage\":\"pt-PT\",\"@id\":\"https:\/\/maismagazine.pt\/#\/schema\/logo\/image\/\",\"url\":\"http:\/\/maismagazine.pt\/wp-content\/uploads\/2020\/04\/cropped-cropped-mais-magazine-site-logo-2.png\",\"contentUrl\":\"http:\/\/maismagazine.pt\/wp-content\/uploads\/2020\/04\/cropped-cropped-mais-magazine-site-logo-2.png\",\"width\":581,\"height\":90,\"caption\":\"Mais Magazine\"},\"image\":{\"@id\":\"https:\/\/maismagazine.pt\/#\/schema\/logo\/image\/\"}},{\"@type\":\"Person\",\"@id\":\"https:\/\/maismagazine.pt\/#\/schema\/person\/c6c5bfccc886434cbd11c74e035f9646\",\"name\":\"Tiago Costa\",\"image\":{\"@type\":\"ImageObject\",\"inLanguage\":\"pt-PT\",\"@id\":\"https:\/\/maismagazine.pt\/#\/schema\/person\/image\/\",\"url\":\"https:\/\/secure.gravatar.com\/avatar\/c599b2bce16c9870429198cbad5ee022?s=96&d=mm&r=g\",\"contentUrl\":\"https:\/\/secure.gravatar.com\/avatar\/c599b2bce16c9870429198cbad5ee022?s=96&d=mm&r=g\",\"caption\":\"Tiago Costa\"},\"url\":\"http:\/\/maismagazine.pt\/index.php\/author\/tiago\/\"}]}<\/script>\n<!-- \/ Yoast SEO plugin. -->","yoast_head_json":{"title":"Formar para o futuro - Mais Magazine","description":"Nat\u00e1lia do Esp\u00edrito Santo, Diretora Geral da Atl\u00e2ntica \u2013 Instituto Universit\u00e1rio e da ESSATLA, em entrevista \u00e0 Mais Magazine, sublinha a aposta numa forma\u00e7\u00e3o de excel\u00eancia, pr\u00f3xima do tecido empresarial e orientada para preparar os estudantes para os desafios de um mercado de trabalho global e em constante transforma\u00e7\u00e3o.","robots":{"index":"index","follow":"follow","max-snippet":"max-snippet:-1","max-image-preview":"max-image-preview:large","max-video-preview":"max-video-preview:-1"},"canonical":"https:\/\/maismagazine.pt\/index.php\/2026\/04\/17\/formar-para-o-futuro\/","og_locale":"pt_PT","og_type":"article","og_title":"Formar para o futuro - Mais Magazine","og_description":"Nat\u00e1lia do Esp\u00edrito Santo, Diretora Geral da Atl\u00e2ntica \u2013 Instituto Universit\u00e1rio e da ESSATLA, em entrevista \u00e0 Mais Magazine, sublinha a aposta numa forma\u00e7\u00e3o de excel\u00eancia, pr\u00f3xima do tecido empresarial e orientada para preparar os estudantes para os desafios de um mercado de trabalho global e em constante transforma\u00e7\u00e3o.","og_url":"https:\/\/maismagazine.pt\/index.php\/2026\/04\/17\/formar-para-o-futuro\/","og_site_name":"Mais Magazine","article_published_time":"2026-04-17T06:00:00+00:00","og_image":[{"width":1920,"height":1280,"url":"https:\/\/maismagazine.pt\/wp-content\/uploads\/2026\/04\/20241121-Atlantica-1560.jpeg","type":"image\/jpeg"}],"author":"Tiago Costa","twitter_card":"summary_large_image","twitter_misc":{"Escrito por":false,"Tempo estimado de leitura":"5 minutos"},"schema":{"@context":"https:\/\/schema.org","@graph":[{"@type":"Article","@id":"https:\/\/maismagazine.pt\/index.php\/2026\/04\/17\/formar-para-o-futuro\/#article","isPartOf":{"@id":"https:\/\/maismagazine.pt\/index.php\/2026\/04\/17\/formar-para-o-futuro\/"},"author":{"name":"Tiago Costa","@id":"https:\/\/maismagazine.pt\/#\/schema\/person\/c6c5bfccc886434cbd11c74e035f9646"},"headline":"Formar para o futuro","datePublished":"2026-04-17T06:00:00+00:00","mainEntityOfPage":{"@id":"https:\/\/maismagazine.pt\/index.php\/2026\/04\/17\/formar-para-o-futuro\/"},"wordCount":724,"publisher":{"@id":"https:\/\/maismagazine.pt\/#organization"},"image":{"@id":"https:\/\/maismagazine.pt\/index.php\/2026\/04\/17\/formar-para-o-futuro\/#primaryimage"},"thumbnailUrl":"http:\/\/maismagazine.pt\/wp-content\/uploads\/2026\/04\/20241121-Atlantica-1560.jpeg","keywords":["Atl\u00e2ntica","ESSATLA"],"articleSection":["Educa\u00e7\u00e3o"],"inLanguage":"pt-PT"},{"@type":"WebPage","@id":"https:\/\/maismagazine.pt\/index.php\/2026\/04\/17\/formar-para-o-futuro\/","url":"https:\/\/maismagazine.pt\/index.php\/2026\/04\/17\/formar-para-o-futuro\/","name":"Formar para o futuro - Mais Magazine","isPartOf":{"@id":"https:\/\/maismagazine.pt\/#website"},"primaryImageOfPage":{"@id":"https:\/\/maismagazine.pt\/index.php\/2026\/04\/17\/formar-para-o-futuro\/#primaryimage"},"image":{"@id":"https:\/\/maismagazine.pt\/index.php\/2026\/04\/17\/formar-para-o-futuro\/#primaryimage"},"thumbnailUrl":"http:\/\/maismagazine.pt\/wp-content\/uploads\/2026\/04\/20241121-Atlantica-1560.jpeg","datePublished":"2026-04-17T06:00:00+00:00","description":"Nat\u00e1lia do Esp\u00edrito Santo, Diretora Geral da Atl\u00e2ntica \u2013 Instituto Universit\u00e1rio e da ESSATLA, em entrevista \u00e0 Mais Magazine, sublinha a aposta numa forma\u00e7\u00e3o de excel\u00eancia, pr\u00f3xima do tecido empresarial e orientada para preparar os estudantes para os desafios de um mercado de trabalho global e em constante transforma\u00e7\u00e3o.","breadcrumb":{"@id":"https:\/\/maismagazine.pt\/index.php\/2026\/04\/17\/formar-para-o-futuro\/#breadcrumb"},"inLanguage":"pt-PT","potentialAction":[{"@type":"ReadAction","target":["https:\/\/maismagazine.pt\/index.php\/2026\/04\/17\/formar-para-o-futuro\/"]}]},{"@type":"ImageObject","inLanguage":"pt-PT","@id":"https:\/\/maismagazine.pt\/index.php\/2026\/04\/17\/formar-para-o-futuro\/#primaryimage","url":"http:\/\/maismagazine.pt\/wp-content\/uploads\/2026\/04\/20241121-Atlantica-1560.jpeg","contentUrl":"http:\/\/maismagazine.pt\/wp-content\/uploads\/2026\/04\/20241121-Atlantica-1560.jpeg","width":1920,"height":1280},{"@type":"BreadcrumbList","@id":"https:\/\/maismagazine.pt\/index.php\/2026\/04\/17\/formar-para-o-futuro\/#breadcrumb","itemListElement":[{"@type":"ListItem","position":1,"name":"Home","item":"https:\/\/maismagazine.pt\/"},{"@type":"ListItem","position":2,"name":"Formar para o futuro"}]},{"@type":"WebSite","@id":"https:\/\/maismagazine.pt\/#website","url":"https:\/\/maismagazine.pt\/","name":"Mais Magazine","description":"","publisher":{"@id":"https:\/\/maismagazine.pt\/#organization"},"potentialAction":[{"@type":"SearchAction","target":{"@type":"EntryPoint","urlTemplate":"https:\/\/maismagazine.pt\/?s={search_term_string}"},"query-input":{"@type":"PropertyValueSpecification","valueRequired":true,"valueName":"search_term_string"}}],"inLanguage":"pt-PT"},{"@type":"Organization","@id":"https:\/\/maismagazine.pt\/#organization","name":"Mais Magazine","url":"https:\/\/maismagazine.pt\/","logo":{"@type":"ImageObject","inLanguage":"pt-PT","@id":"https:\/\/maismagazine.pt\/#\/schema\/logo\/image\/","url":"http:\/\/maismagazine.pt\/wp-content\/uploads\/2020\/04\/cropped-cropped-mais-magazine-site-logo-2.png","contentUrl":"http:\/\/maismagazine.pt\/wp-content\/uploads\/2020\/04\/cropped-cropped-mais-magazine-site-logo-2.png","width":581,"height":90,"caption":"Mais Magazine"},"image":{"@id":"https:\/\/maismagazine.pt\/#\/schema\/logo\/image\/"}},{"@type":"Person","@id":"https:\/\/maismagazine.pt\/#\/schema\/person\/c6c5bfccc886434cbd11c74e035f9646","name":"Tiago Costa","image":{"@type":"ImageObject","inLanguage":"pt-PT","@id":"https:\/\/maismagazine.pt\/#\/schema\/person\/image\/","url":"https:\/\/secure.gravatar.com\/avatar\/c599b2bce16c9870429198cbad5ee022?s=96&d=mm&r=g","contentUrl":"https:\/\/secure.gravatar.com\/avatar\/c599b2bce16c9870429198cbad5ee022?s=96&d=mm&r=g","caption":"Tiago Costa"},"url":"http:\/\/maismagazine.pt\/index.php\/author\/tiago\/"}]}},"author_meta":{"display_name":false,"author_link":"http:\/\/maismagazine.pt\/index.php\/author\/tiago\/"},"featured_img":"http:\/\/maismagazine.pt\/wp-content\/uploads\/2026\/04\/20241121-Atlantica-1560-300x200.jpeg","coauthors":[],"tax_additional":{"categories":{"linked":["<a href=\"http:\/\/maismagazine.pt\/index.php\/category\/educacao\/\" class=\"advgb-post-tax-term\">Educa\u00e7\u00e3o<\/a>"],"unlinked":["<span class=\"advgb-post-tax-term\">Educa\u00e7\u00e3o<\/span>"]},"tags":{"linked":["<a href=\"http:\/\/maismagazine.pt\/index.php\/category\/educacao\/\" class=\"advgb-post-tax-term\">Atl\u00e2ntica<\/a>","<a href=\"http:\/\/maismagazine.pt\/index.php\/category\/educacao\/\" class=\"advgb-post-tax-term\">ESSATLA<\/a>"],"unlinked":["<span class=\"advgb-post-tax-term\">Atl\u00e2ntica<\/span>","<span class=\"advgb-post-tax-term\">ESSATLA<\/span>"]}},"comment_count":"0","relative_dates":{"created":"Posted 2 semanas ago","modified":"Updated 2 semanas ago"},"absolute_dates":{"created":"Posted on 17 de Abril, 2026","modified":"Updated on 14 de Abril, 2026"},"absolute_dates_time":{"created":"Posted on 17 de Abril, 2026 7:00","modified":"Updated on 14 de Abril, 2026 14:48"},"featured_img_caption":"","series_order":"","_links":{"self":[{"href":"http:\/\/maismagazine.pt\/index.php\/wp-json\/wp\/v2\/posts\/13939","targetHints":{"allow":["GET"]}}],"collection":[{"href":"http:\/\/maismagazine.pt\/index.php\/wp-json\/wp\/v2\/posts"}],"about":[{"href":"http:\/\/maismagazine.pt\/index.php\/wp-json\/wp\/v2\/types\/post"}],"author":[{"embeddable":true,"href":"http:\/\/maismagazine.pt\/index.php\/wp-json\/wp\/v2\/users\/17"}],"replies":[{"embeddable":true,"href":"http:\/\/maismagazine.pt\/index.php\/wp-json\/wp\/v2\/comments?post=13939"}],"version-history":[{"count":1,"href":"http:\/\/maismagazine.pt\/index.php\/wp-json\/wp\/v2\/posts\/13939\/revisions"}],"predecessor-version":[{"id":13945,"href":"http:\/\/maismagazine.pt\/index.php\/wp-json\/wp\/v2\/posts\/13939\/revisions\/13945"}],"wp:featuredmedia":[{"embeddable":true,"href":"http:\/\/maismagazine.pt\/index.php\/wp-json\/wp\/v2\/media\/13944"}],"wp:attachment":[{"href":"http:\/\/maismagazine.pt\/index.php\/wp-json\/wp\/v2\/media?parent=13939"}],"wp:term":[{"taxonomy":"category","embeddable":true,"href":"http:\/\/maismagazine.pt\/index.php\/wp-json\/wp\/v2\/categories?post=13939"},{"taxonomy":"post_tag","embeddable":true,"href":"http:\/\/maismagazine.pt\/index.php\/wp-json\/wp\/v2\/tags?post=13939"}],"curies":[{"name":"wp","href":"https:\/\/api.w.org\/{rel}","templated":true}]}}