{"id":13891,"date":"2026-03-11T16:55:43","date_gmt":"2026-03-11T16:55:43","guid":{"rendered":"https:\/\/maismagazine.pt\/?p=13891"},"modified":"2026-03-11T16:55:48","modified_gmt":"2026-03-11T16:55:48","slug":"education-summit-promove-na-qualifica-reflexao-sobre-o-estado-atual-do-ensino-e-a-mudanca-de-paradigma","status":"publish","type":"post","link":"http:\/\/maismagazine.pt\/index.php\/2026\/03\/11\/education-summit-promove-na-qualifica-reflexao-sobre-o-estado-atual-do-ensino-e-a-mudanca-de-paradigma\/","title":{"rendered":"Education Summit promove na Qualifica reflex\u00e3o sobre o estado atual do ensino e a mudan\u00e7a de paradigma"},"content":{"rendered":"\n<p><strong>Papel central dos professores no sistema educativo \u00e9 um dos focos do programa de atividades, realizado em parceria com a Education Summit. De 25 a 28 de mar\u00e7o, as melhores solu\u00e7\u00f5es para a qualifica\u00e7\u00e3o de jovens e adultos em forma\u00e7\u00e3o cont\u00ednua passam pela 17.\u00aa Feira de Educa\u00e7\u00e3o, Forma\u00e7\u00e3o e Juventude, na EXPONOR. <\/strong><\/p>\n\n\n\n<p><\/p>\n\n\n\n<p>A crescente carga de trabalho, a desmotiva\u00e7\u00e3o profissional, a falta de reconhecimento da carreira docente, a excessiva burocracia e os elevados n\u00edveis de stresse continuam a marcar o quotidiano dos professores em Portugal. Estes desafios assumem particular centralidade no programa da Qualifica, de 25 a 28 de mar\u00e7o, na Exponor, que dedica uma parte relevante da sua programa\u00e7\u00e3o a uma reflex\u00e3o aprofundada sobre a condi\u00e7\u00e3o docente e o futuro da educa\u00e7\u00e3o.<\/p>\n\n\n\n<p><\/p>\n\n\n\n<p>\u00c9 neste contexto que se destaca o programa exclusivo para professores, desenvolvido em parceria com a Education Summit, que promove uma cimeira de reflex\u00e3o sobre o estado atual do ensino. Esta iniciativa ganha especial pertin\u00eancia \u00e0 luz de estudos recentes que indicam que mais de 60% dos docentes apresentam sinais de exaust\u00e3o emocional, associados, entre outros fatores, \u00e0 burocracia excessiva e \u00e0 indisciplina em contexto escolar.<\/p>\n\n\n\n<p><\/p>\n\n\n\n<p>Temas como a utiliza\u00e7\u00e3o \u00e9tica da Intelig\u00eancia Artificial na Educa\u00e7\u00e3o, diferencia\u00e7\u00e3o pedag\u00f3gica ou criatividade na educa\u00e7\u00e3o ser\u00e3o abordados em v\u00e1rias palestras. Numa oportunidade para os professores que visitarem a feira ficarem mais elucidados sobre as mais recentes tend\u00eancias educativas da atualidade. E do futuro. O objetivo passa por proporcionar aos professores contacto direto com tend\u00eancias emergentes, boas pr\u00e1ticas e abordagens inovadoras que possam ser integradas no seu quotidiano profissional.<\/p>\n\n\n\n<p>Destaque, tamb\u00e9m, para o espa\u00e7o Create a Better Future, dedicado a empresas e institui\u00e7\u00f5es que est\u00e3o a mudar o paradigma de ensino e que introduzem processos inovadores. Por exemplo, desenvolvendo compet\u00eancias sociais e t\u00e9cnicas da interliga\u00e7\u00e3o entre a criatividade e a tecnologia, ou projetos curriculares com uma vertente pr\u00e1tica cada vez mais acentuada.<\/p>\n\n\n\n<p><\/p>\n\n\n\n<p>Iniciativa que na edi\u00e7\u00e3o anterior teve grande ades\u00e3o foi o Sal\u00e3o de Mestrados, P\u00f3s-Gradua\u00e7\u00f5es e Forma\u00e7\u00e3o Executiva, que este ano est\u00e1 de regresso, com uma oferta composta por v\u00e1rios graus de forma\u00e7\u00e3o para responder positivamente aos desafios da aprendizagem ao longo da vida, num mundo empresarial e numa economia em mudan\u00e7a acelerada no sentido da digitaliza\u00e7\u00e3o.<\/p>\n\n\n\n<p>Diogo Barbosa, diretor-geral da Exponor, enfatiza que \u201cempresas e trabalhadores est\u00e3o conscientes da import\u00e2ncia da forma\u00e7\u00e3o ao longo da vida para serem mais competitivos, e na Qualifica encontram um conjunto de propostas adaptadas \u00e0s suas necessidades, que lhes v\u00e3o conferir mais val\u00eancias e compet\u00eancias\u201d.<\/p>\n\n\n\n<p><\/p>\n\n\n\n<p>A Qualifica mant\u00e9m uma oferta muito completa e refor\u00e7ada para estudantes, fam\u00edlias e institui\u00e7\u00f5es, com uma programa\u00e7\u00e3o preparada para responder aos anseios dos diferentes perfis de jovens e adultos, desde os mais indecisos aos mais resolutos, dos estudantes do 9.\u00ba ano a finalistas universit\u00e1rios.<\/p>\n\n\n\n<p><\/p>\n\n\n\n<p>Este que \u00e9 o maior evento de Educa\u00e7\u00e3o realizado a Norte do Pa\u00eds contou na edi\u00e7\u00e3o de 2025 com mais de 42 mil visitantes. Para a edi\u00e7\u00e3o deste ano, est\u00e3o j\u00e1 confirmados mais de 25 mil alunos e professores inscritos. Ainda a alguma dist\u00e2ncia da realiza\u00e7\u00e3o da feira, s\u00e3o n\u00fameros que fazem adivinhar que estaremos perante uma das maiores edi\u00e7\u00f5es.<\/p>\n\n\n\n<p><\/p>\n\n\n\n<p><strong><u>Em s\u00edntese:<\/u><\/strong><\/p>\n\n\n\n<p><a href=\"https:\/\/qualifica.exponor.pt\/\"><strong>QUALIFICA 2026<\/strong><\/a><strong> \u2013 17.\u00aa Feira de Educa\u00e7\u00e3o, Forma\u00e7\u00e3o e Juventude<\/strong><\/p>\n\n\n\n<p><strong>Data:<\/strong> de 25 a 28 de mar\u00e7o de 2026<\/p>\n\n\n\n<p><strong>Hor\u00e1rio:<\/strong> das 10h00 \u00e0s 18h00<\/p>\n\n\n\n<p><strong>Local:<\/strong> EXPONOR \u2013 Feira Internacional do Porto (Le\u00e7a da Palmeira, Matosinhos)<\/p>\n\n\n\n<p><\/p>\n","protected":false},"excerpt":{"rendered":"<p>Papel central dos professores no sistema educativo \u00e9 um dos focos do programa de atividades, realizado em parceria com a Education Summit. De 25 a 28 de mar\u00e7o, as melhores solu\u00e7\u00f5es para a qualifica\u00e7\u00e3o de jovens e adultos em forma\u00e7\u00e3o cont\u00ednua passam pela 17.\u00aa Feira de Educa\u00e7\u00e3o, Forma\u00e7\u00e3o e Juventude,&hellip;<\/p>\n","protected":false},"author":17,"featured_media":13893,"comment_status":"closed","ping_status":"open","sticky":false,"template":"","format":"standard","meta":{"advgb_blocks_editor_width":"","advgb_blocks_columns_visual_guide":"","_monsterinsights_skip_tracking":false,"_monsterinsights_sitenote_active":false,"_monsterinsights_sitenote_note":"","_monsterinsights_sitenote_category":0,"footnotes":""},"categories":[7],"tags":[2602,1310],"class_list":["post-13891","post","type-post","status-publish","format-standard","has-post-thumbnail","hentry","category-noticias","tag-education-summit","tag-qualifica"],"yoast_head":"<!-- This site is optimized with the Yoast SEO plugin v24.4 - https:\/\/yoast.com\/wordpress\/plugins\/seo\/ -->\n<title>Education Summit promove na Qualifica reflex\u00e3o sobre o estado atual do ensino e a mudan\u00e7a de paradigma - Mais Magazine<\/title>\n<meta name=\"description\" content=\"Papel central dos professores no sistema educativo \u00e9 um dos focos do programa de atividades, realizado em parceria com a Education Summit. De 25 a 28 de mar\u00e7o, as melhores solu\u00e7\u00f5es para a qualifica\u00e7\u00e3o de jovens e adultos em forma\u00e7\u00e3o cont\u00ednua passam pela 17.\u00aa Feira de Educa\u00e7\u00e3o, Forma\u00e7\u00e3o e Juventude, na EXPONOR.\" \/>\n<meta name=\"robots\" content=\"index, follow, max-snippet:-1, max-image-preview:large, max-video-preview:-1\" \/>\n<link rel=\"canonical\" href=\"http:\/\/maismagazine.pt\/index.php\/2026\/03\/11\/education-summit-promove-na-qualifica-reflexao-sobre-o-estado-atual-do-ensino-e-a-mudanca-de-paradigma\/\" \/>\n<meta property=\"og:locale\" content=\"pt_PT\" \/>\n<meta property=\"og:type\" content=\"article\" \/>\n<meta property=\"og:title\" content=\"Education Summit promove na Qualifica reflex\u00e3o sobre o estado atual do ensino e a mudan\u00e7a de paradigma - Mais Magazine\" \/>\n<meta property=\"og:description\" content=\"Papel central dos professores no sistema educativo \u00e9 um dos focos do programa de atividades, realizado em parceria com a Education Summit. De 25 a 28 de mar\u00e7o, as melhores solu\u00e7\u00f5es para a qualifica\u00e7\u00e3o de jovens e adultos em forma\u00e7\u00e3o cont\u00ednua passam pela 17.\u00aa Feira de Educa\u00e7\u00e3o, Forma\u00e7\u00e3o e Juventude, na EXPONOR.\" \/>\n<meta property=\"og:url\" content=\"http:\/\/maismagazine.pt\/index.php\/2026\/03\/11\/education-summit-promove-na-qualifica-reflexao-sobre-o-estado-atual-do-ensino-e-a-mudanca-de-paradigma\/\" \/>\n<meta property=\"og:site_name\" content=\"Mais Magazine\" \/>\n<meta property=\"article:published_time\" content=\"2026-03-11T16:55:43+00:00\" \/>\n<meta property=\"article:modified_time\" content=\"2026-03-11T16:55:48+00:00\" \/>\n<meta property=\"og:image\" content=\"http:\/\/maismagazine.pt\/wp-content\/uploads\/2026\/03\/Qualifica-Exponor-2025.jpg\" \/>\n\t<meta property=\"og:image:width\" content=\"768\" \/>\n\t<meta property=\"og:image:height\" content=\"476\" \/>\n\t<meta property=\"og:image:type\" content=\"image\/jpeg\" \/>\n<meta name=\"author\" content=\"Tiago Costa\" \/>\n<meta name=\"twitter:card\" content=\"summary_large_image\" \/>\n<meta name=\"twitter:label1\" content=\"Escrito por\" \/>\n\t<meta name=\"twitter:data1\" content=\"\" \/>\n\t<meta name=\"twitter:label2\" content=\"Tempo estimado de leitura\" \/>\n\t<meta name=\"twitter:data2\" content=\"4 minutos\" \/>\n<script type=\"application\/ld+json\" class=\"yoast-schema-graph\">{\"@context\":\"https:\/\/schema.org\",\"@graph\":[{\"@type\":\"Article\",\"@id\":\"http:\/\/maismagazine.pt\/index.php\/2026\/03\/11\/education-summit-promove-na-qualifica-reflexao-sobre-o-estado-atual-do-ensino-e-a-mudanca-de-paradigma\/#article\",\"isPartOf\":{\"@id\":\"http:\/\/maismagazine.pt\/index.php\/2026\/03\/11\/education-summit-promove-na-qualifica-reflexao-sobre-o-estado-atual-do-ensino-e-a-mudanca-de-paradigma\/\"},\"author\":{\"name\":\"Tiago Costa\",\"@id\":\"https:\/\/maismagazine.pt\/#\/schema\/person\/c6c5bfccc886434cbd11c74e035f9646\"},\"headline\":\"Education Summit promove na Qualifica reflex\u00e3o sobre o estado atual do ensino e a mudan\u00e7a de paradigma\",\"datePublished\":\"2026-03-11T16:55:43+00:00\",\"dateModified\":\"2026-03-11T16:55:48+00:00\",\"mainEntityOfPage\":{\"@id\":\"http:\/\/maismagazine.pt\/index.php\/2026\/03\/11\/education-summit-promove-na-qualifica-reflexao-sobre-o-estado-atual-do-ensino-e-a-mudanca-de-paradigma\/\"},\"wordCount\":622,\"publisher\":{\"@id\":\"https:\/\/maismagazine.pt\/#organization\"},\"image\":{\"@id\":\"http:\/\/maismagazine.pt\/index.php\/2026\/03\/11\/education-summit-promove-na-qualifica-reflexao-sobre-o-estado-atual-do-ensino-e-a-mudanca-de-paradigma\/#primaryimage\"},\"thumbnailUrl\":\"http:\/\/maismagazine.pt\/wp-content\/uploads\/2026\/03\/Qualifica-Exponor-2025.jpg\",\"keywords\":[\"Education Summit\",\"Qualifica\"],\"articleSection\":[\"Not\u00edcias\"],\"inLanguage\":\"pt-PT\"},{\"@type\":\"WebPage\",\"@id\":\"http:\/\/maismagazine.pt\/index.php\/2026\/03\/11\/education-summit-promove-na-qualifica-reflexao-sobre-o-estado-atual-do-ensino-e-a-mudanca-de-paradigma\/\",\"url\":\"http:\/\/maismagazine.pt\/index.php\/2026\/03\/11\/education-summit-promove-na-qualifica-reflexao-sobre-o-estado-atual-do-ensino-e-a-mudanca-de-paradigma\/\",\"name\":\"Education Summit promove na Qualifica reflex\u00e3o sobre o estado atual do ensino e a mudan\u00e7a de paradigma - Mais Magazine\",\"isPartOf\":{\"@id\":\"https:\/\/maismagazine.pt\/#website\"},\"primaryImageOfPage\":{\"@id\":\"http:\/\/maismagazine.pt\/index.php\/2026\/03\/11\/education-summit-promove-na-qualifica-reflexao-sobre-o-estado-atual-do-ensino-e-a-mudanca-de-paradigma\/#primaryimage\"},\"image\":{\"@id\":\"http:\/\/maismagazine.pt\/index.php\/2026\/03\/11\/education-summit-promove-na-qualifica-reflexao-sobre-o-estado-atual-do-ensino-e-a-mudanca-de-paradigma\/#primaryimage\"},\"thumbnailUrl\":\"http:\/\/maismagazine.pt\/wp-content\/uploads\/2026\/03\/Qualifica-Exponor-2025.jpg\",\"datePublished\":\"2026-03-11T16:55:43+00:00\",\"dateModified\":\"2026-03-11T16:55:48+00:00\",\"description\":\"Papel central dos professores no sistema educativo \u00e9 um dos focos do programa de atividades, realizado em parceria com a Education Summit. De 25 a 28 de mar\u00e7o, as melhores solu\u00e7\u00f5es para a qualifica\u00e7\u00e3o de jovens e adultos em forma\u00e7\u00e3o cont\u00ednua passam pela 17.\u00aa Feira de Educa\u00e7\u00e3o, Forma\u00e7\u00e3o e Juventude, na EXPONOR.\",\"breadcrumb\":{\"@id\":\"http:\/\/maismagazine.pt\/index.php\/2026\/03\/11\/education-summit-promove-na-qualifica-reflexao-sobre-o-estado-atual-do-ensino-e-a-mudanca-de-paradigma\/#breadcrumb\"},\"inLanguage\":\"pt-PT\",\"potentialAction\":[{\"@type\":\"ReadAction\",\"target\":[\"http:\/\/maismagazine.pt\/index.php\/2026\/03\/11\/education-summit-promove-na-qualifica-reflexao-sobre-o-estado-atual-do-ensino-e-a-mudanca-de-paradigma\/\"]}]},{\"@type\":\"ImageObject\",\"inLanguage\":\"pt-PT\",\"@id\":\"http:\/\/maismagazine.pt\/index.php\/2026\/03\/11\/education-summit-promove-na-qualifica-reflexao-sobre-o-estado-atual-do-ensino-e-a-mudanca-de-paradigma\/#primaryimage\",\"url\":\"http:\/\/maismagazine.pt\/wp-content\/uploads\/2026\/03\/Qualifica-Exponor-2025.jpg\",\"contentUrl\":\"http:\/\/maismagazine.pt\/wp-content\/uploads\/2026\/03\/Qualifica-Exponor-2025.jpg\",\"width\":768,\"height\":476},{\"@type\":\"BreadcrumbList\",\"@id\":\"http:\/\/maismagazine.pt\/index.php\/2026\/03\/11\/education-summit-promove-na-qualifica-reflexao-sobre-o-estado-atual-do-ensino-e-a-mudanca-de-paradigma\/#breadcrumb\",\"itemListElement\":[{\"@type\":\"ListItem\",\"position\":1,\"name\":\"Home\",\"item\":\"https:\/\/maismagazine.pt\/\"},{\"@type\":\"ListItem\",\"position\":2,\"name\":\"Education Summit promove na Qualifica reflex\u00e3o sobre o estado atual do ensino e a mudan\u00e7a de paradigma\"}]},{\"@type\":\"WebSite\",\"@id\":\"https:\/\/maismagazine.pt\/#website\",\"url\":\"https:\/\/maismagazine.pt\/\",\"name\":\"Mais Magazine\",\"description\":\"\",\"publisher\":{\"@id\":\"https:\/\/maismagazine.pt\/#organization\"},\"potentialAction\":[{\"@type\":\"SearchAction\",\"target\":{\"@type\":\"EntryPoint\",\"urlTemplate\":\"https:\/\/maismagazine.pt\/?s={search_term_string}\"},\"query-input\":{\"@type\":\"PropertyValueSpecification\",\"valueRequired\":true,\"valueName\":\"search_term_string\"}}],\"inLanguage\":\"pt-PT\"},{\"@type\":\"Organization\",\"@id\":\"https:\/\/maismagazine.pt\/#organization\",\"name\":\"Mais Magazine\",\"url\":\"https:\/\/maismagazine.pt\/\",\"logo\":{\"@type\":\"ImageObject\",\"inLanguage\":\"pt-PT\",\"@id\":\"https:\/\/maismagazine.pt\/#\/schema\/logo\/image\/\",\"url\":\"http:\/\/maismagazine.pt\/wp-content\/uploads\/2020\/04\/cropped-cropped-mais-magazine-site-logo-2.png\",\"contentUrl\":\"http:\/\/maismagazine.pt\/wp-content\/uploads\/2020\/04\/cropped-cropped-mais-magazine-site-logo-2.png\",\"width\":581,\"height\":90,\"caption\":\"Mais Magazine\"},\"image\":{\"@id\":\"https:\/\/maismagazine.pt\/#\/schema\/logo\/image\/\"}},{\"@type\":\"Person\",\"@id\":\"https:\/\/maismagazine.pt\/#\/schema\/person\/c6c5bfccc886434cbd11c74e035f9646\",\"name\":\"Tiago Costa\",\"image\":{\"@type\":\"ImageObject\",\"inLanguage\":\"pt-PT\",\"@id\":\"https:\/\/maismagazine.pt\/#\/schema\/person\/image\/\",\"url\":\"https:\/\/secure.gravatar.com\/avatar\/c599b2bce16c9870429198cbad5ee022?s=96&d=mm&r=g\",\"contentUrl\":\"https:\/\/secure.gravatar.com\/avatar\/c599b2bce16c9870429198cbad5ee022?s=96&d=mm&r=g\",\"caption\":\"Tiago Costa\"},\"url\":\"http:\/\/maismagazine.pt\/index.php\/author\/tiago\/\"}]}<\/script>\n<!-- \/ Yoast SEO plugin. -->","yoast_head_json":{"title":"Education Summit promove na Qualifica reflex\u00e3o sobre o estado atual do ensino e a mudan\u00e7a de paradigma - Mais Magazine","description":"Papel central dos professores no sistema educativo \u00e9 um dos focos do programa de atividades, realizado em parceria com a Education Summit. De 25 a 28 de mar\u00e7o, as melhores solu\u00e7\u00f5es para a qualifica\u00e7\u00e3o de jovens e adultos em forma\u00e7\u00e3o cont\u00ednua passam pela 17.\u00aa Feira de Educa\u00e7\u00e3o, Forma\u00e7\u00e3o e Juventude, na EXPONOR.","robots":{"index":"index","follow":"follow","max-snippet":"max-snippet:-1","max-image-preview":"max-image-preview:large","max-video-preview":"max-video-preview:-1"},"canonical":"http:\/\/maismagazine.pt\/index.php\/2026\/03\/11\/education-summit-promove-na-qualifica-reflexao-sobre-o-estado-atual-do-ensino-e-a-mudanca-de-paradigma\/","og_locale":"pt_PT","og_type":"article","og_title":"Education Summit promove na Qualifica reflex\u00e3o sobre o estado atual do ensino e a mudan\u00e7a de paradigma - Mais Magazine","og_description":"Papel central dos professores no sistema educativo \u00e9 um dos focos do programa de atividades, realizado em parceria com a Education Summit. De 25 a 28 de mar\u00e7o, as melhores solu\u00e7\u00f5es para a qualifica\u00e7\u00e3o de jovens e adultos em forma\u00e7\u00e3o cont\u00ednua passam pela 17.\u00aa Feira de Educa\u00e7\u00e3o, Forma\u00e7\u00e3o e Juventude, na EXPONOR.","og_url":"http:\/\/maismagazine.pt\/index.php\/2026\/03\/11\/education-summit-promove-na-qualifica-reflexao-sobre-o-estado-atual-do-ensino-e-a-mudanca-de-paradigma\/","og_site_name":"Mais Magazine","article_published_time":"2026-03-11T16:55:43+00:00","article_modified_time":"2026-03-11T16:55:48+00:00","og_image":[{"width":768,"height":476,"url":"http:\/\/maismagazine.pt\/wp-content\/uploads\/2026\/03\/Qualifica-Exponor-2025.jpg","type":"image\/jpeg"}],"author":"Tiago Costa","twitter_card":"summary_large_image","twitter_misc":{"Escrito por":false,"Tempo estimado de leitura":"4 minutos"},"schema":{"@context":"https:\/\/schema.org","@graph":[{"@type":"Article","@id":"http:\/\/maismagazine.pt\/index.php\/2026\/03\/11\/education-summit-promove-na-qualifica-reflexao-sobre-o-estado-atual-do-ensino-e-a-mudanca-de-paradigma\/#article","isPartOf":{"@id":"http:\/\/maismagazine.pt\/index.php\/2026\/03\/11\/education-summit-promove-na-qualifica-reflexao-sobre-o-estado-atual-do-ensino-e-a-mudanca-de-paradigma\/"},"author":{"name":"Tiago Costa","@id":"https:\/\/maismagazine.pt\/#\/schema\/person\/c6c5bfccc886434cbd11c74e035f9646"},"headline":"Education Summit promove na Qualifica reflex\u00e3o sobre o estado atual do ensino e a mudan\u00e7a de paradigma","datePublished":"2026-03-11T16:55:43+00:00","dateModified":"2026-03-11T16:55:48+00:00","mainEntityOfPage":{"@id":"http:\/\/maismagazine.pt\/index.php\/2026\/03\/11\/education-summit-promove-na-qualifica-reflexao-sobre-o-estado-atual-do-ensino-e-a-mudanca-de-paradigma\/"},"wordCount":622,"publisher":{"@id":"https:\/\/maismagazine.pt\/#organization"},"image":{"@id":"http:\/\/maismagazine.pt\/index.php\/2026\/03\/11\/education-summit-promove-na-qualifica-reflexao-sobre-o-estado-atual-do-ensino-e-a-mudanca-de-paradigma\/#primaryimage"},"thumbnailUrl":"http:\/\/maismagazine.pt\/wp-content\/uploads\/2026\/03\/Qualifica-Exponor-2025.jpg","keywords":["Education Summit","Qualifica"],"articleSection":["Not\u00edcias"],"inLanguage":"pt-PT"},{"@type":"WebPage","@id":"http:\/\/maismagazine.pt\/index.php\/2026\/03\/11\/education-summit-promove-na-qualifica-reflexao-sobre-o-estado-atual-do-ensino-e-a-mudanca-de-paradigma\/","url":"http:\/\/maismagazine.pt\/index.php\/2026\/03\/11\/education-summit-promove-na-qualifica-reflexao-sobre-o-estado-atual-do-ensino-e-a-mudanca-de-paradigma\/","name":"Education Summit promove na Qualifica reflex\u00e3o sobre o estado atual do ensino e a mudan\u00e7a de paradigma - Mais Magazine","isPartOf":{"@id":"https:\/\/maismagazine.pt\/#website"},"primaryImageOfPage":{"@id":"http:\/\/maismagazine.pt\/index.php\/2026\/03\/11\/education-summit-promove-na-qualifica-reflexao-sobre-o-estado-atual-do-ensino-e-a-mudanca-de-paradigma\/#primaryimage"},"image":{"@id":"http:\/\/maismagazine.pt\/index.php\/2026\/03\/11\/education-summit-promove-na-qualifica-reflexao-sobre-o-estado-atual-do-ensino-e-a-mudanca-de-paradigma\/#primaryimage"},"thumbnailUrl":"http:\/\/maismagazine.pt\/wp-content\/uploads\/2026\/03\/Qualifica-Exponor-2025.jpg","datePublished":"2026-03-11T16:55:43+00:00","dateModified":"2026-03-11T16:55:48+00:00","description":"Papel central dos professores no sistema educativo \u00e9 um dos focos do programa de atividades, realizado em parceria com a Education Summit. De 25 a 28 de mar\u00e7o, as melhores solu\u00e7\u00f5es para a qualifica\u00e7\u00e3o de jovens e adultos em forma\u00e7\u00e3o cont\u00ednua passam pela 17.\u00aa Feira de Educa\u00e7\u00e3o, Forma\u00e7\u00e3o e Juventude, na EXPONOR.","breadcrumb":{"@id":"http:\/\/maismagazine.pt\/index.php\/2026\/03\/11\/education-summit-promove-na-qualifica-reflexao-sobre-o-estado-atual-do-ensino-e-a-mudanca-de-paradigma\/#breadcrumb"},"inLanguage":"pt-PT","potentialAction":[{"@type":"ReadAction","target":["http:\/\/maismagazine.pt\/index.php\/2026\/03\/11\/education-summit-promove-na-qualifica-reflexao-sobre-o-estado-atual-do-ensino-e-a-mudanca-de-paradigma\/"]}]},{"@type":"ImageObject","inLanguage":"pt-PT","@id":"http:\/\/maismagazine.pt\/index.php\/2026\/03\/11\/education-summit-promove-na-qualifica-reflexao-sobre-o-estado-atual-do-ensino-e-a-mudanca-de-paradigma\/#primaryimage","url":"http:\/\/maismagazine.pt\/wp-content\/uploads\/2026\/03\/Qualifica-Exponor-2025.jpg","contentUrl":"http:\/\/maismagazine.pt\/wp-content\/uploads\/2026\/03\/Qualifica-Exponor-2025.jpg","width":768,"height":476},{"@type":"BreadcrumbList","@id":"http:\/\/maismagazine.pt\/index.php\/2026\/03\/11\/education-summit-promove-na-qualifica-reflexao-sobre-o-estado-atual-do-ensino-e-a-mudanca-de-paradigma\/#breadcrumb","itemListElement":[{"@type":"ListItem","position":1,"name":"Home","item":"https:\/\/maismagazine.pt\/"},{"@type":"ListItem","position":2,"name":"Education Summit promove na Qualifica reflex\u00e3o sobre o estado atual do ensino e a mudan\u00e7a de paradigma"}]},{"@type":"WebSite","@id":"https:\/\/maismagazine.pt\/#website","url":"https:\/\/maismagazine.pt\/","name":"Mais Magazine","description":"","publisher":{"@id":"https:\/\/maismagazine.pt\/#organization"},"potentialAction":[{"@type":"SearchAction","target":{"@type":"EntryPoint","urlTemplate":"https:\/\/maismagazine.pt\/?s={search_term_string}"},"query-input":{"@type":"PropertyValueSpecification","valueRequired":true,"valueName":"search_term_string"}}],"inLanguage":"pt-PT"},{"@type":"Organization","@id":"https:\/\/maismagazine.pt\/#organization","name":"Mais Magazine","url":"https:\/\/maismagazine.pt\/","logo":{"@type":"ImageObject","inLanguage":"pt-PT","@id":"https:\/\/maismagazine.pt\/#\/schema\/logo\/image\/","url":"http:\/\/maismagazine.pt\/wp-content\/uploads\/2020\/04\/cropped-cropped-mais-magazine-site-logo-2.png","contentUrl":"http:\/\/maismagazine.pt\/wp-content\/uploads\/2020\/04\/cropped-cropped-mais-magazine-site-logo-2.png","width":581,"height":90,"caption":"Mais Magazine"},"image":{"@id":"https:\/\/maismagazine.pt\/#\/schema\/logo\/image\/"}},{"@type":"Person","@id":"https:\/\/maismagazine.pt\/#\/schema\/person\/c6c5bfccc886434cbd11c74e035f9646","name":"Tiago Costa","image":{"@type":"ImageObject","inLanguage":"pt-PT","@id":"https:\/\/maismagazine.pt\/#\/schema\/person\/image\/","url":"https:\/\/secure.gravatar.com\/avatar\/c599b2bce16c9870429198cbad5ee022?s=96&d=mm&r=g","contentUrl":"https:\/\/secure.gravatar.com\/avatar\/c599b2bce16c9870429198cbad5ee022?s=96&d=mm&r=g","caption":"Tiago Costa"},"url":"http:\/\/maismagazine.pt\/index.php\/author\/tiago\/"}]}},"author_meta":{"display_name":false,"author_link":"http:\/\/maismagazine.pt\/index.php\/author\/tiago\/"},"featured_img":"http:\/\/maismagazine.pt\/wp-content\/uploads\/2026\/03\/Qualifica-Exponor-2025-300x186.jpg","coauthors":[],"tax_additional":{"categories":{"linked":["<a href=\"http:\/\/maismagazine.pt\/index.php\/category\/noticias\/\" class=\"advgb-post-tax-term\">Not\u00edcias<\/a>"],"unlinked":["<span class=\"advgb-post-tax-term\">Not\u00edcias<\/span>"]},"tags":{"linked":["<a href=\"http:\/\/maismagazine.pt\/index.php\/category\/noticias\/\" class=\"advgb-post-tax-term\">Education Summit<\/a>","<a href=\"http:\/\/maismagazine.pt\/index.php\/category\/noticias\/\" class=\"advgb-post-tax-term\">Qualifica<\/a>"],"unlinked":["<span class=\"advgb-post-tax-term\">Education Summit<\/span>","<span class=\"advgb-post-tax-term\">Qualifica<\/span>"]}},"comment_count":"0","relative_dates":{"created":"Posted 2 meses ago","modified":"Updated 2 meses ago"},"absolute_dates":{"created":"Posted on 11 de Mar\u00e7o, 2026","modified":"Updated on 11 de Mar\u00e7o, 2026"},"absolute_dates_time":{"created":"Posted on 11 de Mar\u00e7o, 2026 16:55","modified":"Updated on 11 de Mar\u00e7o, 2026 16:55"},"featured_img_caption":"","series_order":"","_links":{"self":[{"href":"http:\/\/maismagazine.pt\/index.php\/wp-json\/wp\/v2\/posts\/13891","targetHints":{"allow":["GET"]}}],"collection":[{"href":"http:\/\/maismagazine.pt\/index.php\/wp-json\/wp\/v2\/posts"}],"about":[{"href":"http:\/\/maismagazine.pt\/index.php\/wp-json\/wp\/v2\/types\/post"}],"author":[{"embeddable":true,"href":"http:\/\/maismagazine.pt\/index.php\/wp-json\/wp\/v2\/users\/17"}],"replies":[{"embeddable":true,"href":"http:\/\/maismagazine.pt\/index.php\/wp-json\/wp\/v2\/comments?post=13891"}],"version-history":[{"count":2,"href":"http:\/\/maismagazine.pt\/index.php\/wp-json\/wp\/v2\/posts\/13891\/revisions"}],"predecessor-version":[{"id":13895,"href":"http:\/\/maismagazine.pt\/index.php\/wp-json\/wp\/v2\/posts\/13891\/revisions\/13895"}],"wp:featuredmedia":[{"embeddable":true,"href":"http:\/\/maismagazine.pt\/index.php\/wp-json\/wp\/v2\/media\/13893"}],"wp:attachment":[{"href":"http:\/\/maismagazine.pt\/index.php\/wp-json\/wp\/v2\/media?parent=13891"}],"wp:term":[{"taxonomy":"category","embeddable":true,"href":"http:\/\/maismagazine.pt\/index.php\/wp-json\/wp\/v2\/categories?post=13891"},{"taxonomy":"post_tag","embeddable":true,"href":"http:\/\/maismagazine.pt\/index.php\/wp-json\/wp\/v2\/tags?post=13891"}],"curies":[{"name":"wp","href":"https:\/\/api.w.org\/{rel}","templated":true}]}}