{"id":13873,"date":"2026-03-13T07:00:00","date_gmt":"2026-03-13T07:00:00","guid":{"rendered":"https:\/\/maismagazine.pt\/?p=13873"},"modified":"2026-03-11T15:34:00","modified_gmt":"2026-03-11T15:34:00","slug":"epdrr-um-espaco-onde-tradicao-e-inovacao-caminham-lado-a-lado","status":"publish","type":"post","link":"http:\/\/maismagazine.pt\/index.php\/2026\/03\/13\/epdrr-um-espaco-onde-tradicao-e-inovacao-caminham-lado-a-lado\/","title":{"rendered":"EPDRR: Um espa\u00e7o onde tradi\u00e7\u00e3o e inova\u00e7\u00e3o caminham lado a lado"},"content":{"rendered":"\n<p><strong>Susana Massa, Diretora da Escola Profissional de Desenvolvimento Rural do Rodo (<a href=\"http:\/\/www.eprodo.pt\">EPDRR<\/a>), sublinha o refor\u00e7o da oferta formativa na \u00e1rea agr\u00edcola e vitivin\u00edcola, destacando a forte liga\u00e7\u00e3o ao tecido empresarial do Douro, a aposta na empregabilidade e o contributo da escola para a qualifica\u00e7\u00e3o e fixa\u00e7\u00e3o de jovens na regi\u00e3o. <\/strong><\/p>\n\n\n\n<p><\/p>\n\n\n\n<p><strong>Como tem a EPDRR refor\u00e7ado a sua oferta formativa na \u00e1rea agr\u00edcola? <\/strong><\/p>\n\n\n\n<p>A Escola Profissional de Desenvolvimento Rural do Rodo (EPDRR) tem refor\u00e7ado a sua oferta formativa no ensino profissional. Nasceu com forte voca\u00e7\u00e3o agr\u00edcola, inicialmente com cursos como Gest\u00e3o Agr\u00edcola e Viticultura, dispondo de condi\u00e7\u00f5es privilegiadas, como 10 hectares de \u00e1rea agr\u00edcola na Quinta do Rodo, sendo 7 hectares de vinha, constituindo a sua explora\u00e7\u00e3o vit\u00edcola. Disp\u00f5e ainda de espa\u00e7os especializados adaptados \u00e0 componente t\u00e9cnica do curso t\u00e9cnico vitivin\u00edcola. Ao longo dos anos, tem vindo a alargar e atualizar a sua oferta, mantendo a agricultura e a viticultura como pilares da escola. Trata-se da \u00fanica escola profissional do pa\u00eds produtora de uma marca registada de vinho generoso denominada Quinta do Rodo, com dois tawnys de 10 e 20 anos, alargando a sua produ\u00e7\u00e3o aos vinhos Douro tinto e branco, com a marca registada Vinhas do Rodo.   <\/p>\n\n\n\n<p><\/p>\n\n\n\n<p><strong>De que forma a liga\u00e7\u00e3o ao Douro influencia os cursos e a forma\u00e7\u00e3o dos alunos? <\/strong><\/p>\n\n\n\n<p>A EPDRR tem refor\u00e7ado a sua oferta formativa a partir das necessidades do tecido empresarial local, sobretudo nos setores vitivin\u00edcola e do turismo. A escolha dos cursos tem como crit\u00e9rio a garantia de empregabilidade, com procura constante por parte das empresas para acolher alunos na forma\u00e7\u00e3o em contexto de trabalho. A escola mant\u00e9m coopera\u00e7\u00e3o com empresas, quintas e entidades regionais, estabelecendo protocolos que permitem forma\u00e7\u00e3o em contexto de trabalho e acesso direto dos alunos ao mercado. A oferta formativa centra-se nas necessidades de qualifica\u00e7\u00e3o da regi\u00e3o, tendo como palco central o setor vitivin\u00edcola e a sua liga\u00e7\u00e3o \u00e0s \u00e1reas da hotelaria, turismo, restaura\u00e7\u00e3o e bem-estar. <\/p>\n\n\n\n<p><\/p>\n\n\n\n<p><strong>Quais s\u00e3o os principais contributos da escola para a qualifica\u00e7\u00e3o profissional na regi\u00e3o? <\/strong><\/p>\n\n\n\n<p>A EPDRR tem um contributo significativo para a forma\u00e7\u00e3o de profissionais qualificados para a regi\u00e3o do Douro. A escola oferece uma componente t\u00e9cnica robusta, apoiada em infraestruturas reais, permitindo aos alunos desenvolver compet\u00eancias diretamente no terreno, preparando-os de forma s\u00f3lida para o mercado de trabalho. Outro contributo \u00e9 o alinhamento da oferta formativa com as necessidades do mercado e o estabelecimento de parcerias com institui\u00e7\u00f5es de ensino superior, como o Instituto Polit\u00e9cnico de Viseu e a Universidade de Tr\u00e1s-os-Montes e Alto Douro. Esta continuidade acad\u00e9mica refor\u00e7a a qualifica\u00e7\u00e3o dos jovens. Destaca-se ainda a liga\u00e7\u00e3o ao tecido empresarial da regi\u00e3o. A EPDRR trabalha com quintas, adegas e outras entidades, garantindo forma\u00e7\u00e3o em contexto real e profissionais com as compet\u00eancias necess\u00e1rias, respondendo \u00e0 escassez de m\u00e3o-de-obra qualificada. A escola contribui tamb\u00e9m para a reten\u00e7\u00e3o de talento na regi\u00e3o, ajudando a fixar popula\u00e7\u00e3o jovem num territ\u00f3rio marcado pela vinha, vinho e turismo.   <\/p>\n\n\n\n<p><\/p>\n\n\n\n<p><strong>Que projetos da escola se destacam pelo impacto no setor agr\u00edcola e na sustentabilidade? <\/strong><\/p>\n\n\n\n<p>A EPDRR tem desenvolvido v\u00e1rios projetos com impacto no setor agr\u00edcola, nomeadamente ao n\u00edvel da inova\u00e7\u00e3o e sustentabilidade. Um dos exemplos \u00e9 o trabalho no \u00e2mbito do programa Eco Escolas, no qual temos sido repetidamente galardoados. Este programa permitiu implementar iniciativas como a horta biol\u00f3gica e a produ\u00e7\u00e3o de composto agr\u00edcola usado na nossa explora\u00e7\u00e3o, alinhadas com as exig\u00eancias de sustentabilidade do setor. A escola realiza h\u00e1 quatro anos as Jornadas de Viticultura e Enologia, em colabora\u00e7\u00e3o com empresas da regi\u00e3o e com a Universidade de Tr\u00e1s-os-Montes e Alto Douro, reunindo t\u00e9cnicos e profissionais para debater temas atuais da \u00e1rea. Mantemos ainda coopera\u00e7\u00e3o cont\u00ednua com empresas agr\u00edcolas e vitivin\u00edcolas, permitindo desenvolver projetos de forma\u00e7\u00e3o em contexto real e experimentar novas abordagens t\u00e9cnicas, com impacto na moderniza\u00e7\u00e3o da agricultura local.    <\/p>\n\n\n\n<p><\/p>\n\n\n\n<p><strong>Que mensagem deixa a futuros alunos e \u00e0s entidades do setor? <\/strong><\/p>\n\n\n\n<p>A EPDRR \u00e9 um espa\u00e7o onde tradi\u00e7\u00e3o e inova\u00e7\u00e3o caminham lado a lado. Aqui, os jovens encontram uma forma\u00e7\u00e3o s\u00f3lida e pr\u00e1tica e um ambiente onde podem crescer e preparar-se para os desafios do futuro. Aos futuros alunos diria que este \u00e9 um lugar onde podem desenvolver compet\u00eancias reais, em contacto com o terreno, profissionais experientes e empresas da regi\u00e3o. A EPDRR oferece uma forma\u00e7\u00e3o exigente, enriquecedora, com elevada empregabilidade e oportunidades de continuidade de estudos. \u00c0s entidades, deixo o convite para continuarem a colaborar connosco. A escola procura ser um parceiro ativo na forma\u00e7\u00e3o de m\u00e3o-de-obra qualificada, adaptada \u00e0s necessidades do mercado e capaz de integrar novas tecnologias, pr\u00e1ticas sustent\u00e1veis e processos de moderniza\u00e7\u00e3o. O papel da EPDRR \u00e9 formar pessoas competentes, respons\u00e1veis e alinhadas com as exig\u00eancias de um setor em constante transforma\u00e7\u00e3o.   <\/p>\n\n\n\n<p><\/p>\n\n\n<div class=\"wp-block-image\">\n<figure class=\"aligncenter size-large is-resized\"><img loading=\"lazy\" decoding=\"async\" width=\"1024\" height=\"1024\" src=\"https:\/\/maismagazine.pt\/wp-content\/uploads\/2026\/03\/445751698_1179099696395948_4146139087909155945_n-1024x1024.jpg\" alt=\"\" class=\"wp-image-13877\" style=\"width:265px;height:auto\" srcset=\"http:\/\/maismagazine.pt\/wp-content\/uploads\/2026\/03\/445751698_1179099696395948_4146139087909155945_n-1024x1024.jpg 1024w, http:\/\/maismagazine.pt\/wp-content\/uploads\/2026\/03\/445751698_1179099696395948_4146139087909155945_n-300x300.jpg 300w, http:\/\/maismagazine.pt\/wp-content\/uploads\/2026\/03\/445751698_1179099696395948_4146139087909155945_n-150x150.jpg 150w, http:\/\/maismagazine.pt\/wp-content\/uploads\/2026\/03\/445751698_1179099696395948_4146139087909155945_n-768x768.jpg 768w, http:\/\/maismagazine.pt\/wp-content\/uploads\/2026\/03\/445751698_1179099696395948_4146139087909155945_n.jpg 1200w\" sizes=\"auto, (max-width: 1024px) 100vw, 1024px\" \/><\/figure><\/div>\n\n\n<p><\/p>\n","protected":false},"excerpt":{"rendered":"<p>Susana Massa, Diretora da Escola Profissional de Desenvolvimento Rural do Rodo (EPDRR), sublinha o refor\u00e7o da oferta formativa na \u00e1rea agr\u00edcola e vitivin\u00edcola, destacando a forte liga\u00e7\u00e3o ao tecido empresarial do Douro, a aposta na empregabilidade e o contributo da escola para a qualifica\u00e7\u00e3o e fixa\u00e7\u00e3o de jovens na regi\u00e3o.&hellip;<\/p>\n","protected":false},"author":17,"featured_media":13878,"comment_status":"closed","ping_status":"open","sticky":false,"template":"","format":"standard","meta":{"advgb_blocks_editor_width":"","advgb_blocks_columns_visual_guide":"","_monsterinsights_skip_tracking":false,"_monsterinsights_sitenote_active":false,"_monsterinsights_sitenote_note":"","_monsterinsights_sitenote_category":0,"footnotes":""},"categories":[149],"tags":[2600],"class_list":["post-13873","post","type-post","status-publish","format-standard","has-post-thumbnail","hentry","category-educacao","tag-epdrr"],"yoast_head":"<!-- This site is optimized with the Yoast SEO plugin v24.4 - https:\/\/yoast.com\/wordpress\/plugins\/seo\/ -->\n<title>EPDRR: Um espa\u00e7o onde tradi\u00e7\u00e3o e inova\u00e7\u00e3o caminham lado a lado - Mais Magazine<\/title>\n<meta name=\"description\" content=\"Susana Massa, Diretora da Escola Profissional de Desenvolvimento Rural do Rodo (EPDRR), sublinha o refor\u00e7o da oferta formativa na \u00e1rea agr\u00edcola e vitivin\u00edcola, destacando a forte liga\u00e7\u00e3o ao tecido empresarial do Douro, a aposta na empregabilidade e o contributo da escola para a qualifica\u00e7\u00e3o e fixa\u00e7\u00e3o de jovens na regi\u00e3o.\" \/>\n<meta name=\"robots\" content=\"index, follow, max-snippet:-1, max-image-preview:large, max-video-preview:-1\" \/>\n<link rel=\"canonical\" href=\"https:\/\/maismagazine.pt\/index.php\/2026\/03\/13\/epdrr-um-espaco-onde-tradicao-e-inovacao-caminham-lado-a-lado\/\" \/>\n<meta property=\"og:locale\" content=\"pt_PT\" \/>\n<meta property=\"og:type\" content=\"article\" \/>\n<meta property=\"og:title\" content=\"EPDRR: Um espa\u00e7o onde tradi\u00e7\u00e3o e inova\u00e7\u00e3o caminham lado a lado - Mais Magazine\" \/>\n<meta property=\"og:description\" content=\"Susana Massa, Diretora da Escola Profissional de Desenvolvimento Rural do Rodo (EPDRR), sublinha o refor\u00e7o da oferta formativa na \u00e1rea agr\u00edcola e vitivin\u00edcola, destacando a forte liga\u00e7\u00e3o ao tecido empresarial do Douro, a aposta na empregabilidade e o contributo da escola para a qualifica\u00e7\u00e3o e fixa\u00e7\u00e3o de jovens na regi\u00e3o.\" \/>\n<meta property=\"og:url\" content=\"https:\/\/maismagazine.pt\/index.php\/2026\/03\/13\/epdrr-um-espaco-onde-tradicao-e-inovacao-caminham-lado-a-lado\/\" \/>\n<meta property=\"og:site_name\" content=\"Mais Magazine\" \/>\n<meta property=\"article:published_time\" content=\"2026-03-13T07:00:00+00:00\" \/>\n<meta property=\"og:image\" content=\"https:\/\/maismagazine.pt\/wp-content\/uploads\/2026\/03\/7ac64a4e-f686-464d-93a2-0cf114d8ce8e.jpg\" \/>\n\t<meta property=\"og:image:width\" content=\"1920\" \/>\n\t<meta property=\"og:image:height\" content=\"1080\" \/>\n\t<meta property=\"og:image:type\" content=\"image\/jpeg\" \/>\n<meta name=\"author\" content=\"Tiago Costa\" \/>\n<meta name=\"twitter:card\" content=\"summary_large_image\" \/>\n<meta name=\"twitter:label1\" content=\"Escrito por\" \/>\n\t<meta name=\"twitter:data1\" content=\"\" \/>\n\t<meta name=\"twitter:label2\" content=\"Tempo estimado de leitura\" \/>\n\t<meta name=\"twitter:data2\" content=\"5 minutos\" \/>\n<script type=\"application\/ld+json\" class=\"yoast-schema-graph\">{\"@context\":\"https:\/\/schema.org\",\"@graph\":[{\"@type\":\"Article\",\"@id\":\"https:\/\/maismagazine.pt\/index.php\/2026\/03\/13\/epdrr-um-espaco-onde-tradicao-e-inovacao-caminham-lado-a-lado\/#article\",\"isPartOf\":{\"@id\":\"https:\/\/maismagazine.pt\/index.php\/2026\/03\/13\/epdrr-um-espaco-onde-tradicao-e-inovacao-caminham-lado-a-lado\/\"},\"author\":{\"name\":\"Tiago Costa\",\"@id\":\"https:\/\/maismagazine.pt\/#\/schema\/person\/c6c5bfccc886434cbd11c74e035f9646\"},\"headline\":\"EPDRR: Um espa\u00e7o onde tradi\u00e7\u00e3o e inova\u00e7\u00e3o caminham lado a lado\",\"datePublished\":\"2026-03-13T07:00:00+00:00\",\"mainEntityOfPage\":{\"@id\":\"https:\/\/maismagazine.pt\/index.php\/2026\/03\/13\/epdrr-um-espaco-onde-tradicao-e-inovacao-caminham-lado-a-lado\/\"},\"wordCount\":873,\"publisher\":{\"@id\":\"https:\/\/maismagazine.pt\/#organization\"},\"image\":{\"@id\":\"https:\/\/maismagazine.pt\/index.php\/2026\/03\/13\/epdrr-um-espaco-onde-tradicao-e-inovacao-caminham-lado-a-lado\/#primaryimage\"},\"thumbnailUrl\":\"http:\/\/maismagazine.pt\/wp-content\/uploads\/2026\/03\/7ac64a4e-f686-464d-93a2-0cf114d8ce8e.jpg\",\"keywords\":[\"EPDRR\"],\"articleSection\":[\"Educa\u00e7\u00e3o\"],\"inLanguage\":\"pt-PT\"},{\"@type\":\"WebPage\",\"@id\":\"https:\/\/maismagazine.pt\/index.php\/2026\/03\/13\/epdrr-um-espaco-onde-tradicao-e-inovacao-caminham-lado-a-lado\/\",\"url\":\"https:\/\/maismagazine.pt\/index.php\/2026\/03\/13\/epdrr-um-espaco-onde-tradicao-e-inovacao-caminham-lado-a-lado\/\",\"name\":\"EPDRR: Um espa\u00e7o onde tradi\u00e7\u00e3o e inova\u00e7\u00e3o caminham lado a lado - Mais Magazine\",\"isPartOf\":{\"@id\":\"https:\/\/maismagazine.pt\/#website\"},\"primaryImageOfPage\":{\"@id\":\"https:\/\/maismagazine.pt\/index.php\/2026\/03\/13\/epdrr-um-espaco-onde-tradicao-e-inovacao-caminham-lado-a-lado\/#primaryimage\"},\"image\":{\"@id\":\"https:\/\/maismagazine.pt\/index.php\/2026\/03\/13\/epdrr-um-espaco-onde-tradicao-e-inovacao-caminham-lado-a-lado\/#primaryimage\"},\"thumbnailUrl\":\"http:\/\/maismagazine.pt\/wp-content\/uploads\/2026\/03\/7ac64a4e-f686-464d-93a2-0cf114d8ce8e.jpg\",\"datePublished\":\"2026-03-13T07:00:00+00:00\",\"description\":\"Susana Massa, Diretora da Escola Profissional de Desenvolvimento Rural do Rodo (EPDRR), sublinha o refor\u00e7o da oferta formativa na \u00e1rea agr\u00edcola e vitivin\u00edcola, destacando a forte liga\u00e7\u00e3o ao tecido empresarial do Douro, a aposta na empregabilidade e o contributo da escola para a qualifica\u00e7\u00e3o e fixa\u00e7\u00e3o de jovens na regi\u00e3o.\",\"breadcrumb\":{\"@id\":\"https:\/\/maismagazine.pt\/index.php\/2026\/03\/13\/epdrr-um-espaco-onde-tradicao-e-inovacao-caminham-lado-a-lado\/#breadcrumb\"},\"inLanguage\":\"pt-PT\",\"potentialAction\":[{\"@type\":\"ReadAction\",\"target\":[\"https:\/\/maismagazine.pt\/index.php\/2026\/03\/13\/epdrr-um-espaco-onde-tradicao-e-inovacao-caminham-lado-a-lado\/\"]}]},{\"@type\":\"ImageObject\",\"inLanguage\":\"pt-PT\",\"@id\":\"https:\/\/maismagazine.pt\/index.php\/2026\/03\/13\/epdrr-um-espaco-onde-tradicao-e-inovacao-caminham-lado-a-lado\/#primaryimage\",\"url\":\"http:\/\/maismagazine.pt\/wp-content\/uploads\/2026\/03\/7ac64a4e-f686-464d-93a2-0cf114d8ce8e.jpg\",\"contentUrl\":\"http:\/\/maismagazine.pt\/wp-content\/uploads\/2026\/03\/7ac64a4e-f686-464d-93a2-0cf114d8ce8e.jpg\",\"width\":1920,\"height\":1080},{\"@type\":\"BreadcrumbList\",\"@id\":\"https:\/\/maismagazine.pt\/index.php\/2026\/03\/13\/epdrr-um-espaco-onde-tradicao-e-inovacao-caminham-lado-a-lado\/#breadcrumb\",\"itemListElement\":[{\"@type\":\"ListItem\",\"position\":1,\"name\":\"Home\",\"item\":\"https:\/\/maismagazine.pt\/\"},{\"@type\":\"ListItem\",\"position\":2,\"name\":\"EPDRR: Um espa\u00e7o onde tradi\u00e7\u00e3o e inova\u00e7\u00e3o caminham lado a lado\"}]},{\"@type\":\"WebSite\",\"@id\":\"https:\/\/maismagazine.pt\/#website\",\"url\":\"https:\/\/maismagazine.pt\/\",\"name\":\"Mais Magazine\",\"description\":\"\",\"publisher\":{\"@id\":\"https:\/\/maismagazine.pt\/#organization\"},\"potentialAction\":[{\"@type\":\"SearchAction\",\"target\":{\"@type\":\"EntryPoint\",\"urlTemplate\":\"https:\/\/maismagazine.pt\/?s={search_term_string}\"},\"query-input\":{\"@type\":\"PropertyValueSpecification\",\"valueRequired\":true,\"valueName\":\"search_term_string\"}}],\"inLanguage\":\"pt-PT\"},{\"@type\":\"Organization\",\"@id\":\"https:\/\/maismagazine.pt\/#organization\",\"name\":\"Mais Magazine\",\"url\":\"https:\/\/maismagazine.pt\/\",\"logo\":{\"@type\":\"ImageObject\",\"inLanguage\":\"pt-PT\",\"@id\":\"https:\/\/maismagazine.pt\/#\/schema\/logo\/image\/\",\"url\":\"http:\/\/maismagazine.pt\/wp-content\/uploads\/2020\/04\/cropped-cropped-mais-magazine-site-logo-2.png\",\"contentUrl\":\"http:\/\/maismagazine.pt\/wp-content\/uploads\/2020\/04\/cropped-cropped-mais-magazine-site-logo-2.png\",\"width\":581,\"height\":90,\"caption\":\"Mais Magazine\"},\"image\":{\"@id\":\"https:\/\/maismagazine.pt\/#\/schema\/logo\/image\/\"}},{\"@type\":\"Person\",\"@id\":\"https:\/\/maismagazine.pt\/#\/schema\/person\/c6c5bfccc886434cbd11c74e035f9646\",\"name\":\"Tiago Costa\",\"image\":{\"@type\":\"ImageObject\",\"inLanguage\":\"pt-PT\",\"@id\":\"https:\/\/maismagazine.pt\/#\/schema\/person\/image\/\",\"url\":\"https:\/\/secure.gravatar.com\/avatar\/c599b2bce16c9870429198cbad5ee022?s=96&d=mm&r=g\",\"contentUrl\":\"https:\/\/secure.gravatar.com\/avatar\/c599b2bce16c9870429198cbad5ee022?s=96&d=mm&r=g\",\"caption\":\"Tiago Costa\"},\"url\":\"http:\/\/maismagazine.pt\/index.php\/author\/tiago\/\"}]}<\/script>\n<!-- \/ Yoast SEO plugin. -->","yoast_head_json":{"title":"EPDRR: Um espa\u00e7o onde tradi\u00e7\u00e3o e inova\u00e7\u00e3o caminham lado a lado - Mais Magazine","description":"Susana Massa, Diretora da Escola Profissional de Desenvolvimento Rural do Rodo (EPDRR), sublinha o refor\u00e7o da oferta formativa na \u00e1rea agr\u00edcola e vitivin\u00edcola, destacando a forte liga\u00e7\u00e3o ao tecido empresarial do Douro, a aposta na empregabilidade e o contributo da escola para a qualifica\u00e7\u00e3o e fixa\u00e7\u00e3o de jovens na regi\u00e3o.","robots":{"index":"index","follow":"follow","max-snippet":"max-snippet:-1","max-image-preview":"max-image-preview:large","max-video-preview":"max-video-preview:-1"},"canonical":"https:\/\/maismagazine.pt\/index.php\/2026\/03\/13\/epdrr-um-espaco-onde-tradicao-e-inovacao-caminham-lado-a-lado\/","og_locale":"pt_PT","og_type":"article","og_title":"EPDRR: Um espa\u00e7o onde tradi\u00e7\u00e3o e inova\u00e7\u00e3o caminham lado a lado - Mais Magazine","og_description":"Susana Massa, Diretora da Escola Profissional de Desenvolvimento Rural do Rodo (EPDRR), sublinha o refor\u00e7o da oferta formativa na \u00e1rea agr\u00edcola e vitivin\u00edcola, destacando a forte liga\u00e7\u00e3o ao tecido empresarial do Douro, a aposta na empregabilidade e o contributo da escola para a qualifica\u00e7\u00e3o e fixa\u00e7\u00e3o de jovens na regi\u00e3o.","og_url":"https:\/\/maismagazine.pt\/index.php\/2026\/03\/13\/epdrr-um-espaco-onde-tradicao-e-inovacao-caminham-lado-a-lado\/","og_site_name":"Mais Magazine","article_published_time":"2026-03-13T07:00:00+00:00","og_image":[{"width":1920,"height":1080,"url":"https:\/\/maismagazine.pt\/wp-content\/uploads\/2026\/03\/7ac64a4e-f686-464d-93a2-0cf114d8ce8e.jpg","type":"image\/jpeg"}],"author":"Tiago Costa","twitter_card":"summary_large_image","twitter_misc":{"Escrito por":false,"Tempo estimado de leitura":"5 minutos"},"schema":{"@context":"https:\/\/schema.org","@graph":[{"@type":"Article","@id":"https:\/\/maismagazine.pt\/index.php\/2026\/03\/13\/epdrr-um-espaco-onde-tradicao-e-inovacao-caminham-lado-a-lado\/#article","isPartOf":{"@id":"https:\/\/maismagazine.pt\/index.php\/2026\/03\/13\/epdrr-um-espaco-onde-tradicao-e-inovacao-caminham-lado-a-lado\/"},"author":{"name":"Tiago Costa","@id":"https:\/\/maismagazine.pt\/#\/schema\/person\/c6c5bfccc886434cbd11c74e035f9646"},"headline":"EPDRR: Um espa\u00e7o onde tradi\u00e7\u00e3o e inova\u00e7\u00e3o caminham lado a lado","datePublished":"2026-03-13T07:00:00+00:00","mainEntityOfPage":{"@id":"https:\/\/maismagazine.pt\/index.php\/2026\/03\/13\/epdrr-um-espaco-onde-tradicao-e-inovacao-caminham-lado-a-lado\/"},"wordCount":873,"publisher":{"@id":"https:\/\/maismagazine.pt\/#organization"},"image":{"@id":"https:\/\/maismagazine.pt\/index.php\/2026\/03\/13\/epdrr-um-espaco-onde-tradicao-e-inovacao-caminham-lado-a-lado\/#primaryimage"},"thumbnailUrl":"http:\/\/maismagazine.pt\/wp-content\/uploads\/2026\/03\/7ac64a4e-f686-464d-93a2-0cf114d8ce8e.jpg","keywords":["EPDRR"],"articleSection":["Educa\u00e7\u00e3o"],"inLanguage":"pt-PT"},{"@type":"WebPage","@id":"https:\/\/maismagazine.pt\/index.php\/2026\/03\/13\/epdrr-um-espaco-onde-tradicao-e-inovacao-caminham-lado-a-lado\/","url":"https:\/\/maismagazine.pt\/index.php\/2026\/03\/13\/epdrr-um-espaco-onde-tradicao-e-inovacao-caminham-lado-a-lado\/","name":"EPDRR: Um espa\u00e7o onde tradi\u00e7\u00e3o e inova\u00e7\u00e3o caminham lado a lado - Mais Magazine","isPartOf":{"@id":"https:\/\/maismagazine.pt\/#website"},"primaryImageOfPage":{"@id":"https:\/\/maismagazine.pt\/index.php\/2026\/03\/13\/epdrr-um-espaco-onde-tradicao-e-inovacao-caminham-lado-a-lado\/#primaryimage"},"image":{"@id":"https:\/\/maismagazine.pt\/index.php\/2026\/03\/13\/epdrr-um-espaco-onde-tradicao-e-inovacao-caminham-lado-a-lado\/#primaryimage"},"thumbnailUrl":"http:\/\/maismagazine.pt\/wp-content\/uploads\/2026\/03\/7ac64a4e-f686-464d-93a2-0cf114d8ce8e.jpg","datePublished":"2026-03-13T07:00:00+00:00","description":"Susana Massa, Diretora da Escola Profissional de Desenvolvimento Rural do Rodo (EPDRR), sublinha o refor\u00e7o da oferta formativa na \u00e1rea agr\u00edcola e vitivin\u00edcola, destacando a forte liga\u00e7\u00e3o ao tecido empresarial do Douro, a aposta na empregabilidade e o contributo da escola para a qualifica\u00e7\u00e3o e fixa\u00e7\u00e3o de jovens na regi\u00e3o.","breadcrumb":{"@id":"https:\/\/maismagazine.pt\/index.php\/2026\/03\/13\/epdrr-um-espaco-onde-tradicao-e-inovacao-caminham-lado-a-lado\/#breadcrumb"},"inLanguage":"pt-PT","potentialAction":[{"@type":"ReadAction","target":["https:\/\/maismagazine.pt\/index.php\/2026\/03\/13\/epdrr-um-espaco-onde-tradicao-e-inovacao-caminham-lado-a-lado\/"]}]},{"@type":"ImageObject","inLanguage":"pt-PT","@id":"https:\/\/maismagazine.pt\/index.php\/2026\/03\/13\/epdrr-um-espaco-onde-tradicao-e-inovacao-caminham-lado-a-lado\/#primaryimage","url":"http:\/\/maismagazine.pt\/wp-content\/uploads\/2026\/03\/7ac64a4e-f686-464d-93a2-0cf114d8ce8e.jpg","contentUrl":"http:\/\/maismagazine.pt\/wp-content\/uploads\/2026\/03\/7ac64a4e-f686-464d-93a2-0cf114d8ce8e.jpg","width":1920,"height":1080},{"@type":"BreadcrumbList","@id":"https:\/\/maismagazine.pt\/index.php\/2026\/03\/13\/epdrr-um-espaco-onde-tradicao-e-inovacao-caminham-lado-a-lado\/#breadcrumb","itemListElement":[{"@type":"ListItem","position":1,"name":"Home","item":"https:\/\/maismagazine.pt\/"},{"@type":"ListItem","position":2,"name":"EPDRR: Um espa\u00e7o onde tradi\u00e7\u00e3o e inova\u00e7\u00e3o caminham lado a lado"}]},{"@type":"WebSite","@id":"https:\/\/maismagazine.pt\/#website","url":"https:\/\/maismagazine.pt\/","name":"Mais Magazine","description":"","publisher":{"@id":"https:\/\/maismagazine.pt\/#organization"},"potentialAction":[{"@type":"SearchAction","target":{"@type":"EntryPoint","urlTemplate":"https:\/\/maismagazine.pt\/?s={search_term_string}"},"query-input":{"@type":"PropertyValueSpecification","valueRequired":true,"valueName":"search_term_string"}}],"inLanguage":"pt-PT"},{"@type":"Organization","@id":"https:\/\/maismagazine.pt\/#organization","name":"Mais Magazine","url":"https:\/\/maismagazine.pt\/","logo":{"@type":"ImageObject","inLanguage":"pt-PT","@id":"https:\/\/maismagazine.pt\/#\/schema\/logo\/image\/","url":"http:\/\/maismagazine.pt\/wp-content\/uploads\/2020\/04\/cropped-cropped-mais-magazine-site-logo-2.png","contentUrl":"http:\/\/maismagazine.pt\/wp-content\/uploads\/2020\/04\/cropped-cropped-mais-magazine-site-logo-2.png","width":581,"height":90,"caption":"Mais Magazine"},"image":{"@id":"https:\/\/maismagazine.pt\/#\/schema\/logo\/image\/"}},{"@type":"Person","@id":"https:\/\/maismagazine.pt\/#\/schema\/person\/c6c5bfccc886434cbd11c74e035f9646","name":"Tiago Costa","image":{"@type":"ImageObject","inLanguage":"pt-PT","@id":"https:\/\/maismagazine.pt\/#\/schema\/person\/image\/","url":"https:\/\/secure.gravatar.com\/avatar\/c599b2bce16c9870429198cbad5ee022?s=96&d=mm&r=g","contentUrl":"https:\/\/secure.gravatar.com\/avatar\/c599b2bce16c9870429198cbad5ee022?s=96&d=mm&r=g","caption":"Tiago Costa"},"url":"http:\/\/maismagazine.pt\/index.php\/author\/tiago\/"}]}},"author_meta":{"display_name":false,"author_link":"http:\/\/maismagazine.pt\/index.php\/author\/tiago\/"},"featured_img":"http:\/\/maismagazine.pt\/wp-content\/uploads\/2026\/03\/7ac64a4e-f686-464d-93a2-0cf114d8ce8e-300x169.jpg","coauthors":[],"tax_additional":{"categories":{"linked":["<a href=\"http:\/\/maismagazine.pt\/index.php\/category\/educacao\/\" class=\"advgb-post-tax-term\">Educa\u00e7\u00e3o<\/a>"],"unlinked":["<span class=\"advgb-post-tax-term\">Educa\u00e7\u00e3o<\/span>"]},"tags":{"linked":["<a href=\"http:\/\/maismagazine.pt\/index.php\/category\/educacao\/\" class=\"advgb-post-tax-term\">EPDRR<\/a>"],"unlinked":["<span class=\"advgb-post-tax-term\">EPDRR<\/span>"]}},"comment_count":"0","relative_dates":{"created":"Posted 2 meses ago","modified":"Updated 2 meses ago"},"absolute_dates":{"created":"Posted on 13 de Mar\u00e7o, 2026","modified":"Updated on 11 de Mar\u00e7o, 2026"},"absolute_dates_time":{"created":"Posted on 13 de Mar\u00e7o, 2026 7:00","modified":"Updated on 11 de Mar\u00e7o, 2026 15:34"},"featured_img_caption":"","series_order":"","_links":{"self":[{"href":"http:\/\/maismagazine.pt\/index.php\/wp-json\/wp\/v2\/posts\/13873","targetHints":{"allow":["GET"]}}],"collection":[{"href":"http:\/\/maismagazine.pt\/index.php\/wp-json\/wp\/v2\/posts"}],"about":[{"href":"http:\/\/maismagazine.pt\/index.php\/wp-json\/wp\/v2\/types\/post"}],"author":[{"embeddable":true,"href":"http:\/\/maismagazine.pt\/index.php\/wp-json\/wp\/v2\/users\/17"}],"replies":[{"embeddable":true,"href":"http:\/\/maismagazine.pt\/index.php\/wp-json\/wp\/v2\/comments?post=13873"}],"version-history":[{"count":1,"href":"http:\/\/maismagazine.pt\/index.php\/wp-json\/wp\/v2\/posts\/13873\/revisions"}],"predecessor-version":[{"id":13879,"href":"http:\/\/maismagazine.pt\/index.php\/wp-json\/wp\/v2\/posts\/13873\/revisions\/13879"}],"wp:featuredmedia":[{"embeddable":true,"href":"http:\/\/maismagazine.pt\/index.php\/wp-json\/wp\/v2\/media\/13878"}],"wp:attachment":[{"href":"http:\/\/maismagazine.pt\/index.php\/wp-json\/wp\/v2\/media?parent=13873"}],"wp:term":[{"taxonomy":"category","embeddable":true,"href":"http:\/\/maismagazine.pt\/index.php\/wp-json\/wp\/v2\/categories?post=13873"},{"taxonomy":"post_tag","embeddable":true,"href":"http:\/\/maismagazine.pt\/index.php\/wp-json\/wp\/v2\/tags?post=13873"}],"curies":[{"name":"wp","href":"https:\/\/api.w.org\/{rel}","templated":true}]}}