{"id":13847,"date":"2026-03-13T07:00:00","date_gmt":"2026-03-13T07:00:00","guid":{"rendered":"https:\/\/maismagazine.pt\/?p=13847"},"modified":"2026-03-11T15:24:41","modified_gmt":"2026-03-11T15:24:41","slug":"78-anos-a-formar-para-os-desafios-do-futuro","status":"publish","type":"post","link":"http:\/\/maismagazine.pt\/index.php\/2026\/03\/13\/78-anos-a-formar-para-os-desafios-do-futuro\/","title":{"rendered":"78 anos a formar para os desafios do futuro"},"content":{"rendered":"\n<p><strong>No ano de 1948, conforme vontade expressa do Dr. J\u00falio de Campos Melo e Matos, foi doado ao estado portugu\u00eas a <a href=\"http:\/\/www.quintadalageosa.pt\">Quinta da Lageosa<\/a> sob duas condi\u00e7\u00f5es: a primeira, que nas propriedades doadas, ser instalado um estabelecimento de ensino pr\u00e1tico de agricultura, e a segunda, que o estabelecimento chamar-se-\u00e1 Escola \u2013 Quinta da Lageosa. <\/strong><\/p>\n\n\n\n<p><\/p>\n\n\n\n<p>Se h\u00e1 78 anos o objetivo foi formar t\u00e9cnicos capazes de acabar com o flagelo da fome e da mis\u00e9ria ap\u00f3s a Segunda Guerra Mundial, no presente, al\u00e9m de se manter esse des\u00edgnio porquanto a agricultura continua a ser a base civilizacional da nossa sociedade, outras responsabilidades se colocam a esta atividade, nomeadamente no que concerne \u00e0s altera\u00e7\u00f5es clim\u00e1ticas e \u00e0 cria\u00e7\u00e3o de paisagens. Sobre as altera\u00e7\u00f5es clim\u00e1ticas h\u00e1 pouco a acrescentar: elas est\u00e3o a\u00ed, vieram para ficar e t\u00eam tend\u00eancia para se agravar. Tal como n\u00f3s n\u00e3o estamos devidamente preparados para o novo clima, tamb\u00e9m as plantas que nos sustentam n\u00e3o est\u00e3o em sintonia com ele. Necessitam de tempo para se adaptar, para crescer sob as novas condi\u00e7\u00f5es; contudo, at\u00e9 l\u00e1, \u00e9 previs\u00edvel uma perda nos \u00edndices de produtividade agr\u00edcola, com severas consequ\u00eancias sociais, sobretudo junto dos mais pobres. Acresce a esta situa\u00e7\u00e3o o impacto dos modos de agricultura intensiva e superintensiva, cujo impacto nos agrossistemas tem tamb\u00e9m contribu\u00eddo para a sua degrada\u00e7\u00e3o e, consequentemente, perda de produtividade. <\/p>\n\n\n<div class=\"wp-block-image\">\n<figure class=\"aligncenter size-large is-resized\"><img loading=\"lazy\" decoding=\"async\" width=\"768\" height=\"1024\" src=\"https:\/\/maismagazine.pt\/wp-content\/uploads\/2026\/03\/633772821_1409596833997599_2408208043463869227_n-1-768x1024.jpg\" alt=\"\" class=\"wp-image-13850\" style=\"width:266px;height:auto\" srcset=\"http:\/\/maismagazine.pt\/wp-content\/uploads\/2026\/03\/633772821_1409596833997599_2408208043463869227_n-1-768x1024.jpg 768w, http:\/\/maismagazine.pt\/wp-content\/uploads\/2026\/03\/633772821_1409596833997599_2408208043463869227_n-1-225x300.jpg 225w, http:\/\/maismagazine.pt\/wp-content\/uploads\/2026\/03\/633772821_1409596833997599_2408208043463869227_n-1-1152x1536.jpg 1152w, http:\/\/maismagazine.pt\/wp-content\/uploads\/2026\/03\/633772821_1409596833997599_2408208043463869227_n-1.jpg 1536w\" sizes=\"auto, (max-width: 768px) 100vw, 768px\" \/><\/figure><\/div>\n\n\n<p>Outro problema que afeta anualmente, sobretudo o interior do pa\u00eds, \u00e9 a destrui\u00e7\u00e3o sucessiva dos seus ecossistemas naturais e florestais por a\u00e7\u00e3o do fogo, cuja resposta at\u00e9 agora implementada incide no combate, o que n\u00e3o tem trazido grandes sucessos conforme de evid\u00eancia na regress\u00e3o ecol\u00f3gica dos ecossistemas. Ora, uma paisagem desenhada em fun\u00e7\u00e3o das suas caracter\u00edsticas edafoclim\u00e1ticas, criando mosaicos paisag\u00edsticos que n\u00e3o facilitem a propaga\u00e7\u00e3o do fogo, n\u00e3o s\u00f3 responde mais eficientemente a este problema como valoriza um territ\u00f3rio cada vez mais despovoado, abrindo novas oportunidades econ\u00f3micas \u00e0 volta dos seus recursos. <\/p>\n\n\n\n<p><\/p>\n\n\n\n<p>\u00c9 nestes dom\u00ednios que se orienta a forma\u00e7\u00e3o profissional dos nossos alunos, conforme os cursos profissionais que oferecemos: T\u00e9cnico de Produ\u00e7\u00e3o Agropecu\u00e1ria, T\u00e9cnico de Gest\u00e3o Equina e CEF de Sapador Florestal. Mas a forma\u00e7\u00e3o ministradana EPAQL n\u00e3o fica limitada \u00e0 pr\u00f3pria; tamb\u00e9m se desenvolve e aprende com os diversos projetos que abra\u00e7a, nomeadamente a participa\u00e7\u00e3o em projetos ERASMUS+, onde os nossos alunos participam ativamente e cujos temas se centram na sustentabilidade ambiental, preserva\u00e7\u00e3o da biodiversidade e gest\u00e3o florestal e agricultura regenerativa, at\u00e9 ao projeto APICOVER, criado e desenvolvido pelos nossos alunos e professores, como resposta aos inc\u00eandios do \u00faltimo ver\u00e3o, onde se perderam centenas de milhares de colmeias nesta zona geogr\u00e1fica do pa\u00eds. No dom\u00ednio da inclus\u00e3o, a a\u00e7\u00e3o da EPAQL tamb\u00e9m ultrapassa as suas fronteiras participando na inclus\u00e3o de alunos e utentes de outras escolas e institui\u00e7\u00f5es da regi\u00e3o atrav\u00e9s da realiza\u00e7\u00e3o de atividades di\u00e1rias de Equita\u00e7\u00e3o terap\u00eautica. <\/p>\n\n\n\n<p><\/p>\n\n\n\n<figure class=\"wp-block-gallery has-nested-images columns-default is-cropped wp-block-gallery-1 is-layout-flex wp-block-gallery-is-layout-flex\">\n<figure class=\"wp-block-image size-large\"><img loading=\"lazy\" decoding=\"async\" width=\"1024\" height=\"576\" data-id=\"13851\" src=\"https:\/\/maismagazine.pt\/wp-content\/uploads\/2026\/03\/585871285_1346890536934896_3056820183730421004_n-2-1-1024x576.jpg\" alt=\"\" class=\"wp-image-13851\" srcset=\"http:\/\/maismagazine.pt\/wp-content\/uploads\/2026\/03\/585871285_1346890536934896_3056820183730421004_n-2-1-1024x576.jpg 1024w, http:\/\/maismagazine.pt\/wp-content\/uploads\/2026\/03\/585871285_1346890536934896_3056820183730421004_n-2-1-300x169.jpg 300w, http:\/\/maismagazine.pt\/wp-content\/uploads\/2026\/03\/585871285_1346890536934896_3056820183730421004_n-2-1-768x432.jpg 768w, http:\/\/maismagazine.pt\/wp-content\/uploads\/2026\/03\/585871285_1346890536934896_3056820183730421004_n-2-1-1536x864.jpg 1536w, http:\/\/maismagazine.pt\/wp-content\/uploads\/2026\/03\/585871285_1346890536934896_3056820183730421004_n-2-1.jpg 2048w\" sizes=\"auto, (max-width: 1024px) 100vw, 1024px\" \/><\/figure>\n\n\n\n<figure class=\"wp-block-image size-large\"><img loading=\"lazy\" decoding=\"async\" width=\"1024\" height=\"768\" data-id=\"13852\" src=\"https:\/\/maismagazine.pt\/wp-content\/uploads\/2026\/03\/WhatsApp-Image-2026-02-26-at-12.49.53-1024x768.jpeg\" alt=\"\" class=\"wp-image-13852\" srcset=\"http:\/\/maismagazine.pt\/wp-content\/uploads\/2026\/03\/WhatsApp-Image-2026-02-26-at-12.49.53-1024x768.jpeg 1024w, http:\/\/maismagazine.pt\/wp-content\/uploads\/2026\/03\/WhatsApp-Image-2026-02-26-at-12.49.53-300x225.jpeg 300w, http:\/\/maismagazine.pt\/wp-content\/uploads\/2026\/03\/WhatsApp-Image-2026-02-26-at-12.49.53-768x576.jpeg 768w, http:\/\/maismagazine.pt\/wp-content\/uploads\/2026\/03\/WhatsApp-Image-2026-02-26-at-12.49.53-1536x1152.jpeg 1536w, http:\/\/maismagazine.pt\/wp-content\/uploads\/2026\/03\/WhatsApp-Image-2026-02-26-at-12.49.53.jpeg 2048w\" sizes=\"auto, (max-width: 1024px) 100vw, 1024px\" \/><\/figure>\n<\/figure>\n\n\n\n<p><\/p>\n\n\n\n<p>Como afirmou Josep Esquirol, \u201cH\u00e1 casa porque h\u00e1 intemp\u00e9rie. E a intemp\u00e9rie pede amparo. H\u00e1 escola porque h\u00e1 mundo. E o mundo pede aten\u00e7\u00e3o.\u201d <\/p>\n\n\n\n<p><\/p>\n\n\n\n<p>A EPAQL \u00e9 uma daquelas raras escolas que d\u00e1 amparo e aten\u00e7\u00e3o, para que cada aluno possa fazer caminho, amadurecer e frutificar. <\/p>\n\n\n\n<p><\/p>\n\n\n<div class=\"wp-block-image\">\n<figure class=\"aligncenter size-large is-resized\"><img loading=\"lazy\" decoding=\"async\" width=\"1024\" height=\"1024\" src=\"https:\/\/maismagazine.pt\/wp-content\/uploads\/2026\/03\/352363775_703692965100973_7710601520225341264_n-1024x1024.jpg\" alt=\"\" class=\"wp-image-13855\" style=\"width:309px;height:auto\" srcset=\"http:\/\/maismagazine.pt\/wp-content\/uploads\/2026\/03\/352363775_703692965100973_7710601520225341264_n-1024x1024.jpg 1024w, http:\/\/maismagazine.pt\/wp-content\/uploads\/2026\/03\/352363775_703692965100973_7710601520225341264_n-300x300.jpg 300w, http:\/\/maismagazine.pt\/wp-content\/uploads\/2026\/03\/352363775_703692965100973_7710601520225341264_n-150x150.jpg 150w, http:\/\/maismagazine.pt\/wp-content\/uploads\/2026\/03\/352363775_703692965100973_7710601520225341264_n-768x768.jpg 768w, http:\/\/maismagazine.pt\/wp-content\/uploads\/2026\/03\/352363775_703692965100973_7710601520225341264_n-1536x1536.jpg 1536w, http:\/\/maismagazine.pt\/wp-content\/uploads\/2026\/03\/352363775_703692965100973_7710601520225341264_n.jpg 2048w\" sizes=\"auto, (max-width: 1024px) 100vw, 1024px\" \/><\/figure><\/div>\n\n<div class=\"wp-block-image\">\n<figure class=\"aligncenter size-full is-resized\"><img loading=\"lazy\" decoding=\"async\" width=\"603\" height=\"68\" src=\"https:\/\/maismagazine.pt\/wp-content\/uploads\/2026\/03\/rodape.png\" alt=\"\" class=\"wp-image-13858\" style=\"width:497px;height:auto\" srcset=\"http:\/\/maismagazine.pt\/wp-content\/uploads\/2026\/03\/rodape.png 603w, http:\/\/maismagazine.pt\/wp-content\/uploads\/2026\/03\/rodape-300x34.png 300w\" sizes=\"auto, (max-width: 603px) 100vw, 603px\" \/><\/figure><\/div>","protected":false},"excerpt":{"rendered":"<p>No ano de 1948, conforme vontade expressa do Dr. J\u00falio de Campos Melo e Matos, foi doado ao estado portugu\u00eas a Quinta da Lageosa sob duas condi\u00e7\u00f5es: a primeira, que nas propriedades doadas, ser instalado um estabelecimento de ensino pr\u00e1tico de agricultura, e a segunda, que o estabelecimento chamar-se-\u00e1 Escola&hellip;<\/p>\n","protected":false},"author":17,"featured_media":13860,"comment_status":"closed","ping_status":"open","sticky":false,"template":"","format":"standard","meta":{"advgb_blocks_editor_width":"","advgb_blocks_columns_visual_guide":"","_monsterinsights_skip_tracking":false,"_monsterinsights_sitenote_active":false,"_monsterinsights_sitenote_note":"","_monsterinsights_sitenote_category":0,"footnotes":""},"categories":[149],"tags":[2089],"class_list":["post-13847","post","type-post","status-publish","format-standard","has-post-thumbnail","hentry","category-educacao","tag-quinta-da-lageosa"],"yoast_head":"<!-- This site is optimized with the Yoast SEO plugin v24.4 - https:\/\/yoast.com\/wordpress\/plugins\/seo\/ -->\n<title>78 anos a formar para os desafios do futuro - Mais Magazine<\/title>\n<meta name=\"description\" content=\"No ano de 1948, conforme vontade expressa do Dr. J\u00falio de Campos Melo e Matos, foi doado ao estado portugu\u00eas a Quinta da Lageosa sob duas condi\u00e7\u00f5es: a primeira, que nas propriedades doadas, ser instalado um estabelecimento de ensino pr\u00e1tico de agricultura, e a segunda, que o estabelecimento chamar-se-\u00e1 Escola \u2013 Quinta da Lageosa.\" \/>\n<meta name=\"robots\" content=\"index, follow, max-snippet:-1, max-image-preview:large, max-video-preview:-1\" \/>\n<link rel=\"canonical\" href=\"https:\/\/maismagazine.pt\/index.php\/2026\/03\/13\/78-anos-a-formar-para-os-desafios-do-futuro\/\" \/>\n<meta property=\"og:locale\" content=\"pt_PT\" \/>\n<meta property=\"og:type\" content=\"article\" \/>\n<meta property=\"og:title\" content=\"78 anos a formar para os desafios do futuro - Mais Magazine\" \/>\n<meta property=\"og:description\" content=\"No ano de 1948, conforme vontade expressa do Dr. J\u00falio de Campos Melo e Matos, foi doado ao estado portugu\u00eas a Quinta da Lageosa sob duas condi\u00e7\u00f5es: a primeira, que nas propriedades doadas, ser instalado um estabelecimento de ensino pr\u00e1tico de agricultura, e a segunda, que o estabelecimento chamar-se-\u00e1 Escola \u2013 Quinta da Lageosa.\" \/>\n<meta property=\"og:url\" content=\"https:\/\/maismagazine.pt\/index.php\/2026\/03\/13\/78-anos-a-formar-para-os-desafios-do-futuro\/\" \/>\n<meta property=\"og:site_name\" content=\"Mais Magazine\" \/>\n<meta property=\"article:published_time\" content=\"2026-03-13T07:00:00+00:00\" \/>\n<meta property=\"og:image\" content=\"https:\/\/maismagazine.pt\/wp-content\/uploads\/2026\/03\/20230126_123117-1.jpg\" \/>\n\t<meta property=\"og:image:width\" content=\"840\" \/>\n\t<meta property=\"og:image:height\" content=\"378\" \/>\n\t<meta property=\"og:image:type\" content=\"image\/jpeg\" \/>\n<meta name=\"author\" content=\"Tiago Costa\" \/>\n<meta name=\"twitter:card\" content=\"summary_large_image\" \/>\n<meta name=\"twitter:label1\" content=\"Escrito por\" \/>\n\t<meta name=\"twitter:data1\" content=\"\" \/>\n\t<meta name=\"twitter:label2\" content=\"Tempo estimado de leitura\" \/>\n\t<meta name=\"twitter:data2\" content=\"5 minutos\" \/>\n<script type=\"application\/ld+json\" class=\"yoast-schema-graph\">{\"@context\":\"https:\/\/schema.org\",\"@graph\":[{\"@type\":\"Article\",\"@id\":\"https:\/\/maismagazine.pt\/index.php\/2026\/03\/13\/78-anos-a-formar-para-os-desafios-do-futuro\/#article\",\"isPartOf\":{\"@id\":\"https:\/\/maismagazine.pt\/index.php\/2026\/03\/13\/78-anos-a-formar-para-os-desafios-do-futuro\/\"},\"author\":{\"name\":\"Tiago Costa\",\"@id\":\"https:\/\/maismagazine.pt\/#\/schema\/person\/c6c5bfccc886434cbd11c74e035f9646\"},\"headline\":\"78 anos a formar para os desafios do futuro\",\"datePublished\":\"2026-03-13T07:00:00+00:00\",\"mainEntityOfPage\":{\"@id\":\"https:\/\/maismagazine.pt\/index.php\/2026\/03\/13\/78-anos-a-formar-para-os-desafios-do-futuro\/\"},\"wordCount\":589,\"publisher\":{\"@id\":\"https:\/\/maismagazine.pt\/#organization\"},\"image\":{\"@id\":\"https:\/\/maismagazine.pt\/index.php\/2026\/03\/13\/78-anos-a-formar-para-os-desafios-do-futuro\/#primaryimage\"},\"thumbnailUrl\":\"http:\/\/maismagazine.pt\/wp-content\/uploads\/2026\/03\/20230126_123117-1.jpg\",\"keywords\":[\"Quinta da Lageosa\"],\"articleSection\":[\"Educa\u00e7\u00e3o\"],\"inLanguage\":\"pt-PT\"},{\"@type\":\"WebPage\",\"@id\":\"https:\/\/maismagazine.pt\/index.php\/2026\/03\/13\/78-anos-a-formar-para-os-desafios-do-futuro\/\",\"url\":\"https:\/\/maismagazine.pt\/index.php\/2026\/03\/13\/78-anos-a-formar-para-os-desafios-do-futuro\/\",\"name\":\"78 anos a formar para os desafios do futuro - Mais Magazine\",\"isPartOf\":{\"@id\":\"https:\/\/maismagazine.pt\/#website\"},\"primaryImageOfPage\":{\"@id\":\"https:\/\/maismagazine.pt\/index.php\/2026\/03\/13\/78-anos-a-formar-para-os-desafios-do-futuro\/#primaryimage\"},\"image\":{\"@id\":\"https:\/\/maismagazine.pt\/index.php\/2026\/03\/13\/78-anos-a-formar-para-os-desafios-do-futuro\/#primaryimage\"},\"thumbnailUrl\":\"http:\/\/maismagazine.pt\/wp-content\/uploads\/2026\/03\/20230126_123117-1.jpg\",\"datePublished\":\"2026-03-13T07:00:00+00:00\",\"description\":\"No ano de 1948, conforme vontade expressa do Dr. J\u00falio de Campos Melo e Matos, foi doado ao estado portugu\u00eas a Quinta da Lageosa sob duas condi\u00e7\u00f5es: a primeira, que nas propriedades doadas, ser instalado um estabelecimento de ensino pr\u00e1tico de agricultura, e a segunda, que o estabelecimento chamar-se-\u00e1 Escola \u2013 Quinta da Lageosa.\",\"breadcrumb\":{\"@id\":\"https:\/\/maismagazine.pt\/index.php\/2026\/03\/13\/78-anos-a-formar-para-os-desafios-do-futuro\/#breadcrumb\"},\"inLanguage\":\"pt-PT\",\"potentialAction\":[{\"@type\":\"ReadAction\",\"target\":[\"https:\/\/maismagazine.pt\/index.php\/2026\/03\/13\/78-anos-a-formar-para-os-desafios-do-futuro\/\"]}]},{\"@type\":\"ImageObject\",\"inLanguage\":\"pt-PT\",\"@id\":\"https:\/\/maismagazine.pt\/index.php\/2026\/03\/13\/78-anos-a-formar-para-os-desafios-do-futuro\/#primaryimage\",\"url\":\"http:\/\/maismagazine.pt\/wp-content\/uploads\/2026\/03\/20230126_123117-1.jpg\",\"contentUrl\":\"http:\/\/maismagazine.pt\/wp-content\/uploads\/2026\/03\/20230126_123117-1.jpg\",\"width\":840,\"height\":378},{\"@type\":\"BreadcrumbList\",\"@id\":\"https:\/\/maismagazine.pt\/index.php\/2026\/03\/13\/78-anos-a-formar-para-os-desafios-do-futuro\/#breadcrumb\",\"itemListElement\":[{\"@type\":\"ListItem\",\"position\":1,\"name\":\"Home\",\"item\":\"https:\/\/maismagazine.pt\/\"},{\"@type\":\"ListItem\",\"position\":2,\"name\":\"78 anos a formar para os desafios do futuro\"}]},{\"@type\":\"WebSite\",\"@id\":\"https:\/\/maismagazine.pt\/#website\",\"url\":\"https:\/\/maismagazine.pt\/\",\"name\":\"Mais Magazine\",\"description\":\"\",\"publisher\":{\"@id\":\"https:\/\/maismagazine.pt\/#organization\"},\"potentialAction\":[{\"@type\":\"SearchAction\",\"target\":{\"@type\":\"EntryPoint\",\"urlTemplate\":\"https:\/\/maismagazine.pt\/?s={search_term_string}\"},\"query-input\":{\"@type\":\"PropertyValueSpecification\",\"valueRequired\":true,\"valueName\":\"search_term_string\"}}],\"inLanguage\":\"pt-PT\"},{\"@type\":\"Organization\",\"@id\":\"https:\/\/maismagazine.pt\/#organization\",\"name\":\"Mais Magazine\",\"url\":\"https:\/\/maismagazine.pt\/\",\"logo\":{\"@type\":\"ImageObject\",\"inLanguage\":\"pt-PT\",\"@id\":\"https:\/\/maismagazine.pt\/#\/schema\/logo\/image\/\",\"url\":\"http:\/\/maismagazine.pt\/wp-content\/uploads\/2020\/04\/cropped-cropped-mais-magazine-site-logo-2.png\",\"contentUrl\":\"http:\/\/maismagazine.pt\/wp-content\/uploads\/2020\/04\/cropped-cropped-mais-magazine-site-logo-2.png\",\"width\":581,\"height\":90,\"caption\":\"Mais Magazine\"},\"image\":{\"@id\":\"https:\/\/maismagazine.pt\/#\/schema\/logo\/image\/\"}},{\"@type\":\"Person\",\"@id\":\"https:\/\/maismagazine.pt\/#\/schema\/person\/c6c5bfccc886434cbd11c74e035f9646\",\"name\":\"Tiago Costa\",\"image\":{\"@type\":\"ImageObject\",\"inLanguage\":\"pt-PT\",\"@id\":\"https:\/\/maismagazine.pt\/#\/schema\/person\/image\/\",\"url\":\"https:\/\/secure.gravatar.com\/avatar\/c599b2bce16c9870429198cbad5ee022?s=96&d=mm&r=g\",\"contentUrl\":\"https:\/\/secure.gravatar.com\/avatar\/c599b2bce16c9870429198cbad5ee022?s=96&d=mm&r=g\",\"caption\":\"Tiago Costa\"},\"url\":\"http:\/\/maismagazine.pt\/index.php\/author\/tiago\/\"}]}<\/script>\n<!-- \/ Yoast SEO plugin. -->","yoast_head_json":{"title":"78 anos a formar para os desafios do futuro - Mais Magazine","description":"No ano de 1948, conforme vontade expressa do Dr. J\u00falio de Campos Melo e Matos, foi doado ao estado portugu\u00eas a Quinta da Lageosa sob duas condi\u00e7\u00f5es: a primeira, que nas propriedades doadas, ser instalado um estabelecimento de ensino pr\u00e1tico de agricultura, e a segunda, que o estabelecimento chamar-se-\u00e1 Escola \u2013 Quinta da Lageosa.","robots":{"index":"index","follow":"follow","max-snippet":"max-snippet:-1","max-image-preview":"max-image-preview:large","max-video-preview":"max-video-preview:-1"},"canonical":"https:\/\/maismagazine.pt\/index.php\/2026\/03\/13\/78-anos-a-formar-para-os-desafios-do-futuro\/","og_locale":"pt_PT","og_type":"article","og_title":"78 anos a formar para os desafios do futuro - Mais Magazine","og_description":"No ano de 1948, conforme vontade expressa do Dr. J\u00falio de Campos Melo e Matos, foi doado ao estado portugu\u00eas a Quinta da Lageosa sob duas condi\u00e7\u00f5es: a primeira, que nas propriedades doadas, ser instalado um estabelecimento de ensino pr\u00e1tico de agricultura, e a segunda, que o estabelecimento chamar-se-\u00e1 Escola \u2013 Quinta da Lageosa.","og_url":"https:\/\/maismagazine.pt\/index.php\/2026\/03\/13\/78-anos-a-formar-para-os-desafios-do-futuro\/","og_site_name":"Mais Magazine","article_published_time":"2026-03-13T07:00:00+00:00","og_image":[{"width":840,"height":378,"url":"https:\/\/maismagazine.pt\/wp-content\/uploads\/2026\/03\/20230126_123117-1.jpg","type":"image\/jpeg"}],"author":"Tiago Costa","twitter_card":"summary_large_image","twitter_misc":{"Escrito por":false,"Tempo estimado de leitura":"5 minutos"},"schema":{"@context":"https:\/\/schema.org","@graph":[{"@type":"Article","@id":"https:\/\/maismagazine.pt\/index.php\/2026\/03\/13\/78-anos-a-formar-para-os-desafios-do-futuro\/#article","isPartOf":{"@id":"https:\/\/maismagazine.pt\/index.php\/2026\/03\/13\/78-anos-a-formar-para-os-desafios-do-futuro\/"},"author":{"name":"Tiago Costa","@id":"https:\/\/maismagazine.pt\/#\/schema\/person\/c6c5bfccc886434cbd11c74e035f9646"},"headline":"78 anos a formar para os desafios do futuro","datePublished":"2026-03-13T07:00:00+00:00","mainEntityOfPage":{"@id":"https:\/\/maismagazine.pt\/index.php\/2026\/03\/13\/78-anos-a-formar-para-os-desafios-do-futuro\/"},"wordCount":589,"publisher":{"@id":"https:\/\/maismagazine.pt\/#organization"},"image":{"@id":"https:\/\/maismagazine.pt\/index.php\/2026\/03\/13\/78-anos-a-formar-para-os-desafios-do-futuro\/#primaryimage"},"thumbnailUrl":"http:\/\/maismagazine.pt\/wp-content\/uploads\/2026\/03\/20230126_123117-1.jpg","keywords":["Quinta da Lageosa"],"articleSection":["Educa\u00e7\u00e3o"],"inLanguage":"pt-PT"},{"@type":"WebPage","@id":"https:\/\/maismagazine.pt\/index.php\/2026\/03\/13\/78-anos-a-formar-para-os-desafios-do-futuro\/","url":"https:\/\/maismagazine.pt\/index.php\/2026\/03\/13\/78-anos-a-formar-para-os-desafios-do-futuro\/","name":"78 anos a formar para os desafios do futuro - Mais Magazine","isPartOf":{"@id":"https:\/\/maismagazine.pt\/#website"},"primaryImageOfPage":{"@id":"https:\/\/maismagazine.pt\/index.php\/2026\/03\/13\/78-anos-a-formar-para-os-desafios-do-futuro\/#primaryimage"},"image":{"@id":"https:\/\/maismagazine.pt\/index.php\/2026\/03\/13\/78-anos-a-formar-para-os-desafios-do-futuro\/#primaryimage"},"thumbnailUrl":"http:\/\/maismagazine.pt\/wp-content\/uploads\/2026\/03\/20230126_123117-1.jpg","datePublished":"2026-03-13T07:00:00+00:00","description":"No ano de 1948, conforme vontade expressa do Dr. J\u00falio de Campos Melo e Matos, foi doado ao estado portugu\u00eas a Quinta da Lageosa sob duas condi\u00e7\u00f5es: a primeira, que nas propriedades doadas, ser instalado um estabelecimento de ensino pr\u00e1tico de agricultura, e a segunda, que o estabelecimento chamar-se-\u00e1 Escola \u2013 Quinta da Lageosa.","breadcrumb":{"@id":"https:\/\/maismagazine.pt\/index.php\/2026\/03\/13\/78-anos-a-formar-para-os-desafios-do-futuro\/#breadcrumb"},"inLanguage":"pt-PT","potentialAction":[{"@type":"ReadAction","target":["https:\/\/maismagazine.pt\/index.php\/2026\/03\/13\/78-anos-a-formar-para-os-desafios-do-futuro\/"]}]},{"@type":"ImageObject","inLanguage":"pt-PT","@id":"https:\/\/maismagazine.pt\/index.php\/2026\/03\/13\/78-anos-a-formar-para-os-desafios-do-futuro\/#primaryimage","url":"http:\/\/maismagazine.pt\/wp-content\/uploads\/2026\/03\/20230126_123117-1.jpg","contentUrl":"http:\/\/maismagazine.pt\/wp-content\/uploads\/2026\/03\/20230126_123117-1.jpg","width":840,"height":378},{"@type":"BreadcrumbList","@id":"https:\/\/maismagazine.pt\/index.php\/2026\/03\/13\/78-anos-a-formar-para-os-desafios-do-futuro\/#breadcrumb","itemListElement":[{"@type":"ListItem","position":1,"name":"Home","item":"https:\/\/maismagazine.pt\/"},{"@type":"ListItem","position":2,"name":"78 anos a formar para os desafios do futuro"}]},{"@type":"WebSite","@id":"https:\/\/maismagazine.pt\/#website","url":"https:\/\/maismagazine.pt\/","name":"Mais Magazine","description":"","publisher":{"@id":"https:\/\/maismagazine.pt\/#organization"},"potentialAction":[{"@type":"SearchAction","target":{"@type":"EntryPoint","urlTemplate":"https:\/\/maismagazine.pt\/?s={search_term_string}"},"query-input":{"@type":"PropertyValueSpecification","valueRequired":true,"valueName":"search_term_string"}}],"inLanguage":"pt-PT"},{"@type":"Organization","@id":"https:\/\/maismagazine.pt\/#organization","name":"Mais Magazine","url":"https:\/\/maismagazine.pt\/","logo":{"@type":"ImageObject","inLanguage":"pt-PT","@id":"https:\/\/maismagazine.pt\/#\/schema\/logo\/image\/","url":"http:\/\/maismagazine.pt\/wp-content\/uploads\/2020\/04\/cropped-cropped-mais-magazine-site-logo-2.png","contentUrl":"http:\/\/maismagazine.pt\/wp-content\/uploads\/2020\/04\/cropped-cropped-mais-magazine-site-logo-2.png","width":581,"height":90,"caption":"Mais Magazine"},"image":{"@id":"https:\/\/maismagazine.pt\/#\/schema\/logo\/image\/"}},{"@type":"Person","@id":"https:\/\/maismagazine.pt\/#\/schema\/person\/c6c5bfccc886434cbd11c74e035f9646","name":"Tiago Costa","image":{"@type":"ImageObject","inLanguage":"pt-PT","@id":"https:\/\/maismagazine.pt\/#\/schema\/person\/image\/","url":"https:\/\/secure.gravatar.com\/avatar\/c599b2bce16c9870429198cbad5ee022?s=96&d=mm&r=g","contentUrl":"https:\/\/secure.gravatar.com\/avatar\/c599b2bce16c9870429198cbad5ee022?s=96&d=mm&r=g","caption":"Tiago Costa"},"url":"http:\/\/maismagazine.pt\/index.php\/author\/tiago\/"}]}},"author_meta":{"display_name":false,"author_link":"http:\/\/maismagazine.pt\/index.php\/author\/tiago\/"},"featured_img":"http:\/\/maismagazine.pt\/wp-content\/uploads\/2026\/03\/20230126_123117-1-300x135.jpg","coauthors":[],"tax_additional":{"categories":{"linked":["<a href=\"http:\/\/maismagazine.pt\/index.php\/category\/educacao\/\" class=\"advgb-post-tax-term\">Educa\u00e7\u00e3o<\/a>"],"unlinked":["<span class=\"advgb-post-tax-term\">Educa\u00e7\u00e3o<\/span>"]},"tags":{"linked":["<a href=\"http:\/\/maismagazine.pt\/index.php\/category\/educacao\/\" class=\"advgb-post-tax-term\">Quinta da Lageosa<\/a>"],"unlinked":["<span class=\"advgb-post-tax-term\">Quinta da Lageosa<\/span>"]}},"comment_count":"0","relative_dates":{"created":"Posted 2 meses ago","modified":"Updated 2 meses ago"},"absolute_dates":{"created":"Posted on 13 de Mar\u00e7o, 2026","modified":"Updated on 11 de Mar\u00e7o, 2026"},"absolute_dates_time":{"created":"Posted on 13 de Mar\u00e7o, 2026 7:00","modified":"Updated on 11 de Mar\u00e7o, 2026 15:24"},"featured_img_caption":"","series_order":"","_links":{"self":[{"href":"http:\/\/maismagazine.pt\/index.php\/wp-json\/wp\/v2\/posts\/13847","targetHints":{"allow":["GET"]}}],"collection":[{"href":"http:\/\/maismagazine.pt\/index.php\/wp-json\/wp\/v2\/posts"}],"about":[{"href":"http:\/\/maismagazine.pt\/index.php\/wp-json\/wp\/v2\/types\/post"}],"author":[{"embeddable":true,"href":"http:\/\/maismagazine.pt\/index.php\/wp-json\/wp\/v2\/users\/17"}],"replies":[{"embeddable":true,"href":"http:\/\/maismagazine.pt\/index.php\/wp-json\/wp\/v2\/comments?post=13847"}],"version-history":[{"count":2,"href":"http:\/\/maismagazine.pt\/index.php\/wp-json\/wp\/v2\/posts\/13847\/revisions"}],"predecessor-version":[{"id":13862,"href":"http:\/\/maismagazine.pt\/index.php\/wp-json\/wp\/v2\/posts\/13847\/revisions\/13862"}],"wp:featuredmedia":[{"embeddable":true,"href":"http:\/\/maismagazine.pt\/index.php\/wp-json\/wp\/v2\/media\/13860"}],"wp:attachment":[{"href":"http:\/\/maismagazine.pt\/index.php\/wp-json\/wp\/v2\/media?parent=13847"}],"wp:term":[{"taxonomy":"category","embeddable":true,"href":"http:\/\/maismagazine.pt\/index.php\/wp-json\/wp\/v2\/categories?post=13847"},{"taxonomy":"post_tag","embeddable":true,"href":"http:\/\/maismagazine.pt\/index.php\/wp-json\/wp\/v2\/tags?post=13847"}],"curies":[{"name":"wp","href":"https:\/\/api.w.org\/{rel}","templated":true}]}}