{"id":13789,"date":"2026-03-13T07:00:00","date_gmt":"2026-03-13T07:00:00","guid":{"rendered":"https:\/\/maismagazine.pt\/?p=13789"},"modified":"2026-03-11T14:40:15","modified_gmt":"2026-03-11T14:40:15","slug":"inovacao-digital-para-um-compromisso-coletivo-com-a-agua","status":"publish","type":"post","link":"http:\/\/maismagazine.pt\/index.php\/2026\/03\/13\/inovacao-digital-para-um-compromisso-coletivo-com-a-agua\/","title":{"rendered":"Inova\u00e7\u00e3o Digital para um Compromisso Coletivo com a \u00c1gua"},"content":{"rendered":"\n<p><strong>Num contexto marcado pela escassez h\u00eddrica, pelas altera\u00e7\u00f5es clim\u00e1ticas e pela crescente press\u00e3o sobre os recursos naturais, a gest\u00e3o eficiente da \u00e1gua tornou-se um compromisso coletivo. Mais do que um desafio t\u00e9cnico, trata-se de uma responsabilidade ambiental, social e estrat\u00e9gica para munic\u00edpios, entidades gestoras e cidad\u00e3os. <\/strong><\/p>\n\n\n\n<p><\/p>\n\n\n\n<p>\u00c9 neste enquadramento que a <a href=\"http:\/\/www.iwt.pt\">IWT<\/a> se posiciona como parceira tecnol\u00f3gica das entidades gestoras e dos munic\u00edpios, desenvolvendo e integrando solu\u00e7\u00f5es de telemetria que promovem uma gest\u00e3o mais eficiente, transparente e sustent\u00e1vel do ciclo urbano da \u00e1gua. A abordagem da IWT assenta numa solu\u00e7\u00e3o integrada que combina medi\u00e7\u00e3o avan\u00e7ada, comunica\u00e7\u00e3o remota e intelig\u00eancia digital. Os contadores ultrass\u00f3nicos ARAD, destinados a grandes consumidores e Zonas de Medi\u00e7\u00e3o e Controlo, e os contadores ultrass\u00f3nicos AXIOMA, destinados \u00e0s redes dom\u00e9sticas, asseguram elevada precis\u00e3o e fiabilidade na recolha de dados. Esta base de medi\u00e7\u00e3o rigorosa \u00e9 essencial para conhecer consumos reais, detetar anomalias e apoiar uma gest\u00e3o eficiente do recurso. <\/p>\n\n\n\n<p><\/p>\n\n\n\n<p>A infraestrutura \u00e9 complementada por dispositivos de comunica\u00e7\u00e3o remota, como por exemplo dataloggers, que permitem a transmiss\u00e3o cont\u00ednua de informa\u00e7\u00e3o operacional. A comunica\u00e7\u00e3o pode ser feita por rede LoRaWAN ou NB-IoT. Com o objetivo de oferecer uma solu\u00e7\u00e3o verdadeiramente integrada, desenvolvemos o Flowision, plataforma concebida para apoiar as entidades gestoras na an\u00e1lise e interpreta\u00e7\u00e3o de dados. Atrav\u00e9s visualiza\u00e7\u00f5es intuitivas, relat\u00f3rios personalizados e sistemas de alerta, o Flowision converte informa\u00e7\u00e3o em conhecimento acion\u00e1vel, potenciando a redu\u00e7\u00e3o de perdas de \u00e1gua e a tomada de decis\u00f5es sustentadas em dados concretos. <\/p>\n\n\n\n<p><\/p>\n\n\n<div class=\"wp-block-image\">\n<figure class=\"aligncenter size-large is-resized\"><img loading=\"lazy\" decoding=\"async\" width=\"1024\" height=\"653\" src=\"https:\/\/maismagazine.pt\/wp-content\/uploads\/2026\/03\/Flowision-e-Axioma-1024x653.png\" alt=\"\" class=\"wp-image-13792\" style=\"width:486px;height:auto\" srcset=\"http:\/\/maismagazine.pt\/wp-content\/uploads\/2026\/03\/Flowision-e-Axioma-1024x653.png 1024w, http:\/\/maismagazine.pt\/wp-content\/uploads\/2026\/03\/Flowision-e-Axioma-300x191.png 300w, http:\/\/maismagazine.pt\/wp-content\/uploads\/2026\/03\/Flowision-e-Axioma-768x489.png 768w, http:\/\/maismagazine.pt\/wp-content\/uploads\/2026\/03\/Flowision-e-Axioma.png 1078w\" sizes=\"auto, (max-width: 1024px) 100vw, 1024px\" \/><\/figure><\/div>\n\n\n<p><\/p>\n\n\n\n<p>Para as equipas t\u00e9cnicas, a aplica\u00e7\u00e3o FlowTech funciona como extens\u00e3o operacional da plataforma, permitindo receber alertas de fugas e consumos an\u00f3malos e apoiar o trabalho de campo na instala\u00e7\u00e3o e gest\u00e3o de contadores. J\u00e1 a aplica\u00e7\u00e3o MyFlowision aproxima o consumidor da gest\u00e3o do seu pr\u00f3prio consumo, promovendo transpar\u00eancia, consciencializa\u00e7\u00e3o e comportamentos mais respons\u00e1veis. A implementa\u00e7\u00e3o de sistemas de telemetria traduz-se em benef\u00edcios concretos: maior controlo e confian\u00e7a para os cidad\u00e3os e uma ferramenta estrat\u00e9gica para os munic\u00edpios na redu\u00e7\u00e3o de perdas \u2014 um desafio ainda significativo em muitos sistemas urbanos.  <\/p>\n\n\n\n<p><\/p>\n\n\n\n<p>Num cen\u00e1rio em que a sustentabilidade h\u00eddrica \u00e9 prioridade estrat\u00e9gica, a tecnologia assume um papel determinante na moderniza\u00e7\u00e3o do setor. <\/p>\n\n\n\n<p><\/p>\n\n\n\n<p>A \u00e1gua \u00e9 vida. A tecnologia \u00e9 a aliada que nos permite proteg\u00ea-la, hoje e no futuro.   <\/p>\n\n\n\n<p><\/p>\n\n\n<div class=\"wp-block-image\">\n<figure class=\"aligncenter size-large is-resized\"><img loading=\"lazy\" decoding=\"async\" width=\"1024\" height=\"724\" src=\"https:\/\/maismagazine.pt\/wp-content\/uploads\/2026\/03\/IWT-branding-logotexto-azul-positivo-1024x724.png\" alt=\"\" class=\"wp-image-13794\" style=\"width:539px;height:auto\" srcset=\"http:\/\/maismagazine.pt\/wp-content\/uploads\/2026\/03\/IWT-branding-logotexto-azul-positivo-1024x724.png 1024w, http:\/\/maismagazine.pt\/wp-content\/uploads\/2026\/03\/IWT-branding-logotexto-azul-positivo-300x212.png 300w, http:\/\/maismagazine.pt\/wp-content\/uploads\/2026\/03\/IWT-branding-logotexto-azul-positivo-768x543.png 768w, http:\/\/maismagazine.pt\/wp-content\/uploads\/2026\/03\/IWT-branding-logotexto-azul-positivo-1536x1087.png 1536w, http:\/\/maismagazine.pt\/wp-content\/uploads\/2026\/03\/IWT-branding-logotexto-azul-positivo-2048x1449.png 2048w\" sizes=\"auto, (max-width: 1024px) 100vw, 1024px\" \/><\/figure><\/div>","protected":false},"excerpt":{"rendered":"<p>Num contexto marcado pela escassez h\u00eddrica, pelas altera\u00e7\u00f5es clim\u00e1ticas e pela crescente press\u00e3o sobre os recursos naturais, a gest\u00e3o eficiente da \u00e1gua tornou-se um compromisso coletivo. Mais do que um desafio t\u00e9cnico, trata-se de uma responsabilidade ambiental, social e estrat\u00e9gica para munic\u00edpios, entidades gestoras e cidad\u00e3os. \u00c9 neste enquadramento que&hellip;<\/p>\n","protected":false},"author":17,"featured_media":13796,"comment_status":"closed","ping_status":"open","sticky":false,"template":"","format":"standard","meta":{"advgb_blocks_editor_width":"","advgb_blocks_columns_visual_guide":"","_monsterinsights_skip_tracking":false,"_monsterinsights_sitenote_active":false,"_monsterinsights_sitenote_note":"","_monsterinsights_sitenote_category":0,"footnotes":""},"categories":[78,79],"tags":[2591],"class_list":["post-13789","post","type-post","status-publish","format-standard","has-post-thumbnail","hentry","category-ambiente-e-sustentabilidade","category-tecnologia-e-inovacao","tag-iwt"],"yoast_head":"<!-- This site is optimized with the Yoast SEO plugin v24.4 - https:\/\/yoast.com\/wordpress\/plugins\/seo\/ -->\n<title>Inova\u00e7\u00e3o Digital para um Compromisso Coletivo com a \u00c1gua - Mais Magazine<\/title>\n<meta name=\"description\" content=\"Num contexto marcado pela escassez h\u00eddrica, pelas altera\u00e7\u00f5es clim\u00e1ticas e pela crescente press\u00e3o sobre os recursos naturais, a gest\u00e3o eficiente da \u00e1gua tornou-se um compromisso coletivo. Mais do que um desafio t\u00e9cnico, trata-se de uma responsabilidade ambiental, social e estrat\u00e9gica para munic\u00edpios, entidades gestoras e cidad\u00e3os.\" \/>\n<meta name=\"robots\" content=\"index, follow, max-snippet:-1, max-image-preview:large, max-video-preview:-1\" \/>\n<link rel=\"canonical\" href=\"https:\/\/maismagazine.pt\/index.php\/2026\/03\/13\/inovacao-digital-para-um-compromisso-coletivo-com-a-agua\/\" \/>\n<meta property=\"og:locale\" content=\"pt_PT\" \/>\n<meta property=\"og:type\" content=\"article\" \/>\n<meta property=\"og:title\" content=\"Inova\u00e7\u00e3o Digital para um Compromisso Coletivo com a \u00c1gua - Mais Magazine\" \/>\n<meta property=\"og:description\" content=\"Num contexto marcado pela escassez h\u00eddrica, pelas altera\u00e7\u00f5es clim\u00e1ticas e pela crescente press\u00e3o sobre os recursos naturais, a gest\u00e3o eficiente da \u00e1gua tornou-se um compromisso coletivo. Mais do que um desafio t\u00e9cnico, trata-se de uma responsabilidade ambiental, social e estrat\u00e9gica para munic\u00edpios, entidades gestoras e cidad\u00e3os.\" \/>\n<meta property=\"og:url\" content=\"https:\/\/maismagazine.pt\/index.php\/2026\/03\/13\/inovacao-digital-para-um-compromisso-coletivo-com-a-agua\/\" \/>\n<meta property=\"og:site_name\" content=\"Mais Magazine\" \/>\n<meta property=\"article:published_time\" content=\"2026-03-13T07:00:00+00:00\" \/>\n<meta property=\"og:image\" content=\"https:\/\/maismagazine.pt\/wp-content\/uploads\/2026\/03\/TELEMETRIA.png\" \/>\n\t<meta property=\"og:image:width\" content=\"1875\" \/>\n\t<meta property=\"og:image:height\" content=\"1250\" \/>\n\t<meta property=\"og:image:type\" content=\"image\/png\" \/>\n<meta name=\"author\" content=\"Tiago Costa\" \/>\n<meta name=\"twitter:card\" content=\"summary_large_image\" \/>\n<meta name=\"twitter:label1\" content=\"Escrito por\" \/>\n\t<meta name=\"twitter:data1\" content=\"\" \/>\n\t<meta name=\"twitter:label2\" content=\"Tempo estimado de leitura\" \/>\n\t<meta name=\"twitter:data2\" content=\"3 minutos\" \/>\n<script type=\"application\/ld+json\" class=\"yoast-schema-graph\">{\"@context\":\"https:\/\/schema.org\",\"@graph\":[{\"@type\":\"Article\",\"@id\":\"https:\/\/maismagazine.pt\/index.php\/2026\/03\/13\/inovacao-digital-para-um-compromisso-coletivo-com-a-agua\/#article\",\"isPartOf\":{\"@id\":\"https:\/\/maismagazine.pt\/index.php\/2026\/03\/13\/inovacao-digital-para-um-compromisso-coletivo-com-a-agua\/\"},\"author\":{\"name\":\"Tiago Costa\",\"@id\":\"https:\/\/maismagazine.pt\/#\/schema\/person\/c6c5bfccc886434cbd11c74e035f9646\"},\"headline\":\"Inova\u00e7\u00e3o Digital para um Compromisso Coletivo com a \u00c1gua\",\"datePublished\":\"2026-03-13T07:00:00+00:00\",\"mainEntityOfPage\":{\"@id\":\"https:\/\/maismagazine.pt\/index.php\/2026\/03\/13\/inovacao-digital-para-um-compromisso-coletivo-com-a-agua\/\"},\"wordCount\":435,\"publisher\":{\"@id\":\"https:\/\/maismagazine.pt\/#organization\"},\"image\":{\"@id\":\"https:\/\/maismagazine.pt\/index.php\/2026\/03\/13\/inovacao-digital-para-um-compromisso-coletivo-com-a-agua\/#primaryimage\"},\"thumbnailUrl\":\"http:\/\/maismagazine.pt\/wp-content\/uploads\/2026\/03\/TELEMETRIA.png\",\"keywords\":[\"IWT\"],\"articleSection\":[\"Ambiente e Sustentabilidade\",\"Tecnologia e Inova\u00e7\u00e3o\"],\"inLanguage\":\"pt-PT\"},{\"@type\":\"WebPage\",\"@id\":\"https:\/\/maismagazine.pt\/index.php\/2026\/03\/13\/inovacao-digital-para-um-compromisso-coletivo-com-a-agua\/\",\"url\":\"https:\/\/maismagazine.pt\/index.php\/2026\/03\/13\/inovacao-digital-para-um-compromisso-coletivo-com-a-agua\/\",\"name\":\"Inova\u00e7\u00e3o Digital para um Compromisso Coletivo com a \u00c1gua - Mais Magazine\",\"isPartOf\":{\"@id\":\"https:\/\/maismagazine.pt\/#website\"},\"primaryImageOfPage\":{\"@id\":\"https:\/\/maismagazine.pt\/index.php\/2026\/03\/13\/inovacao-digital-para-um-compromisso-coletivo-com-a-agua\/#primaryimage\"},\"image\":{\"@id\":\"https:\/\/maismagazine.pt\/index.php\/2026\/03\/13\/inovacao-digital-para-um-compromisso-coletivo-com-a-agua\/#primaryimage\"},\"thumbnailUrl\":\"http:\/\/maismagazine.pt\/wp-content\/uploads\/2026\/03\/TELEMETRIA.png\",\"datePublished\":\"2026-03-13T07:00:00+00:00\",\"description\":\"Num contexto marcado pela escassez h\u00eddrica, pelas altera\u00e7\u00f5es clim\u00e1ticas e pela crescente press\u00e3o sobre os recursos naturais, a gest\u00e3o eficiente da \u00e1gua tornou-se um compromisso coletivo. Mais do que um desafio t\u00e9cnico, trata-se de uma responsabilidade ambiental, social e estrat\u00e9gica para munic\u00edpios, entidades gestoras e cidad\u00e3os.\",\"breadcrumb\":{\"@id\":\"https:\/\/maismagazine.pt\/index.php\/2026\/03\/13\/inovacao-digital-para-um-compromisso-coletivo-com-a-agua\/#breadcrumb\"},\"inLanguage\":\"pt-PT\",\"potentialAction\":[{\"@type\":\"ReadAction\",\"target\":[\"https:\/\/maismagazine.pt\/index.php\/2026\/03\/13\/inovacao-digital-para-um-compromisso-coletivo-com-a-agua\/\"]}]},{\"@type\":\"ImageObject\",\"inLanguage\":\"pt-PT\",\"@id\":\"https:\/\/maismagazine.pt\/index.php\/2026\/03\/13\/inovacao-digital-para-um-compromisso-coletivo-com-a-agua\/#primaryimage\",\"url\":\"http:\/\/maismagazine.pt\/wp-content\/uploads\/2026\/03\/TELEMETRIA.png\",\"contentUrl\":\"http:\/\/maismagazine.pt\/wp-content\/uploads\/2026\/03\/TELEMETRIA.png\",\"width\":1875,\"height\":1250},{\"@type\":\"BreadcrumbList\",\"@id\":\"https:\/\/maismagazine.pt\/index.php\/2026\/03\/13\/inovacao-digital-para-um-compromisso-coletivo-com-a-agua\/#breadcrumb\",\"itemListElement\":[{\"@type\":\"ListItem\",\"position\":1,\"name\":\"Home\",\"item\":\"https:\/\/maismagazine.pt\/\"},{\"@type\":\"ListItem\",\"position\":2,\"name\":\"Inova\u00e7\u00e3o Digital para um Compromisso Coletivo com a \u00c1gua\"}]},{\"@type\":\"WebSite\",\"@id\":\"https:\/\/maismagazine.pt\/#website\",\"url\":\"https:\/\/maismagazine.pt\/\",\"name\":\"Mais Magazine\",\"description\":\"\",\"publisher\":{\"@id\":\"https:\/\/maismagazine.pt\/#organization\"},\"potentialAction\":[{\"@type\":\"SearchAction\",\"target\":{\"@type\":\"EntryPoint\",\"urlTemplate\":\"https:\/\/maismagazine.pt\/?s={search_term_string}\"},\"query-input\":{\"@type\":\"PropertyValueSpecification\",\"valueRequired\":true,\"valueName\":\"search_term_string\"}}],\"inLanguage\":\"pt-PT\"},{\"@type\":\"Organization\",\"@id\":\"https:\/\/maismagazine.pt\/#organization\",\"name\":\"Mais Magazine\",\"url\":\"https:\/\/maismagazine.pt\/\",\"logo\":{\"@type\":\"ImageObject\",\"inLanguage\":\"pt-PT\",\"@id\":\"https:\/\/maismagazine.pt\/#\/schema\/logo\/image\/\",\"url\":\"http:\/\/maismagazine.pt\/wp-content\/uploads\/2020\/04\/cropped-cropped-mais-magazine-site-logo-2.png\",\"contentUrl\":\"http:\/\/maismagazine.pt\/wp-content\/uploads\/2020\/04\/cropped-cropped-mais-magazine-site-logo-2.png\",\"width\":581,\"height\":90,\"caption\":\"Mais Magazine\"},\"image\":{\"@id\":\"https:\/\/maismagazine.pt\/#\/schema\/logo\/image\/\"}},{\"@type\":\"Person\",\"@id\":\"https:\/\/maismagazine.pt\/#\/schema\/person\/c6c5bfccc886434cbd11c74e035f9646\",\"name\":\"Tiago Costa\",\"image\":{\"@type\":\"ImageObject\",\"inLanguage\":\"pt-PT\",\"@id\":\"https:\/\/maismagazine.pt\/#\/schema\/person\/image\/\",\"url\":\"https:\/\/secure.gravatar.com\/avatar\/c599b2bce16c9870429198cbad5ee022?s=96&d=mm&r=g\",\"contentUrl\":\"https:\/\/secure.gravatar.com\/avatar\/c599b2bce16c9870429198cbad5ee022?s=96&d=mm&r=g\",\"caption\":\"Tiago Costa\"},\"url\":\"http:\/\/maismagazine.pt\/index.php\/author\/tiago\/\"}]}<\/script>\n<!-- \/ Yoast SEO plugin. -->","yoast_head_json":{"title":"Inova\u00e7\u00e3o Digital para um Compromisso Coletivo com a \u00c1gua - Mais Magazine","description":"Num contexto marcado pela escassez h\u00eddrica, pelas altera\u00e7\u00f5es clim\u00e1ticas e pela crescente press\u00e3o sobre os recursos naturais, a gest\u00e3o eficiente da \u00e1gua tornou-se um compromisso coletivo. Mais do que um desafio t\u00e9cnico, trata-se de uma responsabilidade ambiental, social e estrat\u00e9gica para munic\u00edpios, entidades gestoras e cidad\u00e3os.","robots":{"index":"index","follow":"follow","max-snippet":"max-snippet:-1","max-image-preview":"max-image-preview:large","max-video-preview":"max-video-preview:-1"},"canonical":"https:\/\/maismagazine.pt\/index.php\/2026\/03\/13\/inovacao-digital-para-um-compromisso-coletivo-com-a-agua\/","og_locale":"pt_PT","og_type":"article","og_title":"Inova\u00e7\u00e3o Digital para um Compromisso Coletivo com a \u00c1gua - Mais Magazine","og_description":"Num contexto marcado pela escassez h\u00eddrica, pelas altera\u00e7\u00f5es clim\u00e1ticas e pela crescente press\u00e3o sobre os recursos naturais, a gest\u00e3o eficiente da \u00e1gua tornou-se um compromisso coletivo. Mais do que um desafio t\u00e9cnico, trata-se de uma responsabilidade ambiental, social e estrat\u00e9gica para munic\u00edpios, entidades gestoras e cidad\u00e3os.","og_url":"https:\/\/maismagazine.pt\/index.php\/2026\/03\/13\/inovacao-digital-para-um-compromisso-coletivo-com-a-agua\/","og_site_name":"Mais Magazine","article_published_time":"2026-03-13T07:00:00+00:00","og_image":[{"width":1875,"height":1250,"url":"https:\/\/maismagazine.pt\/wp-content\/uploads\/2026\/03\/TELEMETRIA.png","type":"image\/png"}],"author":"Tiago Costa","twitter_card":"summary_large_image","twitter_misc":{"Escrito por":false,"Tempo estimado de leitura":"3 minutos"},"schema":{"@context":"https:\/\/schema.org","@graph":[{"@type":"Article","@id":"https:\/\/maismagazine.pt\/index.php\/2026\/03\/13\/inovacao-digital-para-um-compromisso-coletivo-com-a-agua\/#article","isPartOf":{"@id":"https:\/\/maismagazine.pt\/index.php\/2026\/03\/13\/inovacao-digital-para-um-compromisso-coletivo-com-a-agua\/"},"author":{"name":"Tiago Costa","@id":"https:\/\/maismagazine.pt\/#\/schema\/person\/c6c5bfccc886434cbd11c74e035f9646"},"headline":"Inova\u00e7\u00e3o Digital para um Compromisso Coletivo com a \u00c1gua","datePublished":"2026-03-13T07:00:00+00:00","mainEntityOfPage":{"@id":"https:\/\/maismagazine.pt\/index.php\/2026\/03\/13\/inovacao-digital-para-um-compromisso-coletivo-com-a-agua\/"},"wordCount":435,"publisher":{"@id":"https:\/\/maismagazine.pt\/#organization"},"image":{"@id":"https:\/\/maismagazine.pt\/index.php\/2026\/03\/13\/inovacao-digital-para-um-compromisso-coletivo-com-a-agua\/#primaryimage"},"thumbnailUrl":"http:\/\/maismagazine.pt\/wp-content\/uploads\/2026\/03\/TELEMETRIA.png","keywords":["IWT"],"articleSection":["Ambiente e Sustentabilidade","Tecnologia e Inova\u00e7\u00e3o"],"inLanguage":"pt-PT"},{"@type":"WebPage","@id":"https:\/\/maismagazine.pt\/index.php\/2026\/03\/13\/inovacao-digital-para-um-compromisso-coletivo-com-a-agua\/","url":"https:\/\/maismagazine.pt\/index.php\/2026\/03\/13\/inovacao-digital-para-um-compromisso-coletivo-com-a-agua\/","name":"Inova\u00e7\u00e3o Digital para um Compromisso Coletivo com a \u00c1gua - Mais Magazine","isPartOf":{"@id":"https:\/\/maismagazine.pt\/#website"},"primaryImageOfPage":{"@id":"https:\/\/maismagazine.pt\/index.php\/2026\/03\/13\/inovacao-digital-para-um-compromisso-coletivo-com-a-agua\/#primaryimage"},"image":{"@id":"https:\/\/maismagazine.pt\/index.php\/2026\/03\/13\/inovacao-digital-para-um-compromisso-coletivo-com-a-agua\/#primaryimage"},"thumbnailUrl":"http:\/\/maismagazine.pt\/wp-content\/uploads\/2026\/03\/TELEMETRIA.png","datePublished":"2026-03-13T07:00:00+00:00","description":"Num contexto marcado pela escassez h\u00eddrica, pelas altera\u00e7\u00f5es clim\u00e1ticas e pela crescente press\u00e3o sobre os recursos naturais, a gest\u00e3o eficiente da \u00e1gua tornou-se um compromisso coletivo. Mais do que um desafio t\u00e9cnico, trata-se de uma responsabilidade ambiental, social e estrat\u00e9gica para munic\u00edpios, entidades gestoras e cidad\u00e3os.","breadcrumb":{"@id":"https:\/\/maismagazine.pt\/index.php\/2026\/03\/13\/inovacao-digital-para-um-compromisso-coletivo-com-a-agua\/#breadcrumb"},"inLanguage":"pt-PT","potentialAction":[{"@type":"ReadAction","target":["https:\/\/maismagazine.pt\/index.php\/2026\/03\/13\/inovacao-digital-para-um-compromisso-coletivo-com-a-agua\/"]}]},{"@type":"ImageObject","inLanguage":"pt-PT","@id":"https:\/\/maismagazine.pt\/index.php\/2026\/03\/13\/inovacao-digital-para-um-compromisso-coletivo-com-a-agua\/#primaryimage","url":"http:\/\/maismagazine.pt\/wp-content\/uploads\/2026\/03\/TELEMETRIA.png","contentUrl":"http:\/\/maismagazine.pt\/wp-content\/uploads\/2026\/03\/TELEMETRIA.png","width":1875,"height":1250},{"@type":"BreadcrumbList","@id":"https:\/\/maismagazine.pt\/index.php\/2026\/03\/13\/inovacao-digital-para-um-compromisso-coletivo-com-a-agua\/#breadcrumb","itemListElement":[{"@type":"ListItem","position":1,"name":"Home","item":"https:\/\/maismagazine.pt\/"},{"@type":"ListItem","position":2,"name":"Inova\u00e7\u00e3o Digital para um Compromisso Coletivo com a \u00c1gua"}]},{"@type":"WebSite","@id":"https:\/\/maismagazine.pt\/#website","url":"https:\/\/maismagazine.pt\/","name":"Mais Magazine","description":"","publisher":{"@id":"https:\/\/maismagazine.pt\/#organization"},"potentialAction":[{"@type":"SearchAction","target":{"@type":"EntryPoint","urlTemplate":"https:\/\/maismagazine.pt\/?s={search_term_string}"},"query-input":{"@type":"PropertyValueSpecification","valueRequired":true,"valueName":"search_term_string"}}],"inLanguage":"pt-PT"},{"@type":"Organization","@id":"https:\/\/maismagazine.pt\/#organization","name":"Mais Magazine","url":"https:\/\/maismagazine.pt\/","logo":{"@type":"ImageObject","inLanguage":"pt-PT","@id":"https:\/\/maismagazine.pt\/#\/schema\/logo\/image\/","url":"http:\/\/maismagazine.pt\/wp-content\/uploads\/2020\/04\/cropped-cropped-mais-magazine-site-logo-2.png","contentUrl":"http:\/\/maismagazine.pt\/wp-content\/uploads\/2020\/04\/cropped-cropped-mais-magazine-site-logo-2.png","width":581,"height":90,"caption":"Mais Magazine"},"image":{"@id":"https:\/\/maismagazine.pt\/#\/schema\/logo\/image\/"}},{"@type":"Person","@id":"https:\/\/maismagazine.pt\/#\/schema\/person\/c6c5bfccc886434cbd11c74e035f9646","name":"Tiago Costa","image":{"@type":"ImageObject","inLanguage":"pt-PT","@id":"https:\/\/maismagazine.pt\/#\/schema\/person\/image\/","url":"https:\/\/secure.gravatar.com\/avatar\/c599b2bce16c9870429198cbad5ee022?s=96&d=mm&r=g","contentUrl":"https:\/\/secure.gravatar.com\/avatar\/c599b2bce16c9870429198cbad5ee022?s=96&d=mm&r=g","caption":"Tiago Costa"},"url":"http:\/\/maismagazine.pt\/index.php\/author\/tiago\/"}]}},"author_meta":{"display_name":false,"author_link":"http:\/\/maismagazine.pt\/index.php\/author\/tiago\/"},"featured_img":"http:\/\/maismagazine.pt\/wp-content\/uploads\/2026\/03\/TELEMETRIA-300x200.png","coauthors":[],"tax_additional":{"categories":{"linked":["<a href=\"http:\/\/maismagazine.pt\/index.php\/category\/empreendedorismo\/ambiente-e-sustentabilidade\/\" class=\"advgb-post-tax-term\">Ambiente e Sustentabilidade<\/a>","<a href=\"http:\/\/maismagazine.pt\/index.php\/category\/empreendedorismo\/tecnologia-e-inovacao\/\" class=\"advgb-post-tax-term\">Tecnologia e Inova\u00e7\u00e3o<\/a>"],"unlinked":["<span class=\"advgb-post-tax-term\">Ambiente e Sustentabilidade<\/span>","<span class=\"advgb-post-tax-term\">Tecnologia e Inova\u00e7\u00e3o<\/span>"]},"tags":{"linked":["<a href=\"http:\/\/maismagazine.pt\/index.php\/category\/empreendedorismo\/tecnologia-e-inovacao\/\" class=\"advgb-post-tax-term\">IWT<\/a>"],"unlinked":["<span class=\"advgb-post-tax-term\">IWT<\/span>"]}},"comment_count":"0","relative_dates":{"created":"Posted 2 meses ago","modified":"Updated 2 meses ago"},"absolute_dates":{"created":"Posted on 13 de Mar\u00e7o, 2026","modified":"Updated on 11 de Mar\u00e7o, 2026"},"absolute_dates_time":{"created":"Posted on 13 de Mar\u00e7o, 2026 7:00","modified":"Updated on 11 de Mar\u00e7o, 2026 14:40"},"featured_img_caption":"","series_order":"","_links":{"self":[{"href":"http:\/\/maismagazine.pt\/index.php\/wp-json\/wp\/v2\/posts\/13789","targetHints":{"allow":["GET"]}}],"collection":[{"href":"http:\/\/maismagazine.pt\/index.php\/wp-json\/wp\/v2\/posts"}],"about":[{"href":"http:\/\/maismagazine.pt\/index.php\/wp-json\/wp\/v2\/types\/post"}],"author":[{"embeddable":true,"href":"http:\/\/maismagazine.pt\/index.php\/wp-json\/wp\/v2\/users\/17"}],"replies":[{"embeddable":true,"href":"http:\/\/maismagazine.pt\/index.php\/wp-json\/wp\/v2\/comments?post=13789"}],"version-history":[{"count":2,"href":"http:\/\/maismagazine.pt\/index.php\/wp-json\/wp\/v2\/posts\/13789\/revisions"}],"predecessor-version":[{"id":13798,"href":"http:\/\/maismagazine.pt\/index.php\/wp-json\/wp\/v2\/posts\/13789\/revisions\/13798"}],"wp:featuredmedia":[{"embeddable":true,"href":"http:\/\/maismagazine.pt\/index.php\/wp-json\/wp\/v2\/media\/13796"}],"wp:attachment":[{"href":"http:\/\/maismagazine.pt\/index.php\/wp-json\/wp\/v2\/media?parent=13789"}],"wp:term":[{"taxonomy":"category","embeddable":true,"href":"http:\/\/maismagazine.pt\/index.php\/wp-json\/wp\/v2\/categories?post=13789"},{"taxonomy":"post_tag","embeddable":true,"href":"http:\/\/maismagazine.pt\/index.php\/wp-json\/wp\/v2\/tags?post=13789"}],"curies":[{"name":"wp","href":"https:\/\/api.w.org\/{rel}","templated":true}]}}