{"id":1378,"date":"2021-10-30T07:00:00","date_gmt":"2021-10-30T07:00:00","guid":{"rendered":"https:\/\/maismagazine.pt\/?p=1378"},"modified":"2021-11-05T15:14:42","modified_gmt":"2021-11-05T15:14:42","slug":"decoracao-e-transformar-um-lugar-num-recanto-de-encanto","status":"publish","type":"post","link":"http:\/\/maismagazine.pt\/index.php\/2021\/10\/30\/decoracao-e-transformar-um-lugar-num-recanto-de-encanto\/","title":{"rendered":"Decora\u00e7\u00e3o \u00e9 transformar um lugar num recanto de encanto!"},"content":{"rendered":"\n<div class=\"wp-block-image\"><figure class=\"alignright size-full is-resized\"><img loading=\"lazy\" decoding=\"async\" src=\"http:\/\/maismagazine.pt\/wp-content\/uploads\/2021\/10\/1be460d0-ca96-4196-8cbc-a23c7fa80065.jpg\" alt=\"\" class=\"wp-image-1382\" width=\"210\" height=\"362\"\/><\/figure><\/div>\n\n\n\n<p><strong><em>Maria Rom\u00e3o n\u00e3o acredita em acasos. Confia que a oportunidade surgiu quando tinha que surgir, no tempo certo, e com toda a naturalidade abra\u00e7ou a paix\u00e3o que j\u00e1 ardia em si \u201ccom uma imensa f\u00e9 e consci\u00eancia de que estava a fazer o que era certo\u201d. <\/em><\/strong><\/p>\n\n\n\n<p><\/p>\n\n\n\n<p>Quando se tem esta convic\u00e7\u00e3o, as oportunidades de fazer mais e melhor v\u00e3o surgindo e \u201cmais f\u00e1cil se torna enfrentar e vencer os desafios que a vida vai colocando no caminho\u201d, contou-nos. A designer de interiores compreende que para crescer \u00e9 necess\u00e1rio ter \u201cconsci\u00eancia, resili\u00eancia e certeza de que se \u00e9 capaz\u201d, porque \u201cs\u00f3 alcan\u00e7a e s\u00f3 vence quem acredita!\u201d, e n\u00f3s n\u00e3o poder\u00edamos estar mais de acordo. Mais do que preencher uma casa, \u00e9 o trabalho de Maria Rom\u00e3o transformar quatro paredes num lar, o que significa que tem de pegar em objetos inanimados e fazer a sua magia para que estes transmitam conforto, acolhimento e intimidade. Ali\u00e1s, o conceito de casa \u00e9 o \u201ccanto\u201d onde nos sentimos bem. \u201cComo transmitir isso se todos temos no\u00e7\u00f5es t\u00e3o diferentes sobre este assunto?\u201d, questiona a designer, respondendo de seguida: \u201cPara mim, sempre foi \u2013 e continua a ser \u2013 pedra basilar na minha vida o di\u00e1logo, o chegar perto, o tentar compreender quem est\u00e1 do outro lado. Quais os anseios, as necessidades, as car\u00eancias, as tend\u00eancias, o posicionamento do cliente face \u00e0 vida. Sem esse sentir, sem essa perce\u00e7\u00e3o, a decora\u00e7\u00e3o torna-se um seguir de tend\u00eancias, um ir atr\u00e1s do que se usa, do que \u00e9 moda, do que se viu no hotel onde se passou um dia, o copiar a casa do famoso que se viu na revista\u201d. <\/p>\n\n\n\n<div class=\"wp-block-image\"><figure class=\"aligncenter size-full\"><img loading=\"lazy\" decoding=\"async\" width=\"857\" height=\"531\" src=\"http:\/\/maismagazine.pt\/wp-content\/uploads\/2021\/10\/244220880_4994644963883571_4006492604736396692_n.png\" alt=\"\" class=\"wp-image-1379\" srcset=\"http:\/\/maismagazine.pt\/wp-content\/uploads\/2021\/10\/244220880_4994644963883571_4006492604736396692_n.png 857w, http:\/\/maismagazine.pt\/wp-content\/uploads\/2021\/10\/244220880_4994644963883571_4006492604736396692_n-300x186.png 300w, http:\/\/maismagazine.pt\/wp-content\/uploads\/2021\/10\/244220880_4994644963883571_4006492604736396692_n-768x476.png 768w\" sizes=\"auto, (max-width: 857px) 100vw, 857px\" \/><\/figure><\/div>\n\n\n\n<p>Ou seja, \u201cno fundo, este seguimento seria dar corpo a uma casa que n\u00e3o nos reflete, apenas segue o que outros nos \u2018imp\u00f5em\u2019 como o ideal\u201d. Ora, n\u00e3o \u00e9 isto que Maria Rom\u00e3o concebe. \u201cOuvir o cliente, sentir quem temos \u00e0 nossa frente e s\u00f3 depois aconselhar. Se o cliente tem ideias bem claras do que pretende, compete-me t\u00e3o somente ajuda-lo a concretiz\u00e1-las\u201d. Ali\u00e1s, \u201cdecora\u00e7\u00e3o \u00e9 transformar o lugar de cada um no seu canto de encanto!\u201d . Esta aten\u00e7\u00e3o na conce\u00e7\u00e3o de uma casa tem de abranger todas as divis\u00f5es da mesma, as quais devem ser \u201ctrabalhadas com o cora\u00e7\u00e3o, mas igualmente com a raz\u00e3o\u201d. H\u00e1 diversos fatores que se deve ter em conta num determinado espa\u00e7o: a disposi\u00e7\u00e3o da divis\u00e3o, a localiza\u00e7\u00e3o das janelas, a luz, entre outros, e todos eles requerem uma an\u00e1lise cuidada e minuciosa. Maria Rom\u00e3o confessa-se uma \u201capaixonada pelo que \u00e9 belo\u201d, algo que \u201ctanto pode ser uma pe\u00e7a cl\u00e1ssica, como uma pe\u00e7a mais vanguardista\u201d, mas \u00e9 a simbiose destes v\u00e1rios estilos e conceitos que resulta num desafio que sempre fascinou a designer. <\/p>\n\n\n\n<div class=\"wp-block-image\"><figure class=\"aligncenter size-full\"><img loading=\"lazy\" decoding=\"async\" width=\"564\" height=\"564\" src=\"http:\/\/maismagazine.pt\/wp-content\/uploads\/2021\/10\/16998104_1547493038598798_2406949408204372059_n.jpg\" alt=\"\" class=\"wp-image-1381\" srcset=\"http:\/\/maismagazine.pt\/wp-content\/uploads\/2021\/10\/16998104_1547493038598798_2406949408204372059_n.jpg 564w, http:\/\/maismagazine.pt\/wp-content\/uploads\/2021\/10\/16998104_1547493038598798_2406949408204372059_n-300x300.jpg 300w, http:\/\/maismagazine.pt\/wp-content\/uploads\/2021\/10\/16998104_1547493038598798_2406949408204372059_n-150x150.jpg 150w\" sizes=\"auto, (max-width: 564px) 100vw, 564px\" \/><\/figure><\/div>\n\n\n\n<p>Quisemos saber quais foram os projetos em que colocou mais o seu cora\u00e7\u00e3o. A designer de interiores teve dificuldades em eleger um s\u00f3, uma vez que coloca \u201co melhor de si\u201d em tudo o que faz. Dito isto, \u201cpelo envolvimento fraterno e de cumplicidade com o cliente\u201d, a Cl\u00ednica DermAge, pertencente a Alexandra Os\u00f3rio, constitui \u201cuma b\u00ean\u00e7\u00e3o de realiza\u00e7\u00e3o profissional\u201d que a vida lhe proporcionou. Seja qual for o cliente, Maria Rom\u00e3o coloca o seu gosto pessoal de lado para compreender profundamente os desejos, sonhos e aspira\u00e7\u00f5es de quem tem \u00e0 sua frente, de forma a deix\u00e1-los mais felizes do que como os encontrou. Esse tamb\u00e9m \u00e9 motivo de grande felicidade pessoal para a designer \u201ce nunca uma perda da sua identidade\u201d. Sabendo que a recente pandemia de coronav\u00edrus obrigou muitos cidad\u00e3os a passarem mais tempo em casa do que nunca. Esse facto, aliado \u00e0 pr\u00f3pria introspe\u00e7\u00e3o que uma calamidade causa, ter\u00e1 despertado em muitos novas formas de olhar para a vida, para a casa, para a fam\u00edlia, para a pr\u00f3pria sociedade e para o mundo. Casa tornou-se tamb\u00e9m o local de trabalho e propiciou um novo olhar sobre a mesma. \u201cMuitos sentiram a necessidade de tornarem o seu recanto mais harmonioso, mais atual, mais acolhedor, e isso refletiu&#8211;se nos pedidos de ajuda e nos projetos concretizados\u201d. <\/p>\n\n\n\n<div class=\"wp-block-image\"><figure class=\"aligncenter size-full\"><img loading=\"lazy\" decoding=\"async\" width=\"564\" height=\"564\" src=\"http:\/\/maismagazine.pt\/wp-content\/uploads\/2021\/10\/26169424_1895852417096190_604863097192297040_n.jpg\" alt=\"\" class=\"wp-image-1380\" srcset=\"http:\/\/maismagazine.pt\/wp-content\/uploads\/2021\/10\/26169424_1895852417096190_604863097192297040_n.jpg 564w, http:\/\/maismagazine.pt\/wp-content\/uploads\/2021\/10\/26169424_1895852417096190_604863097192297040_n-300x300.jpg 300w, http:\/\/maismagazine.pt\/wp-content\/uploads\/2021\/10\/26169424_1895852417096190_604863097192297040_n-150x150.jpg 150w\" sizes=\"auto, (max-width: 564px) 100vw, 564px\" \/><\/figure><\/div>\n\n\n\n<p>Os olhos e as mentalidades cada vez se preocupam mais com \u201ca sobreviv\u00eancia da Humanidade e desta \u2018casa que nos foi dada como habita\u00e7\u00e3o permanente, a qual tem de ser tratada e preservada o melhor poss\u00edvel\u201d. Assim sendo, \u201ca decora\u00e7\u00e3o e as tend\u00eancias n\u00e3o podem (nem devem) contrariar o cada vez maior sentido de responsabilidade\u201d, pelo que a designer algarvia v\u00ea \u201cos profissionais da decora\u00e7\u00e3o mais not\u00e1veis a aliarem-se \u00e0 ci\u00eancia no sentido de se aproveitarem materiais, como pl\u00e1stico reciclado, e se fabricarem sof\u00e1s ou m\u00f3veis, por exemplo, com materiais mais amigos do ambiente e da sa\u00fade\u201d. Maria Rom\u00e3o reitera: \u201cA evolu\u00e7\u00e3o da Humanidade e, como tal, do lar, ser\u00e1 no sentido de nos rodearmos do mais saud\u00e1vel, do mais acolhedor, do mais sereno, tranquilo e belo, mas tamb\u00e9m do mais f\u00e1cil em termos de manuten\u00e7\u00e3o, do mais simples e pr\u00e1tico\u201d. Restava-nos saber qual o feedback das suas concretiza\u00e7\u00f5es at\u00e9 o dia de hoje e quais s\u00e3o os objetivos para o futuro. Maria Rom\u00e3o respondeu-nos que o seu \u201ccaminho pela decora\u00e7\u00e3o j\u00e1 vai longo\u201d, mas deu o melhor de si e colocou tudo o que sabia e lhe foi poss\u00edvel \u201cem cada atendimento, em cada conselho, em cada projeto\u201d, pelo que se sente em paz consigo mesma. Quanto ao futuro, \u201cserenamente continuarei a ouvir, a atender, a ajudar e a colocar o cora\u00e7\u00e3o e a raz\u00e3o em cada um que de mim necessitar\u201d.<\/p>\n","protected":false},"excerpt":{"rendered":"<p>Maria Rom\u00e3o n\u00e3o acredita em acasos. Confia que a oportunidade surgiu quando tinha que surgir, no tempo certo, e com toda a naturalidade abra\u00e7ou a paix\u00e3o que j\u00e1 ardia em si \u201ccom uma imensa f\u00e9 e consci\u00eancia de que estava a fazer o que era certo\u201d. Quando se tem esta&hellip;<\/p>\n","protected":false},"author":7,"featured_media":1380,"comment_status":"open","ping_status":"open","sticky":false,"template":"","format":"standard","meta":{"advgb_blocks_editor_width":"","advgb_blocks_columns_visual_guide":"","_monsterinsights_skip_tracking":false,"_monsterinsights_sitenote_active":false,"_monsterinsights_sitenote_note":"","_monsterinsights_sitenote_category":0,"footnotes":""},"categories":[82,6],"tags":[87],"class_list":["post-1378","post","type-post","status-publish","format-standard","has-post-thumbnail","hentry","category-decoracao","category-empreendedorismo","tag-decoracao-de-interiores"],"yoast_head":"<!-- This site is optimized with the Yoast SEO plugin v24.4 - https:\/\/yoast.com\/wordpress\/plugins\/seo\/ -->\n<title>Decora\u00e7\u00e3o \u00e9 transformar um lugar num recanto de encanto!<\/title>\n<meta name=\"description\" content=\"Maria Rom\u00e3o n\u00e3o acredita em acasos. Confia que a oportunidade surgiu quando tinha que surgir, no tempo certo.\" \/>\n<meta name=\"robots\" content=\"index, follow, max-snippet:-1, max-image-preview:large, max-video-preview:-1\" \/>\n<link rel=\"canonical\" href=\"https:\/\/maismagazine.pt\/index.php\/2021\/10\/30\/decoracao-e-transformar-um-lugar-num-recanto-de-encanto\/\" \/>\n<meta property=\"og:locale\" content=\"pt_PT\" \/>\n<meta property=\"og:type\" content=\"article\" \/>\n<meta property=\"og:title\" content=\"Decora\u00e7\u00e3o \u00e9 transformar um lugar num recanto de encanto!\" \/>\n<meta property=\"og:description\" content=\"Maria Rom\u00e3o n\u00e3o acredita em acasos. Confia que a oportunidade surgiu quando tinha que surgir, no tempo certo.\" \/>\n<meta property=\"og:url\" content=\"https:\/\/maismagazine.pt\/index.php\/2021\/10\/30\/decoracao-e-transformar-um-lugar-num-recanto-de-encanto\/\" \/>\n<meta property=\"og:site_name\" content=\"Mais Magazine\" \/>\n<meta property=\"article:published_time\" content=\"2021-10-30T07:00:00+00:00\" \/>\n<meta property=\"article:modified_time\" content=\"2021-11-05T15:14:42+00:00\" \/>\n<meta property=\"og:image\" content=\"https:\/\/maismagazine.pt\/wp-content\/uploads\/2021\/10\/26169424_1895852417096190_604863097192297040_n.jpg\" \/>\n\t<meta property=\"og:image:width\" content=\"564\" \/>\n\t<meta property=\"og:image:height\" content=\"564\" \/>\n\t<meta property=\"og:image:type\" content=\"image\/jpeg\" \/>\n<meta name=\"author\" content=\"Jo\u00e3o Malainho\" \/>\n<meta name=\"twitter:card\" content=\"summary_large_image\" \/>\n<meta name=\"twitter:label1\" content=\"Escrito por\" \/>\n\t<meta name=\"twitter:data1\" content=\"\" \/>\n\t<meta name=\"twitter:label2\" content=\"Tempo estimado de leitura\" \/>\n\t<meta name=\"twitter:data2\" content=\"5 minutos\" \/>\n<script type=\"application\/ld+json\" class=\"yoast-schema-graph\">{\"@context\":\"https:\/\/schema.org\",\"@graph\":[{\"@type\":\"Article\",\"@id\":\"https:\/\/maismagazine.pt\/index.php\/2021\/10\/30\/decoracao-e-transformar-um-lugar-num-recanto-de-encanto\/#article\",\"isPartOf\":{\"@id\":\"https:\/\/maismagazine.pt\/index.php\/2021\/10\/30\/decoracao-e-transformar-um-lugar-num-recanto-de-encanto\/\"},\"author\":{\"name\":\"Jo\u00e3o Malainho\",\"@id\":\"https:\/\/maismagazine.pt\/#\/schema\/person\/999bd426f894ff56d397ec12ebd21ebb\"},\"headline\":\"Decora\u00e7\u00e3o \u00e9 transformar um lugar num recanto de encanto!\",\"datePublished\":\"2021-10-30T07:00:00+00:00\",\"dateModified\":\"2021-11-05T15:14:42+00:00\",\"mainEntityOfPage\":{\"@id\":\"https:\/\/maismagazine.pt\/index.php\/2021\/10\/30\/decoracao-e-transformar-um-lugar-num-recanto-de-encanto\/\"},\"wordCount\":987,\"commentCount\":0,\"publisher\":{\"@id\":\"https:\/\/maismagazine.pt\/#organization\"},\"image\":{\"@id\":\"https:\/\/maismagazine.pt\/index.php\/2021\/10\/30\/decoracao-e-transformar-um-lugar-num-recanto-de-encanto\/#primaryimage\"},\"thumbnailUrl\":\"http:\/\/maismagazine.pt\/wp-content\/uploads\/2021\/10\/26169424_1895852417096190_604863097192297040_n.jpg\",\"keywords\":[\"Decora\u00e7\u00e3o de Interiores\"],\"articleSection\":[\"Decora\u00e7\u00e3o\",\"Empreendedorismo\"],\"inLanguage\":\"pt-PT\",\"potentialAction\":[{\"@type\":\"CommentAction\",\"name\":\"Comment\",\"target\":[\"https:\/\/maismagazine.pt\/index.php\/2021\/10\/30\/decoracao-e-transformar-um-lugar-num-recanto-de-encanto\/#respond\"]}]},{\"@type\":\"WebPage\",\"@id\":\"https:\/\/maismagazine.pt\/index.php\/2021\/10\/30\/decoracao-e-transformar-um-lugar-num-recanto-de-encanto\/\",\"url\":\"https:\/\/maismagazine.pt\/index.php\/2021\/10\/30\/decoracao-e-transformar-um-lugar-num-recanto-de-encanto\/\",\"name\":\"Decora\u00e7\u00e3o \u00e9 transformar um lugar num recanto de encanto!\",\"isPartOf\":{\"@id\":\"https:\/\/maismagazine.pt\/#website\"},\"primaryImageOfPage\":{\"@id\":\"https:\/\/maismagazine.pt\/index.php\/2021\/10\/30\/decoracao-e-transformar-um-lugar-num-recanto-de-encanto\/#primaryimage\"},\"image\":{\"@id\":\"https:\/\/maismagazine.pt\/index.php\/2021\/10\/30\/decoracao-e-transformar-um-lugar-num-recanto-de-encanto\/#primaryimage\"},\"thumbnailUrl\":\"http:\/\/maismagazine.pt\/wp-content\/uploads\/2021\/10\/26169424_1895852417096190_604863097192297040_n.jpg\",\"datePublished\":\"2021-10-30T07:00:00+00:00\",\"dateModified\":\"2021-11-05T15:14:42+00:00\",\"description\":\"Maria Rom\u00e3o n\u00e3o acredita em acasos. Confia que a oportunidade surgiu quando tinha que surgir, no tempo certo.\",\"breadcrumb\":{\"@id\":\"https:\/\/maismagazine.pt\/index.php\/2021\/10\/30\/decoracao-e-transformar-um-lugar-num-recanto-de-encanto\/#breadcrumb\"},\"inLanguage\":\"pt-PT\",\"potentialAction\":[{\"@type\":\"ReadAction\",\"target\":[\"https:\/\/maismagazine.pt\/index.php\/2021\/10\/30\/decoracao-e-transformar-um-lugar-num-recanto-de-encanto\/\"]}]},{\"@type\":\"ImageObject\",\"inLanguage\":\"pt-PT\",\"@id\":\"https:\/\/maismagazine.pt\/index.php\/2021\/10\/30\/decoracao-e-transformar-um-lugar-num-recanto-de-encanto\/#primaryimage\",\"url\":\"http:\/\/maismagazine.pt\/wp-content\/uploads\/2021\/10\/26169424_1895852417096190_604863097192297040_n.jpg\",\"contentUrl\":\"http:\/\/maismagazine.pt\/wp-content\/uploads\/2021\/10\/26169424_1895852417096190_604863097192297040_n.jpg\",\"width\":564,\"height\":564},{\"@type\":\"BreadcrumbList\",\"@id\":\"https:\/\/maismagazine.pt\/index.php\/2021\/10\/30\/decoracao-e-transformar-um-lugar-num-recanto-de-encanto\/#breadcrumb\",\"itemListElement\":[{\"@type\":\"ListItem\",\"position\":1,\"name\":\"Home\",\"item\":\"https:\/\/maismagazine.pt\/\"},{\"@type\":\"ListItem\",\"position\":2,\"name\":\"Decora\u00e7\u00e3o \u00e9 transformar um lugar num recanto de encanto!\"}]},{\"@type\":\"WebSite\",\"@id\":\"https:\/\/maismagazine.pt\/#website\",\"url\":\"https:\/\/maismagazine.pt\/\",\"name\":\"Mais Magazine\",\"description\":\"\",\"publisher\":{\"@id\":\"https:\/\/maismagazine.pt\/#organization\"},\"potentialAction\":[{\"@type\":\"SearchAction\",\"target\":{\"@type\":\"EntryPoint\",\"urlTemplate\":\"https:\/\/maismagazine.pt\/?s={search_term_string}\"},\"query-input\":{\"@type\":\"PropertyValueSpecification\",\"valueRequired\":true,\"valueName\":\"search_term_string\"}}],\"inLanguage\":\"pt-PT\"},{\"@type\":\"Organization\",\"@id\":\"https:\/\/maismagazine.pt\/#organization\",\"name\":\"Mais Magazine\",\"url\":\"https:\/\/maismagazine.pt\/\",\"logo\":{\"@type\":\"ImageObject\",\"inLanguage\":\"pt-PT\",\"@id\":\"https:\/\/maismagazine.pt\/#\/schema\/logo\/image\/\",\"url\":\"http:\/\/maismagazine.pt\/wp-content\/uploads\/2020\/04\/cropped-cropped-mais-magazine-site-logo-2.png\",\"contentUrl\":\"http:\/\/maismagazine.pt\/wp-content\/uploads\/2020\/04\/cropped-cropped-mais-magazine-site-logo-2.png\",\"width\":581,\"height\":90,\"caption\":\"Mais Magazine\"},\"image\":{\"@id\":\"https:\/\/maismagazine.pt\/#\/schema\/logo\/image\/\"}},{\"@type\":\"Person\",\"@id\":\"https:\/\/maismagazine.pt\/#\/schema\/person\/999bd426f894ff56d397ec12ebd21ebb\",\"name\":\"Jo\u00e3o Malainho\",\"image\":{\"@type\":\"ImageObject\",\"inLanguage\":\"pt-PT\",\"@id\":\"https:\/\/maismagazine.pt\/#\/schema\/person\/image\/\",\"url\":\"https:\/\/secure.gravatar.com\/avatar\/ff03c2f38edf60b2a827aa4f74878491?s=96&d=mm&r=g\",\"contentUrl\":\"https:\/\/secure.gravatar.com\/avatar\/ff03c2f38edf60b2a827aa4f74878491?s=96&d=mm&r=g\",\"caption\":\"Jo\u00e3o Malainho\"},\"url\":\"http:\/\/maismagazine.pt\/index.php\/author\/maismagazine\/\"}]}<\/script>\n<!-- \/ Yoast SEO plugin. -->","yoast_head_json":{"title":"Decora\u00e7\u00e3o \u00e9 transformar um lugar num recanto de encanto!","description":"Maria Rom\u00e3o n\u00e3o acredita em acasos. Confia que a oportunidade surgiu quando tinha que surgir, no tempo certo.","robots":{"index":"index","follow":"follow","max-snippet":"max-snippet:-1","max-image-preview":"max-image-preview:large","max-video-preview":"max-video-preview:-1"},"canonical":"https:\/\/maismagazine.pt\/index.php\/2021\/10\/30\/decoracao-e-transformar-um-lugar-num-recanto-de-encanto\/","og_locale":"pt_PT","og_type":"article","og_title":"Decora\u00e7\u00e3o \u00e9 transformar um lugar num recanto de encanto!","og_description":"Maria Rom\u00e3o n\u00e3o acredita em acasos. Confia que a oportunidade surgiu quando tinha que surgir, no tempo certo.","og_url":"https:\/\/maismagazine.pt\/index.php\/2021\/10\/30\/decoracao-e-transformar-um-lugar-num-recanto-de-encanto\/","og_site_name":"Mais Magazine","article_published_time":"2021-10-30T07:00:00+00:00","article_modified_time":"2021-11-05T15:14:42+00:00","og_image":[{"width":564,"height":564,"url":"https:\/\/maismagazine.pt\/wp-content\/uploads\/2021\/10\/26169424_1895852417096190_604863097192297040_n.jpg","type":"image\/jpeg"}],"author":"Jo\u00e3o Malainho","twitter_card":"summary_large_image","twitter_misc":{"Escrito por":false,"Tempo estimado de leitura":"5 minutos"},"schema":{"@context":"https:\/\/schema.org","@graph":[{"@type":"Article","@id":"https:\/\/maismagazine.pt\/index.php\/2021\/10\/30\/decoracao-e-transformar-um-lugar-num-recanto-de-encanto\/#article","isPartOf":{"@id":"https:\/\/maismagazine.pt\/index.php\/2021\/10\/30\/decoracao-e-transformar-um-lugar-num-recanto-de-encanto\/"},"author":{"name":"Jo\u00e3o Malainho","@id":"https:\/\/maismagazine.pt\/#\/schema\/person\/999bd426f894ff56d397ec12ebd21ebb"},"headline":"Decora\u00e7\u00e3o \u00e9 transformar um lugar num recanto de encanto!","datePublished":"2021-10-30T07:00:00+00:00","dateModified":"2021-11-05T15:14:42+00:00","mainEntityOfPage":{"@id":"https:\/\/maismagazine.pt\/index.php\/2021\/10\/30\/decoracao-e-transformar-um-lugar-num-recanto-de-encanto\/"},"wordCount":987,"commentCount":0,"publisher":{"@id":"https:\/\/maismagazine.pt\/#organization"},"image":{"@id":"https:\/\/maismagazine.pt\/index.php\/2021\/10\/30\/decoracao-e-transformar-um-lugar-num-recanto-de-encanto\/#primaryimage"},"thumbnailUrl":"http:\/\/maismagazine.pt\/wp-content\/uploads\/2021\/10\/26169424_1895852417096190_604863097192297040_n.jpg","keywords":["Decora\u00e7\u00e3o de Interiores"],"articleSection":["Decora\u00e7\u00e3o","Empreendedorismo"],"inLanguage":"pt-PT","potentialAction":[{"@type":"CommentAction","name":"Comment","target":["https:\/\/maismagazine.pt\/index.php\/2021\/10\/30\/decoracao-e-transformar-um-lugar-num-recanto-de-encanto\/#respond"]}]},{"@type":"WebPage","@id":"https:\/\/maismagazine.pt\/index.php\/2021\/10\/30\/decoracao-e-transformar-um-lugar-num-recanto-de-encanto\/","url":"https:\/\/maismagazine.pt\/index.php\/2021\/10\/30\/decoracao-e-transformar-um-lugar-num-recanto-de-encanto\/","name":"Decora\u00e7\u00e3o \u00e9 transformar um lugar num recanto de encanto!","isPartOf":{"@id":"https:\/\/maismagazine.pt\/#website"},"primaryImageOfPage":{"@id":"https:\/\/maismagazine.pt\/index.php\/2021\/10\/30\/decoracao-e-transformar-um-lugar-num-recanto-de-encanto\/#primaryimage"},"image":{"@id":"https:\/\/maismagazine.pt\/index.php\/2021\/10\/30\/decoracao-e-transformar-um-lugar-num-recanto-de-encanto\/#primaryimage"},"thumbnailUrl":"http:\/\/maismagazine.pt\/wp-content\/uploads\/2021\/10\/26169424_1895852417096190_604863097192297040_n.jpg","datePublished":"2021-10-30T07:00:00+00:00","dateModified":"2021-11-05T15:14:42+00:00","description":"Maria Rom\u00e3o n\u00e3o acredita em acasos. Confia que a oportunidade surgiu quando tinha que surgir, no tempo certo.","breadcrumb":{"@id":"https:\/\/maismagazine.pt\/index.php\/2021\/10\/30\/decoracao-e-transformar-um-lugar-num-recanto-de-encanto\/#breadcrumb"},"inLanguage":"pt-PT","potentialAction":[{"@type":"ReadAction","target":["https:\/\/maismagazine.pt\/index.php\/2021\/10\/30\/decoracao-e-transformar-um-lugar-num-recanto-de-encanto\/"]}]},{"@type":"ImageObject","inLanguage":"pt-PT","@id":"https:\/\/maismagazine.pt\/index.php\/2021\/10\/30\/decoracao-e-transformar-um-lugar-num-recanto-de-encanto\/#primaryimage","url":"http:\/\/maismagazine.pt\/wp-content\/uploads\/2021\/10\/26169424_1895852417096190_604863097192297040_n.jpg","contentUrl":"http:\/\/maismagazine.pt\/wp-content\/uploads\/2021\/10\/26169424_1895852417096190_604863097192297040_n.jpg","width":564,"height":564},{"@type":"BreadcrumbList","@id":"https:\/\/maismagazine.pt\/index.php\/2021\/10\/30\/decoracao-e-transformar-um-lugar-num-recanto-de-encanto\/#breadcrumb","itemListElement":[{"@type":"ListItem","position":1,"name":"Home","item":"https:\/\/maismagazine.pt\/"},{"@type":"ListItem","position":2,"name":"Decora\u00e7\u00e3o \u00e9 transformar um lugar num recanto de encanto!"}]},{"@type":"WebSite","@id":"https:\/\/maismagazine.pt\/#website","url":"https:\/\/maismagazine.pt\/","name":"Mais Magazine","description":"","publisher":{"@id":"https:\/\/maismagazine.pt\/#organization"},"potentialAction":[{"@type":"SearchAction","target":{"@type":"EntryPoint","urlTemplate":"https:\/\/maismagazine.pt\/?s={search_term_string}"},"query-input":{"@type":"PropertyValueSpecification","valueRequired":true,"valueName":"search_term_string"}}],"inLanguage":"pt-PT"},{"@type":"Organization","@id":"https:\/\/maismagazine.pt\/#organization","name":"Mais Magazine","url":"https:\/\/maismagazine.pt\/","logo":{"@type":"ImageObject","inLanguage":"pt-PT","@id":"https:\/\/maismagazine.pt\/#\/schema\/logo\/image\/","url":"http:\/\/maismagazine.pt\/wp-content\/uploads\/2020\/04\/cropped-cropped-mais-magazine-site-logo-2.png","contentUrl":"http:\/\/maismagazine.pt\/wp-content\/uploads\/2020\/04\/cropped-cropped-mais-magazine-site-logo-2.png","width":581,"height":90,"caption":"Mais Magazine"},"image":{"@id":"https:\/\/maismagazine.pt\/#\/schema\/logo\/image\/"}},{"@type":"Person","@id":"https:\/\/maismagazine.pt\/#\/schema\/person\/999bd426f894ff56d397ec12ebd21ebb","name":"Jo\u00e3o Malainho","image":{"@type":"ImageObject","inLanguage":"pt-PT","@id":"https:\/\/maismagazine.pt\/#\/schema\/person\/image\/","url":"https:\/\/secure.gravatar.com\/avatar\/ff03c2f38edf60b2a827aa4f74878491?s=96&d=mm&r=g","contentUrl":"https:\/\/secure.gravatar.com\/avatar\/ff03c2f38edf60b2a827aa4f74878491?s=96&d=mm&r=g","caption":"Jo\u00e3o Malainho"},"url":"http:\/\/maismagazine.pt\/index.php\/author\/maismagazine\/"}]}},"author_meta":{"display_name":false,"author_link":"http:\/\/maismagazine.pt\/index.php\/author\/maismagazine\/"},"featured_img":"http:\/\/maismagazine.pt\/wp-content\/uploads\/2021\/10\/26169424_1895852417096190_604863097192297040_n-300x300.jpg","coauthors":[],"tax_additional":{"categories":{"linked":["<a href=\"http:\/\/maismagazine.pt\/index.php\/category\/empreendedorismo\/decoracao\/\" class=\"advgb-post-tax-term\">Decora\u00e7\u00e3o<\/a>","<a href=\"http:\/\/maismagazine.pt\/index.php\/category\/empreendedorismo\/\" class=\"advgb-post-tax-term\">Empreendedorismo<\/a>"],"unlinked":["<span class=\"advgb-post-tax-term\">Decora\u00e7\u00e3o<\/span>","<span class=\"advgb-post-tax-term\">Empreendedorismo<\/span>"]},"tags":{"linked":["<a href=\"http:\/\/maismagazine.pt\/index.php\/category\/empreendedorismo\/\" class=\"advgb-post-tax-term\">Decora\u00e7\u00e3o de Interiores<\/a>"],"unlinked":["<span class=\"advgb-post-tax-term\">Decora\u00e7\u00e3o de Interiores<\/span>"]}},"comment_count":"0","relative_dates":{"created":"Posted 5 anos ago","modified":"Updated 4 anos ago"},"absolute_dates":{"created":"Posted on 30 de Outubro, 2021","modified":"Updated on 5 de Novembro, 2021"},"absolute_dates_time":{"created":"Posted on 30 de Outubro, 2021 7:00","modified":"Updated on 5 de Novembro, 2021 15:14"},"featured_img_caption":"","series_order":"","_links":{"self":[{"href":"http:\/\/maismagazine.pt\/index.php\/wp-json\/wp\/v2\/posts\/1378","targetHints":{"allow":["GET"]}}],"collection":[{"href":"http:\/\/maismagazine.pt\/index.php\/wp-json\/wp\/v2\/posts"}],"about":[{"href":"http:\/\/maismagazine.pt\/index.php\/wp-json\/wp\/v2\/types\/post"}],"author":[{"embeddable":true,"href":"http:\/\/maismagazine.pt\/index.php\/wp-json\/wp\/v2\/users\/7"}],"replies":[{"embeddable":true,"href":"http:\/\/maismagazine.pt\/index.php\/wp-json\/wp\/v2\/comments?post=1378"}],"version-history":[{"count":4,"href":"http:\/\/maismagazine.pt\/index.php\/wp-json\/wp\/v2\/posts\/1378\/revisions"}],"predecessor-version":[{"id":1569,"href":"http:\/\/maismagazine.pt\/index.php\/wp-json\/wp\/v2\/posts\/1378\/revisions\/1569"}],"wp:featuredmedia":[{"embeddable":true,"href":"http:\/\/maismagazine.pt\/index.php\/wp-json\/wp\/v2\/media\/1380"}],"wp:attachment":[{"href":"http:\/\/maismagazine.pt\/index.php\/wp-json\/wp\/v2\/media?parent=1378"}],"wp:term":[{"taxonomy":"category","embeddable":true,"href":"http:\/\/maismagazine.pt\/index.php\/wp-json\/wp\/v2\/categories?post=1378"},{"taxonomy":"post_tag","embeddable":true,"href":"http:\/\/maismagazine.pt\/index.php\/wp-json\/wp\/v2\/tags?post=1378"}],"curies":[{"name":"wp","href":"https:\/\/api.w.org\/{rel}","templated":true}]}}