{"id":13767,"date":"2026-03-13T07:00:00","date_gmt":"2026-03-13T07:00:00","guid":{"rendered":"https:\/\/maismagazine.pt\/?p=13767"},"modified":"2026-03-11T14:27:23","modified_gmt":"2026-03-11T14:27:23","slug":"a-futuralia-contribui-para-reduzir-a-incerteza-na-escolha-alargar-horizontes-e-criar-oportunidades","status":"publish","type":"post","link":"http:\/\/maismagazine.pt\/index.php\/2026\/03\/13\/a-futuralia-contribui-para-reduzir-a-incerteza-na-escolha-alargar-horizontes-e-criar-oportunidades\/","title":{"rendered":"\u201cA Futur\u00e1lia contribui para reduzir a incerteza na escolha, alargar horizontes e criar oportunidades\u201d"},"content":{"rendered":"\n<p><strong>Em entrevista \u00e0 Revista Mais Magazine, Maria Jo\u00e3o Arruda, Gestora da <a href=\"http:\/\/www.futuralia.fil.pt\">Futur\u00e1lia<\/a>, destaca as principais novidades da edi\u00e7\u00e3o deste ano, que refor\u00e7a o evento como \u201cum dos maiores pontos de encontro entre estudantes, institui\u00e7\u00f5es de ensino e o mercado de trabalho\u201d.<\/strong><\/p>\n\n\n\n<p><\/p>\n\n\n\n<p><strong>Quais s\u00e3o as principais novidades e destaques da edi\u00e7\u00e3o deste ano da Futur\u00e1lia?<\/strong><\/p>\n\n\n\n<p>Esta edi\u00e7\u00e3o volta a refor\u00e7ar a Futur\u00e1lia como um dos maiores pontos de encontro entre estudantes, institui\u00e7\u00f5es de ensino e o mercado de trabalho. Mais uma vez, o grande destaque vai para a forte presen\u00e7a de institui\u00e7\u00f5es de ensino superior, nacionais e estrangeiras, e de entidades de forma\u00e7\u00e3o profissional, que apresentam uma oferta cada vez mais ampla e diversificada de cursos, permitindo aos visitantes conhecer, num \u00fanico espa\u00e7o, m\u00faltiplas op\u00e7\u00f5es acad\u00e9micas e percursos de qualifica\u00e7\u00e3o. <\/p>\n\n\n\n<p>Ao mesmo tempo, verifica-se um crescimento significativo das \u00e1reas dedicadas ao emprego, est\u00e1gios, p\u00f3s-gradua\u00e7\u00f5es e mestrados passam a contar, pela primeira vez, com um pavilh\u00e3o pr\u00f3prio, criando um espa\u00e7o exclusivo para quem procura emprego, especializa\u00e7\u00e3o, requalifica\u00e7\u00e3o ou progress\u00e3o acad\u00e9mica.<\/p>\n\n\n\n<p>Paralelamente, destaque ainda para a estreia do TECH_EDU, a primeira edi\u00e7\u00e3o de um evento dedicado \u00e0s ferramentas, metodologias e solu\u00e7\u00f5es tecnol\u00f3gicas que est\u00e3o a moldar o presente e o futuro da aprendizagem. Este espa\u00e7o \u00e9 especialmente direcionado a profissionais da \u00e1rea da educa\u00e7\u00e3o, promovendo inova\u00e7\u00e3o, partilha de boas pr\u00e1ticas, demonstra\u00e7\u00f5es e networking. <\/p>\n\n\n\n<p><\/p>\n\n\n\n<p><strong>Que impacto considera que o evento tem na orienta\u00e7\u00e3o acad\u00e9mica e profissional dos jovens portugueses?<\/strong><\/p>\n\n\n\n<p>Para muitos jovens, \u00e9 a primeira oportunidade de falar presencialmente com universidades, escolas profissionais e centros de forma\u00e7\u00e3o, esclarecer d\u00favidas sobre cursos, sa\u00eddas profissionais, candidaturas ou bolsas, e comparar diferentes op\u00e7\u00f5es de forma pr\u00e1tica. Esse contacto direto ajuda a tomar decis\u00f5es mais conscientes e seguras sobre o percurso acad\u00e9mico.<\/p>\n\n\n\n<p>No fundo, a Futur\u00e1lia contribui para reduzir a incerteza na escolha, alargar horizontes e criar oportunidades, assumindo-se como um evento essencial de orienta\u00e7\u00e3o acad\u00e9mica e profissional para os jovens portugueses. <\/p>\n\n\n\n<p><\/p>\n\n\n\n<p><strong>Que mensagem gostaria de deixar aos estudantes que visitam a Futur\u00e1lia para decidir o seu futuro?<\/strong><\/p>\n\n\n\n<p>Que aproveitem ao m\u00e1ximo esta oportunidade e venham de mente aberta, curiosos e sem receio de fazer perguntas. A Futur\u00e1lia um espa\u00e7o pensado precisamente para ajudar a esclarecer d\u00favidas e a explorar caminhos, por isso \u00e9 importante conversar com as institui\u00e7\u00f5es, assistir \u00e0s sess\u00f5es, comparar op\u00e7\u00f5es e recolher o m\u00e1ximo de informa\u00e7\u00e3o poss\u00edvel. <\/p>\n\n\n\n<p>Nem sempre as decis\u00f5es sobre o futuro s\u00e3o imediatas, mas o contacto direto com universidades, escolas, entidades de forma\u00e7\u00e3o e profissionais pode fazer toda a diferen\u00e7a, ajudando a descobrir novas \u00e1reas de interesse e at\u00e9 possibilidades que talvez nunca tivessem considerado. <\/p>\n","protected":false},"excerpt":{"rendered":"<p>Em entrevista \u00e0 Revista Mais Magazine, Maria Jo\u00e3o Arruda, Gestora da Futur\u00e1lia, destaca as principais novidades da edi\u00e7\u00e3o deste ano, que refor\u00e7a o evento como \u201cum dos maiores pontos de encontro entre estudantes, institui\u00e7\u00f5es de ensino e o mercado de trabalho\u201d. Quais s\u00e3o as principais novidades e destaques da edi\u00e7\u00e3o&hellip;<\/p>\n","protected":false},"author":18,"featured_media":13772,"comment_status":"closed","ping_status":"open","sticky":false,"template":"","format":"standard","meta":{"advgb_blocks_editor_width":"","advgb_blocks_columns_visual_guide":"","_monsterinsights_skip_tracking":false,"_monsterinsights_sitenote_active":false,"_monsterinsights_sitenote_note":"","_monsterinsights_sitenote_category":0,"footnotes":""},"categories":[149],"tags":[521,2569],"class_list":["post-13767","post","type-post","status-publish","format-standard","has-post-thumbnail","hentry","category-educacao","tag-ensino","tag-futuralia"],"yoast_head":"<!-- This site is optimized with the Yoast SEO plugin v24.4 - https:\/\/yoast.com\/wordpress\/plugins\/seo\/ -->\n<title>\u201cA Futur\u00e1lia contribui para reduzir a incerteza na escolha, alargar horizontes e criar oportunidades\u201d - Mais Magazine<\/title>\n<meta name=\"robots\" content=\"index, follow, max-snippet:-1, max-image-preview:large, max-video-preview:-1\" \/>\n<link rel=\"canonical\" href=\"https:\/\/maismagazine.pt\/index.php\/2026\/03\/13\/a-futuralia-contribui-para-reduzir-a-incerteza-na-escolha-alargar-horizontes-e-criar-oportunidades\/\" \/>\n<meta property=\"og:locale\" content=\"pt_PT\" \/>\n<meta property=\"og:type\" content=\"article\" \/>\n<meta property=\"og:title\" content=\"\u201cA Futur\u00e1lia contribui para reduzir a incerteza na escolha, alargar horizontes e criar oportunidades\u201d - Mais Magazine\" \/>\n<meta property=\"og:description\" content=\"Em entrevista \u00e0 Revista Mais Magazine, Maria Jo\u00e3o Arruda, Gestora da Futur\u00e1lia, destaca as principais novidades da edi\u00e7\u00e3o deste ano, que refor\u00e7a o evento como \u201cum dos maiores pontos de encontro entre estudantes, institui\u00e7\u00f5es de ensino e o mercado de trabalho\u201d. Quais s\u00e3o as principais novidades e destaques da edi\u00e7\u00e3o&hellip;\" \/>\n<meta property=\"og:url\" content=\"https:\/\/maismagazine.pt\/index.php\/2026\/03\/13\/a-futuralia-contribui-para-reduzir-a-incerteza-na-escolha-alargar-horizontes-e-criar-oportunidades\/\" \/>\n<meta property=\"og:site_name\" content=\"Mais Magazine\" \/>\n<meta property=\"article:published_time\" content=\"2026-03-13T07:00:00+00:00\" \/>\n<meta property=\"og:image\" content=\"https:\/\/maismagazine.pt\/wp-content\/uploads\/2026\/03\/DSC02559.jpg\" \/>\n\t<meta property=\"og:image:width\" content=\"1333\" \/>\n\t<meta property=\"og:image:height\" content=\"2000\" \/>\n\t<meta property=\"og:image:type\" content=\"image\/jpeg\" \/>\n<meta name=\"author\" content=\"Tatiana Martins\" \/>\n<meta name=\"twitter:card\" content=\"summary_large_image\" \/>\n<meta name=\"twitter:label1\" content=\"Escrito por\" \/>\n\t<meta name=\"twitter:data1\" content=\"\" \/>\n\t<meta name=\"twitter:label2\" content=\"Tempo estimado de leitura\" \/>\n\t<meta name=\"twitter:data2\" content=\"3 minutos\" \/>\n<script type=\"application\/ld+json\" class=\"yoast-schema-graph\">{\"@context\":\"https:\/\/schema.org\",\"@graph\":[{\"@type\":\"Article\",\"@id\":\"https:\/\/maismagazine.pt\/index.php\/2026\/03\/13\/a-futuralia-contribui-para-reduzir-a-incerteza-na-escolha-alargar-horizontes-e-criar-oportunidades\/#article\",\"isPartOf\":{\"@id\":\"https:\/\/maismagazine.pt\/index.php\/2026\/03\/13\/a-futuralia-contribui-para-reduzir-a-incerteza-na-escolha-alargar-horizontes-e-criar-oportunidades\/\"},\"author\":{\"name\":\"Tatiana Martins\",\"@id\":\"https:\/\/maismagazine.pt\/#\/schema\/person\/7426e2caeb8df32a1b56aa48dae778c9\"},\"headline\":\"\u201cA Futur\u00e1lia contribui para reduzir a incerteza na escolha, alargar horizontes e criar oportunidades\u201d\",\"datePublished\":\"2026-03-13T07:00:00+00:00\",\"mainEntityOfPage\":{\"@id\":\"https:\/\/maismagazine.pt\/index.php\/2026\/03\/13\/a-futuralia-contribui-para-reduzir-a-incerteza-na-escolha-alargar-horizontes-e-criar-oportunidades\/\"},\"wordCount\":502,\"publisher\":{\"@id\":\"https:\/\/maismagazine.pt\/#organization\"},\"image\":{\"@id\":\"https:\/\/maismagazine.pt\/index.php\/2026\/03\/13\/a-futuralia-contribui-para-reduzir-a-incerteza-na-escolha-alargar-horizontes-e-criar-oportunidades\/#primaryimage\"},\"thumbnailUrl\":\"http:\/\/maismagazine.pt\/wp-content\/uploads\/2026\/03\/DSC02559.jpg\",\"keywords\":[\"Ensino\",\"Futur\u00e1lia\"],\"articleSection\":[\"Educa\u00e7\u00e3o\"],\"inLanguage\":\"pt-PT\"},{\"@type\":\"WebPage\",\"@id\":\"https:\/\/maismagazine.pt\/index.php\/2026\/03\/13\/a-futuralia-contribui-para-reduzir-a-incerteza-na-escolha-alargar-horizontes-e-criar-oportunidades\/\",\"url\":\"https:\/\/maismagazine.pt\/index.php\/2026\/03\/13\/a-futuralia-contribui-para-reduzir-a-incerteza-na-escolha-alargar-horizontes-e-criar-oportunidades\/\",\"name\":\"\u201cA Futur\u00e1lia contribui para reduzir a incerteza na escolha, alargar horizontes e criar oportunidades\u201d - Mais Magazine\",\"isPartOf\":{\"@id\":\"https:\/\/maismagazine.pt\/#website\"},\"primaryImageOfPage\":{\"@id\":\"https:\/\/maismagazine.pt\/index.php\/2026\/03\/13\/a-futuralia-contribui-para-reduzir-a-incerteza-na-escolha-alargar-horizontes-e-criar-oportunidades\/#primaryimage\"},\"image\":{\"@id\":\"https:\/\/maismagazine.pt\/index.php\/2026\/03\/13\/a-futuralia-contribui-para-reduzir-a-incerteza-na-escolha-alargar-horizontes-e-criar-oportunidades\/#primaryimage\"},\"thumbnailUrl\":\"http:\/\/maismagazine.pt\/wp-content\/uploads\/2026\/03\/DSC02559.jpg\",\"datePublished\":\"2026-03-13T07:00:00+00:00\",\"breadcrumb\":{\"@id\":\"https:\/\/maismagazine.pt\/index.php\/2026\/03\/13\/a-futuralia-contribui-para-reduzir-a-incerteza-na-escolha-alargar-horizontes-e-criar-oportunidades\/#breadcrumb\"},\"inLanguage\":\"pt-PT\",\"potentialAction\":[{\"@type\":\"ReadAction\",\"target\":[\"https:\/\/maismagazine.pt\/index.php\/2026\/03\/13\/a-futuralia-contribui-para-reduzir-a-incerteza-na-escolha-alargar-horizontes-e-criar-oportunidades\/\"]}]},{\"@type\":\"ImageObject\",\"inLanguage\":\"pt-PT\",\"@id\":\"https:\/\/maismagazine.pt\/index.php\/2026\/03\/13\/a-futuralia-contribui-para-reduzir-a-incerteza-na-escolha-alargar-horizontes-e-criar-oportunidades\/#primaryimage\",\"url\":\"http:\/\/maismagazine.pt\/wp-content\/uploads\/2026\/03\/DSC02559.jpg\",\"contentUrl\":\"http:\/\/maismagazine.pt\/wp-content\/uploads\/2026\/03\/DSC02559.jpg\",\"width\":1333,\"height\":2000,\"caption\":\"Maria Jo\u00e3o Arruda, Gestora da Futur\u00e1lia\"},{\"@type\":\"BreadcrumbList\",\"@id\":\"https:\/\/maismagazine.pt\/index.php\/2026\/03\/13\/a-futuralia-contribui-para-reduzir-a-incerteza-na-escolha-alargar-horizontes-e-criar-oportunidades\/#breadcrumb\",\"itemListElement\":[{\"@type\":\"ListItem\",\"position\":1,\"name\":\"Home\",\"item\":\"https:\/\/maismagazine.pt\/\"},{\"@type\":\"ListItem\",\"position\":2,\"name\":\"\u201cA Futur\u00e1lia contribui para reduzir a incerteza na escolha, alargar horizontes e criar oportunidades\u201d\"}]},{\"@type\":\"WebSite\",\"@id\":\"https:\/\/maismagazine.pt\/#website\",\"url\":\"https:\/\/maismagazine.pt\/\",\"name\":\"Mais Magazine\",\"description\":\"\",\"publisher\":{\"@id\":\"https:\/\/maismagazine.pt\/#organization\"},\"potentialAction\":[{\"@type\":\"SearchAction\",\"target\":{\"@type\":\"EntryPoint\",\"urlTemplate\":\"https:\/\/maismagazine.pt\/?s={search_term_string}\"},\"query-input\":{\"@type\":\"PropertyValueSpecification\",\"valueRequired\":true,\"valueName\":\"search_term_string\"}}],\"inLanguage\":\"pt-PT\"},{\"@type\":\"Organization\",\"@id\":\"https:\/\/maismagazine.pt\/#organization\",\"name\":\"Mais Magazine\",\"url\":\"https:\/\/maismagazine.pt\/\",\"logo\":{\"@type\":\"ImageObject\",\"inLanguage\":\"pt-PT\",\"@id\":\"https:\/\/maismagazine.pt\/#\/schema\/logo\/image\/\",\"url\":\"http:\/\/maismagazine.pt\/wp-content\/uploads\/2020\/04\/cropped-cropped-mais-magazine-site-logo-2.png\",\"contentUrl\":\"http:\/\/maismagazine.pt\/wp-content\/uploads\/2020\/04\/cropped-cropped-mais-magazine-site-logo-2.png\",\"width\":581,\"height\":90,\"caption\":\"Mais Magazine\"},\"image\":{\"@id\":\"https:\/\/maismagazine.pt\/#\/schema\/logo\/image\/\"}},{\"@type\":\"Person\",\"@id\":\"https:\/\/maismagazine.pt\/#\/schema\/person\/7426e2caeb8df32a1b56aa48dae778c9\",\"name\":\"Tatiana Martins\",\"image\":{\"@type\":\"ImageObject\",\"inLanguage\":\"pt-PT\",\"@id\":\"https:\/\/maismagazine.pt\/#\/schema\/person\/image\/\",\"url\":\"https:\/\/secure.gravatar.com\/avatar\/4b24a57f5d0425f2eb20981c4b53244e?s=96&d=mm&r=g\",\"contentUrl\":\"https:\/\/secure.gravatar.com\/avatar\/4b24a57f5d0425f2eb20981c4b53244e?s=96&d=mm&r=g\",\"caption\":\"Tatiana Martins\"},\"url\":\"http:\/\/maismagazine.pt\/index.php\/author\/tatiana\/\"}]}<\/script>\n<!-- \/ Yoast SEO plugin. -->","yoast_head_json":{"title":"\u201cA Futur\u00e1lia contribui para reduzir a incerteza na escolha, alargar horizontes e criar oportunidades\u201d - Mais Magazine","robots":{"index":"index","follow":"follow","max-snippet":"max-snippet:-1","max-image-preview":"max-image-preview:large","max-video-preview":"max-video-preview:-1"},"canonical":"https:\/\/maismagazine.pt\/index.php\/2026\/03\/13\/a-futuralia-contribui-para-reduzir-a-incerteza-na-escolha-alargar-horizontes-e-criar-oportunidades\/","og_locale":"pt_PT","og_type":"article","og_title":"\u201cA Futur\u00e1lia contribui para reduzir a incerteza na escolha, alargar horizontes e criar oportunidades\u201d - Mais Magazine","og_description":"Em entrevista \u00e0 Revista Mais Magazine, Maria Jo\u00e3o Arruda, Gestora da Futur\u00e1lia, destaca as principais novidades da edi\u00e7\u00e3o deste ano, que refor\u00e7a o evento como \u201cum dos maiores pontos de encontro entre estudantes, institui\u00e7\u00f5es de ensino e o mercado de trabalho\u201d. Quais s\u00e3o as principais novidades e destaques da edi\u00e7\u00e3o&hellip;","og_url":"https:\/\/maismagazine.pt\/index.php\/2026\/03\/13\/a-futuralia-contribui-para-reduzir-a-incerteza-na-escolha-alargar-horizontes-e-criar-oportunidades\/","og_site_name":"Mais Magazine","article_published_time":"2026-03-13T07:00:00+00:00","og_image":[{"width":1333,"height":2000,"url":"https:\/\/maismagazine.pt\/wp-content\/uploads\/2026\/03\/DSC02559.jpg","type":"image\/jpeg"}],"author":"Tatiana Martins","twitter_card":"summary_large_image","twitter_misc":{"Escrito por":false,"Tempo estimado de leitura":"3 minutos"},"schema":{"@context":"https:\/\/schema.org","@graph":[{"@type":"Article","@id":"https:\/\/maismagazine.pt\/index.php\/2026\/03\/13\/a-futuralia-contribui-para-reduzir-a-incerteza-na-escolha-alargar-horizontes-e-criar-oportunidades\/#article","isPartOf":{"@id":"https:\/\/maismagazine.pt\/index.php\/2026\/03\/13\/a-futuralia-contribui-para-reduzir-a-incerteza-na-escolha-alargar-horizontes-e-criar-oportunidades\/"},"author":{"name":"Tatiana Martins","@id":"https:\/\/maismagazine.pt\/#\/schema\/person\/7426e2caeb8df32a1b56aa48dae778c9"},"headline":"\u201cA Futur\u00e1lia contribui para reduzir a incerteza na escolha, alargar horizontes e criar oportunidades\u201d","datePublished":"2026-03-13T07:00:00+00:00","mainEntityOfPage":{"@id":"https:\/\/maismagazine.pt\/index.php\/2026\/03\/13\/a-futuralia-contribui-para-reduzir-a-incerteza-na-escolha-alargar-horizontes-e-criar-oportunidades\/"},"wordCount":502,"publisher":{"@id":"https:\/\/maismagazine.pt\/#organization"},"image":{"@id":"https:\/\/maismagazine.pt\/index.php\/2026\/03\/13\/a-futuralia-contribui-para-reduzir-a-incerteza-na-escolha-alargar-horizontes-e-criar-oportunidades\/#primaryimage"},"thumbnailUrl":"http:\/\/maismagazine.pt\/wp-content\/uploads\/2026\/03\/DSC02559.jpg","keywords":["Ensino","Futur\u00e1lia"],"articleSection":["Educa\u00e7\u00e3o"],"inLanguage":"pt-PT"},{"@type":"WebPage","@id":"https:\/\/maismagazine.pt\/index.php\/2026\/03\/13\/a-futuralia-contribui-para-reduzir-a-incerteza-na-escolha-alargar-horizontes-e-criar-oportunidades\/","url":"https:\/\/maismagazine.pt\/index.php\/2026\/03\/13\/a-futuralia-contribui-para-reduzir-a-incerteza-na-escolha-alargar-horizontes-e-criar-oportunidades\/","name":"\u201cA Futur\u00e1lia contribui para reduzir a incerteza na escolha, alargar horizontes e criar oportunidades\u201d - Mais Magazine","isPartOf":{"@id":"https:\/\/maismagazine.pt\/#website"},"primaryImageOfPage":{"@id":"https:\/\/maismagazine.pt\/index.php\/2026\/03\/13\/a-futuralia-contribui-para-reduzir-a-incerteza-na-escolha-alargar-horizontes-e-criar-oportunidades\/#primaryimage"},"image":{"@id":"https:\/\/maismagazine.pt\/index.php\/2026\/03\/13\/a-futuralia-contribui-para-reduzir-a-incerteza-na-escolha-alargar-horizontes-e-criar-oportunidades\/#primaryimage"},"thumbnailUrl":"http:\/\/maismagazine.pt\/wp-content\/uploads\/2026\/03\/DSC02559.jpg","datePublished":"2026-03-13T07:00:00+00:00","breadcrumb":{"@id":"https:\/\/maismagazine.pt\/index.php\/2026\/03\/13\/a-futuralia-contribui-para-reduzir-a-incerteza-na-escolha-alargar-horizontes-e-criar-oportunidades\/#breadcrumb"},"inLanguage":"pt-PT","potentialAction":[{"@type":"ReadAction","target":["https:\/\/maismagazine.pt\/index.php\/2026\/03\/13\/a-futuralia-contribui-para-reduzir-a-incerteza-na-escolha-alargar-horizontes-e-criar-oportunidades\/"]}]},{"@type":"ImageObject","inLanguage":"pt-PT","@id":"https:\/\/maismagazine.pt\/index.php\/2026\/03\/13\/a-futuralia-contribui-para-reduzir-a-incerteza-na-escolha-alargar-horizontes-e-criar-oportunidades\/#primaryimage","url":"http:\/\/maismagazine.pt\/wp-content\/uploads\/2026\/03\/DSC02559.jpg","contentUrl":"http:\/\/maismagazine.pt\/wp-content\/uploads\/2026\/03\/DSC02559.jpg","width":1333,"height":2000,"caption":"Maria Jo\u00e3o Arruda, Gestora da Futur\u00e1lia"},{"@type":"BreadcrumbList","@id":"https:\/\/maismagazine.pt\/index.php\/2026\/03\/13\/a-futuralia-contribui-para-reduzir-a-incerteza-na-escolha-alargar-horizontes-e-criar-oportunidades\/#breadcrumb","itemListElement":[{"@type":"ListItem","position":1,"name":"Home","item":"https:\/\/maismagazine.pt\/"},{"@type":"ListItem","position":2,"name":"\u201cA Futur\u00e1lia contribui para reduzir a incerteza na escolha, alargar horizontes e criar oportunidades\u201d"}]},{"@type":"WebSite","@id":"https:\/\/maismagazine.pt\/#website","url":"https:\/\/maismagazine.pt\/","name":"Mais Magazine","description":"","publisher":{"@id":"https:\/\/maismagazine.pt\/#organization"},"potentialAction":[{"@type":"SearchAction","target":{"@type":"EntryPoint","urlTemplate":"https:\/\/maismagazine.pt\/?s={search_term_string}"},"query-input":{"@type":"PropertyValueSpecification","valueRequired":true,"valueName":"search_term_string"}}],"inLanguage":"pt-PT"},{"@type":"Organization","@id":"https:\/\/maismagazine.pt\/#organization","name":"Mais Magazine","url":"https:\/\/maismagazine.pt\/","logo":{"@type":"ImageObject","inLanguage":"pt-PT","@id":"https:\/\/maismagazine.pt\/#\/schema\/logo\/image\/","url":"http:\/\/maismagazine.pt\/wp-content\/uploads\/2020\/04\/cropped-cropped-mais-magazine-site-logo-2.png","contentUrl":"http:\/\/maismagazine.pt\/wp-content\/uploads\/2020\/04\/cropped-cropped-mais-magazine-site-logo-2.png","width":581,"height":90,"caption":"Mais Magazine"},"image":{"@id":"https:\/\/maismagazine.pt\/#\/schema\/logo\/image\/"}},{"@type":"Person","@id":"https:\/\/maismagazine.pt\/#\/schema\/person\/7426e2caeb8df32a1b56aa48dae778c9","name":"Tatiana Martins","image":{"@type":"ImageObject","inLanguage":"pt-PT","@id":"https:\/\/maismagazine.pt\/#\/schema\/person\/image\/","url":"https:\/\/secure.gravatar.com\/avatar\/4b24a57f5d0425f2eb20981c4b53244e?s=96&d=mm&r=g","contentUrl":"https:\/\/secure.gravatar.com\/avatar\/4b24a57f5d0425f2eb20981c4b53244e?s=96&d=mm&r=g","caption":"Tatiana Martins"},"url":"http:\/\/maismagazine.pt\/index.php\/author\/tatiana\/"}]}},"author_meta":{"display_name":false,"author_link":"http:\/\/maismagazine.pt\/index.php\/author\/tatiana\/"},"featured_img":"http:\/\/maismagazine.pt\/wp-content\/uploads\/2026\/03\/DSC02559-200x300.jpg","coauthors":[],"tax_additional":{"categories":{"linked":["<a href=\"http:\/\/maismagazine.pt\/index.php\/category\/educacao\/\" class=\"advgb-post-tax-term\">Educa\u00e7\u00e3o<\/a>"],"unlinked":["<span class=\"advgb-post-tax-term\">Educa\u00e7\u00e3o<\/span>"]},"tags":{"linked":["<a href=\"http:\/\/maismagazine.pt\/index.php\/category\/educacao\/\" class=\"advgb-post-tax-term\">Ensino<\/a>","<a href=\"http:\/\/maismagazine.pt\/index.php\/category\/educacao\/\" class=\"advgb-post-tax-term\">Futur\u00e1lia<\/a>"],"unlinked":["<span class=\"advgb-post-tax-term\">Ensino<\/span>","<span class=\"advgb-post-tax-term\">Futur\u00e1lia<\/span>"]}},"comment_count":"0","relative_dates":{"created":"Posted 2 meses ago","modified":"Updated 2 meses ago"},"absolute_dates":{"created":"Posted on 13 de Mar\u00e7o, 2026","modified":"Updated on 11 de Mar\u00e7o, 2026"},"absolute_dates_time":{"created":"Posted on 13 de Mar\u00e7o, 2026 7:00","modified":"Updated on 11 de Mar\u00e7o, 2026 14:27"},"featured_img_caption":"Maria Jo\u00e3o Arruda, Gestora da Futur\u00e1lia","series_order":"","_links":{"self":[{"href":"http:\/\/maismagazine.pt\/index.php\/wp-json\/wp\/v2\/posts\/13767","targetHints":{"allow":["GET"]}}],"collection":[{"href":"http:\/\/maismagazine.pt\/index.php\/wp-json\/wp\/v2\/posts"}],"about":[{"href":"http:\/\/maismagazine.pt\/index.php\/wp-json\/wp\/v2\/types\/post"}],"author":[{"embeddable":true,"href":"http:\/\/maismagazine.pt\/index.php\/wp-json\/wp\/v2\/users\/18"}],"replies":[{"embeddable":true,"href":"http:\/\/maismagazine.pt\/index.php\/wp-json\/wp\/v2\/comments?post=13767"}],"version-history":[{"count":1,"href":"http:\/\/maismagazine.pt\/index.php\/wp-json\/wp\/v2\/posts\/13767\/revisions"}],"predecessor-version":[{"id":13773,"href":"http:\/\/maismagazine.pt\/index.php\/wp-json\/wp\/v2\/posts\/13767\/revisions\/13773"}],"wp:featuredmedia":[{"embeddable":true,"href":"http:\/\/maismagazine.pt\/index.php\/wp-json\/wp\/v2\/media\/13772"}],"wp:attachment":[{"href":"http:\/\/maismagazine.pt\/index.php\/wp-json\/wp\/v2\/media?parent=13767"}],"wp:term":[{"taxonomy":"category","embeddable":true,"href":"http:\/\/maismagazine.pt\/index.php\/wp-json\/wp\/v2\/categories?post=13767"},{"taxonomy":"post_tag","embeddable":true,"href":"http:\/\/maismagazine.pt\/index.php\/wp-json\/wp\/v2\/tags?post=13767"}],"curies":[{"name":"wp","href":"https:\/\/api.w.org\/{rel}","templated":true}]}}