{"id":13758,"date":"2026-03-13T07:00:00","date_gmt":"2026-03-13T07:00:00","guid":{"rendered":"https:\/\/maismagazine.pt\/?p=13758"},"modified":"2026-03-13T09:55:00","modified_gmt":"2026-03-13T09:55:00","slug":"escola-superior-de-educacao-paula-frassinetti","status":"publish","type":"post","link":"http:\/\/maismagazine.pt\/index.php\/2026\/03\/13\/escola-superior-de-educacao-paula-frassinetti\/","title":{"rendered":"Escola Superior de Educa\u00e7\u00e3o Paula Frassinetti"},"content":{"rendered":"\n<p>LICENCIATURAS<\/p>\n\n\n\n<p>EDUCA\u00c7\u00c3O B\u00c1SICA<\/p>\n\n\n\n<p>EDUCA\u00c7\u00c3O SOCIAL<\/p>\n\n\n\n<p><\/p>\n\n\n\n<p>MESTRADOS ensino<\/p>\n\n\n\n<p>EDUCA\u00c7\u00c3O PR\u00c9-ESCOLAR<\/p>\n\n\n\n<p>1.\u00ba CICLO DO ENSINO B\u00c1SICO<\/p>\n\n\n\n<p>2.\u00ba CICLO DO ENSINO B\u00c1SICO<\/p>\n\n\n\n<p><\/p>\n\n\n\n<p>MESTRADOS especializa\u00e7\u00e3o<\/p>\n\n\n\n<p>INTERVEN\u00c7\u00c3O COMUNIT\u00c1RIA<\/p>\n\n\n\n<p>EDUCA\u00c7\u00c3O (3 \u00c1REAS DE ESPECIALIZA\u00c7\u00c3O)<\/p>\n\n\n\n<p><\/p>\n\n\n\n<p>P\u00d3S-GRADUA\u00c7\u00d5ES e-learning e b-learning<\/p>\n\n\n\n<p><\/p>\n\n\n\n<p>CTESP Design Educacional e Tecnologias Digitais<\/p>\n\n\n\n<p><\/p>\n\n\n\n<p><a href=\"http:\/\/www.esepf.pt\">www.esepf.pt<\/a><\/p>\n\n\n\n<p><canvas width=\"1245\" height=\"1755\"><\/canvas><\/p>\n\n\n\n<p><\/p>\n","protected":false},"excerpt":{"rendered":"<p>LICENCIATURAS EDUCA\u00c7\u00c3O B\u00c1SICA EDUCA\u00c7\u00c3O SOCIAL MESTRADOS ensino EDUCA\u00c7\u00c3O PR\u00c9-ESCOLAR 1.\u00ba CICLO DO ENSINO B\u00c1SICO 2.\u00ba CICLO DO ENSINO B\u00c1SICO MESTRADOS especializa\u00e7\u00e3o INTERVEN\u00c7\u00c3O COMUNIT\u00c1RIA EDUCA\u00c7\u00c3O (3 \u00c1REAS DE ESPECIALIZA\u00c7\u00c3O) P\u00d3S-GRADUA\u00c7\u00d5ES e-learning e b-learning CTESP Design Educacional e Tecnologias Digitais www.esepf.pt<\/p>\n","protected":false},"author":18,"featured_media":13764,"comment_status":"closed","ping_status":"open","sticky":false,"template":"","format":"standard","meta":{"advgb_blocks_editor_width":"","advgb_blocks_columns_visual_guide":"","_monsterinsights_skip_tracking":false,"_monsterinsights_sitenote_active":false,"_monsterinsights_sitenote_note":"","_monsterinsights_sitenote_category":0,"footnotes":""},"categories":[1460],"tags":[521,2589],"class_list":["post-13758","post","type-post","status-publish","format-standard","has-post-thumbnail","hentry","category-publicidade","tag-ensino","tag-escola-superior-de-educacao-paula-frassinetti"],"yoast_head":"<!-- This site is optimized with the Yoast SEO plugin v24.4 - https:\/\/yoast.com\/wordpress\/plugins\/seo\/ -->\n<title>Escola Superior de Educa\u00e7\u00e3o Paula Frassinetti - Mais Magazine<\/title>\n<meta name=\"robots\" content=\"index, follow, max-snippet:-1, max-image-preview:large, max-video-preview:-1\" \/>\n<link rel=\"canonical\" href=\"http:\/\/maismagazine.pt\/index.php\/2026\/03\/13\/escola-superior-de-educacao-paula-frassinetti\/\" \/>\n<meta property=\"og:locale\" content=\"pt_PT\" \/>\n<meta property=\"og:type\" content=\"article\" \/>\n<meta property=\"og:title\" content=\"Escola Superior de Educa\u00e7\u00e3o Paula Frassinetti - Mais Magazine\" \/>\n<meta property=\"og:description\" content=\"LICENCIATURAS EDUCA\u00c7\u00c3O B\u00c1SICA EDUCA\u00c7\u00c3O SOCIAL MESTRADOS ensino EDUCA\u00c7\u00c3O PR\u00c9-ESCOLAR 1.\u00ba CICLO DO ENSINO B\u00c1SICO 2.\u00ba CICLO DO ENSINO B\u00c1SICO MESTRADOS especializa\u00e7\u00e3o INTERVEN\u00c7\u00c3O COMUNIT\u00c1RIA EDUCA\u00c7\u00c3O (3 \u00c1REAS DE ESPECIALIZA\u00c7\u00c3O) P\u00d3S-GRADUA\u00c7\u00d5ES e-learning e b-learning CTESP Design Educacional e Tecnologias Digitais www.esepf.pt\" \/>\n<meta property=\"og:url\" content=\"http:\/\/maismagazine.pt\/index.php\/2026\/03\/13\/escola-superior-de-educacao-paula-frassinetti\/\" \/>\n<meta property=\"og:site_name\" content=\"Mais Magazine\" \/>\n<meta property=\"article:published_time\" content=\"2026-03-13T07:00:00+00:00\" \/>\n<meta property=\"article:modified_time\" content=\"2026-03-13T09:55:00+00:00\" \/>\n<meta property=\"og:image\" content=\"http:\/\/maismagazine.pt\/wp-content\/uploads\/2026\/03\/Logo-ESEPF-institucional2.jpg\" \/>\n\t<meta property=\"og:image:width\" content=\"400\" \/>\n\t<meta property=\"og:image:height\" content=\"300\" \/>\n\t<meta property=\"og:image:type\" content=\"image\/jpeg\" \/>\n<meta name=\"author\" content=\"Tatiana Martins\" \/>\n<meta name=\"twitter:card\" content=\"summary_large_image\" \/>\n<meta name=\"twitter:label1\" content=\"Escrito por\" \/>\n\t<meta name=\"twitter:data1\" content=\"\" \/>\n\t<meta name=\"twitter:label2\" content=\"Tempo estimado de leitura\" \/>\n\t<meta name=\"twitter:data2\" content=\"1 minuto\" \/>\n<script type=\"application\/ld+json\" class=\"yoast-schema-graph\">{\"@context\":\"https:\/\/schema.org\",\"@graph\":[{\"@type\":\"Article\",\"@id\":\"http:\/\/maismagazine.pt\/index.php\/2026\/03\/13\/escola-superior-de-educacao-paula-frassinetti\/#article\",\"isPartOf\":{\"@id\":\"http:\/\/maismagazine.pt\/index.php\/2026\/03\/13\/escola-superior-de-educacao-paula-frassinetti\/\"},\"author\":{\"name\":\"Tatiana Martins\",\"@id\":\"http:\/\/maismagazine.pt\/#\/schema\/person\/7426e2caeb8df32a1b56aa48dae778c9\"},\"headline\":\"Escola Superior de Educa\u00e7\u00e3o Paula Frassinetti\",\"datePublished\":\"2026-03-13T07:00:00+00:00\",\"dateModified\":\"2026-03-13T09:55:00+00:00\",\"mainEntityOfPage\":{\"@id\":\"http:\/\/maismagazine.pt\/index.php\/2026\/03\/13\/escola-superior-de-educacao-paula-frassinetti\/\"},\"wordCount\":59,\"publisher\":{\"@id\":\"http:\/\/maismagazine.pt\/#organization\"},\"image\":{\"@id\":\"http:\/\/maismagazine.pt\/index.php\/2026\/03\/13\/escola-superior-de-educacao-paula-frassinetti\/#primaryimage\"},\"thumbnailUrl\":\"http:\/\/maismagazine.pt\/wp-content\/uploads\/2026\/03\/Logo-ESEPF-institucional2.jpg\",\"keywords\":[\"Ensino\",\"Escola Superior de Educa\u00e7\u00e3o Paula Frassinetti\"],\"articleSection\":[\"publicidade\"],\"inLanguage\":\"pt-PT\"},{\"@type\":\"WebPage\",\"@id\":\"http:\/\/maismagazine.pt\/index.php\/2026\/03\/13\/escola-superior-de-educacao-paula-frassinetti\/\",\"url\":\"http:\/\/maismagazine.pt\/index.php\/2026\/03\/13\/escola-superior-de-educacao-paula-frassinetti\/\",\"name\":\"Escola Superior de Educa\u00e7\u00e3o Paula Frassinetti - Mais Magazine\",\"isPartOf\":{\"@id\":\"http:\/\/maismagazine.pt\/#website\"},\"primaryImageOfPage\":{\"@id\":\"http:\/\/maismagazine.pt\/index.php\/2026\/03\/13\/escola-superior-de-educacao-paula-frassinetti\/#primaryimage\"},\"image\":{\"@id\":\"http:\/\/maismagazine.pt\/index.php\/2026\/03\/13\/escola-superior-de-educacao-paula-frassinetti\/#primaryimage\"},\"thumbnailUrl\":\"http:\/\/maismagazine.pt\/wp-content\/uploads\/2026\/03\/Logo-ESEPF-institucional2.jpg\",\"datePublished\":\"2026-03-13T07:00:00+00:00\",\"dateModified\":\"2026-03-13T09:55:00+00:00\",\"breadcrumb\":{\"@id\":\"http:\/\/maismagazine.pt\/index.php\/2026\/03\/13\/escola-superior-de-educacao-paula-frassinetti\/#breadcrumb\"},\"inLanguage\":\"pt-PT\",\"potentialAction\":[{\"@type\":\"ReadAction\",\"target\":[\"http:\/\/maismagazine.pt\/index.php\/2026\/03\/13\/escola-superior-de-educacao-paula-frassinetti\/\"]}]},{\"@type\":\"ImageObject\",\"inLanguage\":\"pt-PT\",\"@id\":\"http:\/\/maismagazine.pt\/index.php\/2026\/03\/13\/escola-superior-de-educacao-paula-frassinetti\/#primaryimage\",\"url\":\"http:\/\/maismagazine.pt\/wp-content\/uploads\/2026\/03\/Logo-ESEPF-institucional2.jpg\",\"contentUrl\":\"http:\/\/maismagazine.pt\/wp-content\/uploads\/2026\/03\/Logo-ESEPF-institucional2.jpg\",\"width\":400,\"height\":300},{\"@type\":\"BreadcrumbList\",\"@id\":\"http:\/\/maismagazine.pt\/index.php\/2026\/03\/13\/escola-superior-de-educacao-paula-frassinetti\/#breadcrumb\",\"itemListElement\":[{\"@type\":\"ListItem\",\"position\":1,\"name\":\"Home\",\"item\":\"http:\/\/maismagazine.pt\/\"},{\"@type\":\"ListItem\",\"position\":2,\"name\":\"Escola Superior de Educa\u00e7\u00e3o Paula Frassinetti\"}]},{\"@type\":\"WebSite\",\"@id\":\"http:\/\/maismagazine.pt\/#website\",\"url\":\"http:\/\/maismagazine.pt\/\",\"name\":\"Mais Magazine\",\"description\":\"\",\"publisher\":{\"@id\":\"http:\/\/maismagazine.pt\/#organization\"},\"potentialAction\":[{\"@type\":\"SearchAction\",\"target\":{\"@type\":\"EntryPoint\",\"urlTemplate\":\"http:\/\/maismagazine.pt\/?s={search_term_string}\"},\"query-input\":{\"@type\":\"PropertyValueSpecification\",\"valueRequired\":true,\"valueName\":\"search_term_string\"}}],\"inLanguage\":\"pt-PT\"},{\"@type\":\"Organization\",\"@id\":\"http:\/\/maismagazine.pt\/#organization\",\"name\":\"Mais Magazine\",\"url\":\"http:\/\/maismagazine.pt\/\",\"logo\":{\"@type\":\"ImageObject\",\"inLanguage\":\"pt-PT\",\"@id\":\"http:\/\/maismagazine.pt\/#\/schema\/logo\/image\/\",\"url\":\"http:\/\/maismagazine.pt\/wp-content\/uploads\/2020\/04\/cropped-cropped-mais-magazine-site-logo-2.png\",\"contentUrl\":\"http:\/\/maismagazine.pt\/wp-content\/uploads\/2020\/04\/cropped-cropped-mais-magazine-site-logo-2.png\",\"width\":581,\"height\":90,\"caption\":\"Mais Magazine\"},\"image\":{\"@id\":\"http:\/\/maismagazine.pt\/#\/schema\/logo\/image\/\"}},{\"@type\":\"Person\",\"@id\":\"http:\/\/maismagazine.pt\/#\/schema\/person\/7426e2caeb8df32a1b56aa48dae778c9\",\"name\":\"Tatiana Martins\",\"image\":{\"@type\":\"ImageObject\",\"inLanguage\":\"pt-PT\",\"@id\":\"http:\/\/maismagazine.pt\/#\/schema\/person\/image\/\",\"url\":\"https:\/\/secure.gravatar.com\/avatar\/4b24a57f5d0425f2eb20981c4b53244e?s=96&d=mm&r=g\",\"contentUrl\":\"https:\/\/secure.gravatar.com\/avatar\/4b24a57f5d0425f2eb20981c4b53244e?s=96&d=mm&r=g\",\"caption\":\"Tatiana Martins\"},\"url\":\"http:\/\/maismagazine.pt\/index.php\/author\/tatiana\/\"}]}<\/script>\n<!-- \/ Yoast SEO plugin. -->","yoast_head_json":{"title":"Escola Superior de Educa\u00e7\u00e3o Paula Frassinetti - Mais Magazine","robots":{"index":"index","follow":"follow","max-snippet":"max-snippet:-1","max-image-preview":"max-image-preview:large","max-video-preview":"max-video-preview:-1"},"canonical":"http:\/\/maismagazine.pt\/index.php\/2026\/03\/13\/escola-superior-de-educacao-paula-frassinetti\/","og_locale":"pt_PT","og_type":"article","og_title":"Escola Superior de Educa\u00e7\u00e3o Paula Frassinetti - Mais Magazine","og_description":"LICENCIATURAS EDUCA\u00c7\u00c3O B\u00c1SICA EDUCA\u00c7\u00c3O SOCIAL MESTRADOS ensino EDUCA\u00c7\u00c3O PR\u00c9-ESCOLAR 1.\u00ba CICLO DO ENSINO B\u00c1SICO 2.\u00ba CICLO DO ENSINO B\u00c1SICO MESTRADOS especializa\u00e7\u00e3o INTERVEN\u00c7\u00c3O COMUNIT\u00c1RIA EDUCA\u00c7\u00c3O (3 \u00c1REAS DE ESPECIALIZA\u00c7\u00c3O) P\u00d3S-GRADUA\u00c7\u00d5ES e-learning e b-learning CTESP Design Educacional e Tecnologias Digitais www.esepf.pt","og_url":"http:\/\/maismagazine.pt\/index.php\/2026\/03\/13\/escola-superior-de-educacao-paula-frassinetti\/","og_site_name":"Mais Magazine","article_published_time":"2026-03-13T07:00:00+00:00","article_modified_time":"2026-03-13T09:55:00+00:00","og_image":[{"width":400,"height":300,"url":"http:\/\/maismagazine.pt\/wp-content\/uploads\/2026\/03\/Logo-ESEPF-institucional2.jpg","type":"image\/jpeg"}],"author":"Tatiana Martins","twitter_card":"summary_large_image","twitter_misc":{"Escrito por":false,"Tempo estimado de leitura":"1 minuto"},"schema":{"@context":"https:\/\/schema.org","@graph":[{"@type":"Article","@id":"http:\/\/maismagazine.pt\/index.php\/2026\/03\/13\/escola-superior-de-educacao-paula-frassinetti\/#article","isPartOf":{"@id":"http:\/\/maismagazine.pt\/index.php\/2026\/03\/13\/escola-superior-de-educacao-paula-frassinetti\/"},"author":{"name":"Tatiana Martins","@id":"http:\/\/maismagazine.pt\/#\/schema\/person\/7426e2caeb8df32a1b56aa48dae778c9"},"headline":"Escola Superior de Educa\u00e7\u00e3o Paula Frassinetti","datePublished":"2026-03-13T07:00:00+00:00","dateModified":"2026-03-13T09:55:00+00:00","mainEntityOfPage":{"@id":"http:\/\/maismagazine.pt\/index.php\/2026\/03\/13\/escola-superior-de-educacao-paula-frassinetti\/"},"wordCount":59,"publisher":{"@id":"http:\/\/maismagazine.pt\/#organization"},"image":{"@id":"http:\/\/maismagazine.pt\/index.php\/2026\/03\/13\/escola-superior-de-educacao-paula-frassinetti\/#primaryimage"},"thumbnailUrl":"http:\/\/maismagazine.pt\/wp-content\/uploads\/2026\/03\/Logo-ESEPF-institucional2.jpg","keywords":["Ensino","Escola Superior de Educa\u00e7\u00e3o Paula Frassinetti"],"articleSection":["publicidade"],"inLanguage":"pt-PT"},{"@type":"WebPage","@id":"http:\/\/maismagazine.pt\/index.php\/2026\/03\/13\/escola-superior-de-educacao-paula-frassinetti\/","url":"http:\/\/maismagazine.pt\/index.php\/2026\/03\/13\/escola-superior-de-educacao-paula-frassinetti\/","name":"Escola Superior de Educa\u00e7\u00e3o Paula Frassinetti - Mais Magazine","isPartOf":{"@id":"http:\/\/maismagazine.pt\/#website"},"primaryImageOfPage":{"@id":"http:\/\/maismagazine.pt\/index.php\/2026\/03\/13\/escola-superior-de-educacao-paula-frassinetti\/#primaryimage"},"image":{"@id":"http:\/\/maismagazine.pt\/index.php\/2026\/03\/13\/escola-superior-de-educacao-paula-frassinetti\/#primaryimage"},"thumbnailUrl":"http:\/\/maismagazine.pt\/wp-content\/uploads\/2026\/03\/Logo-ESEPF-institucional2.jpg","datePublished":"2026-03-13T07:00:00+00:00","dateModified":"2026-03-13T09:55:00+00:00","breadcrumb":{"@id":"http:\/\/maismagazine.pt\/index.php\/2026\/03\/13\/escola-superior-de-educacao-paula-frassinetti\/#breadcrumb"},"inLanguage":"pt-PT","potentialAction":[{"@type":"ReadAction","target":["http:\/\/maismagazine.pt\/index.php\/2026\/03\/13\/escola-superior-de-educacao-paula-frassinetti\/"]}]},{"@type":"ImageObject","inLanguage":"pt-PT","@id":"http:\/\/maismagazine.pt\/index.php\/2026\/03\/13\/escola-superior-de-educacao-paula-frassinetti\/#primaryimage","url":"http:\/\/maismagazine.pt\/wp-content\/uploads\/2026\/03\/Logo-ESEPF-institucional2.jpg","contentUrl":"http:\/\/maismagazine.pt\/wp-content\/uploads\/2026\/03\/Logo-ESEPF-institucional2.jpg","width":400,"height":300},{"@type":"BreadcrumbList","@id":"http:\/\/maismagazine.pt\/index.php\/2026\/03\/13\/escola-superior-de-educacao-paula-frassinetti\/#breadcrumb","itemListElement":[{"@type":"ListItem","position":1,"name":"Home","item":"http:\/\/maismagazine.pt\/"},{"@type":"ListItem","position":2,"name":"Escola Superior de Educa\u00e7\u00e3o Paula Frassinetti"}]},{"@type":"WebSite","@id":"http:\/\/maismagazine.pt\/#website","url":"http:\/\/maismagazine.pt\/","name":"Mais Magazine","description":"","publisher":{"@id":"http:\/\/maismagazine.pt\/#organization"},"potentialAction":[{"@type":"SearchAction","target":{"@type":"EntryPoint","urlTemplate":"http:\/\/maismagazine.pt\/?s={search_term_string}"},"query-input":{"@type":"PropertyValueSpecification","valueRequired":true,"valueName":"search_term_string"}}],"inLanguage":"pt-PT"},{"@type":"Organization","@id":"http:\/\/maismagazine.pt\/#organization","name":"Mais Magazine","url":"http:\/\/maismagazine.pt\/","logo":{"@type":"ImageObject","inLanguage":"pt-PT","@id":"http:\/\/maismagazine.pt\/#\/schema\/logo\/image\/","url":"http:\/\/maismagazine.pt\/wp-content\/uploads\/2020\/04\/cropped-cropped-mais-magazine-site-logo-2.png","contentUrl":"http:\/\/maismagazine.pt\/wp-content\/uploads\/2020\/04\/cropped-cropped-mais-magazine-site-logo-2.png","width":581,"height":90,"caption":"Mais Magazine"},"image":{"@id":"http:\/\/maismagazine.pt\/#\/schema\/logo\/image\/"}},{"@type":"Person","@id":"http:\/\/maismagazine.pt\/#\/schema\/person\/7426e2caeb8df32a1b56aa48dae778c9","name":"Tatiana Martins","image":{"@type":"ImageObject","inLanguage":"pt-PT","@id":"http:\/\/maismagazine.pt\/#\/schema\/person\/image\/","url":"https:\/\/secure.gravatar.com\/avatar\/4b24a57f5d0425f2eb20981c4b53244e?s=96&d=mm&r=g","contentUrl":"https:\/\/secure.gravatar.com\/avatar\/4b24a57f5d0425f2eb20981c4b53244e?s=96&d=mm&r=g","caption":"Tatiana Martins"},"url":"http:\/\/maismagazine.pt\/index.php\/author\/tatiana\/"}]}},"author_meta":{"display_name":false,"author_link":"http:\/\/maismagazine.pt\/index.php\/author\/tatiana\/"},"featured_img":"http:\/\/maismagazine.pt\/wp-content\/uploads\/2026\/03\/Logo-ESEPF-institucional2-300x225.jpg","coauthors":[],"tax_additional":{"categories":{"linked":["<a href=\"http:\/\/maismagazine.pt\/index.php\/category\/publicidade\/\" class=\"advgb-post-tax-term\">publicidade<\/a>"],"unlinked":["<span class=\"advgb-post-tax-term\">publicidade<\/span>"]},"tags":{"linked":["<a href=\"http:\/\/maismagazine.pt\/index.php\/category\/publicidade\/\" class=\"advgb-post-tax-term\">Ensino<\/a>","<a href=\"http:\/\/maismagazine.pt\/index.php\/category\/publicidade\/\" class=\"advgb-post-tax-term\">Escola Superior de Educa\u00e7\u00e3o Paula Frassinetti<\/a>"],"unlinked":["<span class=\"advgb-post-tax-term\">Ensino<\/span>","<span class=\"advgb-post-tax-term\">Escola Superior de Educa\u00e7\u00e3o Paula Frassinetti<\/span>"]}},"comment_count":"0","relative_dates":{"created":"Posted 2 meses ago","modified":"Updated 2 meses ago"},"absolute_dates":{"created":"Posted on 13 de Mar\u00e7o, 2026","modified":"Updated on 13 de Mar\u00e7o, 2026"},"absolute_dates_time":{"created":"Posted on 13 de Mar\u00e7o, 2026 7:00","modified":"Updated on 13 de Mar\u00e7o, 2026 9:55"},"featured_img_caption":"","series_order":"","_links":{"self":[{"href":"http:\/\/maismagazine.pt\/index.php\/wp-json\/wp\/v2\/posts\/13758","targetHints":{"allow":["GET"]}}],"collection":[{"href":"http:\/\/maismagazine.pt\/index.php\/wp-json\/wp\/v2\/posts"}],"about":[{"href":"http:\/\/maismagazine.pt\/index.php\/wp-json\/wp\/v2\/types\/post"}],"author":[{"embeddable":true,"href":"http:\/\/maismagazine.pt\/index.php\/wp-json\/wp\/v2\/users\/18"}],"replies":[{"embeddable":true,"href":"http:\/\/maismagazine.pt\/index.php\/wp-json\/wp\/v2\/comments?post=13758"}],"version-history":[{"count":1,"href":"http:\/\/maismagazine.pt\/index.php\/wp-json\/wp\/v2\/posts\/13758\/revisions"}],"predecessor-version":[{"id":13765,"href":"http:\/\/maismagazine.pt\/index.php\/wp-json\/wp\/v2\/posts\/13758\/revisions\/13765"}],"wp:featuredmedia":[{"embeddable":true,"href":"http:\/\/maismagazine.pt\/index.php\/wp-json\/wp\/v2\/media\/13764"}],"wp:attachment":[{"href":"http:\/\/maismagazine.pt\/index.php\/wp-json\/wp\/v2\/media?parent=13758"}],"wp:term":[{"taxonomy":"category","embeddable":true,"href":"http:\/\/maismagazine.pt\/index.php\/wp-json\/wp\/v2\/categories?post=13758"},{"taxonomy":"post_tag","embeddable":true,"href":"http:\/\/maismagazine.pt\/index.php\/wp-json\/wp\/v2\/tags?post=13758"}],"curies":[{"name":"wp","href":"https:\/\/api.w.org\/{rel}","templated":true}]}}