{"id":13754,"date":"2026-03-13T07:00:00","date_gmt":"2026-03-13T07:00:00","guid":{"rendered":"https:\/\/maismagazine.pt\/?p=13754"},"modified":"2026-03-11T14:23:15","modified_gmt":"2026-03-11T14:23:15","slug":"dia-mundial-da-agua-2026-promover-o-termalismo-e-defender-a-agua-e-defender-a-saude","status":"publish","type":"post","link":"http:\/\/maismagazine.pt\/index.php\/2026\/03\/13\/dia-mundial-da-agua-2026-promover-o-termalismo-e-defender-a-agua-e-defender-a-saude\/","title":{"rendered":"Dia Mundial da \u00c1gua 2026: \u201cPromover o termalismo \u00e9 defender a \u00e1gua, \u00e9 defender a Sa\u00fade\u201d"},"content":{"rendered":"\n<p>O Decreto-Lei n\u00ba 142\/2004, de 11 de junho de 2024, define termalismo como <em>\u201co uso da \u00e1gua mineral natural e outros meios complementares para fins de preven\u00e7\u00e3o, tratamento, reabilita\u00e7\u00e3o ou bem-estar\u201d<\/em>. Desta forma, a lei consagra o termalismo como um fen\u00f3meno de Sa\u00fade. Acrescente-se a este prop\u00f3sito que na defini\u00e7\u00e3o de Sa\u00fade da Organiza\u00e7\u00e3o Mundial de Sa\u00fade (estabelecida h\u00e1 j\u00e1 quase 8 d\u00e9cadas) est\u00e1 inclu\u00edda a componente de \u201cbem-estar\u201d (f\u00edsico, ps\u00edquico e social).<\/p>\n\n\n\n<p><\/p>\n\n\n\n<p>Quer isto dizer que promover o termalismo, mesmo na sua vertente \u201cl\u00fadica\u201d, constitui uma acertada estrat\u00e9gia de Sa\u00fade. N\u00e3o podemos defender a Sa\u00fade, a Vida, sem manter um foco muito especial na \u00e1gua. A \u00e1gua faz parte de n\u00f3s. Desde a nossa gesta\u00e7\u00e3o; na nossa constitui\u00e7\u00e3o; em todos os nossos processos fisiol\u00f3gicos. Falamos muitas vezes na distribui\u00e7\u00e3o da \u00e1gua no nosso planeta: nos oceanos e mares, nos glaciares, nos lagos e rios, no subsolo. Pois bem, n\u00e3o nos podemos esquecer que a \u00e1gua na Terra tamb\u00e9m est\u00e1 presente nos seres vivos e, de entre eles, na esp\u00e9cie humana.<\/p>\n\n\n\n<p><\/p>\n\n\n\n<p>Estamos, pois, intimamente ligados a um ecossistema global, podendo sofrer as consequ\u00eancias dos seus desequil\u00edbrios, das suas agress\u00f5es. H\u00e1 muitos s\u00e9culos, diria mesmo que ancestralmente, ganh\u00e1mos consci\u00eancia desta realidade. Todavia, parece que muitas vezes a Humanidade esquece a sua Natureza e comete actos de aut\u00eantica \u201cautoflagela\u00e7\u00e3o\u201d ao esquecer qu\u00e3o preciosa \u00e9 a \u00e1gua, a sua preserva\u00e7\u00e3o, a sua sustentabilidade. Por isso, para que esta mem\u00f3ria n\u00e3o seja curta, comemoramos o \u201cDia Mundial da \u00c1gua\u201d, pela primeira vez, formalmente proposto, na Agenda 21 da Confer\u00eancia das Na\u00e7\u00f5es Unidas sobre Meio Ambiente e Desenvolvimento de 1992, realizada no Rio de Janeiro. Em dezembro desse ano, a Assembleia Geral das Na\u00e7\u00f5es Unidas adoptou a resolu\u00e7\u00e3o A\/RES\/47\/193, pela qual 22 de mar\u00e7o de cada ano foi declarado Dia Mundial da \u00c1gua. O documento, considerado como \u201cDeclara\u00e7\u00e3o Universal dos Direitos da \u00c1gua\u201d, apresentava medidas, sugest\u00f5es e informa\u00e7\u00f5es para despertar a consci\u00eancia ecol\u00f3gica da popula\u00e7\u00e3o e dos governantes.<\/p>\n\n\n\n<p><\/p>\n\n\n\n<p>Hoje, neste editorial, acrescento a essas sugest\u00f5es a defesa do termalismo. Defender o termalismo \u00e9 defender a \u00e1gua, o clima, o meio ambiente. Do qual somos parte integrante e interactuantes. Defender as \u00e1guas minerais naturais, os seus aqu\u00edferos, os seus per\u00edmetros de protec\u00e7\u00e3o, as zonas de recarga, a sua sustentabilidade \u00e9 defender a Sa\u00fade. \u00c9 poder proporcionar a milh\u00f5es de cidad\u00e3os benef\u00edcios de Sa\u00fade.<\/p>\n\n\n\n<p><\/p>\n\n\n\n<p>Urge uma maior consciencializa\u00e7\u00e3o destes benef\u00edcios. Faz todo o sentido uma pol\u00edtica estruturada da actividade termal, dando ali\u00e1s cumprimento a decis\u00f5es j\u00e1 tomadas mas a que falta coordena\u00e7\u00e3o e implementa\u00e7\u00e3o. O exemplo da op\u00e7\u00e3o de muitas cidades por uma voca\u00e7\u00e3o de \u201ccidade termal\u201d, pode e deve inspirar planeamentos globais focados na valoriza\u00e7\u00e3o pela \u00e1gua.<\/p>\n\n\n\n<p>Ou n\u00e3o seja a \u00c1GUA ess\u00eancia da nossa VIDA! <\/p>\n\n\n\n<p><\/p>\n\n\n\n<p class=\"has-text-align-right\"><em>Pedro <\/em><em>Cantista<\/em><em>, <\/em><em>Presidente&nbsp;da <\/em><em>Sociedade<\/em><em> Portuguesa de <\/em><em>Hidrologia<\/em><em> M\u00e9dica (SPHM)<\/em><\/p>\n\n\n\n<p><\/p>\n\n\n<div class=\"wp-block-image\">\n<figure class=\"aligncenter size-full is-resized\"><img loading=\"lazy\" decoding=\"async\" width=\"500\" height=\"200\" src=\"https:\/\/maismagazine.pt\/wp-content\/uploads\/2026\/03\/logo-1.png\" alt=\"\" class=\"wp-image-13760\" style=\"width:345px;height:auto\" srcset=\"http:\/\/maismagazine.pt\/wp-content\/uploads\/2026\/03\/logo-1.png 500w, http:\/\/maismagazine.pt\/wp-content\/uploads\/2026\/03\/logo-1-300x120.png 300w\" sizes=\"auto, (max-width: 500px) 100vw, 500px\" \/><\/figure><\/div>","protected":false},"excerpt":{"rendered":"<p>O Decreto-Lei n\u00ba 142\/2004, de 11 de junho de 2024, define termalismo como \u201co uso da \u00e1gua mineral natural e outros meios complementares para fins de preven\u00e7\u00e3o, tratamento, reabilita\u00e7\u00e3o ou bem-estar\u201d. Desta forma, a lei consagra o termalismo como um fen\u00f3meno de Sa\u00fade. Acrescente-se a este prop\u00f3sito que na defini\u00e7\u00e3o&hellip;<\/p>\n","protected":false},"author":17,"featured_media":13762,"comment_status":"closed","ping_status":"open","sticky":false,"template":"","format":"standard","meta":{"advgb_blocks_editor_width":"","advgb_blocks_columns_visual_guide":"","_monsterinsights_skip_tracking":false,"_monsterinsights_sitenote_active":false,"_monsterinsights_sitenote_note":"","_monsterinsights_sitenote_category":0,"footnotes":""},"categories":[52,51,2584],"tags":[1393,2279],"class_list":["post-13754","post","type-post","status-publish","format-standard","has-post-thumbnail","hentry","category-destaque","category-opiniao","category-termalismo","tag-pedro-cantista","tag-sphm"],"yoast_head":"<!-- This site is optimized with the Yoast SEO plugin v24.4 - https:\/\/yoast.com\/wordpress\/plugins\/seo\/ -->\n<title>Dia Mundial da \u00c1gua 2026: \u201cPromover o termalismo \u00e9 defender a \u00e1gua, \u00e9 defender a Sa\u00fade\u201d - Mais Magazine<\/title>\n<meta name=\"description\" content=\"O Decreto-Lei n\u00ba 142\/2004, de 11 de junho de 2024, define termalismo como \u201co uso da \u00e1gua mineral natural e outros meios complementares para fins de preven\u00e7\u00e3o, tratamento, reabilita\u00e7\u00e3o ou bem-estar\u201d. Desta forma, a lei consagra o termalismo como um fen\u00f3meno de Sa\u00fade. Acrescente-se a este prop\u00f3sito que na defini\u00e7\u00e3o de Sa\u00fade da Organiza\u00e7\u00e3o Mundial de Sa\u00fade (estabelecida h\u00e1 j\u00e1 quase 8 d\u00e9cadas) est\u00e1 inclu\u00edda a componente de \u201cbem-estar\u201d (f\u00edsico, ps\u00edquico e social).\" \/>\n<meta name=\"robots\" content=\"index, follow, max-snippet:-1, max-image-preview:large, max-video-preview:-1\" \/>\n<link rel=\"canonical\" href=\"http:\/\/maismagazine.pt\/index.php\/2026\/03\/13\/dia-mundial-da-agua-2026-promover-o-termalismo-e-defender-a-agua-e-defender-a-saude\/\" \/>\n<meta property=\"og:locale\" content=\"pt_PT\" \/>\n<meta property=\"og:type\" content=\"article\" \/>\n<meta property=\"og:title\" content=\"Dia Mundial da \u00c1gua 2026: \u201cPromover o termalismo \u00e9 defender a \u00e1gua, \u00e9 defender a Sa\u00fade\u201d - Mais Magazine\" \/>\n<meta property=\"og:description\" content=\"O Decreto-Lei n\u00ba 142\/2004, de 11 de junho de 2024, define termalismo como \u201co uso da \u00e1gua mineral natural e outros meios complementares para fins de preven\u00e7\u00e3o, tratamento, reabilita\u00e7\u00e3o ou bem-estar\u201d. Desta forma, a lei consagra o termalismo como um fen\u00f3meno de Sa\u00fade. Acrescente-se a este prop\u00f3sito que na defini\u00e7\u00e3o de Sa\u00fade da Organiza\u00e7\u00e3o Mundial de Sa\u00fade (estabelecida h\u00e1 j\u00e1 quase 8 d\u00e9cadas) est\u00e1 inclu\u00edda a componente de \u201cbem-estar\u201d (f\u00edsico, ps\u00edquico e social).\" \/>\n<meta property=\"og:url\" content=\"http:\/\/maismagazine.pt\/index.php\/2026\/03\/13\/dia-mundial-da-agua-2026-promover-o-termalismo-e-defender-a-agua-e-defender-a-saude\/\" \/>\n<meta property=\"og:site_name\" content=\"Mais Magazine\" \/>\n<meta property=\"article:published_time\" content=\"2026-03-13T07:00:00+00:00\" \/>\n<meta property=\"og:image\" content=\"http:\/\/maismagazine.pt\/wp-content\/uploads\/2026\/03\/Pedro_cantista_tsj-8-1.jpg\" \/>\n\t<meta property=\"og:image:width\" content=\"395\" \/>\n\t<meta property=\"og:image:height\" content=\"525\" \/>\n\t<meta property=\"og:image:type\" content=\"image\/jpeg\" \/>\n<meta name=\"author\" content=\"Tiago Costa\" \/>\n<meta name=\"twitter:card\" content=\"summary_large_image\" \/>\n<meta name=\"twitter:label1\" content=\"Escrito por\" \/>\n\t<meta name=\"twitter:data1\" content=\"\" \/>\n\t<meta name=\"twitter:label2\" content=\"Tempo estimado de leitura\" \/>\n\t<meta name=\"twitter:data2\" content=\"3 minutos\" \/>\n<script type=\"application\/ld+json\" class=\"yoast-schema-graph\">{\"@context\":\"https:\/\/schema.org\",\"@graph\":[{\"@type\":\"Article\",\"@id\":\"http:\/\/maismagazine.pt\/index.php\/2026\/03\/13\/dia-mundial-da-agua-2026-promover-o-termalismo-e-defender-a-agua-e-defender-a-saude\/#article\",\"isPartOf\":{\"@id\":\"http:\/\/maismagazine.pt\/index.php\/2026\/03\/13\/dia-mundial-da-agua-2026-promover-o-termalismo-e-defender-a-agua-e-defender-a-saude\/\"},\"author\":{\"name\":\"Tiago Costa\",\"@id\":\"http:\/\/maismagazine.pt\/#\/schema\/person\/c6c5bfccc886434cbd11c74e035f9646\"},\"headline\":\"Dia Mundial da \u00c1gua 2026: \u201cPromover o termalismo \u00e9 defender a \u00e1gua, \u00e9 defender a Sa\u00fade\u201d\",\"datePublished\":\"2026-03-13T07:00:00+00:00\",\"mainEntityOfPage\":{\"@id\":\"http:\/\/maismagazine.pt\/index.php\/2026\/03\/13\/dia-mundial-da-agua-2026-promover-o-termalismo-e-defender-a-agua-e-defender-a-saude\/\"},\"wordCount\":536,\"publisher\":{\"@id\":\"http:\/\/maismagazine.pt\/#organization\"},\"image\":{\"@id\":\"http:\/\/maismagazine.pt\/index.php\/2026\/03\/13\/dia-mundial-da-agua-2026-promover-o-termalismo-e-defender-a-agua-e-defender-a-saude\/#primaryimage\"},\"thumbnailUrl\":\"http:\/\/maismagazine.pt\/wp-content\/uploads\/2026\/03\/Pedro_cantista_tsj-8-1.jpg\",\"keywords\":[\"Pedro Cantista\",\"SPHM\"],\"articleSection\":[\"Destaque lateral\",\"Opini\u00e3o\",\"Termalismo\"],\"inLanguage\":\"pt-PT\"},{\"@type\":\"WebPage\",\"@id\":\"http:\/\/maismagazine.pt\/index.php\/2026\/03\/13\/dia-mundial-da-agua-2026-promover-o-termalismo-e-defender-a-agua-e-defender-a-saude\/\",\"url\":\"http:\/\/maismagazine.pt\/index.php\/2026\/03\/13\/dia-mundial-da-agua-2026-promover-o-termalismo-e-defender-a-agua-e-defender-a-saude\/\",\"name\":\"Dia Mundial da \u00c1gua 2026: \u201cPromover o termalismo \u00e9 defender a \u00e1gua, \u00e9 defender a Sa\u00fade\u201d - Mais Magazine\",\"isPartOf\":{\"@id\":\"http:\/\/maismagazine.pt\/#website\"},\"primaryImageOfPage\":{\"@id\":\"http:\/\/maismagazine.pt\/index.php\/2026\/03\/13\/dia-mundial-da-agua-2026-promover-o-termalismo-e-defender-a-agua-e-defender-a-saude\/#primaryimage\"},\"image\":{\"@id\":\"http:\/\/maismagazine.pt\/index.php\/2026\/03\/13\/dia-mundial-da-agua-2026-promover-o-termalismo-e-defender-a-agua-e-defender-a-saude\/#primaryimage\"},\"thumbnailUrl\":\"http:\/\/maismagazine.pt\/wp-content\/uploads\/2026\/03\/Pedro_cantista_tsj-8-1.jpg\",\"datePublished\":\"2026-03-13T07:00:00+00:00\",\"description\":\"O Decreto-Lei n\u00ba 142\/2004, de 11 de junho de 2024, define termalismo como \u201co uso da \u00e1gua mineral natural e outros meios complementares para fins de preven\u00e7\u00e3o, tratamento, reabilita\u00e7\u00e3o ou bem-estar\u201d. Desta forma, a lei consagra o termalismo como um fen\u00f3meno de Sa\u00fade. Acrescente-se a este prop\u00f3sito que na defini\u00e7\u00e3o de Sa\u00fade da Organiza\u00e7\u00e3o Mundial de Sa\u00fade (estabelecida h\u00e1 j\u00e1 quase 8 d\u00e9cadas) est\u00e1 inclu\u00edda a componente de \u201cbem-estar\u201d (f\u00edsico, ps\u00edquico e social).\",\"breadcrumb\":{\"@id\":\"http:\/\/maismagazine.pt\/index.php\/2026\/03\/13\/dia-mundial-da-agua-2026-promover-o-termalismo-e-defender-a-agua-e-defender-a-saude\/#breadcrumb\"},\"inLanguage\":\"pt-PT\",\"potentialAction\":[{\"@type\":\"ReadAction\",\"target\":[\"http:\/\/maismagazine.pt\/index.php\/2026\/03\/13\/dia-mundial-da-agua-2026-promover-o-termalismo-e-defender-a-agua-e-defender-a-saude\/\"]}]},{\"@type\":\"ImageObject\",\"inLanguage\":\"pt-PT\",\"@id\":\"http:\/\/maismagazine.pt\/index.php\/2026\/03\/13\/dia-mundial-da-agua-2026-promover-o-termalismo-e-defender-a-agua-e-defender-a-saude\/#primaryimage\",\"url\":\"http:\/\/maismagazine.pt\/wp-content\/uploads\/2026\/03\/Pedro_cantista_tsj-8-1.jpg\",\"contentUrl\":\"http:\/\/maismagazine.pt\/wp-content\/uploads\/2026\/03\/Pedro_cantista_tsj-8-1.jpg\",\"width\":395,\"height\":525},{\"@type\":\"BreadcrumbList\",\"@id\":\"http:\/\/maismagazine.pt\/index.php\/2026\/03\/13\/dia-mundial-da-agua-2026-promover-o-termalismo-e-defender-a-agua-e-defender-a-saude\/#breadcrumb\",\"itemListElement\":[{\"@type\":\"ListItem\",\"position\":1,\"name\":\"Home\",\"item\":\"http:\/\/maismagazine.pt\/\"},{\"@type\":\"ListItem\",\"position\":2,\"name\":\"Dia Mundial da \u00c1gua 2026: \u201cPromover o termalismo \u00e9 defender a \u00e1gua, \u00e9 defender a Sa\u00fade\u201d\"}]},{\"@type\":\"WebSite\",\"@id\":\"http:\/\/maismagazine.pt\/#website\",\"url\":\"http:\/\/maismagazine.pt\/\",\"name\":\"Mais Magazine\",\"description\":\"\",\"publisher\":{\"@id\":\"http:\/\/maismagazine.pt\/#organization\"},\"potentialAction\":[{\"@type\":\"SearchAction\",\"target\":{\"@type\":\"EntryPoint\",\"urlTemplate\":\"http:\/\/maismagazine.pt\/?s={search_term_string}\"},\"query-input\":{\"@type\":\"PropertyValueSpecification\",\"valueRequired\":true,\"valueName\":\"search_term_string\"}}],\"inLanguage\":\"pt-PT\"},{\"@type\":\"Organization\",\"@id\":\"http:\/\/maismagazine.pt\/#organization\",\"name\":\"Mais Magazine\",\"url\":\"http:\/\/maismagazine.pt\/\",\"logo\":{\"@type\":\"ImageObject\",\"inLanguage\":\"pt-PT\",\"@id\":\"http:\/\/maismagazine.pt\/#\/schema\/logo\/image\/\",\"url\":\"http:\/\/maismagazine.pt\/wp-content\/uploads\/2020\/04\/cropped-cropped-mais-magazine-site-logo-2.png\",\"contentUrl\":\"http:\/\/maismagazine.pt\/wp-content\/uploads\/2020\/04\/cropped-cropped-mais-magazine-site-logo-2.png\",\"width\":581,\"height\":90,\"caption\":\"Mais Magazine\"},\"image\":{\"@id\":\"http:\/\/maismagazine.pt\/#\/schema\/logo\/image\/\"}},{\"@type\":\"Person\",\"@id\":\"http:\/\/maismagazine.pt\/#\/schema\/person\/c6c5bfccc886434cbd11c74e035f9646\",\"name\":\"Tiago Costa\",\"image\":{\"@type\":\"ImageObject\",\"inLanguage\":\"pt-PT\",\"@id\":\"http:\/\/maismagazine.pt\/#\/schema\/person\/image\/\",\"url\":\"https:\/\/secure.gravatar.com\/avatar\/c599b2bce16c9870429198cbad5ee022?s=96&d=mm&r=g\",\"contentUrl\":\"https:\/\/secure.gravatar.com\/avatar\/c599b2bce16c9870429198cbad5ee022?s=96&d=mm&r=g\",\"caption\":\"Tiago Costa\"},\"url\":\"http:\/\/maismagazine.pt\/index.php\/author\/tiago\/\"}]}<\/script>\n<!-- \/ Yoast SEO plugin. -->","yoast_head_json":{"title":"Dia Mundial da \u00c1gua 2026: \u201cPromover o termalismo \u00e9 defender a \u00e1gua, \u00e9 defender a Sa\u00fade\u201d - Mais Magazine","description":"O Decreto-Lei n\u00ba 142\/2004, de 11 de junho de 2024, define termalismo como \u201co uso da \u00e1gua mineral natural e outros meios complementares para fins de preven\u00e7\u00e3o, tratamento, reabilita\u00e7\u00e3o ou bem-estar\u201d. Desta forma, a lei consagra o termalismo como um fen\u00f3meno de Sa\u00fade. Acrescente-se a este prop\u00f3sito que na defini\u00e7\u00e3o de Sa\u00fade da Organiza\u00e7\u00e3o Mundial de Sa\u00fade (estabelecida h\u00e1 j\u00e1 quase 8 d\u00e9cadas) est\u00e1 inclu\u00edda a componente de \u201cbem-estar\u201d (f\u00edsico, ps\u00edquico e social).","robots":{"index":"index","follow":"follow","max-snippet":"max-snippet:-1","max-image-preview":"max-image-preview:large","max-video-preview":"max-video-preview:-1"},"canonical":"http:\/\/maismagazine.pt\/index.php\/2026\/03\/13\/dia-mundial-da-agua-2026-promover-o-termalismo-e-defender-a-agua-e-defender-a-saude\/","og_locale":"pt_PT","og_type":"article","og_title":"Dia Mundial da \u00c1gua 2026: \u201cPromover o termalismo \u00e9 defender a \u00e1gua, \u00e9 defender a Sa\u00fade\u201d - Mais Magazine","og_description":"O Decreto-Lei n\u00ba 142\/2004, de 11 de junho de 2024, define termalismo como \u201co uso da \u00e1gua mineral natural e outros meios complementares para fins de preven\u00e7\u00e3o, tratamento, reabilita\u00e7\u00e3o ou bem-estar\u201d. Desta forma, a lei consagra o termalismo como um fen\u00f3meno de Sa\u00fade. Acrescente-se a este prop\u00f3sito que na defini\u00e7\u00e3o de Sa\u00fade da Organiza\u00e7\u00e3o Mundial de Sa\u00fade (estabelecida h\u00e1 j\u00e1 quase 8 d\u00e9cadas) est\u00e1 inclu\u00edda a componente de \u201cbem-estar\u201d (f\u00edsico, ps\u00edquico e social).","og_url":"http:\/\/maismagazine.pt\/index.php\/2026\/03\/13\/dia-mundial-da-agua-2026-promover-o-termalismo-e-defender-a-agua-e-defender-a-saude\/","og_site_name":"Mais Magazine","article_published_time":"2026-03-13T07:00:00+00:00","og_image":[{"width":395,"height":525,"url":"http:\/\/maismagazine.pt\/wp-content\/uploads\/2026\/03\/Pedro_cantista_tsj-8-1.jpg","type":"image\/jpeg"}],"author":"Tiago Costa","twitter_card":"summary_large_image","twitter_misc":{"Escrito por":false,"Tempo estimado de leitura":"3 minutos"},"schema":{"@context":"https:\/\/schema.org","@graph":[{"@type":"Article","@id":"http:\/\/maismagazine.pt\/index.php\/2026\/03\/13\/dia-mundial-da-agua-2026-promover-o-termalismo-e-defender-a-agua-e-defender-a-saude\/#article","isPartOf":{"@id":"http:\/\/maismagazine.pt\/index.php\/2026\/03\/13\/dia-mundial-da-agua-2026-promover-o-termalismo-e-defender-a-agua-e-defender-a-saude\/"},"author":{"name":"Tiago Costa","@id":"http:\/\/maismagazine.pt\/#\/schema\/person\/c6c5bfccc886434cbd11c74e035f9646"},"headline":"Dia Mundial da \u00c1gua 2026: \u201cPromover o termalismo \u00e9 defender a \u00e1gua, \u00e9 defender a Sa\u00fade\u201d","datePublished":"2026-03-13T07:00:00+00:00","mainEntityOfPage":{"@id":"http:\/\/maismagazine.pt\/index.php\/2026\/03\/13\/dia-mundial-da-agua-2026-promover-o-termalismo-e-defender-a-agua-e-defender-a-saude\/"},"wordCount":536,"publisher":{"@id":"http:\/\/maismagazine.pt\/#organization"},"image":{"@id":"http:\/\/maismagazine.pt\/index.php\/2026\/03\/13\/dia-mundial-da-agua-2026-promover-o-termalismo-e-defender-a-agua-e-defender-a-saude\/#primaryimage"},"thumbnailUrl":"http:\/\/maismagazine.pt\/wp-content\/uploads\/2026\/03\/Pedro_cantista_tsj-8-1.jpg","keywords":["Pedro Cantista","SPHM"],"articleSection":["Destaque lateral","Opini\u00e3o","Termalismo"],"inLanguage":"pt-PT"},{"@type":"WebPage","@id":"http:\/\/maismagazine.pt\/index.php\/2026\/03\/13\/dia-mundial-da-agua-2026-promover-o-termalismo-e-defender-a-agua-e-defender-a-saude\/","url":"http:\/\/maismagazine.pt\/index.php\/2026\/03\/13\/dia-mundial-da-agua-2026-promover-o-termalismo-e-defender-a-agua-e-defender-a-saude\/","name":"Dia Mundial da \u00c1gua 2026: \u201cPromover o termalismo \u00e9 defender a \u00e1gua, \u00e9 defender a Sa\u00fade\u201d - Mais Magazine","isPartOf":{"@id":"http:\/\/maismagazine.pt\/#website"},"primaryImageOfPage":{"@id":"http:\/\/maismagazine.pt\/index.php\/2026\/03\/13\/dia-mundial-da-agua-2026-promover-o-termalismo-e-defender-a-agua-e-defender-a-saude\/#primaryimage"},"image":{"@id":"http:\/\/maismagazine.pt\/index.php\/2026\/03\/13\/dia-mundial-da-agua-2026-promover-o-termalismo-e-defender-a-agua-e-defender-a-saude\/#primaryimage"},"thumbnailUrl":"http:\/\/maismagazine.pt\/wp-content\/uploads\/2026\/03\/Pedro_cantista_tsj-8-1.jpg","datePublished":"2026-03-13T07:00:00+00:00","description":"O Decreto-Lei n\u00ba 142\/2004, de 11 de junho de 2024, define termalismo como \u201co uso da \u00e1gua mineral natural e outros meios complementares para fins de preven\u00e7\u00e3o, tratamento, reabilita\u00e7\u00e3o ou bem-estar\u201d. Desta forma, a lei consagra o termalismo como um fen\u00f3meno de Sa\u00fade. Acrescente-se a este prop\u00f3sito que na defini\u00e7\u00e3o de Sa\u00fade da Organiza\u00e7\u00e3o Mundial de Sa\u00fade (estabelecida h\u00e1 j\u00e1 quase 8 d\u00e9cadas) est\u00e1 inclu\u00edda a componente de \u201cbem-estar\u201d (f\u00edsico, ps\u00edquico e social).","breadcrumb":{"@id":"http:\/\/maismagazine.pt\/index.php\/2026\/03\/13\/dia-mundial-da-agua-2026-promover-o-termalismo-e-defender-a-agua-e-defender-a-saude\/#breadcrumb"},"inLanguage":"pt-PT","potentialAction":[{"@type":"ReadAction","target":["http:\/\/maismagazine.pt\/index.php\/2026\/03\/13\/dia-mundial-da-agua-2026-promover-o-termalismo-e-defender-a-agua-e-defender-a-saude\/"]}]},{"@type":"ImageObject","inLanguage":"pt-PT","@id":"http:\/\/maismagazine.pt\/index.php\/2026\/03\/13\/dia-mundial-da-agua-2026-promover-o-termalismo-e-defender-a-agua-e-defender-a-saude\/#primaryimage","url":"http:\/\/maismagazine.pt\/wp-content\/uploads\/2026\/03\/Pedro_cantista_tsj-8-1.jpg","contentUrl":"http:\/\/maismagazine.pt\/wp-content\/uploads\/2026\/03\/Pedro_cantista_tsj-8-1.jpg","width":395,"height":525},{"@type":"BreadcrumbList","@id":"http:\/\/maismagazine.pt\/index.php\/2026\/03\/13\/dia-mundial-da-agua-2026-promover-o-termalismo-e-defender-a-agua-e-defender-a-saude\/#breadcrumb","itemListElement":[{"@type":"ListItem","position":1,"name":"Home","item":"http:\/\/maismagazine.pt\/"},{"@type":"ListItem","position":2,"name":"Dia Mundial da \u00c1gua 2026: \u201cPromover o termalismo \u00e9 defender a \u00e1gua, \u00e9 defender a Sa\u00fade\u201d"}]},{"@type":"WebSite","@id":"http:\/\/maismagazine.pt\/#website","url":"http:\/\/maismagazine.pt\/","name":"Mais Magazine","description":"","publisher":{"@id":"http:\/\/maismagazine.pt\/#organization"},"potentialAction":[{"@type":"SearchAction","target":{"@type":"EntryPoint","urlTemplate":"http:\/\/maismagazine.pt\/?s={search_term_string}"},"query-input":{"@type":"PropertyValueSpecification","valueRequired":true,"valueName":"search_term_string"}}],"inLanguage":"pt-PT"},{"@type":"Organization","@id":"http:\/\/maismagazine.pt\/#organization","name":"Mais Magazine","url":"http:\/\/maismagazine.pt\/","logo":{"@type":"ImageObject","inLanguage":"pt-PT","@id":"http:\/\/maismagazine.pt\/#\/schema\/logo\/image\/","url":"http:\/\/maismagazine.pt\/wp-content\/uploads\/2020\/04\/cropped-cropped-mais-magazine-site-logo-2.png","contentUrl":"http:\/\/maismagazine.pt\/wp-content\/uploads\/2020\/04\/cropped-cropped-mais-magazine-site-logo-2.png","width":581,"height":90,"caption":"Mais Magazine"},"image":{"@id":"http:\/\/maismagazine.pt\/#\/schema\/logo\/image\/"}},{"@type":"Person","@id":"http:\/\/maismagazine.pt\/#\/schema\/person\/c6c5bfccc886434cbd11c74e035f9646","name":"Tiago Costa","image":{"@type":"ImageObject","inLanguage":"pt-PT","@id":"http:\/\/maismagazine.pt\/#\/schema\/person\/image\/","url":"https:\/\/secure.gravatar.com\/avatar\/c599b2bce16c9870429198cbad5ee022?s=96&d=mm&r=g","contentUrl":"https:\/\/secure.gravatar.com\/avatar\/c599b2bce16c9870429198cbad5ee022?s=96&d=mm&r=g","caption":"Tiago Costa"},"url":"http:\/\/maismagazine.pt\/index.php\/author\/tiago\/"}]}},"author_meta":{"display_name":false,"author_link":"http:\/\/maismagazine.pt\/index.php\/author\/tiago\/"},"featured_img":"http:\/\/maismagazine.pt\/wp-content\/uploads\/2026\/03\/Pedro_cantista_tsj-8-1-226x300.jpg","coauthors":[],"tax_additional":{"categories":{"linked":["<a href=\"http:\/\/maismagazine.pt\/index.php\/category\/destaque\/\" class=\"advgb-post-tax-term\">Destaque lateral<\/a>","<a href=\"http:\/\/maismagazine.pt\/index.php\/category\/noticias\/opiniao\/\" class=\"advgb-post-tax-term\">Opini\u00e3o<\/a>","<a href=\"http:\/\/maismagazine.pt\/index.php\/category\/termalismo\/\" class=\"advgb-post-tax-term\">Termalismo<\/a>"],"unlinked":["<span class=\"advgb-post-tax-term\">Destaque lateral<\/span>","<span class=\"advgb-post-tax-term\">Opini\u00e3o<\/span>","<span class=\"advgb-post-tax-term\">Termalismo<\/span>"]},"tags":{"linked":["<a href=\"http:\/\/maismagazine.pt\/index.php\/category\/termalismo\/\" class=\"advgb-post-tax-term\">Pedro Cantista<\/a>","<a href=\"http:\/\/maismagazine.pt\/index.php\/category\/termalismo\/\" class=\"advgb-post-tax-term\">SPHM<\/a>"],"unlinked":["<span class=\"advgb-post-tax-term\">Pedro Cantista<\/span>","<span class=\"advgb-post-tax-term\">SPHM<\/span>"]}},"comment_count":"0","relative_dates":{"created":"Posted 2 meses ago","modified":"Updated 2 meses ago"},"absolute_dates":{"created":"Posted on 13 de Mar\u00e7o, 2026","modified":"Updated on 11 de Mar\u00e7o, 2026"},"absolute_dates_time":{"created":"Posted on 13 de Mar\u00e7o, 2026 7:00","modified":"Updated on 11 de Mar\u00e7o, 2026 14:23"},"featured_img_caption":"","series_order":"","_links":{"self":[{"href":"http:\/\/maismagazine.pt\/index.php\/wp-json\/wp\/v2\/posts\/13754","targetHints":{"allow":["GET"]}}],"collection":[{"href":"http:\/\/maismagazine.pt\/index.php\/wp-json\/wp\/v2\/posts"}],"about":[{"href":"http:\/\/maismagazine.pt\/index.php\/wp-json\/wp\/v2\/types\/post"}],"author":[{"embeddable":true,"href":"http:\/\/maismagazine.pt\/index.php\/wp-json\/wp\/v2\/users\/17"}],"replies":[{"embeddable":true,"href":"http:\/\/maismagazine.pt\/index.php\/wp-json\/wp\/v2\/comments?post=13754"}],"version-history":[{"count":2,"href":"http:\/\/maismagazine.pt\/index.php\/wp-json\/wp\/v2\/posts\/13754\/revisions"}],"predecessor-version":[{"id":13763,"href":"http:\/\/maismagazine.pt\/index.php\/wp-json\/wp\/v2\/posts\/13754\/revisions\/13763"}],"wp:featuredmedia":[{"embeddable":true,"href":"http:\/\/maismagazine.pt\/index.php\/wp-json\/wp\/v2\/media\/13762"}],"wp:attachment":[{"href":"http:\/\/maismagazine.pt\/index.php\/wp-json\/wp\/v2\/media?parent=13754"}],"wp:term":[{"taxonomy":"category","embeddable":true,"href":"http:\/\/maismagazine.pt\/index.php\/wp-json\/wp\/v2\/categories?post=13754"},{"taxonomy":"post_tag","embeddable":true,"href":"http:\/\/maismagazine.pt\/index.php\/wp-json\/wp\/v2\/tags?post=13754"}],"curies":[{"name":"wp","href":"https:\/\/api.w.org\/{rel}","templated":true}]}}