{"id":13749,"date":"2026-03-13T07:00:00","date_gmt":"2026-03-13T07:00:00","guid":{"rendered":"https:\/\/maismagazine.pt\/?p=13749"},"modified":"2026-03-11T14:15:55","modified_gmt":"2026-03-11T14:15:55","slug":"termalismo-em-portugal-fonte-de-energia-saude-e-bem-estar-2","status":"publish","type":"post","link":"http:\/\/maismagazine.pt\/index.php\/2026\/03\/13\/termalismo-em-portugal-fonte-de-energia-saude-e-bem-estar-2\/","title":{"rendered":"&#8220;Termalismo em Portugal &#8211; fonte de energia, sa\u00fade e bem-estar&#8221;"},"content":{"rendered":"\n<p>O termo termalismo remete \u00e0 explora\u00e7\u00e3o e utiliza\u00e7\u00e3o das \u00e1guas minerais naturais para fins terap\u00eauticos e de lazer. Historicamente, as est\u00e2ncias termais t\u00eam servido como ref\u00fagios onde o corpo e a mente podem encontrar al\u00edvio e renova\u00e7\u00e3o. Atualmente, o termalismo integra-se num contexto mais amplo de turismo de sa\u00fade e bem-estar, contribuindo para a preven\u00e7\u00e3o de doen\u00e7as, a reabilita\u00e7\u00e3o f\u00edsica e o relaxamento mental. Este artigo prop\u00f5e uma reflex\u00e3o sobre como as pr\u00e1ticas termais se transformaram em verdadeiros centros de promo\u00e7\u00e3o da sa\u00fade e do bem-estar, aliados tanto \u00e0 tradi\u00e7\u00e3o quanto \u00e0 inova\u00e7\u00e3o. <\/p>\n\n\n\n<p><\/p>\n\n\n\n<p>As \u00e1guas termais j\u00e1 eram utilizadas na antiguidade, quando as fontes naturais eram associadas a propriedades curativas e purificadoras. Com a queda do Imp\u00e9rio Romano, a tradi\u00e7\u00e3o foi retomada na idade m\u00e9dia e adaptada aos novos costumes. Foi no renascimento e na era moderna que as est\u00e2ncias termais ganharam notoriedade como locais de tratamento e de encontro social. No decorrer dos s\u00e9culos XIX e XX, o termalismo evoluiu de um simples uso medicinal para um produto tur\u00edstico complexo, que alia cuidados de sa\u00fade \u00e0 oferta de lazer e bem-estar. Com o advento das t\u00e9cnicas modernas de balneoterapia, os tratamentos passaram a ser organizados de forma a promover n\u00e3o s\u00f3 a recupera\u00e7\u00e3o de doen\u00e7as, mas tamb\u00e9m a preven\u00e7\u00e3o e o relaxamento. Em Portugal, as est\u00e2ncias termais exemplificam essa evolu\u00e7\u00e3o, unindo o legado hist\u00f3rico a investimentos contempor\u00e2neos que visam oferecer experi\u00eancias integradas de sa\u00fade e lazer.   <\/p>\n\n\n\n<p><\/p>\n\n\n\n<p>Hoje, as est\u00e2ncias termais posicionam-se como destinos completos, oferecendo infraestruturas de alta qualidade \u2013 desde balne\u00e1rios at\u00e9 hot\u00e9is e centros de lazer. Essa oferta integrada permite que os visitantes desfrutem de per\u00edodos de repouso, programas de preven\u00e7\u00e3o de doen\u00e7as e experi\u00eancias de relaxamento em um ambiente que valoriza a natureza e a cultura local.  <\/p>\n\n\n\n<p><\/p>\n\n\n\n<p>Em Portugal, por exemplo, os investimentos na moderniza\u00e7\u00e3o de centros termais t\u00eam possibilitado a cria\u00e7\u00e3o de complexos que combinam tratamentos terap\u00eauticos com espa\u00e7os de recrea\u00e7\u00e3o e bem-estar. Essa abordagem n\u00e3o s\u00f3 atrai turistas em busca de cura e preven\u00e7\u00e3o, mas tamb\u00e9m aqueles que desejam desfrutar de momentos de lazer e descontra\u00e7\u00e3o em meio a paisagens naturais e hist\u00f3ricas.  <\/p>\n\n\n\n<p><\/p>\n\n\n\n<p>Al\u00e9m dos benef\u00edcios individuais, o termalismo exerce um impacto positivo sobre as economias regionais. A cria\u00e7\u00e3o de empregos diretos e indiretos, o desenvolvimento do turismo local e a valoriza\u00e7\u00e3o do patrim\u00f4nio cultural s\u00e3o apenas alguns dos efeitos observados em regi\u00f5es com forte tradi\u00e7\u00e3o termal. O termalismo, ao longo dos s\u00e9culos, tem se reinventado e adaptado \u00e0s demandas contempor\u00e2neas de sa\u00fade e bem-estar. A partir do uso ancestral das \u00e1guas naturais para a cura, evoluiu para uma pr\u00e1tica integrada que alia tratamentos terap\u00eauticos a experi\u00eancias de lazer e relaxamento, ben\u00e9ficas para todas as idades. Num mundo cada vez mais marcado pelo stress e pelos desequil\u00edbrios do ritmo moderno de vida, as est\u00e2ncias termais oferecem uma alternativa valiosa para a promo\u00e7\u00e3o da sa\u00fade, beneficiando tanto os indiv\u00edduos quanto as comunidades locais.   <\/p>\n\n\n\n<p><\/p>\n\n\n\n<p>Investir no termalismo significa resgatar uma tradi\u00e7\u00e3o milenar e, ao mesmo tempo, inovar na oferta de servi\u00e7os que cuidem do corpo e da mente, contribuindo para um envelhecimento saud\u00e1vel e equilibrado. Dessa forma, termalismo, sa\u00fade e bem-estar entrela\u00e7am-se para proporcionar experi\u00eancias transformadoras e um verdadeiro reencontro com a natureza e com o equil\u00edbrio pessoal. Seja por meio da tradi\u00e7\u00e3o ou da inova\u00e7\u00e3o, o poder curativo das \u00e1guas continua a encantar e a transformar vidas. <\/p>\n\n\n\n<p><\/p>\n\n\n\n<p>Da parte dos profissionais do sector, nomeadamente os m\u00e9dicos hidrologistas assume-se o empenho de continuar a proporcionar e a investigar, para que no presente e futuro a sa\u00fade e o bem-estar sejam sempre a alegria de viver.    <\/p>\n\n\n\n<p><\/p>\n\n\n\n<p class=\"has-text-align-right\"><em>Ant\u00f3nio Jorge Santos Silva, Presidente do Col\u00e9gio da compet\u00eancia em Hidrologia M\u00e9dica da Ordem dos M\u00e9dicos e Vice-Presidente da Sociedade Portuguesa de Hidrologia M\u00e9dica (SPHM) <\/em><\/p>\n\n\n\n<p><\/p>\n\n\n\n<p><\/p>\n\n\n<div class=\"wp-block-image\">\n<figure class=\"aligncenter size-full is-resized\"><img loading=\"lazy\" decoding=\"async\" width=\"500\" height=\"200\" src=\"https:\/\/maismagazine.pt\/wp-content\/uploads\/2026\/03\/logo.png\" alt=\"\" class=\"wp-image-13751\" style=\"width:335px;height:auto\" srcset=\"http:\/\/maismagazine.pt\/wp-content\/uploads\/2026\/03\/logo.png 500w, http:\/\/maismagazine.pt\/wp-content\/uploads\/2026\/03\/logo-300x120.png 300w\" sizes=\"auto, (max-width: 500px) 100vw, 500px\" \/><\/figure><\/div>","protected":false},"excerpt":{"rendered":"<p>O termo termalismo remete \u00e0 explora\u00e7\u00e3o e utiliza\u00e7\u00e3o das \u00e1guas minerais naturais para fins terap\u00eauticos e de lazer. Historicamente, as est\u00e2ncias termais t\u00eam servido como ref\u00fagios onde o corpo e a mente podem encontrar al\u00edvio e renova\u00e7\u00e3o. Atualmente, o termalismo integra-se num contexto mais amplo de turismo de sa\u00fade e&hellip;<\/p>\n","protected":false},"author":17,"featured_media":13750,"comment_status":"closed","ping_status":"open","sticky":false,"template":"","format":"standard","meta":{"advgb_blocks_editor_width":"","advgb_blocks_columns_visual_guide":"","_monsterinsights_skip_tracking":false,"_monsterinsights_sitenote_active":false,"_monsterinsights_sitenote_note":"","_monsterinsights_sitenote_category":0,"footnotes":""},"categories":[52,51,2584],"tags":[2588,2279],"class_list":["post-13749","post","type-post","status-publish","format-standard","has-post-thumbnail","hentry","category-destaque","category-opiniao","category-termalismo","tag-antonio-jorge-santos-silva","tag-sphm"],"yoast_head":"<!-- This site is optimized with the Yoast SEO plugin v24.4 - https:\/\/yoast.com\/wordpress\/plugins\/seo\/ -->\n<title>&quot;Termalismo em Portugal - fonte de energia, sa\u00fade e bem-estar&quot; - Mais Magazine<\/title>\n<meta name=\"description\" content=\"O termo termalismo remete \u00e0 explora\u00e7\u00e3o e utiliza\u00e7\u00e3o das \u00e1guas minerais naturais para fins terap\u00eauticos e de lazer. Historicamente, as est\u00e2ncias termais t\u00eam servido como ref\u00fagios onde o corpo e a mente podem encontrar al\u00edvio e renova\u00e7\u00e3o. Atualmente, o termalismo integra-se num contexto mais amplo de turismo de sa\u00fade e bem-estar, contribuindo para a preven\u00e7\u00e3o de doen\u00e7as, a reabilita\u00e7\u00e3o f\u00edsica e o relaxamento mental. Este artigo prop\u00f5e uma reflex\u00e3o sobre como as pr\u00e1ticas termais se transformaram em verdadeiros centros de promo\u00e7\u00e3o da sa\u00fade e do bem-estar, aliados tanto \u00e0 tradi\u00e7\u00e3o quanto \u00e0 inova\u00e7\u00e3o.\" \/>\n<meta name=\"robots\" content=\"index, follow, max-snippet:-1, max-image-preview:large, max-video-preview:-1\" \/>\n<link rel=\"canonical\" href=\"https:\/\/maismagazine.pt\/index.php\/2026\/03\/13\/termalismo-em-portugal-fonte-de-energia-saude-e-bem-estar-2\/\" \/>\n<meta property=\"og:locale\" content=\"pt_PT\" \/>\n<meta property=\"og:type\" content=\"article\" \/>\n<meta property=\"og:title\" content=\"&quot;Termalismo em Portugal - fonte de energia, sa\u00fade e bem-estar&quot; - Mais Magazine\" \/>\n<meta property=\"og:description\" content=\"O termo termalismo remete \u00e0 explora\u00e7\u00e3o e utiliza\u00e7\u00e3o das \u00e1guas minerais naturais para fins terap\u00eauticos e de lazer. Historicamente, as est\u00e2ncias termais t\u00eam servido como ref\u00fagios onde o corpo e a mente podem encontrar al\u00edvio e renova\u00e7\u00e3o. Atualmente, o termalismo integra-se num contexto mais amplo de turismo de sa\u00fade e bem-estar, contribuindo para a preven\u00e7\u00e3o de doen\u00e7as, a reabilita\u00e7\u00e3o f\u00edsica e o relaxamento mental. Este artigo prop\u00f5e uma reflex\u00e3o sobre como as pr\u00e1ticas termais se transformaram em verdadeiros centros de promo\u00e7\u00e3o da sa\u00fade e do bem-estar, aliados tanto \u00e0 tradi\u00e7\u00e3o quanto \u00e0 inova\u00e7\u00e3o.\" \/>\n<meta property=\"og:url\" content=\"https:\/\/maismagazine.pt\/index.php\/2026\/03\/13\/termalismo-em-portugal-fonte-de-energia-saude-e-bem-estar-2\/\" \/>\n<meta property=\"og:site_name\" content=\"Mais Magazine\" \/>\n<meta property=\"article:published_time\" content=\"2026-03-13T07:00:00+00:00\" \/>\n<meta property=\"og:image\" content=\"https:\/\/maismagazine.pt\/wp-content\/uploads\/2026\/03\/Foto.jpg\" \/>\n\t<meta property=\"og:image:width\" content=\"341\" \/>\n\t<meta property=\"og:image:height\" content=\"343\" \/>\n\t<meta property=\"og:image:type\" content=\"image\/jpeg\" \/>\n<meta name=\"author\" content=\"Tiago Costa\" \/>\n<meta name=\"twitter:card\" content=\"summary_large_image\" \/>\n<meta name=\"twitter:label1\" content=\"Escrito por\" \/>\n\t<meta name=\"twitter:data1\" content=\"\" \/>\n\t<meta name=\"twitter:label2\" content=\"Tempo estimado de leitura\" \/>\n\t<meta name=\"twitter:data2\" content=\"4 minutos\" \/>\n<script type=\"application\/ld+json\" class=\"yoast-schema-graph\">{\"@context\":\"https:\/\/schema.org\",\"@graph\":[{\"@type\":\"Article\",\"@id\":\"https:\/\/maismagazine.pt\/index.php\/2026\/03\/13\/termalismo-em-portugal-fonte-de-energia-saude-e-bem-estar-2\/#article\",\"isPartOf\":{\"@id\":\"https:\/\/maismagazine.pt\/index.php\/2026\/03\/13\/termalismo-em-portugal-fonte-de-energia-saude-e-bem-estar-2\/\"},\"author\":{\"name\":\"Tiago Costa\",\"@id\":\"http:\/\/maismagazine.pt\/#\/schema\/person\/c6c5bfccc886434cbd11c74e035f9646\"},\"headline\":\"&#8220;Termalismo em Portugal &#8211; fonte de energia, sa\u00fade e bem-estar&#8221;\",\"datePublished\":\"2026-03-13T07:00:00+00:00\",\"mainEntityOfPage\":{\"@id\":\"https:\/\/maismagazine.pt\/index.php\/2026\/03\/13\/termalismo-em-portugal-fonte-de-energia-saude-e-bem-estar-2\/\"},\"wordCount\":714,\"publisher\":{\"@id\":\"http:\/\/maismagazine.pt\/#organization\"},\"image\":{\"@id\":\"https:\/\/maismagazine.pt\/index.php\/2026\/03\/13\/termalismo-em-portugal-fonte-de-energia-saude-e-bem-estar-2\/#primaryimage\"},\"thumbnailUrl\":\"http:\/\/maismagazine.pt\/wp-content\/uploads\/2026\/03\/Foto.jpg\",\"keywords\":[\"Ant\u00f3nio Jorge Santos Silva\",\"SPHM\"],\"articleSection\":[\"Destaque lateral\",\"Opini\u00e3o\",\"Termalismo\"],\"inLanguage\":\"pt-PT\"},{\"@type\":\"WebPage\",\"@id\":\"https:\/\/maismagazine.pt\/index.php\/2026\/03\/13\/termalismo-em-portugal-fonte-de-energia-saude-e-bem-estar-2\/\",\"url\":\"https:\/\/maismagazine.pt\/index.php\/2026\/03\/13\/termalismo-em-portugal-fonte-de-energia-saude-e-bem-estar-2\/\",\"name\":\"\\\"Termalismo em Portugal - fonte de energia, sa\u00fade e bem-estar\\\" - Mais Magazine\",\"isPartOf\":{\"@id\":\"http:\/\/maismagazine.pt\/#website\"},\"primaryImageOfPage\":{\"@id\":\"https:\/\/maismagazine.pt\/index.php\/2026\/03\/13\/termalismo-em-portugal-fonte-de-energia-saude-e-bem-estar-2\/#primaryimage\"},\"image\":{\"@id\":\"https:\/\/maismagazine.pt\/index.php\/2026\/03\/13\/termalismo-em-portugal-fonte-de-energia-saude-e-bem-estar-2\/#primaryimage\"},\"thumbnailUrl\":\"http:\/\/maismagazine.pt\/wp-content\/uploads\/2026\/03\/Foto.jpg\",\"datePublished\":\"2026-03-13T07:00:00+00:00\",\"description\":\"O termo termalismo remete \u00e0 explora\u00e7\u00e3o e utiliza\u00e7\u00e3o das \u00e1guas minerais naturais para fins terap\u00eauticos e de lazer. Historicamente, as est\u00e2ncias termais t\u00eam servido como ref\u00fagios onde o corpo e a mente podem encontrar al\u00edvio e renova\u00e7\u00e3o. Atualmente, o termalismo integra-se num contexto mais amplo de turismo de sa\u00fade e bem-estar, contribuindo para a preven\u00e7\u00e3o de doen\u00e7as, a reabilita\u00e7\u00e3o f\u00edsica e o relaxamento mental. Este artigo prop\u00f5e uma reflex\u00e3o sobre como as pr\u00e1ticas termais se transformaram em verdadeiros centros de promo\u00e7\u00e3o da sa\u00fade e do bem-estar, aliados tanto \u00e0 tradi\u00e7\u00e3o quanto \u00e0 inova\u00e7\u00e3o.\",\"breadcrumb\":{\"@id\":\"https:\/\/maismagazine.pt\/index.php\/2026\/03\/13\/termalismo-em-portugal-fonte-de-energia-saude-e-bem-estar-2\/#breadcrumb\"},\"inLanguage\":\"pt-PT\",\"potentialAction\":[{\"@type\":\"ReadAction\",\"target\":[\"https:\/\/maismagazine.pt\/index.php\/2026\/03\/13\/termalismo-em-portugal-fonte-de-energia-saude-e-bem-estar-2\/\"]}]},{\"@type\":\"ImageObject\",\"inLanguage\":\"pt-PT\",\"@id\":\"https:\/\/maismagazine.pt\/index.php\/2026\/03\/13\/termalismo-em-portugal-fonte-de-energia-saude-e-bem-estar-2\/#primaryimage\",\"url\":\"http:\/\/maismagazine.pt\/wp-content\/uploads\/2026\/03\/Foto.jpg\",\"contentUrl\":\"http:\/\/maismagazine.pt\/wp-content\/uploads\/2026\/03\/Foto.jpg\",\"width\":341,\"height\":343},{\"@type\":\"BreadcrumbList\",\"@id\":\"https:\/\/maismagazine.pt\/index.php\/2026\/03\/13\/termalismo-em-portugal-fonte-de-energia-saude-e-bem-estar-2\/#breadcrumb\",\"itemListElement\":[{\"@type\":\"ListItem\",\"position\":1,\"name\":\"Home\",\"item\":\"http:\/\/maismagazine.pt\/\"},{\"@type\":\"ListItem\",\"position\":2,\"name\":\"&#8220;Termalismo em Portugal &#8211; fonte de energia, sa\u00fade e bem-estar&#8221;\"}]},{\"@type\":\"WebSite\",\"@id\":\"http:\/\/maismagazine.pt\/#website\",\"url\":\"http:\/\/maismagazine.pt\/\",\"name\":\"Mais Magazine\",\"description\":\"\",\"publisher\":{\"@id\":\"http:\/\/maismagazine.pt\/#organization\"},\"potentialAction\":[{\"@type\":\"SearchAction\",\"target\":{\"@type\":\"EntryPoint\",\"urlTemplate\":\"http:\/\/maismagazine.pt\/?s={search_term_string}\"},\"query-input\":{\"@type\":\"PropertyValueSpecification\",\"valueRequired\":true,\"valueName\":\"search_term_string\"}}],\"inLanguage\":\"pt-PT\"},{\"@type\":\"Organization\",\"@id\":\"http:\/\/maismagazine.pt\/#organization\",\"name\":\"Mais Magazine\",\"url\":\"http:\/\/maismagazine.pt\/\",\"logo\":{\"@type\":\"ImageObject\",\"inLanguage\":\"pt-PT\",\"@id\":\"http:\/\/maismagazine.pt\/#\/schema\/logo\/image\/\",\"url\":\"http:\/\/maismagazine.pt\/wp-content\/uploads\/2020\/04\/cropped-cropped-mais-magazine-site-logo-2.png\",\"contentUrl\":\"http:\/\/maismagazine.pt\/wp-content\/uploads\/2020\/04\/cropped-cropped-mais-magazine-site-logo-2.png\",\"width\":581,\"height\":90,\"caption\":\"Mais Magazine\"},\"image\":{\"@id\":\"http:\/\/maismagazine.pt\/#\/schema\/logo\/image\/\"}},{\"@type\":\"Person\",\"@id\":\"http:\/\/maismagazine.pt\/#\/schema\/person\/c6c5bfccc886434cbd11c74e035f9646\",\"name\":\"Tiago Costa\",\"image\":{\"@type\":\"ImageObject\",\"inLanguage\":\"pt-PT\",\"@id\":\"http:\/\/maismagazine.pt\/#\/schema\/person\/image\/\",\"url\":\"https:\/\/secure.gravatar.com\/avatar\/c599b2bce16c9870429198cbad5ee022?s=96&d=mm&r=g\",\"contentUrl\":\"https:\/\/secure.gravatar.com\/avatar\/c599b2bce16c9870429198cbad5ee022?s=96&d=mm&r=g\",\"caption\":\"Tiago Costa\"},\"url\":\"http:\/\/maismagazine.pt\/index.php\/author\/tiago\/\"}]}<\/script>\n<!-- \/ Yoast SEO plugin. -->","yoast_head_json":{"title":"\"Termalismo em Portugal - fonte de energia, sa\u00fade e bem-estar\" - Mais Magazine","description":"O termo termalismo remete \u00e0 explora\u00e7\u00e3o e utiliza\u00e7\u00e3o das \u00e1guas minerais naturais para fins terap\u00eauticos e de lazer. Historicamente, as est\u00e2ncias termais t\u00eam servido como ref\u00fagios onde o corpo e a mente podem encontrar al\u00edvio e renova\u00e7\u00e3o. Atualmente, o termalismo integra-se num contexto mais amplo de turismo de sa\u00fade e bem-estar, contribuindo para a preven\u00e7\u00e3o de doen\u00e7as, a reabilita\u00e7\u00e3o f\u00edsica e o relaxamento mental. Este artigo prop\u00f5e uma reflex\u00e3o sobre como as pr\u00e1ticas termais se transformaram em verdadeiros centros de promo\u00e7\u00e3o da sa\u00fade e do bem-estar, aliados tanto \u00e0 tradi\u00e7\u00e3o quanto \u00e0 inova\u00e7\u00e3o.","robots":{"index":"index","follow":"follow","max-snippet":"max-snippet:-1","max-image-preview":"max-image-preview:large","max-video-preview":"max-video-preview:-1"},"canonical":"https:\/\/maismagazine.pt\/index.php\/2026\/03\/13\/termalismo-em-portugal-fonte-de-energia-saude-e-bem-estar-2\/","og_locale":"pt_PT","og_type":"article","og_title":"\"Termalismo em Portugal - fonte de energia, sa\u00fade e bem-estar\" - Mais Magazine","og_description":"O termo termalismo remete \u00e0 explora\u00e7\u00e3o e utiliza\u00e7\u00e3o das \u00e1guas minerais naturais para fins terap\u00eauticos e de lazer. Historicamente, as est\u00e2ncias termais t\u00eam servido como ref\u00fagios onde o corpo e a mente podem encontrar al\u00edvio e renova\u00e7\u00e3o. Atualmente, o termalismo integra-se num contexto mais amplo de turismo de sa\u00fade e bem-estar, contribuindo para a preven\u00e7\u00e3o de doen\u00e7as, a reabilita\u00e7\u00e3o f\u00edsica e o relaxamento mental. Este artigo prop\u00f5e uma reflex\u00e3o sobre como as pr\u00e1ticas termais se transformaram em verdadeiros centros de promo\u00e7\u00e3o da sa\u00fade e do bem-estar, aliados tanto \u00e0 tradi\u00e7\u00e3o quanto \u00e0 inova\u00e7\u00e3o.","og_url":"https:\/\/maismagazine.pt\/index.php\/2026\/03\/13\/termalismo-em-portugal-fonte-de-energia-saude-e-bem-estar-2\/","og_site_name":"Mais Magazine","article_published_time":"2026-03-13T07:00:00+00:00","og_image":[{"width":341,"height":343,"url":"https:\/\/maismagazine.pt\/wp-content\/uploads\/2026\/03\/Foto.jpg","type":"image\/jpeg"}],"author":"Tiago Costa","twitter_card":"summary_large_image","twitter_misc":{"Escrito por":false,"Tempo estimado de leitura":"4 minutos"},"schema":{"@context":"https:\/\/schema.org","@graph":[{"@type":"Article","@id":"https:\/\/maismagazine.pt\/index.php\/2026\/03\/13\/termalismo-em-portugal-fonte-de-energia-saude-e-bem-estar-2\/#article","isPartOf":{"@id":"https:\/\/maismagazine.pt\/index.php\/2026\/03\/13\/termalismo-em-portugal-fonte-de-energia-saude-e-bem-estar-2\/"},"author":{"name":"Tiago Costa","@id":"http:\/\/maismagazine.pt\/#\/schema\/person\/c6c5bfccc886434cbd11c74e035f9646"},"headline":"&#8220;Termalismo em Portugal &#8211; fonte de energia, sa\u00fade e bem-estar&#8221;","datePublished":"2026-03-13T07:00:00+00:00","mainEntityOfPage":{"@id":"https:\/\/maismagazine.pt\/index.php\/2026\/03\/13\/termalismo-em-portugal-fonte-de-energia-saude-e-bem-estar-2\/"},"wordCount":714,"publisher":{"@id":"http:\/\/maismagazine.pt\/#organization"},"image":{"@id":"https:\/\/maismagazine.pt\/index.php\/2026\/03\/13\/termalismo-em-portugal-fonte-de-energia-saude-e-bem-estar-2\/#primaryimage"},"thumbnailUrl":"http:\/\/maismagazine.pt\/wp-content\/uploads\/2026\/03\/Foto.jpg","keywords":["Ant\u00f3nio Jorge Santos Silva","SPHM"],"articleSection":["Destaque lateral","Opini\u00e3o","Termalismo"],"inLanguage":"pt-PT"},{"@type":"WebPage","@id":"https:\/\/maismagazine.pt\/index.php\/2026\/03\/13\/termalismo-em-portugal-fonte-de-energia-saude-e-bem-estar-2\/","url":"https:\/\/maismagazine.pt\/index.php\/2026\/03\/13\/termalismo-em-portugal-fonte-de-energia-saude-e-bem-estar-2\/","name":"\"Termalismo em Portugal - fonte de energia, sa\u00fade e bem-estar\" - Mais Magazine","isPartOf":{"@id":"http:\/\/maismagazine.pt\/#website"},"primaryImageOfPage":{"@id":"https:\/\/maismagazine.pt\/index.php\/2026\/03\/13\/termalismo-em-portugal-fonte-de-energia-saude-e-bem-estar-2\/#primaryimage"},"image":{"@id":"https:\/\/maismagazine.pt\/index.php\/2026\/03\/13\/termalismo-em-portugal-fonte-de-energia-saude-e-bem-estar-2\/#primaryimage"},"thumbnailUrl":"http:\/\/maismagazine.pt\/wp-content\/uploads\/2026\/03\/Foto.jpg","datePublished":"2026-03-13T07:00:00+00:00","description":"O termo termalismo remete \u00e0 explora\u00e7\u00e3o e utiliza\u00e7\u00e3o das \u00e1guas minerais naturais para fins terap\u00eauticos e de lazer. Historicamente, as est\u00e2ncias termais t\u00eam servido como ref\u00fagios onde o corpo e a mente podem encontrar al\u00edvio e renova\u00e7\u00e3o. Atualmente, o termalismo integra-se num contexto mais amplo de turismo de sa\u00fade e bem-estar, contribuindo para a preven\u00e7\u00e3o de doen\u00e7as, a reabilita\u00e7\u00e3o f\u00edsica e o relaxamento mental. Este artigo prop\u00f5e uma reflex\u00e3o sobre como as pr\u00e1ticas termais se transformaram em verdadeiros centros de promo\u00e7\u00e3o da sa\u00fade e do bem-estar, aliados tanto \u00e0 tradi\u00e7\u00e3o quanto \u00e0 inova\u00e7\u00e3o.","breadcrumb":{"@id":"https:\/\/maismagazine.pt\/index.php\/2026\/03\/13\/termalismo-em-portugal-fonte-de-energia-saude-e-bem-estar-2\/#breadcrumb"},"inLanguage":"pt-PT","potentialAction":[{"@type":"ReadAction","target":["https:\/\/maismagazine.pt\/index.php\/2026\/03\/13\/termalismo-em-portugal-fonte-de-energia-saude-e-bem-estar-2\/"]}]},{"@type":"ImageObject","inLanguage":"pt-PT","@id":"https:\/\/maismagazine.pt\/index.php\/2026\/03\/13\/termalismo-em-portugal-fonte-de-energia-saude-e-bem-estar-2\/#primaryimage","url":"http:\/\/maismagazine.pt\/wp-content\/uploads\/2026\/03\/Foto.jpg","contentUrl":"http:\/\/maismagazine.pt\/wp-content\/uploads\/2026\/03\/Foto.jpg","width":341,"height":343},{"@type":"BreadcrumbList","@id":"https:\/\/maismagazine.pt\/index.php\/2026\/03\/13\/termalismo-em-portugal-fonte-de-energia-saude-e-bem-estar-2\/#breadcrumb","itemListElement":[{"@type":"ListItem","position":1,"name":"Home","item":"http:\/\/maismagazine.pt\/"},{"@type":"ListItem","position":2,"name":"&#8220;Termalismo em Portugal &#8211; fonte de energia, sa\u00fade e bem-estar&#8221;"}]},{"@type":"WebSite","@id":"http:\/\/maismagazine.pt\/#website","url":"http:\/\/maismagazine.pt\/","name":"Mais Magazine","description":"","publisher":{"@id":"http:\/\/maismagazine.pt\/#organization"},"potentialAction":[{"@type":"SearchAction","target":{"@type":"EntryPoint","urlTemplate":"http:\/\/maismagazine.pt\/?s={search_term_string}"},"query-input":{"@type":"PropertyValueSpecification","valueRequired":true,"valueName":"search_term_string"}}],"inLanguage":"pt-PT"},{"@type":"Organization","@id":"http:\/\/maismagazine.pt\/#organization","name":"Mais Magazine","url":"http:\/\/maismagazine.pt\/","logo":{"@type":"ImageObject","inLanguage":"pt-PT","@id":"http:\/\/maismagazine.pt\/#\/schema\/logo\/image\/","url":"http:\/\/maismagazine.pt\/wp-content\/uploads\/2020\/04\/cropped-cropped-mais-magazine-site-logo-2.png","contentUrl":"http:\/\/maismagazine.pt\/wp-content\/uploads\/2020\/04\/cropped-cropped-mais-magazine-site-logo-2.png","width":581,"height":90,"caption":"Mais Magazine"},"image":{"@id":"http:\/\/maismagazine.pt\/#\/schema\/logo\/image\/"}},{"@type":"Person","@id":"http:\/\/maismagazine.pt\/#\/schema\/person\/c6c5bfccc886434cbd11c74e035f9646","name":"Tiago Costa","image":{"@type":"ImageObject","inLanguage":"pt-PT","@id":"http:\/\/maismagazine.pt\/#\/schema\/person\/image\/","url":"https:\/\/secure.gravatar.com\/avatar\/c599b2bce16c9870429198cbad5ee022?s=96&d=mm&r=g","contentUrl":"https:\/\/secure.gravatar.com\/avatar\/c599b2bce16c9870429198cbad5ee022?s=96&d=mm&r=g","caption":"Tiago Costa"},"url":"http:\/\/maismagazine.pt\/index.php\/author\/tiago\/"}]}},"author_meta":{"display_name":false,"author_link":"http:\/\/maismagazine.pt\/index.php\/author\/tiago\/"},"featured_img":"http:\/\/maismagazine.pt\/wp-content\/uploads\/2026\/03\/Foto-298x300.jpg","coauthors":[],"tax_additional":{"categories":{"linked":["<a href=\"http:\/\/maismagazine.pt\/index.php\/category\/destaque\/\" class=\"advgb-post-tax-term\">Destaque lateral<\/a>","<a href=\"http:\/\/maismagazine.pt\/index.php\/category\/noticias\/opiniao\/\" class=\"advgb-post-tax-term\">Opini\u00e3o<\/a>","<a href=\"http:\/\/maismagazine.pt\/index.php\/category\/termalismo\/\" class=\"advgb-post-tax-term\">Termalismo<\/a>"],"unlinked":["<span class=\"advgb-post-tax-term\">Destaque lateral<\/span>","<span class=\"advgb-post-tax-term\">Opini\u00e3o<\/span>","<span class=\"advgb-post-tax-term\">Termalismo<\/span>"]},"tags":{"linked":["<a href=\"http:\/\/maismagazine.pt\/index.php\/category\/termalismo\/\" class=\"advgb-post-tax-term\">Ant\u00f3nio Jorge Santos Silva<\/a>","<a href=\"http:\/\/maismagazine.pt\/index.php\/category\/termalismo\/\" class=\"advgb-post-tax-term\">SPHM<\/a>"],"unlinked":["<span class=\"advgb-post-tax-term\">Ant\u00f3nio Jorge Santos Silva<\/span>","<span class=\"advgb-post-tax-term\">SPHM<\/span>"]}},"comment_count":"0","relative_dates":{"created":"Posted 2 meses ago","modified":"Updated 2 meses ago"},"absolute_dates":{"created":"Posted on 13 de Mar\u00e7o, 2026","modified":"Updated on 11 de Mar\u00e7o, 2026"},"absolute_dates_time":{"created":"Posted on 13 de Mar\u00e7o, 2026 7:00","modified":"Updated on 11 de Mar\u00e7o, 2026 14:15"},"featured_img_caption":"","series_order":"","_links":{"self":[{"href":"http:\/\/maismagazine.pt\/index.php\/wp-json\/wp\/v2\/posts\/13749","targetHints":{"allow":["GET"]}}],"collection":[{"href":"http:\/\/maismagazine.pt\/index.php\/wp-json\/wp\/v2\/posts"}],"about":[{"href":"http:\/\/maismagazine.pt\/index.php\/wp-json\/wp\/v2\/types\/post"}],"author":[{"embeddable":true,"href":"http:\/\/maismagazine.pt\/index.php\/wp-json\/wp\/v2\/users\/17"}],"replies":[{"embeddable":true,"href":"http:\/\/maismagazine.pt\/index.php\/wp-json\/wp\/v2\/comments?post=13749"}],"version-history":[{"count":2,"href":"http:\/\/maismagazine.pt\/index.php\/wp-json\/wp\/v2\/posts\/13749\/revisions"}],"predecessor-version":[{"id":13753,"href":"http:\/\/maismagazine.pt\/index.php\/wp-json\/wp\/v2\/posts\/13749\/revisions\/13753"}],"wp:featuredmedia":[{"embeddable":true,"href":"http:\/\/maismagazine.pt\/index.php\/wp-json\/wp\/v2\/media\/13750"}],"wp:attachment":[{"href":"http:\/\/maismagazine.pt\/index.php\/wp-json\/wp\/v2\/media?parent=13749"}],"wp:term":[{"taxonomy":"category","embeddable":true,"href":"http:\/\/maismagazine.pt\/index.php\/wp-json\/wp\/v2\/categories?post=13749"},{"taxonomy":"post_tag","embeddable":true,"href":"http:\/\/maismagazine.pt\/index.php\/wp-json\/wp\/v2\/tags?post=13749"}],"curies":[{"name":"wp","href":"https:\/\/api.w.org\/{rel}","templated":true}]}}