{"id":13743,"date":"2026-03-13T07:00:00","date_gmt":"2026-03-13T07:00:00","guid":{"rendered":"https:\/\/maismagazine.pt\/?p=13743"},"modified":"2026-03-13T16:25:14","modified_gmt":"2026-03-13T16:25:14","slug":"ensino-superior-privado-escolher-crescer-liderar","status":"publish","type":"post","link":"http:\/\/maismagazine.pt\/index.php\/2026\/03\/13\/ensino-superior-privado-escolher-crescer-liderar\/","title":{"rendered":"Ensino Superior Privado: Escolher, Crescer, Liderar"},"content":{"rendered":"\n<p>A liberdade de aprender e ensinar \u00e9 um dos grandes valores de uma sociedade que aposta no conhecimento como motor de desenvolvimento. Em Portugal, o ensino superior privado tem sido, ao longo das \u00faltimas d\u00e9cadas, uma pe\u00e7a-chave na constru\u00e7\u00e3o de um sistema educativo mais inclusivo, diversificado e alinhado com os desafios da modernidade. <\/p>\n\n\n\n<p><\/p>\n\n\n\n<p>Na APESP \u2013 Associa\u00e7\u00e3o Portuguesa do Ensino Superior Privado, representamos um setor que acredita no m\u00e9rito, na excel\u00eancia e na liberdade de escolha. As nossas institui\u00e7\u00f5es t\u00eam sido agentes de inova\u00e7\u00e3o, capazes de responder com agilidade \u00e0s necessidades da sociedade e da economia, formando profissionais preparados para um mundo em transforma\u00e7\u00e3o. <\/p>\n\n\n\n<p><\/p>\n\n\n\n<p>O ensino superior privado n\u00e3o se limita a oferecer alternativas: acrescenta valor, expande horizontes e desafia modelos tradicionais. Num contexto de crescente exig\u00eancia e competitividade, \u00e9 fundamental reconhecer o seu contributo para a qualifica\u00e7\u00e3o da popula\u00e7\u00e3o, para a diversifica\u00e7\u00e3o da oferta acad\u00e9mica e para a aproxima\u00e7\u00e3o entre o ensino e o mercado de trabalho. <\/p>\n\n\n\n<p><\/p>\n\n\n\n<p>Escolher uma institui\u00e7\u00e3o privada \u00e9 mais do que optar por um percurso acad\u00e9mico. \u00c9 integrar uma cultura de proximidade, de exig\u00eancia e de ambi\u00e7\u00e3o. \u00c9 aprender com liberdade, desenvolver compet\u00eancias para al\u00e9m do conhecimento t\u00e9cnico e cultivar uma vis\u00e3o empreendedora do futuro.<\/p>\n\n\n\n<p><\/p>\n\n\n\n<p>Liderar o pr\u00f3prio destino e alcan\u00e7ar o sucesso exige um ensino superior que v\u00e1 al\u00e9m do convencional, que forme cidad\u00e3os cr\u00edticos, inovadores e preparados para os desafios globais. Neste 25 de abril, reafirmamos o nosso compromisso com um ensino superior privado forte, aut\u00f3nomo e parceiro do desenvolvimento do pa\u00eds. Porque a educa\u00e7\u00e3o n\u00e3o \u00e9 apenas um direito; \u00e9 a chave para transformar o futuro. <\/p>\n\n\n\n<p><\/p>\n\n\n\n<p><em>Ant\u00f3nio Almeida Dias, Presidente da APESP (Associa\u00e7\u00e3o Portuguesa do Ensino Superior Privado)<\/em><\/p>\n\n\n\n<p><\/p>\n\n\n\n<p><a href=\"http:\/\/www.apesp.pt\">www.apesp.pt<\/a><\/p>\n\n\n<div class=\"wp-block-image\">\n<figure class=\"aligncenter size-full is-resized\"><img loading=\"lazy\" decoding=\"async\" width=\"400\" height=\"400\" src=\"https:\/\/maismagazine.pt\/wp-content\/uploads\/2026\/03\/IMG_6743.png\" alt=\"\" class=\"wp-image-13907\" style=\"width:184px;height:auto\" srcset=\"http:\/\/maismagazine.pt\/wp-content\/uploads\/2026\/03\/IMG_6743.png 400w, http:\/\/maismagazine.pt\/wp-content\/uploads\/2026\/03\/IMG_6743-300x300.png 300w, http:\/\/maismagazine.pt\/wp-content\/uploads\/2026\/03\/IMG_6743-150x150.png 150w\" sizes=\"auto, (max-width: 400px) 100vw, 400px\" \/><\/figure><\/div>","protected":false},"excerpt":{"rendered":"<p>A liberdade de aprender e ensinar \u00e9 um dos grandes valores de uma sociedade que aposta no conhecimento como motor de desenvolvimento. Em Portugal, o ensino superior privado tem sido, ao longo das \u00faltimas d\u00e9cadas, uma pe\u00e7a-chave na constru\u00e7\u00e3o de um sistema educativo mais inclusivo, diversificado e alinhado com os&hellip;<\/p>\n","protected":false},"author":18,"featured_media":13744,"comment_status":"closed","ping_status":"open","sticky":false,"template":"","format":"standard","meta":{"advgb_blocks_editor_width":"","advgb_blocks_columns_visual_guide":"","_monsterinsights_skip_tracking":false,"_monsterinsights_sitenote_active":false,"_monsterinsights_sitenote_note":"","_monsterinsights_sitenote_category":0,"footnotes":""},"categories":[52],"tags":[600,521],"class_list":["post-13743","post","type-post","status-publish","format-standard","has-post-thumbnail","hentry","category-destaque","tag-apesp","tag-ensino"],"yoast_head":"<!-- This site is optimized with the Yoast SEO plugin v24.4 - https:\/\/yoast.com\/wordpress\/plugins\/seo\/ -->\n<title>Ensino Superior Privado: Escolher, Crescer, Liderar - Mais Magazine<\/title>\n<meta name=\"robots\" content=\"index, follow, max-snippet:-1, max-image-preview:large, max-video-preview:-1\" \/>\n<link rel=\"canonical\" href=\"https:\/\/maismagazine.pt\/index.php\/2026\/03\/13\/ensino-superior-privado-escolher-crescer-liderar\/\" \/>\n<meta property=\"og:locale\" content=\"pt_PT\" \/>\n<meta property=\"og:type\" content=\"article\" \/>\n<meta property=\"og:title\" content=\"Ensino Superior Privado: Escolher, Crescer, Liderar - Mais Magazine\" \/>\n<meta property=\"og:description\" content=\"A liberdade de aprender e ensinar \u00e9 um dos grandes valores de uma sociedade que aposta no conhecimento como motor de desenvolvimento. Em Portugal, o ensino superior privado tem sido, ao longo das \u00faltimas d\u00e9cadas, uma pe\u00e7a-chave na constru\u00e7\u00e3o de um sistema educativo mais inclusivo, diversificado e alinhado com os&hellip;\" \/>\n<meta property=\"og:url\" content=\"https:\/\/maismagazine.pt\/index.php\/2026\/03\/13\/ensino-superior-privado-escolher-crescer-liderar\/\" \/>\n<meta property=\"og:site_name\" content=\"Mais Magazine\" \/>\n<meta property=\"article:published_time\" content=\"2026-03-13T07:00:00+00:00\" \/>\n<meta property=\"article:modified_time\" content=\"2026-03-13T16:25:14+00:00\" \/>\n<meta property=\"og:image\" content=\"https:\/\/maismagazine.pt\/wp-content\/uploads\/2026\/03\/Antonio-Alemida-Dias-Presidente-da-APESP.jpg\" \/>\n\t<meta property=\"og:image:width\" content=\"1373\" \/>\n\t<meta property=\"og:image:height\" content=\"2059\" \/>\n\t<meta property=\"og:image:type\" content=\"image\/jpeg\" \/>\n<meta name=\"author\" content=\"Tatiana Martins\" \/>\n<meta name=\"twitter:card\" content=\"summary_large_image\" \/>\n<meta name=\"twitter:label1\" content=\"Escrito por\" \/>\n\t<meta name=\"twitter:data1\" content=\"\" \/>\n\t<meta name=\"twitter:label2\" content=\"Tempo estimado de leitura\" \/>\n\t<meta name=\"twitter:data2\" content=\"2 minutos\" \/>\n<script type=\"application\/ld+json\" class=\"yoast-schema-graph\">{\"@context\":\"https:\/\/schema.org\",\"@graph\":[{\"@type\":\"Article\",\"@id\":\"https:\/\/maismagazine.pt\/index.php\/2026\/03\/13\/ensino-superior-privado-escolher-crescer-liderar\/#article\",\"isPartOf\":{\"@id\":\"https:\/\/maismagazine.pt\/index.php\/2026\/03\/13\/ensino-superior-privado-escolher-crescer-liderar\/\"},\"author\":{\"name\":\"Tatiana Martins\",\"@id\":\"http:\/\/maismagazine.pt\/#\/schema\/person\/7426e2caeb8df32a1b56aa48dae778c9\"},\"headline\":\"Ensino Superior Privado: Escolher, Crescer, Liderar\",\"datePublished\":\"2026-03-13T07:00:00+00:00\",\"dateModified\":\"2026-03-13T16:25:14+00:00\",\"mainEntityOfPage\":{\"@id\":\"https:\/\/maismagazine.pt\/index.php\/2026\/03\/13\/ensino-superior-privado-escolher-crescer-liderar\/\"},\"wordCount\":312,\"publisher\":{\"@id\":\"http:\/\/maismagazine.pt\/#organization\"},\"image\":{\"@id\":\"https:\/\/maismagazine.pt\/index.php\/2026\/03\/13\/ensino-superior-privado-escolher-crescer-liderar\/#primaryimage\"},\"thumbnailUrl\":\"http:\/\/maismagazine.pt\/wp-content\/uploads\/2026\/03\/Antonio-Alemida-Dias-Presidente-da-APESP.jpg\",\"keywords\":[\"APESP\",\"Ensino\"],\"articleSection\":[\"Destaque lateral\"],\"inLanguage\":\"pt-PT\"},{\"@type\":\"WebPage\",\"@id\":\"https:\/\/maismagazine.pt\/index.php\/2026\/03\/13\/ensino-superior-privado-escolher-crescer-liderar\/\",\"url\":\"https:\/\/maismagazine.pt\/index.php\/2026\/03\/13\/ensino-superior-privado-escolher-crescer-liderar\/\",\"name\":\"Ensino Superior Privado: Escolher, Crescer, Liderar - Mais Magazine\",\"isPartOf\":{\"@id\":\"http:\/\/maismagazine.pt\/#website\"},\"primaryImageOfPage\":{\"@id\":\"https:\/\/maismagazine.pt\/index.php\/2026\/03\/13\/ensino-superior-privado-escolher-crescer-liderar\/#primaryimage\"},\"image\":{\"@id\":\"https:\/\/maismagazine.pt\/index.php\/2026\/03\/13\/ensino-superior-privado-escolher-crescer-liderar\/#primaryimage\"},\"thumbnailUrl\":\"http:\/\/maismagazine.pt\/wp-content\/uploads\/2026\/03\/Antonio-Alemida-Dias-Presidente-da-APESP.jpg\",\"datePublished\":\"2026-03-13T07:00:00+00:00\",\"dateModified\":\"2026-03-13T16:25:14+00:00\",\"breadcrumb\":{\"@id\":\"https:\/\/maismagazine.pt\/index.php\/2026\/03\/13\/ensino-superior-privado-escolher-crescer-liderar\/#breadcrumb\"},\"inLanguage\":\"pt-PT\",\"potentialAction\":[{\"@type\":\"ReadAction\",\"target\":[\"https:\/\/maismagazine.pt\/index.php\/2026\/03\/13\/ensino-superior-privado-escolher-crescer-liderar\/\"]}]},{\"@type\":\"ImageObject\",\"inLanguage\":\"pt-PT\",\"@id\":\"https:\/\/maismagazine.pt\/index.php\/2026\/03\/13\/ensino-superior-privado-escolher-crescer-liderar\/#primaryimage\",\"url\":\"http:\/\/maismagazine.pt\/wp-content\/uploads\/2026\/03\/Antonio-Alemida-Dias-Presidente-da-APESP.jpg\",\"contentUrl\":\"http:\/\/maismagazine.pt\/wp-content\/uploads\/2026\/03\/Antonio-Alemida-Dias-Presidente-da-APESP.jpg\",\"width\":1373,\"height\":2059},{\"@type\":\"BreadcrumbList\",\"@id\":\"https:\/\/maismagazine.pt\/index.php\/2026\/03\/13\/ensino-superior-privado-escolher-crescer-liderar\/#breadcrumb\",\"itemListElement\":[{\"@type\":\"ListItem\",\"position\":1,\"name\":\"Home\",\"item\":\"http:\/\/maismagazine.pt\/\"},{\"@type\":\"ListItem\",\"position\":2,\"name\":\"Ensino Superior Privado: Escolher, Crescer, Liderar\"}]},{\"@type\":\"WebSite\",\"@id\":\"http:\/\/maismagazine.pt\/#website\",\"url\":\"http:\/\/maismagazine.pt\/\",\"name\":\"Mais Magazine\",\"description\":\"\",\"publisher\":{\"@id\":\"http:\/\/maismagazine.pt\/#organization\"},\"potentialAction\":[{\"@type\":\"SearchAction\",\"target\":{\"@type\":\"EntryPoint\",\"urlTemplate\":\"http:\/\/maismagazine.pt\/?s={search_term_string}\"},\"query-input\":{\"@type\":\"PropertyValueSpecification\",\"valueRequired\":true,\"valueName\":\"search_term_string\"}}],\"inLanguage\":\"pt-PT\"},{\"@type\":\"Organization\",\"@id\":\"http:\/\/maismagazine.pt\/#organization\",\"name\":\"Mais Magazine\",\"url\":\"http:\/\/maismagazine.pt\/\",\"logo\":{\"@type\":\"ImageObject\",\"inLanguage\":\"pt-PT\",\"@id\":\"http:\/\/maismagazine.pt\/#\/schema\/logo\/image\/\",\"url\":\"http:\/\/maismagazine.pt\/wp-content\/uploads\/2020\/04\/cropped-cropped-mais-magazine-site-logo-2.png\",\"contentUrl\":\"http:\/\/maismagazine.pt\/wp-content\/uploads\/2020\/04\/cropped-cropped-mais-magazine-site-logo-2.png\",\"width\":581,\"height\":90,\"caption\":\"Mais Magazine\"},\"image\":{\"@id\":\"http:\/\/maismagazine.pt\/#\/schema\/logo\/image\/\"}},{\"@type\":\"Person\",\"@id\":\"http:\/\/maismagazine.pt\/#\/schema\/person\/7426e2caeb8df32a1b56aa48dae778c9\",\"name\":\"Tatiana Martins\",\"image\":{\"@type\":\"ImageObject\",\"inLanguage\":\"pt-PT\",\"@id\":\"http:\/\/maismagazine.pt\/#\/schema\/person\/image\/\",\"url\":\"https:\/\/secure.gravatar.com\/avatar\/4b24a57f5d0425f2eb20981c4b53244e?s=96&d=mm&r=g\",\"contentUrl\":\"https:\/\/secure.gravatar.com\/avatar\/4b24a57f5d0425f2eb20981c4b53244e?s=96&d=mm&r=g\",\"caption\":\"Tatiana Martins\"},\"url\":\"http:\/\/maismagazine.pt\/index.php\/author\/tatiana\/\"}]}<\/script>\n<!-- \/ Yoast SEO plugin. -->","yoast_head_json":{"title":"Ensino Superior Privado: Escolher, Crescer, Liderar - Mais Magazine","robots":{"index":"index","follow":"follow","max-snippet":"max-snippet:-1","max-image-preview":"max-image-preview:large","max-video-preview":"max-video-preview:-1"},"canonical":"https:\/\/maismagazine.pt\/index.php\/2026\/03\/13\/ensino-superior-privado-escolher-crescer-liderar\/","og_locale":"pt_PT","og_type":"article","og_title":"Ensino Superior Privado: Escolher, Crescer, Liderar - Mais Magazine","og_description":"A liberdade de aprender e ensinar \u00e9 um dos grandes valores de uma sociedade que aposta no conhecimento como motor de desenvolvimento. Em Portugal, o ensino superior privado tem sido, ao longo das \u00faltimas d\u00e9cadas, uma pe\u00e7a-chave na constru\u00e7\u00e3o de um sistema educativo mais inclusivo, diversificado e alinhado com os&hellip;","og_url":"https:\/\/maismagazine.pt\/index.php\/2026\/03\/13\/ensino-superior-privado-escolher-crescer-liderar\/","og_site_name":"Mais Magazine","article_published_time":"2026-03-13T07:00:00+00:00","article_modified_time":"2026-03-13T16:25:14+00:00","og_image":[{"width":1373,"height":2059,"url":"https:\/\/maismagazine.pt\/wp-content\/uploads\/2026\/03\/Antonio-Alemida-Dias-Presidente-da-APESP.jpg","type":"image\/jpeg"}],"author":"Tatiana Martins","twitter_card":"summary_large_image","twitter_misc":{"Escrito por":false,"Tempo estimado de leitura":"2 minutos"},"schema":{"@context":"https:\/\/schema.org","@graph":[{"@type":"Article","@id":"https:\/\/maismagazine.pt\/index.php\/2026\/03\/13\/ensino-superior-privado-escolher-crescer-liderar\/#article","isPartOf":{"@id":"https:\/\/maismagazine.pt\/index.php\/2026\/03\/13\/ensino-superior-privado-escolher-crescer-liderar\/"},"author":{"name":"Tatiana Martins","@id":"http:\/\/maismagazine.pt\/#\/schema\/person\/7426e2caeb8df32a1b56aa48dae778c9"},"headline":"Ensino Superior Privado: Escolher, Crescer, Liderar","datePublished":"2026-03-13T07:00:00+00:00","dateModified":"2026-03-13T16:25:14+00:00","mainEntityOfPage":{"@id":"https:\/\/maismagazine.pt\/index.php\/2026\/03\/13\/ensino-superior-privado-escolher-crescer-liderar\/"},"wordCount":312,"publisher":{"@id":"http:\/\/maismagazine.pt\/#organization"},"image":{"@id":"https:\/\/maismagazine.pt\/index.php\/2026\/03\/13\/ensino-superior-privado-escolher-crescer-liderar\/#primaryimage"},"thumbnailUrl":"http:\/\/maismagazine.pt\/wp-content\/uploads\/2026\/03\/Antonio-Alemida-Dias-Presidente-da-APESP.jpg","keywords":["APESP","Ensino"],"articleSection":["Destaque lateral"],"inLanguage":"pt-PT"},{"@type":"WebPage","@id":"https:\/\/maismagazine.pt\/index.php\/2026\/03\/13\/ensino-superior-privado-escolher-crescer-liderar\/","url":"https:\/\/maismagazine.pt\/index.php\/2026\/03\/13\/ensino-superior-privado-escolher-crescer-liderar\/","name":"Ensino Superior Privado: Escolher, Crescer, Liderar - Mais Magazine","isPartOf":{"@id":"http:\/\/maismagazine.pt\/#website"},"primaryImageOfPage":{"@id":"https:\/\/maismagazine.pt\/index.php\/2026\/03\/13\/ensino-superior-privado-escolher-crescer-liderar\/#primaryimage"},"image":{"@id":"https:\/\/maismagazine.pt\/index.php\/2026\/03\/13\/ensino-superior-privado-escolher-crescer-liderar\/#primaryimage"},"thumbnailUrl":"http:\/\/maismagazine.pt\/wp-content\/uploads\/2026\/03\/Antonio-Alemida-Dias-Presidente-da-APESP.jpg","datePublished":"2026-03-13T07:00:00+00:00","dateModified":"2026-03-13T16:25:14+00:00","breadcrumb":{"@id":"https:\/\/maismagazine.pt\/index.php\/2026\/03\/13\/ensino-superior-privado-escolher-crescer-liderar\/#breadcrumb"},"inLanguage":"pt-PT","potentialAction":[{"@type":"ReadAction","target":["https:\/\/maismagazine.pt\/index.php\/2026\/03\/13\/ensino-superior-privado-escolher-crescer-liderar\/"]}]},{"@type":"ImageObject","inLanguage":"pt-PT","@id":"https:\/\/maismagazine.pt\/index.php\/2026\/03\/13\/ensino-superior-privado-escolher-crescer-liderar\/#primaryimage","url":"http:\/\/maismagazine.pt\/wp-content\/uploads\/2026\/03\/Antonio-Alemida-Dias-Presidente-da-APESP.jpg","contentUrl":"http:\/\/maismagazine.pt\/wp-content\/uploads\/2026\/03\/Antonio-Alemida-Dias-Presidente-da-APESP.jpg","width":1373,"height":2059},{"@type":"BreadcrumbList","@id":"https:\/\/maismagazine.pt\/index.php\/2026\/03\/13\/ensino-superior-privado-escolher-crescer-liderar\/#breadcrumb","itemListElement":[{"@type":"ListItem","position":1,"name":"Home","item":"http:\/\/maismagazine.pt\/"},{"@type":"ListItem","position":2,"name":"Ensino Superior Privado: Escolher, Crescer, Liderar"}]},{"@type":"WebSite","@id":"http:\/\/maismagazine.pt\/#website","url":"http:\/\/maismagazine.pt\/","name":"Mais Magazine","description":"","publisher":{"@id":"http:\/\/maismagazine.pt\/#organization"},"potentialAction":[{"@type":"SearchAction","target":{"@type":"EntryPoint","urlTemplate":"http:\/\/maismagazine.pt\/?s={search_term_string}"},"query-input":{"@type":"PropertyValueSpecification","valueRequired":true,"valueName":"search_term_string"}}],"inLanguage":"pt-PT"},{"@type":"Organization","@id":"http:\/\/maismagazine.pt\/#organization","name":"Mais Magazine","url":"http:\/\/maismagazine.pt\/","logo":{"@type":"ImageObject","inLanguage":"pt-PT","@id":"http:\/\/maismagazine.pt\/#\/schema\/logo\/image\/","url":"http:\/\/maismagazine.pt\/wp-content\/uploads\/2020\/04\/cropped-cropped-mais-magazine-site-logo-2.png","contentUrl":"http:\/\/maismagazine.pt\/wp-content\/uploads\/2020\/04\/cropped-cropped-mais-magazine-site-logo-2.png","width":581,"height":90,"caption":"Mais Magazine"},"image":{"@id":"http:\/\/maismagazine.pt\/#\/schema\/logo\/image\/"}},{"@type":"Person","@id":"http:\/\/maismagazine.pt\/#\/schema\/person\/7426e2caeb8df32a1b56aa48dae778c9","name":"Tatiana Martins","image":{"@type":"ImageObject","inLanguage":"pt-PT","@id":"http:\/\/maismagazine.pt\/#\/schema\/person\/image\/","url":"https:\/\/secure.gravatar.com\/avatar\/4b24a57f5d0425f2eb20981c4b53244e?s=96&d=mm&r=g","contentUrl":"https:\/\/secure.gravatar.com\/avatar\/4b24a57f5d0425f2eb20981c4b53244e?s=96&d=mm&r=g","caption":"Tatiana Martins"},"url":"http:\/\/maismagazine.pt\/index.php\/author\/tatiana\/"}]}},"author_meta":{"display_name":false,"author_link":"http:\/\/maismagazine.pt\/index.php\/author\/tatiana\/"},"featured_img":"http:\/\/maismagazine.pt\/wp-content\/uploads\/2026\/03\/Antonio-Alemida-Dias-Presidente-da-APESP-200x300.jpg","coauthors":[],"tax_additional":{"categories":{"linked":["<a href=\"http:\/\/maismagazine.pt\/index.php\/category\/destaque\/\" class=\"advgb-post-tax-term\">Destaque lateral<\/a>"],"unlinked":["<span class=\"advgb-post-tax-term\">Destaque lateral<\/span>"]},"tags":{"linked":["<a href=\"http:\/\/maismagazine.pt\/index.php\/category\/destaque\/\" class=\"advgb-post-tax-term\">APESP<\/a>","<a href=\"http:\/\/maismagazine.pt\/index.php\/category\/destaque\/\" class=\"advgb-post-tax-term\">Ensino<\/a>"],"unlinked":["<span class=\"advgb-post-tax-term\">APESP<\/span>","<span class=\"advgb-post-tax-term\">Ensino<\/span>"]}},"comment_count":"0","relative_dates":{"created":"Posted 2 meses ago","modified":"Updated 2 meses ago"},"absolute_dates":{"created":"Posted on 13 de Mar\u00e7o, 2026","modified":"Updated on 13 de Mar\u00e7o, 2026"},"absolute_dates_time":{"created":"Posted on 13 de Mar\u00e7o, 2026 7:00","modified":"Updated on 13 de Mar\u00e7o, 2026 16:25"},"featured_img_caption":"","series_order":"","_links":{"self":[{"href":"http:\/\/maismagazine.pt\/index.php\/wp-json\/wp\/v2\/posts\/13743","targetHints":{"allow":["GET"]}}],"collection":[{"href":"http:\/\/maismagazine.pt\/index.php\/wp-json\/wp\/v2\/posts"}],"about":[{"href":"http:\/\/maismagazine.pt\/index.php\/wp-json\/wp\/v2\/types\/post"}],"author":[{"embeddable":true,"href":"http:\/\/maismagazine.pt\/index.php\/wp-json\/wp\/v2\/users\/18"}],"replies":[{"embeddable":true,"href":"http:\/\/maismagazine.pt\/index.php\/wp-json\/wp\/v2\/comments?post=13743"}],"version-history":[{"count":3,"href":"http:\/\/maismagazine.pt\/index.php\/wp-json\/wp\/v2\/posts\/13743\/revisions"}],"predecessor-version":[{"id":13908,"href":"http:\/\/maismagazine.pt\/index.php\/wp-json\/wp\/v2\/posts\/13743\/revisions\/13908"}],"wp:featuredmedia":[{"embeddable":true,"href":"http:\/\/maismagazine.pt\/index.php\/wp-json\/wp\/v2\/media\/13744"}],"wp:attachment":[{"href":"http:\/\/maismagazine.pt\/index.php\/wp-json\/wp\/v2\/media?parent=13743"}],"wp:term":[{"taxonomy":"category","embeddable":true,"href":"http:\/\/maismagazine.pt\/index.php\/wp-json\/wp\/v2\/categories?post=13743"},{"taxonomy":"post_tag","embeddable":true,"href":"http:\/\/maismagazine.pt\/index.php\/wp-json\/wp\/v2\/tags?post=13743"}],"curies":[{"name":"wp","href":"https:\/\/api.w.org\/{rel}","templated":true}]}}