{"id":13728,"date":"2026-03-13T07:00:00","date_gmt":"2026-03-13T07:00:00","guid":{"rendered":"https:\/\/maismagazine.pt\/?p=13728"},"modified":"2026-03-10T16:37:11","modified_gmt":"2026-03-10T16:37:11","slug":"taipas-termal-referencia-nacional-em-saude-natural","status":"publish","type":"post","link":"http:\/\/maismagazine.pt\/index.php\/2026\/03\/13\/taipas-termal-referencia-nacional-em-saude-natural\/","title":{"rendered":"Taipas Termal: Refer\u00eancia nacional em sa\u00fade natural"},"content":{"rendered":"\n<p><strong>A Mais Magazine teve o prazer de conversar com Tiago Rodrigues, Presidente Executivo da Dire\u00e7\u00e3o da <a href=\"http:\/\/www.taipastermal.com\">Taipas Termal<\/a>, que nos falou sobre a vis\u00e3o estrat\u00e9gica que tem orientado a est\u00e2ncia termal das Caldas das Taipas, no concelho de Guimar\u00e3es. Numa conversa centrada na valoriza\u00e7\u00e3o do patrim\u00f3nio termal, na inova\u00e7\u00e3o cl\u00ednica e no papel da institui\u00e7\u00e3o no desenvolvimento regional, fic\u00e1mos a conhecer os projetos, os desafios e as prioridades que marcam o presente e o futuro da Taipas Termal no panorama da sa\u00fade e bem-estar em Portugal. <\/strong><\/p>\n\n\n\n<p><\/p>\n\n\n\n<p><strong>Quais considera serem os principais fatores diferenciadores da Taipas Termal no contexto portugu\u00eas e de que forma t\u00eam contribu\u00eddo para afirmar a est\u00e2ncia como refer\u00eancia nacional no setor da sa\u00fade e bem-estar? <\/strong><\/p>\n\n\n\n<p>A Taipas Termal distingue-se pela conjuga\u00e7\u00e3o entre patrim\u00f3nio hist\u00f3rico, credibilidade cl\u00ednica e uma estrat\u00e9gia orientada para a sa\u00fade preventiva. Com tradi\u00e7\u00e3o nas \u00e1reas m\u00fasculo-esquel\u00e9tica, respirat\u00f3ria e dermatol\u00f3gica, asseguramos acompanhamento m\u00e9dico, protocolos estruturados e equipas qualificadas. Desenvolvemos programas integrados de reabilita\u00e7\u00e3o e envelhecimento ativo, articulando termalismo terap\u00eautico e Spa. Esta complementaridade permite responder a necessidades cl\u00ednicas e, simultaneamente, \u00e0 procura crescente de bem-estar e equil\u00edbrio, afirmando as Taipas como refer\u00eancia nacional em sa\u00fade natural. <\/p>\n\n\n\n<p><\/p>\n\n\n\n<p><strong>Que caracter\u00edsticas espec\u00edficas da \u00e1gua mineral natural das Taipas a tornam \u00fanica e como t\u00eam sido potenciadas ao n\u00edvel terap\u00eautico, cient\u00edfico e cl\u00ednico? <\/strong><\/p>\n\n\n\n<p>A \u00e1gua mineral natural das Taipas \u00e9 oficialmente classificada como sulf\u00farea e bicarbonatada s\u00f3dica, emergindo a 30\u00baC e apresentando mineraliza\u00e7\u00e3o total de 243 mg\/L. Estas caracter\u00edsticas conferem-lhe particular adequa\u00e7\u00e3o ao apoio de patologias m\u00fasculo-esquel\u00e9ticas, respirat\u00f3rias e dermatol\u00f3gicas. A componente sulf\u00farea destaca-se pelos efeitos associados ao equil\u00edbrio cut\u00e2neo e \u00e0s vias respirat\u00f3rias. A sua aplica\u00e7\u00e3o \u00e9 enquadrada por acompanhamento cl\u00ednico e protocolos espec\u00edficos, integrando tratamentos cl\u00e1ssicos e programas complementares de Spa, conciliando rigor terap\u00eautico e experi\u00eancia de bem-estar. <\/p>\n\n\n\n<p><\/p>\n\n\n\n<figure class=\"wp-block-gallery has-nested-images columns-default is-cropped wp-block-gallery-1 is-layout-flex wp-block-gallery-is-layout-flex\">\n<figure class=\"wp-block-image size-large\"><img loading=\"lazy\" decoding=\"async\" width=\"600\" height=\"399\" data-id=\"13731\" src=\"https:\/\/maismagazine.pt\/wp-content\/uploads\/2026\/03\/AD_1810_MG_9306.jpg\" alt=\"\" class=\"wp-image-13731\" srcset=\"http:\/\/maismagazine.pt\/wp-content\/uploads\/2026\/03\/AD_1810_MG_9306.jpg 600w, http:\/\/maismagazine.pt\/wp-content\/uploads\/2026\/03\/AD_1810_MG_9306-300x200.jpg 300w, http:\/\/maismagazine.pt\/wp-content\/uploads\/2026\/03\/AD_1810_MG_9306-150x100.jpg 150w\" sizes=\"auto, (max-width: 600px) 100vw, 600px\" \/><\/figure>\n\n\n\n<figure class=\"wp-block-image size-large\"><img loading=\"lazy\" decoding=\"async\" width=\"600\" height=\"399\" data-id=\"13732\" src=\"https:\/\/maismagazine.pt\/wp-content\/uploads\/2026\/03\/AD_1810_MG_9432.jpg\" alt=\"\" class=\"wp-image-13732\" srcset=\"http:\/\/maismagazine.pt\/wp-content\/uploads\/2026\/03\/AD_1810_MG_9432.jpg 600w, http:\/\/maismagazine.pt\/wp-content\/uploads\/2026\/03\/AD_1810_MG_9432-300x200.jpg 300w, http:\/\/maismagazine.pt\/wp-content\/uploads\/2026\/03\/AD_1810_MG_9432-150x100.jpg 150w\" sizes=\"auto, (max-width: 600px) 100vw, 600px\" \/><\/figure>\n<\/figure>\n\n\n\n<p><\/p>\n\n\n\n<p><strong>De que forma a atividade da Taipas Termal tem impulsionado o desenvolvimento econ\u00f3mico e social da regi\u00e3o, nomeadamente na cria\u00e7\u00e3o de emprego, dinamiza\u00e7\u00e3o do turismo e promo\u00e7\u00e3o de pr\u00e1ticas sustent\u00e1veis na gest\u00e3o dos recursos h\u00eddricos? <\/strong><\/p>\n\n\n\n<p>A Taipas Termal \u00e9 um ativo estrat\u00e9gico para Caldas das Taipas e para o concelho de Guimar\u00e3es. Gera emprego qualificado nas \u00e1reas da sa\u00fade e servi\u00e7os, dinamiza hotelaria, restaura\u00e7\u00e3o e com\u00e9rcio local e contribui para reduzir a sazonalidade tur\u00edstica atrav\u00e9s da integra\u00e7\u00e3o entre termalismo e Spa. O acesso a tratamentos comparticipados refor\u00e7a a sua fun\u00e7\u00e3o social, promovendo preven\u00e7\u00e3o e envelhecimento ativo. A explora\u00e7\u00e3o do recurso h\u00eddrico \u00e9 regulada e monitorizada pela DGEG, garantindo gest\u00e3o sustent\u00e1vel e prote\u00e7\u00e3o do aqu\u00edfero. <\/p>\n\n\n\n<p><\/p>\n\n\n\n<p><strong>Que projetos, investimentos ou parcerias estrat\u00e9gicas est\u00e3o previstos para consolidar o crescimento da Taipas Termal e refor\u00e7ar o seu papel como refer\u00eancia nacional no termalismo? <\/strong><\/p>\n\n\n\n<p>A estrat\u00e9gia de crescimento da Taipas Termal assenta numa l\u00f3gica de consolida\u00e7\u00e3o e qualifica\u00e7\u00e3o. O foco est\u00e1 na moderniza\u00e7\u00e3o cont\u00ednua das infraestruturas, na atualiza\u00e7\u00e3o tecnol\u00f3gica dos equipamentos e no refor\u00e7o da componente cl\u00ednica, garantindo elevados padr\u00f5es de qualidade e seguran\u00e7a no termalismo terap\u00eautico. Pretendemos aprofundar a articula\u00e7\u00e3o entre termalismo e Spa, desenvolvendo programas integrados de preven\u00e7\u00e3o, reabilita\u00e7\u00e3o e longevidade ativa. Ao n\u00edvel institucional, estamos empenhados em refor\u00e7ar a coopera\u00e7\u00e3o com a Unidade Local de Sa\u00fade, promovendo uma maior articula\u00e7\u00e3o entre cuidados de sa\u00fade prim\u00e1rios, prescri\u00e7\u00e3o cl\u00ednica e tratamentos termais. Em articula\u00e7\u00e3o com o Munic\u00edpio de Guimar\u00e3es e parceiros do setor, trabalhamos para consolidar a Taipas Termal como polo regional de sa\u00fade natural e refer\u00eancia nacional no termalismo. <\/p>\n\n\n\n<p><\/p>\n\n\n<div class=\"wp-block-image\">\n<figure class=\"aligncenter size-large is-resized\"><img loading=\"lazy\" decoding=\"async\" width=\"1024\" height=\"1024\" src=\"https:\/\/maismagazine.pt\/wp-content\/uploads\/2026\/03\/324511183_872693330643509_7270854910830154993_n1-1024x1024.png\" alt=\"\" class=\"wp-image-13734\" style=\"width:321px;height:auto\" srcset=\"http:\/\/maismagazine.pt\/wp-content\/uploads\/2026\/03\/324511183_872693330643509_7270854910830154993_n1-1024x1024.png 1024w, http:\/\/maismagazine.pt\/wp-content\/uploads\/2026\/03\/324511183_872693330643509_7270854910830154993_n1-300x300.png 300w, http:\/\/maismagazine.pt\/wp-content\/uploads\/2026\/03\/324511183_872693330643509_7270854910830154993_n1-150x150.png 150w, http:\/\/maismagazine.pt\/wp-content\/uploads\/2026\/03\/324511183_872693330643509_7270854910830154993_n1-768x768.png 768w, http:\/\/maismagazine.pt\/wp-content\/uploads\/2026\/03\/324511183_872693330643509_7270854910830154993_n1-1536x1536.png 1536w, http:\/\/maismagazine.pt\/wp-content\/uploads\/2026\/03\/324511183_872693330643509_7270854910830154993_n1.png 2048w\" sizes=\"auto, (max-width: 1024px) 100vw, 1024px\" \/><\/figure><\/div>\n\n\n<p><\/p>\n","protected":false},"excerpt":{"rendered":"<p>A Mais Magazine teve o prazer de conversar com Tiago Rodrigues, Presidente Executivo da Dire\u00e7\u00e3o da Taipas Termal, que nos falou sobre a vis\u00e3o estrat\u00e9gica que tem orientado a est\u00e2ncia termal das Caldas das Taipas, no concelho de Guimar\u00e3es. Numa conversa centrada na valoriza\u00e7\u00e3o do patrim\u00f3nio termal, na inova\u00e7\u00e3o cl\u00ednica&hellip;<\/p>\n","protected":false},"author":17,"featured_media":13736,"comment_status":"closed","ping_status":"open","sticky":false,"template":"","format":"standard","meta":{"advgb_blocks_editor_width":"","advgb_blocks_columns_visual_guide":"","_monsterinsights_skip_tracking":false,"_monsterinsights_sitenote_active":false,"_monsterinsights_sitenote_note":"","_monsterinsights_sitenote_category":0,"footnotes":""},"categories":[2584,53],"tags":[1136,1922],"class_list":["post-13728","post","type-post","status-publish","format-standard","has-post-thumbnail","hentry","category-termalismo","category-turismo-restaurantes","tag-guimaraes","tag-taipas-termal"],"yoast_head":"<!-- This site is optimized with the Yoast SEO plugin v24.4 - https:\/\/yoast.com\/wordpress\/plugins\/seo\/ -->\n<title>Taipas Termal: Refer\u00eancia nacional em sa\u00fade natural - Mais Magazine<\/title>\n<meta name=\"description\" content=\"A Mais Magazine teve o prazer de conversar com Tiago Rodrigues, Presidente Executivo da Dire\u00e7\u00e3o da Taipas Termal, que nos falou sobre a vis\u00e3o estrat\u00e9gica que tem orientado a est\u00e2ncia termal das Caldas das Taipas, no concelho de Guimar\u00e3es. Numa conversa centrada na valoriza\u00e7\u00e3o do patrim\u00f3nio termal, na inova\u00e7\u00e3o cl\u00ednica e no papel da institui\u00e7\u00e3o no desenvolvimento regional, fic\u00e1mos a conhecer os projetos, os desafios e as prioridades que marcam o presente e o futuro da Taipas Termal no panorama da sa\u00fade e bem-estar em Portugal.\" \/>\n<meta name=\"robots\" content=\"index, follow, max-snippet:-1, max-image-preview:large, max-video-preview:-1\" \/>\n<link rel=\"canonical\" href=\"http:\/\/maismagazine.pt\/index.php\/2026\/03\/13\/taipas-termal-referencia-nacional-em-saude-natural\/\" \/>\n<meta property=\"og:locale\" content=\"pt_PT\" \/>\n<meta property=\"og:type\" content=\"article\" \/>\n<meta property=\"og:title\" content=\"Taipas Termal: Refer\u00eancia nacional em sa\u00fade natural - Mais Magazine\" \/>\n<meta property=\"og:description\" content=\"A Mais Magazine teve o prazer de conversar com Tiago Rodrigues, Presidente Executivo da Dire\u00e7\u00e3o da Taipas Termal, que nos falou sobre a vis\u00e3o estrat\u00e9gica que tem orientado a est\u00e2ncia termal das Caldas das Taipas, no concelho de Guimar\u00e3es. Numa conversa centrada na valoriza\u00e7\u00e3o do patrim\u00f3nio termal, na inova\u00e7\u00e3o cl\u00ednica e no papel da institui\u00e7\u00e3o no desenvolvimento regional, fic\u00e1mos a conhecer os projetos, os desafios e as prioridades que marcam o presente e o futuro da Taipas Termal no panorama da sa\u00fade e bem-estar em Portugal.\" \/>\n<meta property=\"og:url\" content=\"http:\/\/maismagazine.pt\/index.php\/2026\/03\/13\/taipas-termal-referencia-nacional-em-saude-natural\/\" \/>\n<meta property=\"og:site_name\" content=\"Mais Magazine\" \/>\n<meta property=\"article:published_time\" content=\"2026-03-13T07:00:00+00:00\" \/>\n<meta property=\"og:image\" content=\"http:\/\/maismagazine.pt\/wp-content\/uploads\/2026\/03\/Termas-das-Taipas-2_-\u00a9Nuno-Sampaio105.jpg\" \/>\n\t<meta property=\"og:image:width\" content=\"820\" \/>\n\t<meta property=\"og:image:height\" content=\"547\" \/>\n\t<meta property=\"og:image:type\" content=\"image\/jpeg\" \/>\n<meta name=\"author\" content=\"Tiago Costa\" \/>\n<meta name=\"twitter:card\" content=\"summary_large_image\" \/>\n<meta name=\"twitter:label1\" content=\"Escrito por\" \/>\n\t<meta name=\"twitter:data1\" content=\"\" \/>\n\t<meta name=\"twitter:label2\" content=\"Tempo estimado de leitura\" \/>\n\t<meta name=\"twitter:data2\" content=\"4 minutos\" \/>\n<script type=\"application\/ld+json\" class=\"yoast-schema-graph\">{\"@context\":\"https:\/\/schema.org\",\"@graph\":[{\"@type\":\"Article\",\"@id\":\"http:\/\/maismagazine.pt\/index.php\/2026\/03\/13\/taipas-termal-referencia-nacional-em-saude-natural\/#article\",\"isPartOf\":{\"@id\":\"http:\/\/maismagazine.pt\/index.php\/2026\/03\/13\/taipas-termal-referencia-nacional-em-saude-natural\/\"},\"author\":{\"name\":\"Tiago Costa\",\"@id\":\"http:\/\/maismagazine.pt\/#\/schema\/person\/c6c5bfccc886434cbd11c74e035f9646\"},\"headline\":\"Taipas Termal: Refer\u00eancia nacional em sa\u00fade natural\",\"datePublished\":\"2026-03-13T07:00:00+00:00\",\"mainEntityOfPage\":{\"@id\":\"http:\/\/maismagazine.pt\/index.php\/2026\/03\/13\/taipas-termal-referencia-nacional-em-saude-natural\/\"},\"wordCount\":674,\"publisher\":{\"@id\":\"http:\/\/maismagazine.pt\/#organization\"},\"image\":{\"@id\":\"http:\/\/maismagazine.pt\/index.php\/2026\/03\/13\/taipas-termal-referencia-nacional-em-saude-natural\/#primaryimage\"},\"thumbnailUrl\":\"http:\/\/maismagazine.pt\/wp-content\/uploads\/2026\/03\/Termas-das-Taipas-2_-\u00a9Nuno-Sampaio105.jpg\",\"keywords\":[\"Guimar\u00e3es\",\"Taipas Termal\"],\"articleSection\":[\"Termalismo\",\"Turismo | Vinhos | Gastronomia\"],\"inLanguage\":\"pt-PT\"},{\"@type\":\"WebPage\",\"@id\":\"http:\/\/maismagazine.pt\/index.php\/2026\/03\/13\/taipas-termal-referencia-nacional-em-saude-natural\/\",\"url\":\"http:\/\/maismagazine.pt\/index.php\/2026\/03\/13\/taipas-termal-referencia-nacional-em-saude-natural\/\",\"name\":\"Taipas Termal: Refer\u00eancia nacional em sa\u00fade natural - Mais Magazine\",\"isPartOf\":{\"@id\":\"http:\/\/maismagazine.pt\/#website\"},\"primaryImageOfPage\":{\"@id\":\"http:\/\/maismagazine.pt\/index.php\/2026\/03\/13\/taipas-termal-referencia-nacional-em-saude-natural\/#primaryimage\"},\"image\":{\"@id\":\"http:\/\/maismagazine.pt\/index.php\/2026\/03\/13\/taipas-termal-referencia-nacional-em-saude-natural\/#primaryimage\"},\"thumbnailUrl\":\"http:\/\/maismagazine.pt\/wp-content\/uploads\/2026\/03\/Termas-das-Taipas-2_-\u00a9Nuno-Sampaio105.jpg\",\"datePublished\":\"2026-03-13T07:00:00+00:00\",\"description\":\"A Mais Magazine teve o prazer de conversar com Tiago Rodrigues, Presidente Executivo da Dire\u00e7\u00e3o da Taipas Termal, que nos falou sobre a vis\u00e3o estrat\u00e9gica que tem orientado a est\u00e2ncia termal das Caldas das Taipas, no concelho de Guimar\u00e3es. Numa conversa centrada na valoriza\u00e7\u00e3o do patrim\u00f3nio termal, na inova\u00e7\u00e3o cl\u00ednica e no papel da institui\u00e7\u00e3o no desenvolvimento regional, fic\u00e1mos a conhecer os projetos, os desafios e as prioridades que marcam o presente e o futuro da Taipas Termal no panorama da sa\u00fade e bem-estar em Portugal.\",\"breadcrumb\":{\"@id\":\"http:\/\/maismagazine.pt\/index.php\/2026\/03\/13\/taipas-termal-referencia-nacional-em-saude-natural\/#breadcrumb\"},\"inLanguage\":\"pt-PT\",\"potentialAction\":[{\"@type\":\"ReadAction\",\"target\":[\"http:\/\/maismagazine.pt\/index.php\/2026\/03\/13\/taipas-termal-referencia-nacional-em-saude-natural\/\"]}]},{\"@type\":\"ImageObject\",\"inLanguage\":\"pt-PT\",\"@id\":\"http:\/\/maismagazine.pt\/index.php\/2026\/03\/13\/taipas-termal-referencia-nacional-em-saude-natural\/#primaryimage\",\"url\":\"http:\/\/maismagazine.pt\/wp-content\/uploads\/2026\/03\/Termas-das-Taipas-2_-\u00a9Nuno-Sampaio105.jpg\",\"contentUrl\":\"http:\/\/maismagazine.pt\/wp-content\/uploads\/2026\/03\/Termas-das-Taipas-2_-\u00a9Nuno-Sampaio105.jpg\",\"width\":820,\"height\":547},{\"@type\":\"BreadcrumbList\",\"@id\":\"http:\/\/maismagazine.pt\/index.php\/2026\/03\/13\/taipas-termal-referencia-nacional-em-saude-natural\/#breadcrumb\",\"itemListElement\":[{\"@type\":\"ListItem\",\"position\":1,\"name\":\"Home\",\"item\":\"http:\/\/maismagazine.pt\/\"},{\"@type\":\"ListItem\",\"position\":2,\"name\":\"Taipas Termal: Refer\u00eancia nacional em sa\u00fade natural\"}]},{\"@type\":\"WebSite\",\"@id\":\"http:\/\/maismagazine.pt\/#website\",\"url\":\"http:\/\/maismagazine.pt\/\",\"name\":\"Mais Magazine\",\"description\":\"\",\"publisher\":{\"@id\":\"http:\/\/maismagazine.pt\/#organization\"},\"potentialAction\":[{\"@type\":\"SearchAction\",\"target\":{\"@type\":\"EntryPoint\",\"urlTemplate\":\"http:\/\/maismagazine.pt\/?s={search_term_string}\"},\"query-input\":{\"@type\":\"PropertyValueSpecification\",\"valueRequired\":true,\"valueName\":\"search_term_string\"}}],\"inLanguage\":\"pt-PT\"},{\"@type\":\"Organization\",\"@id\":\"http:\/\/maismagazine.pt\/#organization\",\"name\":\"Mais Magazine\",\"url\":\"http:\/\/maismagazine.pt\/\",\"logo\":{\"@type\":\"ImageObject\",\"inLanguage\":\"pt-PT\",\"@id\":\"http:\/\/maismagazine.pt\/#\/schema\/logo\/image\/\",\"url\":\"http:\/\/maismagazine.pt\/wp-content\/uploads\/2020\/04\/cropped-cropped-mais-magazine-site-logo-2.png\",\"contentUrl\":\"http:\/\/maismagazine.pt\/wp-content\/uploads\/2020\/04\/cropped-cropped-mais-magazine-site-logo-2.png\",\"width\":581,\"height\":90,\"caption\":\"Mais Magazine\"},\"image\":{\"@id\":\"http:\/\/maismagazine.pt\/#\/schema\/logo\/image\/\"}},{\"@type\":\"Person\",\"@id\":\"http:\/\/maismagazine.pt\/#\/schema\/person\/c6c5bfccc886434cbd11c74e035f9646\",\"name\":\"Tiago Costa\",\"image\":{\"@type\":\"ImageObject\",\"inLanguage\":\"pt-PT\",\"@id\":\"http:\/\/maismagazine.pt\/#\/schema\/person\/image\/\",\"url\":\"https:\/\/secure.gravatar.com\/avatar\/c599b2bce16c9870429198cbad5ee022?s=96&d=mm&r=g\",\"contentUrl\":\"https:\/\/secure.gravatar.com\/avatar\/c599b2bce16c9870429198cbad5ee022?s=96&d=mm&r=g\",\"caption\":\"Tiago Costa\"},\"url\":\"http:\/\/maismagazine.pt\/index.php\/author\/tiago\/\"}]}<\/script>\n<!-- \/ Yoast SEO plugin. -->","yoast_head_json":{"title":"Taipas Termal: Refer\u00eancia nacional em sa\u00fade natural - Mais Magazine","description":"A Mais Magazine teve o prazer de conversar com Tiago Rodrigues, Presidente Executivo da Dire\u00e7\u00e3o da Taipas Termal, que nos falou sobre a vis\u00e3o estrat\u00e9gica que tem orientado a est\u00e2ncia termal das Caldas das Taipas, no concelho de Guimar\u00e3es. Numa conversa centrada na valoriza\u00e7\u00e3o do patrim\u00f3nio termal, na inova\u00e7\u00e3o cl\u00ednica e no papel da institui\u00e7\u00e3o no desenvolvimento regional, fic\u00e1mos a conhecer os projetos, os desafios e as prioridades que marcam o presente e o futuro da Taipas Termal no panorama da sa\u00fade e bem-estar em Portugal.","robots":{"index":"index","follow":"follow","max-snippet":"max-snippet:-1","max-image-preview":"max-image-preview:large","max-video-preview":"max-video-preview:-1"},"canonical":"http:\/\/maismagazine.pt\/index.php\/2026\/03\/13\/taipas-termal-referencia-nacional-em-saude-natural\/","og_locale":"pt_PT","og_type":"article","og_title":"Taipas Termal: Refer\u00eancia nacional em sa\u00fade natural - Mais Magazine","og_description":"A Mais Magazine teve o prazer de conversar com Tiago Rodrigues, Presidente Executivo da Dire\u00e7\u00e3o da Taipas Termal, que nos falou sobre a vis\u00e3o estrat\u00e9gica que tem orientado a est\u00e2ncia termal das Caldas das Taipas, no concelho de Guimar\u00e3es. Numa conversa centrada na valoriza\u00e7\u00e3o do patrim\u00f3nio termal, na inova\u00e7\u00e3o cl\u00ednica e no papel da institui\u00e7\u00e3o no desenvolvimento regional, fic\u00e1mos a conhecer os projetos, os desafios e as prioridades que marcam o presente e o futuro da Taipas Termal no panorama da sa\u00fade e bem-estar em Portugal.","og_url":"http:\/\/maismagazine.pt\/index.php\/2026\/03\/13\/taipas-termal-referencia-nacional-em-saude-natural\/","og_site_name":"Mais Magazine","article_published_time":"2026-03-13T07:00:00+00:00","og_image":[{"width":820,"height":547,"url":"http:\/\/maismagazine.pt\/wp-content\/uploads\/2026\/03\/Termas-das-Taipas-2_-\u00a9Nuno-Sampaio105.jpg","type":"image\/jpeg"}],"author":"Tiago Costa","twitter_card":"summary_large_image","twitter_misc":{"Escrito por":false,"Tempo estimado de leitura":"4 minutos"},"schema":{"@context":"https:\/\/schema.org","@graph":[{"@type":"Article","@id":"http:\/\/maismagazine.pt\/index.php\/2026\/03\/13\/taipas-termal-referencia-nacional-em-saude-natural\/#article","isPartOf":{"@id":"http:\/\/maismagazine.pt\/index.php\/2026\/03\/13\/taipas-termal-referencia-nacional-em-saude-natural\/"},"author":{"name":"Tiago Costa","@id":"http:\/\/maismagazine.pt\/#\/schema\/person\/c6c5bfccc886434cbd11c74e035f9646"},"headline":"Taipas Termal: Refer\u00eancia nacional em sa\u00fade natural","datePublished":"2026-03-13T07:00:00+00:00","mainEntityOfPage":{"@id":"http:\/\/maismagazine.pt\/index.php\/2026\/03\/13\/taipas-termal-referencia-nacional-em-saude-natural\/"},"wordCount":674,"publisher":{"@id":"http:\/\/maismagazine.pt\/#organization"},"image":{"@id":"http:\/\/maismagazine.pt\/index.php\/2026\/03\/13\/taipas-termal-referencia-nacional-em-saude-natural\/#primaryimage"},"thumbnailUrl":"http:\/\/maismagazine.pt\/wp-content\/uploads\/2026\/03\/Termas-das-Taipas-2_-\u00a9Nuno-Sampaio105.jpg","keywords":["Guimar\u00e3es","Taipas Termal"],"articleSection":["Termalismo","Turismo | Vinhos | Gastronomia"],"inLanguage":"pt-PT"},{"@type":"WebPage","@id":"http:\/\/maismagazine.pt\/index.php\/2026\/03\/13\/taipas-termal-referencia-nacional-em-saude-natural\/","url":"http:\/\/maismagazine.pt\/index.php\/2026\/03\/13\/taipas-termal-referencia-nacional-em-saude-natural\/","name":"Taipas Termal: Refer\u00eancia nacional em sa\u00fade natural - Mais Magazine","isPartOf":{"@id":"http:\/\/maismagazine.pt\/#website"},"primaryImageOfPage":{"@id":"http:\/\/maismagazine.pt\/index.php\/2026\/03\/13\/taipas-termal-referencia-nacional-em-saude-natural\/#primaryimage"},"image":{"@id":"http:\/\/maismagazine.pt\/index.php\/2026\/03\/13\/taipas-termal-referencia-nacional-em-saude-natural\/#primaryimage"},"thumbnailUrl":"http:\/\/maismagazine.pt\/wp-content\/uploads\/2026\/03\/Termas-das-Taipas-2_-\u00a9Nuno-Sampaio105.jpg","datePublished":"2026-03-13T07:00:00+00:00","description":"A Mais Magazine teve o prazer de conversar com Tiago Rodrigues, Presidente Executivo da Dire\u00e7\u00e3o da Taipas Termal, que nos falou sobre a vis\u00e3o estrat\u00e9gica que tem orientado a est\u00e2ncia termal das Caldas das Taipas, no concelho de Guimar\u00e3es. Numa conversa centrada na valoriza\u00e7\u00e3o do patrim\u00f3nio termal, na inova\u00e7\u00e3o cl\u00ednica e no papel da institui\u00e7\u00e3o no desenvolvimento regional, fic\u00e1mos a conhecer os projetos, os desafios e as prioridades que marcam o presente e o futuro da Taipas Termal no panorama da sa\u00fade e bem-estar em Portugal.","breadcrumb":{"@id":"http:\/\/maismagazine.pt\/index.php\/2026\/03\/13\/taipas-termal-referencia-nacional-em-saude-natural\/#breadcrumb"},"inLanguage":"pt-PT","potentialAction":[{"@type":"ReadAction","target":["http:\/\/maismagazine.pt\/index.php\/2026\/03\/13\/taipas-termal-referencia-nacional-em-saude-natural\/"]}]},{"@type":"ImageObject","inLanguage":"pt-PT","@id":"http:\/\/maismagazine.pt\/index.php\/2026\/03\/13\/taipas-termal-referencia-nacional-em-saude-natural\/#primaryimage","url":"http:\/\/maismagazine.pt\/wp-content\/uploads\/2026\/03\/Termas-das-Taipas-2_-\u00a9Nuno-Sampaio105.jpg","contentUrl":"http:\/\/maismagazine.pt\/wp-content\/uploads\/2026\/03\/Termas-das-Taipas-2_-\u00a9Nuno-Sampaio105.jpg","width":820,"height":547},{"@type":"BreadcrumbList","@id":"http:\/\/maismagazine.pt\/index.php\/2026\/03\/13\/taipas-termal-referencia-nacional-em-saude-natural\/#breadcrumb","itemListElement":[{"@type":"ListItem","position":1,"name":"Home","item":"http:\/\/maismagazine.pt\/"},{"@type":"ListItem","position":2,"name":"Taipas Termal: Refer\u00eancia nacional em sa\u00fade natural"}]},{"@type":"WebSite","@id":"http:\/\/maismagazine.pt\/#website","url":"http:\/\/maismagazine.pt\/","name":"Mais Magazine","description":"","publisher":{"@id":"http:\/\/maismagazine.pt\/#organization"},"potentialAction":[{"@type":"SearchAction","target":{"@type":"EntryPoint","urlTemplate":"http:\/\/maismagazine.pt\/?s={search_term_string}"},"query-input":{"@type":"PropertyValueSpecification","valueRequired":true,"valueName":"search_term_string"}}],"inLanguage":"pt-PT"},{"@type":"Organization","@id":"http:\/\/maismagazine.pt\/#organization","name":"Mais Magazine","url":"http:\/\/maismagazine.pt\/","logo":{"@type":"ImageObject","inLanguage":"pt-PT","@id":"http:\/\/maismagazine.pt\/#\/schema\/logo\/image\/","url":"http:\/\/maismagazine.pt\/wp-content\/uploads\/2020\/04\/cropped-cropped-mais-magazine-site-logo-2.png","contentUrl":"http:\/\/maismagazine.pt\/wp-content\/uploads\/2020\/04\/cropped-cropped-mais-magazine-site-logo-2.png","width":581,"height":90,"caption":"Mais Magazine"},"image":{"@id":"http:\/\/maismagazine.pt\/#\/schema\/logo\/image\/"}},{"@type":"Person","@id":"http:\/\/maismagazine.pt\/#\/schema\/person\/c6c5bfccc886434cbd11c74e035f9646","name":"Tiago Costa","image":{"@type":"ImageObject","inLanguage":"pt-PT","@id":"http:\/\/maismagazine.pt\/#\/schema\/person\/image\/","url":"https:\/\/secure.gravatar.com\/avatar\/c599b2bce16c9870429198cbad5ee022?s=96&d=mm&r=g","contentUrl":"https:\/\/secure.gravatar.com\/avatar\/c599b2bce16c9870429198cbad5ee022?s=96&d=mm&r=g","caption":"Tiago Costa"},"url":"http:\/\/maismagazine.pt\/index.php\/author\/tiago\/"}]}},"author_meta":{"display_name":false,"author_link":"http:\/\/maismagazine.pt\/index.php\/author\/tiago\/"},"featured_img":"http:\/\/maismagazine.pt\/wp-content\/uploads\/2026\/03\/Termas-das-Taipas-2_-\u00a9Nuno-Sampaio105-300x200.jpg","coauthors":[],"tax_additional":{"categories":{"linked":["<a href=\"http:\/\/maismagazine.pt\/index.php\/category\/termalismo\/\" class=\"advgb-post-tax-term\">Termalismo<\/a>","<a href=\"http:\/\/maismagazine.pt\/index.php\/category\/turismo-restaurantes\/\" class=\"advgb-post-tax-term\">Turismo | Vinhos | Gastronomia<\/a>"],"unlinked":["<span class=\"advgb-post-tax-term\">Termalismo<\/span>","<span class=\"advgb-post-tax-term\">Turismo | Vinhos | Gastronomia<\/span>"]},"tags":{"linked":["<a href=\"http:\/\/maismagazine.pt\/index.php\/category\/turismo-restaurantes\/\" class=\"advgb-post-tax-term\">Guimar\u00e3es<\/a>","<a href=\"http:\/\/maismagazine.pt\/index.php\/category\/turismo-restaurantes\/\" class=\"advgb-post-tax-term\">Taipas Termal<\/a>"],"unlinked":["<span class=\"advgb-post-tax-term\">Guimar\u00e3es<\/span>","<span class=\"advgb-post-tax-term\">Taipas Termal<\/span>"]}},"comment_count":"0","relative_dates":{"created":"Posted 2 meses ago","modified":"Updated 2 meses ago"},"absolute_dates":{"created":"Posted on 13 de Mar\u00e7o, 2026","modified":"Updated on 10 de Mar\u00e7o, 2026"},"absolute_dates_time":{"created":"Posted on 13 de Mar\u00e7o, 2026 7:00","modified":"Updated on 10 de Mar\u00e7o, 2026 16:37"},"featured_img_caption":"","series_order":"","_links":{"self":[{"href":"http:\/\/maismagazine.pt\/index.php\/wp-json\/wp\/v2\/posts\/13728","targetHints":{"allow":["GET"]}}],"collection":[{"href":"http:\/\/maismagazine.pt\/index.php\/wp-json\/wp\/v2\/posts"}],"about":[{"href":"http:\/\/maismagazine.pt\/index.php\/wp-json\/wp\/v2\/types\/post"}],"author":[{"embeddable":true,"href":"http:\/\/maismagazine.pt\/index.php\/wp-json\/wp\/v2\/users\/17"}],"replies":[{"embeddable":true,"href":"http:\/\/maismagazine.pt\/index.php\/wp-json\/wp\/v2\/comments?post=13728"}],"version-history":[{"count":1,"href":"http:\/\/maismagazine.pt\/index.php\/wp-json\/wp\/v2\/posts\/13728\/revisions"}],"predecessor-version":[{"id":13737,"href":"http:\/\/maismagazine.pt\/index.php\/wp-json\/wp\/v2\/posts\/13728\/revisions\/13737"}],"wp:featuredmedia":[{"embeddable":true,"href":"http:\/\/maismagazine.pt\/index.php\/wp-json\/wp\/v2\/media\/13736"}],"wp:attachment":[{"href":"http:\/\/maismagazine.pt\/index.php\/wp-json\/wp\/v2\/media?parent=13728"}],"wp:term":[{"taxonomy":"category","embeddable":true,"href":"http:\/\/maismagazine.pt\/index.php\/wp-json\/wp\/v2\/categories?post=13728"},{"taxonomy":"post_tag","embeddable":true,"href":"http:\/\/maismagazine.pt\/index.php\/wp-json\/wp\/v2\/tags?post=13728"}],"curies":[{"name":"wp","href":"https:\/\/api.w.org\/{rel}","templated":true}]}}