{"id":1372,"date":"2021-10-30T07:00:00","date_gmt":"2021-10-30T07:00:00","guid":{"rendered":"https:\/\/maismagazine.pt\/?p=1372"},"modified":"2021-11-03T17:45:43","modified_gmt":"2021-11-03T17:45:43","slug":"rita-salgueiro-a-decoracao-tem-de-ser-para-todos","status":"publish","type":"post","link":"http:\/\/maismagazine.pt\/index.php\/2021\/10\/30\/rita-salgueiro-a-decoracao-tem-de-ser-para-todos\/","title":{"rendered":"Rita Salgueiro: \u201cA decora\u00e7\u00e3o tem de ser para todos\u201d"},"content":{"rendered":"\n<p><strong>Depois de trabalhar em v\u00e1rios ateliers com projeto e decora\u00e7\u00e3o de interiores, surgiu a oportunidade de caminhar sozinha e Rita Salgueiro estava pronta para dar esse passo. Come\u00e7ou por trabalhar apenas com a decora\u00e7\u00e3o e \u00e0 medida que foi ganhando confian\u00e7a aventurou-se nas obras de remodela\u00e7\u00e3o. <\/strong><\/p>\n\n\n\n<p><\/p>\n\n\n\n<p>Desde sempre que teve como premissa \u201ca decora\u00e7\u00e3o tem de ser para todos\u201d. Era sua inten\u00e7\u00e3o que as pessoas com uma capacidade econ\u00f3mica mais limitada n\u00e3o deixassem de ter espa\u00e7os bem projetados. Por sua vontade, todos teriam direito a ter espa\u00e7os bonitos e funcionais, onde se sentissem bem, pelo que foi criando v\u00e1rios servi\u00e7os que o permitissem. Os projetos de design de interiores e os projetos de decora\u00e7\u00e3o s\u00e3o as principais \u00e1reas de atua\u00e7\u00e3o da empresa Rita Salgueiro, em especial na \u00e1rea residencial. Para al\u00e9m disso, a empresa tamb\u00e9m oferece as Consultas de Ideias, os Workshops de Decora\u00e7\u00e3o e Design de Interiores e os Projetos de decora\u00e7\u00e3o feitos com base em estudos de Feng Shui por uma consultora profissional. O ano passado criou uma Masterclass de interiores, para quem quer come\u00e7ar a trabalhar do zero nesta \u00e1rea e n\u00e3o sabe por onde come\u00e7ar. <\/p>\n\n\n\n<p>A decora\u00e7\u00e3o sempre foi a grande paix\u00e3o da arquiteta, pelo que s\u00f3 fazia sentido trabalhar nesta \u00e1rea. \u201cPara se fazer um bom trabalho\u201d, explicou-nos, \u201ctem de se estar apaixonado pelo que se faz, s\u00f3 assim se consegue dar o nosso melhor e ultrapassar as dificuldades que surgem no dia a dia. Este mindset torna tudo mais f\u00e1cil, quase que as coisas acontecem por si s\u00f3. As oportunidades surgem e eu agarrei em praticamente todas, o que me fez crescer muito como profissional\u201d. Algo que distingue a empresa Rita Salgueiro s\u00e3o os workshops, \u201calgo que n\u00e3o existia no mercado e fazia falta\u201d, considera. A empres\u00e1ria denotou que existiam muitos workshops sobre \u00e1reas espec\u00edficas da decora\u00e7\u00e3o, mas n\u00e3o existia nenhum que explicasse todos os passos necess\u00e1rios para a realiza\u00e7\u00e3o de um projeto e fizesse com que pessoas sem nenhuma experi\u00eancia na \u00e1rea se tornassem de alguma forma aut\u00f3nomas para criar os seus espa\u00e7os. Assim que se apercebeu dessa lacuna no mercado, rapidamente a preencheu.<\/p>\n\n\n\n<figure class=\"wp-block-gallery aligncenter columns-2 is-cropped wp-block-gallery-1\"><ul class=\"blocks-gallery-grid\"><li class=\"blocks-gallery-item\"><figure><img loading=\"lazy\" decoding=\"async\" width=\"1024\" height=\"416\" src=\"http:\/\/maismagazine.pt\/wp-content\/uploads\/2021\/10\/Site-1024x416.jpg\" alt=\"\" data-id=\"1375\" data-full-url=\"http:\/\/maismagazine.pt\/wp-content\/uploads\/2021\/10\/Site.jpg\" data-link=\"https:\/\/maismagazine.pt\/?attachment_id=1375\" class=\"wp-image-1375\" srcset=\"http:\/\/maismagazine.pt\/wp-content\/uploads\/2021\/10\/Site-1024x416.jpg 1024w, http:\/\/maismagazine.pt\/wp-content\/uploads\/2021\/10\/Site-300x122.jpg 300w, http:\/\/maismagazine.pt\/wp-content\/uploads\/2021\/10\/Site-768x312.jpg 768w, http:\/\/maismagazine.pt\/wp-content\/uploads\/2021\/10\/Site-1536x624.jpg 1536w, http:\/\/maismagazine.pt\/wp-content\/uploads\/2021\/10\/Site.jpg 1920w\" sizes=\"auto, (max-width: 1024px) 100vw, 1024px\" \/><\/figure><\/li><li class=\"blocks-gallery-item\"><figure><img loading=\"lazy\" decoding=\"async\" width=\"480\" height=\"760\" src=\"http:\/\/maismagazine.pt\/wp-content\/uploads\/2021\/10\/Sem-Titulo-1-480x760-1.png\" alt=\"\" data-id=\"1374\" data-full-url=\"http:\/\/maismagazine.pt\/wp-content\/uploads\/2021\/10\/Sem-Titulo-1-480x760-1.png\" data-link=\"https:\/\/maismagazine.pt\/?attachment_id=1374\" class=\"wp-image-1374 is-layout-flex wp-block-gallery-is-layout-flex\" srcset=\"http:\/\/maismagazine.pt\/wp-content\/uploads\/2021\/10\/Sem-Titulo-1-480x760-1.png 480w, http:\/\/maismagazine.pt\/wp-content\/uploads\/2021\/10\/Sem-Titulo-1-480x760-1-189x300.png 189w\" sizes=\"auto, (max-width: 480px) 100vw, 480px\" \/><\/figure><\/li><\/ul><\/figure>\n\n\n\n<p> Inicialmente foi desenvolvido em dois n\u00edveis. Um te\u00f3rico, onde se fala de quest\u00f5es mais t\u00e9cnicas, como os materiais, a cor e a ilumina\u00e7\u00e3o. O outro n\u00edvel seria de car\u00e1ter pr\u00e1tico, onde cada pessoa faria a planta com o layout do seu espa\u00e7o. Como o tempo era curto para fazer um projeto completo, foi criado outro n\u00edvel que permitisse definir todas as pe\u00e7as: tecidos, pap\u00e9is de parede, entre outros, e se pudesse avan\u00e7ar logo para a compra no pr\u00f3prio dia. Cada vez mais h\u00e1 a necessidades de ter espa\u00e7os tranquilos e equilibrados o mais rapidamente poss\u00edvel. Regra geral, s\u00e3o realizados entre quatro a cinco workshops por ano. Os pr\u00f3ximos s\u00e3o j\u00e1 nos dias 6 e 7 de novembro. <\/p>\n\n\n\n<p>Outro servi\u00e7o inovador oferecido pela empresa Rita Salgueiro s\u00e3o as Consultas de Ideias, que surgem da necessidade de fazer chegar a decora\u00e7\u00e3o a todos. \u201cTenho como m\u00e1xima que a decora\u00e7\u00e3o \u00e9 um bem de primeira necessidade e n\u00e3o um luxo destinado a uma elite. Para mim \u00e9 t\u00e3o importante ter uma casa funcional e harmoniosa no nosso dia a dia como ter roupa lavada para vestir e, se d\u00favidas existem em rela\u00e7\u00e3o, a isso a pandemia veio mostrar a todos o qu\u00e3o importante \u00e9 sentirmo-nos bem nos nossos espa\u00e7os, principalmente nos de descanso\u201d. Infelizmente o valor do projeto e todo o seu desenvolvimento n\u00e3o \u00e9 acess\u00edvel a todos, s\u00e3o muitas horas de trabalho. J\u00e1 as Consultas de Ideias s\u00e3o muito mais r\u00e1pidas e, bem direcionadas, consegue-se trabalhar a casa toda e tirar todas as d\u00favidas. Os clientes ficam com toda a informa\u00e7\u00e3o que necessitam para criar o seu espa\u00e7o e, acima de tudo, verem esclarecidas todas as suas d\u00favidas com um investimento m\u00ednimo. O que procuram os clientes nos servi\u00e7os Rita Salgueiro? \u201cAcima de tudo excel\u00eancia e capacidade de resolu\u00e7\u00e3o\u201d, responde a pr\u00f3pria. N\u00e3o h\u00e1 clientes iguais. Se h\u00e1 os que procuram os servi\u00e7os b\u00e1sicos de decora\u00e7\u00e3o, outros pretendem remodela\u00e7\u00f5es luxuosas, com tudo o que a tecnologia tem para lhes oferecer. Em comum t\u00eam a necessidade de ter algu\u00e9m em quem confiem, que lhes entregue um espa\u00e7o funcional e esteticamente apelativo e dentro do or\u00e7amento. <\/p>\n\n\n\n<div class=\"wp-block-image\"><figure class=\"aligncenter size-large\"><img loading=\"lazy\" decoding=\"async\" width=\"1024\" height=\"416\" src=\"http:\/\/maismagazine.pt\/wp-content\/uploads\/2021\/10\/SiteSala-1024x416.jpg\" alt=\"\" class=\"wp-image-1373\" srcset=\"http:\/\/maismagazine.pt\/wp-content\/uploads\/2021\/10\/SiteSala-1024x416.jpg 1024w, http:\/\/maismagazine.pt\/wp-content\/uploads\/2021\/10\/SiteSala-300x122.jpg 300w, http:\/\/maismagazine.pt\/wp-content\/uploads\/2021\/10\/SiteSala-768x312.jpg 768w, http:\/\/maismagazine.pt\/wp-content\/uploads\/2021\/10\/SiteSala-1536x624.jpg 1536w, http:\/\/maismagazine.pt\/wp-content\/uploads\/2021\/10\/SiteSala.jpg 1920w\" sizes=\"auto, (max-width: 1024px) 100vw, 1024px\" \/><\/figure><\/div>\n\n\n\n<p>Todos procuram obter espa\u00e7os diferenciados, altamente personalizados, os quais v\u00e3o colmatar as suas necessidades e os quais sintam que s\u00e3o realmente seus. Dito isto, tamb\u00e9m procuram quem os ajude a concretiz\u00e1-los. Procuram um resultado final que dificilmente conseguiriam sem a ajuda de um profissional com o qual se identifiquem. \u201cA nossa miss\u00e3o\u201d, afirma a empres\u00e1ria, \u201c\u00e9 solucionar todas estas quest\u00f5es e dar-lhes vida, mas s\u00f3 \u00e9 verdadeiramente alcan\u00e7ada quando conseguimos surpreender e acrescentar algo que o cliente nunca pensou vir a ter\u201d. Rita Salgueiro aprecia saber que acrescentou algo de novo ao mercado, algum produto que seja uma mais valia. Felizmente que \u201cainda h\u00e1 muito espa\u00e7o para crescer\u201d, acrescenta. A curto prazo, pretende quero aumentar a equipa e arranjar um espa\u00e7o diferente para o atelier. A m\u00e9dio prazo poder\u00e1 concretizar-se uma parceria muito interessante, a qual j\u00e1 ter\u00e1 sido proposta em 2019, mas \u00e9 nos dias de hoje que faz sentido. A longo prazo v\u00e3o existir outras novidades, ainda sem data marcada. Teremos de aguardar, com alguma \u00e2nsia, os pr\u00f3ximos projetos de Rita Salgueiro.<\/p>\n","protected":false},"excerpt":{"rendered":"<p>Depois de trabalhar em v\u00e1rios ateliers com projeto e decora\u00e7\u00e3o de interiores, surgiu a oportunidade de caminhar sozinha e Rita Salgueiro estava pronta para dar esse passo. Come\u00e7ou por trabalhar apenas com a decora\u00e7\u00e3o e \u00e0 medida que foi ganhando confian\u00e7a aventurou-se nas obras de remodela\u00e7\u00e3o. Desde sempre que teve&hellip;<\/p>\n","protected":false},"author":7,"featured_media":1376,"comment_status":"open","ping_status":"open","sticky":false,"template":"","format":"standard","meta":{"advgb_blocks_editor_width":"","advgb_blocks_columns_visual_guide":"","_monsterinsights_skip_tracking":false,"_monsterinsights_sitenote_active":false,"_monsterinsights_sitenote_note":"","_monsterinsights_sitenote_category":0,"footnotes":""},"categories":[82,6],"tags":[87,91],"class_list":["post-1372","post","type-post","status-publish","format-standard","has-post-thumbnail","hentry","category-decoracao","category-empreendedorismo","tag-decoracao-de-interiores","tag-feng-shui"],"yoast_head":"<!-- This site is optimized with the Yoast SEO plugin v24.4 - https:\/\/yoast.com\/wordpress\/plugins\/seo\/ -->\n<title>Rita Salgueiro: \u201cA decora\u00e7\u00e3o tem de ser para todos\u201d - Mais Magazine<\/title>\n<meta name=\"description\" content=\"Depois de trabalhar em v\u00e1rios ateliers com projeto e decora\u00e7\u00e3o de interiores, surgiu a oportunidade de caminhar sozinha e Rita Salgueiro estava pronta para dar esse passo. Come\u00e7ou por trabalhar apenas com a decora\u00e7\u00e3o e \u00e0 medida que foi ganhando confian\u00e7a aventurou-se nas obras de remodela\u00e7\u00e3o.\" \/>\n<meta name=\"robots\" content=\"index, follow, max-snippet:-1, max-image-preview:large, max-video-preview:-1\" \/>\n<link rel=\"canonical\" href=\"http:\/\/maismagazine.pt\/index.php\/2021\/10\/30\/rita-salgueiro-a-decoracao-tem-de-ser-para-todos\/\" \/>\n<meta property=\"og:locale\" content=\"pt_PT\" \/>\n<meta property=\"og:type\" content=\"article\" \/>\n<meta property=\"og:title\" content=\"Rita Salgueiro: \u201cA decora\u00e7\u00e3o tem de ser para todos\u201d - Mais Magazine\" \/>\n<meta property=\"og:description\" content=\"Depois de trabalhar em v\u00e1rios ateliers com projeto e decora\u00e7\u00e3o de interiores, surgiu a oportunidade de caminhar sozinha e Rita Salgueiro estava pronta para dar esse passo. Come\u00e7ou por trabalhar apenas com a decora\u00e7\u00e3o e \u00e0 medida que foi ganhando confian\u00e7a aventurou-se nas obras de remodela\u00e7\u00e3o.\" \/>\n<meta property=\"og:url\" content=\"http:\/\/maismagazine.pt\/index.php\/2021\/10\/30\/rita-salgueiro-a-decoracao-tem-de-ser-para-todos\/\" \/>\n<meta property=\"og:site_name\" content=\"Mais Magazine\" \/>\n<meta property=\"article:published_time\" content=\"2021-10-30T07:00:00+00:00\" \/>\n<meta property=\"article:modified_time\" content=\"2021-11-03T17:45:43+00:00\" \/>\n<meta property=\"og:image\" content=\"http:\/\/maismagazine.pt\/wp-content\/uploads\/2021\/10\/okok.png\" \/>\n\t<meta property=\"og:image:width\" content=\"700\" \/>\n\t<meta property=\"og:image:height\" content=\"900\" \/>\n\t<meta property=\"og:image:type\" content=\"image\/png\" \/>\n<meta name=\"author\" content=\"Jo\u00e3o Malainho\" \/>\n<meta name=\"twitter:card\" content=\"summary_large_image\" \/>\n<meta name=\"twitter:label1\" content=\"Escrito por\" \/>\n\t<meta name=\"twitter:data1\" content=\"\" \/>\n\t<meta name=\"twitter:label2\" content=\"Tempo estimado de leitura\" \/>\n\t<meta name=\"twitter:data2\" content=\"5 minutos\" \/>\n<script type=\"application\/ld+json\" class=\"yoast-schema-graph\">{\"@context\":\"https:\/\/schema.org\",\"@graph\":[{\"@type\":\"Article\",\"@id\":\"http:\/\/maismagazine.pt\/index.php\/2021\/10\/30\/rita-salgueiro-a-decoracao-tem-de-ser-para-todos\/#article\",\"isPartOf\":{\"@id\":\"http:\/\/maismagazine.pt\/index.php\/2021\/10\/30\/rita-salgueiro-a-decoracao-tem-de-ser-para-todos\/\"},\"author\":{\"name\":\"Jo\u00e3o Malainho\",\"@id\":\"http:\/\/maismagazine.pt\/#\/schema\/person\/999bd426f894ff56d397ec12ebd21ebb\"},\"headline\":\"Rita Salgueiro: \u201cA decora\u00e7\u00e3o tem de ser para todos\u201d\",\"datePublished\":\"2021-10-30T07:00:00+00:00\",\"dateModified\":\"2021-11-03T17:45:43+00:00\",\"mainEntityOfPage\":{\"@id\":\"http:\/\/maismagazine.pt\/index.php\/2021\/10\/30\/rita-salgueiro-a-decoracao-tem-de-ser-para-todos\/\"},\"wordCount\":981,\"commentCount\":0,\"publisher\":{\"@id\":\"http:\/\/maismagazine.pt\/#organization\"},\"image\":{\"@id\":\"http:\/\/maismagazine.pt\/index.php\/2021\/10\/30\/rita-salgueiro-a-decoracao-tem-de-ser-para-todos\/#primaryimage\"},\"thumbnailUrl\":\"http:\/\/maismagazine.pt\/wp-content\/uploads\/2021\/10\/okok.png\",\"keywords\":[\"Decora\u00e7\u00e3o de Interiores\",\"Feng Shui\"],\"articleSection\":[\"Decora\u00e7\u00e3o\",\"Empreendedorismo\"],\"inLanguage\":\"pt-PT\",\"potentialAction\":[{\"@type\":\"CommentAction\",\"name\":\"Comment\",\"target\":[\"http:\/\/maismagazine.pt\/index.php\/2021\/10\/30\/rita-salgueiro-a-decoracao-tem-de-ser-para-todos\/#respond\"]}]},{\"@type\":\"WebPage\",\"@id\":\"http:\/\/maismagazine.pt\/index.php\/2021\/10\/30\/rita-salgueiro-a-decoracao-tem-de-ser-para-todos\/\",\"url\":\"http:\/\/maismagazine.pt\/index.php\/2021\/10\/30\/rita-salgueiro-a-decoracao-tem-de-ser-para-todos\/\",\"name\":\"Rita Salgueiro: \u201cA decora\u00e7\u00e3o tem de ser para todos\u201d - Mais Magazine\",\"isPartOf\":{\"@id\":\"http:\/\/maismagazine.pt\/#website\"},\"primaryImageOfPage\":{\"@id\":\"http:\/\/maismagazine.pt\/index.php\/2021\/10\/30\/rita-salgueiro-a-decoracao-tem-de-ser-para-todos\/#primaryimage\"},\"image\":{\"@id\":\"http:\/\/maismagazine.pt\/index.php\/2021\/10\/30\/rita-salgueiro-a-decoracao-tem-de-ser-para-todos\/#primaryimage\"},\"thumbnailUrl\":\"http:\/\/maismagazine.pt\/wp-content\/uploads\/2021\/10\/okok.png\",\"datePublished\":\"2021-10-30T07:00:00+00:00\",\"dateModified\":\"2021-11-03T17:45:43+00:00\",\"description\":\"Depois de trabalhar em v\u00e1rios ateliers com projeto e decora\u00e7\u00e3o de interiores, surgiu a oportunidade de caminhar sozinha e Rita Salgueiro estava pronta para dar esse passo. Come\u00e7ou por trabalhar apenas com a decora\u00e7\u00e3o e \u00e0 medida que foi ganhando confian\u00e7a aventurou-se nas obras de remodela\u00e7\u00e3o.\",\"breadcrumb\":{\"@id\":\"http:\/\/maismagazine.pt\/index.php\/2021\/10\/30\/rita-salgueiro-a-decoracao-tem-de-ser-para-todos\/#breadcrumb\"},\"inLanguage\":\"pt-PT\",\"potentialAction\":[{\"@type\":\"ReadAction\",\"target\":[\"http:\/\/maismagazine.pt\/index.php\/2021\/10\/30\/rita-salgueiro-a-decoracao-tem-de-ser-para-todos\/\"]}]},{\"@type\":\"ImageObject\",\"inLanguage\":\"pt-PT\",\"@id\":\"http:\/\/maismagazine.pt\/index.php\/2021\/10\/30\/rita-salgueiro-a-decoracao-tem-de-ser-para-todos\/#primaryimage\",\"url\":\"http:\/\/maismagazine.pt\/wp-content\/uploads\/2021\/10\/okok.png\",\"contentUrl\":\"http:\/\/maismagazine.pt\/wp-content\/uploads\/2021\/10\/okok.png\",\"width\":700,\"height\":900},{\"@type\":\"BreadcrumbList\",\"@id\":\"http:\/\/maismagazine.pt\/index.php\/2021\/10\/30\/rita-salgueiro-a-decoracao-tem-de-ser-para-todos\/#breadcrumb\",\"itemListElement\":[{\"@type\":\"ListItem\",\"position\":1,\"name\":\"Home\",\"item\":\"http:\/\/maismagazine.pt\/\"},{\"@type\":\"ListItem\",\"position\":2,\"name\":\"Rita Salgueiro: \u201cA decora\u00e7\u00e3o tem de ser para todos\u201d\"}]},{\"@type\":\"WebSite\",\"@id\":\"http:\/\/maismagazine.pt\/#website\",\"url\":\"http:\/\/maismagazine.pt\/\",\"name\":\"Mais Magazine\",\"description\":\"\",\"publisher\":{\"@id\":\"http:\/\/maismagazine.pt\/#organization\"},\"potentialAction\":[{\"@type\":\"SearchAction\",\"target\":{\"@type\":\"EntryPoint\",\"urlTemplate\":\"http:\/\/maismagazine.pt\/?s={search_term_string}\"},\"query-input\":{\"@type\":\"PropertyValueSpecification\",\"valueRequired\":true,\"valueName\":\"search_term_string\"}}],\"inLanguage\":\"pt-PT\"},{\"@type\":\"Organization\",\"@id\":\"http:\/\/maismagazine.pt\/#organization\",\"name\":\"Mais Magazine\",\"url\":\"http:\/\/maismagazine.pt\/\",\"logo\":{\"@type\":\"ImageObject\",\"inLanguage\":\"pt-PT\",\"@id\":\"http:\/\/maismagazine.pt\/#\/schema\/logo\/image\/\",\"url\":\"http:\/\/maismagazine.pt\/wp-content\/uploads\/2020\/04\/cropped-cropped-mais-magazine-site-logo-2.png\",\"contentUrl\":\"http:\/\/maismagazine.pt\/wp-content\/uploads\/2020\/04\/cropped-cropped-mais-magazine-site-logo-2.png\",\"width\":581,\"height\":90,\"caption\":\"Mais Magazine\"},\"image\":{\"@id\":\"http:\/\/maismagazine.pt\/#\/schema\/logo\/image\/\"}},{\"@type\":\"Person\",\"@id\":\"http:\/\/maismagazine.pt\/#\/schema\/person\/999bd426f894ff56d397ec12ebd21ebb\",\"name\":\"Jo\u00e3o Malainho\",\"image\":{\"@type\":\"ImageObject\",\"inLanguage\":\"pt-PT\",\"@id\":\"http:\/\/maismagazine.pt\/#\/schema\/person\/image\/\",\"url\":\"https:\/\/secure.gravatar.com\/avatar\/ff03c2f38edf60b2a827aa4f74878491?s=96&d=mm&r=g\",\"contentUrl\":\"https:\/\/secure.gravatar.com\/avatar\/ff03c2f38edf60b2a827aa4f74878491?s=96&d=mm&r=g\",\"caption\":\"Jo\u00e3o Malainho\"},\"url\":\"http:\/\/maismagazine.pt\/index.php\/author\/maismagazine\/\"}]}<\/script>\n<!-- \/ Yoast SEO plugin. -->","yoast_head_json":{"title":"Rita Salgueiro: \u201cA decora\u00e7\u00e3o tem de ser para todos\u201d - Mais Magazine","description":"Depois de trabalhar em v\u00e1rios ateliers com projeto e decora\u00e7\u00e3o de interiores, surgiu a oportunidade de caminhar sozinha e Rita Salgueiro estava pronta para dar esse passo. Come\u00e7ou por trabalhar apenas com a decora\u00e7\u00e3o e \u00e0 medida que foi ganhando confian\u00e7a aventurou-se nas obras de remodela\u00e7\u00e3o.","robots":{"index":"index","follow":"follow","max-snippet":"max-snippet:-1","max-image-preview":"max-image-preview:large","max-video-preview":"max-video-preview:-1"},"canonical":"http:\/\/maismagazine.pt\/index.php\/2021\/10\/30\/rita-salgueiro-a-decoracao-tem-de-ser-para-todos\/","og_locale":"pt_PT","og_type":"article","og_title":"Rita Salgueiro: \u201cA decora\u00e7\u00e3o tem de ser para todos\u201d - Mais Magazine","og_description":"Depois de trabalhar em v\u00e1rios ateliers com projeto e decora\u00e7\u00e3o de interiores, surgiu a oportunidade de caminhar sozinha e Rita Salgueiro estava pronta para dar esse passo. Come\u00e7ou por trabalhar apenas com a decora\u00e7\u00e3o e \u00e0 medida que foi ganhando confian\u00e7a aventurou-se nas obras de remodela\u00e7\u00e3o.","og_url":"http:\/\/maismagazine.pt\/index.php\/2021\/10\/30\/rita-salgueiro-a-decoracao-tem-de-ser-para-todos\/","og_site_name":"Mais Magazine","article_published_time":"2021-10-30T07:00:00+00:00","article_modified_time":"2021-11-03T17:45:43+00:00","og_image":[{"width":700,"height":900,"url":"http:\/\/maismagazine.pt\/wp-content\/uploads\/2021\/10\/okok.png","type":"image\/png"}],"author":"Jo\u00e3o Malainho","twitter_card":"summary_large_image","twitter_misc":{"Escrito por":false,"Tempo estimado de leitura":"5 minutos"},"schema":{"@context":"https:\/\/schema.org","@graph":[{"@type":"Article","@id":"http:\/\/maismagazine.pt\/index.php\/2021\/10\/30\/rita-salgueiro-a-decoracao-tem-de-ser-para-todos\/#article","isPartOf":{"@id":"http:\/\/maismagazine.pt\/index.php\/2021\/10\/30\/rita-salgueiro-a-decoracao-tem-de-ser-para-todos\/"},"author":{"name":"Jo\u00e3o Malainho","@id":"http:\/\/maismagazine.pt\/#\/schema\/person\/999bd426f894ff56d397ec12ebd21ebb"},"headline":"Rita Salgueiro: \u201cA decora\u00e7\u00e3o tem de ser para todos\u201d","datePublished":"2021-10-30T07:00:00+00:00","dateModified":"2021-11-03T17:45:43+00:00","mainEntityOfPage":{"@id":"http:\/\/maismagazine.pt\/index.php\/2021\/10\/30\/rita-salgueiro-a-decoracao-tem-de-ser-para-todos\/"},"wordCount":981,"commentCount":0,"publisher":{"@id":"http:\/\/maismagazine.pt\/#organization"},"image":{"@id":"http:\/\/maismagazine.pt\/index.php\/2021\/10\/30\/rita-salgueiro-a-decoracao-tem-de-ser-para-todos\/#primaryimage"},"thumbnailUrl":"http:\/\/maismagazine.pt\/wp-content\/uploads\/2021\/10\/okok.png","keywords":["Decora\u00e7\u00e3o de Interiores","Feng Shui"],"articleSection":["Decora\u00e7\u00e3o","Empreendedorismo"],"inLanguage":"pt-PT","potentialAction":[{"@type":"CommentAction","name":"Comment","target":["http:\/\/maismagazine.pt\/index.php\/2021\/10\/30\/rita-salgueiro-a-decoracao-tem-de-ser-para-todos\/#respond"]}]},{"@type":"WebPage","@id":"http:\/\/maismagazine.pt\/index.php\/2021\/10\/30\/rita-salgueiro-a-decoracao-tem-de-ser-para-todos\/","url":"http:\/\/maismagazine.pt\/index.php\/2021\/10\/30\/rita-salgueiro-a-decoracao-tem-de-ser-para-todos\/","name":"Rita Salgueiro: \u201cA decora\u00e7\u00e3o tem de ser para todos\u201d - Mais Magazine","isPartOf":{"@id":"http:\/\/maismagazine.pt\/#website"},"primaryImageOfPage":{"@id":"http:\/\/maismagazine.pt\/index.php\/2021\/10\/30\/rita-salgueiro-a-decoracao-tem-de-ser-para-todos\/#primaryimage"},"image":{"@id":"http:\/\/maismagazine.pt\/index.php\/2021\/10\/30\/rita-salgueiro-a-decoracao-tem-de-ser-para-todos\/#primaryimage"},"thumbnailUrl":"http:\/\/maismagazine.pt\/wp-content\/uploads\/2021\/10\/okok.png","datePublished":"2021-10-30T07:00:00+00:00","dateModified":"2021-11-03T17:45:43+00:00","description":"Depois de trabalhar em v\u00e1rios ateliers com projeto e decora\u00e7\u00e3o de interiores, surgiu a oportunidade de caminhar sozinha e Rita Salgueiro estava pronta para dar esse passo. Come\u00e7ou por trabalhar apenas com a decora\u00e7\u00e3o e \u00e0 medida que foi ganhando confian\u00e7a aventurou-se nas obras de remodela\u00e7\u00e3o.","breadcrumb":{"@id":"http:\/\/maismagazine.pt\/index.php\/2021\/10\/30\/rita-salgueiro-a-decoracao-tem-de-ser-para-todos\/#breadcrumb"},"inLanguage":"pt-PT","potentialAction":[{"@type":"ReadAction","target":["http:\/\/maismagazine.pt\/index.php\/2021\/10\/30\/rita-salgueiro-a-decoracao-tem-de-ser-para-todos\/"]}]},{"@type":"ImageObject","inLanguage":"pt-PT","@id":"http:\/\/maismagazine.pt\/index.php\/2021\/10\/30\/rita-salgueiro-a-decoracao-tem-de-ser-para-todos\/#primaryimage","url":"http:\/\/maismagazine.pt\/wp-content\/uploads\/2021\/10\/okok.png","contentUrl":"http:\/\/maismagazine.pt\/wp-content\/uploads\/2021\/10\/okok.png","width":700,"height":900},{"@type":"BreadcrumbList","@id":"http:\/\/maismagazine.pt\/index.php\/2021\/10\/30\/rita-salgueiro-a-decoracao-tem-de-ser-para-todos\/#breadcrumb","itemListElement":[{"@type":"ListItem","position":1,"name":"Home","item":"http:\/\/maismagazine.pt\/"},{"@type":"ListItem","position":2,"name":"Rita Salgueiro: \u201cA decora\u00e7\u00e3o tem de ser para todos\u201d"}]},{"@type":"WebSite","@id":"http:\/\/maismagazine.pt\/#website","url":"http:\/\/maismagazine.pt\/","name":"Mais Magazine","description":"","publisher":{"@id":"http:\/\/maismagazine.pt\/#organization"},"potentialAction":[{"@type":"SearchAction","target":{"@type":"EntryPoint","urlTemplate":"http:\/\/maismagazine.pt\/?s={search_term_string}"},"query-input":{"@type":"PropertyValueSpecification","valueRequired":true,"valueName":"search_term_string"}}],"inLanguage":"pt-PT"},{"@type":"Organization","@id":"http:\/\/maismagazine.pt\/#organization","name":"Mais Magazine","url":"http:\/\/maismagazine.pt\/","logo":{"@type":"ImageObject","inLanguage":"pt-PT","@id":"http:\/\/maismagazine.pt\/#\/schema\/logo\/image\/","url":"http:\/\/maismagazine.pt\/wp-content\/uploads\/2020\/04\/cropped-cropped-mais-magazine-site-logo-2.png","contentUrl":"http:\/\/maismagazine.pt\/wp-content\/uploads\/2020\/04\/cropped-cropped-mais-magazine-site-logo-2.png","width":581,"height":90,"caption":"Mais Magazine"},"image":{"@id":"http:\/\/maismagazine.pt\/#\/schema\/logo\/image\/"}},{"@type":"Person","@id":"http:\/\/maismagazine.pt\/#\/schema\/person\/999bd426f894ff56d397ec12ebd21ebb","name":"Jo\u00e3o Malainho","image":{"@type":"ImageObject","inLanguage":"pt-PT","@id":"http:\/\/maismagazine.pt\/#\/schema\/person\/image\/","url":"https:\/\/secure.gravatar.com\/avatar\/ff03c2f38edf60b2a827aa4f74878491?s=96&d=mm&r=g","contentUrl":"https:\/\/secure.gravatar.com\/avatar\/ff03c2f38edf60b2a827aa4f74878491?s=96&d=mm&r=g","caption":"Jo\u00e3o Malainho"},"url":"http:\/\/maismagazine.pt\/index.php\/author\/maismagazine\/"}]}},"author_meta":{"display_name":false,"author_link":"http:\/\/maismagazine.pt\/index.php\/author\/maismagazine\/"},"featured_img":"http:\/\/maismagazine.pt\/wp-content\/uploads\/2021\/10\/okok-233x300.png","coauthors":[],"tax_additional":{"categories":{"linked":["<a href=\"http:\/\/maismagazine.pt\/index.php\/category\/empreendedorismo\/decoracao\/\" class=\"advgb-post-tax-term\">Decora\u00e7\u00e3o<\/a>","<a href=\"http:\/\/maismagazine.pt\/index.php\/category\/empreendedorismo\/\" class=\"advgb-post-tax-term\">Empreendedorismo<\/a>"],"unlinked":["<span class=\"advgb-post-tax-term\">Decora\u00e7\u00e3o<\/span>","<span class=\"advgb-post-tax-term\">Empreendedorismo<\/span>"]},"tags":{"linked":["<a href=\"http:\/\/maismagazine.pt\/index.php\/category\/empreendedorismo\/\" class=\"advgb-post-tax-term\">Decora\u00e7\u00e3o de Interiores<\/a>","<a href=\"http:\/\/maismagazine.pt\/index.php\/category\/empreendedorismo\/\" class=\"advgb-post-tax-term\">Feng Shui<\/a>"],"unlinked":["<span class=\"advgb-post-tax-term\">Decora\u00e7\u00e3o de Interiores<\/span>","<span class=\"advgb-post-tax-term\">Feng Shui<\/span>"]}},"comment_count":"0","relative_dates":{"created":"Posted 4 anos ago","modified":"Updated 4 anos ago"},"absolute_dates":{"created":"Posted on 30 de Outubro, 2021","modified":"Updated on 3 de Novembro, 2021"},"absolute_dates_time":{"created":"Posted on 30 de Outubro, 2021 7:00","modified":"Updated on 3 de Novembro, 2021 17:45"},"featured_img_caption":"","series_order":"","_links":{"self":[{"href":"http:\/\/maismagazine.pt\/index.php\/wp-json\/wp\/v2\/posts\/1372","targetHints":{"allow":["GET"]}}],"collection":[{"href":"http:\/\/maismagazine.pt\/index.php\/wp-json\/wp\/v2\/posts"}],"about":[{"href":"http:\/\/maismagazine.pt\/index.php\/wp-json\/wp\/v2\/types\/post"}],"author":[{"embeddable":true,"href":"http:\/\/maismagazine.pt\/index.php\/wp-json\/wp\/v2\/users\/7"}],"replies":[{"embeddable":true,"href":"http:\/\/maismagazine.pt\/index.php\/wp-json\/wp\/v2\/comments?post=1372"}],"version-history":[{"count":3,"href":"http:\/\/maismagazine.pt\/index.php\/wp-json\/wp\/v2\/posts\/1372\/revisions"}],"predecessor-version":[{"id":1550,"href":"http:\/\/maismagazine.pt\/index.php\/wp-json\/wp\/v2\/posts\/1372\/revisions\/1550"}],"wp:featuredmedia":[{"embeddable":true,"href":"http:\/\/maismagazine.pt\/index.php\/wp-json\/wp\/v2\/media\/1376"}],"wp:attachment":[{"href":"http:\/\/maismagazine.pt\/index.php\/wp-json\/wp\/v2\/media?parent=1372"}],"wp:term":[{"taxonomy":"category","embeddable":true,"href":"http:\/\/maismagazine.pt\/index.php\/wp-json\/wp\/v2\/categories?post=1372"},{"taxonomy":"post_tag","embeddable":true,"href":"http:\/\/maismagazine.pt\/index.php\/wp-json\/wp\/v2\/tags?post=1372"}],"curies":[{"name":"wp","href":"https:\/\/api.w.org\/{rel}","templated":true}]}}